{"id":9071,"date":"2025-07-06T20:18:15","date_gmt":"2025-07-06T17:18:15","guid":{"rendered":"https:\/\/memurunsesi.net\/?p=9071"},"modified":"2025-07-06T20:18:15","modified_gmt":"2025-07-06T17:18:15","slug":"kartalkayadaki-yangin-faciasinda-acili-aileler-ilk-durusmayi-bekliyor","status":"publish","type":"post","link":"https:\/\/memurunsesi.net\/index.php\/2025\/07\/06\/kartalkayadaki-yangin-faciasinda-acili-aileler-ilk-durusmayi-bekliyor\/","title":{"rendered":"Kartalkaya&#8217;daki yang\u0131n facias\u0131nda ac\u0131l\u0131 aileler ilk duru\u015fmay\u0131 bekliyor"},"content":{"rendered":"<p>  &#8211; &#8220;Emsal niteli\u011finde olmas\u0131n\u0131 bekliyoruz&#8221;<br \/>\nKartalkaya Grand Kartal Otel\u2019de 78 ki\u015finin \u00f6l\u00fcm\u00fcne neden olan yang\u0131n facias\u0131n\u0131n ilk duru\u015fmas\u0131 yar\u0131n Bolu 1.A\u011f\u0131r Ceza Mahkemesi taraf\u0131ndan g\u00f6r\u00fclecek. Ac\u0131l\u0131 aileler, adaletin yerini bulmas\u0131n\u0131 ve davadan emsal karar \u00e7\u0131kmas\u0131n\u0131 bekliyor.<br \/>\n  Bolu\u2019nun \u00f6nemli k\u0131\u015f turizm merkezlerinden Kartalkaya\u2019daki Grand Kartal Otel\u2019de 21 Ocak gecesi \u00e7\u0131kan yang\u0131nda 78 ki\u015finin hayat\u0131n\u0131 kaybetti. T\u00fcrkiye\u2019nin en b\u00fcy\u00fck yang\u0131n facialar\u0131ndan biri olarak tarihe ge\u00e7en facian\u0131n ard\u0131ndan ba\u015flat\u0131lan soru\u015fturma tamamland\u0131. Aradan ge\u00e7en 168 g\u00fcn\u00fcn ard\u0131ndan ilk duru\u015fma 7 Temmuz Pazartesi g\u00fcn\u00fc sabah saat 09.00\u2019da ba\u015flayacak. Yang\u0131nda 18 ya\u015f\u0131ndaki o\u011flu \u00d6m\u00fcr Kotan\u2019\u0131 kaybeden Zeynep Kotan da duru\u015fma i\u00e7in Bolu\u2019ya geldi. Dava \u00f6ncesi, faciada yak\u0131nlar\u0131n\u0131 kaybeden di\u011fer ailelerle bir araya gelen ac\u0131l\u0131 anne, \u0130hlas Haber Ajans\u0131\u2019na konu\u015ftu. <\/p>\n<p>  &#8220;Bu bizim normal ya\u015fant\u0131m\u0131z de\u011fil, olmayacak da bundan sonra&#8221;<br \/>\n  Davaya ili\u015fkin beklentilerini anlatan ac\u0131l\u0131 anne Zeynep Kotan, &#8220;Davaya ili\u015fkin beklentimiz, ba\u015f\u0131ndan beri bizim vurgulad\u0131\u011f\u0131m\u0131z bir \u015fey var. Yani bu bir facia de\u011fil, bir katliam diyoruz. Bu davada \u015fu anda san\u0131k olarak iddianamede belirtilen ki\u015filerin olas\u0131 kast su\u00e7lamas\u0131yla yarg\u0131lanmas\u0131 en b\u00fcy\u00fck beklentimiz \u015fu an i\u00e7in bu. Savc\u0131l\u0131k dosyas\u0131 iddianamede belirtildi\u011fi gibi \u015fu anda ikiye ayr\u0131lm\u0131\u015f durumda. Yani \u015fu an yarg\u0131lanacak san\u0131klar otel y\u00f6netim kurulu m\u00fcd\u00fcrleri, onlar\u0131n yard\u0131mc\u0131lar\u0131, belediyeden yetkililer, itfaiyeden ve il \u00f6zel idaresinden yetkililer. \u015eu anda bunlar yarg\u0131lanacak. \u0130kinci bir a\u015famada da kamu g\u00f6revlerinin yarg\u0131lanmas\u0131 ba\u015flanacak. Onlar i\u00e7in soru\u015fturma izinleri bekleniyor. \u015eimdi bu ilk a\u015famaday\u0131z. Bizim de beklentimiz iddianamede belirtildi\u011fi gibi san\u0131klar\u0131n olas\u0131 kastla yarg\u0131lanmas\u0131. \u015eu anda hepimiz ba\u015fka bir boyutta ya\u015f\u0131yoruz. Bu bizim normal ya\u015fant\u0131m\u0131z de\u011fil, olmayacak da bundan sonra&#8221; diye konu\u015ftu. <\/p>\n<p>  &#8220;Onlara olan adalet borcumuzu \u00f6deyebilmek ve geride kalanlar i\u00e7in de ba\u015fka canlar yanmas\u0131n istiyoruz&#8221;<br \/>\n  Kotan, &#8220;Ben o\u011flumu kaybettim ama \u015fu anda ben o kaybetti\u011fimiz 78 can\u0131m\u0131z\u0131 neredeyse tan\u0131yorum. Herkesi tan\u0131yor gibiyim ve hepsinin ac\u0131s\u0131n\u0131 da art\u0131k biz i\u00e7imizde hissediyoruz. Yani tek bir kayb\u0131m\u0131z i\u00e7in de\u011fil, asl\u0131nda 78 ile \u00e7arp\u0131n bunu, hepsi i\u00e7in \u00fcz\u00fcnt\u00fc i\u00e7erisindeyiz. \u00c7ok k\u00f6t\u00fc g\u00fcnler ya\u015f\u0131yoruz. Ya\u015famaya da devam edece\u011fiz. Tek beklentimiz onlara olan adalet borcumuzu \u00f6deyebilmek ve geride kalanlar i\u00e7in de ba\u015fka canlar yanmas\u0131n istiyoruz&#8221; dedi. <\/p>\n<p>  &#8220;Emsal niteli\u011finde olmas\u0131n\u0131 bekliyoruz&#8221;<br \/>\n  T\u00fcrkiye a\u00e7\u0131s\u0131ndan \u00e7ok \u00f6nemli bir dava oldu\u011funu s\u00f6yleyen \u00d6m\u00fcr Kotan\u2019\u0131n teyzesi Av. Elifnaz Nimet, &#8220;Ben teyzesiyim. Ayn\u0131 zamanda avukat olarak bu davada yer al\u0131yorum. Yani bu davada \u015fu anda 32 tane san\u0131\u011f\u0131n yarg\u0131lanmas\u0131 s\u00f6z konusu olacak. Tabii ki savc\u0131l\u0131k asl\u0131nda iddianamesinde do\u011fru bir \u015fekilde, olas\u0131 kasttan dolay\u0131 13 tane san\u0131\u011f\u0131n yarg\u0131lanmas\u0131n\u0131 talep etti. Biz de bu \u015fekilde olas\u0131 kasttan mahkemenin de bu \u015fekilde su\u00e7unun hukuki nitelendirmesini yapmas\u0131n\u0131 bekliyoruz. Bu \u00e7ok \u00f6nemli bir dava. Yani sadece burada bizim canlar\u0131m\u0131z a\u00e7\u0131s\u0131ndan de\u011fil, T\u00fcrkiye a\u00e7\u0131s\u0131ndan da \u00f6nemli bir dava. Burada g\u00fcvenli ya\u015fam hakk\u0131yla ilgili de bir sonu\u00e7 \u00e7\u0131kacak asl\u0131nda. Halk\u0131n tekrardan g\u00fcveninin tazelenmesi a\u00e7\u0131s\u0131ndan da \u00e7ok yak\u0131n olarak hepimizin takip edece\u011fi bir dava. Dolay\u0131s\u0131yla \u015feffaf, tarafs\u0131z, ba\u011f\u0131ms\u0131z bir yarg\u0131 s\u00fcrecini bekliyoruz. Ve bunun sonucunda da T\u00fcrkiye a\u00e7\u0131s\u0131ndan \u00e7ok \u00f6nemli bir karar\u0131n \u00e7\u0131kmas\u0131n\u0131, emsal niteli\u011finde olmas\u0131n\u0131 bekliyoruz&#8221; ifadelerini kulland\u0131. <\/p>\n<p>6.07.2025                           <\/p>\n","protected":false},"excerpt":{"rendered":"<p>&#8211; &#8220;Emsal niteli\u011finde olmas\u0131n\u0131 bekliyoruz&#8221; Kartalkaya Grand Kartal Otel\u2019de 78 ki\u015finin \u00f6l\u00fcm\u00fcne neden olan yang\u0131n facias\u0131n\u0131n ilk duru\u015fmas\u0131 yar\u0131n Bolu 1.A\u011f\u0131r Ceza Mahkemesi taraf\u0131ndan g\u00f6r\u00fclecek. Ac\u0131l\u0131 aileler, adaletin yerini bulmas\u0131n\u0131 ve davadan emsal karar \u00e7\u0131kmas\u0131n\u0131 bekliyor. Bolu\u2019nun \u00f6nemli k\u0131\u015f turizm merkezlerinden Kartalkaya\u2019daki Grand Kartal Otel\u2019de 21 Ocak gecesi \u00e7\u0131kan yang\u0131nda 78 ki\u015finin hayat\u0131n\u0131 kaybetti. T\u00fcrkiye\u2019nin [&hellip;]<\/p>\n","protected":false},"author":1,"featured_media":9072,"comment_status":"open","ping_status":"open","sticky":false,"template":"","format":"standard","meta":{"footnotes":""},"categories":[1],"tags":[],"class_list":["post-9071","post","type-post","status-publish","format-standard","has-post-thumbnail","hentry","category-genel"],"yoast_head":"<!-- This site is optimized with the Yoast SEO plugin v27.4 - https:\/\/yoast.com\/product\/yoast-seo-wordpress\/ -->\n<title>Kartalkaya&#039;daki yang\u0131n facias\u0131nda ac\u0131l\u0131 aileler ilk duru\u015fmay\u0131 bekliyor - Memurun Sesi<\/title>\n<meta name=\"robots\" content=\"index, follow, max-snippet:-1, max-image-preview:large, max-video-preview:-1\" \/>\n<link rel=\"canonical\" href=\"https:\/\/memurunsesi.net\/index.php\/2025\/07\/06\/kartalkayadaki-yangin-faciasinda-acili-aileler-ilk-durusmayi-bekliyor\/\" \/>\n<meta property=\"og:locale\" content=\"tr_TR\" \/>\n<meta property=\"og:type\" content=\"article\" \/>\n<meta property=\"og:title\" content=\"Kartalkaya&#039;daki yang\u0131n facias\u0131nda ac\u0131l\u0131 aileler ilk duru\u015fmay\u0131 bekliyor - Memurun Sesi\" \/>\n<meta property=\"og:description\" content=\"&#8211; &#8220;Emsal niteli\u011finde olmas\u0131n\u0131 bekliyoruz&#8221; Kartalkaya Grand Kartal Otel\u2019de 78 ki\u015finin \u00f6l\u00fcm\u00fcne neden olan yang\u0131n facias\u0131n\u0131n ilk duru\u015fmas\u0131 yar\u0131n Bolu 1.A\u011f\u0131r Ceza Mahkemesi taraf\u0131ndan g\u00f6r\u00fclecek. Ac\u0131l\u0131 aileler, adaletin yerini bulmas\u0131n\u0131 ve davadan emsal karar \u00e7\u0131kmas\u0131n\u0131 bekliyor. Bolu\u2019nun \u00f6nemli k\u0131\u015f turizm merkezlerinden Kartalkaya\u2019daki Grand Kartal Otel\u2019de 21 Ocak gecesi \u00e7\u0131kan yang\u0131nda 78 ki\u015finin hayat\u0131n\u0131 kaybetti. T\u00fcrkiye\u2019nin [&hellip;]\" \/>\n<meta property=\"og:url\" content=\"https:\/\/memurunsesi.net\/index.php\/2025\/07\/06\/kartalkayadaki-yangin-faciasinda-acili-aileler-ilk-durusmayi-bekliyor\/\" \/>\n<meta property=\"og:site_name\" content=\"Memurun Sesi\" \/>\n<meta property=\"article:publisher\" content=\"https:\/\/www.facebook.com\/unipersen\/?locale=tr_TR\" \/>\n<meta property=\"article:published_time\" content=\"2025-07-06T17:18:15+00:00\" \/>\n<meta property=\"og:image\" content=\"https:\/\/memurunsesi.net\/wp-content\/uploads\/2025\/07\/AW491625_01.jpg\" \/>\n\t<meta property=\"og:image:width\" content=\"1179\" \/>\n\t<meta property=\"og:image:height\" content=\"657\" \/>\n\t<meta property=\"og:image:type\" content=\"image\/jpeg\" \/>\n<meta name=\"author\" content=\"Memurun Sesi Haber Merkezi\" \/>\n<meta name=\"twitter:card\" content=\"summary_large_image\" \/>\n<meta name=\"twitter:creator\" content=\"@unipersen\" \/>\n<meta name=\"twitter:site\" content=\"@unipersen\" \/>\n<meta name=\"twitter:label1\" content=\"Yazan:\" \/>\n\t<meta name=\"twitter:data1\" content=\"Memurun Sesi Haber Merkezi\" \/>\n\t<meta name=\"twitter:label2\" content=\"Tahmini okuma s\u00fcresi\" \/>\n\t<meta name=\"twitter:data2\" content=\"1 dakika\" \/>\n<script type=\"application\/ld+json\" class=\"yoast-schema-graph\">{\"@context\":\"https:\\\/\\\/schema.org\",\"@graph\":[{\"@type\":\"Article\",\"@id\":\"https:\\\/\\\/memurunsesi.net\\\/index.php\\\/2025\\\/07\\\/06\\\/kartalkayadaki-yangin-faciasinda-acili-aileler-ilk-durusmayi-bekliyor\\\/#article\",\"isPartOf\":{\"@id\":\"https:\\\/\\\/memurunsesi.net\\\/index.php\\\/2025\\\/07\\\/06\\\/kartalkayadaki-yangin-faciasinda-acili-aileler-ilk-durusmayi-bekliyor\\\/\"},\"author\":{\"name\":\"Memurun Sesi Haber Merkezi\",\"@id\":\"https:\\\/\\\/memurunsesi.net\\\/#\\\/schema\\\/person\\\/f21c2d73b89f6ee1d80b0a1803e38587\"},\"headline\":\"Kartalkaya&#8217;daki yang\u0131n facias\u0131nda ac\u0131l\u0131 aileler ilk duru\u015fmay\u0131 bekliyor\",\"datePublished\":\"2025-07-06T17:18:15+00:00\",\"mainEntityOfPage\":{\"@id\":\"https:\\\/\\\/memurunsesi.net\\\/index.php\\\/2025\\\/07\\\/06\\\/kartalkayadaki-yangin-faciasinda-acili-aileler-ilk-durusmayi-bekliyor\\\/\"},\"wordCount\":657,\"commentCount\":0,\"publisher\":{\"@id\":\"https:\\\/\\\/memurunsesi.net\\\/#organization\"},\"image\":{\"@id\":\"https:\\\/\\\/memurunsesi.net\\\/index.php\\\/2025\\\/07\\\/06\\\/kartalkayadaki-yangin-faciasinda-acili-aileler-ilk-durusmayi-bekliyor\\\/#primaryimage\"},\"thumbnailUrl\":\"https:\\\/\\\/memurunsesi.net\\\/wp-content\\\/uploads\\\/2025\\\/07\\\/AW491625_01.jpg\",\"inLanguage\":\"tr\",\"potentialAction\":[{\"@type\":\"CommentAction\",\"name\":\"Comment\",\"target\":[\"https:\\\/\\\/memurunsesi.net\\\/index.php\\\/2025\\\/07\\\/06\\\/kartalkayadaki-yangin-faciasinda-acili-aileler-ilk-durusmayi-bekliyor\\\/#respond\"]}]},{\"@type\":\"WebPage\",\"@id\":\"https:\\\/\\\/memurunsesi.net\\\/index.php\\\/2025\\\/07\\\/06\\\/kartalkayadaki-yangin-faciasinda-acili-aileler-ilk-durusmayi-bekliyor\\\/\",\"url\":\"https:\\\/\\\/memurunsesi.net\\\/index.php\\\/2025\\\/07\\\/06\\\/kartalkayadaki-yangin-faciasinda-acili-aileler-ilk-durusmayi-bekliyor\\\/\",\"name\":\"Kartalkaya'daki yang\u0131n facias\u0131nda ac\u0131l\u0131 aileler ilk duru\u015fmay\u0131 bekliyor - Memurun Sesi\",\"isPartOf\":{\"@id\":\"https:\\\/\\\/memurunsesi.net\\\/#website\"},\"primaryImageOfPage\":{\"@id\":\"https:\\\/\\\/memurunsesi.net\\\/index.php\\\/2025\\\/07\\\/06\\\/kartalkayadaki-yangin-faciasinda-acili-aileler-ilk-durusmayi-bekliyor\\\/#primaryimage\"},\"image\":{\"@id\":\"https:\\\/\\\/memurunsesi.net\\\/index.php\\\/2025\\\/07\\\/06\\\/kartalkayadaki-yangin-faciasinda-acili-aileler-ilk-durusmayi-bekliyor\\\/#primaryimage\"},\"thumbnailUrl\":\"https:\\\/\\\/memurunsesi.net\\\/wp-content\\\/uploads\\\/2025\\\/07\\\/AW491625_01.jpg\",\"datePublished\":\"2025-07-06T17:18:15+00:00\",\"breadcrumb\":{\"@id\":\"https:\\\/\\\/memurunsesi.net\\\/index.php\\\/2025\\\/07\\\/06\\\/kartalkayadaki-yangin-faciasinda-acili-aileler-ilk-durusmayi-bekliyor\\\/#breadcrumb\"},\"inLanguage\":\"tr\",\"potentialAction\":[{\"@type\":\"ReadAction\",\"target\":[\"https:\\\/\\\/memurunsesi.net\\\/index.php\\\/2025\\\/07\\\/06\\\/kartalkayadaki-yangin-faciasinda-acili-aileler-ilk-durusmayi-bekliyor\\\/\"]}]},{\"@type\":\"ImageObject\",\"inLanguage\":\"tr\",\"@id\":\"https:\\\/\\\/memurunsesi.net\\\/index.php\\\/2025\\\/07\\\/06\\\/kartalkayadaki-yangin-faciasinda-acili-aileler-ilk-durusmayi-bekliyor\\\/#primaryimage\",\"url\":\"https:\\\/\\\/memurunsesi.net\\\/wp-content\\\/uploads\\\/2025\\\/07\\\/AW491625_01.jpg\",\"contentUrl\":\"https:\\\/\\\/memurunsesi.net\\\/wp-content\\\/uploads\\\/2025\\\/07\\\/AW491625_01.jpg\",\"width\":1179,\"height\":657,\"caption\":\"\u00d6M\u00dcR KOTAN VE ZEYNEP KOTAN (ENES \u00d6ZKAN\\\/BOLU-\u0130HA) Kartalkaya Grand Kartal Otel'de 78 ki\u015finin \u00f6l\u00fcm\u00fcne neden olan yang\u0131n facias\u0131n\u0131n ilk duru\u015fmas\u0131 yar\u0131n Bolu 1.A\u011f\u0131r Ceza Mahkemesi taraf\u0131ndan g\u00f6r\u00fclecek. Ac\u0131l\u0131 aileler, adaletin yerini bulmas\u0131n\u0131 ve davadan emsal karar \u00e7\u0131kmas\u0131n\u0131 bekliyor.\"},{\"@type\":\"BreadcrumbList\",\"@id\":\"https:\\\/\\\/memurunsesi.net\\\/index.php\\\/2025\\\/07\\\/06\\\/kartalkayadaki-yangin-faciasinda-acili-aileler-ilk-durusmayi-bekliyor\\\/#breadcrumb\",\"itemListElement\":[{\"@type\":\"ListItem\",\"position\":1,\"name\":\"Anasayfa\",\"item\":\"https:\\\/\\\/memurunsesi.net\\\/\"},{\"@type\":\"ListItem\",\"position\":2,\"name\":\"Kartalkaya&#8217;daki yang\u0131n facias\u0131nda ac\u0131l\u0131 aileler ilk duru\u015fmay\u0131 bekliyor\"}]},{\"@type\":\"WebSite\",\"@id\":\"https:\\\/\\\/memurunsesi.net\\\/#website\",\"url\":\"https:\\\/\\\/memurunsesi.net\\\/\",\"name\":\"Memurun Sesi\",\"description\":\"G\u00fcncel ve Do\u011fru Haber\",\"publisher\":{\"@id\":\"https:\\\/\\\/memurunsesi.net\\\/#organization\"},\"potentialAction\":[{\"@type\":\"SearchAction\",\"target\":{\"@type\":\"EntryPoint\",\"urlTemplate\":\"https:\\\/\\\/memurunsesi.net\\\/?s={search_term_string}\"},\"query-input\":{\"@type\":\"PropertyValueSpecification\",\"valueRequired\":true,\"valueName\":\"search_term_string\"}}],\"inLanguage\":\"tr\"},{\"@type\":\"Organization\",\"@id\":\"https:\\\/\\\/memurunsesi.net\\\/#organization\",\"name\":\"Memurun Sesi\",\"url\":\"https:\\\/\\\/memurunsesi.net\\\/\",\"logo\":{\"@type\":\"ImageObject\",\"inLanguage\":\"tr\",\"@id\":\"https:\\\/\\\/memurunsesi.net\\\/#\\\/schema\\\/logo\\\/image\\\/\",\"url\":\"https:\\\/\\\/memurunsesi.net\\\/wp-content\\\/uploads\\\/2025\\\/11\\\/cropped-MEMURUN-SESI.png\",\"contentUrl\":\"https:\\\/\\\/memurunsesi.net\\\/wp-content\\\/uploads\\\/2025\\\/11\\\/cropped-MEMURUN-SESI.png\",\"width\":238,\"height\":57,\"caption\":\"Memurun Sesi\"},\"image\":{\"@id\":\"https:\\\/\\\/memurunsesi.net\\\/#\\\/schema\\\/logo\\\/image\\\/\"},\"sameAs\":[\"https:\\\/\\\/www.facebook.com\\\/unipersen\\\/?locale=tr_TR\",\"https:\\\/\\\/x.com\\\/unipersen\"]},{\"@type\":\"Person\",\"@id\":\"https:\\\/\\\/memurunsesi.net\\\/#\\\/schema\\\/person\\\/f21c2d73b89f6ee1d80b0a1803e38587\",\"name\":\"Memurun Sesi Haber Merkezi\",\"image\":{\"@type\":\"ImageObject\",\"inLanguage\":\"tr\",\"@id\":\"https:\\\/\\\/secure.gravatar.com\\\/avatar\\\/6cf0505f452ee753f485014986fab09a434671d2b919ee76fc541025c5876a70?s=96&d=mm&r=g\",\"url\":\"https:\\\/\\\/secure.gravatar.com\\\/avatar\\\/6cf0505f452ee753f485014986fab09a434671d2b919ee76fc541025c5876a70?s=96&d=mm&r=g\",\"contentUrl\":\"https:\\\/\\\/secure.gravatar.com\\\/avatar\\\/6cf0505f452ee753f485014986fab09a434671d2b919ee76fc541025c5876a70?s=96&d=mm&r=g\",\"caption\":\"Memurun Sesi Haber Merkezi\"},\"sameAs\":[\"https:\\\/\\\/memurunsesi.net\"],\"url\":\"https:\\\/\\\/memurunsesi.net\\\/index.php\\\/author\\\/uniper\\\/\"}]}<\/script>\n<!-- \/ Yoast SEO plugin. -->","yoast_head_json":{"title":"Kartalkaya'daki yang\u0131n facias\u0131nda ac\u0131l\u0131 aileler ilk duru\u015fmay\u0131 bekliyor - Memurun Sesi","robots":{"index":"index","follow":"follow","max-snippet":"max-snippet:-1","max-image-preview":"max-image-preview:large","max-video-preview":"max-video-preview:-1"},"canonical":"https:\/\/memurunsesi.net\/index.php\/2025\/07\/06\/kartalkayadaki-yangin-faciasinda-acili-aileler-ilk-durusmayi-bekliyor\/","og_locale":"tr_TR","og_type":"article","og_title":"Kartalkaya'daki yang\u0131n facias\u0131nda ac\u0131l\u0131 aileler ilk duru\u015fmay\u0131 bekliyor - Memurun Sesi","og_description":"&#8211; &#8220;Emsal niteli\u011finde olmas\u0131n\u0131 bekliyoruz&#8221; Kartalkaya Grand Kartal Otel\u2019de 78 ki\u015finin \u00f6l\u00fcm\u00fcne neden olan yang\u0131n facias\u0131n\u0131n ilk duru\u015fmas\u0131 yar\u0131n Bolu 1.A\u011f\u0131r Ceza Mahkemesi taraf\u0131ndan g\u00f6r\u00fclecek. Ac\u0131l\u0131 aileler, adaletin yerini bulmas\u0131n\u0131 ve davadan emsal karar \u00e7\u0131kmas\u0131n\u0131 bekliyor. Bolu\u2019nun \u00f6nemli k\u0131\u015f turizm merkezlerinden Kartalkaya\u2019daki Grand Kartal Otel\u2019de 21 Ocak gecesi \u00e7\u0131kan yang\u0131nda 78 ki\u015finin hayat\u0131n\u0131 kaybetti. T\u00fcrkiye\u2019nin [&hellip;]","og_url":"https:\/\/memurunsesi.net\/index.php\/2025\/07\/06\/kartalkayadaki-yangin-faciasinda-acili-aileler-ilk-durusmayi-bekliyor\/","og_site_name":"Memurun Sesi","article_publisher":"https:\/\/www.facebook.com\/unipersen\/?locale=tr_TR","article_published_time":"2025-07-06T17:18:15+00:00","og_image":[{"width":1179,"height":657,"url":"https:\/\/memurunsesi.net\/wp-content\/uploads\/2025\/07\/AW491625_01.jpg","type":"image\/jpeg"}],"author":"Memurun Sesi Haber Merkezi","twitter_card":"summary_large_image","twitter_creator":"@unipersen","twitter_site":"@unipersen","twitter_misc":{"Yazan:":"Memurun Sesi Haber Merkezi","Tahmini okuma s\u00fcresi":"1 dakika"},"schema":{"@context":"https:\/\/schema.org","@graph":[{"@type":"Article","@id":"https:\/\/memurunsesi.net\/index.php\/2025\/07\/06\/kartalkayadaki-yangin-faciasinda-acili-aileler-ilk-durusmayi-bekliyor\/#article","isPartOf":{"@id":"https:\/\/memurunsesi.net\/index.php\/2025\/07\/06\/kartalkayadaki-yangin-faciasinda-acili-aileler-ilk-durusmayi-bekliyor\/"},"author":{"name":"Memurun Sesi Haber Merkezi","@id":"https:\/\/memurunsesi.net\/#\/schema\/person\/f21c2d73b89f6ee1d80b0a1803e38587"},"headline":"Kartalkaya&#8217;daki yang\u0131n facias\u0131nda ac\u0131l\u0131 aileler ilk duru\u015fmay\u0131 bekliyor","datePublished":"2025-07-06T17:18:15+00:00","mainEntityOfPage":{"@id":"https:\/\/memurunsesi.net\/index.php\/2025\/07\/06\/kartalkayadaki-yangin-faciasinda-acili-aileler-ilk-durusmayi-bekliyor\/"},"wordCount":657,"commentCount":0,"publisher":{"@id":"https:\/\/memurunsesi.net\/#organization"},"image":{"@id":"https:\/\/memurunsesi.net\/index.php\/2025\/07\/06\/kartalkayadaki-yangin-faciasinda-acili-aileler-ilk-durusmayi-bekliyor\/#primaryimage"},"thumbnailUrl":"https:\/\/memurunsesi.net\/wp-content\/uploads\/2025\/07\/AW491625_01.jpg","inLanguage":"tr","potentialAction":[{"@type":"CommentAction","name":"Comment","target":["https:\/\/memurunsesi.net\/index.php\/2025\/07\/06\/kartalkayadaki-yangin-faciasinda-acili-aileler-ilk-durusmayi-bekliyor\/#respond"]}]},{"@type":"WebPage","@id":"https:\/\/memurunsesi.net\/index.php\/2025\/07\/06\/kartalkayadaki-yangin-faciasinda-acili-aileler-ilk-durusmayi-bekliyor\/","url":"https:\/\/memurunsesi.net\/index.php\/2025\/07\/06\/kartalkayadaki-yangin-faciasinda-acili-aileler-ilk-durusmayi-bekliyor\/","name":"Kartalkaya'daki yang\u0131n facias\u0131nda ac\u0131l\u0131 aileler ilk duru\u015fmay\u0131 bekliyor - Memurun Sesi","isPartOf":{"@id":"https:\/\/memurunsesi.net\/#website"},"primaryImageOfPage":{"@id":"https:\/\/memurunsesi.net\/index.php\/2025\/07\/06\/kartalkayadaki-yangin-faciasinda-acili-aileler-ilk-durusmayi-bekliyor\/#primaryimage"},"image":{"@id":"https:\/\/memurunsesi.net\/index.php\/2025\/07\/06\/kartalkayadaki-yangin-faciasinda-acili-aileler-ilk-durusmayi-bekliyor\/#primaryimage"},"thumbnailUrl":"https:\/\/memurunsesi.net\/wp-content\/uploads\/2025\/07\/AW491625_01.jpg","datePublished":"2025-07-06T17:18:15+00:00","breadcrumb":{"@id":"https:\/\/memurunsesi.net\/index.php\/2025\/07\/06\/kartalkayadaki-yangin-faciasinda-acili-aileler-ilk-durusmayi-bekliyor\/#breadcrumb"},"inLanguage":"tr","potentialAction":[{"@type":"ReadAction","target":["https:\/\/memurunsesi.net\/index.php\/2025\/07\/06\/kartalkayadaki-yangin-faciasinda-acili-aileler-ilk-durusmayi-bekliyor\/"]}]},{"@type":"ImageObject","inLanguage":"tr","@id":"https:\/\/memurunsesi.net\/index.php\/2025\/07\/06\/kartalkayadaki-yangin-faciasinda-acili-aileler-ilk-durusmayi-bekliyor\/#primaryimage","url":"https:\/\/memurunsesi.net\/wp-content\/uploads\/2025\/07\/AW491625_01.jpg","contentUrl":"https:\/\/memurunsesi.net\/wp-content\/uploads\/2025\/07\/AW491625_01.jpg","width":1179,"height":657,"caption":"\u00d6M\u00dcR KOTAN VE ZEYNEP KOTAN (ENES \u00d6ZKAN\/BOLU-\u0130HA) Kartalkaya Grand Kartal Otel'de 78 ki\u015finin \u00f6l\u00fcm\u00fcne neden olan yang\u0131n facias\u0131n\u0131n ilk duru\u015fmas\u0131 yar\u0131n Bolu 1.A\u011f\u0131r Ceza Mahkemesi taraf\u0131ndan g\u00f6r\u00fclecek. Ac\u0131l\u0131 aileler, adaletin yerini bulmas\u0131n\u0131 ve davadan emsal karar \u00e7\u0131kmas\u0131n\u0131 bekliyor."},{"@type":"BreadcrumbList","@id":"https:\/\/memurunsesi.net\/index.php\/2025\/07\/06\/kartalkayadaki-yangin-faciasinda-acili-aileler-ilk-durusmayi-bekliyor\/#breadcrumb","itemListElement":[{"@type":"ListItem","position":1,"name":"Anasayfa","item":"https:\/\/memurunsesi.net\/"},{"@type":"ListItem","position":2,"name":"Kartalkaya&#8217;daki yang\u0131n facias\u0131nda ac\u0131l\u0131 aileler ilk duru\u015fmay\u0131 bekliyor"}]},{"@type":"WebSite","@id":"https:\/\/memurunsesi.net\/#website","url":"https:\/\/memurunsesi.net\/","name":"Memurun Sesi","description":"G\u00fcncel ve Do\u011fru Haber","publisher":{"@id":"https:\/\/memurunsesi.net\/#organization"},"potentialAction":[{"@type":"SearchAction","target":{"@type":"EntryPoint","urlTemplate":"https:\/\/memurunsesi.net\/?s={search_term_string}"},"query-input":{"@type":"PropertyValueSpecification","valueRequired":true,"valueName":"search_term_string"}}],"inLanguage":"tr"},{"@type":"Organization","@id":"https:\/\/memurunsesi.net\/#organization","name":"Memurun Sesi","url":"https:\/\/memurunsesi.net\/","logo":{"@type":"ImageObject","inLanguage":"tr","@id":"https:\/\/memurunsesi.net\/#\/schema\/logo\/image\/","url":"https:\/\/memurunsesi.net\/wp-content\/uploads\/2025\/11\/cropped-MEMURUN-SESI.png","contentUrl":"https:\/\/memurunsesi.net\/wp-content\/uploads\/2025\/11\/cropped-MEMURUN-SESI.png","width":238,"height":57,"caption":"Memurun Sesi"},"image":{"@id":"https:\/\/memurunsesi.net\/#\/schema\/logo\/image\/"},"sameAs":["https:\/\/www.facebook.com\/unipersen\/?locale=tr_TR","https:\/\/x.com\/unipersen"]},{"@type":"Person","@id":"https:\/\/memurunsesi.net\/#\/schema\/person\/f21c2d73b89f6ee1d80b0a1803e38587","name":"Memurun Sesi Haber Merkezi","image":{"@type":"ImageObject","inLanguage":"tr","@id":"https:\/\/secure.gravatar.com\/avatar\/6cf0505f452ee753f485014986fab09a434671d2b919ee76fc541025c5876a70?s=96&d=mm&r=g","url":"https:\/\/secure.gravatar.com\/avatar\/6cf0505f452ee753f485014986fab09a434671d2b919ee76fc541025c5876a70?s=96&d=mm&r=g","contentUrl":"https:\/\/secure.gravatar.com\/avatar\/6cf0505f452ee753f485014986fab09a434671d2b919ee76fc541025c5876a70?s=96&d=mm&r=g","caption":"Memurun Sesi Haber Merkezi"},"sameAs":["https:\/\/memurunsesi.net"],"url":"https:\/\/memurunsesi.net\/index.php\/author\/uniper\/"}]}},"_links":{"self":[{"href":"https:\/\/memurunsesi.net\/index.php\/wp-json\/wp\/v2\/posts\/9071","targetHints":{"allow":["GET"]}}],"collection":[{"href":"https:\/\/memurunsesi.net\/index.php\/wp-json\/wp\/v2\/posts"}],"about":[{"href":"https:\/\/memurunsesi.net\/index.php\/wp-json\/wp\/v2\/types\/post"}],"author":[{"embeddable":true,"href":"https:\/\/memurunsesi.net\/index.php\/wp-json\/wp\/v2\/users\/1"}],"replies":[{"embeddable":true,"href":"https:\/\/memurunsesi.net\/index.php\/wp-json\/wp\/v2\/comments?post=9071"}],"version-history":[{"count":1,"href":"https:\/\/memurunsesi.net\/index.php\/wp-json\/wp\/v2\/posts\/9071\/revisions"}],"predecessor-version":[{"id":9073,"href":"https:\/\/memurunsesi.net\/index.php\/wp-json\/wp\/v2\/posts\/9071\/revisions\/9073"}],"wp:featuredmedia":[{"embeddable":true,"href":"https:\/\/memurunsesi.net\/index.php\/wp-json\/wp\/v2\/media\/9072"}],"wp:attachment":[{"href":"https:\/\/memurunsesi.net\/index.php\/wp-json\/wp\/v2\/media?parent=9071"}],"wp:term":[{"taxonomy":"category","embeddable":true,"href":"https:\/\/memurunsesi.net\/index.php\/wp-json\/wp\/v2\/categories?post=9071"},{"taxonomy":"post_tag","embeddable":true,"href":"https:\/\/memurunsesi.net\/index.php\/wp-json\/wp\/v2\/tags?post=9071"}],"curies":[{"name":"wp","href":"https:\/\/api.w.org\/{rel}","templated":true}]}}