{"id":9080,"date":"2025-07-06T20:27:56","date_gmt":"2025-07-06T17:27:56","guid":{"rendered":"https:\/\/memurunsesi.net\/?p=9080"},"modified":"2025-07-06T20:27:56","modified_gmt":"2025-07-06T17:27:56","slug":"msb-acikladi-metan-gazindan-zehirlenen-5-asker-sehit-oldu","status":"publish","type":"post","link":"https:\/\/memurunsesi.net\/index.php\/2025\/07\/06\/msb-acikladi-metan-gazindan-zehirlenen-5-asker-sehit-oldu\/","title":{"rendered":"MSB a\u00e7\u0131klad\u0131: Metan gaz\u0131ndan zehirlenen 5 asker \u015fehit oldu"},"content":{"rendered":"<p> Milli Savunma Bakanl\u0131\u011f\u0131 (MSB), Pen\u00e7e-Kilit Harekat b\u00f6lgesinde bulunan bir ma\u011farada arama-tarama faaliyeti s\u0131ras\u0131nda 19 personelin metan gaz\u0131na maruz kald\u0131\u011f\u0131n\u0131, yap\u0131lan t\u00fcm m\u00fcdahalelere ra\u011fmen 5 askerin \u015fehit oldu\u011funu a\u00e7\u0131klad\u0131.<br \/>\n  Milli Savunma Bakanl\u0131\u011f\u0131ndan yap\u0131lan a\u00e7\u0131klamada, &#8220;Pen\u00e7e-Kilit Harekat\u0131 kapsam\u0131nda 28 May\u0131s 2022 tarihinde icra edilen ma\u011fara arama-temizleme faaliyeti s\u0131ras\u0131nda, ter\u00f6ristlerin a\u00e7t\u0131\u011f\u0131 ate\u015f sonucu Piyade \u00dcste\u011fmen Nuri Melih Bozkurt \u015fehit olmu\u015f, yo\u011fun ate\u015f nedeniyle naa\u015f\u0131na ula\u015f\u0131lamam\u0131\u015ft\u0131r. B\u00f6lge kontrol alt\u0131na al\u0131nm\u0131\u015f, ter\u00f6ristler etkisiz hale getirilmi\u015f ancak t\u00fcm aramalara ra\u011fmen \u015fehidimizin naa\u015f\u0131na hen\u00fcz ula\u015f\u0131lamam\u0131\u015ft\u0131r. Arama \u00e7al\u0131\u015fmalar\u0131nda, naa\u015f\u0131n bulunabilece\u011fi t\u00fcm alanlar \u00f6zel te\u015fkil edilen ekiplerce titizlikle taranmaktad\u0131r.<br \/>\n  Devam eden arama faaliyetleri kapsam\u0131nda; Pen\u00e7e-Kilit Harekat b\u00f6lgesinde bulunan, \u00f6nceden hastane maksad\u0131yla kullan\u0131ld\u0131\u011f\u0131 bilinen, ter\u00f6ristlerden temizlenmi\u015f olan 852 rak\u0131ml\u0131 tepedeki bir ma\u011farada 6 Temmuz tarihinde yap\u0131lan arama-tarama faaliyeti s\u0131ras\u0131nda 19 personelimiz metan gaz\u0131na maruz kalm\u0131\u015f, derhal hastaneye sevk edilmi\u015f; yap\u0131lan t\u00fcm m\u00fcdahalelere ra\u011fmen 5 kahraman personelimiz \u015fehit olmu\u015ftur. B\u00f6lgede kurtarma faaliyetleri tam te\u00e7hizatl\u0131 AFAD ve TSK ekiplerinin koordineli \u00e7al\u0131\u015fmalar\u0131yla devam etmektedir. Bizleri derin bir ac\u0131 ve \u00fcz\u00fcnt\u00fcye bo\u011fan bu elim olayda hayat\u0131n\u0131 kaybeden aziz \u015fehitlerimize Allah\u2019tan rahmet, kederli ailelerine, T\u00fcrk Silahl\u0131 Kuvvetlerimize ve asil milletimize ba\u015fsa\u011fl\u0131\u011f\u0131 ve sab\u0131r; etkilenen personelimize acil \u015fifalar dileriz&#8221; denildi. <\/p>\n<p>6.07.2025                                   <\/p>\n","protected":false},"excerpt":{"rendered":"<p>Milli Savunma Bakanl\u0131\u011f\u0131 (MSB), Pen\u00e7e-Kilit Harekat b\u00f6lgesinde bulunan bir ma\u011farada arama-tarama faaliyeti s\u0131ras\u0131nda 19 personelin metan gaz\u0131na maruz kald\u0131\u011f\u0131n\u0131, yap\u0131lan t\u00fcm m\u00fcdahalelere ra\u011fmen 5 askerin \u015fehit oldu\u011funu a\u00e7\u0131klad\u0131. Milli Savunma Bakanl\u0131\u011f\u0131ndan yap\u0131lan a\u00e7\u0131klamada, &#8220;Pen\u00e7e-Kilit Harekat\u0131 kapsam\u0131nda 28 May\u0131s 2022 tarihinde icra edilen ma\u011fara arama-temizleme faaliyeti s\u0131ras\u0131nda, ter\u00f6ristlerin a\u00e7t\u0131\u011f\u0131 ate\u015f sonucu Piyade \u00dcste\u011fmen Nuri Melih Bozkurt [&hellip;]<\/p>\n","protected":false},"author":1,"featured_media":9081,"comment_status":"open","ping_status":"open","sticky":false,"template":"","format":"standard","meta":{"footnotes":""},"categories":[1],"tags":[],"class_list":["post-9080","post","type-post","status-publish","format-standard","has-post-thumbnail","hentry","category-genel"],"yoast_head":"<!-- This site is optimized with the Yoast SEO plugin v27.4 - https:\/\/yoast.com\/product\/yoast-seo-wordpress\/ -->\n<title>MSB a\u00e7\u0131klad\u0131: Metan gaz\u0131ndan zehirlenen 5 asker \u015fehit oldu - Memurun Sesi<\/title>\n<meta name=\"robots\" content=\"index, follow, max-snippet:-1, max-image-preview:large, max-video-preview:-1\" \/>\n<link rel=\"canonical\" href=\"https:\/\/memurunsesi.net\/index.php\/2025\/07\/06\/msb-acikladi-metan-gazindan-zehirlenen-5-asker-sehit-oldu\/\" \/>\n<meta property=\"og:locale\" content=\"tr_TR\" \/>\n<meta property=\"og:type\" content=\"article\" \/>\n<meta property=\"og:title\" content=\"MSB a\u00e7\u0131klad\u0131: Metan gaz\u0131ndan zehirlenen 5 asker \u015fehit oldu - Memurun Sesi\" \/>\n<meta property=\"og:description\" content=\"Milli Savunma Bakanl\u0131\u011f\u0131 (MSB), Pen\u00e7e-Kilit Harekat b\u00f6lgesinde bulunan bir ma\u011farada arama-tarama faaliyeti s\u0131ras\u0131nda 19 personelin metan gaz\u0131na maruz kald\u0131\u011f\u0131n\u0131, yap\u0131lan t\u00fcm m\u00fcdahalelere ra\u011fmen 5 askerin \u015fehit oldu\u011funu a\u00e7\u0131klad\u0131. Milli Savunma Bakanl\u0131\u011f\u0131ndan yap\u0131lan a\u00e7\u0131klamada, &#8220;Pen\u00e7e-Kilit Harekat\u0131 kapsam\u0131nda 28 May\u0131s 2022 tarihinde icra edilen ma\u011fara arama-temizleme faaliyeti s\u0131ras\u0131nda, ter\u00f6ristlerin a\u00e7t\u0131\u011f\u0131 ate\u015f sonucu Piyade \u00dcste\u011fmen Nuri Melih Bozkurt [&hellip;]\" \/>\n<meta property=\"og:url\" content=\"https:\/\/memurunsesi.net\/index.php\/2025\/07\/06\/msb-acikladi-metan-gazindan-zehirlenen-5-asker-sehit-oldu\/\" \/>\n<meta property=\"og:site_name\" content=\"Memurun Sesi\" \/>\n<meta property=\"article:publisher\" content=\"https:\/\/www.facebook.com\/unipersen\/?locale=tr_TR\" \/>\n<meta property=\"article:published_time\" content=\"2025-07-06T17:27:56+00:00\" \/>\n<meta property=\"og:image\" content=\"https:\/\/memurunsesi.net\/wp-content\/uploads\/2025\/07\/28.58_1a431305.jpg\" \/>\n\t<meta property=\"og:image:width\" content=\"1220\" \/>\n\t<meta property=\"og:image:height\" content=\"925\" \/>\n\t<meta property=\"og:image:type\" content=\"image\/jpeg\" \/>\n<meta name=\"author\" content=\"Memurun Sesi Haber Merkezi\" \/>\n<meta name=\"twitter:card\" content=\"summary_large_image\" \/>\n<meta name=\"twitter:creator\" content=\"@unipersen\" \/>\n<meta name=\"twitter:site\" content=\"@unipersen\" \/>\n<meta name=\"twitter:label1\" content=\"Yazan:\" \/>\n\t<meta name=\"twitter:data1\" content=\"Memurun Sesi Haber Merkezi\" \/>\n\t<meta name=\"twitter:label2\" content=\"Tahmini okuma s\u00fcresi\" \/>\n\t<meta name=\"twitter:data2\" content=\"1 dakika\" \/>\n<script type=\"application\/ld+json\" class=\"yoast-schema-graph\">{\"@context\":\"https:\\\/\\\/schema.org\",\"@graph\":[{\"@type\":\"Article\",\"@id\":\"https:\\\/\\\/memurunsesi.net\\\/index.php\\\/2025\\\/07\\\/06\\\/msb-acikladi-metan-gazindan-zehirlenen-5-asker-sehit-oldu\\\/#article\",\"isPartOf\":{\"@id\":\"https:\\\/\\\/memurunsesi.net\\\/index.php\\\/2025\\\/07\\\/06\\\/msb-acikladi-metan-gazindan-zehirlenen-5-asker-sehit-oldu\\\/\"},\"author\":{\"name\":\"Memurun Sesi Haber Merkezi\",\"@id\":\"https:\\\/\\\/memurunsesi.net\\\/#\\\/schema\\\/person\\\/f21c2d73b89f6ee1d80b0a1803e38587\"},\"headline\":\"MSB a\u00e7\u0131klad\u0131: Metan gaz\u0131ndan zehirlenen 5 asker \u015fehit oldu\",\"datePublished\":\"2025-07-06T17:27:56+00:00\",\"mainEntityOfPage\":{\"@id\":\"https:\\\/\\\/memurunsesi.net\\\/index.php\\\/2025\\\/07\\\/06\\\/msb-acikladi-metan-gazindan-zehirlenen-5-asker-sehit-oldu\\\/\"},\"wordCount\":264,\"commentCount\":0,\"publisher\":{\"@id\":\"https:\\\/\\\/memurunsesi.net\\\/#organization\"},\"image\":{\"@id\":\"https:\\\/\\\/memurunsesi.net\\\/index.php\\\/2025\\\/07\\\/06\\\/msb-acikladi-metan-gazindan-zehirlenen-5-asker-sehit-oldu\\\/#primaryimage\"},\"thumbnailUrl\":\"https:\\\/\\\/memurunsesi.net\\\/wp-content\\\/uploads\\\/2025\\\/07\\\/28.58_1a431305.jpg\",\"inLanguage\":\"tr\",\"potentialAction\":[{\"@type\":\"CommentAction\",\"name\":\"Comment\",\"target\":[\"https:\\\/\\\/memurunsesi.net\\\/index.php\\\/2025\\\/07\\\/06\\\/msb-acikladi-metan-gazindan-zehirlenen-5-asker-sehit-oldu\\\/#respond\"]}]},{\"@type\":\"WebPage\",\"@id\":\"https:\\\/\\\/memurunsesi.net\\\/index.php\\\/2025\\\/07\\\/06\\\/msb-acikladi-metan-gazindan-zehirlenen-5-asker-sehit-oldu\\\/\",\"url\":\"https:\\\/\\\/memurunsesi.net\\\/index.php\\\/2025\\\/07\\\/06\\\/msb-acikladi-metan-gazindan-zehirlenen-5-asker-sehit-oldu\\\/\",\"name\":\"MSB a\u00e7\u0131klad\u0131: Metan gaz\u0131ndan zehirlenen 5 asker \u015fehit oldu - Memurun Sesi\",\"isPartOf\":{\"@id\":\"https:\\\/\\\/memurunsesi.net\\\/#website\"},\"primaryImageOfPage\":{\"@id\":\"https:\\\/\\\/memurunsesi.net\\\/index.php\\\/2025\\\/07\\\/06\\\/msb-acikladi-metan-gazindan-zehirlenen-5-asker-sehit-oldu\\\/#primaryimage\"},\"image\":{\"@id\":\"https:\\\/\\\/memurunsesi.net\\\/index.php\\\/2025\\\/07\\\/06\\\/msb-acikladi-metan-gazindan-zehirlenen-5-asker-sehit-oldu\\\/#primaryimage\"},\"thumbnailUrl\":\"https:\\\/\\\/memurunsesi.net\\\/wp-content\\\/uploads\\\/2025\\\/07\\\/28.58_1a431305.jpg\",\"datePublished\":\"2025-07-06T17:27:56+00:00\",\"breadcrumb\":{\"@id\":\"https:\\\/\\\/memurunsesi.net\\\/index.php\\\/2025\\\/07\\\/06\\\/msb-acikladi-metan-gazindan-zehirlenen-5-asker-sehit-oldu\\\/#breadcrumb\"},\"inLanguage\":\"tr\",\"potentialAction\":[{\"@type\":\"ReadAction\",\"target\":[\"https:\\\/\\\/memurunsesi.net\\\/index.php\\\/2025\\\/07\\\/06\\\/msb-acikladi-metan-gazindan-zehirlenen-5-asker-sehit-oldu\\\/\"]}]},{\"@type\":\"ImageObject\",\"inLanguage\":\"tr\",\"@id\":\"https:\\\/\\\/memurunsesi.net\\\/index.php\\\/2025\\\/07\\\/06\\\/msb-acikladi-metan-gazindan-zehirlenen-5-asker-sehit-oldu\\\/#primaryimage\",\"url\":\"https:\\\/\\\/memurunsesi.net\\\/wp-content\\\/uploads\\\/2025\\\/07\\\/28.58_1a431305.jpg\",\"contentUrl\":\"https:\\\/\\\/memurunsesi.net\\\/wp-content\\\/uploads\\\/2025\\\/07\\\/28.58_1a431305.jpg\",\"width\":1220,\"height\":925},{\"@type\":\"BreadcrumbList\",\"@id\":\"https:\\\/\\\/memurunsesi.net\\\/index.php\\\/2025\\\/07\\\/06\\\/msb-acikladi-metan-gazindan-zehirlenen-5-asker-sehit-oldu\\\/#breadcrumb\",\"itemListElement\":[{\"@type\":\"ListItem\",\"position\":1,\"name\":\"Anasayfa\",\"item\":\"https:\\\/\\\/memurunsesi.net\\\/\"},{\"@type\":\"ListItem\",\"position\":2,\"name\":\"MSB a\u00e7\u0131klad\u0131: Metan gaz\u0131ndan zehirlenen 5 asker \u015fehit oldu\"}]},{\"@type\":\"WebSite\",\"@id\":\"https:\\\/\\\/memurunsesi.net\\\/#website\",\"url\":\"https:\\\/\\\/memurunsesi.net\\\/\",\"name\":\"Memurun Sesi\",\"description\":\"G\u00fcncel ve Do\u011fru Haber\",\"publisher\":{\"@id\":\"https:\\\/\\\/memurunsesi.net\\\/#organization\"},\"potentialAction\":[{\"@type\":\"SearchAction\",\"target\":{\"@type\":\"EntryPoint\",\"urlTemplate\":\"https:\\\/\\\/memurunsesi.net\\\/?s={search_term_string}\"},\"query-input\":{\"@type\":\"PropertyValueSpecification\",\"valueRequired\":true,\"valueName\":\"search_term_string\"}}],\"inLanguage\":\"tr\"},{\"@type\":\"Organization\",\"@id\":\"https:\\\/\\\/memurunsesi.net\\\/#organization\",\"name\":\"Memurun Sesi\",\"url\":\"https:\\\/\\\/memurunsesi.net\\\/\",\"logo\":{\"@type\":\"ImageObject\",\"inLanguage\":\"tr\",\"@id\":\"https:\\\/\\\/memurunsesi.net\\\/#\\\/schema\\\/logo\\\/image\\\/\",\"url\":\"https:\\\/\\\/memurunsesi.net\\\/wp-content\\\/uploads\\\/2025\\\/11\\\/cropped-MEMURUN-SESI.png\",\"contentUrl\":\"https:\\\/\\\/memurunsesi.net\\\/wp-content\\\/uploads\\\/2025\\\/11\\\/cropped-MEMURUN-SESI.png\",\"width\":238,\"height\":57,\"caption\":\"Memurun Sesi\"},\"image\":{\"@id\":\"https:\\\/\\\/memurunsesi.net\\\/#\\\/schema\\\/logo\\\/image\\\/\"},\"sameAs\":[\"https:\\\/\\\/www.facebook.com\\\/unipersen\\\/?locale=tr_TR\",\"https:\\\/\\\/x.com\\\/unipersen\"]},{\"@type\":\"Person\",\"@id\":\"https:\\\/\\\/memurunsesi.net\\\/#\\\/schema\\\/person\\\/f21c2d73b89f6ee1d80b0a1803e38587\",\"name\":\"Memurun Sesi Haber Merkezi\",\"image\":{\"@type\":\"ImageObject\",\"inLanguage\":\"tr\",\"@id\":\"https:\\\/\\\/secure.gravatar.com\\\/avatar\\\/6cf0505f452ee753f485014986fab09a434671d2b919ee76fc541025c5876a70?s=96&d=mm&r=g\",\"url\":\"https:\\\/\\\/secure.gravatar.com\\\/avatar\\\/6cf0505f452ee753f485014986fab09a434671d2b919ee76fc541025c5876a70?s=96&d=mm&r=g\",\"contentUrl\":\"https:\\\/\\\/secure.gravatar.com\\\/avatar\\\/6cf0505f452ee753f485014986fab09a434671d2b919ee76fc541025c5876a70?s=96&d=mm&r=g\",\"caption\":\"Memurun Sesi Haber Merkezi\"},\"sameAs\":[\"https:\\\/\\\/memurunsesi.net\"],\"url\":\"https:\\\/\\\/memurunsesi.net\\\/index.php\\\/author\\\/uniper\\\/\"}]}<\/script>\n<!-- \/ Yoast SEO plugin. -->","yoast_head_json":{"title":"MSB a\u00e7\u0131klad\u0131: Metan gaz\u0131ndan zehirlenen 5 asker \u015fehit oldu - Memurun Sesi","robots":{"index":"index","follow":"follow","max-snippet":"max-snippet:-1","max-image-preview":"max-image-preview:large","max-video-preview":"max-video-preview:-1"},"canonical":"https:\/\/memurunsesi.net\/index.php\/2025\/07\/06\/msb-acikladi-metan-gazindan-zehirlenen-5-asker-sehit-oldu\/","og_locale":"tr_TR","og_type":"article","og_title":"MSB a\u00e7\u0131klad\u0131: Metan gaz\u0131ndan zehirlenen 5 asker \u015fehit oldu - Memurun Sesi","og_description":"Milli Savunma Bakanl\u0131\u011f\u0131 (MSB), Pen\u00e7e-Kilit Harekat b\u00f6lgesinde bulunan bir ma\u011farada arama-tarama faaliyeti s\u0131ras\u0131nda 19 personelin metan gaz\u0131na maruz kald\u0131\u011f\u0131n\u0131, yap\u0131lan t\u00fcm m\u00fcdahalelere ra\u011fmen 5 askerin \u015fehit oldu\u011funu a\u00e7\u0131klad\u0131. Milli Savunma Bakanl\u0131\u011f\u0131ndan yap\u0131lan a\u00e7\u0131klamada, &#8220;Pen\u00e7e-Kilit Harekat\u0131 kapsam\u0131nda 28 May\u0131s 2022 tarihinde icra edilen ma\u011fara arama-temizleme faaliyeti s\u0131ras\u0131nda, ter\u00f6ristlerin a\u00e7t\u0131\u011f\u0131 ate\u015f sonucu Piyade \u00dcste\u011fmen Nuri Melih Bozkurt [&hellip;]","og_url":"https:\/\/memurunsesi.net\/index.php\/2025\/07\/06\/msb-acikladi-metan-gazindan-zehirlenen-5-asker-sehit-oldu\/","og_site_name":"Memurun Sesi","article_publisher":"https:\/\/www.facebook.com\/unipersen\/?locale=tr_TR","article_published_time":"2025-07-06T17:27:56+00:00","og_image":[{"width":1220,"height":925,"url":"https:\/\/memurunsesi.net\/wp-content\/uploads\/2025\/07\/28.58_1a431305.jpg","type":"image\/jpeg"}],"author":"Memurun Sesi Haber Merkezi","twitter_card":"summary_large_image","twitter_creator":"@unipersen","twitter_site":"@unipersen","twitter_misc":{"Yazan:":"Memurun Sesi Haber Merkezi","Tahmini okuma s\u00fcresi":"1 dakika"},"schema":{"@context":"https:\/\/schema.org","@graph":[{"@type":"Article","@id":"https:\/\/memurunsesi.net\/index.php\/2025\/07\/06\/msb-acikladi-metan-gazindan-zehirlenen-5-asker-sehit-oldu\/#article","isPartOf":{"@id":"https:\/\/memurunsesi.net\/index.php\/2025\/07\/06\/msb-acikladi-metan-gazindan-zehirlenen-5-asker-sehit-oldu\/"},"author":{"name":"Memurun Sesi Haber Merkezi","@id":"https:\/\/memurunsesi.net\/#\/schema\/person\/f21c2d73b89f6ee1d80b0a1803e38587"},"headline":"MSB a\u00e7\u0131klad\u0131: Metan gaz\u0131ndan zehirlenen 5 asker \u015fehit oldu","datePublished":"2025-07-06T17:27:56+00:00","mainEntityOfPage":{"@id":"https:\/\/memurunsesi.net\/index.php\/2025\/07\/06\/msb-acikladi-metan-gazindan-zehirlenen-5-asker-sehit-oldu\/"},"wordCount":264,"commentCount":0,"publisher":{"@id":"https:\/\/memurunsesi.net\/#organization"},"image":{"@id":"https:\/\/memurunsesi.net\/index.php\/2025\/07\/06\/msb-acikladi-metan-gazindan-zehirlenen-5-asker-sehit-oldu\/#primaryimage"},"thumbnailUrl":"https:\/\/memurunsesi.net\/wp-content\/uploads\/2025\/07\/28.58_1a431305.jpg","inLanguage":"tr","potentialAction":[{"@type":"CommentAction","name":"Comment","target":["https:\/\/memurunsesi.net\/index.php\/2025\/07\/06\/msb-acikladi-metan-gazindan-zehirlenen-5-asker-sehit-oldu\/#respond"]}]},{"@type":"WebPage","@id":"https:\/\/memurunsesi.net\/index.php\/2025\/07\/06\/msb-acikladi-metan-gazindan-zehirlenen-5-asker-sehit-oldu\/","url":"https:\/\/memurunsesi.net\/index.php\/2025\/07\/06\/msb-acikladi-metan-gazindan-zehirlenen-5-asker-sehit-oldu\/","name":"MSB a\u00e7\u0131klad\u0131: Metan gaz\u0131ndan zehirlenen 5 asker \u015fehit oldu - Memurun Sesi","isPartOf":{"@id":"https:\/\/memurunsesi.net\/#website"},"primaryImageOfPage":{"@id":"https:\/\/memurunsesi.net\/index.php\/2025\/07\/06\/msb-acikladi-metan-gazindan-zehirlenen-5-asker-sehit-oldu\/#primaryimage"},"image":{"@id":"https:\/\/memurunsesi.net\/index.php\/2025\/07\/06\/msb-acikladi-metan-gazindan-zehirlenen-5-asker-sehit-oldu\/#primaryimage"},"thumbnailUrl":"https:\/\/memurunsesi.net\/wp-content\/uploads\/2025\/07\/28.58_1a431305.jpg","datePublished":"2025-07-06T17:27:56+00:00","breadcrumb":{"@id":"https:\/\/memurunsesi.net\/index.php\/2025\/07\/06\/msb-acikladi-metan-gazindan-zehirlenen-5-asker-sehit-oldu\/#breadcrumb"},"inLanguage":"tr","potentialAction":[{"@type":"ReadAction","target":["https:\/\/memurunsesi.net\/index.php\/2025\/07\/06\/msb-acikladi-metan-gazindan-zehirlenen-5-asker-sehit-oldu\/"]}]},{"@type":"ImageObject","inLanguage":"tr","@id":"https:\/\/memurunsesi.net\/index.php\/2025\/07\/06\/msb-acikladi-metan-gazindan-zehirlenen-5-asker-sehit-oldu\/#primaryimage","url":"https:\/\/memurunsesi.net\/wp-content\/uploads\/2025\/07\/28.58_1a431305.jpg","contentUrl":"https:\/\/memurunsesi.net\/wp-content\/uploads\/2025\/07\/28.58_1a431305.jpg","width":1220,"height":925},{"@type":"BreadcrumbList","@id":"https:\/\/memurunsesi.net\/index.php\/2025\/07\/06\/msb-acikladi-metan-gazindan-zehirlenen-5-asker-sehit-oldu\/#breadcrumb","itemListElement":[{"@type":"ListItem","position":1,"name":"Anasayfa","item":"https:\/\/memurunsesi.net\/"},{"@type":"ListItem","position":2,"name":"MSB a\u00e7\u0131klad\u0131: Metan gaz\u0131ndan zehirlenen 5 asker \u015fehit oldu"}]},{"@type":"WebSite","@id":"https:\/\/memurunsesi.net\/#website","url":"https:\/\/memurunsesi.net\/","name":"Memurun Sesi","description":"G\u00fcncel ve Do\u011fru Haber","publisher":{"@id":"https:\/\/memurunsesi.net\/#organization"},"potentialAction":[{"@type":"SearchAction","target":{"@type":"EntryPoint","urlTemplate":"https:\/\/memurunsesi.net\/?s={search_term_string}"},"query-input":{"@type":"PropertyValueSpecification","valueRequired":true,"valueName":"search_term_string"}}],"inLanguage":"tr"},{"@type":"Organization","@id":"https:\/\/memurunsesi.net\/#organization","name":"Memurun Sesi","url":"https:\/\/memurunsesi.net\/","logo":{"@type":"ImageObject","inLanguage":"tr","@id":"https:\/\/memurunsesi.net\/#\/schema\/logo\/image\/","url":"https:\/\/memurunsesi.net\/wp-content\/uploads\/2025\/11\/cropped-MEMURUN-SESI.png","contentUrl":"https:\/\/memurunsesi.net\/wp-content\/uploads\/2025\/11\/cropped-MEMURUN-SESI.png","width":238,"height":57,"caption":"Memurun Sesi"},"image":{"@id":"https:\/\/memurunsesi.net\/#\/schema\/logo\/image\/"},"sameAs":["https:\/\/www.facebook.com\/unipersen\/?locale=tr_TR","https:\/\/x.com\/unipersen"]},{"@type":"Person","@id":"https:\/\/memurunsesi.net\/#\/schema\/person\/f21c2d73b89f6ee1d80b0a1803e38587","name":"Memurun Sesi Haber Merkezi","image":{"@type":"ImageObject","inLanguage":"tr","@id":"https:\/\/secure.gravatar.com\/avatar\/6cf0505f452ee753f485014986fab09a434671d2b919ee76fc541025c5876a70?s=96&d=mm&r=g","url":"https:\/\/secure.gravatar.com\/avatar\/6cf0505f452ee753f485014986fab09a434671d2b919ee76fc541025c5876a70?s=96&d=mm&r=g","contentUrl":"https:\/\/secure.gravatar.com\/avatar\/6cf0505f452ee753f485014986fab09a434671d2b919ee76fc541025c5876a70?s=96&d=mm&r=g","caption":"Memurun Sesi Haber Merkezi"},"sameAs":["https:\/\/memurunsesi.net"],"url":"https:\/\/memurunsesi.net\/index.php\/author\/uniper\/"}]}},"_links":{"self":[{"href":"https:\/\/memurunsesi.net\/index.php\/wp-json\/wp\/v2\/posts\/9080","targetHints":{"allow":["GET"]}}],"collection":[{"href":"https:\/\/memurunsesi.net\/index.php\/wp-json\/wp\/v2\/posts"}],"about":[{"href":"https:\/\/memurunsesi.net\/index.php\/wp-json\/wp\/v2\/types\/post"}],"author":[{"embeddable":true,"href":"https:\/\/memurunsesi.net\/index.php\/wp-json\/wp\/v2\/users\/1"}],"replies":[{"embeddable":true,"href":"https:\/\/memurunsesi.net\/index.php\/wp-json\/wp\/v2\/comments?post=9080"}],"version-history":[{"count":1,"href":"https:\/\/memurunsesi.net\/index.php\/wp-json\/wp\/v2\/posts\/9080\/revisions"}],"predecessor-version":[{"id":9082,"href":"https:\/\/memurunsesi.net\/index.php\/wp-json\/wp\/v2\/posts\/9080\/revisions\/9082"}],"wp:featuredmedia":[{"embeddable":true,"href":"https:\/\/memurunsesi.net\/index.php\/wp-json\/wp\/v2\/media\/9081"}],"wp:attachment":[{"href":"https:\/\/memurunsesi.net\/index.php\/wp-json\/wp\/v2\/media?parent=9080"}],"wp:term":[{"taxonomy":"category","embeddable":true,"href":"https:\/\/memurunsesi.net\/index.php\/wp-json\/wp\/v2\/categories?post=9080"},{"taxonomy":"post_tag","embeddable":true,"href":"https:\/\/memurunsesi.net\/index.php\/wp-json\/wp\/v2\/tags?post=9080"}],"curies":[{"name":"wp","href":"https:\/\/api.w.org\/{rel}","templated":true}]}}