{"id":9083,"date":"2025-07-06T20:29:29","date_gmt":"2025-07-06T17:29:29","guid":{"rendered":"https:\/\/memurunsesi.net\/?p=9083"},"modified":"2025-07-06T20:29:29","modified_gmt":"2025-07-06T17:29:29","slug":"ankarada-iki-arac-kafa-kafaya-carpisti-1-olu-4-yarali","status":"publish","type":"post","link":"https:\/\/memurunsesi.net\/index.php\/2025\/07\/06\/ankarada-iki-arac-kafa-kafaya-carpisti-1-olu-4-yarali\/","title":{"rendered":"Ankara&#8217;da iki ara\u00e7 kafa kafaya \u00e7arp\u0131\u015ft\u0131: 1 \u00f6l\u00fc, 4 yaral\u0131"},"content":{"rendered":"<p>  Ankara&#8217;n\u0131n Polatl\u0131 il\u00e7esinde meydana gelen trafik kazas\u0131nda iki ara\u00e7 kafa kafaya \u00e7arp\u0131\u015ft\u0131. Kazada 2 \u00e7ocuk annesi kad\u0131n hayat\u0131n\u0131 kaybederken, 2&#8217;si a\u011f\u0131r 4 ki\u015fi yaraland\u0131.<br \/>\n  Kaza, Polatl\u0131 il\u00e7esine ba\u011fl\u0131 Babayakup Mahallesi\u2019nde meydana geldi. Edinilen bilgiye g\u00f6re, s\u00fcr\u00fcc\u00fcs\u00fc hen\u00fcz belirlenemeyen 37 ABA 264 plakal\u0131 ara\u00e7 ile Babayakup istikametine seyir halindeki 06 EEN 12 plakal\u0131 otomobil kafa kafaya \u00e7arp\u0131\u015ft\u0131. \u00c7evredeki vatanda\u015flar\u0131n ihbar\u0131 \u00fczerine b\u00f6lgeye \u00e7ok say\u0131da jandarma ve sa\u011fl\u0131k ekibi sevk edildi. Kazada 2 \u00e7ocuk annesi Semiye \u00c7ar\u0131k\u00e7\u0131 (32) hayat\u0131n\u0131 kaybederken, yaralanan 2\u2019si a\u011f\u0131r 4 ki\u015fi sa\u011fl\u0131k ekipleri taraf\u0131ndan hastaneye kald\u0131r\u0131ld\u0131.<br \/>\n  Kazayla ilgili inceleme ba\u015flat\u0131l\u0131rken, Semiye \u00c7ar\u0131k\u00e7\u0131&#8217;n\u0131n cenazesi otopsi i\u00e7in morga kald\u0131r\u0131ld\u0131. <\/p>\n<p>6.07.2025                                  <\/p>\n","protected":false},"excerpt":{"rendered":"<p>Ankara&#8217;n\u0131n Polatl\u0131 il\u00e7esinde meydana gelen trafik kazas\u0131nda iki ara\u00e7 kafa kafaya \u00e7arp\u0131\u015ft\u0131. Kazada 2 \u00e7ocuk annesi kad\u0131n hayat\u0131n\u0131 kaybederken, 2&#8217;si a\u011f\u0131r 4 ki\u015fi yaraland\u0131. Kaza, Polatl\u0131 il\u00e7esine ba\u011fl\u0131 Babayakup Mahallesi\u2019nde meydana geldi. Edinilen bilgiye g\u00f6re, s\u00fcr\u00fcc\u00fcs\u00fc hen\u00fcz belirlenemeyen 37 ABA 264 plakal\u0131 ara\u00e7 ile Babayakup istikametine seyir halindeki 06 EEN 12 plakal\u0131 otomobil kafa kafaya [&hellip;]<\/p>\n","protected":false},"author":1,"featured_media":9084,"comment_status":"open","ping_status":"open","sticky":false,"template":"","format":"standard","meta":{"footnotes":""},"categories":[1],"tags":[],"class_list":["post-9083","post","type-post","status-publish","format-standard","has-post-thumbnail","hentry","category-genel"],"yoast_head":"<!-- This site is optimized with the Yoast SEO plugin v27.4 - https:\/\/yoast.com\/product\/yoast-seo-wordpress\/ -->\n<title>Ankara&#039;da iki ara\u00e7 kafa kafaya \u00e7arp\u0131\u015ft\u0131: 1 \u00f6l\u00fc, 4 yaral\u0131 - Memurun Sesi<\/title>\n<meta name=\"robots\" content=\"index, follow, max-snippet:-1, max-image-preview:large, max-video-preview:-1\" \/>\n<link rel=\"canonical\" href=\"https:\/\/memurunsesi.net\/index.php\/2025\/07\/06\/ankarada-iki-arac-kafa-kafaya-carpisti-1-olu-4-yarali\/\" \/>\n<meta property=\"og:locale\" content=\"tr_TR\" \/>\n<meta property=\"og:type\" content=\"article\" \/>\n<meta property=\"og:title\" content=\"Ankara&#039;da iki ara\u00e7 kafa kafaya \u00e7arp\u0131\u015ft\u0131: 1 \u00f6l\u00fc, 4 yaral\u0131 - Memurun Sesi\" \/>\n<meta property=\"og:description\" content=\"Ankara&#8217;n\u0131n Polatl\u0131 il\u00e7esinde meydana gelen trafik kazas\u0131nda iki ara\u00e7 kafa kafaya \u00e7arp\u0131\u015ft\u0131. Kazada 2 \u00e7ocuk annesi kad\u0131n hayat\u0131n\u0131 kaybederken, 2&#8217;si a\u011f\u0131r 4 ki\u015fi yaraland\u0131. Kaza, Polatl\u0131 il\u00e7esine ba\u011fl\u0131 Babayakup Mahallesi\u2019nde meydana geldi. Edinilen bilgiye g\u00f6re, s\u00fcr\u00fcc\u00fcs\u00fc hen\u00fcz belirlenemeyen 37 ABA 264 plakal\u0131 ara\u00e7 ile Babayakup istikametine seyir halindeki 06 EEN 12 plakal\u0131 otomobil kafa kafaya [&hellip;]\" \/>\n<meta property=\"og:url\" content=\"https:\/\/memurunsesi.net\/index.php\/2025\/07\/06\/ankarada-iki-arac-kafa-kafaya-carpisti-1-olu-4-yarali\/\" \/>\n<meta property=\"og:site_name\" content=\"Memurun Sesi\" \/>\n<meta property=\"article:publisher\" content=\"https:\/\/www.facebook.com\/unipersen\/?locale=tr_TR\" \/>\n<meta property=\"article:published_time\" content=\"2025-07-06T17:29:29+00:00\" \/>\n<meta property=\"og:image\" content=\"https:\/\/memurunsesi.net\/wp-content\/uploads\/2025\/07\/AW491604_01.jpg\" \/>\n\t<meta property=\"og:image:width\" content=\"1600\" \/>\n\t<meta property=\"og:image:height\" content=\"1200\" \/>\n\t<meta property=\"og:image:type\" content=\"image\/jpeg\" \/>\n<meta name=\"author\" content=\"Memurun Sesi Haber Merkezi\" \/>\n<meta name=\"twitter:card\" content=\"summary_large_image\" \/>\n<meta name=\"twitter:creator\" content=\"@unipersen\" \/>\n<meta name=\"twitter:site\" content=\"@unipersen\" \/>\n<meta name=\"twitter:label1\" content=\"Yazan:\" \/>\n\t<meta name=\"twitter:data1\" content=\"Memurun Sesi Haber Merkezi\" \/>\n\t<meta name=\"twitter:label2\" content=\"Tahmini okuma s\u00fcresi\" \/>\n\t<meta name=\"twitter:data2\" content=\"1 dakika\" \/>\n<script type=\"application\/ld+json\" class=\"yoast-schema-graph\">{\"@context\":\"https:\\\/\\\/schema.org\",\"@graph\":[{\"@type\":\"Article\",\"@id\":\"https:\\\/\\\/memurunsesi.net\\\/index.php\\\/2025\\\/07\\\/06\\\/ankarada-iki-arac-kafa-kafaya-carpisti-1-olu-4-yarali\\\/#article\",\"isPartOf\":{\"@id\":\"https:\\\/\\\/memurunsesi.net\\\/index.php\\\/2025\\\/07\\\/06\\\/ankarada-iki-arac-kafa-kafaya-carpisti-1-olu-4-yarali\\\/\"},\"author\":{\"name\":\"Memurun Sesi Haber Merkezi\",\"@id\":\"https:\\\/\\\/memurunsesi.net\\\/#\\\/schema\\\/person\\\/f21c2d73b89f6ee1d80b0a1803e38587\"},\"headline\":\"Ankara&#8217;da iki ara\u00e7 kafa kafaya \u00e7arp\u0131\u015ft\u0131: 1 \u00f6l\u00fc, 4 yaral\u0131\",\"datePublished\":\"2025-07-06T17:29:29+00:00\",\"mainEntityOfPage\":{\"@id\":\"https:\\\/\\\/memurunsesi.net\\\/index.php\\\/2025\\\/07\\\/06\\\/ankarada-iki-arac-kafa-kafaya-carpisti-1-olu-4-yarali\\\/\"},\"wordCount\":142,\"commentCount\":0,\"publisher\":{\"@id\":\"https:\\\/\\\/memurunsesi.net\\\/#organization\"},\"image\":{\"@id\":\"https:\\\/\\\/memurunsesi.net\\\/index.php\\\/2025\\\/07\\\/06\\\/ankarada-iki-arac-kafa-kafaya-carpisti-1-olu-4-yarali\\\/#primaryimage\"},\"thumbnailUrl\":\"https:\\\/\\\/memurunsesi.net\\\/wp-content\\\/uploads\\\/2025\\\/07\\\/AW491604_01.jpg\",\"inLanguage\":\"tr\",\"potentialAction\":[{\"@type\":\"CommentAction\",\"name\":\"Comment\",\"target\":[\"https:\\\/\\\/memurunsesi.net\\\/index.php\\\/2025\\\/07\\\/06\\\/ankarada-iki-arac-kafa-kafaya-carpisti-1-olu-4-yarali\\\/#respond\"]}]},{\"@type\":\"WebPage\",\"@id\":\"https:\\\/\\\/memurunsesi.net\\\/index.php\\\/2025\\\/07\\\/06\\\/ankarada-iki-arac-kafa-kafaya-carpisti-1-olu-4-yarali\\\/\",\"url\":\"https:\\\/\\\/memurunsesi.net\\\/index.php\\\/2025\\\/07\\\/06\\\/ankarada-iki-arac-kafa-kafaya-carpisti-1-olu-4-yarali\\\/\",\"name\":\"Ankara'da iki ara\u00e7 kafa kafaya \u00e7arp\u0131\u015ft\u0131: 1 \u00f6l\u00fc, 4 yaral\u0131 - Memurun Sesi\",\"isPartOf\":{\"@id\":\"https:\\\/\\\/memurunsesi.net\\\/#website\"},\"primaryImageOfPage\":{\"@id\":\"https:\\\/\\\/memurunsesi.net\\\/index.php\\\/2025\\\/07\\\/06\\\/ankarada-iki-arac-kafa-kafaya-carpisti-1-olu-4-yarali\\\/#primaryimage\"},\"image\":{\"@id\":\"https:\\\/\\\/memurunsesi.net\\\/index.php\\\/2025\\\/07\\\/06\\\/ankarada-iki-arac-kafa-kafaya-carpisti-1-olu-4-yarali\\\/#primaryimage\"},\"thumbnailUrl\":\"https:\\\/\\\/memurunsesi.net\\\/wp-content\\\/uploads\\\/2025\\\/07\\\/AW491604_01.jpg\",\"datePublished\":\"2025-07-06T17:29:29+00:00\",\"breadcrumb\":{\"@id\":\"https:\\\/\\\/memurunsesi.net\\\/index.php\\\/2025\\\/07\\\/06\\\/ankarada-iki-arac-kafa-kafaya-carpisti-1-olu-4-yarali\\\/#breadcrumb\"},\"inLanguage\":\"tr\",\"potentialAction\":[{\"@type\":\"ReadAction\",\"target\":[\"https:\\\/\\\/memurunsesi.net\\\/index.php\\\/2025\\\/07\\\/06\\\/ankarada-iki-arac-kafa-kafaya-carpisti-1-olu-4-yarali\\\/\"]}]},{\"@type\":\"ImageObject\",\"inLanguage\":\"tr\",\"@id\":\"https:\\\/\\\/memurunsesi.net\\\/index.php\\\/2025\\\/07\\\/06\\\/ankarada-iki-arac-kafa-kafaya-carpisti-1-olu-4-yarali\\\/#primaryimage\",\"url\":\"https:\\\/\\\/memurunsesi.net\\\/wp-content\\\/uploads\\\/2025\\\/07\\\/AW491604_01.jpg\",\"contentUrl\":\"https:\\\/\\\/memurunsesi.net\\\/wp-content\\\/uploads\\\/2025\\\/07\\\/AW491604_01.jpg\",\"width\":1600,\"height\":1200,\"caption\":\"ANKARA'NIN POLATLI \u0130L\u00c7ES\u0130NDE MEYDANA GELEN TRAF\u0130K KAZASINDA 2 ARA\u00c7 KAFA KAFAYA \u00c7ARPI\u015eTI. KAZADA 2 \u00c7OCUK ANNES\u0130 B\u0130R KADIN HAYATINI KAYBEDERKEN 2'S\u0130 A\u011eIR 4 K\u0130\u015e\u0130 YARALANDI. (B\u0130LLUR \u00c7ET\u0130NKAYA\\\/ANKARA-\u0130HA) Ankara'n\u0131n Polatl\u0131 il\u00e7esinde meydana gelen trafik kazas\u0131nda iki ara\u00e7 kafa kafaya \u00e7arp\u0131\u015ft\u0131. Kazada 2 \u00e7ocuk annesi kad\u0131n hayat\u0131n\u0131 kaybederken, 2'si a\u011f\u0131r 4 ki\u015fi yaraland\u0131.\"},{\"@type\":\"BreadcrumbList\",\"@id\":\"https:\\\/\\\/memurunsesi.net\\\/index.php\\\/2025\\\/07\\\/06\\\/ankarada-iki-arac-kafa-kafaya-carpisti-1-olu-4-yarali\\\/#breadcrumb\",\"itemListElement\":[{\"@type\":\"ListItem\",\"position\":1,\"name\":\"Anasayfa\",\"item\":\"https:\\\/\\\/memurunsesi.net\\\/\"},{\"@type\":\"ListItem\",\"position\":2,\"name\":\"Ankara&#8217;da iki ara\u00e7 kafa kafaya \u00e7arp\u0131\u015ft\u0131: 1 \u00f6l\u00fc, 4 yaral\u0131\"}]},{\"@type\":\"WebSite\",\"@id\":\"https:\\\/\\\/memurunsesi.net\\\/#website\",\"url\":\"https:\\\/\\\/memurunsesi.net\\\/\",\"name\":\"Memurun Sesi\",\"description\":\"G\u00fcncel ve Do\u011fru Haber\",\"publisher\":{\"@id\":\"https:\\\/\\\/memurunsesi.net\\\/#organization\"},\"potentialAction\":[{\"@type\":\"SearchAction\",\"target\":{\"@type\":\"EntryPoint\",\"urlTemplate\":\"https:\\\/\\\/memurunsesi.net\\\/?s={search_term_string}\"},\"query-input\":{\"@type\":\"PropertyValueSpecification\",\"valueRequired\":true,\"valueName\":\"search_term_string\"}}],\"inLanguage\":\"tr\"},{\"@type\":\"Organization\",\"@id\":\"https:\\\/\\\/memurunsesi.net\\\/#organization\",\"name\":\"Memurun Sesi\",\"url\":\"https:\\\/\\\/memurunsesi.net\\\/\",\"logo\":{\"@type\":\"ImageObject\",\"inLanguage\":\"tr\",\"@id\":\"https:\\\/\\\/memurunsesi.net\\\/#\\\/schema\\\/logo\\\/image\\\/\",\"url\":\"https:\\\/\\\/memurunsesi.net\\\/wp-content\\\/uploads\\\/2025\\\/11\\\/cropped-MEMURUN-SESI.png\",\"contentUrl\":\"https:\\\/\\\/memurunsesi.net\\\/wp-content\\\/uploads\\\/2025\\\/11\\\/cropped-MEMURUN-SESI.png\",\"width\":238,\"height\":57,\"caption\":\"Memurun Sesi\"},\"image\":{\"@id\":\"https:\\\/\\\/memurunsesi.net\\\/#\\\/schema\\\/logo\\\/image\\\/\"},\"sameAs\":[\"https:\\\/\\\/www.facebook.com\\\/unipersen\\\/?locale=tr_TR\",\"https:\\\/\\\/x.com\\\/unipersen\"]},{\"@type\":\"Person\",\"@id\":\"https:\\\/\\\/memurunsesi.net\\\/#\\\/schema\\\/person\\\/f21c2d73b89f6ee1d80b0a1803e38587\",\"name\":\"Memurun Sesi Haber Merkezi\",\"image\":{\"@type\":\"ImageObject\",\"inLanguage\":\"tr\",\"@id\":\"https:\\\/\\\/secure.gravatar.com\\\/avatar\\\/6cf0505f452ee753f485014986fab09a434671d2b919ee76fc541025c5876a70?s=96&d=mm&r=g\",\"url\":\"https:\\\/\\\/secure.gravatar.com\\\/avatar\\\/6cf0505f452ee753f485014986fab09a434671d2b919ee76fc541025c5876a70?s=96&d=mm&r=g\",\"contentUrl\":\"https:\\\/\\\/secure.gravatar.com\\\/avatar\\\/6cf0505f452ee753f485014986fab09a434671d2b919ee76fc541025c5876a70?s=96&d=mm&r=g\",\"caption\":\"Memurun Sesi Haber Merkezi\"},\"sameAs\":[\"https:\\\/\\\/memurunsesi.net\"],\"url\":\"https:\\\/\\\/memurunsesi.net\\\/index.php\\\/author\\\/uniper\\\/\"}]}<\/script>\n<!-- \/ Yoast SEO plugin. -->","yoast_head_json":{"title":"Ankara'da iki ara\u00e7 kafa kafaya \u00e7arp\u0131\u015ft\u0131: 1 \u00f6l\u00fc, 4 yaral\u0131 - Memurun Sesi","robots":{"index":"index","follow":"follow","max-snippet":"max-snippet:-1","max-image-preview":"max-image-preview:large","max-video-preview":"max-video-preview:-1"},"canonical":"https:\/\/memurunsesi.net\/index.php\/2025\/07\/06\/ankarada-iki-arac-kafa-kafaya-carpisti-1-olu-4-yarali\/","og_locale":"tr_TR","og_type":"article","og_title":"Ankara'da iki ara\u00e7 kafa kafaya \u00e7arp\u0131\u015ft\u0131: 1 \u00f6l\u00fc, 4 yaral\u0131 - Memurun Sesi","og_description":"Ankara&#8217;n\u0131n Polatl\u0131 il\u00e7esinde meydana gelen trafik kazas\u0131nda iki ara\u00e7 kafa kafaya \u00e7arp\u0131\u015ft\u0131. Kazada 2 \u00e7ocuk annesi kad\u0131n hayat\u0131n\u0131 kaybederken, 2&#8217;si a\u011f\u0131r 4 ki\u015fi yaraland\u0131. Kaza, Polatl\u0131 il\u00e7esine ba\u011fl\u0131 Babayakup Mahallesi\u2019nde meydana geldi. Edinilen bilgiye g\u00f6re, s\u00fcr\u00fcc\u00fcs\u00fc hen\u00fcz belirlenemeyen 37 ABA 264 plakal\u0131 ara\u00e7 ile Babayakup istikametine seyir halindeki 06 EEN 12 plakal\u0131 otomobil kafa kafaya [&hellip;]","og_url":"https:\/\/memurunsesi.net\/index.php\/2025\/07\/06\/ankarada-iki-arac-kafa-kafaya-carpisti-1-olu-4-yarali\/","og_site_name":"Memurun Sesi","article_publisher":"https:\/\/www.facebook.com\/unipersen\/?locale=tr_TR","article_published_time":"2025-07-06T17:29:29+00:00","og_image":[{"width":1600,"height":1200,"url":"https:\/\/memurunsesi.net\/wp-content\/uploads\/2025\/07\/AW491604_01.jpg","type":"image\/jpeg"}],"author":"Memurun Sesi Haber Merkezi","twitter_card":"summary_large_image","twitter_creator":"@unipersen","twitter_site":"@unipersen","twitter_misc":{"Yazan:":"Memurun Sesi Haber Merkezi","Tahmini okuma s\u00fcresi":"1 dakika"},"schema":{"@context":"https:\/\/schema.org","@graph":[{"@type":"Article","@id":"https:\/\/memurunsesi.net\/index.php\/2025\/07\/06\/ankarada-iki-arac-kafa-kafaya-carpisti-1-olu-4-yarali\/#article","isPartOf":{"@id":"https:\/\/memurunsesi.net\/index.php\/2025\/07\/06\/ankarada-iki-arac-kafa-kafaya-carpisti-1-olu-4-yarali\/"},"author":{"name":"Memurun Sesi Haber Merkezi","@id":"https:\/\/memurunsesi.net\/#\/schema\/person\/f21c2d73b89f6ee1d80b0a1803e38587"},"headline":"Ankara&#8217;da iki ara\u00e7 kafa kafaya \u00e7arp\u0131\u015ft\u0131: 1 \u00f6l\u00fc, 4 yaral\u0131","datePublished":"2025-07-06T17:29:29+00:00","mainEntityOfPage":{"@id":"https:\/\/memurunsesi.net\/index.php\/2025\/07\/06\/ankarada-iki-arac-kafa-kafaya-carpisti-1-olu-4-yarali\/"},"wordCount":142,"commentCount":0,"publisher":{"@id":"https:\/\/memurunsesi.net\/#organization"},"image":{"@id":"https:\/\/memurunsesi.net\/index.php\/2025\/07\/06\/ankarada-iki-arac-kafa-kafaya-carpisti-1-olu-4-yarali\/#primaryimage"},"thumbnailUrl":"https:\/\/memurunsesi.net\/wp-content\/uploads\/2025\/07\/AW491604_01.jpg","inLanguage":"tr","potentialAction":[{"@type":"CommentAction","name":"Comment","target":["https:\/\/memurunsesi.net\/index.php\/2025\/07\/06\/ankarada-iki-arac-kafa-kafaya-carpisti-1-olu-4-yarali\/#respond"]}]},{"@type":"WebPage","@id":"https:\/\/memurunsesi.net\/index.php\/2025\/07\/06\/ankarada-iki-arac-kafa-kafaya-carpisti-1-olu-4-yarali\/","url":"https:\/\/memurunsesi.net\/index.php\/2025\/07\/06\/ankarada-iki-arac-kafa-kafaya-carpisti-1-olu-4-yarali\/","name":"Ankara'da iki ara\u00e7 kafa kafaya \u00e7arp\u0131\u015ft\u0131: 1 \u00f6l\u00fc, 4 yaral\u0131 - Memurun Sesi","isPartOf":{"@id":"https:\/\/memurunsesi.net\/#website"},"primaryImageOfPage":{"@id":"https:\/\/memurunsesi.net\/index.php\/2025\/07\/06\/ankarada-iki-arac-kafa-kafaya-carpisti-1-olu-4-yarali\/#primaryimage"},"image":{"@id":"https:\/\/memurunsesi.net\/index.php\/2025\/07\/06\/ankarada-iki-arac-kafa-kafaya-carpisti-1-olu-4-yarali\/#primaryimage"},"thumbnailUrl":"https:\/\/memurunsesi.net\/wp-content\/uploads\/2025\/07\/AW491604_01.jpg","datePublished":"2025-07-06T17:29:29+00:00","breadcrumb":{"@id":"https:\/\/memurunsesi.net\/index.php\/2025\/07\/06\/ankarada-iki-arac-kafa-kafaya-carpisti-1-olu-4-yarali\/#breadcrumb"},"inLanguage":"tr","potentialAction":[{"@type":"ReadAction","target":["https:\/\/memurunsesi.net\/index.php\/2025\/07\/06\/ankarada-iki-arac-kafa-kafaya-carpisti-1-olu-4-yarali\/"]}]},{"@type":"ImageObject","inLanguage":"tr","@id":"https:\/\/memurunsesi.net\/index.php\/2025\/07\/06\/ankarada-iki-arac-kafa-kafaya-carpisti-1-olu-4-yarali\/#primaryimage","url":"https:\/\/memurunsesi.net\/wp-content\/uploads\/2025\/07\/AW491604_01.jpg","contentUrl":"https:\/\/memurunsesi.net\/wp-content\/uploads\/2025\/07\/AW491604_01.jpg","width":1600,"height":1200,"caption":"ANKARA'NIN POLATLI \u0130L\u00c7ES\u0130NDE MEYDANA GELEN TRAF\u0130K KAZASINDA 2 ARA\u00c7 KAFA KAFAYA \u00c7ARPI\u015eTI. KAZADA 2 \u00c7OCUK ANNES\u0130 B\u0130R KADIN HAYATINI KAYBEDERKEN 2'S\u0130 A\u011eIR 4 K\u0130\u015e\u0130 YARALANDI. (B\u0130LLUR \u00c7ET\u0130NKAYA\/ANKARA-\u0130HA) Ankara'n\u0131n Polatl\u0131 il\u00e7esinde meydana gelen trafik kazas\u0131nda iki ara\u00e7 kafa kafaya \u00e7arp\u0131\u015ft\u0131. Kazada 2 \u00e7ocuk annesi kad\u0131n hayat\u0131n\u0131 kaybederken, 2'si a\u011f\u0131r 4 ki\u015fi yaraland\u0131."},{"@type":"BreadcrumbList","@id":"https:\/\/memurunsesi.net\/index.php\/2025\/07\/06\/ankarada-iki-arac-kafa-kafaya-carpisti-1-olu-4-yarali\/#breadcrumb","itemListElement":[{"@type":"ListItem","position":1,"name":"Anasayfa","item":"https:\/\/memurunsesi.net\/"},{"@type":"ListItem","position":2,"name":"Ankara&#8217;da iki ara\u00e7 kafa kafaya \u00e7arp\u0131\u015ft\u0131: 1 \u00f6l\u00fc, 4 yaral\u0131"}]},{"@type":"WebSite","@id":"https:\/\/memurunsesi.net\/#website","url":"https:\/\/memurunsesi.net\/","name":"Memurun Sesi","description":"G\u00fcncel ve Do\u011fru Haber","publisher":{"@id":"https:\/\/memurunsesi.net\/#organization"},"potentialAction":[{"@type":"SearchAction","target":{"@type":"EntryPoint","urlTemplate":"https:\/\/memurunsesi.net\/?s={search_term_string}"},"query-input":{"@type":"PropertyValueSpecification","valueRequired":true,"valueName":"search_term_string"}}],"inLanguage":"tr"},{"@type":"Organization","@id":"https:\/\/memurunsesi.net\/#organization","name":"Memurun Sesi","url":"https:\/\/memurunsesi.net\/","logo":{"@type":"ImageObject","inLanguage":"tr","@id":"https:\/\/memurunsesi.net\/#\/schema\/logo\/image\/","url":"https:\/\/memurunsesi.net\/wp-content\/uploads\/2025\/11\/cropped-MEMURUN-SESI.png","contentUrl":"https:\/\/memurunsesi.net\/wp-content\/uploads\/2025\/11\/cropped-MEMURUN-SESI.png","width":238,"height":57,"caption":"Memurun Sesi"},"image":{"@id":"https:\/\/memurunsesi.net\/#\/schema\/logo\/image\/"},"sameAs":["https:\/\/www.facebook.com\/unipersen\/?locale=tr_TR","https:\/\/x.com\/unipersen"]},{"@type":"Person","@id":"https:\/\/memurunsesi.net\/#\/schema\/person\/f21c2d73b89f6ee1d80b0a1803e38587","name":"Memurun Sesi Haber Merkezi","image":{"@type":"ImageObject","inLanguage":"tr","@id":"https:\/\/secure.gravatar.com\/avatar\/6cf0505f452ee753f485014986fab09a434671d2b919ee76fc541025c5876a70?s=96&d=mm&r=g","url":"https:\/\/secure.gravatar.com\/avatar\/6cf0505f452ee753f485014986fab09a434671d2b919ee76fc541025c5876a70?s=96&d=mm&r=g","contentUrl":"https:\/\/secure.gravatar.com\/avatar\/6cf0505f452ee753f485014986fab09a434671d2b919ee76fc541025c5876a70?s=96&d=mm&r=g","caption":"Memurun Sesi Haber Merkezi"},"sameAs":["https:\/\/memurunsesi.net"],"url":"https:\/\/memurunsesi.net\/index.php\/author\/uniper\/"}]}},"_links":{"self":[{"href":"https:\/\/memurunsesi.net\/index.php\/wp-json\/wp\/v2\/posts\/9083","targetHints":{"allow":["GET"]}}],"collection":[{"href":"https:\/\/memurunsesi.net\/index.php\/wp-json\/wp\/v2\/posts"}],"about":[{"href":"https:\/\/memurunsesi.net\/index.php\/wp-json\/wp\/v2\/types\/post"}],"author":[{"embeddable":true,"href":"https:\/\/memurunsesi.net\/index.php\/wp-json\/wp\/v2\/users\/1"}],"replies":[{"embeddable":true,"href":"https:\/\/memurunsesi.net\/index.php\/wp-json\/wp\/v2\/comments?post=9083"}],"version-history":[{"count":1,"href":"https:\/\/memurunsesi.net\/index.php\/wp-json\/wp\/v2\/posts\/9083\/revisions"}],"predecessor-version":[{"id":9085,"href":"https:\/\/memurunsesi.net\/index.php\/wp-json\/wp\/v2\/posts\/9083\/revisions\/9085"}],"wp:featuredmedia":[{"embeddable":true,"href":"https:\/\/memurunsesi.net\/index.php\/wp-json\/wp\/v2\/media\/9084"}],"wp:attachment":[{"href":"https:\/\/memurunsesi.net\/index.php\/wp-json\/wp\/v2\/media?parent=9083"}],"wp:term":[{"taxonomy":"category","embeddable":true,"href":"https:\/\/memurunsesi.net\/index.php\/wp-json\/wp\/v2\/categories?post=9083"},{"taxonomy":"post_tag","embeddable":true,"href":"https:\/\/memurunsesi.net\/index.php\/wp-json\/wp\/v2\/tags?post=9083"}],"curies":[{"name":"wp","href":"https:\/\/api.w.org\/{rel}","templated":true}]}}