{"id":9119,"date":"2025-07-08T12:17:44","date_gmt":"2025-07-08T09:17:44","guid":{"rendered":"https:\/\/memurunsesi.net\/?p=9119"},"modified":"2025-07-08T12:17:44","modified_gmt":"2025-07-08T09:17:44","slug":"fabrikada-gorunmez-kaza","status":"publish","type":"post","link":"https:\/\/memurunsesi.net\/index.php\/2025\/07\/08\/fabrikada-gorunmez-kaza\/","title":{"rendered":"Fabrikada g\u00f6r\u00fcnmez kaza"},"content":{"rendered":"<p>   Bursa&#8217;n\u0131n \u0130neg\u00f6l il\u00e7esinde faaliyet g\u00f6steren bir mobilya fabrikas\u0131nda meydana gelen olayda makineden f\u0131rlayan ah\u015fap par\u00e7as\u0131 i\u015f\u00e7iyi yaralad\u0131.<br \/>\n  Olay saat 10.00 s\u0131ralar\u0131nda \u0130neg\u00f6l Mobilya \u0130htisas Organize sanayi b\u00f6lgesinde faaliyet g\u00f6steren bir mobilya fabrikas\u0131nda meydana geldi. \u0130\u015f\u00e7i Nurbay K.(61) CNC makinesinde ah\u015fap kesimi yapmaya ba\u015flad\u0131. O s\u0131rada makineden f\u0131rlayan ah\u015fap par\u00e7as\u0131 i\u015f\u00e7inin sa\u011f koluna \u00e7arp\u0131p yaralad\u0131. Yaral\u0131 olay yerine sevk edilen Ambulansla \u0130neg\u00f6l Devlet Hastanesine kald\u0131r\u0131ld\u0131. Kolunda derin kesiler olu\u015fan i\u015f\u00e7i, Ambulansla Bursa Uluda\u011f \u00dcniversitesi T\u0131p Fak\u00fcltesine sevk edildi.<br \/>\n  Jandarma komutanl\u0131\u011f\u0131 ekipleri olayla ilgili soru\u015fturma ba\u015flatt\u0131. <\/p>\n<p>8.07.2025                                 <\/p>\n","protected":false},"excerpt":{"rendered":"<p>Bursa&#8217;n\u0131n \u0130neg\u00f6l il\u00e7esinde faaliyet g\u00f6steren bir mobilya fabrikas\u0131nda meydana gelen olayda makineden f\u0131rlayan ah\u015fap par\u00e7as\u0131 i\u015f\u00e7iyi yaralad\u0131. Olay saat 10.00 s\u0131ralar\u0131nda \u0130neg\u00f6l Mobilya \u0130htisas Organize sanayi b\u00f6lgesinde faaliyet g\u00f6steren bir mobilya fabrikas\u0131nda meydana geldi. \u0130\u015f\u00e7i Nurbay K.(61) CNC makinesinde ah\u015fap kesimi yapmaya ba\u015flad\u0131. O s\u0131rada makineden f\u0131rlayan ah\u015fap par\u00e7as\u0131 i\u015f\u00e7inin sa\u011f koluna \u00e7arp\u0131p yaralad\u0131. Yaral\u0131 [&hellip;]<\/p>\n","protected":false},"author":1,"featured_media":9120,"comment_status":"open","ping_status":"open","sticky":false,"template":"","format":"standard","meta":{"footnotes":""},"categories":[1],"tags":[],"class_list":["post-9119","post","type-post","status-publish","format-standard","has-post-thumbnail","hentry","category-genel"],"yoast_head":"<!-- This site is optimized with the Yoast SEO plugin v27.4 - https:\/\/yoast.com\/product\/yoast-seo-wordpress\/ -->\n<title>Fabrikada g\u00f6r\u00fcnmez kaza - Memurun Sesi<\/title>\n<meta name=\"robots\" content=\"index, follow, max-snippet:-1, max-image-preview:large, max-video-preview:-1\" \/>\n<link rel=\"canonical\" href=\"https:\/\/memurunsesi.net\/index.php\/2025\/07\/08\/fabrikada-gorunmez-kaza\/\" \/>\n<meta property=\"og:locale\" content=\"tr_TR\" \/>\n<meta property=\"og:type\" content=\"article\" \/>\n<meta property=\"og:title\" content=\"Fabrikada g\u00f6r\u00fcnmez kaza - Memurun Sesi\" \/>\n<meta property=\"og:description\" content=\"Bursa&#8217;n\u0131n \u0130neg\u00f6l il\u00e7esinde faaliyet g\u00f6steren bir mobilya fabrikas\u0131nda meydana gelen olayda makineden f\u0131rlayan ah\u015fap par\u00e7as\u0131 i\u015f\u00e7iyi yaralad\u0131. Olay saat 10.00 s\u0131ralar\u0131nda \u0130neg\u00f6l Mobilya \u0130htisas Organize sanayi b\u00f6lgesinde faaliyet g\u00f6steren bir mobilya fabrikas\u0131nda meydana geldi. \u0130\u015f\u00e7i Nurbay K.(61) CNC makinesinde ah\u015fap kesimi yapmaya ba\u015flad\u0131. O s\u0131rada makineden f\u0131rlayan ah\u015fap par\u00e7as\u0131 i\u015f\u00e7inin sa\u011f koluna \u00e7arp\u0131p yaralad\u0131. Yaral\u0131 [&hellip;]\" \/>\n<meta property=\"og:url\" content=\"https:\/\/memurunsesi.net\/index.php\/2025\/07\/08\/fabrikada-gorunmez-kaza\/\" \/>\n<meta property=\"og:site_name\" content=\"Memurun Sesi\" \/>\n<meta property=\"article:publisher\" content=\"https:\/\/www.facebook.com\/unipersen\/?locale=tr_TR\" \/>\n<meta property=\"article:published_time\" content=\"2025-07-08T09:17:44+00:00\" \/>\n<meta property=\"og:image\" content=\"https:\/\/memurunsesi.net\/wp-content\/uploads\/2025\/07\/AW492668_01-1-scaled.jpg\" \/>\n\t<meta property=\"og:image:width\" content=\"2560\" \/>\n\t<meta property=\"og:image:height\" content=\"1763\" \/>\n\t<meta property=\"og:image:type\" content=\"image\/jpeg\" \/>\n<meta name=\"author\" content=\"Memurun Sesi Haber Merkezi\" \/>\n<meta name=\"twitter:card\" content=\"summary_large_image\" \/>\n<meta name=\"twitter:creator\" content=\"@unipersen\" \/>\n<meta name=\"twitter:site\" content=\"@unipersen\" \/>\n<meta name=\"twitter:label1\" content=\"Yazan:\" \/>\n\t<meta name=\"twitter:data1\" content=\"Memurun Sesi Haber Merkezi\" \/>\n\t<meta name=\"twitter:label2\" content=\"Tahmini okuma s\u00fcresi\" \/>\n\t<meta name=\"twitter:data2\" content=\"1 dakika\" \/>\n<script type=\"application\/ld+json\" class=\"yoast-schema-graph\">{\"@context\":\"https:\\\/\\\/schema.org\",\"@graph\":[{\"@type\":\"Article\",\"@id\":\"https:\\\/\\\/memurunsesi.net\\\/index.php\\\/2025\\\/07\\\/08\\\/fabrikada-gorunmez-kaza\\\/#article\",\"isPartOf\":{\"@id\":\"https:\\\/\\\/memurunsesi.net\\\/index.php\\\/2025\\\/07\\\/08\\\/fabrikada-gorunmez-kaza\\\/\"},\"author\":{\"name\":\"Memurun Sesi Haber Merkezi\",\"@id\":\"https:\\\/\\\/memurunsesi.net\\\/#\\\/schema\\\/person\\\/f21c2d73b89f6ee1d80b0a1803e38587\"},\"headline\":\"Fabrikada g\u00f6r\u00fcnmez kaza\",\"datePublished\":\"2025-07-08T09:17:44+00:00\",\"mainEntityOfPage\":{\"@id\":\"https:\\\/\\\/memurunsesi.net\\\/index.php\\\/2025\\\/07\\\/08\\\/fabrikada-gorunmez-kaza\\\/\"},\"wordCount\":121,\"commentCount\":0,\"publisher\":{\"@id\":\"https:\\\/\\\/memurunsesi.net\\\/#organization\"},\"image\":{\"@id\":\"https:\\\/\\\/memurunsesi.net\\\/index.php\\\/2025\\\/07\\\/08\\\/fabrikada-gorunmez-kaza\\\/#primaryimage\"},\"thumbnailUrl\":\"https:\\\/\\\/memurunsesi.net\\\/wp-content\\\/uploads\\\/2025\\\/07\\\/AW492668_01-1-scaled.jpg\",\"inLanguage\":\"tr\",\"potentialAction\":[{\"@type\":\"CommentAction\",\"name\":\"Comment\",\"target\":[\"https:\\\/\\\/memurunsesi.net\\\/index.php\\\/2025\\\/07\\\/08\\\/fabrikada-gorunmez-kaza\\\/#respond\"]}]},{\"@type\":\"WebPage\",\"@id\":\"https:\\\/\\\/memurunsesi.net\\\/index.php\\\/2025\\\/07\\\/08\\\/fabrikada-gorunmez-kaza\\\/\",\"url\":\"https:\\\/\\\/memurunsesi.net\\\/index.php\\\/2025\\\/07\\\/08\\\/fabrikada-gorunmez-kaza\\\/\",\"name\":\"Fabrikada g\u00f6r\u00fcnmez kaza - Memurun Sesi\",\"isPartOf\":{\"@id\":\"https:\\\/\\\/memurunsesi.net\\\/#website\"},\"primaryImageOfPage\":{\"@id\":\"https:\\\/\\\/memurunsesi.net\\\/index.php\\\/2025\\\/07\\\/08\\\/fabrikada-gorunmez-kaza\\\/#primaryimage\"},\"image\":{\"@id\":\"https:\\\/\\\/memurunsesi.net\\\/index.php\\\/2025\\\/07\\\/08\\\/fabrikada-gorunmez-kaza\\\/#primaryimage\"},\"thumbnailUrl\":\"https:\\\/\\\/memurunsesi.net\\\/wp-content\\\/uploads\\\/2025\\\/07\\\/AW492668_01-1-scaled.jpg\",\"datePublished\":\"2025-07-08T09:17:44+00:00\",\"breadcrumb\":{\"@id\":\"https:\\\/\\\/memurunsesi.net\\\/index.php\\\/2025\\\/07\\\/08\\\/fabrikada-gorunmez-kaza\\\/#breadcrumb\"},\"inLanguage\":\"tr\",\"potentialAction\":[{\"@type\":\"ReadAction\",\"target\":[\"https:\\\/\\\/memurunsesi.net\\\/index.php\\\/2025\\\/07\\\/08\\\/fabrikada-gorunmez-kaza\\\/\"]}]},{\"@type\":\"ImageObject\",\"inLanguage\":\"tr\",\"@id\":\"https:\\\/\\\/memurunsesi.net\\\/index.php\\\/2025\\\/07\\\/08\\\/fabrikada-gorunmez-kaza\\\/#primaryimage\",\"url\":\"https:\\\/\\\/memurunsesi.net\\\/wp-content\\\/uploads\\\/2025\\\/07\\\/AW492668_01-1-scaled.jpg\",\"contentUrl\":\"https:\\\/\\\/memurunsesi.net\\\/wp-content\\\/uploads\\\/2025\\\/07\\\/AW492668_01-1-scaled.jpg\",\"width\":2560,\"height\":1763,\"caption\":\"BURSA'NIN \u0130NEG\u00d6L \u0130L\u00c7ES\u0130NDE FAAL\u0130YET G\u00d6STEREN B\u0130R MOB\u0130LYA FABR\u0130KASINDA MEYDANA GELEN OLAYDA MAK\u0130NEDEN FIRLAYAN AH\u015eAP PAR\u00c7ASI \u0130\u015e\u00c7\u0130Y\u0130 YARALADI. (SAL\u0130H B\u0130LAL ASLAN\\\/BURSA-\u0130HA) Bursa'n\u0131n \u0130neg\u00f6l il\u00e7esinde faaliyet g\u00f6steren bir mobilya fabrikas\u0131nda meydana gelen olayda makineden f\u0131rlayan ah\u015fap par\u00e7as\u0131 i\u015f\u00e7iyi yaralad\u0131.\"},{\"@type\":\"BreadcrumbList\",\"@id\":\"https:\\\/\\\/memurunsesi.net\\\/index.php\\\/2025\\\/07\\\/08\\\/fabrikada-gorunmez-kaza\\\/#breadcrumb\",\"itemListElement\":[{\"@type\":\"ListItem\",\"position\":1,\"name\":\"Anasayfa\",\"item\":\"https:\\\/\\\/memurunsesi.net\\\/\"},{\"@type\":\"ListItem\",\"position\":2,\"name\":\"Fabrikada g\u00f6r\u00fcnmez kaza\"}]},{\"@type\":\"WebSite\",\"@id\":\"https:\\\/\\\/memurunsesi.net\\\/#website\",\"url\":\"https:\\\/\\\/memurunsesi.net\\\/\",\"name\":\"Memurun Sesi\",\"description\":\"G\u00fcncel ve Do\u011fru Haber\",\"publisher\":{\"@id\":\"https:\\\/\\\/memurunsesi.net\\\/#organization\"},\"potentialAction\":[{\"@type\":\"SearchAction\",\"target\":{\"@type\":\"EntryPoint\",\"urlTemplate\":\"https:\\\/\\\/memurunsesi.net\\\/?s={search_term_string}\"},\"query-input\":{\"@type\":\"PropertyValueSpecification\",\"valueRequired\":true,\"valueName\":\"search_term_string\"}}],\"inLanguage\":\"tr\"},{\"@type\":\"Organization\",\"@id\":\"https:\\\/\\\/memurunsesi.net\\\/#organization\",\"name\":\"Memurun Sesi\",\"url\":\"https:\\\/\\\/memurunsesi.net\\\/\",\"logo\":{\"@type\":\"ImageObject\",\"inLanguage\":\"tr\",\"@id\":\"https:\\\/\\\/memurunsesi.net\\\/#\\\/schema\\\/logo\\\/image\\\/\",\"url\":\"https:\\\/\\\/memurunsesi.net\\\/wp-content\\\/uploads\\\/2025\\\/11\\\/cropped-MEMURUN-SESI.png\",\"contentUrl\":\"https:\\\/\\\/memurunsesi.net\\\/wp-content\\\/uploads\\\/2025\\\/11\\\/cropped-MEMURUN-SESI.png\",\"width\":238,\"height\":57,\"caption\":\"Memurun Sesi\"},\"image\":{\"@id\":\"https:\\\/\\\/memurunsesi.net\\\/#\\\/schema\\\/logo\\\/image\\\/\"},\"sameAs\":[\"https:\\\/\\\/www.facebook.com\\\/unipersen\\\/?locale=tr_TR\",\"https:\\\/\\\/x.com\\\/unipersen\"]},{\"@type\":\"Person\",\"@id\":\"https:\\\/\\\/memurunsesi.net\\\/#\\\/schema\\\/person\\\/f21c2d73b89f6ee1d80b0a1803e38587\",\"name\":\"Memurun Sesi Haber Merkezi\",\"image\":{\"@type\":\"ImageObject\",\"inLanguage\":\"tr\",\"@id\":\"https:\\\/\\\/secure.gravatar.com\\\/avatar\\\/6cf0505f452ee753f485014986fab09a434671d2b919ee76fc541025c5876a70?s=96&d=mm&r=g\",\"url\":\"https:\\\/\\\/secure.gravatar.com\\\/avatar\\\/6cf0505f452ee753f485014986fab09a434671d2b919ee76fc541025c5876a70?s=96&d=mm&r=g\",\"contentUrl\":\"https:\\\/\\\/secure.gravatar.com\\\/avatar\\\/6cf0505f452ee753f485014986fab09a434671d2b919ee76fc541025c5876a70?s=96&d=mm&r=g\",\"caption\":\"Memurun Sesi Haber Merkezi\"},\"sameAs\":[\"https:\\\/\\\/memurunsesi.net\"],\"url\":\"https:\\\/\\\/memurunsesi.net\\\/index.php\\\/author\\\/uniper\\\/\"}]}<\/script>\n<!-- \/ Yoast SEO plugin. -->","yoast_head_json":{"title":"Fabrikada g\u00f6r\u00fcnmez kaza - Memurun Sesi","robots":{"index":"index","follow":"follow","max-snippet":"max-snippet:-1","max-image-preview":"max-image-preview:large","max-video-preview":"max-video-preview:-1"},"canonical":"https:\/\/memurunsesi.net\/index.php\/2025\/07\/08\/fabrikada-gorunmez-kaza\/","og_locale":"tr_TR","og_type":"article","og_title":"Fabrikada g\u00f6r\u00fcnmez kaza - Memurun Sesi","og_description":"Bursa&#8217;n\u0131n \u0130neg\u00f6l il\u00e7esinde faaliyet g\u00f6steren bir mobilya fabrikas\u0131nda meydana gelen olayda makineden f\u0131rlayan ah\u015fap par\u00e7as\u0131 i\u015f\u00e7iyi yaralad\u0131. Olay saat 10.00 s\u0131ralar\u0131nda \u0130neg\u00f6l Mobilya \u0130htisas Organize sanayi b\u00f6lgesinde faaliyet g\u00f6steren bir mobilya fabrikas\u0131nda meydana geldi. \u0130\u015f\u00e7i Nurbay K.(61) CNC makinesinde ah\u015fap kesimi yapmaya ba\u015flad\u0131. O s\u0131rada makineden f\u0131rlayan ah\u015fap par\u00e7as\u0131 i\u015f\u00e7inin sa\u011f koluna \u00e7arp\u0131p yaralad\u0131. Yaral\u0131 [&hellip;]","og_url":"https:\/\/memurunsesi.net\/index.php\/2025\/07\/08\/fabrikada-gorunmez-kaza\/","og_site_name":"Memurun Sesi","article_publisher":"https:\/\/www.facebook.com\/unipersen\/?locale=tr_TR","article_published_time":"2025-07-08T09:17:44+00:00","og_image":[{"width":2560,"height":1763,"url":"https:\/\/memurunsesi.net\/wp-content\/uploads\/2025\/07\/AW492668_01-1-scaled.jpg","type":"image\/jpeg"}],"author":"Memurun Sesi Haber Merkezi","twitter_card":"summary_large_image","twitter_creator":"@unipersen","twitter_site":"@unipersen","twitter_misc":{"Yazan:":"Memurun Sesi Haber Merkezi","Tahmini okuma s\u00fcresi":"1 dakika"},"schema":{"@context":"https:\/\/schema.org","@graph":[{"@type":"Article","@id":"https:\/\/memurunsesi.net\/index.php\/2025\/07\/08\/fabrikada-gorunmez-kaza\/#article","isPartOf":{"@id":"https:\/\/memurunsesi.net\/index.php\/2025\/07\/08\/fabrikada-gorunmez-kaza\/"},"author":{"name":"Memurun Sesi Haber Merkezi","@id":"https:\/\/memurunsesi.net\/#\/schema\/person\/f21c2d73b89f6ee1d80b0a1803e38587"},"headline":"Fabrikada g\u00f6r\u00fcnmez kaza","datePublished":"2025-07-08T09:17:44+00:00","mainEntityOfPage":{"@id":"https:\/\/memurunsesi.net\/index.php\/2025\/07\/08\/fabrikada-gorunmez-kaza\/"},"wordCount":121,"commentCount":0,"publisher":{"@id":"https:\/\/memurunsesi.net\/#organization"},"image":{"@id":"https:\/\/memurunsesi.net\/index.php\/2025\/07\/08\/fabrikada-gorunmez-kaza\/#primaryimage"},"thumbnailUrl":"https:\/\/memurunsesi.net\/wp-content\/uploads\/2025\/07\/AW492668_01-1-scaled.jpg","inLanguage":"tr","potentialAction":[{"@type":"CommentAction","name":"Comment","target":["https:\/\/memurunsesi.net\/index.php\/2025\/07\/08\/fabrikada-gorunmez-kaza\/#respond"]}]},{"@type":"WebPage","@id":"https:\/\/memurunsesi.net\/index.php\/2025\/07\/08\/fabrikada-gorunmez-kaza\/","url":"https:\/\/memurunsesi.net\/index.php\/2025\/07\/08\/fabrikada-gorunmez-kaza\/","name":"Fabrikada g\u00f6r\u00fcnmez kaza - Memurun Sesi","isPartOf":{"@id":"https:\/\/memurunsesi.net\/#website"},"primaryImageOfPage":{"@id":"https:\/\/memurunsesi.net\/index.php\/2025\/07\/08\/fabrikada-gorunmez-kaza\/#primaryimage"},"image":{"@id":"https:\/\/memurunsesi.net\/index.php\/2025\/07\/08\/fabrikada-gorunmez-kaza\/#primaryimage"},"thumbnailUrl":"https:\/\/memurunsesi.net\/wp-content\/uploads\/2025\/07\/AW492668_01-1-scaled.jpg","datePublished":"2025-07-08T09:17:44+00:00","breadcrumb":{"@id":"https:\/\/memurunsesi.net\/index.php\/2025\/07\/08\/fabrikada-gorunmez-kaza\/#breadcrumb"},"inLanguage":"tr","potentialAction":[{"@type":"ReadAction","target":["https:\/\/memurunsesi.net\/index.php\/2025\/07\/08\/fabrikada-gorunmez-kaza\/"]}]},{"@type":"ImageObject","inLanguage":"tr","@id":"https:\/\/memurunsesi.net\/index.php\/2025\/07\/08\/fabrikada-gorunmez-kaza\/#primaryimage","url":"https:\/\/memurunsesi.net\/wp-content\/uploads\/2025\/07\/AW492668_01-1-scaled.jpg","contentUrl":"https:\/\/memurunsesi.net\/wp-content\/uploads\/2025\/07\/AW492668_01-1-scaled.jpg","width":2560,"height":1763,"caption":"BURSA'NIN \u0130NEG\u00d6L \u0130L\u00c7ES\u0130NDE FAAL\u0130YET G\u00d6STEREN B\u0130R MOB\u0130LYA FABR\u0130KASINDA MEYDANA GELEN OLAYDA MAK\u0130NEDEN FIRLAYAN AH\u015eAP PAR\u00c7ASI \u0130\u015e\u00c7\u0130Y\u0130 YARALADI. (SAL\u0130H B\u0130LAL ASLAN\/BURSA-\u0130HA) Bursa'n\u0131n \u0130neg\u00f6l il\u00e7esinde faaliyet g\u00f6steren bir mobilya fabrikas\u0131nda meydana gelen olayda makineden f\u0131rlayan ah\u015fap par\u00e7as\u0131 i\u015f\u00e7iyi yaralad\u0131."},{"@type":"BreadcrumbList","@id":"https:\/\/memurunsesi.net\/index.php\/2025\/07\/08\/fabrikada-gorunmez-kaza\/#breadcrumb","itemListElement":[{"@type":"ListItem","position":1,"name":"Anasayfa","item":"https:\/\/memurunsesi.net\/"},{"@type":"ListItem","position":2,"name":"Fabrikada g\u00f6r\u00fcnmez kaza"}]},{"@type":"WebSite","@id":"https:\/\/memurunsesi.net\/#website","url":"https:\/\/memurunsesi.net\/","name":"Memurun Sesi","description":"G\u00fcncel ve Do\u011fru Haber","publisher":{"@id":"https:\/\/memurunsesi.net\/#organization"},"potentialAction":[{"@type":"SearchAction","target":{"@type":"EntryPoint","urlTemplate":"https:\/\/memurunsesi.net\/?s={search_term_string}"},"query-input":{"@type":"PropertyValueSpecification","valueRequired":true,"valueName":"search_term_string"}}],"inLanguage":"tr"},{"@type":"Organization","@id":"https:\/\/memurunsesi.net\/#organization","name":"Memurun Sesi","url":"https:\/\/memurunsesi.net\/","logo":{"@type":"ImageObject","inLanguage":"tr","@id":"https:\/\/memurunsesi.net\/#\/schema\/logo\/image\/","url":"https:\/\/memurunsesi.net\/wp-content\/uploads\/2025\/11\/cropped-MEMURUN-SESI.png","contentUrl":"https:\/\/memurunsesi.net\/wp-content\/uploads\/2025\/11\/cropped-MEMURUN-SESI.png","width":238,"height":57,"caption":"Memurun Sesi"},"image":{"@id":"https:\/\/memurunsesi.net\/#\/schema\/logo\/image\/"},"sameAs":["https:\/\/www.facebook.com\/unipersen\/?locale=tr_TR","https:\/\/x.com\/unipersen"]},{"@type":"Person","@id":"https:\/\/memurunsesi.net\/#\/schema\/person\/f21c2d73b89f6ee1d80b0a1803e38587","name":"Memurun Sesi Haber Merkezi","image":{"@type":"ImageObject","inLanguage":"tr","@id":"https:\/\/secure.gravatar.com\/avatar\/6cf0505f452ee753f485014986fab09a434671d2b919ee76fc541025c5876a70?s=96&d=mm&r=g","url":"https:\/\/secure.gravatar.com\/avatar\/6cf0505f452ee753f485014986fab09a434671d2b919ee76fc541025c5876a70?s=96&d=mm&r=g","contentUrl":"https:\/\/secure.gravatar.com\/avatar\/6cf0505f452ee753f485014986fab09a434671d2b919ee76fc541025c5876a70?s=96&d=mm&r=g","caption":"Memurun Sesi Haber Merkezi"},"sameAs":["https:\/\/memurunsesi.net"],"url":"https:\/\/memurunsesi.net\/index.php\/author\/uniper\/"}]}},"_links":{"self":[{"href":"https:\/\/memurunsesi.net\/index.php\/wp-json\/wp\/v2\/posts\/9119","targetHints":{"allow":["GET"]}}],"collection":[{"href":"https:\/\/memurunsesi.net\/index.php\/wp-json\/wp\/v2\/posts"}],"about":[{"href":"https:\/\/memurunsesi.net\/index.php\/wp-json\/wp\/v2\/types\/post"}],"author":[{"embeddable":true,"href":"https:\/\/memurunsesi.net\/index.php\/wp-json\/wp\/v2\/users\/1"}],"replies":[{"embeddable":true,"href":"https:\/\/memurunsesi.net\/index.php\/wp-json\/wp\/v2\/comments?post=9119"}],"version-history":[{"count":1,"href":"https:\/\/memurunsesi.net\/index.php\/wp-json\/wp\/v2\/posts\/9119\/revisions"}],"predecessor-version":[{"id":9121,"href":"https:\/\/memurunsesi.net\/index.php\/wp-json\/wp\/v2\/posts\/9119\/revisions\/9121"}],"wp:featuredmedia":[{"embeddable":true,"href":"https:\/\/memurunsesi.net\/index.php\/wp-json\/wp\/v2\/media\/9120"}],"wp:attachment":[{"href":"https:\/\/memurunsesi.net\/index.php\/wp-json\/wp\/v2\/media?parent=9119"}],"wp:term":[{"taxonomy":"category","embeddable":true,"href":"https:\/\/memurunsesi.net\/index.php\/wp-json\/wp\/v2\/categories?post=9119"},{"taxonomy":"post_tag","embeddable":true,"href":"https:\/\/memurunsesi.net\/index.php\/wp-json\/wp\/v2\/tags?post=9119"}],"curies":[{"name":"wp","href":"https:\/\/api.w.org\/{rel}","templated":true}]}}