{"id":9233,"date":"2025-07-10T10:38:11","date_gmt":"2025-07-10T07:38:11","guid":{"rendered":"https:\/\/memurunsesi.net\/?p=9233"},"modified":"2025-07-10T10:38:11","modified_gmt":"2025-07-10T07:38:11","slug":"sasi-hilesiyle-suc-agina-darbe-6-tutuklama","status":"publish","type":"post","link":"https:\/\/memurunsesi.net\/index.php\/2025\/07\/10\/sasi-hilesiyle-suc-agina-darbe-6-tutuklama\/","title":{"rendered":"\u015easi hilesiyle su\u00e7 a\u011f\u0131na darbe: 6 tutuklama"},"content":{"rendered":"<p>  &#8211; Konya&#8217;da d\u00fczenlenen operasyonla 15 milyon liral\u0131k kamu zarar\u0131 \u00f6nlendi <\/p>\n<p>   Konya&#8217;da \u00e7al\u0131nt\u0131 ve g\u00fcmr\u00fck ka\u00e7a\u011f\u0131 ara\u00e7lar\u0131n \u015fasi numaralar\u0131n\u0131 de\u011fi\u015ftirerek satan su\u00e7 a\u011f\u0131na y\u00f6nelik d\u00fczenlenen operasyonda g\u00f6zalt\u0131na al\u0131nan 10 \u015f\u00fcpheliden 6&#8217;s\u0131 tutukland\u0131.<br \/>\n  Edinilen bilgiye g\u00f6re, Konya Emniyet M\u00fcd\u00fcrl\u00fc\u011f\u00fc Asayi\u015f \u015eube M\u00fcd\u00fcrl\u00fc\u011f\u00fc Oto H\u0131rs\u0131zl\u0131\u011f\u0131 B\u00fcro Amirli\u011fi&#8217;nce yap\u0131lan \u00e7al\u0131\u015fmalarda deprem, trafik kazas\u0131 ve ara\u00e7 yang\u0131n\u0131 sonucu a\u011f\u0131r hasar alm\u0131\u015f ara\u00e7lar\u0131n yeniden trafi\u011fe \u00e7\u0131kar\u0131ld\u0131\u011f\u0131 belirlendi. Hasarl\u0131 ara\u00e7lara ait \u015fasi ve motor numaras\u0131 bilgilerinin \u00e7al\u0131nt\u0131, yakalamal\u0131\/hacizli ve g\u00fcmr\u00fck ka\u00e7a\u011f\u0131 aranan ara\u00e7lara aktar\u0131l\u0131p sat\u0131\u015f yoluyla haks\u0131z kazan\u00e7 sa\u011fland\u0131\u011f\u0131 belirlendi. Y\u00fcr\u00fct\u00fclen soru\u015fturma kapsam\u0131nda yap\u0131lan operasyonlarda Konya&#8217;da 12, Isparta&#8217;da 1, Ni\u011fde&#8217;de 1, Bal\u0131kesir&#8217;de 1, Karaman&#8217;da 1, Mersin&#8217;de 1, \u0130zmir&#8217;de 1, \u00c7orum&#8217;da 1, \u0130stanbul&#8217;da 1, Kahramanmara\u015f&#8217;ta 1, Adana&#8217;da 1, Ankara&#8217;da 1 olmak \u00fczere toplam 23 \u015fasi numaralar\u0131 de\u011fi\u015ftirilmi\u015f araca el konuldu. Yap\u0131lan incelemelerde 17 arac\u0131n g\u00fcmr\u00fck ka\u00e7a\u011f\u0131 oldu\u011fu, 4 arac\u0131n \u00e7al\u0131nt\u0131 oldu\u011fu, 2 arac\u0131n ise yakalamal\u0131 ve hacizli oldu\u011fu belirlendi. <\/p>\n<p>  Ele ge\u00e7irilen ara\u00e7lar\u0131n de\u011feri 15 milyon TL<br \/>\n  Polis ekiplerince ele ge\u00e7irilen ara\u00e7lar\u0131n toplam piyasa de\u011ferinin yakla\u015f\u0131k 15 milyon TL oldu\u011fu belirlenirken, ara\u00e7lardan elde edilen su\u00e7 gelirleri MASAK taraf\u0131ndan takibe al\u0131nd\u0131. MASAK raporuna g\u00f6re \u015f\u00fcpheliler aras\u0131nda yakla\u015f\u0131k 3 milyon TL tutar\u0131nda para transferi ger\u00e7ekle\u015ftirildi\u011fi tespit edildi. Konya merkezli d\u00fczenlenen e\u015f zamanl\u0131 operasyonlarda Konya&#8217;da 9, Karaman&#8217;\u0131n Ermenek il\u00e7esinde 1 ki\u015fi olmak \u00fczere toplam 10 \u015f\u00fcpheli g\u00f6zalt\u0131na al\u0131nd\u0131. \u015e\u00fcphelilerin ikamet ve i\u015f yerlerinde yap\u0131lan aramalarda 2 av t\u00fcfe\u011fi ve 33 adet kartu\u015f, 12 tescilsiz plaka, \u00e7ok say\u0131da ara\u00e7 sat\u0131\u015f s\u00f6zle\u015fmesi ve vekaletname ele ge\u00e7irildi. G\u00f6zalt\u0131na al\u0131nan \u015f\u00fcpheliler, emniyetteki i\u015flemlerinin ard\u0131ndan Konya Cumhuriyet Ba\u015fsavc\u0131l\u0131\u011f\u0131na sevk edildi. 10 \u015f\u00fcpheliden 4&#8217;\u00fc yurt d\u0131\u015f\u0131 \u00e7\u0131k\u0131\u015f yasa\u011f\u0131 ve adli kontrol \u015fart\u0131yla serbest b\u0131rak\u0131l\u0131rken, 6 \u015fah\u0131s tutuklanarak cezaevine g\u00f6nderildi. <\/p>\n<p>10.07.2025                              <\/p>\n","protected":false},"excerpt":{"rendered":"<p>&#8211; Konya&#8217;da d\u00fczenlenen operasyonla 15 milyon liral\u0131k kamu zarar\u0131 \u00f6nlendi Konya&#8217;da \u00e7al\u0131nt\u0131 ve g\u00fcmr\u00fck ka\u00e7a\u011f\u0131 ara\u00e7lar\u0131n \u015fasi numaralar\u0131n\u0131 de\u011fi\u015ftirerek satan su\u00e7 a\u011f\u0131na y\u00f6nelik d\u00fczenlenen operasyonda g\u00f6zalt\u0131na al\u0131nan 10 \u015f\u00fcpheliden 6&#8217;s\u0131 tutukland\u0131. Edinilen bilgiye g\u00f6re, Konya Emniyet M\u00fcd\u00fcrl\u00fc\u011f\u00fc Asayi\u015f \u015eube M\u00fcd\u00fcrl\u00fc\u011f\u00fc Oto H\u0131rs\u0131zl\u0131\u011f\u0131 B\u00fcro Amirli\u011fi&#8217;nce yap\u0131lan \u00e7al\u0131\u015fmalarda deprem, trafik kazas\u0131 ve ara\u00e7 yang\u0131n\u0131 sonucu a\u011f\u0131r hasar [&hellip;]<\/p>\n","protected":false},"author":1,"featured_media":9234,"comment_status":"open","ping_status":"open","sticky":false,"template":"","format":"standard","meta":{"footnotes":""},"categories":[1],"tags":[],"class_list":["post-9233","post","type-post","status-publish","format-standard","has-post-thumbnail","hentry","category-genel"],"yoast_head":"<!-- This site is optimized with the Yoast SEO plugin v27.4 - https:\/\/yoast.com\/product\/yoast-seo-wordpress\/ -->\n<title>\u015easi hilesiyle su\u00e7 a\u011f\u0131na darbe: 6 tutuklama - Memurun Sesi<\/title>\n<meta name=\"robots\" content=\"index, follow, max-snippet:-1, max-image-preview:large, max-video-preview:-1\" \/>\n<link rel=\"canonical\" href=\"https:\/\/memurunsesi.net\/index.php\/2025\/07\/10\/sasi-hilesiyle-suc-agina-darbe-6-tutuklama\/\" \/>\n<meta property=\"og:locale\" content=\"tr_TR\" \/>\n<meta property=\"og:type\" content=\"article\" \/>\n<meta property=\"og:title\" content=\"\u015easi hilesiyle su\u00e7 a\u011f\u0131na darbe: 6 tutuklama - Memurun Sesi\" \/>\n<meta property=\"og:description\" content=\"&#8211; Konya&#8217;da d\u00fczenlenen operasyonla 15 milyon liral\u0131k kamu zarar\u0131 \u00f6nlendi Konya&#8217;da \u00e7al\u0131nt\u0131 ve g\u00fcmr\u00fck ka\u00e7a\u011f\u0131 ara\u00e7lar\u0131n \u015fasi numaralar\u0131n\u0131 de\u011fi\u015ftirerek satan su\u00e7 a\u011f\u0131na y\u00f6nelik d\u00fczenlenen operasyonda g\u00f6zalt\u0131na al\u0131nan 10 \u015f\u00fcpheliden 6&#8217;s\u0131 tutukland\u0131. Edinilen bilgiye g\u00f6re, Konya Emniyet M\u00fcd\u00fcrl\u00fc\u011f\u00fc Asayi\u015f \u015eube M\u00fcd\u00fcrl\u00fc\u011f\u00fc Oto H\u0131rs\u0131zl\u0131\u011f\u0131 B\u00fcro Amirli\u011fi&#8217;nce yap\u0131lan \u00e7al\u0131\u015fmalarda deprem, trafik kazas\u0131 ve ara\u00e7 yang\u0131n\u0131 sonucu a\u011f\u0131r hasar [&hellip;]\" \/>\n<meta property=\"og:url\" content=\"https:\/\/memurunsesi.net\/index.php\/2025\/07\/10\/sasi-hilesiyle-suc-agina-darbe-6-tutuklama\/\" \/>\n<meta property=\"og:site_name\" content=\"Memurun Sesi\" \/>\n<meta property=\"article:publisher\" content=\"https:\/\/www.facebook.com\/unipersen\/?locale=tr_TR\" \/>\n<meta property=\"article:published_time\" content=\"2025-07-10T07:38:11+00:00\" \/>\n<meta property=\"og:image\" content=\"https:\/\/memurunsesi.net\/wp-content\/uploads\/2025\/07\/AW494011_01.jpg\" \/>\n\t<meta property=\"og:image:width\" content=\"2560\" \/>\n\t<meta property=\"og:image:height\" content=\"1920\" \/>\n\t<meta property=\"og:image:type\" content=\"image\/jpeg\" \/>\n<meta name=\"author\" content=\"Memurun Sesi Haber Merkezi\" \/>\n<meta name=\"twitter:card\" content=\"summary_large_image\" \/>\n<meta name=\"twitter:creator\" content=\"@unipersen\" \/>\n<meta name=\"twitter:site\" content=\"@unipersen\" \/>\n<meta name=\"twitter:label1\" content=\"Yazan:\" \/>\n\t<meta name=\"twitter:data1\" content=\"Memurun Sesi Haber Merkezi\" \/>\n\t<meta name=\"twitter:label2\" content=\"Tahmini okuma s\u00fcresi\" \/>\n\t<meta name=\"twitter:data2\" content=\"1 dakika\" \/>\n<script type=\"application\/ld+json\" class=\"yoast-schema-graph\">{\"@context\":\"https:\\\/\\\/schema.org\",\"@graph\":[{\"@type\":\"Article\",\"@id\":\"https:\\\/\\\/memurunsesi.net\\\/index.php\\\/2025\\\/07\\\/10\\\/sasi-hilesiyle-suc-agina-darbe-6-tutuklama\\\/#article\",\"isPartOf\":{\"@id\":\"https:\\\/\\\/memurunsesi.net\\\/index.php\\\/2025\\\/07\\\/10\\\/sasi-hilesiyle-suc-agina-darbe-6-tutuklama\\\/\"},\"author\":{\"name\":\"Memurun Sesi Haber Merkezi\",\"@id\":\"https:\\\/\\\/memurunsesi.net\\\/#\\\/schema\\\/person\\\/f21c2d73b89f6ee1d80b0a1803e38587\"},\"headline\":\"\u015easi hilesiyle su\u00e7 a\u011f\u0131na darbe: 6 tutuklama\",\"datePublished\":\"2025-07-10T07:38:11+00:00\",\"mainEntityOfPage\":{\"@id\":\"https:\\\/\\\/memurunsesi.net\\\/index.php\\\/2025\\\/07\\\/10\\\/sasi-hilesiyle-suc-agina-darbe-6-tutuklama\\\/\"},\"wordCount\":368,\"commentCount\":0,\"publisher\":{\"@id\":\"https:\\\/\\\/memurunsesi.net\\\/#organization\"},\"image\":{\"@id\":\"https:\\\/\\\/memurunsesi.net\\\/index.php\\\/2025\\\/07\\\/10\\\/sasi-hilesiyle-suc-agina-darbe-6-tutuklama\\\/#primaryimage\"},\"thumbnailUrl\":\"https:\\\/\\\/memurunsesi.net\\\/wp-content\\\/uploads\\\/2025\\\/07\\\/AW494011_01.jpg\",\"inLanguage\":\"tr\",\"potentialAction\":[{\"@type\":\"CommentAction\",\"name\":\"Comment\",\"target\":[\"https:\\\/\\\/memurunsesi.net\\\/index.php\\\/2025\\\/07\\\/10\\\/sasi-hilesiyle-suc-agina-darbe-6-tutuklama\\\/#respond\"]}]},{\"@type\":\"WebPage\",\"@id\":\"https:\\\/\\\/memurunsesi.net\\\/index.php\\\/2025\\\/07\\\/10\\\/sasi-hilesiyle-suc-agina-darbe-6-tutuklama\\\/\",\"url\":\"https:\\\/\\\/memurunsesi.net\\\/index.php\\\/2025\\\/07\\\/10\\\/sasi-hilesiyle-suc-agina-darbe-6-tutuklama\\\/\",\"name\":\"\u015easi hilesiyle su\u00e7 a\u011f\u0131na darbe: 6 tutuklama - Memurun Sesi\",\"isPartOf\":{\"@id\":\"https:\\\/\\\/memurunsesi.net\\\/#website\"},\"primaryImageOfPage\":{\"@id\":\"https:\\\/\\\/memurunsesi.net\\\/index.php\\\/2025\\\/07\\\/10\\\/sasi-hilesiyle-suc-agina-darbe-6-tutuklama\\\/#primaryimage\"},\"image\":{\"@id\":\"https:\\\/\\\/memurunsesi.net\\\/index.php\\\/2025\\\/07\\\/10\\\/sasi-hilesiyle-suc-agina-darbe-6-tutuklama\\\/#primaryimage\"},\"thumbnailUrl\":\"https:\\\/\\\/memurunsesi.net\\\/wp-content\\\/uploads\\\/2025\\\/07\\\/AW494011_01.jpg\",\"datePublished\":\"2025-07-10T07:38:11+00:00\",\"breadcrumb\":{\"@id\":\"https:\\\/\\\/memurunsesi.net\\\/index.php\\\/2025\\\/07\\\/10\\\/sasi-hilesiyle-suc-agina-darbe-6-tutuklama\\\/#breadcrumb\"},\"inLanguage\":\"tr\",\"potentialAction\":[{\"@type\":\"ReadAction\",\"target\":[\"https:\\\/\\\/memurunsesi.net\\\/index.php\\\/2025\\\/07\\\/10\\\/sasi-hilesiyle-suc-agina-darbe-6-tutuklama\\\/\"]}]},{\"@type\":\"ImageObject\",\"inLanguage\":\"tr\",\"@id\":\"https:\\\/\\\/memurunsesi.net\\\/index.php\\\/2025\\\/07\\\/10\\\/sasi-hilesiyle-suc-agina-darbe-6-tutuklama\\\/#primaryimage\",\"url\":\"https:\\\/\\\/memurunsesi.net\\\/wp-content\\\/uploads\\\/2025\\\/07\\\/AW494011_01.jpg\",\"contentUrl\":\"https:\\\/\\\/memurunsesi.net\\\/wp-content\\\/uploads\\\/2025\\\/07\\\/AW494011_01.jpg\",\"width\":2560,\"height\":1920,\"caption\":\"KONYA EMN\u0130YET M\u00dcD\u00dcRL\u00dc\u011e\u00dc, A\u011eIR HASARLI ARA\u00c7LARIN \u015eAS\u0130 VE MOTOR NUMARALARI DE\u011e\u0130\u015eT\u0130R\u0130LEREK YEN\u0130DEN TRAF\u0130\u011eE \u00c7IKARILDI\u011eI TESP\u0130T ED\u0130LEN ''CHANGE'' OPERASYONUNDA 23 ARACA EL KOYARKEN, OLAYLA BA\u011eLANTILI 10 \u015e\u00dcPHEL\u0130DEN 6'SI TUTUKLANDI. (HAL\u0130L \u0130BRAH\u0130M TAHA TA\u015e\\\/KONYA-\u0130HA) Konya'da \u00e7al\u0131nt\u0131 ve g\u00fcmr\u00fck ka\u00e7a\u011f\u0131 ara\u00e7lar\u0131n \u015fasi numaralar\u0131n\u0131 de\u011fi\u015ftirerek satan su\u00e7 a\u011f\u0131na y\u00f6nelik d\u00fczenlenen operasyonda g\u00f6zalt\u0131na al\u0131nan 10 \u015f\u00fcpheliden 6's\u0131 tutukland\u0131.\"},{\"@type\":\"BreadcrumbList\",\"@id\":\"https:\\\/\\\/memurunsesi.net\\\/index.php\\\/2025\\\/07\\\/10\\\/sasi-hilesiyle-suc-agina-darbe-6-tutuklama\\\/#breadcrumb\",\"itemListElement\":[{\"@type\":\"ListItem\",\"position\":1,\"name\":\"Anasayfa\",\"item\":\"https:\\\/\\\/memurunsesi.net\\\/\"},{\"@type\":\"ListItem\",\"position\":2,\"name\":\"\u015easi hilesiyle su\u00e7 a\u011f\u0131na darbe: 6 tutuklama\"}]},{\"@type\":\"WebSite\",\"@id\":\"https:\\\/\\\/memurunsesi.net\\\/#website\",\"url\":\"https:\\\/\\\/memurunsesi.net\\\/\",\"name\":\"Memurun Sesi\",\"description\":\"G\u00fcncel ve Do\u011fru Haber\",\"publisher\":{\"@id\":\"https:\\\/\\\/memurunsesi.net\\\/#organization\"},\"potentialAction\":[{\"@type\":\"SearchAction\",\"target\":{\"@type\":\"EntryPoint\",\"urlTemplate\":\"https:\\\/\\\/memurunsesi.net\\\/?s={search_term_string}\"},\"query-input\":{\"@type\":\"PropertyValueSpecification\",\"valueRequired\":true,\"valueName\":\"search_term_string\"}}],\"inLanguage\":\"tr\"},{\"@type\":\"Organization\",\"@id\":\"https:\\\/\\\/memurunsesi.net\\\/#organization\",\"name\":\"Memurun Sesi\",\"url\":\"https:\\\/\\\/memurunsesi.net\\\/\",\"logo\":{\"@type\":\"ImageObject\",\"inLanguage\":\"tr\",\"@id\":\"https:\\\/\\\/memurunsesi.net\\\/#\\\/schema\\\/logo\\\/image\\\/\",\"url\":\"https:\\\/\\\/memurunsesi.net\\\/wp-content\\\/uploads\\\/2025\\\/11\\\/cropped-MEMURUN-SESI.png\",\"contentUrl\":\"https:\\\/\\\/memurunsesi.net\\\/wp-content\\\/uploads\\\/2025\\\/11\\\/cropped-MEMURUN-SESI.png\",\"width\":238,\"height\":57,\"caption\":\"Memurun Sesi\"},\"image\":{\"@id\":\"https:\\\/\\\/memurunsesi.net\\\/#\\\/schema\\\/logo\\\/image\\\/\"},\"sameAs\":[\"https:\\\/\\\/www.facebook.com\\\/unipersen\\\/?locale=tr_TR\",\"https:\\\/\\\/x.com\\\/unipersen\"]},{\"@type\":\"Person\",\"@id\":\"https:\\\/\\\/memurunsesi.net\\\/#\\\/schema\\\/person\\\/f21c2d73b89f6ee1d80b0a1803e38587\",\"name\":\"Memurun Sesi Haber Merkezi\",\"image\":{\"@type\":\"ImageObject\",\"inLanguage\":\"tr\",\"@id\":\"https:\\\/\\\/secure.gravatar.com\\\/avatar\\\/6cf0505f452ee753f485014986fab09a434671d2b919ee76fc541025c5876a70?s=96&d=mm&r=g\",\"url\":\"https:\\\/\\\/secure.gravatar.com\\\/avatar\\\/6cf0505f452ee753f485014986fab09a434671d2b919ee76fc541025c5876a70?s=96&d=mm&r=g\",\"contentUrl\":\"https:\\\/\\\/secure.gravatar.com\\\/avatar\\\/6cf0505f452ee753f485014986fab09a434671d2b919ee76fc541025c5876a70?s=96&d=mm&r=g\",\"caption\":\"Memurun Sesi Haber Merkezi\"},\"sameAs\":[\"https:\\\/\\\/memurunsesi.net\"],\"url\":\"https:\\\/\\\/memurunsesi.net\\\/index.php\\\/author\\\/uniper\\\/\"}]}<\/script>\n<!-- \/ Yoast SEO plugin. -->","yoast_head_json":{"title":"\u015easi hilesiyle su\u00e7 a\u011f\u0131na darbe: 6 tutuklama - Memurun Sesi","robots":{"index":"index","follow":"follow","max-snippet":"max-snippet:-1","max-image-preview":"max-image-preview:large","max-video-preview":"max-video-preview:-1"},"canonical":"https:\/\/memurunsesi.net\/index.php\/2025\/07\/10\/sasi-hilesiyle-suc-agina-darbe-6-tutuklama\/","og_locale":"tr_TR","og_type":"article","og_title":"\u015easi hilesiyle su\u00e7 a\u011f\u0131na darbe: 6 tutuklama - Memurun Sesi","og_description":"&#8211; Konya&#8217;da d\u00fczenlenen operasyonla 15 milyon liral\u0131k kamu zarar\u0131 \u00f6nlendi Konya&#8217;da \u00e7al\u0131nt\u0131 ve g\u00fcmr\u00fck ka\u00e7a\u011f\u0131 ara\u00e7lar\u0131n \u015fasi numaralar\u0131n\u0131 de\u011fi\u015ftirerek satan su\u00e7 a\u011f\u0131na y\u00f6nelik d\u00fczenlenen operasyonda g\u00f6zalt\u0131na al\u0131nan 10 \u015f\u00fcpheliden 6&#8217;s\u0131 tutukland\u0131. Edinilen bilgiye g\u00f6re, Konya Emniyet M\u00fcd\u00fcrl\u00fc\u011f\u00fc Asayi\u015f \u015eube M\u00fcd\u00fcrl\u00fc\u011f\u00fc Oto H\u0131rs\u0131zl\u0131\u011f\u0131 B\u00fcro Amirli\u011fi&#8217;nce yap\u0131lan \u00e7al\u0131\u015fmalarda deprem, trafik kazas\u0131 ve ara\u00e7 yang\u0131n\u0131 sonucu a\u011f\u0131r hasar [&hellip;]","og_url":"https:\/\/memurunsesi.net\/index.php\/2025\/07\/10\/sasi-hilesiyle-suc-agina-darbe-6-tutuklama\/","og_site_name":"Memurun Sesi","article_publisher":"https:\/\/www.facebook.com\/unipersen\/?locale=tr_TR","article_published_time":"2025-07-10T07:38:11+00:00","og_image":[{"width":2560,"height":1920,"url":"https:\/\/memurunsesi.net\/wp-content\/uploads\/2025\/07\/AW494011_01.jpg","type":"image\/jpeg"}],"author":"Memurun Sesi Haber Merkezi","twitter_card":"summary_large_image","twitter_creator":"@unipersen","twitter_site":"@unipersen","twitter_misc":{"Yazan:":"Memurun Sesi Haber Merkezi","Tahmini okuma s\u00fcresi":"1 dakika"},"schema":{"@context":"https:\/\/schema.org","@graph":[{"@type":"Article","@id":"https:\/\/memurunsesi.net\/index.php\/2025\/07\/10\/sasi-hilesiyle-suc-agina-darbe-6-tutuklama\/#article","isPartOf":{"@id":"https:\/\/memurunsesi.net\/index.php\/2025\/07\/10\/sasi-hilesiyle-suc-agina-darbe-6-tutuklama\/"},"author":{"name":"Memurun Sesi Haber Merkezi","@id":"https:\/\/memurunsesi.net\/#\/schema\/person\/f21c2d73b89f6ee1d80b0a1803e38587"},"headline":"\u015easi hilesiyle su\u00e7 a\u011f\u0131na darbe: 6 tutuklama","datePublished":"2025-07-10T07:38:11+00:00","mainEntityOfPage":{"@id":"https:\/\/memurunsesi.net\/index.php\/2025\/07\/10\/sasi-hilesiyle-suc-agina-darbe-6-tutuklama\/"},"wordCount":368,"commentCount":0,"publisher":{"@id":"https:\/\/memurunsesi.net\/#organization"},"image":{"@id":"https:\/\/memurunsesi.net\/index.php\/2025\/07\/10\/sasi-hilesiyle-suc-agina-darbe-6-tutuklama\/#primaryimage"},"thumbnailUrl":"https:\/\/memurunsesi.net\/wp-content\/uploads\/2025\/07\/AW494011_01.jpg","inLanguage":"tr","potentialAction":[{"@type":"CommentAction","name":"Comment","target":["https:\/\/memurunsesi.net\/index.php\/2025\/07\/10\/sasi-hilesiyle-suc-agina-darbe-6-tutuklama\/#respond"]}]},{"@type":"WebPage","@id":"https:\/\/memurunsesi.net\/index.php\/2025\/07\/10\/sasi-hilesiyle-suc-agina-darbe-6-tutuklama\/","url":"https:\/\/memurunsesi.net\/index.php\/2025\/07\/10\/sasi-hilesiyle-suc-agina-darbe-6-tutuklama\/","name":"\u015easi hilesiyle su\u00e7 a\u011f\u0131na darbe: 6 tutuklama - Memurun Sesi","isPartOf":{"@id":"https:\/\/memurunsesi.net\/#website"},"primaryImageOfPage":{"@id":"https:\/\/memurunsesi.net\/index.php\/2025\/07\/10\/sasi-hilesiyle-suc-agina-darbe-6-tutuklama\/#primaryimage"},"image":{"@id":"https:\/\/memurunsesi.net\/index.php\/2025\/07\/10\/sasi-hilesiyle-suc-agina-darbe-6-tutuklama\/#primaryimage"},"thumbnailUrl":"https:\/\/memurunsesi.net\/wp-content\/uploads\/2025\/07\/AW494011_01.jpg","datePublished":"2025-07-10T07:38:11+00:00","breadcrumb":{"@id":"https:\/\/memurunsesi.net\/index.php\/2025\/07\/10\/sasi-hilesiyle-suc-agina-darbe-6-tutuklama\/#breadcrumb"},"inLanguage":"tr","potentialAction":[{"@type":"ReadAction","target":["https:\/\/memurunsesi.net\/index.php\/2025\/07\/10\/sasi-hilesiyle-suc-agina-darbe-6-tutuklama\/"]}]},{"@type":"ImageObject","inLanguage":"tr","@id":"https:\/\/memurunsesi.net\/index.php\/2025\/07\/10\/sasi-hilesiyle-suc-agina-darbe-6-tutuklama\/#primaryimage","url":"https:\/\/memurunsesi.net\/wp-content\/uploads\/2025\/07\/AW494011_01.jpg","contentUrl":"https:\/\/memurunsesi.net\/wp-content\/uploads\/2025\/07\/AW494011_01.jpg","width":2560,"height":1920,"caption":"KONYA EMN\u0130YET M\u00dcD\u00dcRL\u00dc\u011e\u00dc, A\u011eIR HASARLI ARA\u00c7LARIN \u015eAS\u0130 VE MOTOR NUMARALARI DE\u011e\u0130\u015eT\u0130R\u0130LEREK YEN\u0130DEN TRAF\u0130\u011eE \u00c7IKARILDI\u011eI TESP\u0130T ED\u0130LEN ''CHANGE'' OPERASYONUNDA 23 ARACA EL KOYARKEN, OLAYLA BA\u011eLANTILI 10 \u015e\u00dcPHEL\u0130DEN 6'SI TUTUKLANDI. (HAL\u0130L \u0130BRAH\u0130M TAHA TA\u015e\/KONYA-\u0130HA) Konya'da \u00e7al\u0131nt\u0131 ve g\u00fcmr\u00fck ka\u00e7a\u011f\u0131 ara\u00e7lar\u0131n \u015fasi numaralar\u0131n\u0131 de\u011fi\u015ftirerek satan su\u00e7 a\u011f\u0131na y\u00f6nelik d\u00fczenlenen operasyonda g\u00f6zalt\u0131na al\u0131nan 10 \u015f\u00fcpheliden 6's\u0131 tutukland\u0131."},{"@type":"BreadcrumbList","@id":"https:\/\/memurunsesi.net\/index.php\/2025\/07\/10\/sasi-hilesiyle-suc-agina-darbe-6-tutuklama\/#breadcrumb","itemListElement":[{"@type":"ListItem","position":1,"name":"Anasayfa","item":"https:\/\/memurunsesi.net\/"},{"@type":"ListItem","position":2,"name":"\u015easi hilesiyle su\u00e7 a\u011f\u0131na darbe: 6 tutuklama"}]},{"@type":"WebSite","@id":"https:\/\/memurunsesi.net\/#website","url":"https:\/\/memurunsesi.net\/","name":"Memurun Sesi","description":"G\u00fcncel ve Do\u011fru Haber","publisher":{"@id":"https:\/\/memurunsesi.net\/#organization"},"potentialAction":[{"@type":"SearchAction","target":{"@type":"EntryPoint","urlTemplate":"https:\/\/memurunsesi.net\/?s={search_term_string}"},"query-input":{"@type":"PropertyValueSpecification","valueRequired":true,"valueName":"search_term_string"}}],"inLanguage":"tr"},{"@type":"Organization","@id":"https:\/\/memurunsesi.net\/#organization","name":"Memurun Sesi","url":"https:\/\/memurunsesi.net\/","logo":{"@type":"ImageObject","inLanguage":"tr","@id":"https:\/\/memurunsesi.net\/#\/schema\/logo\/image\/","url":"https:\/\/memurunsesi.net\/wp-content\/uploads\/2025\/11\/cropped-MEMURUN-SESI.png","contentUrl":"https:\/\/memurunsesi.net\/wp-content\/uploads\/2025\/11\/cropped-MEMURUN-SESI.png","width":238,"height":57,"caption":"Memurun Sesi"},"image":{"@id":"https:\/\/memurunsesi.net\/#\/schema\/logo\/image\/"},"sameAs":["https:\/\/www.facebook.com\/unipersen\/?locale=tr_TR","https:\/\/x.com\/unipersen"]},{"@type":"Person","@id":"https:\/\/memurunsesi.net\/#\/schema\/person\/f21c2d73b89f6ee1d80b0a1803e38587","name":"Memurun Sesi Haber Merkezi","image":{"@type":"ImageObject","inLanguage":"tr","@id":"https:\/\/secure.gravatar.com\/avatar\/6cf0505f452ee753f485014986fab09a434671d2b919ee76fc541025c5876a70?s=96&d=mm&r=g","url":"https:\/\/secure.gravatar.com\/avatar\/6cf0505f452ee753f485014986fab09a434671d2b919ee76fc541025c5876a70?s=96&d=mm&r=g","contentUrl":"https:\/\/secure.gravatar.com\/avatar\/6cf0505f452ee753f485014986fab09a434671d2b919ee76fc541025c5876a70?s=96&d=mm&r=g","caption":"Memurun Sesi Haber Merkezi"},"sameAs":["https:\/\/memurunsesi.net"],"url":"https:\/\/memurunsesi.net\/index.php\/author\/uniper\/"}]}},"_links":{"self":[{"href":"https:\/\/memurunsesi.net\/index.php\/wp-json\/wp\/v2\/posts\/9233","targetHints":{"allow":["GET"]}}],"collection":[{"href":"https:\/\/memurunsesi.net\/index.php\/wp-json\/wp\/v2\/posts"}],"about":[{"href":"https:\/\/memurunsesi.net\/index.php\/wp-json\/wp\/v2\/types\/post"}],"author":[{"embeddable":true,"href":"https:\/\/memurunsesi.net\/index.php\/wp-json\/wp\/v2\/users\/1"}],"replies":[{"embeddable":true,"href":"https:\/\/memurunsesi.net\/index.php\/wp-json\/wp\/v2\/comments?post=9233"}],"version-history":[{"count":1,"href":"https:\/\/memurunsesi.net\/index.php\/wp-json\/wp\/v2\/posts\/9233\/revisions"}],"predecessor-version":[{"id":9235,"href":"https:\/\/memurunsesi.net\/index.php\/wp-json\/wp\/v2\/posts\/9233\/revisions\/9235"}],"wp:featuredmedia":[{"embeddable":true,"href":"https:\/\/memurunsesi.net\/index.php\/wp-json\/wp\/v2\/media\/9234"}],"wp:attachment":[{"href":"https:\/\/memurunsesi.net\/index.php\/wp-json\/wp\/v2\/media?parent=9233"}],"wp:term":[{"taxonomy":"category","embeddable":true,"href":"https:\/\/memurunsesi.net\/index.php\/wp-json\/wp\/v2\/categories?post=9233"},{"taxonomy":"post_tag","embeddable":true,"href":"https:\/\/memurunsesi.net\/index.php\/wp-json\/wp\/v2\/tags?post=9233"}],"curies":[{"name":"wp","href":"https:\/\/api.w.org\/{rel}","templated":true}]}}