{"id":9236,"date":"2025-07-10T10:40:09","date_gmt":"2025-07-10T07:40:09","guid":{"rendered":"https:\/\/memurunsesi.net\/?p=9236"},"modified":"2025-07-10T10:40:09","modified_gmt":"2025-07-10T07:40:09","slug":"otoyolda-aracini-ve-esini-birakip-ortadan-kayboldu","status":"publish","type":"post","link":"https:\/\/memurunsesi.net\/index.php\/2025\/07\/10\/otoyolda-aracini-ve-esini-birakip-ortadan-kayboldu\/","title":{"rendered":"Otoyolda arac\u0131n\u0131 ve e\u015fini b\u0131rak\u0131p ortadan kayboldu"},"content":{"rendered":"<p>  &#8211; Kay\u0131plara kar\u0131\u015fan ya\u015fl\u0131 adam\u0131 bulabilmek i\u00e7in ekipler seferber oldu<br \/>\n  &#8211; Saatler s\u00fcren \u00e7al\u0131\u015fman\u0131n ard\u0131ndan ormanl\u0131k alanda bulunan 70 ya\u015f\u0131ndaki adam, kald\u0131r\u0131ld\u0131\u011f\u0131 hastanede ya\u015fam\u0131n\u0131 yitirdi   <\/p>\n<p>   Anadolu Otoyolu Sakarya ge\u00e7i\u015finde gece saatlerinde 70 ya\u015f\u0131ndaki adam, dinlenme tesisinde arac\u0131n\u0131 ve e\u015fini b\u0131rak\u0131p ortadan kayboldu. Ekiplerin sabaha kadar s\u00fcren arama \u00e7al\u0131\u015fmalar\u0131 neticesinde ormanl\u0131k alanda sa\u011f olarak bulunan ya\u015fl\u0131 adam, kald\u0131r\u0131ld\u0131\u011f\u0131 hastanede hayat\u0131n\u0131 kaybetti.<br \/>\n  Olay, d\u00fcn ak\u015fam saat 22.30 s\u0131ralar\u0131nda Anadolu Otoyolu&#8217;nun Ankara istikametinde Hendek il\u00e7esinde bulunan bir dinlenme tesisinde meydana geldi. Devriye g\u00f6revi y\u00fcr\u00fcten jandarma ekipleri, emniyet \u015feridinde park etmi\u015f bir arac\u0131n yan\u0131nda bulunan E.G. (65) isimli kad\u0131n\u0131n panik halinde oldu\u011funu fark etti. E.G., saat 20.00 civar\u0131nda e\u015fi S.G.&#8217;nin (70) kendisini ve arac\u0131 emniyet \u015feridine b\u0131rakarak dinlenme tesisine gitti\u011fini, ancak aradan ge\u00e7en 2 saatin ard\u0131ndan geri d\u00f6nmedi\u011fini belirtti. Bunun \u00fczerine jandarma ekipleri hemen arama \u00e7al\u0131\u015fmas\u0131 ba\u015flatt\u0131. Olay yerine 6 Otoyol Jandarma Timi, 1 Jandarma Asayi\u015f Komando B\u00f6l\u00fc\u011f\u00fc, 1 iz takip k\u00f6pe\u011fi, AFAD ekipleri ve 10 tesis \u00e7al\u0131\u015fan\u0131n\u0131n da kat\u0131l\u0131m\u0131yla toplam 60 ki\u015filik bir arama ekibi sevk edildi. Ekipler, ya\u015fl\u0131 adam\u0131n bulunabilece\u011fi de\u011ferlendirilen \u0130stanbul istikameti y\u00f6n\u00fcndeki dinlenme tesisine yak\u0131n ormanl\u0131k alanda aramalar\u0131n\u0131 yo\u011funla\u015ft\u0131rd\u0131. S.G., sabaha kar\u015f\u0131 saat 05.15&#8217;te ekipler taraf\u0131ndan ormanl\u0131k alanda sa\u011f olarak bulundu. Hemen sa\u011fl\u0131k ekiplerine haber verildi ve \u015fah\u0131s tedbir ama\u00e7l\u0131 Hendek Devlet Hastanesi&#8217;ne kald\u0131r\u0131ld\u0131. Talihsiz adam, kald\u0131r\u0131ld\u0131\u011f\u0131 hastanede ya\u015fam\u0131n\u0131 yitirdi.<br \/>\n  Olayla alakal\u0131 inceleme ba\u015flat\u0131ld\u0131. <\/p>\n<p>10.07.2025                                <\/p>\n","protected":false},"excerpt":{"rendered":"<p>&#8211; Kay\u0131plara kar\u0131\u015fan ya\u015fl\u0131 adam\u0131 bulabilmek i\u00e7in ekipler seferber oldu &#8211; Saatler s\u00fcren \u00e7al\u0131\u015fman\u0131n ard\u0131ndan ormanl\u0131k alanda bulunan 70 ya\u015f\u0131ndaki adam, kald\u0131r\u0131ld\u0131\u011f\u0131 hastanede ya\u015fam\u0131n\u0131 yitirdi Anadolu Otoyolu Sakarya ge\u00e7i\u015finde gece saatlerinde 70 ya\u015f\u0131ndaki adam, dinlenme tesisinde arac\u0131n\u0131 ve e\u015fini b\u0131rak\u0131p ortadan kayboldu. Ekiplerin sabaha kadar s\u00fcren arama \u00e7al\u0131\u015fmalar\u0131 neticesinde ormanl\u0131k alanda sa\u011f olarak bulunan ya\u015fl\u0131 [&hellip;]<\/p>\n","protected":false},"author":1,"featured_media":9237,"comment_status":"open","ping_status":"open","sticky":false,"template":"","format":"standard","meta":{"footnotes":""},"categories":[1],"tags":[],"class_list":["post-9236","post","type-post","status-publish","format-standard","has-post-thumbnail","hentry","category-genel"],"yoast_head":"<!-- This site is optimized with the Yoast SEO plugin v27.4 - https:\/\/yoast.com\/product\/yoast-seo-wordpress\/ -->\n<title>Otoyolda arac\u0131n\u0131 ve e\u015fini b\u0131rak\u0131p ortadan kayboldu - Memurun Sesi<\/title>\n<meta name=\"robots\" content=\"index, follow, max-snippet:-1, max-image-preview:large, max-video-preview:-1\" \/>\n<link rel=\"canonical\" href=\"https:\/\/memurunsesi.net\/index.php\/2025\/07\/10\/otoyolda-aracini-ve-esini-birakip-ortadan-kayboldu\/\" \/>\n<meta property=\"og:locale\" content=\"tr_TR\" \/>\n<meta property=\"og:type\" content=\"article\" \/>\n<meta property=\"og:title\" content=\"Otoyolda arac\u0131n\u0131 ve e\u015fini b\u0131rak\u0131p ortadan kayboldu - Memurun Sesi\" \/>\n<meta property=\"og:description\" content=\"&#8211; Kay\u0131plara kar\u0131\u015fan ya\u015fl\u0131 adam\u0131 bulabilmek i\u00e7in ekipler seferber oldu &#8211; Saatler s\u00fcren \u00e7al\u0131\u015fman\u0131n ard\u0131ndan ormanl\u0131k alanda bulunan 70 ya\u015f\u0131ndaki adam, kald\u0131r\u0131ld\u0131\u011f\u0131 hastanede ya\u015fam\u0131n\u0131 yitirdi Anadolu Otoyolu Sakarya ge\u00e7i\u015finde gece saatlerinde 70 ya\u015f\u0131ndaki adam, dinlenme tesisinde arac\u0131n\u0131 ve e\u015fini b\u0131rak\u0131p ortadan kayboldu. Ekiplerin sabaha kadar s\u00fcren arama \u00e7al\u0131\u015fmalar\u0131 neticesinde ormanl\u0131k alanda sa\u011f olarak bulunan ya\u015fl\u0131 [&hellip;]\" \/>\n<meta property=\"og:url\" content=\"https:\/\/memurunsesi.net\/index.php\/2025\/07\/10\/otoyolda-aracini-ve-esini-birakip-ortadan-kayboldu\/\" \/>\n<meta property=\"og:site_name\" content=\"Memurun Sesi\" \/>\n<meta property=\"article:publisher\" content=\"https:\/\/www.facebook.com\/unipersen\/?locale=tr_TR\" \/>\n<meta property=\"article:published_time\" content=\"2025-07-10T07:40:09+00:00\" \/>\n<meta property=\"og:image\" content=\"https:\/\/memurunsesi.net\/wp-content\/uploads\/2025\/07\/AW494042_01-1.jpg\" \/>\n\t<meta property=\"og:image:width\" content=\"1633\" \/>\n\t<meta property=\"og:image:height\" content=\"1078\" \/>\n\t<meta property=\"og:image:type\" content=\"image\/jpeg\" \/>\n<meta name=\"author\" content=\"Memurun Sesi Haber Merkezi\" \/>\n<meta name=\"twitter:card\" content=\"summary_large_image\" \/>\n<meta name=\"twitter:creator\" content=\"@unipersen\" \/>\n<meta name=\"twitter:site\" content=\"@unipersen\" \/>\n<meta name=\"twitter:label1\" content=\"Yazan:\" \/>\n\t<meta name=\"twitter:data1\" content=\"Memurun Sesi Haber Merkezi\" \/>\n\t<meta name=\"twitter:label2\" content=\"Tahmini okuma s\u00fcresi\" \/>\n\t<meta name=\"twitter:data2\" content=\"1 dakika\" \/>\n<script type=\"application\/ld+json\" class=\"yoast-schema-graph\">{\"@context\":\"https:\\\/\\\/schema.org\",\"@graph\":[{\"@type\":\"Article\",\"@id\":\"https:\\\/\\\/memurunsesi.net\\\/index.php\\\/2025\\\/07\\\/10\\\/otoyolda-aracini-ve-esini-birakip-ortadan-kayboldu\\\/#article\",\"isPartOf\":{\"@id\":\"https:\\\/\\\/memurunsesi.net\\\/index.php\\\/2025\\\/07\\\/10\\\/otoyolda-aracini-ve-esini-birakip-ortadan-kayboldu\\\/\"},\"author\":{\"name\":\"Memurun Sesi Haber Merkezi\",\"@id\":\"https:\\\/\\\/memurunsesi.net\\\/#\\\/schema\\\/person\\\/f21c2d73b89f6ee1d80b0a1803e38587\"},\"headline\":\"Otoyolda arac\u0131n\u0131 ve e\u015fini b\u0131rak\u0131p ortadan kayboldu\",\"datePublished\":\"2025-07-10T07:40:09+00:00\",\"mainEntityOfPage\":{\"@id\":\"https:\\\/\\\/memurunsesi.net\\\/index.php\\\/2025\\\/07\\\/10\\\/otoyolda-aracini-ve-esini-birakip-ortadan-kayboldu\\\/\"},\"wordCount\":307,\"commentCount\":0,\"publisher\":{\"@id\":\"https:\\\/\\\/memurunsesi.net\\\/#organization\"},\"image\":{\"@id\":\"https:\\\/\\\/memurunsesi.net\\\/index.php\\\/2025\\\/07\\\/10\\\/otoyolda-aracini-ve-esini-birakip-ortadan-kayboldu\\\/#primaryimage\"},\"thumbnailUrl\":\"https:\\\/\\\/memurunsesi.net\\\/wp-content\\\/uploads\\\/2025\\\/07\\\/AW494042_01-1.jpg\",\"inLanguage\":\"tr\",\"potentialAction\":[{\"@type\":\"CommentAction\",\"name\":\"Comment\",\"target\":[\"https:\\\/\\\/memurunsesi.net\\\/index.php\\\/2025\\\/07\\\/10\\\/otoyolda-aracini-ve-esini-birakip-ortadan-kayboldu\\\/#respond\"]}]},{\"@type\":\"WebPage\",\"@id\":\"https:\\\/\\\/memurunsesi.net\\\/index.php\\\/2025\\\/07\\\/10\\\/otoyolda-aracini-ve-esini-birakip-ortadan-kayboldu\\\/\",\"url\":\"https:\\\/\\\/memurunsesi.net\\\/index.php\\\/2025\\\/07\\\/10\\\/otoyolda-aracini-ve-esini-birakip-ortadan-kayboldu\\\/\",\"name\":\"Otoyolda arac\u0131n\u0131 ve e\u015fini b\u0131rak\u0131p ortadan kayboldu - Memurun Sesi\",\"isPartOf\":{\"@id\":\"https:\\\/\\\/memurunsesi.net\\\/#website\"},\"primaryImageOfPage\":{\"@id\":\"https:\\\/\\\/memurunsesi.net\\\/index.php\\\/2025\\\/07\\\/10\\\/otoyolda-aracini-ve-esini-birakip-ortadan-kayboldu\\\/#primaryimage\"},\"image\":{\"@id\":\"https:\\\/\\\/memurunsesi.net\\\/index.php\\\/2025\\\/07\\\/10\\\/otoyolda-aracini-ve-esini-birakip-ortadan-kayboldu\\\/#primaryimage\"},\"thumbnailUrl\":\"https:\\\/\\\/memurunsesi.net\\\/wp-content\\\/uploads\\\/2025\\\/07\\\/AW494042_01-1.jpg\",\"datePublished\":\"2025-07-10T07:40:09+00:00\",\"breadcrumb\":{\"@id\":\"https:\\\/\\\/memurunsesi.net\\\/index.php\\\/2025\\\/07\\\/10\\\/otoyolda-aracini-ve-esini-birakip-ortadan-kayboldu\\\/#breadcrumb\"},\"inLanguage\":\"tr\",\"potentialAction\":[{\"@type\":\"ReadAction\",\"target\":[\"https:\\\/\\\/memurunsesi.net\\\/index.php\\\/2025\\\/07\\\/10\\\/otoyolda-aracini-ve-esini-birakip-ortadan-kayboldu\\\/\"]}]},{\"@type\":\"ImageObject\",\"inLanguage\":\"tr\",\"@id\":\"https:\\\/\\\/memurunsesi.net\\\/index.php\\\/2025\\\/07\\\/10\\\/otoyolda-aracini-ve-esini-birakip-ortadan-kayboldu\\\/#primaryimage\",\"url\":\"https:\\\/\\\/memurunsesi.net\\\/wp-content\\\/uploads\\\/2025\\\/07\\\/AW494042_01-1.jpg\",\"contentUrl\":\"https:\\\/\\\/memurunsesi.net\\\/wp-content\\\/uploads\\\/2025\\\/07\\\/AW494042_01-1.jpg\",\"width\":1633,\"height\":1078,\"caption\":\"ANADOLU OTOYOLU SAKARYA GE\u00c7\u0130\u015e\u0130NDE GECE SAATLER\u0130NDE 70 YA\u015eINDAK\u0130 ADAM, D\u0130NLENME TES\u0130S\u0130NDE ARACINI VE E\u015e\u0130N\u0130 BIRAKIP ORTADAN KAYBOLDU. EK\u0130PLER\u0130N SABAHA KADAR S\u00dcREN ARAMA \u00c7ALI\u015eMALARI NET\u0130CES\u0130NDE ORMANLIK ALANDA SA\u011e OLARAK BULUNAN YA\u015eLI ADAM, KALDIRILDI\u011eI HASTANEDE HAYATINI KAYBETT\u0130. (BURAK CAN TOKY\u00dcREK\\\/SAKARYA-\u0130HA) Anadolu Otoyolu Sakarya ge\u00e7i\u015finde gece saatlerinde 70 ya\u015f\u0131ndaki adam, dinlenme tesisinde arac\u0131n\u0131 ve e\u015fini b\u0131rak\u0131p ortadan kayboldu. Ekiplerin sabaha kadar s\u00fcren arama \u00e7al\u0131\u015fmalar\u0131 neticesinde ormanl\u0131k alanda sa\u011f olarak bulunan ya\u015fl\u0131 adam, kald\u0131r\u0131ld\u0131\u011f\u0131 hastanede hayat\u0131n\u0131 kaybetti.\"},{\"@type\":\"BreadcrumbList\",\"@id\":\"https:\\\/\\\/memurunsesi.net\\\/index.php\\\/2025\\\/07\\\/10\\\/otoyolda-aracini-ve-esini-birakip-ortadan-kayboldu\\\/#breadcrumb\",\"itemListElement\":[{\"@type\":\"ListItem\",\"position\":1,\"name\":\"Anasayfa\",\"item\":\"https:\\\/\\\/memurunsesi.net\\\/\"},{\"@type\":\"ListItem\",\"position\":2,\"name\":\"Otoyolda arac\u0131n\u0131 ve e\u015fini b\u0131rak\u0131p ortadan kayboldu\"}]},{\"@type\":\"WebSite\",\"@id\":\"https:\\\/\\\/memurunsesi.net\\\/#website\",\"url\":\"https:\\\/\\\/memurunsesi.net\\\/\",\"name\":\"Memurun Sesi\",\"description\":\"G\u00fcncel ve Do\u011fru Haber\",\"publisher\":{\"@id\":\"https:\\\/\\\/memurunsesi.net\\\/#organization\"},\"potentialAction\":[{\"@type\":\"SearchAction\",\"target\":{\"@type\":\"EntryPoint\",\"urlTemplate\":\"https:\\\/\\\/memurunsesi.net\\\/?s={search_term_string}\"},\"query-input\":{\"@type\":\"PropertyValueSpecification\",\"valueRequired\":true,\"valueName\":\"search_term_string\"}}],\"inLanguage\":\"tr\"},{\"@type\":\"Organization\",\"@id\":\"https:\\\/\\\/memurunsesi.net\\\/#organization\",\"name\":\"Memurun Sesi\",\"url\":\"https:\\\/\\\/memurunsesi.net\\\/\",\"logo\":{\"@type\":\"ImageObject\",\"inLanguage\":\"tr\",\"@id\":\"https:\\\/\\\/memurunsesi.net\\\/#\\\/schema\\\/logo\\\/image\\\/\",\"url\":\"https:\\\/\\\/memurunsesi.net\\\/wp-content\\\/uploads\\\/2025\\\/11\\\/cropped-MEMURUN-SESI.png\",\"contentUrl\":\"https:\\\/\\\/memurunsesi.net\\\/wp-content\\\/uploads\\\/2025\\\/11\\\/cropped-MEMURUN-SESI.png\",\"width\":238,\"height\":57,\"caption\":\"Memurun Sesi\"},\"image\":{\"@id\":\"https:\\\/\\\/memurunsesi.net\\\/#\\\/schema\\\/logo\\\/image\\\/\"},\"sameAs\":[\"https:\\\/\\\/www.facebook.com\\\/unipersen\\\/?locale=tr_TR\",\"https:\\\/\\\/x.com\\\/unipersen\"]},{\"@type\":\"Person\",\"@id\":\"https:\\\/\\\/memurunsesi.net\\\/#\\\/schema\\\/person\\\/f21c2d73b89f6ee1d80b0a1803e38587\",\"name\":\"Memurun Sesi Haber Merkezi\",\"image\":{\"@type\":\"ImageObject\",\"inLanguage\":\"tr\",\"@id\":\"https:\\\/\\\/secure.gravatar.com\\\/avatar\\\/6cf0505f452ee753f485014986fab09a434671d2b919ee76fc541025c5876a70?s=96&d=mm&r=g\",\"url\":\"https:\\\/\\\/secure.gravatar.com\\\/avatar\\\/6cf0505f452ee753f485014986fab09a434671d2b919ee76fc541025c5876a70?s=96&d=mm&r=g\",\"contentUrl\":\"https:\\\/\\\/secure.gravatar.com\\\/avatar\\\/6cf0505f452ee753f485014986fab09a434671d2b919ee76fc541025c5876a70?s=96&d=mm&r=g\",\"caption\":\"Memurun Sesi Haber Merkezi\"},\"sameAs\":[\"https:\\\/\\\/memurunsesi.net\"],\"url\":\"https:\\\/\\\/memurunsesi.net\\\/index.php\\\/author\\\/uniper\\\/\"}]}<\/script>\n<!-- \/ Yoast SEO plugin. -->","yoast_head_json":{"title":"Otoyolda arac\u0131n\u0131 ve e\u015fini b\u0131rak\u0131p ortadan kayboldu - Memurun Sesi","robots":{"index":"index","follow":"follow","max-snippet":"max-snippet:-1","max-image-preview":"max-image-preview:large","max-video-preview":"max-video-preview:-1"},"canonical":"https:\/\/memurunsesi.net\/index.php\/2025\/07\/10\/otoyolda-aracini-ve-esini-birakip-ortadan-kayboldu\/","og_locale":"tr_TR","og_type":"article","og_title":"Otoyolda arac\u0131n\u0131 ve e\u015fini b\u0131rak\u0131p ortadan kayboldu - Memurun Sesi","og_description":"&#8211; Kay\u0131plara kar\u0131\u015fan ya\u015fl\u0131 adam\u0131 bulabilmek i\u00e7in ekipler seferber oldu &#8211; Saatler s\u00fcren \u00e7al\u0131\u015fman\u0131n ard\u0131ndan ormanl\u0131k alanda bulunan 70 ya\u015f\u0131ndaki adam, kald\u0131r\u0131ld\u0131\u011f\u0131 hastanede ya\u015fam\u0131n\u0131 yitirdi Anadolu Otoyolu Sakarya ge\u00e7i\u015finde gece saatlerinde 70 ya\u015f\u0131ndaki adam, dinlenme tesisinde arac\u0131n\u0131 ve e\u015fini b\u0131rak\u0131p ortadan kayboldu. Ekiplerin sabaha kadar s\u00fcren arama \u00e7al\u0131\u015fmalar\u0131 neticesinde ormanl\u0131k alanda sa\u011f olarak bulunan ya\u015fl\u0131 [&hellip;]","og_url":"https:\/\/memurunsesi.net\/index.php\/2025\/07\/10\/otoyolda-aracini-ve-esini-birakip-ortadan-kayboldu\/","og_site_name":"Memurun Sesi","article_publisher":"https:\/\/www.facebook.com\/unipersen\/?locale=tr_TR","article_published_time":"2025-07-10T07:40:09+00:00","og_image":[{"width":1633,"height":1078,"url":"https:\/\/memurunsesi.net\/wp-content\/uploads\/2025\/07\/AW494042_01-1.jpg","type":"image\/jpeg"}],"author":"Memurun Sesi Haber Merkezi","twitter_card":"summary_large_image","twitter_creator":"@unipersen","twitter_site":"@unipersen","twitter_misc":{"Yazan:":"Memurun Sesi Haber Merkezi","Tahmini okuma s\u00fcresi":"1 dakika"},"schema":{"@context":"https:\/\/schema.org","@graph":[{"@type":"Article","@id":"https:\/\/memurunsesi.net\/index.php\/2025\/07\/10\/otoyolda-aracini-ve-esini-birakip-ortadan-kayboldu\/#article","isPartOf":{"@id":"https:\/\/memurunsesi.net\/index.php\/2025\/07\/10\/otoyolda-aracini-ve-esini-birakip-ortadan-kayboldu\/"},"author":{"name":"Memurun Sesi Haber Merkezi","@id":"https:\/\/memurunsesi.net\/#\/schema\/person\/f21c2d73b89f6ee1d80b0a1803e38587"},"headline":"Otoyolda arac\u0131n\u0131 ve e\u015fini b\u0131rak\u0131p ortadan kayboldu","datePublished":"2025-07-10T07:40:09+00:00","mainEntityOfPage":{"@id":"https:\/\/memurunsesi.net\/index.php\/2025\/07\/10\/otoyolda-aracini-ve-esini-birakip-ortadan-kayboldu\/"},"wordCount":307,"commentCount":0,"publisher":{"@id":"https:\/\/memurunsesi.net\/#organization"},"image":{"@id":"https:\/\/memurunsesi.net\/index.php\/2025\/07\/10\/otoyolda-aracini-ve-esini-birakip-ortadan-kayboldu\/#primaryimage"},"thumbnailUrl":"https:\/\/memurunsesi.net\/wp-content\/uploads\/2025\/07\/AW494042_01-1.jpg","inLanguage":"tr","potentialAction":[{"@type":"CommentAction","name":"Comment","target":["https:\/\/memurunsesi.net\/index.php\/2025\/07\/10\/otoyolda-aracini-ve-esini-birakip-ortadan-kayboldu\/#respond"]}]},{"@type":"WebPage","@id":"https:\/\/memurunsesi.net\/index.php\/2025\/07\/10\/otoyolda-aracini-ve-esini-birakip-ortadan-kayboldu\/","url":"https:\/\/memurunsesi.net\/index.php\/2025\/07\/10\/otoyolda-aracini-ve-esini-birakip-ortadan-kayboldu\/","name":"Otoyolda arac\u0131n\u0131 ve e\u015fini b\u0131rak\u0131p ortadan kayboldu - Memurun Sesi","isPartOf":{"@id":"https:\/\/memurunsesi.net\/#website"},"primaryImageOfPage":{"@id":"https:\/\/memurunsesi.net\/index.php\/2025\/07\/10\/otoyolda-aracini-ve-esini-birakip-ortadan-kayboldu\/#primaryimage"},"image":{"@id":"https:\/\/memurunsesi.net\/index.php\/2025\/07\/10\/otoyolda-aracini-ve-esini-birakip-ortadan-kayboldu\/#primaryimage"},"thumbnailUrl":"https:\/\/memurunsesi.net\/wp-content\/uploads\/2025\/07\/AW494042_01-1.jpg","datePublished":"2025-07-10T07:40:09+00:00","breadcrumb":{"@id":"https:\/\/memurunsesi.net\/index.php\/2025\/07\/10\/otoyolda-aracini-ve-esini-birakip-ortadan-kayboldu\/#breadcrumb"},"inLanguage":"tr","potentialAction":[{"@type":"ReadAction","target":["https:\/\/memurunsesi.net\/index.php\/2025\/07\/10\/otoyolda-aracini-ve-esini-birakip-ortadan-kayboldu\/"]}]},{"@type":"ImageObject","inLanguage":"tr","@id":"https:\/\/memurunsesi.net\/index.php\/2025\/07\/10\/otoyolda-aracini-ve-esini-birakip-ortadan-kayboldu\/#primaryimage","url":"https:\/\/memurunsesi.net\/wp-content\/uploads\/2025\/07\/AW494042_01-1.jpg","contentUrl":"https:\/\/memurunsesi.net\/wp-content\/uploads\/2025\/07\/AW494042_01-1.jpg","width":1633,"height":1078,"caption":"ANADOLU OTOYOLU SAKARYA GE\u00c7\u0130\u015e\u0130NDE GECE SAATLER\u0130NDE 70 YA\u015eINDAK\u0130 ADAM, D\u0130NLENME TES\u0130S\u0130NDE ARACINI VE E\u015e\u0130N\u0130 BIRAKIP ORTADAN KAYBOLDU. EK\u0130PLER\u0130N SABAHA KADAR S\u00dcREN ARAMA \u00c7ALI\u015eMALARI NET\u0130CES\u0130NDE ORMANLIK ALANDA SA\u011e OLARAK BULUNAN YA\u015eLI ADAM, KALDIRILDI\u011eI HASTANEDE HAYATINI KAYBETT\u0130. (BURAK CAN TOKY\u00dcREK\/SAKARYA-\u0130HA) Anadolu Otoyolu Sakarya ge\u00e7i\u015finde gece saatlerinde 70 ya\u015f\u0131ndaki adam, dinlenme tesisinde arac\u0131n\u0131 ve e\u015fini b\u0131rak\u0131p ortadan kayboldu. Ekiplerin sabaha kadar s\u00fcren arama \u00e7al\u0131\u015fmalar\u0131 neticesinde ormanl\u0131k alanda sa\u011f olarak bulunan ya\u015fl\u0131 adam, kald\u0131r\u0131ld\u0131\u011f\u0131 hastanede hayat\u0131n\u0131 kaybetti."},{"@type":"BreadcrumbList","@id":"https:\/\/memurunsesi.net\/index.php\/2025\/07\/10\/otoyolda-aracini-ve-esini-birakip-ortadan-kayboldu\/#breadcrumb","itemListElement":[{"@type":"ListItem","position":1,"name":"Anasayfa","item":"https:\/\/memurunsesi.net\/"},{"@type":"ListItem","position":2,"name":"Otoyolda arac\u0131n\u0131 ve e\u015fini b\u0131rak\u0131p ortadan kayboldu"}]},{"@type":"WebSite","@id":"https:\/\/memurunsesi.net\/#website","url":"https:\/\/memurunsesi.net\/","name":"Memurun Sesi","description":"G\u00fcncel ve Do\u011fru Haber","publisher":{"@id":"https:\/\/memurunsesi.net\/#organization"},"potentialAction":[{"@type":"SearchAction","target":{"@type":"EntryPoint","urlTemplate":"https:\/\/memurunsesi.net\/?s={search_term_string}"},"query-input":{"@type":"PropertyValueSpecification","valueRequired":true,"valueName":"search_term_string"}}],"inLanguage":"tr"},{"@type":"Organization","@id":"https:\/\/memurunsesi.net\/#organization","name":"Memurun Sesi","url":"https:\/\/memurunsesi.net\/","logo":{"@type":"ImageObject","inLanguage":"tr","@id":"https:\/\/memurunsesi.net\/#\/schema\/logo\/image\/","url":"https:\/\/memurunsesi.net\/wp-content\/uploads\/2025\/11\/cropped-MEMURUN-SESI.png","contentUrl":"https:\/\/memurunsesi.net\/wp-content\/uploads\/2025\/11\/cropped-MEMURUN-SESI.png","width":238,"height":57,"caption":"Memurun Sesi"},"image":{"@id":"https:\/\/memurunsesi.net\/#\/schema\/logo\/image\/"},"sameAs":["https:\/\/www.facebook.com\/unipersen\/?locale=tr_TR","https:\/\/x.com\/unipersen"]},{"@type":"Person","@id":"https:\/\/memurunsesi.net\/#\/schema\/person\/f21c2d73b89f6ee1d80b0a1803e38587","name":"Memurun Sesi Haber Merkezi","image":{"@type":"ImageObject","inLanguage":"tr","@id":"https:\/\/secure.gravatar.com\/avatar\/6cf0505f452ee753f485014986fab09a434671d2b919ee76fc541025c5876a70?s=96&d=mm&r=g","url":"https:\/\/secure.gravatar.com\/avatar\/6cf0505f452ee753f485014986fab09a434671d2b919ee76fc541025c5876a70?s=96&d=mm&r=g","contentUrl":"https:\/\/secure.gravatar.com\/avatar\/6cf0505f452ee753f485014986fab09a434671d2b919ee76fc541025c5876a70?s=96&d=mm&r=g","caption":"Memurun Sesi Haber Merkezi"},"sameAs":["https:\/\/memurunsesi.net"],"url":"https:\/\/memurunsesi.net\/index.php\/author\/uniper\/"}]}},"_links":{"self":[{"href":"https:\/\/memurunsesi.net\/index.php\/wp-json\/wp\/v2\/posts\/9236","targetHints":{"allow":["GET"]}}],"collection":[{"href":"https:\/\/memurunsesi.net\/index.php\/wp-json\/wp\/v2\/posts"}],"about":[{"href":"https:\/\/memurunsesi.net\/index.php\/wp-json\/wp\/v2\/types\/post"}],"author":[{"embeddable":true,"href":"https:\/\/memurunsesi.net\/index.php\/wp-json\/wp\/v2\/users\/1"}],"replies":[{"embeddable":true,"href":"https:\/\/memurunsesi.net\/index.php\/wp-json\/wp\/v2\/comments?post=9236"}],"version-history":[{"count":1,"href":"https:\/\/memurunsesi.net\/index.php\/wp-json\/wp\/v2\/posts\/9236\/revisions"}],"predecessor-version":[{"id":9238,"href":"https:\/\/memurunsesi.net\/index.php\/wp-json\/wp\/v2\/posts\/9236\/revisions\/9238"}],"wp:featuredmedia":[{"embeddable":true,"href":"https:\/\/memurunsesi.net\/index.php\/wp-json\/wp\/v2\/media\/9237"}],"wp:attachment":[{"href":"https:\/\/memurunsesi.net\/index.php\/wp-json\/wp\/v2\/media?parent=9236"}],"wp:term":[{"taxonomy":"category","embeddable":true,"href":"https:\/\/memurunsesi.net\/index.php\/wp-json\/wp\/v2\/categories?post=9236"},{"taxonomy":"post_tag","embeddable":true,"href":"https:\/\/memurunsesi.net\/index.php\/wp-json\/wp\/v2\/tags?post=9236"}],"curies":[{"name":"wp","href":"https:\/\/api.w.org\/{rel}","templated":true}]}}