{"id":9242,"date":"2025-07-10T10:47:23","date_gmt":"2025-07-10T07:47:23","guid":{"rendered":"https:\/\/memurunsesi.net\/?p=9242"},"modified":"2025-07-10T10:47:23","modified_gmt":"2025-07-10T07:47:23","slug":"karamanda-kamyona-carpan-kamyonet-surucusu-aracta-sikisti-1-yarali","status":"publish","type":"post","link":"https:\/\/memurunsesi.net\/index.php\/2025\/07\/10\/karamanda-kamyona-carpan-kamyonet-surucusu-aracta-sikisti-1-yarali\/","title":{"rendered":"Karaman\u2019da kamyona \u00e7arpan kamyonet s\u00fcr\u00fcc\u00fcs\u00fc ara\u00e7ta s\u0131k\u0131\u015ft\u0131: 1 yaral\u0131"},"content":{"rendered":"<p>     Karaman\u2019da kontrolden \u00e7\u0131kan kamyonet, park halindeki kamyona \u00e7arpt\u0131. Kaza sonras\u0131 ara\u00e7ta s\u0131k\u0131\u015fan kamyonet s\u00fcr\u00fcc\u00fcs\u00fc itfaiyenin \u00e7al\u0131\u015fmas\u0131 sonucu s\u0131k\u0131\u015ft\u0131\u011f\u0131 yerden kurtar\u0131larak hastaneye kald\u0131r\u0131ld\u0131.<br \/>\n  Kaza, gece saat 01.15 s\u0131ralar\u0131nda Karaman-Konya Karayolu\u2019nun 35. kilometresinde meydana geldi. Edinilen bilgiye g\u00f6re, Ali \u015e. (35) idaresindeki 70 AAB 456 plakal\u0131 kamyonet, s\u00fcr\u00fcc\u00fcs\u00fcn\u00fcn direksiyon hakimiyetini kaybetmesi sonucu kontrolden \u00e7\u0131karak park halindeki 42 PF 043 kamyona \u00e7arpt\u0131. Kazada kamyonet hurdaya d\u00f6nerken s\u00fcr\u00fcc\u00fc direksiyon mahallinde s\u0131k\u0131\u015ft\u0131. \u0130hbar \u00fczerine olay yerine sa\u011fl\u0131k, itfaiye, polis ve jandarma ekipleri sevk edildi. \u0130tfaiye ekiplerinin uzun u\u011fra\u015flar\u0131 sonucu kamyonet s\u00fcr\u00fcc\u00fcs\u00fc s\u0131k\u0131\u015ft\u0131\u011f\u0131 yerden kurtar\u0131larak ambulansla Karaman E\u011fitim ve Ara\u015ft\u0131rma Hastanesi\u2019ne kald\u0131r\u0131ld\u0131. Burada tedavi alt\u0131na al\u0131nan kamyonet s\u00fcr\u00fcc\u00fcs\u00fcn\u00fcn sa\u011fl\u0131k durumunun ciddiyetini korudu\u011fu \u00f6\u011frenildi.<br \/>\n  Kazayla ilgili tahkikat ba\u015flat\u0131ld\u0131. <\/p>\n<p>10.07.2025                                <\/p>\n","protected":false},"excerpt":{"rendered":"<p>Karaman\u2019da kontrolden \u00e7\u0131kan kamyonet, park halindeki kamyona \u00e7arpt\u0131. Kaza sonras\u0131 ara\u00e7ta s\u0131k\u0131\u015fan kamyonet s\u00fcr\u00fcc\u00fcs\u00fc itfaiyenin \u00e7al\u0131\u015fmas\u0131 sonucu s\u0131k\u0131\u015ft\u0131\u011f\u0131 yerden kurtar\u0131larak hastaneye kald\u0131r\u0131ld\u0131. Kaza, gece saat 01.15 s\u0131ralar\u0131nda Karaman-Konya Karayolu\u2019nun 35. kilometresinde meydana geldi. Edinilen bilgiye g\u00f6re, Ali \u015e. (35) idaresindeki 70 AAB 456 plakal\u0131 kamyonet, s\u00fcr\u00fcc\u00fcs\u00fcn\u00fcn direksiyon hakimiyetini kaybetmesi sonucu kontrolden \u00e7\u0131karak park halindeki 42 [&hellip;]<\/p>\n","protected":false},"author":1,"featured_media":9243,"comment_status":"open","ping_status":"open","sticky":false,"template":"","format":"standard","meta":{"footnotes":""},"categories":[1],"tags":[],"class_list":["post-9242","post","type-post","status-publish","format-standard","has-post-thumbnail","hentry","category-genel"],"yoast_head":"<!-- This site is optimized with the Yoast SEO plugin v27.4 - https:\/\/yoast.com\/product\/yoast-seo-wordpress\/ -->\n<title>Karaman\u2019da kamyona \u00e7arpan kamyonet s\u00fcr\u00fcc\u00fcs\u00fc ara\u00e7ta s\u0131k\u0131\u015ft\u0131: 1 yaral\u0131 - Memurun Sesi<\/title>\n<meta name=\"robots\" content=\"index, follow, max-snippet:-1, max-image-preview:large, max-video-preview:-1\" \/>\n<link rel=\"canonical\" href=\"https:\/\/memurunsesi.net\/index.php\/2025\/07\/10\/karamanda-kamyona-carpan-kamyonet-surucusu-aracta-sikisti-1-yarali\/\" \/>\n<meta property=\"og:locale\" content=\"tr_TR\" \/>\n<meta property=\"og:type\" content=\"article\" \/>\n<meta property=\"og:title\" content=\"Karaman\u2019da kamyona \u00e7arpan kamyonet s\u00fcr\u00fcc\u00fcs\u00fc ara\u00e7ta s\u0131k\u0131\u015ft\u0131: 1 yaral\u0131 - Memurun Sesi\" \/>\n<meta property=\"og:description\" content=\"Karaman\u2019da kontrolden \u00e7\u0131kan kamyonet, park halindeki kamyona \u00e7arpt\u0131. Kaza sonras\u0131 ara\u00e7ta s\u0131k\u0131\u015fan kamyonet s\u00fcr\u00fcc\u00fcs\u00fc itfaiyenin \u00e7al\u0131\u015fmas\u0131 sonucu s\u0131k\u0131\u015ft\u0131\u011f\u0131 yerden kurtar\u0131larak hastaneye kald\u0131r\u0131ld\u0131. Kaza, gece saat 01.15 s\u0131ralar\u0131nda Karaman-Konya Karayolu\u2019nun 35. kilometresinde meydana geldi. Edinilen bilgiye g\u00f6re, Ali \u015e. (35) idaresindeki 70 AAB 456 plakal\u0131 kamyonet, s\u00fcr\u00fcc\u00fcs\u00fcn\u00fcn direksiyon hakimiyetini kaybetmesi sonucu kontrolden \u00e7\u0131karak park halindeki 42 [&hellip;]\" \/>\n<meta property=\"og:url\" content=\"https:\/\/memurunsesi.net\/index.php\/2025\/07\/10\/karamanda-kamyona-carpan-kamyonet-surucusu-aracta-sikisti-1-yarali\/\" \/>\n<meta property=\"og:site_name\" content=\"Memurun Sesi\" \/>\n<meta property=\"article:publisher\" content=\"https:\/\/www.facebook.com\/unipersen\/?locale=tr_TR\" \/>\n<meta property=\"article:published_time\" content=\"2025-07-10T07:47:23+00:00\" \/>\n<meta property=\"og:image\" content=\"https:\/\/memurunsesi.net\/wp-content\/uploads\/2025\/07\/AW494047_01.jpg\" \/>\n\t<meta property=\"og:image:width\" content=\"1600\" \/>\n\t<meta property=\"og:image:height\" content=\"702\" \/>\n\t<meta property=\"og:image:type\" content=\"image\/jpeg\" \/>\n<meta name=\"author\" content=\"Memurun Sesi Haber Merkezi\" \/>\n<meta name=\"twitter:card\" content=\"summary_large_image\" \/>\n<meta name=\"twitter:creator\" content=\"@unipersen\" \/>\n<meta name=\"twitter:site\" content=\"@unipersen\" \/>\n<meta name=\"twitter:label1\" content=\"Yazan:\" \/>\n\t<meta name=\"twitter:data1\" content=\"Memurun Sesi Haber Merkezi\" \/>\n\t<meta name=\"twitter:label2\" content=\"Tahmini okuma s\u00fcresi\" \/>\n\t<meta name=\"twitter:data2\" content=\"1 dakika\" \/>\n<script type=\"application\/ld+json\" class=\"yoast-schema-graph\">{\"@context\":\"https:\\\/\\\/schema.org\",\"@graph\":[{\"@type\":\"Article\",\"@id\":\"https:\\\/\\\/memurunsesi.net\\\/index.php\\\/2025\\\/07\\\/10\\\/karamanda-kamyona-carpan-kamyonet-surucusu-aracta-sikisti-1-yarali\\\/#article\",\"isPartOf\":{\"@id\":\"https:\\\/\\\/memurunsesi.net\\\/index.php\\\/2025\\\/07\\\/10\\\/karamanda-kamyona-carpan-kamyonet-surucusu-aracta-sikisti-1-yarali\\\/\"},\"author\":{\"name\":\"Memurun Sesi Haber Merkezi\",\"@id\":\"https:\\\/\\\/memurunsesi.net\\\/#\\\/schema\\\/person\\\/f21c2d73b89f6ee1d80b0a1803e38587\"},\"headline\":\"Karaman\u2019da kamyona \u00e7arpan kamyonet s\u00fcr\u00fcc\u00fcs\u00fc ara\u00e7ta s\u0131k\u0131\u015ft\u0131: 1 yaral\u0131\",\"datePublished\":\"2025-07-10T07:47:23+00:00\",\"mainEntityOfPage\":{\"@id\":\"https:\\\/\\\/memurunsesi.net\\\/index.php\\\/2025\\\/07\\\/10\\\/karamanda-kamyona-carpan-kamyonet-surucusu-aracta-sikisti-1-yarali\\\/\"},\"wordCount\":173,\"commentCount\":0,\"publisher\":{\"@id\":\"https:\\\/\\\/memurunsesi.net\\\/#organization\"},\"image\":{\"@id\":\"https:\\\/\\\/memurunsesi.net\\\/index.php\\\/2025\\\/07\\\/10\\\/karamanda-kamyona-carpan-kamyonet-surucusu-aracta-sikisti-1-yarali\\\/#primaryimage\"},\"thumbnailUrl\":\"https:\\\/\\\/memurunsesi.net\\\/wp-content\\\/uploads\\\/2025\\\/07\\\/AW494047_01.jpg\",\"inLanguage\":\"tr\",\"potentialAction\":[{\"@type\":\"CommentAction\",\"name\":\"Comment\",\"target\":[\"https:\\\/\\\/memurunsesi.net\\\/index.php\\\/2025\\\/07\\\/10\\\/karamanda-kamyona-carpan-kamyonet-surucusu-aracta-sikisti-1-yarali\\\/#respond\"]}]},{\"@type\":\"WebPage\",\"@id\":\"https:\\\/\\\/memurunsesi.net\\\/index.php\\\/2025\\\/07\\\/10\\\/karamanda-kamyona-carpan-kamyonet-surucusu-aracta-sikisti-1-yarali\\\/\",\"url\":\"https:\\\/\\\/memurunsesi.net\\\/index.php\\\/2025\\\/07\\\/10\\\/karamanda-kamyona-carpan-kamyonet-surucusu-aracta-sikisti-1-yarali\\\/\",\"name\":\"Karaman\u2019da kamyona \u00e7arpan kamyonet s\u00fcr\u00fcc\u00fcs\u00fc ara\u00e7ta s\u0131k\u0131\u015ft\u0131: 1 yaral\u0131 - Memurun Sesi\",\"isPartOf\":{\"@id\":\"https:\\\/\\\/memurunsesi.net\\\/#website\"},\"primaryImageOfPage\":{\"@id\":\"https:\\\/\\\/memurunsesi.net\\\/index.php\\\/2025\\\/07\\\/10\\\/karamanda-kamyona-carpan-kamyonet-surucusu-aracta-sikisti-1-yarali\\\/#primaryimage\"},\"image\":{\"@id\":\"https:\\\/\\\/memurunsesi.net\\\/index.php\\\/2025\\\/07\\\/10\\\/karamanda-kamyona-carpan-kamyonet-surucusu-aracta-sikisti-1-yarali\\\/#primaryimage\"},\"thumbnailUrl\":\"https:\\\/\\\/memurunsesi.net\\\/wp-content\\\/uploads\\\/2025\\\/07\\\/AW494047_01.jpg\",\"datePublished\":\"2025-07-10T07:47:23+00:00\",\"breadcrumb\":{\"@id\":\"https:\\\/\\\/memurunsesi.net\\\/index.php\\\/2025\\\/07\\\/10\\\/karamanda-kamyona-carpan-kamyonet-surucusu-aracta-sikisti-1-yarali\\\/#breadcrumb\"},\"inLanguage\":\"tr\",\"potentialAction\":[{\"@type\":\"ReadAction\",\"target\":[\"https:\\\/\\\/memurunsesi.net\\\/index.php\\\/2025\\\/07\\\/10\\\/karamanda-kamyona-carpan-kamyonet-surucusu-aracta-sikisti-1-yarali\\\/\"]}]},{\"@type\":\"ImageObject\",\"inLanguage\":\"tr\",\"@id\":\"https:\\\/\\\/memurunsesi.net\\\/index.php\\\/2025\\\/07\\\/10\\\/karamanda-kamyona-carpan-kamyonet-surucusu-aracta-sikisti-1-yarali\\\/#primaryimage\",\"url\":\"https:\\\/\\\/memurunsesi.net\\\/wp-content\\\/uploads\\\/2025\\\/07\\\/AW494047_01.jpg\",\"contentUrl\":\"https:\\\/\\\/memurunsesi.net\\\/wp-content\\\/uploads\\\/2025\\\/07\\\/AW494047_01.jpg\",\"width\":1600,\"height\":702,\"caption\":\"KARAMAN'DA KONTROLDEN \u00c7IKAN KAMYONET, PARK HAL\u0130NDEK\u0130 KAMYONA \u00c7ARPTI, 1 K\u0130\u015e\u0130 YARALANDI (MEHMET AK\u0130F ORHAN\\\/KARAMAN-\u0130HA) Karaman'da kontrolden \u00e7\u0131kan kamyonet, park halindeki kamyona \u00e7arpt\u0131. Kaza sonras\u0131 ara\u00e7ta s\u0131k\u0131\u015fan kamyonet s\u00fcr\u00fcc\u00fcs\u00fc itfaiyenin \u00e7al\u0131\u015fmas\u0131 sonucu s\u0131k\u0131\u015ft\u0131\u011f\u0131 yerden kurtar\u0131larak hastaneye kald\u0131r\u0131ld\u0131.\"},{\"@type\":\"BreadcrumbList\",\"@id\":\"https:\\\/\\\/memurunsesi.net\\\/index.php\\\/2025\\\/07\\\/10\\\/karamanda-kamyona-carpan-kamyonet-surucusu-aracta-sikisti-1-yarali\\\/#breadcrumb\",\"itemListElement\":[{\"@type\":\"ListItem\",\"position\":1,\"name\":\"Anasayfa\",\"item\":\"https:\\\/\\\/memurunsesi.net\\\/\"},{\"@type\":\"ListItem\",\"position\":2,\"name\":\"Karaman\u2019da kamyona \u00e7arpan kamyonet s\u00fcr\u00fcc\u00fcs\u00fc ara\u00e7ta s\u0131k\u0131\u015ft\u0131: 1 yaral\u0131\"}]},{\"@type\":\"WebSite\",\"@id\":\"https:\\\/\\\/memurunsesi.net\\\/#website\",\"url\":\"https:\\\/\\\/memurunsesi.net\\\/\",\"name\":\"Memurun Sesi\",\"description\":\"G\u00fcncel ve Do\u011fru Haber\",\"publisher\":{\"@id\":\"https:\\\/\\\/memurunsesi.net\\\/#organization\"},\"potentialAction\":[{\"@type\":\"SearchAction\",\"target\":{\"@type\":\"EntryPoint\",\"urlTemplate\":\"https:\\\/\\\/memurunsesi.net\\\/?s={search_term_string}\"},\"query-input\":{\"@type\":\"PropertyValueSpecification\",\"valueRequired\":true,\"valueName\":\"search_term_string\"}}],\"inLanguage\":\"tr\"},{\"@type\":\"Organization\",\"@id\":\"https:\\\/\\\/memurunsesi.net\\\/#organization\",\"name\":\"Memurun Sesi\",\"url\":\"https:\\\/\\\/memurunsesi.net\\\/\",\"logo\":{\"@type\":\"ImageObject\",\"inLanguage\":\"tr\",\"@id\":\"https:\\\/\\\/memurunsesi.net\\\/#\\\/schema\\\/logo\\\/image\\\/\",\"url\":\"https:\\\/\\\/memurunsesi.net\\\/wp-content\\\/uploads\\\/2025\\\/11\\\/cropped-MEMURUN-SESI.png\",\"contentUrl\":\"https:\\\/\\\/memurunsesi.net\\\/wp-content\\\/uploads\\\/2025\\\/11\\\/cropped-MEMURUN-SESI.png\",\"width\":238,\"height\":57,\"caption\":\"Memurun Sesi\"},\"image\":{\"@id\":\"https:\\\/\\\/memurunsesi.net\\\/#\\\/schema\\\/logo\\\/image\\\/\"},\"sameAs\":[\"https:\\\/\\\/www.facebook.com\\\/unipersen\\\/?locale=tr_TR\",\"https:\\\/\\\/x.com\\\/unipersen\"]},{\"@type\":\"Person\",\"@id\":\"https:\\\/\\\/memurunsesi.net\\\/#\\\/schema\\\/person\\\/f21c2d73b89f6ee1d80b0a1803e38587\",\"name\":\"Memurun Sesi Haber Merkezi\",\"image\":{\"@type\":\"ImageObject\",\"inLanguage\":\"tr\",\"@id\":\"https:\\\/\\\/secure.gravatar.com\\\/avatar\\\/6cf0505f452ee753f485014986fab09a434671d2b919ee76fc541025c5876a70?s=96&d=mm&r=g\",\"url\":\"https:\\\/\\\/secure.gravatar.com\\\/avatar\\\/6cf0505f452ee753f485014986fab09a434671d2b919ee76fc541025c5876a70?s=96&d=mm&r=g\",\"contentUrl\":\"https:\\\/\\\/secure.gravatar.com\\\/avatar\\\/6cf0505f452ee753f485014986fab09a434671d2b919ee76fc541025c5876a70?s=96&d=mm&r=g\",\"caption\":\"Memurun Sesi Haber Merkezi\"},\"sameAs\":[\"https:\\\/\\\/memurunsesi.net\"],\"url\":\"https:\\\/\\\/memurunsesi.net\\\/index.php\\\/author\\\/uniper\\\/\"}]}<\/script>\n<!-- \/ Yoast SEO plugin. -->","yoast_head_json":{"title":"Karaman\u2019da kamyona \u00e7arpan kamyonet s\u00fcr\u00fcc\u00fcs\u00fc ara\u00e7ta s\u0131k\u0131\u015ft\u0131: 1 yaral\u0131 - Memurun Sesi","robots":{"index":"index","follow":"follow","max-snippet":"max-snippet:-1","max-image-preview":"max-image-preview:large","max-video-preview":"max-video-preview:-1"},"canonical":"https:\/\/memurunsesi.net\/index.php\/2025\/07\/10\/karamanda-kamyona-carpan-kamyonet-surucusu-aracta-sikisti-1-yarali\/","og_locale":"tr_TR","og_type":"article","og_title":"Karaman\u2019da kamyona \u00e7arpan kamyonet s\u00fcr\u00fcc\u00fcs\u00fc ara\u00e7ta s\u0131k\u0131\u015ft\u0131: 1 yaral\u0131 - Memurun Sesi","og_description":"Karaman\u2019da kontrolden \u00e7\u0131kan kamyonet, park halindeki kamyona \u00e7arpt\u0131. Kaza sonras\u0131 ara\u00e7ta s\u0131k\u0131\u015fan kamyonet s\u00fcr\u00fcc\u00fcs\u00fc itfaiyenin \u00e7al\u0131\u015fmas\u0131 sonucu s\u0131k\u0131\u015ft\u0131\u011f\u0131 yerden kurtar\u0131larak hastaneye kald\u0131r\u0131ld\u0131. Kaza, gece saat 01.15 s\u0131ralar\u0131nda Karaman-Konya Karayolu\u2019nun 35. kilometresinde meydana geldi. Edinilen bilgiye g\u00f6re, Ali \u015e. (35) idaresindeki 70 AAB 456 plakal\u0131 kamyonet, s\u00fcr\u00fcc\u00fcs\u00fcn\u00fcn direksiyon hakimiyetini kaybetmesi sonucu kontrolden \u00e7\u0131karak park halindeki 42 [&hellip;]","og_url":"https:\/\/memurunsesi.net\/index.php\/2025\/07\/10\/karamanda-kamyona-carpan-kamyonet-surucusu-aracta-sikisti-1-yarali\/","og_site_name":"Memurun Sesi","article_publisher":"https:\/\/www.facebook.com\/unipersen\/?locale=tr_TR","article_published_time":"2025-07-10T07:47:23+00:00","og_image":[{"width":1600,"height":702,"url":"https:\/\/memurunsesi.net\/wp-content\/uploads\/2025\/07\/AW494047_01.jpg","type":"image\/jpeg"}],"author":"Memurun Sesi Haber Merkezi","twitter_card":"summary_large_image","twitter_creator":"@unipersen","twitter_site":"@unipersen","twitter_misc":{"Yazan:":"Memurun Sesi Haber Merkezi","Tahmini okuma s\u00fcresi":"1 dakika"},"schema":{"@context":"https:\/\/schema.org","@graph":[{"@type":"Article","@id":"https:\/\/memurunsesi.net\/index.php\/2025\/07\/10\/karamanda-kamyona-carpan-kamyonet-surucusu-aracta-sikisti-1-yarali\/#article","isPartOf":{"@id":"https:\/\/memurunsesi.net\/index.php\/2025\/07\/10\/karamanda-kamyona-carpan-kamyonet-surucusu-aracta-sikisti-1-yarali\/"},"author":{"name":"Memurun Sesi Haber Merkezi","@id":"https:\/\/memurunsesi.net\/#\/schema\/person\/f21c2d73b89f6ee1d80b0a1803e38587"},"headline":"Karaman\u2019da kamyona \u00e7arpan kamyonet s\u00fcr\u00fcc\u00fcs\u00fc ara\u00e7ta s\u0131k\u0131\u015ft\u0131: 1 yaral\u0131","datePublished":"2025-07-10T07:47:23+00:00","mainEntityOfPage":{"@id":"https:\/\/memurunsesi.net\/index.php\/2025\/07\/10\/karamanda-kamyona-carpan-kamyonet-surucusu-aracta-sikisti-1-yarali\/"},"wordCount":173,"commentCount":0,"publisher":{"@id":"https:\/\/memurunsesi.net\/#organization"},"image":{"@id":"https:\/\/memurunsesi.net\/index.php\/2025\/07\/10\/karamanda-kamyona-carpan-kamyonet-surucusu-aracta-sikisti-1-yarali\/#primaryimage"},"thumbnailUrl":"https:\/\/memurunsesi.net\/wp-content\/uploads\/2025\/07\/AW494047_01.jpg","inLanguage":"tr","potentialAction":[{"@type":"CommentAction","name":"Comment","target":["https:\/\/memurunsesi.net\/index.php\/2025\/07\/10\/karamanda-kamyona-carpan-kamyonet-surucusu-aracta-sikisti-1-yarali\/#respond"]}]},{"@type":"WebPage","@id":"https:\/\/memurunsesi.net\/index.php\/2025\/07\/10\/karamanda-kamyona-carpan-kamyonet-surucusu-aracta-sikisti-1-yarali\/","url":"https:\/\/memurunsesi.net\/index.php\/2025\/07\/10\/karamanda-kamyona-carpan-kamyonet-surucusu-aracta-sikisti-1-yarali\/","name":"Karaman\u2019da kamyona \u00e7arpan kamyonet s\u00fcr\u00fcc\u00fcs\u00fc ara\u00e7ta s\u0131k\u0131\u015ft\u0131: 1 yaral\u0131 - Memurun Sesi","isPartOf":{"@id":"https:\/\/memurunsesi.net\/#website"},"primaryImageOfPage":{"@id":"https:\/\/memurunsesi.net\/index.php\/2025\/07\/10\/karamanda-kamyona-carpan-kamyonet-surucusu-aracta-sikisti-1-yarali\/#primaryimage"},"image":{"@id":"https:\/\/memurunsesi.net\/index.php\/2025\/07\/10\/karamanda-kamyona-carpan-kamyonet-surucusu-aracta-sikisti-1-yarali\/#primaryimage"},"thumbnailUrl":"https:\/\/memurunsesi.net\/wp-content\/uploads\/2025\/07\/AW494047_01.jpg","datePublished":"2025-07-10T07:47:23+00:00","breadcrumb":{"@id":"https:\/\/memurunsesi.net\/index.php\/2025\/07\/10\/karamanda-kamyona-carpan-kamyonet-surucusu-aracta-sikisti-1-yarali\/#breadcrumb"},"inLanguage":"tr","potentialAction":[{"@type":"ReadAction","target":["https:\/\/memurunsesi.net\/index.php\/2025\/07\/10\/karamanda-kamyona-carpan-kamyonet-surucusu-aracta-sikisti-1-yarali\/"]}]},{"@type":"ImageObject","inLanguage":"tr","@id":"https:\/\/memurunsesi.net\/index.php\/2025\/07\/10\/karamanda-kamyona-carpan-kamyonet-surucusu-aracta-sikisti-1-yarali\/#primaryimage","url":"https:\/\/memurunsesi.net\/wp-content\/uploads\/2025\/07\/AW494047_01.jpg","contentUrl":"https:\/\/memurunsesi.net\/wp-content\/uploads\/2025\/07\/AW494047_01.jpg","width":1600,"height":702,"caption":"KARAMAN'DA KONTROLDEN \u00c7IKAN KAMYONET, PARK HAL\u0130NDEK\u0130 KAMYONA \u00c7ARPTI, 1 K\u0130\u015e\u0130 YARALANDI (MEHMET AK\u0130F ORHAN\/KARAMAN-\u0130HA) Karaman'da kontrolden \u00e7\u0131kan kamyonet, park halindeki kamyona \u00e7arpt\u0131. Kaza sonras\u0131 ara\u00e7ta s\u0131k\u0131\u015fan kamyonet s\u00fcr\u00fcc\u00fcs\u00fc itfaiyenin \u00e7al\u0131\u015fmas\u0131 sonucu s\u0131k\u0131\u015ft\u0131\u011f\u0131 yerden kurtar\u0131larak hastaneye kald\u0131r\u0131ld\u0131."},{"@type":"BreadcrumbList","@id":"https:\/\/memurunsesi.net\/index.php\/2025\/07\/10\/karamanda-kamyona-carpan-kamyonet-surucusu-aracta-sikisti-1-yarali\/#breadcrumb","itemListElement":[{"@type":"ListItem","position":1,"name":"Anasayfa","item":"https:\/\/memurunsesi.net\/"},{"@type":"ListItem","position":2,"name":"Karaman\u2019da kamyona \u00e7arpan kamyonet s\u00fcr\u00fcc\u00fcs\u00fc ara\u00e7ta s\u0131k\u0131\u015ft\u0131: 1 yaral\u0131"}]},{"@type":"WebSite","@id":"https:\/\/memurunsesi.net\/#website","url":"https:\/\/memurunsesi.net\/","name":"Memurun Sesi","description":"G\u00fcncel ve Do\u011fru Haber","publisher":{"@id":"https:\/\/memurunsesi.net\/#organization"},"potentialAction":[{"@type":"SearchAction","target":{"@type":"EntryPoint","urlTemplate":"https:\/\/memurunsesi.net\/?s={search_term_string}"},"query-input":{"@type":"PropertyValueSpecification","valueRequired":true,"valueName":"search_term_string"}}],"inLanguage":"tr"},{"@type":"Organization","@id":"https:\/\/memurunsesi.net\/#organization","name":"Memurun Sesi","url":"https:\/\/memurunsesi.net\/","logo":{"@type":"ImageObject","inLanguage":"tr","@id":"https:\/\/memurunsesi.net\/#\/schema\/logo\/image\/","url":"https:\/\/memurunsesi.net\/wp-content\/uploads\/2025\/11\/cropped-MEMURUN-SESI.png","contentUrl":"https:\/\/memurunsesi.net\/wp-content\/uploads\/2025\/11\/cropped-MEMURUN-SESI.png","width":238,"height":57,"caption":"Memurun Sesi"},"image":{"@id":"https:\/\/memurunsesi.net\/#\/schema\/logo\/image\/"},"sameAs":["https:\/\/www.facebook.com\/unipersen\/?locale=tr_TR","https:\/\/x.com\/unipersen"]},{"@type":"Person","@id":"https:\/\/memurunsesi.net\/#\/schema\/person\/f21c2d73b89f6ee1d80b0a1803e38587","name":"Memurun Sesi Haber Merkezi","image":{"@type":"ImageObject","inLanguage":"tr","@id":"https:\/\/secure.gravatar.com\/avatar\/6cf0505f452ee753f485014986fab09a434671d2b919ee76fc541025c5876a70?s=96&d=mm&r=g","url":"https:\/\/secure.gravatar.com\/avatar\/6cf0505f452ee753f485014986fab09a434671d2b919ee76fc541025c5876a70?s=96&d=mm&r=g","contentUrl":"https:\/\/secure.gravatar.com\/avatar\/6cf0505f452ee753f485014986fab09a434671d2b919ee76fc541025c5876a70?s=96&d=mm&r=g","caption":"Memurun Sesi Haber Merkezi"},"sameAs":["https:\/\/memurunsesi.net"],"url":"https:\/\/memurunsesi.net\/index.php\/author\/uniper\/"}]}},"_links":{"self":[{"href":"https:\/\/memurunsesi.net\/index.php\/wp-json\/wp\/v2\/posts\/9242","targetHints":{"allow":["GET"]}}],"collection":[{"href":"https:\/\/memurunsesi.net\/index.php\/wp-json\/wp\/v2\/posts"}],"about":[{"href":"https:\/\/memurunsesi.net\/index.php\/wp-json\/wp\/v2\/types\/post"}],"author":[{"embeddable":true,"href":"https:\/\/memurunsesi.net\/index.php\/wp-json\/wp\/v2\/users\/1"}],"replies":[{"embeddable":true,"href":"https:\/\/memurunsesi.net\/index.php\/wp-json\/wp\/v2\/comments?post=9242"}],"version-history":[{"count":1,"href":"https:\/\/memurunsesi.net\/index.php\/wp-json\/wp\/v2\/posts\/9242\/revisions"}],"predecessor-version":[{"id":9244,"href":"https:\/\/memurunsesi.net\/index.php\/wp-json\/wp\/v2\/posts\/9242\/revisions\/9244"}],"wp:featuredmedia":[{"embeddable":true,"href":"https:\/\/memurunsesi.net\/index.php\/wp-json\/wp\/v2\/media\/9243"}],"wp:attachment":[{"href":"https:\/\/memurunsesi.net\/index.php\/wp-json\/wp\/v2\/media?parent=9242"}],"wp:term":[{"taxonomy":"category","embeddable":true,"href":"https:\/\/memurunsesi.net\/index.php\/wp-json\/wp\/v2\/categories?post=9242"},{"taxonomy":"post_tag","embeddable":true,"href":"https:\/\/memurunsesi.net\/index.php\/wp-json\/wp\/v2\/tags?post=9242"}],"curies":[{"name":"wp","href":"https:\/\/api.w.org\/{rel}","templated":true}]}}