{"id":9245,"date":"2025-07-10T10:52:47","date_gmt":"2025-07-10T07:52:47","guid":{"rendered":"https:\/\/memurunsesi.net\/?p=9245"},"modified":"2025-07-10T10:52:47","modified_gmt":"2025-07-10T07:52:47","slug":"kavga-sirasinda-uzerinden-aracla-gecilerek-olduruldu","status":"publish","type":"post","link":"https:\/\/memurunsesi.net\/index.php\/2025\/07\/10\/kavga-sirasinda-uzerinden-aracla-gecilerek-olduruldu\/","title":{"rendered":"Kavga s\u0131ras\u0131nda \u00fczerinden ara\u00e7la ge\u00e7ilerek \u00f6ld\u00fcr\u00fcld\u00fc"},"content":{"rendered":"<p>  Samsun&#8217;da \u00e7\u0131kan kavgada \u00fczerinden ara\u00e7la ge\u00e7ilen \u015fah\u0131s hayat\u0131n\u0131 kaybetti.<br \/>\nOlay, Samsun&#8217;un \u0130lkad\u0131m il\u00e7esi Kale Mahallesi Devlet Opera ve Bale M\u00fcd\u00fcrl\u00fc\u011f\u00fc arkas\u0131nda d\u00fcn ak\u015fam meydana geldi. Edinilen bilgiye g\u00f6re, alkoll\u00fc \u015fah\u0131slar aras\u0131nda \u00e7\u0131kan kavgada U\u011fur Y\u0131lmaz (32), ara\u00e7la Mehmet Kalay&#8217;a (39) \u00e7arpt\u0131. A\u011f\u0131r yaralanan Mehmet Kalay hayat\u0131n\u0131 kaybetti. Olayla ilgili 19 su\u00e7 kayd\u0131 bulunan U\u011fur Y\u0131lmaz ile olaya kar\u0131\u015fan Mevl\u00fct Y. (35) ve Ahmet G. (48) polis ekiplerince g\u00f6zalt\u0131na al\u0131nd\u0131.<br \/>\n  Soru\u015fturma devam ediyor.  <\/p>\n<p>10.07.2025                               <\/p>\n","protected":false},"excerpt":{"rendered":"<p>Samsun&#8217;da \u00e7\u0131kan kavgada \u00fczerinden ara\u00e7la ge\u00e7ilen \u015fah\u0131s hayat\u0131n\u0131 kaybetti. Olay, Samsun&#8217;un \u0130lkad\u0131m il\u00e7esi Kale Mahallesi Devlet Opera ve Bale M\u00fcd\u00fcrl\u00fc\u011f\u00fc arkas\u0131nda d\u00fcn ak\u015fam meydana geldi. Edinilen bilgiye g\u00f6re, alkoll\u00fc \u015fah\u0131slar aras\u0131nda \u00e7\u0131kan kavgada U\u011fur Y\u0131lmaz (32), ara\u00e7la Mehmet Kalay&#8217;a (39) \u00e7arpt\u0131. A\u011f\u0131r yaralanan Mehmet Kalay hayat\u0131n\u0131 kaybetti. Olayla ilgili 19 su\u00e7 kayd\u0131 bulunan U\u011fur Y\u0131lmaz [&hellip;]<\/p>\n","protected":false},"author":1,"featured_media":9246,"comment_status":"open","ping_status":"open","sticky":false,"template":"","format":"standard","meta":{"footnotes":""},"categories":[1],"tags":[],"class_list":["post-9245","post","type-post","status-publish","format-standard","has-post-thumbnail","hentry","category-genel"],"yoast_head":"<!-- This site is optimized with the Yoast SEO plugin v27.4 - https:\/\/yoast.com\/product\/yoast-seo-wordpress\/ -->\n<title>Kavga s\u0131ras\u0131nda \u00fczerinden ara\u00e7la ge\u00e7ilerek \u00f6ld\u00fcr\u00fcld\u00fc - Memurun Sesi<\/title>\n<meta name=\"robots\" content=\"index, follow, max-snippet:-1, max-image-preview:large, max-video-preview:-1\" \/>\n<link rel=\"canonical\" href=\"https:\/\/memurunsesi.net\/index.php\/2025\/07\/10\/kavga-sirasinda-uzerinden-aracla-gecilerek-olduruldu\/\" \/>\n<meta property=\"og:locale\" content=\"tr_TR\" \/>\n<meta property=\"og:type\" content=\"article\" \/>\n<meta property=\"og:title\" content=\"Kavga s\u0131ras\u0131nda \u00fczerinden ara\u00e7la ge\u00e7ilerek \u00f6ld\u00fcr\u00fcld\u00fc - Memurun Sesi\" \/>\n<meta property=\"og:description\" content=\"Samsun&#8217;da \u00e7\u0131kan kavgada \u00fczerinden ara\u00e7la ge\u00e7ilen \u015fah\u0131s hayat\u0131n\u0131 kaybetti. Olay, Samsun&#8217;un \u0130lkad\u0131m il\u00e7esi Kale Mahallesi Devlet Opera ve Bale M\u00fcd\u00fcrl\u00fc\u011f\u00fc arkas\u0131nda d\u00fcn ak\u015fam meydana geldi. Edinilen bilgiye g\u00f6re, alkoll\u00fc \u015fah\u0131slar aras\u0131nda \u00e7\u0131kan kavgada U\u011fur Y\u0131lmaz (32), ara\u00e7la Mehmet Kalay&#8217;a (39) \u00e7arpt\u0131. A\u011f\u0131r yaralanan Mehmet Kalay hayat\u0131n\u0131 kaybetti. Olayla ilgili 19 su\u00e7 kayd\u0131 bulunan U\u011fur Y\u0131lmaz [&hellip;]\" \/>\n<meta property=\"og:url\" content=\"https:\/\/memurunsesi.net\/index.php\/2025\/07\/10\/kavga-sirasinda-uzerinden-aracla-gecilerek-olduruldu\/\" \/>\n<meta property=\"og:site_name\" content=\"Memurun Sesi\" \/>\n<meta property=\"article:publisher\" content=\"https:\/\/www.facebook.com\/unipersen\/?locale=tr_TR\" \/>\n<meta property=\"article:published_time\" content=\"2025-07-10T07:52:47+00:00\" \/>\n<meta property=\"og:image\" content=\"https:\/\/memurunsesi.net\/wp-content\/uploads\/2025\/07\/AW494001_01.jpg\" \/>\n\t<meta property=\"og:image:width\" content=\"1008\" \/>\n\t<meta property=\"og:image:height\" content=\"1342\" \/>\n\t<meta property=\"og:image:type\" content=\"image\/jpeg\" \/>\n<meta name=\"author\" content=\"Memurun Sesi Haber Merkezi\" \/>\n<meta name=\"twitter:card\" content=\"summary_large_image\" \/>\n<meta name=\"twitter:creator\" content=\"@unipersen\" \/>\n<meta name=\"twitter:site\" content=\"@unipersen\" \/>\n<meta name=\"twitter:label1\" content=\"Yazan:\" \/>\n\t<meta name=\"twitter:data1\" content=\"Memurun Sesi Haber Merkezi\" \/>\n\t<meta name=\"twitter:label2\" content=\"Tahmini okuma s\u00fcresi\" \/>\n\t<meta name=\"twitter:data2\" content=\"1 dakika\" \/>\n<script type=\"application\/ld+json\" class=\"yoast-schema-graph\">{\"@context\":\"https:\\\/\\\/schema.org\",\"@graph\":[{\"@type\":\"Article\",\"@id\":\"https:\\\/\\\/memurunsesi.net\\\/index.php\\\/2025\\\/07\\\/10\\\/kavga-sirasinda-uzerinden-aracla-gecilerek-olduruldu\\\/#article\",\"isPartOf\":{\"@id\":\"https:\\\/\\\/memurunsesi.net\\\/index.php\\\/2025\\\/07\\\/10\\\/kavga-sirasinda-uzerinden-aracla-gecilerek-olduruldu\\\/\"},\"author\":{\"name\":\"Memurun Sesi Haber Merkezi\",\"@id\":\"https:\\\/\\\/memurunsesi.net\\\/#\\\/schema\\\/person\\\/f21c2d73b89f6ee1d80b0a1803e38587\"},\"headline\":\"Kavga s\u0131ras\u0131nda \u00fczerinden ara\u00e7la ge\u00e7ilerek \u00f6ld\u00fcr\u00fcld\u00fc\",\"datePublished\":\"2025-07-10T07:52:47+00:00\",\"mainEntityOfPage\":{\"@id\":\"https:\\\/\\\/memurunsesi.net\\\/index.php\\\/2025\\\/07\\\/10\\\/kavga-sirasinda-uzerinden-aracla-gecilerek-olduruldu\\\/\"},\"wordCount\":109,\"commentCount\":0,\"publisher\":{\"@id\":\"https:\\\/\\\/memurunsesi.net\\\/#organization\"},\"image\":{\"@id\":\"https:\\\/\\\/memurunsesi.net\\\/index.php\\\/2025\\\/07\\\/10\\\/kavga-sirasinda-uzerinden-aracla-gecilerek-olduruldu\\\/#primaryimage\"},\"thumbnailUrl\":\"https:\\\/\\\/memurunsesi.net\\\/wp-content\\\/uploads\\\/2025\\\/07\\\/AW494001_01.jpg\",\"inLanguage\":\"tr\",\"potentialAction\":[{\"@type\":\"CommentAction\",\"name\":\"Comment\",\"target\":[\"https:\\\/\\\/memurunsesi.net\\\/index.php\\\/2025\\\/07\\\/10\\\/kavga-sirasinda-uzerinden-aracla-gecilerek-olduruldu\\\/#respond\"]}]},{\"@type\":\"WebPage\",\"@id\":\"https:\\\/\\\/memurunsesi.net\\\/index.php\\\/2025\\\/07\\\/10\\\/kavga-sirasinda-uzerinden-aracla-gecilerek-olduruldu\\\/\",\"url\":\"https:\\\/\\\/memurunsesi.net\\\/index.php\\\/2025\\\/07\\\/10\\\/kavga-sirasinda-uzerinden-aracla-gecilerek-olduruldu\\\/\",\"name\":\"Kavga s\u0131ras\u0131nda \u00fczerinden ara\u00e7la ge\u00e7ilerek \u00f6ld\u00fcr\u00fcld\u00fc - Memurun Sesi\",\"isPartOf\":{\"@id\":\"https:\\\/\\\/memurunsesi.net\\\/#website\"},\"primaryImageOfPage\":{\"@id\":\"https:\\\/\\\/memurunsesi.net\\\/index.php\\\/2025\\\/07\\\/10\\\/kavga-sirasinda-uzerinden-aracla-gecilerek-olduruldu\\\/#primaryimage\"},\"image\":{\"@id\":\"https:\\\/\\\/memurunsesi.net\\\/index.php\\\/2025\\\/07\\\/10\\\/kavga-sirasinda-uzerinden-aracla-gecilerek-olduruldu\\\/#primaryimage\"},\"thumbnailUrl\":\"https:\\\/\\\/memurunsesi.net\\\/wp-content\\\/uploads\\\/2025\\\/07\\\/AW494001_01.jpg\",\"datePublished\":\"2025-07-10T07:52:47+00:00\",\"breadcrumb\":{\"@id\":\"https:\\\/\\\/memurunsesi.net\\\/index.php\\\/2025\\\/07\\\/10\\\/kavga-sirasinda-uzerinden-aracla-gecilerek-olduruldu\\\/#breadcrumb\"},\"inLanguage\":\"tr\",\"potentialAction\":[{\"@type\":\"ReadAction\",\"target\":[\"https:\\\/\\\/memurunsesi.net\\\/index.php\\\/2025\\\/07\\\/10\\\/kavga-sirasinda-uzerinden-aracla-gecilerek-olduruldu\\\/\"]}]},{\"@type\":\"ImageObject\",\"inLanguage\":\"tr\",\"@id\":\"https:\\\/\\\/memurunsesi.net\\\/index.php\\\/2025\\\/07\\\/10\\\/kavga-sirasinda-uzerinden-aracla-gecilerek-olduruldu\\\/#primaryimage\",\"url\":\"https:\\\/\\\/memurunsesi.net\\\/wp-content\\\/uploads\\\/2025\\\/07\\\/AW494001_01.jpg\",\"contentUrl\":\"https:\\\/\\\/memurunsesi.net\\\/wp-content\\\/uploads\\\/2025\\\/07\\\/AW494001_01.jpg\",\"width\":1008,\"height\":1342,\"caption\":\"MEHMET KALAY (39) HAYATINI KAYBETT\u0130. (MUHAMMER AY\\\/SAMSUN-\u0130HA) Samsun'da \u00e7\u0131kan kavgada \u00fczerinden ara\u00e7la ge\u00e7ilen \u015fah\u0131s hayat\u0131n\u0131 kaybetti.\"},{\"@type\":\"BreadcrumbList\",\"@id\":\"https:\\\/\\\/memurunsesi.net\\\/index.php\\\/2025\\\/07\\\/10\\\/kavga-sirasinda-uzerinden-aracla-gecilerek-olduruldu\\\/#breadcrumb\",\"itemListElement\":[{\"@type\":\"ListItem\",\"position\":1,\"name\":\"Anasayfa\",\"item\":\"https:\\\/\\\/memurunsesi.net\\\/\"},{\"@type\":\"ListItem\",\"position\":2,\"name\":\"Kavga s\u0131ras\u0131nda \u00fczerinden ara\u00e7la ge\u00e7ilerek \u00f6ld\u00fcr\u00fcld\u00fc\"}]},{\"@type\":\"WebSite\",\"@id\":\"https:\\\/\\\/memurunsesi.net\\\/#website\",\"url\":\"https:\\\/\\\/memurunsesi.net\\\/\",\"name\":\"Memurun Sesi\",\"description\":\"G\u00fcncel ve Do\u011fru Haber\",\"publisher\":{\"@id\":\"https:\\\/\\\/memurunsesi.net\\\/#organization\"},\"potentialAction\":[{\"@type\":\"SearchAction\",\"target\":{\"@type\":\"EntryPoint\",\"urlTemplate\":\"https:\\\/\\\/memurunsesi.net\\\/?s={search_term_string}\"},\"query-input\":{\"@type\":\"PropertyValueSpecification\",\"valueRequired\":true,\"valueName\":\"search_term_string\"}}],\"inLanguage\":\"tr\"},{\"@type\":\"Organization\",\"@id\":\"https:\\\/\\\/memurunsesi.net\\\/#organization\",\"name\":\"Memurun Sesi\",\"url\":\"https:\\\/\\\/memurunsesi.net\\\/\",\"logo\":{\"@type\":\"ImageObject\",\"inLanguage\":\"tr\",\"@id\":\"https:\\\/\\\/memurunsesi.net\\\/#\\\/schema\\\/logo\\\/image\\\/\",\"url\":\"https:\\\/\\\/memurunsesi.net\\\/wp-content\\\/uploads\\\/2025\\\/11\\\/cropped-MEMURUN-SESI.png\",\"contentUrl\":\"https:\\\/\\\/memurunsesi.net\\\/wp-content\\\/uploads\\\/2025\\\/11\\\/cropped-MEMURUN-SESI.png\",\"width\":238,\"height\":57,\"caption\":\"Memurun Sesi\"},\"image\":{\"@id\":\"https:\\\/\\\/memurunsesi.net\\\/#\\\/schema\\\/logo\\\/image\\\/\"},\"sameAs\":[\"https:\\\/\\\/www.facebook.com\\\/unipersen\\\/?locale=tr_TR\",\"https:\\\/\\\/x.com\\\/unipersen\"]},{\"@type\":\"Person\",\"@id\":\"https:\\\/\\\/memurunsesi.net\\\/#\\\/schema\\\/person\\\/f21c2d73b89f6ee1d80b0a1803e38587\",\"name\":\"Memurun Sesi Haber Merkezi\",\"image\":{\"@type\":\"ImageObject\",\"inLanguage\":\"tr\",\"@id\":\"https:\\\/\\\/secure.gravatar.com\\\/avatar\\\/6cf0505f452ee753f485014986fab09a434671d2b919ee76fc541025c5876a70?s=96&d=mm&r=g\",\"url\":\"https:\\\/\\\/secure.gravatar.com\\\/avatar\\\/6cf0505f452ee753f485014986fab09a434671d2b919ee76fc541025c5876a70?s=96&d=mm&r=g\",\"contentUrl\":\"https:\\\/\\\/secure.gravatar.com\\\/avatar\\\/6cf0505f452ee753f485014986fab09a434671d2b919ee76fc541025c5876a70?s=96&d=mm&r=g\",\"caption\":\"Memurun Sesi Haber Merkezi\"},\"sameAs\":[\"https:\\\/\\\/memurunsesi.net\"],\"url\":\"https:\\\/\\\/memurunsesi.net\\\/index.php\\\/author\\\/uniper\\\/\"}]}<\/script>\n<!-- \/ Yoast SEO plugin. -->","yoast_head_json":{"title":"Kavga s\u0131ras\u0131nda \u00fczerinden ara\u00e7la ge\u00e7ilerek \u00f6ld\u00fcr\u00fcld\u00fc - Memurun Sesi","robots":{"index":"index","follow":"follow","max-snippet":"max-snippet:-1","max-image-preview":"max-image-preview:large","max-video-preview":"max-video-preview:-1"},"canonical":"https:\/\/memurunsesi.net\/index.php\/2025\/07\/10\/kavga-sirasinda-uzerinden-aracla-gecilerek-olduruldu\/","og_locale":"tr_TR","og_type":"article","og_title":"Kavga s\u0131ras\u0131nda \u00fczerinden ara\u00e7la ge\u00e7ilerek \u00f6ld\u00fcr\u00fcld\u00fc - Memurun Sesi","og_description":"Samsun&#8217;da \u00e7\u0131kan kavgada \u00fczerinden ara\u00e7la ge\u00e7ilen \u015fah\u0131s hayat\u0131n\u0131 kaybetti. Olay, Samsun&#8217;un \u0130lkad\u0131m il\u00e7esi Kale Mahallesi Devlet Opera ve Bale M\u00fcd\u00fcrl\u00fc\u011f\u00fc arkas\u0131nda d\u00fcn ak\u015fam meydana geldi. Edinilen bilgiye g\u00f6re, alkoll\u00fc \u015fah\u0131slar aras\u0131nda \u00e7\u0131kan kavgada U\u011fur Y\u0131lmaz (32), ara\u00e7la Mehmet Kalay&#8217;a (39) \u00e7arpt\u0131. A\u011f\u0131r yaralanan Mehmet Kalay hayat\u0131n\u0131 kaybetti. Olayla ilgili 19 su\u00e7 kayd\u0131 bulunan U\u011fur Y\u0131lmaz [&hellip;]","og_url":"https:\/\/memurunsesi.net\/index.php\/2025\/07\/10\/kavga-sirasinda-uzerinden-aracla-gecilerek-olduruldu\/","og_site_name":"Memurun Sesi","article_publisher":"https:\/\/www.facebook.com\/unipersen\/?locale=tr_TR","article_published_time":"2025-07-10T07:52:47+00:00","og_image":[{"width":1008,"height":1342,"url":"https:\/\/memurunsesi.net\/wp-content\/uploads\/2025\/07\/AW494001_01.jpg","type":"image\/jpeg"}],"author":"Memurun Sesi Haber Merkezi","twitter_card":"summary_large_image","twitter_creator":"@unipersen","twitter_site":"@unipersen","twitter_misc":{"Yazan:":"Memurun Sesi Haber Merkezi","Tahmini okuma s\u00fcresi":"1 dakika"},"schema":{"@context":"https:\/\/schema.org","@graph":[{"@type":"Article","@id":"https:\/\/memurunsesi.net\/index.php\/2025\/07\/10\/kavga-sirasinda-uzerinden-aracla-gecilerek-olduruldu\/#article","isPartOf":{"@id":"https:\/\/memurunsesi.net\/index.php\/2025\/07\/10\/kavga-sirasinda-uzerinden-aracla-gecilerek-olduruldu\/"},"author":{"name":"Memurun Sesi Haber Merkezi","@id":"https:\/\/memurunsesi.net\/#\/schema\/person\/f21c2d73b89f6ee1d80b0a1803e38587"},"headline":"Kavga s\u0131ras\u0131nda \u00fczerinden ara\u00e7la ge\u00e7ilerek \u00f6ld\u00fcr\u00fcld\u00fc","datePublished":"2025-07-10T07:52:47+00:00","mainEntityOfPage":{"@id":"https:\/\/memurunsesi.net\/index.php\/2025\/07\/10\/kavga-sirasinda-uzerinden-aracla-gecilerek-olduruldu\/"},"wordCount":109,"commentCount":0,"publisher":{"@id":"https:\/\/memurunsesi.net\/#organization"},"image":{"@id":"https:\/\/memurunsesi.net\/index.php\/2025\/07\/10\/kavga-sirasinda-uzerinden-aracla-gecilerek-olduruldu\/#primaryimage"},"thumbnailUrl":"https:\/\/memurunsesi.net\/wp-content\/uploads\/2025\/07\/AW494001_01.jpg","inLanguage":"tr","potentialAction":[{"@type":"CommentAction","name":"Comment","target":["https:\/\/memurunsesi.net\/index.php\/2025\/07\/10\/kavga-sirasinda-uzerinden-aracla-gecilerek-olduruldu\/#respond"]}]},{"@type":"WebPage","@id":"https:\/\/memurunsesi.net\/index.php\/2025\/07\/10\/kavga-sirasinda-uzerinden-aracla-gecilerek-olduruldu\/","url":"https:\/\/memurunsesi.net\/index.php\/2025\/07\/10\/kavga-sirasinda-uzerinden-aracla-gecilerek-olduruldu\/","name":"Kavga s\u0131ras\u0131nda \u00fczerinden ara\u00e7la ge\u00e7ilerek \u00f6ld\u00fcr\u00fcld\u00fc - Memurun Sesi","isPartOf":{"@id":"https:\/\/memurunsesi.net\/#website"},"primaryImageOfPage":{"@id":"https:\/\/memurunsesi.net\/index.php\/2025\/07\/10\/kavga-sirasinda-uzerinden-aracla-gecilerek-olduruldu\/#primaryimage"},"image":{"@id":"https:\/\/memurunsesi.net\/index.php\/2025\/07\/10\/kavga-sirasinda-uzerinden-aracla-gecilerek-olduruldu\/#primaryimage"},"thumbnailUrl":"https:\/\/memurunsesi.net\/wp-content\/uploads\/2025\/07\/AW494001_01.jpg","datePublished":"2025-07-10T07:52:47+00:00","breadcrumb":{"@id":"https:\/\/memurunsesi.net\/index.php\/2025\/07\/10\/kavga-sirasinda-uzerinden-aracla-gecilerek-olduruldu\/#breadcrumb"},"inLanguage":"tr","potentialAction":[{"@type":"ReadAction","target":["https:\/\/memurunsesi.net\/index.php\/2025\/07\/10\/kavga-sirasinda-uzerinden-aracla-gecilerek-olduruldu\/"]}]},{"@type":"ImageObject","inLanguage":"tr","@id":"https:\/\/memurunsesi.net\/index.php\/2025\/07\/10\/kavga-sirasinda-uzerinden-aracla-gecilerek-olduruldu\/#primaryimage","url":"https:\/\/memurunsesi.net\/wp-content\/uploads\/2025\/07\/AW494001_01.jpg","contentUrl":"https:\/\/memurunsesi.net\/wp-content\/uploads\/2025\/07\/AW494001_01.jpg","width":1008,"height":1342,"caption":"MEHMET KALAY (39) HAYATINI KAYBETT\u0130. (MUHAMMER AY\/SAMSUN-\u0130HA) Samsun'da \u00e7\u0131kan kavgada \u00fczerinden ara\u00e7la ge\u00e7ilen \u015fah\u0131s hayat\u0131n\u0131 kaybetti."},{"@type":"BreadcrumbList","@id":"https:\/\/memurunsesi.net\/index.php\/2025\/07\/10\/kavga-sirasinda-uzerinden-aracla-gecilerek-olduruldu\/#breadcrumb","itemListElement":[{"@type":"ListItem","position":1,"name":"Anasayfa","item":"https:\/\/memurunsesi.net\/"},{"@type":"ListItem","position":2,"name":"Kavga s\u0131ras\u0131nda \u00fczerinden ara\u00e7la ge\u00e7ilerek \u00f6ld\u00fcr\u00fcld\u00fc"}]},{"@type":"WebSite","@id":"https:\/\/memurunsesi.net\/#website","url":"https:\/\/memurunsesi.net\/","name":"Memurun Sesi","description":"G\u00fcncel ve Do\u011fru Haber","publisher":{"@id":"https:\/\/memurunsesi.net\/#organization"},"potentialAction":[{"@type":"SearchAction","target":{"@type":"EntryPoint","urlTemplate":"https:\/\/memurunsesi.net\/?s={search_term_string}"},"query-input":{"@type":"PropertyValueSpecification","valueRequired":true,"valueName":"search_term_string"}}],"inLanguage":"tr"},{"@type":"Organization","@id":"https:\/\/memurunsesi.net\/#organization","name":"Memurun Sesi","url":"https:\/\/memurunsesi.net\/","logo":{"@type":"ImageObject","inLanguage":"tr","@id":"https:\/\/memurunsesi.net\/#\/schema\/logo\/image\/","url":"https:\/\/memurunsesi.net\/wp-content\/uploads\/2025\/11\/cropped-MEMURUN-SESI.png","contentUrl":"https:\/\/memurunsesi.net\/wp-content\/uploads\/2025\/11\/cropped-MEMURUN-SESI.png","width":238,"height":57,"caption":"Memurun Sesi"},"image":{"@id":"https:\/\/memurunsesi.net\/#\/schema\/logo\/image\/"},"sameAs":["https:\/\/www.facebook.com\/unipersen\/?locale=tr_TR","https:\/\/x.com\/unipersen"]},{"@type":"Person","@id":"https:\/\/memurunsesi.net\/#\/schema\/person\/f21c2d73b89f6ee1d80b0a1803e38587","name":"Memurun Sesi Haber Merkezi","image":{"@type":"ImageObject","inLanguage":"tr","@id":"https:\/\/secure.gravatar.com\/avatar\/6cf0505f452ee753f485014986fab09a434671d2b919ee76fc541025c5876a70?s=96&d=mm&r=g","url":"https:\/\/secure.gravatar.com\/avatar\/6cf0505f452ee753f485014986fab09a434671d2b919ee76fc541025c5876a70?s=96&d=mm&r=g","contentUrl":"https:\/\/secure.gravatar.com\/avatar\/6cf0505f452ee753f485014986fab09a434671d2b919ee76fc541025c5876a70?s=96&d=mm&r=g","caption":"Memurun Sesi Haber Merkezi"},"sameAs":["https:\/\/memurunsesi.net"],"url":"https:\/\/memurunsesi.net\/index.php\/author\/uniper\/"}]}},"_links":{"self":[{"href":"https:\/\/memurunsesi.net\/index.php\/wp-json\/wp\/v2\/posts\/9245","targetHints":{"allow":["GET"]}}],"collection":[{"href":"https:\/\/memurunsesi.net\/index.php\/wp-json\/wp\/v2\/posts"}],"about":[{"href":"https:\/\/memurunsesi.net\/index.php\/wp-json\/wp\/v2\/types\/post"}],"author":[{"embeddable":true,"href":"https:\/\/memurunsesi.net\/index.php\/wp-json\/wp\/v2\/users\/1"}],"replies":[{"embeddable":true,"href":"https:\/\/memurunsesi.net\/index.php\/wp-json\/wp\/v2\/comments?post=9245"}],"version-history":[{"count":1,"href":"https:\/\/memurunsesi.net\/index.php\/wp-json\/wp\/v2\/posts\/9245\/revisions"}],"predecessor-version":[{"id":9247,"href":"https:\/\/memurunsesi.net\/index.php\/wp-json\/wp\/v2\/posts\/9245\/revisions\/9247"}],"wp:featuredmedia":[{"embeddable":true,"href":"https:\/\/memurunsesi.net\/index.php\/wp-json\/wp\/v2\/media\/9246"}],"wp:attachment":[{"href":"https:\/\/memurunsesi.net\/index.php\/wp-json\/wp\/v2\/media?parent=9245"}],"wp:term":[{"taxonomy":"category","embeddable":true,"href":"https:\/\/memurunsesi.net\/index.php\/wp-json\/wp\/v2\/categories?post=9245"},{"taxonomy":"post_tag","embeddable":true,"href":"https:\/\/memurunsesi.net\/index.php\/wp-json\/wp\/v2\/tags?post=9245"}],"curies":[{"name":"wp","href":"https:\/\/api.w.org\/{rel}","templated":true}]}}