{"id":9248,"date":"2025-07-10T12:46:50","date_gmt":"2025-07-10T09:46:50","guid":{"rendered":"https:\/\/memurunsesi.net\/?p=9248"},"modified":"2025-07-10T12:46:50","modified_gmt":"2025-07-10T09:46:50","slug":"bandirmada-hastane-otoparkinda-arac-yangini","status":"publish","type":"post","link":"https:\/\/memurunsesi.net\/index.php\/2025\/07\/10\/bandirmada-hastane-otoparkinda-arac-yangini\/","title":{"rendered":"Band\u0131rma&#8217;da hastane otopark\u0131nda ara\u00e7 yang\u0131n\u0131"},"content":{"rendered":"<p>  Bal\u0131kesir&#8217;in Band\u0131rma il\u00e7esinde hastane otopark\u0131nda park halinde bulunan otomobil alev ald\u0131. \u0130tfaiye ekiplerinin m\u00fcdahalesiyle s\u00f6nd\u00fcr\u00fclen yang\u0131nda ara\u00e7 kullan\u0131lamaz hale geldi.<br \/>\n  Edinilen bilgiye g\u00f6re, Band\u0131rma E\u011fitim ve Ara\u015ft\u0131rma Hastanesi otopark\u0131nda park halinde bulunan 16 KHT  plakal\u0131 ara\u00e7 hen\u00fcz belirlenemeyen bir nedenle alev ald\u0131. K\u0131sa s\u00fcrede b\u00fcy\u00fcyen yang\u0131n\u0131 g\u00f6ren vatanda\u015flar\u0131n ihbar\u0131 \u00fczerine olay yerine Band\u0131rma \u0130tfaiye Grup Amirli\u011fi&#8217;ne ba\u011fl\u0131 ekipler sevk edildi.<br \/>\n  \u0130tfaiye ekiplerinin m\u00fcdahalesiyle yang\u0131n kontrol alt\u0131na al\u0131narak s\u00f6nd\u00fcr\u00fcld\u00fc. Yang\u0131nda herhangi bir yaralanma ya\u015fanmazken, ara\u00e7 kullan\u0131lamaz hale geldi. Yang\u0131n\u0131n \u00e7\u0131k\u0131\u015f nedenine ili\u015fkin inceleme ba\u015flat\u0131ld\u0131. <\/p>\n<p>10.07.2025                              <\/p>\n","protected":false},"excerpt":{"rendered":"<p>Bal\u0131kesir&#8217;in Band\u0131rma il\u00e7esinde hastane otopark\u0131nda park halinde bulunan otomobil alev ald\u0131. \u0130tfaiye ekiplerinin m\u00fcdahalesiyle s\u00f6nd\u00fcr\u00fclen yang\u0131nda ara\u00e7 kullan\u0131lamaz hale geldi. Edinilen bilgiye g\u00f6re, Band\u0131rma E\u011fitim ve Ara\u015ft\u0131rma Hastanesi otopark\u0131nda park halinde bulunan 16 KHT plakal\u0131 ara\u00e7 hen\u00fcz belirlenemeyen bir nedenle alev ald\u0131. K\u0131sa s\u00fcrede b\u00fcy\u00fcyen yang\u0131n\u0131 g\u00f6ren vatanda\u015flar\u0131n ihbar\u0131 \u00fczerine olay yerine Band\u0131rma \u0130tfaiye Grup [&hellip;]<\/p>\n","protected":false},"author":1,"featured_media":9250,"comment_status":"open","ping_status":"open","sticky":false,"template":"","format":"standard","meta":{"footnotes":""},"categories":[1],"tags":[],"class_list":["post-9248","post","type-post","status-publish","format-standard","has-post-thumbnail","hentry","category-genel"],"yoast_head":"<!-- This site is optimized with the Yoast SEO plugin v27.4 - https:\/\/yoast.com\/product\/yoast-seo-wordpress\/ -->\n<title>Band\u0131rma&#039;da hastane otopark\u0131nda ara\u00e7 yang\u0131n\u0131 - Memurun Sesi<\/title>\n<meta name=\"robots\" content=\"index, follow, max-snippet:-1, max-image-preview:large, max-video-preview:-1\" \/>\n<link rel=\"canonical\" href=\"https:\/\/memurunsesi.net\/index.php\/2025\/07\/10\/bandirmada-hastane-otoparkinda-arac-yangini\/\" \/>\n<meta property=\"og:locale\" content=\"tr_TR\" \/>\n<meta property=\"og:type\" content=\"article\" \/>\n<meta property=\"og:title\" content=\"Band\u0131rma&#039;da hastane otopark\u0131nda ara\u00e7 yang\u0131n\u0131 - Memurun Sesi\" \/>\n<meta property=\"og:description\" content=\"Bal\u0131kesir&#8217;in Band\u0131rma il\u00e7esinde hastane otopark\u0131nda park halinde bulunan otomobil alev ald\u0131. \u0130tfaiye ekiplerinin m\u00fcdahalesiyle s\u00f6nd\u00fcr\u00fclen yang\u0131nda ara\u00e7 kullan\u0131lamaz hale geldi. Edinilen bilgiye g\u00f6re, Band\u0131rma E\u011fitim ve Ara\u015ft\u0131rma Hastanesi otopark\u0131nda park halinde bulunan 16 KHT plakal\u0131 ara\u00e7 hen\u00fcz belirlenemeyen bir nedenle alev ald\u0131. K\u0131sa s\u00fcrede b\u00fcy\u00fcyen yang\u0131n\u0131 g\u00f6ren vatanda\u015flar\u0131n ihbar\u0131 \u00fczerine olay yerine Band\u0131rma \u0130tfaiye Grup [&hellip;]\" \/>\n<meta property=\"og:url\" content=\"https:\/\/memurunsesi.net\/index.php\/2025\/07\/10\/bandirmada-hastane-otoparkinda-arac-yangini\/\" \/>\n<meta property=\"og:site_name\" content=\"Memurun Sesi\" \/>\n<meta property=\"article:publisher\" content=\"https:\/\/www.facebook.com\/unipersen\/?locale=tr_TR\" \/>\n<meta property=\"article:published_time\" content=\"2025-07-10T09:46:50+00:00\" \/>\n<meta property=\"og:image\" content=\"https:\/\/memurunsesi.net\/wp-content\/uploads\/2025\/07\/AW494209_01-2-scaled.jpg\" \/>\n\t<meta property=\"og:image:width\" content=\"2560\" \/>\n\t<meta property=\"og:image:height\" content=\"1920\" \/>\n\t<meta property=\"og:image:type\" content=\"image\/jpeg\" \/>\n<meta name=\"author\" content=\"Memurun Sesi Haber Merkezi\" \/>\n<meta name=\"twitter:card\" content=\"summary_large_image\" \/>\n<meta name=\"twitter:creator\" content=\"@unipersen\" \/>\n<meta name=\"twitter:site\" content=\"@unipersen\" \/>\n<meta name=\"twitter:label1\" content=\"Yazan:\" \/>\n\t<meta name=\"twitter:data1\" content=\"Memurun Sesi Haber Merkezi\" \/>\n\t<meta name=\"twitter:label2\" content=\"Tahmini okuma s\u00fcresi\" \/>\n\t<meta name=\"twitter:data2\" content=\"1 dakika\" \/>\n<script type=\"application\/ld+json\" class=\"yoast-schema-graph\">{\"@context\":\"https:\\\/\\\/schema.org\",\"@graph\":[{\"@type\":\"Article\",\"@id\":\"https:\\\/\\\/memurunsesi.net\\\/index.php\\\/2025\\\/07\\\/10\\\/bandirmada-hastane-otoparkinda-arac-yangini\\\/#article\",\"isPartOf\":{\"@id\":\"https:\\\/\\\/memurunsesi.net\\\/index.php\\\/2025\\\/07\\\/10\\\/bandirmada-hastane-otoparkinda-arac-yangini\\\/\"},\"author\":{\"name\":\"Memurun Sesi Haber Merkezi\",\"@id\":\"https:\\\/\\\/memurunsesi.net\\\/#\\\/schema\\\/person\\\/f21c2d73b89f6ee1d80b0a1803e38587\"},\"headline\":\"Band\u0131rma&#8217;da hastane otopark\u0131nda ara\u00e7 yang\u0131n\u0131\",\"datePublished\":\"2025-07-10T09:46:50+00:00\",\"mainEntityOfPage\":{\"@id\":\"https:\\\/\\\/memurunsesi.net\\\/index.php\\\/2025\\\/07\\\/10\\\/bandirmada-hastane-otoparkinda-arac-yangini\\\/\"},\"wordCount\":136,\"commentCount\":0,\"publisher\":{\"@id\":\"https:\\\/\\\/memurunsesi.net\\\/#organization\"},\"image\":{\"@id\":\"https:\\\/\\\/memurunsesi.net\\\/index.php\\\/2025\\\/07\\\/10\\\/bandirmada-hastane-otoparkinda-arac-yangini\\\/#primaryimage\"},\"thumbnailUrl\":\"https:\\\/\\\/memurunsesi.net\\\/wp-content\\\/uploads\\\/2025\\\/07\\\/AW494209_01-2-scaled.jpg\",\"inLanguage\":\"tr\",\"potentialAction\":[{\"@type\":\"CommentAction\",\"name\":\"Comment\",\"target\":[\"https:\\\/\\\/memurunsesi.net\\\/index.php\\\/2025\\\/07\\\/10\\\/bandirmada-hastane-otoparkinda-arac-yangini\\\/#respond\"]}]},{\"@type\":\"WebPage\",\"@id\":\"https:\\\/\\\/memurunsesi.net\\\/index.php\\\/2025\\\/07\\\/10\\\/bandirmada-hastane-otoparkinda-arac-yangini\\\/\",\"url\":\"https:\\\/\\\/memurunsesi.net\\\/index.php\\\/2025\\\/07\\\/10\\\/bandirmada-hastane-otoparkinda-arac-yangini\\\/\",\"name\":\"Band\u0131rma'da hastane otopark\u0131nda ara\u00e7 yang\u0131n\u0131 - Memurun Sesi\",\"isPartOf\":{\"@id\":\"https:\\\/\\\/memurunsesi.net\\\/#website\"},\"primaryImageOfPage\":{\"@id\":\"https:\\\/\\\/memurunsesi.net\\\/index.php\\\/2025\\\/07\\\/10\\\/bandirmada-hastane-otoparkinda-arac-yangini\\\/#primaryimage\"},\"image\":{\"@id\":\"https:\\\/\\\/memurunsesi.net\\\/index.php\\\/2025\\\/07\\\/10\\\/bandirmada-hastane-otoparkinda-arac-yangini\\\/#primaryimage\"},\"thumbnailUrl\":\"https:\\\/\\\/memurunsesi.net\\\/wp-content\\\/uploads\\\/2025\\\/07\\\/AW494209_01-2-scaled.jpg\",\"datePublished\":\"2025-07-10T09:46:50+00:00\",\"breadcrumb\":{\"@id\":\"https:\\\/\\\/memurunsesi.net\\\/index.php\\\/2025\\\/07\\\/10\\\/bandirmada-hastane-otoparkinda-arac-yangini\\\/#breadcrumb\"},\"inLanguage\":\"tr\",\"potentialAction\":[{\"@type\":\"ReadAction\",\"target\":[\"https:\\\/\\\/memurunsesi.net\\\/index.php\\\/2025\\\/07\\\/10\\\/bandirmada-hastane-otoparkinda-arac-yangini\\\/\"]}]},{\"@type\":\"ImageObject\",\"inLanguage\":\"tr\",\"@id\":\"https:\\\/\\\/memurunsesi.net\\\/index.php\\\/2025\\\/07\\\/10\\\/bandirmada-hastane-otoparkinda-arac-yangini\\\/#primaryimage\",\"url\":\"https:\\\/\\\/memurunsesi.net\\\/wp-content\\\/uploads\\\/2025\\\/07\\\/AW494209_01-2-scaled.jpg\",\"contentUrl\":\"https:\\\/\\\/memurunsesi.net\\\/wp-content\\\/uploads\\\/2025\\\/07\\\/AW494209_01-2-scaled.jpg\",\"width\":2560,\"height\":1920,\"caption\":\"BANDIRMA'DA HASTANE OTOPARKINDA ARA\u00c7 YANGINI (BERRA KARAKA\u015e - G\u00d6KHAN DA\u011eLI\\\/BALIKES\u0130R-\u0130HA) Bal\u0131kesir'in Band\u0131rma il\u00e7esinde hastane otopark\u0131nda park halinde bulunan otomobil alev ald\u0131. \u0130tfaiye ekiplerinin m\u00fcdahalesiyle s\u00f6nd\u00fcr\u00fclen yang\u0131nda ara\u00e7 kullan\u0131lamaz hale geldi.\"},{\"@type\":\"BreadcrumbList\",\"@id\":\"https:\\\/\\\/memurunsesi.net\\\/index.php\\\/2025\\\/07\\\/10\\\/bandirmada-hastane-otoparkinda-arac-yangini\\\/#breadcrumb\",\"itemListElement\":[{\"@type\":\"ListItem\",\"position\":1,\"name\":\"Anasayfa\",\"item\":\"https:\\\/\\\/memurunsesi.net\\\/\"},{\"@type\":\"ListItem\",\"position\":2,\"name\":\"Band\u0131rma&#8217;da hastane otopark\u0131nda ara\u00e7 yang\u0131n\u0131\"}]},{\"@type\":\"WebSite\",\"@id\":\"https:\\\/\\\/memurunsesi.net\\\/#website\",\"url\":\"https:\\\/\\\/memurunsesi.net\\\/\",\"name\":\"Memurun Sesi\",\"description\":\"G\u00fcncel ve Do\u011fru Haber\",\"publisher\":{\"@id\":\"https:\\\/\\\/memurunsesi.net\\\/#organization\"},\"potentialAction\":[{\"@type\":\"SearchAction\",\"target\":{\"@type\":\"EntryPoint\",\"urlTemplate\":\"https:\\\/\\\/memurunsesi.net\\\/?s={search_term_string}\"},\"query-input\":{\"@type\":\"PropertyValueSpecification\",\"valueRequired\":true,\"valueName\":\"search_term_string\"}}],\"inLanguage\":\"tr\"},{\"@type\":\"Organization\",\"@id\":\"https:\\\/\\\/memurunsesi.net\\\/#organization\",\"name\":\"Memurun Sesi\",\"url\":\"https:\\\/\\\/memurunsesi.net\\\/\",\"logo\":{\"@type\":\"ImageObject\",\"inLanguage\":\"tr\",\"@id\":\"https:\\\/\\\/memurunsesi.net\\\/#\\\/schema\\\/logo\\\/image\\\/\",\"url\":\"https:\\\/\\\/memurunsesi.net\\\/wp-content\\\/uploads\\\/2025\\\/11\\\/cropped-MEMURUN-SESI.png\",\"contentUrl\":\"https:\\\/\\\/memurunsesi.net\\\/wp-content\\\/uploads\\\/2025\\\/11\\\/cropped-MEMURUN-SESI.png\",\"width\":238,\"height\":57,\"caption\":\"Memurun Sesi\"},\"image\":{\"@id\":\"https:\\\/\\\/memurunsesi.net\\\/#\\\/schema\\\/logo\\\/image\\\/\"},\"sameAs\":[\"https:\\\/\\\/www.facebook.com\\\/unipersen\\\/?locale=tr_TR\",\"https:\\\/\\\/x.com\\\/unipersen\"]},{\"@type\":\"Person\",\"@id\":\"https:\\\/\\\/memurunsesi.net\\\/#\\\/schema\\\/person\\\/f21c2d73b89f6ee1d80b0a1803e38587\",\"name\":\"Memurun Sesi Haber Merkezi\",\"image\":{\"@type\":\"ImageObject\",\"inLanguage\":\"tr\",\"@id\":\"https:\\\/\\\/secure.gravatar.com\\\/avatar\\\/6cf0505f452ee753f485014986fab09a434671d2b919ee76fc541025c5876a70?s=96&d=mm&r=g\",\"url\":\"https:\\\/\\\/secure.gravatar.com\\\/avatar\\\/6cf0505f452ee753f485014986fab09a434671d2b919ee76fc541025c5876a70?s=96&d=mm&r=g\",\"contentUrl\":\"https:\\\/\\\/secure.gravatar.com\\\/avatar\\\/6cf0505f452ee753f485014986fab09a434671d2b919ee76fc541025c5876a70?s=96&d=mm&r=g\",\"caption\":\"Memurun Sesi Haber Merkezi\"},\"sameAs\":[\"https:\\\/\\\/memurunsesi.net\"],\"url\":\"https:\\\/\\\/memurunsesi.net\\\/index.php\\\/author\\\/uniper\\\/\"}]}<\/script>\n<!-- \/ Yoast SEO plugin. -->","yoast_head_json":{"title":"Band\u0131rma'da hastane otopark\u0131nda ara\u00e7 yang\u0131n\u0131 - Memurun Sesi","robots":{"index":"index","follow":"follow","max-snippet":"max-snippet:-1","max-image-preview":"max-image-preview:large","max-video-preview":"max-video-preview:-1"},"canonical":"https:\/\/memurunsesi.net\/index.php\/2025\/07\/10\/bandirmada-hastane-otoparkinda-arac-yangini\/","og_locale":"tr_TR","og_type":"article","og_title":"Band\u0131rma'da hastane otopark\u0131nda ara\u00e7 yang\u0131n\u0131 - Memurun Sesi","og_description":"Bal\u0131kesir&#8217;in Band\u0131rma il\u00e7esinde hastane otopark\u0131nda park halinde bulunan otomobil alev ald\u0131. \u0130tfaiye ekiplerinin m\u00fcdahalesiyle s\u00f6nd\u00fcr\u00fclen yang\u0131nda ara\u00e7 kullan\u0131lamaz hale geldi. Edinilen bilgiye g\u00f6re, Band\u0131rma E\u011fitim ve Ara\u015ft\u0131rma Hastanesi otopark\u0131nda park halinde bulunan 16 KHT plakal\u0131 ara\u00e7 hen\u00fcz belirlenemeyen bir nedenle alev ald\u0131. K\u0131sa s\u00fcrede b\u00fcy\u00fcyen yang\u0131n\u0131 g\u00f6ren vatanda\u015flar\u0131n ihbar\u0131 \u00fczerine olay yerine Band\u0131rma \u0130tfaiye Grup [&hellip;]","og_url":"https:\/\/memurunsesi.net\/index.php\/2025\/07\/10\/bandirmada-hastane-otoparkinda-arac-yangini\/","og_site_name":"Memurun Sesi","article_publisher":"https:\/\/www.facebook.com\/unipersen\/?locale=tr_TR","article_published_time":"2025-07-10T09:46:50+00:00","og_image":[{"width":2560,"height":1920,"url":"https:\/\/memurunsesi.net\/wp-content\/uploads\/2025\/07\/AW494209_01-2-scaled.jpg","type":"image\/jpeg"}],"author":"Memurun Sesi Haber Merkezi","twitter_card":"summary_large_image","twitter_creator":"@unipersen","twitter_site":"@unipersen","twitter_misc":{"Yazan:":"Memurun Sesi Haber Merkezi","Tahmini okuma s\u00fcresi":"1 dakika"},"schema":{"@context":"https:\/\/schema.org","@graph":[{"@type":"Article","@id":"https:\/\/memurunsesi.net\/index.php\/2025\/07\/10\/bandirmada-hastane-otoparkinda-arac-yangini\/#article","isPartOf":{"@id":"https:\/\/memurunsesi.net\/index.php\/2025\/07\/10\/bandirmada-hastane-otoparkinda-arac-yangini\/"},"author":{"name":"Memurun Sesi Haber Merkezi","@id":"https:\/\/memurunsesi.net\/#\/schema\/person\/f21c2d73b89f6ee1d80b0a1803e38587"},"headline":"Band\u0131rma&#8217;da hastane otopark\u0131nda ara\u00e7 yang\u0131n\u0131","datePublished":"2025-07-10T09:46:50+00:00","mainEntityOfPage":{"@id":"https:\/\/memurunsesi.net\/index.php\/2025\/07\/10\/bandirmada-hastane-otoparkinda-arac-yangini\/"},"wordCount":136,"commentCount":0,"publisher":{"@id":"https:\/\/memurunsesi.net\/#organization"},"image":{"@id":"https:\/\/memurunsesi.net\/index.php\/2025\/07\/10\/bandirmada-hastane-otoparkinda-arac-yangini\/#primaryimage"},"thumbnailUrl":"https:\/\/memurunsesi.net\/wp-content\/uploads\/2025\/07\/AW494209_01-2-scaled.jpg","inLanguage":"tr","potentialAction":[{"@type":"CommentAction","name":"Comment","target":["https:\/\/memurunsesi.net\/index.php\/2025\/07\/10\/bandirmada-hastane-otoparkinda-arac-yangini\/#respond"]}]},{"@type":"WebPage","@id":"https:\/\/memurunsesi.net\/index.php\/2025\/07\/10\/bandirmada-hastane-otoparkinda-arac-yangini\/","url":"https:\/\/memurunsesi.net\/index.php\/2025\/07\/10\/bandirmada-hastane-otoparkinda-arac-yangini\/","name":"Band\u0131rma'da hastane otopark\u0131nda ara\u00e7 yang\u0131n\u0131 - Memurun Sesi","isPartOf":{"@id":"https:\/\/memurunsesi.net\/#website"},"primaryImageOfPage":{"@id":"https:\/\/memurunsesi.net\/index.php\/2025\/07\/10\/bandirmada-hastane-otoparkinda-arac-yangini\/#primaryimage"},"image":{"@id":"https:\/\/memurunsesi.net\/index.php\/2025\/07\/10\/bandirmada-hastane-otoparkinda-arac-yangini\/#primaryimage"},"thumbnailUrl":"https:\/\/memurunsesi.net\/wp-content\/uploads\/2025\/07\/AW494209_01-2-scaled.jpg","datePublished":"2025-07-10T09:46:50+00:00","breadcrumb":{"@id":"https:\/\/memurunsesi.net\/index.php\/2025\/07\/10\/bandirmada-hastane-otoparkinda-arac-yangini\/#breadcrumb"},"inLanguage":"tr","potentialAction":[{"@type":"ReadAction","target":["https:\/\/memurunsesi.net\/index.php\/2025\/07\/10\/bandirmada-hastane-otoparkinda-arac-yangini\/"]}]},{"@type":"ImageObject","inLanguage":"tr","@id":"https:\/\/memurunsesi.net\/index.php\/2025\/07\/10\/bandirmada-hastane-otoparkinda-arac-yangini\/#primaryimage","url":"https:\/\/memurunsesi.net\/wp-content\/uploads\/2025\/07\/AW494209_01-2-scaled.jpg","contentUrl":"https:\/\/memurunsesi.net\/wp-content\/uploads\/2025\/07\/AW494209_01-2-scaled.jpg","width":2560,"height":1920,"caption":"BANDIRMA'DA HASTANE OTOPARKINDA ARA\u00c7 YANGINI (BERRA KARAKA\u015e - G\u00d6KHAN DA\u011eLI\/BALIKES\u0130R-\u0130HA) Bal\u0131kesir'in Band\u0131rma il\u00e7esinde hastane otopark\u0131nda park halinde bulunan otomobil alev ald\u0131. \u0130tfaiye ekiplerinin m\u00fcdahalesiyle s\u00f6nd\u00fcr\u00fclen yang\u0131nda ara\u00e7 kullan\u0131lamaz hale geldi."},{"@type":"BreadcrumbList","@id":"https:\/\/memurunsesi.net\/index.php\/2025\/07\/10\/bandirmada-hastane-otoparkinda-arac-yangini\/#breadcrumb","itemListElement":[{"@type":"ListItem","position":1,"name":"Anasayfa","item":"https:\/\/memurunsesi.net\/"},{"@type":"ListItem","position":2,"name":"Band\u0131rma&#8217;da hastane otopark\u0131nda ara\u00e7 yang\u0131n\u0131"}]},{"@type":"WebSite","@id":"https:\/\/memurunsesi.net\/#website","url":"https:\/\/memurunsesi.net\/","name":"Memurun Sesi","description":"G\u00fcncel ve Do\u011fru Haber","publisher":{"@id":"https:\/\/memurunsesi.net\/#organization"},"potentialAction":[{"@type":"SearchAction","target":{"@type":"EntryPoint","urlTemplate":"https:\/\/memurunsesi.net\/?s={search_term_string}"},"query-input":{"@type":"PropertyValueSpecification","valueRequired":true,"valueName":"search_term_string"}}],"inLanguage":"tr"},{"@type":"Organization","@id":"https:\/\/memurunsesi.net\/#organization","name":"Memurun Sesi","url":"https:\/\/memurunsesi.net\/","logo":{"@type":"ImageObject","inLanguage":"tr","@id":"https:\/\/memurunsesi.net\/#\/schema\/logo\/image\/","url":"https:\/\/memurunsesi.net\/wp-content\/uploads\/2025\/11\/cropped-MEMURUN-SESI.png","contentUrl":"https:\/\/memurunsesi.net\/wp-content\/uploads\/2025\/11\/cropped-MEMURUN-SESI.png","width":238,"height":57,"caption":"Memurun Sesi"},"image":{"@id":"https:\/\/memurunsesi.net\/#\/schema\/logo\/image\/"},"sameAs":["https:\/\/www.facebook.com\/unipersen\/?locale=tr_TR","https:\/\/x.com\/unipersen"]},{"@type":"Person","@id":"https:\/\/memurunsesi.net\/#\/schema\/person\/f21c2d73b89f6ee1d80b0a1803e38587","name":"Memurun Sesi Haber Merkezi","image":{"@type":"ImageObject","inLanguage":"tr","@id":"https:\/\/secure.gravatar.com\/avatar\/6cf0505f452ee753f485014986fab09a434671d2b919ee76fc541025c5876a70?s=96&d=mm&r=g","url":"https:\/\/secure.gravatar.com\/avatar\/6cf0505f452ee753f485014986fab09a434671d2b919ee76fc541025c5876a70?s=96&d=mm&r=g","contentUrl":"https:\/\/secure.gravatar.com\/avatar\/6cf0505f452ee753f485014986fab09a434671d2b919ee76fc541025c5876a70?s=96&d=mm&r=g","caption":"Memurun Sesi Haber Merkezi"},"sameAs":["https:\/\/memurunsesi.net"],"url":"https:\/\/memurunsesi.net\/index.php\/author\/uniper\/"}]}},"_links":{"self":[{"href":"https:\/\/memurunsesi.net\/index.php\/wp-json\/wp\/v2\/posts\/9248","targetHints":{"allow":["GET"]}}],"collection":[{"href":"https:\/\/memurunsesi.net\/index.php\/wp-json\/wp\/v2\/posts"}],"about":[{"href":"https:\/\/memurunsesi.net\/index.php\/wp-json\/wp\/v2\/types\/post"}],"author":[{"embeddable":true,"href":"https:\/\/memurunsesi.net\/index.php\/wp-json\/wp\/v2\/users\/1"}],"replies":[{"embeddable":true,"href":"https:\/\/memurunsesi.net\/index.php\/wp-json\/wp\/v2\/comments?post=9248"}],"version-history":[{"count":1,"href":"https:\/\/memurunsesi.net\/index.php\/wp-json\/wp\/v2\/posts\/9248\/revisions"}],"predecessor-version":[{"id":9251,"href":"https:\/\/memurunsesi.net\/index.php\/wp-json\/wp\/v2\/posts\/9248\/revisions\/9251"}],"wp:featuredmedia":[{"embeddable":true,"href":"https:\/\/memurunsesi.net\/index.php\/wp-json\/wp\/v2\/media\/9250"}],"wp:attachment":[{"href":"https:\/\/memurunsesi.net\/index.php\/wp-json\/wp\/v2\/media?parent=9248"}],"wp:term":[{"taxonomy":"category","embeddable":true,"href":"https:\/\/memurunsesi.net\/index.php\/wp-json\/wp\/v2\/categories?post=9248"},{"taxonomy":"post_tag","embeddable":true,"href":"https:\/\/memurunsesi.net\/index.php\/wp-json\/wp\/v2\/tags?post=9248"}],"curies":[{"name":"wp","href":"https:\/\/api.w.org\/{rel}","templated":true}]}}