{"id":9252,"date":"2025-07-10T15:23:14","date_gmt":"2025-07-10T12:23:14","guid":{"rendered":"https:\/\/memurunsesi.net\/?p=9252"},"modified":"2025-07-10T15:23:14","modified_gmt":"2025-07-10T12:23:14","slug":"samsun-canikte-cekirge-istilasina-karsi-devlet-destekli-ilaclama","status":"publish","type":"post","link":"https:\/\/memurunsesi.net\/index.php\/2025\/07\/10\/samsun-canikte-cekirge-istilasina-karsi-devlet-destekli-ilaclama\/","title":{"rendered":"Samsun Canik\u2019te \u00e7ekirge istilas\u0131na kar\u015f\u0131 devlet destekli ila\u00e7lama"},"content":{"rendered":"<p>   Samsun\u2019un Canik il\u00e7esi G\u00fcltepe Mahallesi\u2019nde, \u00e7ekirge yo\u011funlu\u011funun ekonomik zarar e\u015fi\u011fine ula\u015fmas\u0131 \u00fczerine 101,75 dekarl\u0131k mera alan\u0131nda ila\u00e7lama \u00e7al\u0131\u015fmas\u0131 yap\u0131ld\u0131.<br \/>\n  Konuya ili\u015fkin a\u00e7\u0131klama yapan Samsun \u0130l Tar\u0131m ve Orman M\u00fcd\u00fcr\u00fc \u0130brahim Sa\u011flam, 2025 y\u0131l\u0131 \u015eubat ay\u0131ndan itibaren teknik ekiplerce yap\u0131lan s\u00fcrvey \u00e7al\u0131\u015fmalar\u0131nda \u00e7ekirge pop\u00fclasyonunun zarar seviyesine ula\u015ft\u0131\u011f\u0131n\u0131n tespit edildi\u011fini belirtti. <\/p>\n<p>  Garsiyat alanlar\u0131na m\u00fcdahale<br \/>\n  \u00d6zellikle \u00e7ekirgelerin yumurta b\u0131rakt\u0131\u011f\u0131 garsiyat alanlar\u0131nda, \u0130l M\u00fcd\u00fcrl\u00fc\u011f\u00fc koordinasyonunda ve Canik \u0130l\u00e7e Tar\u0131m ve Orman M\u00fcd\u00fcrl\u00fc\u011f\u00fc personellerinin g\u00f6zetiminde teknik talimatlara uygun ila\u00e7lama yap\u0131ld\u0131\u011f\u0131n\u0131 ifade eden Sa\u011flam, &#8220;\u0130lkbahar ve yaz aylar\u0131nda bitkileri yemek, saplar\u0131n\u0131 kesmek suretiyle zarar veren \u00e7ekirgelerle m\u00fccadelede erken m\u00fcdahale b\u00fcy\u00fck \u00f6nem ta\u015f\u0131yor&#8221; dedi. <\/p>\n<p>  Devlet deste\u011fiyle ila\u00e7 temini<br \/>\n  Sa\u011flam, m\u00fccadelede kullan\u0131lan bitki koruma \u00fcr\u00fcnlerinin Tar\u0131m ve Orman Bakanl\u0131\u011f\u0131 taraf\u0131ndan \u00fccretsiz sa\u011fland\u0131\u011f\u0131n\u0131, m\u00fclkiyet ayr\u0131m\u0131 yap\u0131lmaks\u0131z\u0131n hazine arazileri, meralar ve k\u00f6y ortak alanlar\u0131 gibi sahalarda devlet yard\u0131m\u0131 kapsam\u0131nda ila\u00e7lama yap\u0131ld\u0131\u011f\u0131n\u0131 vurgulad\u0131.<br \/>\n  G\u00fcltepe Mahallesi\u2019nde ila\u00e7lama e\u015fi\u011fine ula\u015fan sahalarda, il ve il\u00e7e m\u00fcd\u00fcrl\u00fcklerinin teknik deste\u011fiyle \u00e7ekirge zararl\u0131s\u0131na kar\u015f\u0131 etkin ila\u00e7lama yap\u0131ld\u0131\u011f\u0131, b\u00f6ylece tar\u0131m alanlar\u0131n\u0131n zarar g\u00f6rmesi \u00f6nlendi\u011fi bildirildi. <\/p>\n<p>10.07.2025                                 <\/p>\n","protected":false},"excerpt":{"rendered":"<p>Samsun\u2019un Canik il\u00e7esi G\u00fcltepe Mahallesi\u2019nde, \u00e7ekirge yo\u011funlu\u011funun ekonomik zarar e\u015fi\u011fine ula\u015fmas\u0131 \u00fczerine 101,75 dekarl\u0131k mera alan\u0131nda ila\u00e7lama \u00e7al\u0131\u015fmas\u0131 yap\u0131ld\u0131. Konuya ili\u015fkin a\u00e7\u0131klama yapan Samsun \u0130l Tar\u0131m ve Orman M\u00fcd\u00fcr\u00fc \u0130brahim Sa\u011flam, 2025 y\u0131l\u0131 \u015eubat ay\u0131ndan itibaren teknik ekiplerce yap\u0131lan s\u00fcrvey \u00e7al\u0131\u015fmalar\u0131nda \u00e7ekirge pop\u00fclasyonunun zarar seviyesine ula\u015ft\u0131\u011f\u0131n\u0131n tespit edildi\u011fini belirtti. Garsiyat alanlar\u0131na m\u00fcdahale \u00d6zellikle \u00e7ekirgelerin yumurta [&hellip;]<\/p>\n","protected":false},"author":1,"featured_media":9253,"comment_status":"open","ping_status":"open","sticky":false,"template":"","format":"standard","meta":{"footnotes":""},"categories":[1],"tags":[],"class_list":["post-9252","post","type-post","status-publish","format-standard","has-post-thumbnail","hentry","category-genel"],"yoast_head":"<!-- This site is optimized with the Yoast SEO plugin v27.4 - https:\/\/yoast.com\/product\/yoast-seo-wordpress\/ -->\n<title>Samsun Canik\u2019te \u00e7ekirge istilas\u0131na kar\u015f\u0131 devlet destekli ila\u00e7lama - Memurun Sesi<\/title>\n<meta name=\"robots\" content=\"index, follow, max-snippet:-1, max-image-preview:large, max-video-preview:-1\" \/>\n<link rel=\"canonical\" href=\"https:\/\/memurunsesi.net\/index.php\/2025\/07\/10\/samsun-canikte-cekirge-istilasina-karsi-devlet-destekli-ilaclama\/\" \/>\n<meta property=\"og:locale\" content=\"tr_TR\" \/>\n<meta property=\"og:type\" content=\"article\" \/>\n<meta property=\"og:title\" content=\"Samsun Canik\u2019te \u00e7ekirge istilas\u0131na kar\u015f\u0131 devlet destekli ila\u00e7lama - Memurun Sesi\" \/>\n<meta property=\"og:description\" content=\"Samsun\u2019un Canik il\u00e7esi G\u00fcltepe Mahallesi\u2019nde, \u00e7ekirge yo\u011funlu\u011funun ekonomik zarar e\u015fi\u011fine ula\u015fmas\u0131 \u00fczerine 101,75 dekarl\u0131k mera alan\u0131nda ila\u00e7lama \u00e7al\u0131\u015fmas\u0131 yap\u0131ld\u0131. Konuya ili\u015fkin a\u00e7\u0131klama yapan Samsun \u0130l Tar\u0131m ve Orman M\u00fcd\u00fcr\u00fc \u0130brahim Sa\u011flam, 2025 y\u0131l\u0131 \u015eubat ay\u0131ndan itibaren teknik ekiplerce yap\u0131lan s\u00fcrvey \u00e7al\u0131\u015fmalar\u0131nda \u00e7ekirge pop\u00fclasyonunun zarar seviyesine ula\u015ft\u0131\u011f\u0131n\u0131n tespit edildi\u011fini belirtti. Garsiyat alanlar\u0131na m\u00fcdahale \u00d6zellikle \u00e7ekirgelerin yumurta [&hellip;]\" \/>\n<meta property=\"og:url\" content=\"https:\/\/memurunsesi.net\/index.php\/2025\/07\/10\/samsun-canikte-cekirge-istilasina-karsi-devlet-destekli-ilaclama\/\" \/>\n<meta property=\"og:site_name\" content=\"Memurun Sesi\" \/>\n<meta property=\"article:publisher\" content=\"https:\/\/www.facebook.com\/unipersen\/?locale=tr_TR\" \/>\n<meta property=\"article:published_time\" content=\"2025-07-10T12:23:14+00:00\" \/>\n<meta property=\"og:image\" content=\"https:\/\/memurunsesi.net\/wp-content\/uploads\/2025\/07\/AW494386_01.jpg\" \/>\n\t<meta property=\"og:image:width\" content=\"1214\" \/>\n\t<meta property=\"og:image:height\" content=\"707\" \/>\n\t<meta property=\"og:image:type\" content=\"image\/jpeg\" \/>\n<meta name=\"author\" content=\"Memurun Sesi Haber Merkezi\" \/>\n<meta name=\"twitter:card\" content=\"summary_large_image\" \/>\n<meta name=\"twitter:creator\" content=\"@unipersen\" \/>\n<meta name=\"twitter:site\" content=\"@unipersen\" \/>\n<meta name=\"twitter:label1\" content=\"Yazan:\" \/>\n\t<meta name=\"twitter:data1\" content=\"Memurun Sesi Haber Merkezi\" \/>\n\t<meta name=\"twitter:label2\" content=\"Tahmini okuma s\u00fcresi\" \/>\n\t<meta name=\"twitter:data2\" content=\"1 dakika\" \/>\n<script type=\"application\/ld+json\" class=\"yoast-schema-graph\">{\"@context\":\"https:\\\/\\\/schema.org\",\"@graph\":[{\"@type\":\"Article\",\"@id\":\"https:\\\/\\\/memurunsesi.net\\\/index.php\\\/2025\\\/07\\\/10\\\/samsun-canikte-cekirge-istilasina-karsi-devlet-destekli-ilaclama\\\/#article\",\"isPartOf\":{\"@id\":\"https:\\\/\\\/memurunsesi.net\\\/index.php\\\/2025\\\/07\\\/10\\\/samsun-canikte-cekirge-istilasina-karsi-devlet-destekli-ilaclama\\\/\"},\"author\":{\"name\":\"Memurun Sesi Haber Merkezi\",\"@id\":\"https:\\\/\\\/memurunsesi.net\\\/#\\\/schema\\\/person\\\/f21c2d73b89f6ee1d80b0a1803e38587\"},\"headline\":\"Samsun Canik\u2019te \u00e7ekirge istilas\u0131na kar\u015f\u0131 devlet destekli ila\u00e7lama\",\"datePublished\":\"2025-07-10T12:23:14+00:00\",\"mainEntityOfPage\":{\"@id\":\"https:\\\/\\\/memurunsesi.net\\\/index.php\\\/2025\\\/07\\\/10\\\/samsun-canikte-cekirge-istilasina-karsi-devlet-destekli-ilaclama\\\/\"},\"wordCount\":260,\"commentCount\":0,\"publisher\":{\"@id\":\"https:\\\/\\\/memurunsesi.net\\\/#organization\"},\"image\":{\"@id\":\"https:\\\/\\\/memurunsesi.net\\\/index.php\\\/2025\\\/07\\\/10\\\/samsun-canikte-cekirge-istilasina-karsi-devlet-destekli-ilaclama\\\/#primaryimage\"},\"thumbnailUrl\":\"https:\\\/\\\/memurunsesi.net\\\/wp-content\\\/uploads\\\/2025\\\/07\\\/AW494386_01.jpg\",\"inLanguage\":\"tr\",\"potentialAction\":[{\"@type\":\"CommentAction\",\"name\":\"Comment\",\"target\":[\"https:\\\/\\\/memurunsesi.net\\\/index.php\\\/2025\\\/07\\\/10\\\/samsun-canikte-cekirge-istilasina-karsi-devlet-destekli-ilaclama\\\/#respond\"]}]},{\"@type\":\"WebPage\",\"@id\":\"https:\\\/\\\/memurunsesi.net\\\/index.php\\\/2025\\\/07\\\/10\\\/samsun-canikte-cekirge-istilasina-karsi-devlet-destekli-ilaclama\\\/\",\"url\":\"https:\\\/\\\/memurunsesi.net\\\/index.php\\\/2025\\\/07\\\/10\\\/samsun-canikte-cekirge-istilasina-karsi-devlet-destekli-ilaclama\\\/\",\"name\":\"Samsun Canik\u2019te \u00e7ekirge istilas\u0131na kar\u015f\u0131 devlet destekli ila\u00e7lama - Memurun Sesi\",\"isPartOf\":{\"@id\":\"https:\\\/\\\/memurunsesi.net\\\/#website\"},\"primaryImageOfPage\":{\"@id\":\"https:\\\/\\\/memurunsesi.net\\\/index.php\\\/2025\\\/07\\\/10\\\/samsun-canikte-cekirge-istilasina-karsi-devlet-destekli-ilaclama\\\/#primaryimage\"},\"image\":{\"@id\":\"https:\\\/\\\/memurunsesi.net\\\/index.php\\\/2025\\\/07\\\/10\\\/samsun-canikte-cekirge-istilasina-karsi-devlet-destekli-ilaclama\\\/#primaryimage\"},\"thumbnailUrl\":\"https:\\\/\\\/memurunsesi.net\\\/wp-content\\\/uploads\\\/2025\\\/07\\\/AW494386_01.jpg\",\"datePublished\":\"2025-07-10T12:23:14+00:00\",\"breadcrumb\":{\"@id\":\"https:\\\/\\\/memurunsesi.net\\\/index.php\\\/2025\\\/07\\\/10\\\/samsun-canikte-cekirge-istilasina-karsi-devlet-destekli-ilaclama\\\/#breadcrumb\"},\"inLanguage\":\"tr\",\"potentialAction\":[{\"@type\":\"ReadAction\",\"target\":[\"https:\\\/\\\/memurunsesi.net\\\/index.php\\\/2025\\\/07\\\/10\\\/samsun-canikte-cekirge-istilasina-karsi-devlet-destekli-ilaclama\\\/\"]}]},{\"@type\":\"ImageObject\",\"inLanguage\":\"tr\",\"@id\":\"https:\\\/\\\/memurunsesi.net\\\/index.php\\\/2025\\\/07\\\/10\\\/samsun-canikte-cekirge-istilasina-karsi-devlet-destekli-ilaclama\\\/#primaryimage\",\"url\":\"https:\\\/\\\/memurunsesi.net\\\/wp-content\\\/uploads\\\/2025\\\/07\\\/AW494386_01.jpg\",\"contentUrl\":\"https:\\\/\\\/memurunsesi.net\\\/wp-content\\\/uploads\\\/2025\\\/07\\\/AW494386_01.jpg\",\"width\":1214,\"height\":707,\"caption\":\"AN\u0130K \u0130L\u00c7ES\u0130 G\u00dcLTEPE MAHALLES\u0130'NDE, \u00c7EK\u0130RGE YO\u011eUNLU\u011eUNUN EKONOM\u0130K ZARAR E\u015e\u0130\u011e\u0130NE ULA\u015eMASI \u00dcZER\u0130NE 101,75 DEKARLIK MERA ALANINDA \u0130LA\u00c7LAMA \u00c7ALI\u015eMASI YAPILDI. (\u0130HA\\\/SAMSUN-\u0130HA) Samsun'un Canik il\u00e7esi G\u00fcltepe Mahallesi'nde, \u00e7ekirge yo\u011funlu\u011funun ekonomik zarar e\u015fi\u011fine ula\u015fmas\u0131 \u00fczerine 101,75 dekarl\u0131k mera alan\u0131nda ila\u00e7lama \u00e7al\u0131\u015fmas\u0131 yap\u0131ld\u0131.\"},{\"@type\":\"BreadcrumbList\",\"@id\":\"https:\\\/\\\/memurunsesi.net\\\/index.php\\\/2025\\\/07\\\/10\\\/samsun-canikte-cekirge-istilasina-karsi-devlet-destekli-ilaclama\\\/#breadcrumb\",\"itemListElement\":[{\"@type\":\"ListItem\",\"position\":1,\"name\":\"Anasayfa\",\"item\":\"https:\\\/\\\/memurunsesi.net\\\/\"},{\"@type\":\"ListItem\",\"position\":2,\"name\":\"Samsun Canik\u2019te \u00e7ekirge istilas\u0131na kar\u015f\u0131 devlet destekli ila\u00e7lama\"}]},{\"@type\":\"WebSite\",\"@id\":\"https:\\\/\\\/memurunsesi.net\\\/#website\",\"url\":\"https:\\\/\\\/memurunsesi.net\\\/\",\"name\":\"Memurun Sesi\",\"description\":\"G\u00fcncel ve Do\u011fru Haber\",\"publisher\":{\"@id\":\"https:\\\/\\\/memurunsesi.net\\\/#organization\"},\"potentialAction\":[{\"@type\":\"SearchAction\",\"target\":{\"@type\":\"EntryPoint\",\"urlTemplate\":\"https:\\\/\\\/memurunsesi.net\\\/?s={search_term_string}\"},\"query-input\":{\"@type\":\"PropertyValueSpecification\",\"valueRequired\":true,\"valueName\":\"search_term_string\"}}],\"inLanguage\":\"tr\"},{\"@type\":\"Organization\",\"@id\":\"https:\\\/\\\/memurunsesi.net\\\/#organization\",\"name\":\"Memurun Sesi\",\"url\":\"https:\\\/\\\/memurunsesi.net\\\/\",\"logo\":{\"@type\":\"ImageObject\",\"inLanguage\":\"tr\",\"@id\":\"https:\\\/\\\/memurunsesi.net\\\/#\\\/schema\\\/logo\\\/image\\\/\",\"url\":\"https:\\\/\\\/memurunsesi.net\\\/wp-content\\\/uploads\\\/2025\\\/11\\\/cropped-MEMURUN-SESI.png\",\"contentUrl\":\"https:\\\/\\\/memurunsesi.net\\\/wp-content\\\/uploads\\\/2025\\\/11\\\/cropped-MEMURUN-SESI.png\",\"width\":238,\"height\":57,\"caption\":\"Memurun Sesi\"},\"image\":{\"@id\":\"https:\\\/\\\/memurunsesi.net\\\/#\\\/schema\\\/logo\\\/image\\\/\"},\"sameAs\":[\"https:\\\/\\\/www.facebook.com\\\/unipersen\\\/?locale=tr_TR\",\"https:\\\/\\\/x.com\\\/unipersen\"]},{\"@type\":\"Person\",\"@id\":\"https:\\\/\\\/memurunsesi.net\\\/#\\\/schema\\\/person\\\/f21c2d73b89f6ee1d80b0a1803e38587\",\"name\":\"Memurun Sesi Haber Merkezi\",\"image\":{\"@type\":\"ImageObject\",\"inLanguage\":\"tr\",\"@id\":\"https:\\\/\\\/secure.gravatar.com\\\/avatar\\\/6cf0505f452ee753f485014986fab09a434671d2b919ee76fc541025c5876a70?s=96&d=mm&r=g\",\"url\":\"https:\\\/\\\/secure.gravatar.com\\\/avatar\\\/6cf0505f452ee753f485014986fab09a434671d2b919ee76fc541025c5876a70?s=96&d=mm&r=g\",\"contentUrl\":\"https:\\\/\\\/secure.gravatar.com\\\/avatar\\\/6cf0505f452ee753f485014986fab09a434671d2b919ee76fc541025c5876a70?s=96&d=mm&r=g\",\"caption\":\"Memurun Sesi Haber Merkezi\"},\"sameAs\":[\"https:\\\/\\\/memurunsesi.net\"],\"url\":\"https:\\\/\\\/memurunsesi.net\\\/index.php\\\/author\\\/uniper\\\/\"}]}<\/script>\n<!-- \/ Yoast SEO plugin. -->","yoast_head_json":{"title":"Samsun Canik\u2019te \u00e7ekirge istilas\u0131na kar\u015f\u0131 devlet destekli ila\u00e7lama - Memurun Sesi","robots":{"index":"index","follow":"follow","max-snippet":"max-snippet:-1","max-image-preview":"max-image-preview:large","max-video-preview":"max-video-preview:-1"},"canonical":"https:\/\/memurunsesi.net\/index.php\/2025\/07\/10\/samsun-canikte-cekirge-istilasina-karsi-devlet-destekli-ilaclama\/","og_locale":"tr_TR","og_type":"article","og_title":"Samsun Canik\u2019te \u00e7ekirge istilas\u0131na kar\u015f\u0131 devlet destekli ila\u00e7lama - Memurun Sesi","og_description":"Samsun\u2019un Canik il\u00e7esi G\u00fcltepe Mahallesi\u2019nde, \u00e7ekirge yo\u011funlu\u011funun ekonomik zarar e\u015fi\u011fine ula\u015fmas\u0131 \u00fczerine 101,75 dekarl\u0131k mera alan\u0131nda ila\u00e7lama \u00e7al\u0131\u015fmas\u0131 yap\u0131ld\u0131. Konuya ili\u015fkin a\u00e7\u0131klama yapan Samsun \u0130l Tar\u0131m ve Orman M\u00fcd\u00fcr\u00fc \u0130brahim Sa\u011flam, 2025 y\u0131l\u0131 \u015eubat ay\u0131ndan itibaren teknik ekiplerce yap\u0131lan s\u00fcrvey \u00e7al\u0131\u015fmalar\u0131nda \u00e7ekirge pop\u00fclasyonunun zarar seviyesine ula\u015ft\u0131\u011f\u0131n\u0131n tespit edildi\u011fini belirtti. Garsiyat alanlar\u0131na m\u00fcdahale \u00d6zellikle \u00e7ekirgelerin yumurta [&hellip;]","og_url":"https:\/\/memurunsesi.net\/index.php\/2025\/07\/10\/samsun-canikte-cekirge-istilasina-karsi-devlet-destekli-ilaclama\/","og_site_name":"Memurun Sesi","article_publisher":"https:\/\/www.facebook.com\/unipersen\/?locale=tr_TR","article_published_time":"2025-07-10T12:23:14+00:00","og_image":[{"width":1214,"height":707,"url":"https:\/\/memurunsesi.net\/wp-content\/uploads\/2025\/07\/AW494386_01.jpg","type":"image\/jpeg"}],"author":"Memurun Sesi Haber Merkezi","twitter_card":"summary_large_image","twitter_creator":"@unipersen","twitter_site":"@unipersen","twitter_misc":{"Yazan:":"Memurun Sesi Haber Merkezi","Tahmini okuma s\u00fcresi":"1 dakika"},"schema":{"@context":"https:\/\/schema.org","@graph":[{"@type":"Article","@id":"https:\/\/memurunsesi.net\/index.php\/2025\/07\/10\/samsun-canikte-cekirge-istilasina-karsi-devlet-destekli-ilaclama\/#article","isPartOf":{"@id":"https:\/\/memurunsesi.net\/index.php\/2025\/07\/10\/samsun-canikte-cekirge-istilasina-karsi-devlet-destekli-ilaclama\/"},"author":{"name":"Memurun Sesi Haber Merkezi","@id":"https:\/\/memurunsesi.net\/#\/schema\/person\/f21c2d73b89f6ee1d80b0a1803e38587"},"headline":"Samsun Canik\u2019te \u00e7ekirge istilas\u0131na kar\u015f\u0131 devlet destekli ila\u00e7lama","datePublished":"2025-07-10T12:23:14+00:00","mainEntityOfPage":{"@id":"https:\/\/memurunsesi.net\/index.php\/2025\/07\/10\/samsun-canikte-cekirge-istilasina-karsi-devlet-destekli-ilaclama\/"},"wordCount":260,"commentCount":0,"publisher":{"@id":"https:\/\/memurunsesi.net\/#organization"},"image":{"@id":"https:\/\/memurunsesi.net\/index.php\/2025\/07\/10\/samsun-canikte-cekirge-istilasina-karsi-devlet-destekli-ilaclama\/#primaryimage"},"thumbnailUrl":"https:\/\/memurunsesi.net\/wp-content\/uploads\/2025\/07\/AW494386_01.jpg","inLanguage":"tr","potentialAction":[{"@type":"CommentAction","name":"Comment","target":["https:\/\/memurunsesi.net\/index.php\/2025\/07\/10\/samsun-canikte-cekirge-istilasina-karsi-devlet-destekli-ilaclama\/#respond"]}]},{"@type":"WebPage","@id":"https:\/\/memurunsesi.net\/index.php\/2025\/07\/10\/samsun-canikte-cekirge-istilasina-karsi-devlet-destekli-ilaclama\/","url":"https:\/\/memurunsesi.net\/index.php\/2025\/07\/10\/samsun-canikte-cekirge-istilasina-karsi-devlet-destekli-ilaclama\/","name":"Samsun Canik\u2019te \u00e7ekirge istilas\u0131na kar\u015f\u0131 devlet destekli ila\u00e7lama - Memurun Sesi","isPartOf":{"@id":"https:\/\/memurunsesi.net\/#website"},"primaryImageOfPage":{"@id":"https:\/\/memurunsesi.net\/index.php\/2025\/07\/10\/samsun-canikte-cekirge-istilasina-karsi-devlet-destekli-ilaclama\/#primaryimage"},"image":{"@id":"https:\/\/memurunsesi.net\/index.php\/2025\/07\/10\/samsun-canikte-cekirge-istilasina-karsi-devlet-destekli-ilaclama\/#primaryimage"},"thumbnailUrl":"https:\/\/memurunsesi.net\/wp-content\/uploads\/2025\/07\/AW494386_01.jpg","datePublished":"2025-07-10T12:23:14+00:00","breadcrumb":{"@id":"https:\/\/memurunsesi.net\/index.php\/2025\/07\/10\/samsun-canikte-cekirge-istilasina-karsi-devlet-destekli-ilaclama\/#breadcrumb"},"inLanguage":"tr","potentialAction":[{"@type":"ReadAction","target":["https:\/\/memurunsesi.net\/index.php\/2025\/07\/10\/samsun-canikte-cekirge-istilasina-karsi-devlet-destekli-ilaclama\/"]}]},{"@type":"ImageObject","inLanguage":"tr","@id":"https:\/\/memurunsesi.net\/index.php\/2025\/07\/10\/samsun-canikte-cekirge-istilasina-karsi-devlet-destekli-ilaclama\/#primaryimage","url":"https:\/\/memurunsesi.net\/wp-content\/uploads\/2025\/07\/AW494386_01.jpg","contentUrl":"https:\/\/memurunsesi.net\/wp-content\/uploads\/2025\/07\/AW494386_01.jpg","width":1214,"height":707,"caption":"AN\u0130K \u0130L\u00c7ES\u0130 G\u00dcLTEPE MAHALLES\u0130'NDE, \u00c7EK\u0130RGE YO\u011eUNLU\u011eUNUN EKONOM\u0130K ZARAR E\u015e\u0130\u011e\u0130NE ULA\u015eMASI \u00dcZER\u0130NE 101,75 DEKARLIK MERA ALANINDA \u0130LA\u00c7LAMA \u00c7ALI\u015eMASI YAPILDI. (\u0130HA\/SAMSUN-\u0130HA) Samsun'un Canik il\u00e7esi G\u00fcltepe Mahallesi'nde, \u00e7ekirge yo\u011funlu\u011funun ekonomik zarar e\u015fi\u011fine ula\u015fmas\u0131 \u00fczerine 101,75 dekarl\u0131k mera alan\u0131nda ila\u00e7lama \u00e7al\u0131\u015fmas\u0131 yap\u0131ld\u0131."},{"@type":"BreadcrumbList","@id":"https:\/\/memurunsesi.net\/index.php\/2025\/07\/10\/samsun-canikte-cekirge-istilasina-karsi-devlet-destekli-ilaclama\/#breadcrumb","itemListElement":[{"@type":"ListItem","position":1,"name":"Anasayfa","item":"https:\/\/memurunsesi.net\/"},{"@type":"ListItem","position":2,"name":"Samsun Canik\u2019te \u00e7ekirge istilas\u0131na kar\u015f\u0131 devlet destekli ila\u00e7lama"}]},{"@type":"WebSite","@id":"https:\/\/memurunsesi.net\/#website","url":"https:\/\/memurunsesi.net\/","name":"Memurun Sesi","description":"G\u00fcncel ve Do\u011fru Haber","publisher":{"@id":"https:\/\/memurunsesi.net\/#organization"},"potentialAction":[{"@type":"SearchAction","target":{"@type":"EntryPoint","urlTemplate":"https:\/\/memurunsesi.net\/?s={search_term_string}"},"query-input":{"@type":"PropertyValueSpecification","valueRequired":true,"valueName":"search_term_string"}}],"inLanguage":"tr"},{"@type":"Organization","@id":"https:\/\/memurunsesi.net\/#organization","name":"Memurun Sesi","url":"https:\/\/memurunsesi.net\/","logo":{"@type":"ImageObject","inLanguage":"tr","@id":"https:\/\/memurunsesi.net\/#\/schema\/logo\/image\/","url":"https:\/\/memurunsesi.net\/wp-content\/uploads\/2025\/11\/cropped-MEMURUN-SESI.png","contentUrl":"https:\/\/memurunsesi.net\/wp-content\/uploads\/2025\/11\/cropped-MEMURUN-SESI.png","width":238,"height":57,"caption":"Memurun Sesi"},"image":{"@id":"https:\/\/memurunsesi.net\/#\/schema\/logo\/image\/"},"sameAs":["https:\/\/www.facebook.com\/unipersen\/?locale=tr_TR","https:\/\/x.com\/unipersen"]},{"@type":"Person","@id":"https:\/\/memurunsesi.net\/#\/schema\/person\/f21c2d73b89f6ee1d80b0a1803e38587","name":"Memurun Sesi Haber Merkezi","image":{"@type":"ImageObject","inLanguage":"tr","@id":"https:\/\/secure.gravatar.com\/avatar\/6cf0505f452ee753f485014986fab09a434671d2b919ee76fc541025c5876a70?s=96&d=mm&r=g","url":"https:\/\/secure.gravatar.com\/avatar\/6cf0505f452ee753f485014986fab09a434671d2b919ee76fc541025c5876a70?s=96&d=mm&r=g","contentUrl":"https:\/\/secure.gravatar.com\/avatar\/6cf0505f452ee753f485014986fab09a434671d2b919ee76fc541025c5876a70?s=96&d=mm&r=g","caption":"Memurun Sesi Haber Merkezi"},"sameAs":["https:\/\/memurunsesi.net"],"url":"https:\/\/memurunsesi.net\/index.php\/author\/uniper\/"}]}},"_links":{"self":[{"href":"https:\/\/memurunsesi.net\/index.php\/wp-json\/wp\/v2\/posts\/9252","targetHints":{"allow":["GET"]}}],"collection":[{"href":"https:\/\/memurunsesi.net\/index.php\/wp-json\/wp\/v2\/posts"}],"about":[{"href":"https:\/\/memurunsesi.net\/index.php\/wp-json\/wp\/v2\/types\/post"}],"author":[{"embeddable":true,"href":"https:\/\/memurunsesi.net\/index.php\/wp-json\/wp\/v2\/users\/1"}],"replies":[{"embeddable":true,"href":"https:\/\/memurunsesi.net\/index.php\/wp-json\/wp\/v2\/comments?post=9252"}],"version-history":[{"count":1,"href":"https:\/\/memurunsesi.net\/index.php\/wp-json\/wp\/v2\/posts\/9252\/revisions"}],"predecessor-version":[{"id":9254,"href":"https:\/\/memurunsesi.net\/index.php\/wp-json\/wp\/v2\/posts\/9252\/revisions\/9254"}],"wp:featuredmedia":[{"embeddable":true,"href":"https:\/\/memurunsesi.net\/index.php\/wp-json\/wp\/v2\/media\/9253"}],"wp:attachment":[{"href":"https:\/\/memurunsesi.net\/index.php\/wp-json\/wp\/v2\/media?parent=9252"}],"wp:term":[{"taxonomy":"category","embeddable":true,"href":"https:\/\/memurunsesi.net\/index.php\/wp-json\/wp\/v2\/categories?post=9252"},{"taxonomy":"post_tag","embeddable":true,"href":"https:\/\/memurunsesi.net\/index.php\/wp-json\/wp\/v2\/tags?post=9252"}],"curies":[{"name":"wp","href":"https:\/\/api.w.org\/{rel}","templated":true}]}}