{"id":9255,"date":"2025-07-11T11:03:01","date_gmt":"2025-07-11T08:03:01","guid":{"rendered":"https:\/\/memurunsesi.net\/?p=9255"},"modified":"2025-07-11T11:03:01","modified_gmt":"2025-07-11T08:03:01","slug":"osman-zeki-korkmaz-gaoussou-diarra-ikinci-thierry-henry-olacak","status":"publish","type":"post","link":"https:\/\/memurunsesi.net\/index.php\/2025\/07\/11\/osman-zeki-korkmaz-gaoussou-diarra-ikinci-thierry-henry-olacak\/","title":{"rendered":"Osman Zeki Korkmaz: &#8220;Gaoussou Diarra, ikinci Thierry Henry olacak&#8221;"},"content":{"rendered":"<p>  &#8211; Sivasspor Teknik Direkt\u00f6r\u00fc Osman Zeki Korkmaz:<br \/>\n  &#8211; &#8220;\u0130lk denemede bu \u00e7ocukta bir \u015feyler oldu\u011funu anlad\u0131m&#8221;<br \/>\n  &#8211; &#8220;Ba\u015fkan Sar\u0131alio\u011flu, Diarra&#8217;y\u0131 almak i\u00e7in \u00fc\u00e7 futbolcu g\u00f6nderdi&#8221;   <\/p>\n<p>  Sivasspor Teknik Direkt\u00f6r\u00fc Osman Zeki Korkmaz, Hollanda temsilcisi Feyenoord&#8217;a transfer olan \u0130stanbulspor&#8217;dan eski \u00f6\u011frencisi Gaoussou Diarra&#8217;n\u0131n stilini Frans\u0131z eski futbolcu Thierry Henry&#8217;e benzetti\u011fini s\u00f6yleyerek, &#8220;Diarra, ikinci Thierry Henry olacakt\u0131r. \u00c7ok \u00f6nemli ba\u015far\u0131lar elde edece\u011fini ve ileride \u00e7ok daha iyi transferler yapaca\u011f\u0131n\u0131 d\u00fc\u015f\u00fcn\u00fcyorum&#8221; dedi.<br \/>\n  Mali\u2019den, \u0130stanbul\u2019a \u00fcniversite e\u011fitimi i\u00e7in gelen ve k\u0131sa s\u00fcrede profesyonel futbol hayat\u0131na ba\u015flayarak Trendyol 1. Lig\u2019de forma giyemeye ba\u015flayan \u0130stanbulspor\u2019un eski futbolcusu Gaoussou Diarra, yakla\u015f\u0131k 4 milyon Euro\u2019luk bonservis bedeliyle Hollanda ekibi Feyenoord\u2019a transfer oldu. Ses getiren bu transferin perde arkas\u0131na ili\u015fkin Diarra\u2019n\u0131n, \u0130stanbulspor\u2019dan eski teknik direkt\u00f6r\u00fc Osman Zeki Korkmaz, \u0130hlas Haber Ajans\u0131&#8217;na (\u0130HA) konu\u015ftu. <\/p>\n<p>  &#8220;\u0130lk denemede bu \u00e7ocukta bir \u015feyler oldu\u011funu anlad\u0131m&#8221;<br \/>\n  Gaoussou Diarra\u2019y\u0131 nas\u0131l ke\u015ffettiklerini anlatarak s\u00f6zlerine ba\u015flayan Korkmaz, &#8220;Sezon ba\u015f\u0131 kamplardan d\u00f6nd\u00fckten sonra Tuzlaspor\u2019da oynayan Malili futbolcu Gaoussou Diarra\u2019y\u0131 bize denememiz i\u00e7in tavsiye ettiler. Kamplardan yeni d\u00f6nd\u00fck ve ligin ba\u015flamas\u0131na 10 g\u00fcn kadar bir zaman kalm\u0131\u015ft\u0131. Denemeye ald\u0131\u011f\u0131mda daha ilk denemede bu \u00e7ocukta bir \u015feyler oldu\u011funu anlad\u0131m ve direkt ba\u015fkana s\u00f6yledim. Bir kez daha denedim ve &#8216;Bir daha denememize gerek yok&#8217; diyerek ba\u015fkan\u0131m Ecmel Faik Sar\u0131alio\u011flu\u2019na, &#8216;Bu \u00e7ocu\u011fu ka\u00e7\u0131rmayal\u0131m, \u00e7ok garip bir futbolcu, \u00e7al\u0131m yapabiliyor, sert \u015fut atabiliyor, h\u0131zl\u0131 driplingleri var ve bundan ileride para da kazanabiliriz&#8217; dedim. Ba\u015fkan\u0131m\u0131n cesareti ve benim de becerimle bu transferi ger\u00e7ekle\u015ftirdik. Hatta ba\u015fkan\u0131m\u0131z, Diarra\u2019y\u0131 almak i\u00e7in 3 futbolcuyu paralar\u0131n\u0131 vererek g\u00f6nderdi. Bu \u00e7ocuk, Hollanda\u2019ya gidince herkesin dikkatini \u00e7ekmeye ba\u015flad\u0131. \u00d6ncelikle bize inanan ve g\u00fcvenen Ecmel Faik Sar\u0131alio\u011flu\u2019na \u00e7ok te\u015fekk\u00fcr ediyorum. O inanmas\u0131yd\u0131 bu transfer olamazd\u0131. Diarra i\u00e7in Trabzonspor da sordu, G\u00fcng\u00f6r \u015eahin hoca arad\u0131 ama ba\u015fka hi\u00e7 kimse sormad\u0131&#8221; ifadelerini kulland\u0131. <\/p>\n<p>  &#8220;Bizim soka\u011fa at\u0131lacak tek kuru\u015fumuz yok&#8221;<br \/>\n  Osman Zeki Korkmaz, Avrupa ve d\u00fcnya futbolunda t\u00fcm tak\u0131mlar\u0131n, dijital ortamlarda veriler \u00fczerinden futbolcular\u0131 inceledi\u011fini belirterek, &#8220;Menajerler ise elindekini satman\u0131n pe\u015finde. Bir b\u00f6lgeye futbolcu s\u00f6yl\u00fcyorsun, menajerler elinde hi\u00e7 alakas\u0131z bir b\u00f6lgenin futbolcusunu satman\u0131n pe\u015finde. Onlar\u0131 da anl\u0131yorum. Ekmeklerinin pe\u015finde ama bizim soka\u011fa at\u0131lacak tek kuru\u015fumuz yok&#8221; \u015feklinde konu\u015ftu. <\/p>\n<p>  &#8220;Bu transferimiz ilk de\u011fil&#8221;<br \/>\n  Milli futbolcu Zeki \u00c7elik\u2019in de Avrupa futboluna \u0130stanbulspor\u2019dan ad\u0131m att\u0131\u011f\u0131n\u0131 hat\u0131rlatan Korkmaz, &#8220;Bizim bu transferimiz ilk de\u011fil. Roma\u2019da oynayan Zeki \u00c7elik de \u0130stanbulspor\u2019dan gitme biliyorsunuz. Biz de 1. Lig\u2019de oynarken, Fransa\u2019n\u0131n Lille tak\u0131m\u0131na ve oradan \u0130talya\u2019n\u0131n en \u00f6nemli tak\u0131mlar\u0131ndan Roma\u2019ya transfer oldu. 1. Lig\u2019den, Avrupa\u2019ya giden iki futbolcuyu ba\u015fka bir tak\u0131m yapamad\u0131. Buradaki ba\u015far\u0131 da Ecmal Faik Sar\u0131alio\u011flu ba\u015fkan\u0131n ba\u015far\u0131s\u0131yd\u0131. \u00c7\u00fcnk\u00fc ekibine g\u00fcvendi ve kar\u015f\u0131l\u0131\u011f\u0131n\u0131 ald\u0131&#8221; diye konu\u015ftu. <\/p>\n<p>  &#8220;Diarra, ikinci Thierry Henry olacakt\u0131r&#8221;<br \/>\n  Gaoussou Diarra\u2019n\u0131n stilini Frans\u0131z eski futbolcu Thierry Henry\u2019e benzetti\u011fini aktaran 43 ya\u015f\u0131ndaki \u00e7al\u0131\u015ft\u0131r\u0131c\u0131, &#8220;K\u0131sacas\u0131 do\u011fru analiz ve arkas\u0131nda inanan ve dik duran bir ba\u015fkanla daha \u00e7ok i\u015fler ba\u015far\u0131labilir. Biz bunu \u0130stanbulspor\u2019da g\u00f6rd\u00fck. Diarra da ikinci Thierry Henry olacakt\u0131r. \u00c7ok \u00f6nemli ba\u015far\u0131lar elde edece\u011fini ve ileride \u00e7ok daha iyi transferler yapaca\u011f\u0131n\u0131 d\u00fc\u015f\u00fcn\u00fcyorum&#8221; de\u011ferlendirmesinde bulundu.<br \/>\n  Sivasspor Teknik Direkt\u00f6r\u00fc Osman Zeki Korkmaz, k\u0131rm\u0131z\u0131-beyazl\u0131 tak\u0131mla hedefinin ise S\u00fcper Lig\u2019e \u00e7\u0131kmak oldu\u011funu dile getirdi. <\/p>\n<p>11.07.2025                          <\/p>\n","protected":false},"excerpt":{"rendered":"<p>&#8211; Sivasspor Teknik Direkt\u00f6r\u00fc Osman Zeki Korkmaz: &#8211; &#8220;\u0130lk denemede bu \u00e7ocukta bir \u015feyler oldu\u011funu anlad\u0131m&#8221; &#8211; &#8220;Ba\u015fkan Sar\u0131alio\u011flu, Diarra&#8217;y\u0131 almak i\u00e7in \u00fc\u00e7 futbolcu g\u00f6nderdi&#8221; Sivasspor Teknik Direkt\u00f6r\u00fc Osman Zeki Korkmaz, Hollanda temsilcisi Feyenoord&#8217;a transfer olan \u0130stanbulspor&#8217;dan eski \u00f6\u011frencisi Gaoussou Diarra&#8217;n\u0131n stilini Frans\u0131z eski futbolcu Thierry Henry&#8217;e benzetti\u011fini s\u00f6yleyerek, &#8220;Diarra, ikinci Thierry Henry olacakt\u0131r. \u00c7ok [&hellip;]<\/p>\n","protected":false},"author":1,"featured_media":9256,"comment_status":"open","ping_status":"open","sticky":false,"template":"","format":"standard","meta":{"footnotes":""},"categories":[57],"tags":[],"class_list":["post-9255","post","type-post","status-publish","format-standard","has-post-thumbnail","hentry","category-spor"],"yoast_head":"<!-- This site is optimized with the Yoast SEO plugin v27.4 - https:\/\/yoast.com\/product\/yoast-seo-wordpress\/ -->\n<title>Osman Zeki Korkmaz: &quot;Gaoussou Diarra, ikinci Thierry Henry olacak&quot; - Memurun Sesi<\/title>\n<meta name=\"robots\" content=\"index, follow, max-snippet:-1, max-image-preview:large, max-video-preview:-1\" \/>\n<link rel=\"canonical\" href=\"https:\/\/memurunsesi.net\/index.php\/2025\/07\/11\/osman-zeki-korkmaz-gaoussou-diarra-ikinci-thierry-henry-olacak\/\" \/>\n<meta property=\"og:locale\" content=\"tr_TR\" \/>\n<meta property=\"og:type\" content=\"article\" \/>\n<meta property=\"og:title\" content=\"Osman Zeki Korkmaz: &quot;Gaoussou Diarra, ikinci Thierry Henry olacak&quot; - Memurun Sesi\" \/>\n<meta property=\"og:description\" content=\"&#8211; Sivasspor Teknik Direkt\u00f6r\u00fc Osman Zeki Korkmaz: &#8211; &#8220;\u0130lk denemede bu \u00e7ocukta bir \u015feyler oldu\u011funu anlad\u0131m&#8221; &#8211; &#8220;Ba\u015fkan Sar\u0131alio\u011flu, Diarra&#8217;y\u0131 almak i\u00e7in \u00fc\u00e7 futbolcu g\u00f6nderdi&#8221; Sivasspor Teknik Direkt\u00f6r\u00fc Osman Zeki Korkmaz, Hollanda temsilcisi Feyenoord&#8217;a transfer olan \u0130stanbulspor&#8217;dan eski \u00f6\u011frencisi Gaoussou Diarra&#8217;n\u0131n stilini Frans\u0131z eski futbolcu Thierry Henry&#8217;e benzetti\u011fini s\u00f6yleyerek, &#8220;Diarra, ikinci Thierry Henry olacakt\u0131r. \u00c7ok [&hellip;]\" \/>\n<meta property=\"og:url\" content=\"https:\/\/memurunsesi.net\/index.php\/2025\/07\/11\/osman-zeki-korkmaz-gaoussou-diarra-ikinci-thierry-henry-olacak\/\" \/>\n<meta property=\"og:site_name\" content=\"Memurun Sesi\" \/>\n<meta property=\"article:publisher\" content=\"https:\/\/www.facebook.com\/unipersen\/?locale=tr_TR\" \/>\n<meta property=\"article:published_time\" content=\"2025-07-11T08:03:01+00:00\" \/>\n<meta property=\"og:image\" content=\"https:\/\/memurunsesi.net\/wp-content\/uploads\/2025\/07\/AW494853_01-scaled.jpg\" \/>\n\t<meta property=\"og:image:width\" content=\"2048\" \/>\n\t<meta property=\"og:image:height\" content=\"2560\" \/>\n\t<meta property=\"og:image:type\" content=\"image\/jpeg\" \/>\n<meta name=\"author\" content=\"Memurun Sesi Haber Merkezi\" \/>\n<meta name=\"twitter:card\" content=\"summary_large_image\" \/>\n<meta name=\"twitter:creator\" content=\"@unipersen\" \/>\n<meta name=\"twitter:site\" content=\"@unipersen\" \/>\n<meta name=\"twitter:label1\" content=\"Yazan:\" \/>\n\t<meta name=\"twitter:data1\" content=\"Memurun Sesi Haber Merkezi\" \/>\n\t<meta name=\"twitter:label2\" content=\"Tahmini okuma s\u00fcresi\" \/>\n\t<meta name=\"twitter:data2\" content=\"1 dakika\" \/>\n<script type=\"application\/ld+json\" class=\"yoast-schema-graph\">{\"@context\":\"https:\\\/\\\/schema.org\",\"@graph\":[{\"@type\":\"Article\",\"@id\":\"https:\\\/\\\/memurunsesi.net\\\/index.php\\\/2025\\\/07\\\/11\\\/osman-zeki-korkmaz-gaoussou-diarra-ikinci-thierry-henry-olacak\\\/#article\",\"isPartOf\":{\"@id\":\"https:\\\/\\\/memurunsesi.net\\\/index.php\\\/2025\\\/07\\\/11\\\/osman-zeki-korkmaz-gaoussou-diarra-ikinci-thierry-henry-olacak\\\/\"},\"author\":{\"name\":\"Memurun Sesi Haber Merkezi\",\"@id\":\"https:\\\/\\\/memurunsesi.net\\\/#\\\/schema\\\/person\\\/f21c2d73b89f6ee1d80b0a1803e38587\"},\"headline\":\"Osman Zeki Korkmaz: &#8220;Gaoussou Diarra, ikinci Thierry Henry olacak&#8221;\",\"datePublished\":\"2025-07-11T08:03:01+00:00\",\"mainEntityOfPage\":{\"@id\":\"https:\\\/\\\/memurunsesi.net\\\/index.php\\\/2025\\\/07\\\/11\\\/osman-zeki-korkmaz-gaoussou-diarra-ikinci-thierry-henry-olacak\\\/\"},\"wordCount\":678,\"commentCount\":0,\"publisher\":{\"@id\":\"https:\\\/\\\/memurunsesi.net\\\/#organization\"},\"image\":{\"@id\":\"https:\\\/\\\/memurunsesi.net\\\/index.php\\\/2025\\\/07\\\/11\\\/osman-zeki-korkmaz-gaoussou-diarra-ikinci-thierry-henry-olacak\\\/#primaryimage\"},\"thumbnailUrl\":\"https:\\\/\\\/memurunsesi.net\\\/wp-content\\\/uploads\\\/2025\\\/07\\\/AW494853_01-scaled.jpg\",\"articleSection\":[\"Spor\"],\"inLanguage\":\"tr\",\"potentialAction\":[{\"@type\":\"CommentAction\",\"name\":\"Comment\",\"target\":[\"https:\\\/\\\/memurunsesi.net\\\/index.php\\\/2025\\\/07\\\/11\\\/osman-zeki-korkmaz-gaoussou-diarra-ikinci-thierry-henry-olacak\\\/#respond\"]}]},{\"@type\":\"WebPage\",\"@id\":\"https:\\\/\\\/memurunsesi.net\\\/index.php\\\/2025\\\/07\\\/11\\\/osman-zeki-korkmaz-gaoussou-diarra-ikinci-thierry-henry-olacak\\\/\",\"url\":\"https:\\\/\\\/memurunsesi.net\\\/index.php\\\/2025\\\/07\\\/11\\\/osman-zeki-korkmaz-gaoussou-diarra-ikinci-thierry-henry-olacak\\\/\",\"name\":\"Osman Zeki Korkmaz: \\\"Gaoussou Diarra, ikinci Thierry Henry olacak\\\" - Memurun Sesi\",\"isPartOf\":{\"@id\":\"https:\\\/\\\/memurunsesi.net\\\/#website\"},\"primaryImageOfPage\":{\"@id\":\"https:\\\/\\\/memurunsesi.net\\\/index.php\\\/2025\\\/07\\\/11\\\/osman-zeki-korkmaz-gaoussou-diarra-ikinci-thierry-henry-olacak\\\/#primaryimage\"},\"image\":{\"@id\":\"https:\\\/\\\/memurunsesi.net\\\/index.php\\\/2025\\\/07\\\/11\\\/osman-zeki-korkmaz-gaoussou-diarra-ikinci-thierry-henry-olacak\\\/#primaryimage\"},\"thumbnailUrl\":\"https:\\\/\\\/memurunsesi.net\\\/wp-content\\\/uploads\\\/2025\\\/07\\\/AW494853_01-scaled.jpg\",\"datePublished\":\"2025-07-11T08:03:01+00:00\",\"breadcrumb\":{\"@id\":\"https:\\\/\\\/memurunsesi.net\\\/index.php\\\/2025\\\/07\\\/11\\\/osman-zeki-korkmaz-gaoussou-diarra-ikinci-thierry-henry-olacak\\\/#breadcrumb\"},\"inLanguage\":\"tr\",\"potentialAction\":[{\"@type\":\"ReadAction\",\"target\":[\"https:\\\/\\\/memurunsesi.net\\\/index.php\\\/2025\\\/07\\\/11\\\/osman-zeki-korkmaz-gaoussou-diarra-ikinci-thierry-henry-olacak\\\/\"]}]},{\"@type\":\"ImageObject\",\"inLanguage\":\"tr\",\"@id\":\"https:\\\/\\\/memurunsesi.net\\\/index.php\\\/2025\\\/07\\\/11\\\/osman-zeki-korkmaz-gaoussou-diarra-ikinci-thierry-henry-olacak\\\/#primaryimage\",\"url\":\"https:\\\/\\\/memurunsesi.net\\\/wp-content\\\/uploads\\\/2025\\\/07\\\/AW494853_01-scaled.jpg\",\"contentUrl\":\"https:\\\/\\\/memurunsesi.net\\\/wp-content\\\/uploads\\\/2025\\\/07\\\/AW494853_01-scaled.jpg\",\"width\":2048,\"height\":2560,\"caption\":\"\u0130STANBULSPOR'DA FORMA G\u0130YEN VE SON L\u0130G MA\u00c7INDA HAT-TR\u0130CK YAPAN GAOUSSOU D\u0130ARRA, S\u00dcPER L\u0130G'DEN B\u0130R\u00c7OK TAKIMIN RADARINA G\u0130RD\u0130. (\u0130HA\\\/\u0130STANBUL-\u0130HA) \u0130stanbulspor formas\u0131yla g\u00f6sterdi\u011fi performans ve \u015fu ana kadar 12 gol, 2 asist katk\u0131s\u0131 yapan Gaoussou Diarra, S\u00fcper Lig'den bir\u00e7ok tak\u0131m\u0131n radar\u0131na girdi.\"},{\"@type\":\"BreadcrumbList\",\"@id\":\"https:\\\/\\\/memurunsesi.net\\\/index.php\\\/2025\\\/07\\\/11\\\/osman-zeki-korkmaz-gaoussou-diarra-ikinci-thierry-henry-olacak\\\/#breadcrumb\",\"itemListElement\":[{\"@type\":\"ListItem\",\"position\":1,\"name\":\"Anasayfa\",\"item\":\"https:\\\/\\\/memurunsesi.net\\\/\"},{\"@type\":\"ListItem\",\"position\":2,\"name\":\"Osman Zeki Korkmaz: &#8220;Gaoussou Diarra, ikinci Thierry Henry olacak&#8221;\"}]},{\"@type\":\"WebSite\",\"@id\":\"https:\\\/\\\/memurunsesi.net\\\/#website\",\"url\":\"https:\\\/\\\/memurunsesi.net\\\/\",\"name\":\"Memurun Sesi\",\"description\":\"G\u00fcncel ve Do\u011fru Haber\",\"publisher\":{\"@id\":\"https:\\\/\\\/memurunsesi.net\\\/#organization\"},\"potentialAction\":[{\"@type\":\"SearchAction\",\"target\":{\"@type\":\"EntryPoint\",\"urlTemplate\":\"https:\\\/\\\/memurunsesi.net\\\/?s={search_term_string}\"},\"query-input\":{\"@type\":\"PropertyValueSpecification\",\"valueRequired\":true,\"valueName\":\"search_term_string\"}}],\"inLanguage\":\"tr\"},{\"@type\":\"Organization\",\"@id\":\"https:\\\/\\\/memurunsesi.net\\\/#organization\",\"name\":\"Memurun Sesi\",\"url\":\"https:\\\/\\\/memurunsesi.net\\\/\",\"logo\":{\"@type\":\"ImageObject\",\"inLanguage\":\"tr\",\"@id\":\"https:\\\/\\\/memurunsesi.net\\\/#\\\/schema\\\/logo\\\/image\\\/\",\"url\":\"https:\\\/\\\/memurunsesi.net\\\/wp-content\\\/uploads\\\/2025\\\/11\\\/cropped-MEMURUN-SESI.png\",\"contentUrl\":\"https:\\\/\\\/memurunsesi.net\\\/wp-content\\\/uploads\\\/2025\\\/11\\\/cropped-MEMURUN-SESI.png\",\"width\":238,\"height\":57,\"caption\":\"Memurun Sesi\"},\"image\":{\"@id\":\"https:\\\/\\\/memurunsesi.net\\\/#\\\/schema\\\/logo\\\/image\\\/\"},\"sameAs\":[\"https:\\\/\\\/www.facebook.com\\\/unipersen\\\/?locale=tr_TR\",\"https:\\\/\\\/x.com\\\/unipersen\"]},{\"@type\":\"Person\",\"@id\":\"https:\\\/\\\/memurunsesi.net\\\/#\\\/schema\\\/person\\\/f21c2d73b89f6ee1d80b0a1803e38587\",\"name\":\"Memurun Sesi Haber Merkezi\",\"image\":{\"@type\":\"ImageObject\",\"inLanguage\":\"tr\",\"@id\":\"https:\\\/\\\/secure.gravatar.com\\\/avatar\\\/6cf0505f452ee753f485014986fab09a434671d2b919ee76fc541025c5876a70?s=96&d=mm&r=g\",\"url\":\"https:\\\/\\\/secure.gravatar.com\\\/avatar\\\/6cf0505f452ee753f485014986fab09a434671d2b919ee76fc541025c5876a70?s=96&d=mm&r=g\",\"contentUrl\":\"https:\\\/\\\/secure.gravatar.com\\\/avatar\\\/6cf0505f452ee753f485014986fab09a434671d2b919ee76fc541025c5876a70?s=96&d=mm&r=g\",\"caption\":\"Memurun Sesi Haber Merkezi\"},\"sameAs\":[\"https:\\\/\\\/memurunsesi.net\"],\"url\":\"https:\\\/\\\/memurunsesi.net\\\/index.php\\\/author\\\/uniper\\\/\"}]}<\/script>\n<!-- \/ Yoast SEO plugin. -->","yoast_head_json":{"title":"Osman Zeki Korkmaz: \"Gaoussou Diarra, ikinci Thierry Henry olacak\" - Memurun Sesi","robots":{"index":"index","follow":"follow","max-snippet":"max-snippet:-1","max-image-preview":"max-image-preview:large","max-video-preview":"max-video-preview:-1"},"canonical":"https:\/\/memurunsesi.net\/index.php\/2025\/07\/11\/osman-zeki-korkmaz-gaoussou-diarra-ikinci-thierry-henry-olacak\/","og_locale":"tr_TR","og_type":"article","og_title":"Osman Zeki Korkmaz: \"Gaoussou Diarra, ikinci Thierry Henry olacak\" - Memurun Sesi","og_description":"&#8211; Sivasspor Teknik Direkt\u00f6r\u00fc Osman Zeki Korkmaz: &#8211; &#8220;\u0130lk denemede bu \u00e7ocukta bir \u015feyler oldu\u011funu anlad\u0131m&#8221; &#8211; &#8220;Ba\u015fkan Sar\u0131alio\u011flu, Diarra&#8217;y\u0131 almak i\u00e7in \u00fc\u00e7 futbolcu g\u00f6nderdi&#8221; Sivasspor Teknik Direkt\u00f6r\u00fc Osman Zeki Korkmaz, Hollanda temsilcisi Feyenoord&#8217;a transfer olan \u0130stanbulspor&#8217;dan eski \u00f6\u011frencisi Gaoussou Diarra&#8217;n\u0131n stilini Frans\u0131z eski futbolcu Thierry Henry&#8217;e benzetti\u011fini s\u00f6yleyerek, &#8220;Diarra, ikinci Thierry Henry olacakt\u0131r. \u00c7ok [&hellip;]","og_url":"https:\/\/memurunsesi.net\/index.php\/2025\/07\/11\/osman-zeki-korkmaz-gaoussou-diarra-ikinci-thierry-henry-olacak\/","og_site_name":"Memurun Sesi","article_publisher":"https:\/\/www.facebook.com\/unipersen\/?locale=tr_TR","article_published_time":"2025-07-11T08:03:01+00:00","og_image":[{"width":2048,"height":2560,"url":"https:\/\/memurunsesi.net\/wp-content\/uploads\/2025\/07\/AW494853_01-scaled.jpg","type":"image\/jpeg"}],"author":"Memurun Sesi Haber Merkezi","twitter_card":"summary_large_image","twitter_creator":"@unipersen","twitter_site":"@unipersen","twitter_misc":{"Yazan:":"Memurun Sesi Haber Merkezi","Tahmini okuma s\u00fcresi":"1 dakika"},"schema":{"@context":"https:\/\/schema.org","@graph":[{"@type":"Article","@id":"https:\/\/memurunsesi.net\/index.php\/2025\/07\/11\/osman-zeki-korkmaz-gaoussou-diarra-ikinci-thierry-henry-olacak\/#article","isPartOf":{"@id":"https:\/\/memurunsesi.net\/index.php\/2025\/07\/11\/osman-zeki-korkmaz-gaoussou-diarra-ikinci-thierry-henry-olacak\/"},"author":{"name":"Memurun Sesi Haber Merkezi","@id":"https:\/\/memurunsesi.net\/#\/schema\/person\/f21c2d73b89f6ee1d80b0a1803e38587"},"headline":"Osman Zeki Korkmaz: &#8220;Gaoussou Diarra, ikinci Thierry Henry olacak&#8221;","datePublished":"2025-07-11T08:03:01+00:00","mainEntityOfPage":{"@id":"https:\/\/memurunsesi.net\/index.php\/2025\/07\/11\/osman-zeki-korkmaz-gaoussou-diarra-ikinci-thierry-henry-olacak\/"},"wordCount":678,"commentCount":0,"publisher":{"@id":"https:\/\/memurunsesi.net\/#organization"},"image":{"@id":"https:\/\/memurunsesi.net\/index.php\/2025\/07\/11\/osman-zeki-korkmaz-gaoussou-diarra-ikinci-thierry-henry-olacak\/#primaryimage"},"thumbnailUrl":"https:\/\/memurunsesi.net\/wp-content\/uploads\/2025\/07\/AW494853_01-scaled.jpg","articleSection":["Spor"],"inLanguage":"tr","potentialAction":[{"@type":"CommentAction","name":"Comment","target":["https:\/\/memurunsesi.net\/index.php\/2025\/07\/11\/osman-zeki-korkmaz-gaoussou-diarra-ikinci-thierry-henry-olacak\/#respond"]}]},{"@type":"WebPage","@id":"https:\/\/memurunsesi.net\/index.php\/2025\/07\/11\/osman-zeki-korkmaz-gaoussou-diarra-ikinci-thierry-henry-olacak\/","url":"https:\/\/memurunsesi.net\/index.php\/2025\/07\/11\/osman-zeki-korkmaz-gaoussou-diarra-ikinci-thierry-henry-olacak\/","name":"Osman Zeki Korkmaz: \"Gaoussou Diarra, ikinci Thierry Henry olacak\" - Memurun Sesi","isPartOf":{"@id":"https:\/\/memurunsesi.net\/#website"},"primaryImageOfPage":{"@id":"https:\/\/memurunsesi.net\/index.php\/2025\/07\/11\/osman-zeki-korkmaz-gaoussou-diarra-ikinci-thierry-henry-olacak\/#primaryimage"},"image":{"@id":"https:\/\/memurunsesi.net\/index.php\/2025\/07\/11\/osman-zeki-korkmaz-gaoussou-diarra-ikinci-thierry-henry-olacak\/#primaryimage"},"thumbnailUrl":"https:\/\/memurunsesi.net\/wp-content\/uploads\/2025\/07\/AW494853_01-scaled.jpg","datePublished":"2025-07-11T08:03:01+00:00","breadcrumb":{"@id":"https:\/\/memurunsesi.net\/index.php\/2025\/07\/11\/osman-zeki-korkmaz-gaoussou-diarra-ikinci-thierry-henry-olacak\/#breadcrumb"},"inLanguage":"tr","potentialAction":[{"@type":"ReadAction","target":["https:\/\/memurunsesi.net\/index.php\/2025\/07\/11\/osman-zeki-korkmaz-gaoussou-diarra-ikinci-thierry-henry-olacak\/"]}]},{"@type":"ImageObject","inLanguage":"tr","@id":"https:\/\/memurunsesi.net\/index.php\/2025\/07\/11\/osman-zeki-korkmaz-gaoussou-diarra-ikinci-thierry-henry-olacak\/#primaryimage","url":"https:\/\/memurunsesi.net\/wp-content\/uploads\/2025\/07\/AW494853_01-scaled.jpg","contentUrl":"https:\/\/memurunsesi.net\/wp-content\/uploads\/2025\/07\/AW494853_01-scaled.jpg","width":2048,"height":2560,"caption":"\u0130STANBULSPOR'DA FORMA G\u0130YEN VE SON L\u0130G MA\u00c7INDA HAT-TR\u0130CK YAPAN GAOUSSOU D\u0130ARRA, S\u00dcPER L\u0130G'DEN B\u0130R\u00c7OK TAKIMIN RADARINA G\u0130RD\u0130. (\u0130HA\/\u0130STANBUL-\u0130HA) \u0130stanbulspor formas\u0131yla g\u00f6sterdi\u011fi performans ve \u015fu ana kadar 12 gol, 2 asist katk\u0131s\u0131 yapan Gaoussou Diarra, S\u00fcper Lig'den bir\u00e7ok tak\u0131m\u0131n radar\u0131na girdi."},{"@type":"BreadcrumbList","@id":"https:\/\/memurunsesi.net\/index.php\/2025\/07\/11\/osman-zeki-korkmaz-gaoussou-diarra-ikinci-thierry-henry-olacak\/#breadcrumb","itemListElement":[{"@type":"ListItem","position":1,"name":"Anasayfa","item":"https:\/\/memurunsesi.net\/"},{"@type":"ListItem","position":2,"name":"Osman Zeki Korkmaz: &#8220;Gaoussou Diarra, ikinci Thierry Henry olacak&#8221;"}]},{"@type":"WebSite","@id":"https:\/\/memurunsesi.net\/#website","url":"https:\/\/memurunsesi.net\/","name":"Memurun Sesi","description":"G\u00fcncel ve Do\u011fru Haber","publisher":{"@id":"https:\/\/memurunsesi.net\/#organization"},"potentialAction":[{"@type":"SearchAction","target":{"@type":"EntryPoint","urlTemplate":"https:\/\/memurunsesi.net\/?s={search_term_string}"},"query-input":{"@type":"PropertyValueSpecification","valueRequired":true,"valueName":"search_term_string"}}],"inLanguage":"tr"},{"@type":"Organization","@id":"https:\/\/memurunsesi.net\/#organization","name":"Memurun Sesi","url":"https:\/\/memurunsesi.net\/","logo":{"@type":"ImageObject","inLanguage":"tr","@id":"https:\/\/memurunsesi.net\/#\/schema\/logo\/image\/","url":"https:\/\/memurunsesi.net\/wp-content\/uploads\/2025\/11\/cropped-MEMURUN-SESI.png","contentUrl":"https:\/\/memurunsesi.net\/wp-content\/uploads\/2025\/11\/cropped-MEMURUN-SESI.png","width":238,"height":57,"caption":"Memurun Sesi"},"image":{"@id":"https:\/\/memurunsesi.net\/#\/schema\/logo\/image\/"},"sameAs":["https:\/\/www.facebook.com\/unipersen\/?locale=tr_TR","https:\/\/x.com\/unipersen"]},{"@type":"Person","@id":"https:\/\/memurunsesi.net\/#\/schema\/person\/f21c2d73b89f6ee1d80b0a1803e38587","name":"Memurun Sesi Haber Merkezi","image":{"@type":"ImageObject","inLanguage":"tr","@id":"https:\/\/secure.gravatar.com\/avatar\/6cf0505f452ee753f485014986fab09a434671d2b919ee76fc541025c5876a70?s=96&d=mm&r=g","url":"https:\/\/secure.gravatar.com\/avatar\/6cf0505f452ee753f485014986fab09a434671d2b919ee76fc541025c5876a70?s=96&d=mm&r=g","contentUrl":"https:\/\/secure.gravatar.com\/avatar\/6cf0505f452ee753f485014986fab09a434671d2b919ee76fc541025c5876a70?s=96&d=mm&r=g","caption":"Memurun Sesi Haber Merkezi"},"sameAs":["https:\/\/memurunsesi.net"],"url":"https:\/\/memurunsesi.net\/index.php\/author\/uniper\/"}]}},"_links":{"self":[{"href":"https:\/\/memurunsesi.net\/index.php\/wp-json\/wp\/v2\/posts\/9255","targetHints":{"allow":["GET"]}}],"collection":[{"href":"https:\/\/memurunsesi.net\/index.php\/wp-json\/wp\/v2\/posts"}],"about":[{"href":"https:\/\/memurunsesi.net\/index.php\/wp-json\/wp\/v2\/types\/post"}],"author":[{"embeddable":true,"href":"https:\/\/memurunsesi.net\/index.php\/wp-json\/wp\/v2\/users\/1"}],"replies":[{"embeddable":true,"href":"https:\/\/memurunsesi.net\/index.php\/wp-json\/wp\/v2\/comments?post=9255"}],"version-history":[{"count":1,"href":"https:\/\/memurunsesi.net\/index.php\/wp-json\/wp\/v2\/posts\/9255\/revisions"}],"predecessor-version":[{"id":9257,"href":"https:\/\/memurunsesi.net\/index.php\/wp-json\/wp\/v2\/posts\/9255\/revisions\/9257"}],"wp:featuredmedia":[{"embeddable":true,"href":"https:\/\/memurunsesi.net\/index.php\/wp-json\/wp\/v2\/media\/9256"}],"wp:attachment":[{"href":"https:\/\/memurunsesi.net\/index.php\/wp-json\/wp\/v2\/media?parent=9255"}],"wp:term":[{"taxonomy":"category","embeddable":true,"href":"https:\/\/memurunsesi.net\/index.php\/wp-json\/wp\/v2\/categories?post=9255"},{"taxonomy":"post_tag","embeddable":true,"href":"https:\/\/memurunsesi.net\/index.php\/wp-json\/wp\/v2\/tags?post=9255"}],"curies":[{"name":"wp","href":"https:\/\/api.w.org\/{rel}","templated":true}]}}