{"id":9258,"date":"2025-07-11T11:04:49","date_gmt":"2025-07-11T08:04:49","guid":{"rendered":"https:\/\/memurunsesi.net\/?p=9258"},"modified":"2025-07-11T11:05:44","modified_gmt":"2025-07-11T08:05:44","slug":"yalovada-parktaki-kameralari-kiran-supheliler-kamerada","status":"publish","type":"post","link":"https:\/\/memurunsesi.net\/index.php\/2025\/07\/11\/yalovada-parktaki-kameralari-kiran-supheliler-kamerada\/","title":{"rendered":"Yalova&#8217;da parktaki kameralar\u0131 k\u0131ran \u015f\u00fcpheliler kamerada"},"content":{"rendered":"<p>   Yalova&#8217;da 4 \u015f\u00fcpheli \u00e7ocuk park\u0131ndaki g\u00fcvenlik kameralar\u0131n\u0131 k\u0131rd\u0131. Polis, k\u0131rd\u0131klar\u0131 kameralara g\u00f6r\u00fcnt\u00fcleri yans\u0131yan \u015f\u00fcphelileri ar\u0131yor.<br \/>\nAl\u0131nan bilgiye g\u00f6re, olay, ge\u00e7ti\u011fimiz g\u00fcnlerde \u0130smetpa\u015fa Mahallesi&#8217;ndeki \u00e7ocuk park\u0131nda ya\u015fand\u0131. Ya\u015fanabilecek olumsuzluklar\u0131n \u00f6n\u00fcne ge\u00e7mek i\u00e7in montajlar\u0131 yap\u0131lan ve aktif hale getirilen parktaki kameralar direklere \u00e7\u0131k\u0131larak tahrip edildi. Parklarda kameralara zarar veren \u015fah\u0131slar g\u00f6r\u00fcnt\u00fclerden tespit edildi. G\u00f6r\u00fcnt\u00fclerde parka gelen 4 ki\u015fiden birinin kamera dire\u011fine t\u0131rmanarak kameray\u0131 tahrip etti\u011fi anlar yer ald\u0131. Olay\u0131n ard\u0131ndan Yalova Belediyesi kamera kay\u0131tlar\u0131n\u0131 mercek alt\u0131na ald\u0131. Olay\u0131n 6 Temmuz tarihinde 01.26 saatlerinde parka gelen 4 ki\u015fi taraf\u0131ndan 01.34 saatlerinde yap\u0131ld\u0131\u011f\u0131n\u0131 tespit eden yetkililer, konuyu yetkili kolluk makamlar\u0131na bildirdiklerini ifade etti. <\/p>\n<p>11.07.2025                                 <\/p>\n","protected":false},"excerpt":{"rendered":"<p>Yalova&#8217;da 4 \u015f\u00fcpheli \u00e7ocuk park\u0131ndaki g\u00fcvenlik kameralar\u0131n\u0131 k\u0131rd\u0131. Polis, k\u0131rd\u0131klar\u0131 kameralara g\u00f6r\u00fcnt\u00fcleri yans\u0131yan \u015f\u00fcphelileri ar\u0131yor. Al\u0131nan bilgiye g\u00f6re, olay, ge\u00e7ti\u011fimiz g\u00fcnlerde \u0130smetpa\u015fa Mahallesi&#8217;ndeki \u00e7ocuk park\u0131nda ya\u015fand\u0131. Ya\u015fanabilecek olumsuzluklar\u0131n \u00f6n\u00fcne ge\u00e7mek i\u00e7in montajlar\u0131 yap\u0131lan ve aktif hale getirilen parktaki kameralar direklere \u00e7\u0131k\u0131larak tahrip edildi. Parklarda kameralara zarar veren \u015fah\u0131slar g\u00f6r\u00fcnt\u00fclerden tespit edildi. G\u00f6r\u00fcnt\u00fclerde parka gelen 4 [&hellip;]<\/p>\n","protected":false},"author":1,"featured_media":0,"comment_status":"open","ping_status":"open","sticky":false,"template":"","format":"standard","meta":{"footnotes":""},"categories":[50],"tags":[],"class_list":["post-9258","post","type-post","status-publish","format-standard","hentry","category-tum-haberler"],"yoast_head":"<!-- This site is optimized with the Yoast SEO plugin v27.4 - https:\/\/yoast.com\/product\/yoast-seo-wordpress\/ -->\n<title>Yalova&#039;da parktaki kameralar\u0131 k\u0131ran \u015f\u00fcpheliler kamerada - Memurun Sesi<\/title>\n<meta name=\"robots\" content=\"index, follow, max-snippet:-1, max-image-preview:large, max-video-preview:-1\" \/>\n<link rel=\"canonical\" href=\"https:\/\/memurunsesi.net\/index.php\/2025\/07\/11\/yalovada-parktaki-kameralari-kiran-supheliler-kamerada\/\" \/>\n<meta property=\"og:locale\" content=\"tr_TR\" \/>\n<meta property=\"og:type\" content=\"article\" \/>\n<meta property=\"og:title\" content=\"Yalova&#039;da parktaki kameralar\u0131 k\u0131ran \u015f\u00fcpheliler kamerada - Memurun Sesi\" \/>\n<meta property=\"og:description\" content=\"Yalova&#8217;da 4 \u015f\u00fcpheli \u00e7ocuk park\u0131ndaki g\u00fcvenlik kameralar\u0131n\u0131 k\u0131rd\u0131. Polis, k\u0131rd\u0131klar\u0131 kameralara g\u00f6r\u00fcnt\u00fcleri yans\u0131yan \u015f\u00fcphelileri ar\u0131yor. Al\u0131nan bilgiye g\u00f6re, olay, ge\u00e7ti\u011fimiz g\u00fcnlerde \u0130smetpa\u015fa Mahallesi&#8217;ndeki \u00e7ocuk park\u0131nda ya\u015fand\u0131. Ya\u015fanabilecek olumsuzluklar\u0131n \u00f6n\u00fcne ge\u00e7mek i\u00e7in montajlar\u0131 yap\u0131lan ve aktif hale getirilen parktaki kameralar direklere \u00e7\u0131k\u0131larak tahrip edildi. Parklarda kameralara zarar veren \u015fah\u0131slar g\u00f6r\u00fcnt\u00fclerden tespit edildi. G\u00f6r\u00fcnt\u00fclerde parka gelen 4 [&hellip;]\" \/>\n<meta property=\"og:url\" content=\"https:\/\/memurunsesi.net\/index.php\/2025\/07\/11\/yalovada-parktaki-kameralari-kiran-supheliler-kamerada\/\" \/>\n<meta property=\"og:site_name\" content=\"Memurun Sesi\" \/>\n<meta property=\"article:publisher\" content=\"https:\/\/www.facebook.com\/unipersen\/?locale=tr_TR\" \/>\n<meta property=\"article:published_time\" content=\"2025-07-11T08:04:49+00:00\" \/>\n<meta property=\"article:modified_time\" content=\"2025-07-11T08:05:44+00:00\" \/>\n<meta name=\"author\" content=\"Memurun Sesi Haber Merkezi\" \/>\n<meta name=\"twitter:card\" content=\"summary_large_image\" \/>\n<meta name=\"twitter:creator\" content=\"@unipersen\" \/>\n<meta name=\"twitter:site\" content=\"@unipersen\" \/>\n<meta name=\"twitter:label1\" content=\"Yazan:\" \/>\n\t<meta name=\"twitter:data1\" content=\"Memurun Sesi Haber Merkezi\" \/>\n\t<meta name=\"twitter:label2\" content=\"Tahmini okuma s\u00fcresi\" \/>\n\t<meta name=\"twitter:data2\" content=\"1 dakika\" \/>\n<script type=\"application\/ld+json\" class=\"yoast-schema-graph\">{\"@context\":\"https:\\\/\\\/schema.org\",\"@graph\":[{\"@type\":\"Article\",\"@id\":\"https:\\\/\\\/memurunsesi.net\\\/index.php\\\/2025\\\/07\\\/11\\\/yalovada-parktaki-kameralari-kiran-supheliler-kamerada\\\/#article\",\"isPartOf\":{\"@id\":\"https:\\\/\\\/memurunsesi.net\\\/index.php\\\/2025\\\/07\\\/11\\\/yalovada-parktaki-kameralari-kiran-supheliler-kamerada\\\/\"},\"author\":{\"name\":\"Memurun Sesi Haber Merkezi\",\"@id\":\"https:\\\/\\\/memurunsesi.net\\\/#\\\/schema\\\/person\\\/f21c2d73b89f6ee1d80b0a1803e38587\"},\"headline\":\"Yalova&#8217;da parktaki kameralar\u0131 k\u0131ran \u015f\u00fcpheliler kamerada\",\"datePublished\":\"2025-07-11T08:04:49+00:00\",\"dateModified\":\"2025-07-11T08:05:44+00:00\",\"mainEntityOfPage\":{\"@id\":\"https:\\\/\\\/memurunsesi.net\\\/index.php\\\/2025\\\/07\\\/11\\\/yalovada-parktaki-kameralari-kiran-supheliler-kamerada\\\/\"},\"wordCount\":151,\"commentCount\":0,\"publisher\":{\"@id\":\"https:\\\/\\\/memurunsesi.net\\\/#organization\"},\"articleSection\":[\"T\u00fcm Haberler\"],\"inLanguage\":\"tr\",\"potentialAction\":[{\"@type\":\"CommentAction\",\"name\":\"Comment\",\"target\":[\"https:\\\/\\\/memurunsesi.net\\\/index.php\\\/2025\\\/07\\\/11\\\/yalovada-parktaki-kameralari-kiran-supheliler-kamerada\\\/#respond\"]}]},{\"@type\":\"WebPage\",\"@id\":\"https:\\\/\\\/memurunsesi.net\\\/index.php\\\/2025\\\/07\\\/11\\\/yalovada-parktaki-kameralari-kiran-supheliler-kamerada\\\/\",\"url\":\"https:\\\/\\\/memurunsesi.net\\\/index.php\\\/2025\\\/07\\\/11\\\/yalovada-parktaki-kameralari-kiran-supheliler-kamerada\\\/\",\"name\":\"Yalova'da parktaki kameralar\u0131 k\u0131ran \u015f\u00fcpheliler kamerada - Memurun Sesi\",\"isPartOf\":{\"@id\":\"https:\\\/\\\/memurunsesi.net\\\/#website\"},\"datePublished\":\"2025-07-11T08:04:49+00:00\",\"dateModified\":\"2025-07-11T08:05:44+00:00\",\"breadcrumb\":{\"@id\":\"https:\\\/\\\/memurunsesi.net\\\/index.php\\\/2025\\\/07\\\/11\\\/yalovada-parktaki-kameralari-kiran-supheliler-kamerada\\\/#breadcrumb\"},\"inLanguage\":\"tr\",\"potentialAction\":[{\"@type\":\"ReadAction\",\"target\":[\"https:\\\/\\\/memurunsesi.net\\\/index.php\\\/2025\\\/07\\\/11\\\/yalovada-parktaki-kameralari-kiran-supheliler-kamerada\\\/\"]}]},{\"@type\":\"BreadcrumbList\",\"@id\":\"https:\\\/\\\/memurunsesi.net\\\/index.php\\\/2025\\\/07\\\/11\\\/yalovada-parktaki-kameralari-kiran-supheliler-kamerada\\\/#breadcrumb\",\"itemListElement\":[{\"@type\":\"ListItem\",\"position\":1,\"name\":\"Anasayfa\",\"item\":\"https:\\\/\\\/memurunsesi.net\\\/\"},{\"@type\":\"ListItem\",\"position\":2,\"name\":\"Yalova&#8217;da parktaki kameralar\u0131 k\u0131ran \u015f\u00fcpheliler kamerada\"}]},{\"@type\":\"WebSite\",\"@id\":\"https:\\\/\\\/memurunsesi.net\\\/#website\",\"url\":\"https:\\\/\\\/memurunsesi.net\\\/\",\"name\":\"Memurun Sesi\",\"description\":\"G\u00fcncel ve Do\u011fru Haber\",\"publisher\":{\"@id\":\"https:\\\/\\\/memurunsesi.net\\\/#organization\"},\"potentialAction\":[{\"@type\":\"SearchAction\",\"target\":{\"@type\":\"EntryPoint\",\"urlTemplate\":\"https:\\\/\\\/memurunsesi.net\\\/?s={search_term_string}\"},\"query-input\":{\"@type\":\"PropertyValueSpecification\",\"valueRequired\":true,\"valueName\":\"search_term_string\"}}],\"inLanguage\":\"tr\"},{\"@type\":\"Organization\",\"@id\":\"https:\\\/\\\/memurunsesi.net\\\/#organization\",\"name\":\"Memurun Sesi\",\"url\":\"https:\\\/\\\/memurunsesi.net\\\/\",\"logo\":{\"@type\":\"ImageObject\",\"inLanguage\":\"tr\",\"@id\":\"https:\\\/\\\/memurunsesi.net\\\/#\\\/schema\\\/logo\\\/image\\\/\",\"url\":\"https:\\\/\\\/memurunsesi.net\\\/wp-content\\\/uploads\\\/2025\\\/11\\\/cropped-MEMURUN-SESI.png\",\"contentUrl\":\"https:\\\/\\\/memurunsesi.net\\\/wp-content\\\/uploads\\\/2025\\\/11\\\/cropped-MEMURUN-SESI.png\",\"width\":238,\"height\":57,\"caption\":\"Memurun Sesi\"},\"image\":{\"@id\":\"https:\\\/\\\/memurunsesi.net\\\/#\\\/schema\\\/logo\\\/image\\\/\"},\"sameAs\":[\"https:\\\/\\\/www.facebook.com\\\/unipersen\\\/?locale=tr_TR\",\"https:\\\/\\\/x.com\\\/unipersen\"]},{\"@type\":\"Person\",\"@id\":\"https:\\\/\\\/memurunsesi.net\\\/#\\\/schema\\\/person\\\/f21c2d73b89f6ee1d80b0a1803e38587\",\"name\":\"Memurun Sesi Haber Merkezi\",\"image\":{\"@type\":\"ImageObject\",\"inLanguage\":\"tr\",\"@id\":\"https:\\\/\\\/secure.gravatar.com\\\/avatar\\\/6cf0505f452ee753f485014986fab09a434671d2b919ee76fc541025c5876a70?s=96&d=mm&r=g\",\"url\":\"https:\\\/\\\/secure.gravatar.com\\\/avatar\\\/6cf0505f452ee753f485014986fab09a434671d2b919ee76fc541025c5876a70?s=96&d=mm&r=g\",\"contentUrl\":\"https:\\\/\\\/secure.gravatar.com\\\/avatar\\\/6cf0505f452ee753f485014986fab09a434671d2b919ee76fc541025c5876a70?s=96&d=mm&r=g\",\"caption\":\"Memurun Sesi Haber Merkezi\"},\"sameAs\":[\"https:\\\/\\\/memurunsesi.net\"],\"url\":\"https:\\\/\\\/memurunsesi.net\\\/index.php\\\/author\\\/uniper\\\/\"}]}<\/script>\n<!-- \/ Yoast SEO plugin. -->","yoast_head_json":{"title":"Yalova'da parktaki kameralar\u0131 k\u0131ran \u015f\u00fcpheliler kamerada - Memurun Sesi","robots":{"index":"index","follow":"follow","max-snippet":"max-snippet:-1","max-image-preview":"max-image-preview:large","max-video-preview":"max-video-preview:-1"},"canonical":"https:\/\/memurunsesi.net\/index.php\/2025\/07\/11\/yalovada-parktaki-kameralari-kiran-supheliler-kamerada\/","og_locale":"tr_TR","og_type":"article","og_title":"Yalova'da parktaki kameralar\u0131 k\u0131ran \u015f\u00fcpheliler kamerada - Memurun Sesi","og_description":"Yalova&#8217;da 4 \u015f\u00fcpheli \u00e7ocuk park\u0131ndaki g\u00fcvenlik kameralar\u0131n\u0131 k\u0131rd\u0131. Polis, k\u0131rd\u0131klar\u0131 kameralara g\u00f6r\u00fcnt\u00fcleri yans\u0131yan \u015f\u00fcphelileri ar\u0131yor. Al\u0131nan bilgiye g\u00f6re, olay, ge\u00e7ti\u011fimiz g\u00fcnlerde \u0130smetpa\u015fa Mahallesi&#8217;ndeki \u00e7ocuk park\u0131nda ya\u015fand\u0131. Ya\u015fanabilecek olumsuzluklar\u0131n \u00f6n\u00fcne ge\u00e7mek i\u00e7in montajlar\u0131 yap\u0131lan ve aktif hale getirilen parktaki kameralar direklere \u00e7\u0131k\u0131larak tahrip edildi. Parklarda kameralara zarar veren \u015fah\u0131slar g\u00f6r\u00fcnt\u00fclerden tespit edildi. G\u00f6r\u00fcnt\u00fclerde parka gelen 4 [&hellip;]","og_url":"https:\/\/memurunsesi.net\/index.php\/2025\/07\/11\/yalovada-parktaki-kameralari-kiran-supheliler-kamerada\/","og_site_name":"Memurun Sesi","article_publisher":"https:\/\/www.facebook.com\/unipersen\/?locale=tr_TR","article_published_time":"2025-07-11T08:04:49+00:00","article_modified_time":"2025-07-11T08:05:44+00:00","author":"Memurun Sesi Haber Merkezi","twitter_card":"summary_large_image","twitter_creator":"@unipersen","twitter_site":"@unipersen","twitter_misc":{"Yazan:":"Memurun Sesi Haber Merkezi","Tahmini okuma s\u00fcresi":"1 dakika"},"schema":{"@context":"https:\/\/schema.org","@graph":[{"@type":"Article","@id":"https:\/\/memurunsesi.net\/index.php\/2025\/07\/11\/yalovada-parktaki-kameralari-kiran-supheliler-kamerada\/#article","isPartOf":{"@id":"https:\/\/memurunsesi.net\/index.php\/2025\/07\/11\/yalovada-parktaki-kameralari-kiran-supheliler-kamerada\/"},"author":{"name":"Memurun Sesi Haber Merkezi","@id":"https:\/\/memurunsesi.net\/#\/schema\/person\/f21c2d73b89f6ee1d80b0a1803e38587"},"headline":"Yalova&#8217;da parktaki kameralar\u0131 k\u0131ran \u015f\u00fcpheliler kamerada","datePublished":"2025-07-11T08:04:49+00:00","dateModified":"2025-07-11T08:05:44+00:00","mainEntityOfPage":{"@id":"https:\/\/memurunsesi.net\/index.php\/2025\/07\/11\/yalovada-parktaki-kameralari-kiran-supheliler-kamerada\/"},"wordCount":151,"commentCount":0,"publisher":{"@id":"https:\/\/memurunsesi.net\/#organization"},"articleSection":["T\u00fcm Haberler"],"inLanguage":"tr","potentialAction":[{"@type":"CommentAction","name":"Comment","target":["https:\/\/memurunsesi.net\/index.php\/2025\/07\/11\/yalovada-parktaki-kameralari-kiran-supheliler-kamerada\/#respond"]}]},{"@type":"WebPage","@id":"https:\/\/memurunsesi.net\/index.php\/2025\/07\/11\/yalovada-parktaki-kameralari-kiran-supheliler-kamerada\/","url":"https:\/\/memurunsesi.net\/index.php\/2025\/07\/11\/yalovada-parktaki-kameralari-kiran-supheliler-kamerada\/","name":"Yalova'da parktaki kameralar\u0131 k\u0131ran \u015f\u00fcpheliler kamerada - Memurun Sesi","isPartOf":{"@id":"https:\/\/memurunsesi.net\/#website"},"datePublished":"2025-07-11T08:04:49+00:00","dateModified":"2025-07-11T08:05:44+00:00","breadcrumb":{"@id":"https:\/\/memurunsesi.net\/index.php\/2025\/07\/11\/yalovada-parktaki-kameralari-kiran-supheliler-kamerada\/#breadcrumb"},"inLanguage":"tr","potentialAction":[{"@type":"ReadAction","target":["https:\/\/memurunsesi.net\/index.php\/2025\/07\/11\/yalovada-parktaki-kameralari-kiran-supheliler-kamerada\/"]}]},{"@type":"BreadcrumbList","@id":"https:\/\/memurunsesi.net\/index.php\/2025\/07\/11\/yalovada-parktaki-kameralari-kiran-supheliler-kamerada\/#breadcrumb","itemListElement":[{"@type":"ListItem","position":1,"name":"Anasayfa","item":"https:\/\/memurunsesi.net\/"},{"@type":"ListItem","position":2,"name":"Yalova&#8217;da parktaki kameralar\u0131 k\u0131ran \u015f\u00fcpheliler kamerada"}]},{"@type":"WebSite","@id":"https:\/\/memurunsesi.net\/#website","url":"https:\/\/memurunsesi.net\/","name":"Memurun Sesi","description":"G\u00fcncel ve Do\u011fru Haber","publisher":{"@id":"https:\/\/memurunsesi.net\/#organization"},"potentialAction":[{"@type":"SearchAction","target":{"@type":"EntryPoint","urlTemplate":"https:\/\/memurunsesi.net\/?s={search_term_string}"},"query-input":{"@type":"PropertyValueSpecification","valueRequired":true,"valueName":"search_term_string"}}],"inLanguage":"tr"},{"@type":"Organization","@id":"https:\/\/memurunsesi.net\/#organization","name":"Memurun Sesi","url":"https:\/\/memurunsesi.net\/","logo":{"@type":"ImageObject","inLanguage":"tr","@id":"https:\/\/memurunsesi.net\/#\/schema\/logo\/image\/","url":"https:\/\/memurunsesi.net\/wp-content\/uploads\/2025\/11\/cropped-MEMURUN-SESI.png","contentUrl":"https:\/\/memurunsesi.net\/wp-content\/uploads\/2025\/11\/cropped-MEMURUN-SESI.png","width":238,"height":57,"caption":"Memurun Sesi"},"image":{"@id":"https:\/\/memurunsesi.net\/#\/schema\/logo\/image\/"},"sameAs":["https:\/\/www.facebook.com\/unipersen\/?locale=tr_TR","https:\/\/x.com\/unipersen"]},{"@type":"Person","@id":"https:\/\/memurunsesi.net\/#\/schema\/person\/f21c2d73b89f6ee1d80b0a1803e38587","name":"Memurun Sesi Haber Merkezi","image":{"@type":"ImageObject","inLanguage":"tr","@id":"https:\/\/secure.gravatar.com\/avatar\/6cf0505f452ee753f485014986fab09a434671d2b919ee76fc541025c5876a70?s=96&d=mm&r=g","url":"https:\/\/secure.gravatar.com\/avatar\/6cf0505f452ee753f485014986fab09a434671d2b919ee76fc541025c5876a70?s=96&d=mm&r=g","contentUrl":"https:\/\/secure.gravatar.com\/avatar\/6cf0505f452ee753f485014986fab09a434671d2b919ee76fc541025c5876a70?s=96&d=mm&r=g","caption":"Memurun Sesi Haber Merkezi"},"sameAs":["https:\/\/memurunsesi.net"],"url":"https:\/\/memurunsesi.net\/index.php\/author\/uniper\/"}]}},"_links":{"self":[{"href":"https:\/\/memurunsesi.net\/index.php\/wp-json\/wp\/v2\/posts\/9258","targetHints":{"allow":["GET"]}}],"collection":[{"href":"https:\/\/memurunsesi.net\/index.php\/wp-json\/wp\/v2\/posts"}],"about":[{"href":"https:\/\/memurunsesi.net\/index.php\/wp-json\/wp\/v2\/types\/post"}],"author":[{"embeddable":true,"href":"https:\/\/memurunsesi.net\/index.php\/wp-json\/wp\/v2\/users\/1"}],"replies":[{"embeddable":true,"href":"https:\/\/memurunsesi.net\/index.php\/wp-json\/wp\/v2\/comments?post=9258"}],"version-history":[{"count":1,"href":"https:\/\/memurunsesi.net\/index.php\/wp-json\/wp\/v2\/posts\/9258\/revisions"}],"predecessor-version":[{"id":9260,"href":"https:\/\/memurunsesi.net\/index.php\/wp-json\/wp\/v2\/posts\/9258\/revisions\/9260"}],"wp:attachment":[{"href":"https:\/\/memurunsesi.net\/index.php\/wp-json\/wp\/v2\/media?parent=9258"}],"wp:term":[{"taxonomy":"category","embeddable":true,"href":"https:\/\/memurunsesi.net\/index.php\/wp-json\/wp\/v2\/categories?post=9258"},{"taxonomy":"post_tag","embeddable":true,"href":"https:\/\/memurunsesi.net\/index.php\/wp-json\/wp\/v2\/tags?post=9258"}],"curies":[{"name":"wp","href":"https:\/\/api.w.org\/{rel}","templated":true}]}}