{"id":9264,"date":"2025-07-11T11:20:57","date_gmt":"2025-07-11T08:20:57","guid":{"rendered":"https:\/\/memurunsesi.net\/?p=9264"},"modified":"2025-07-11T11:20:57","modified_gmt":"2025-07-11T08:20:57","slug":"izmirde-yasa-disi-silah-ticareti-operasyonu-9-tutuklama","status":"publish","type":"post","link":"https:\/\/memurunsesi.net\/index.php\/2025\/07\/11\/izmirde-yasa-disi-silah-ticareti-operasyonu-9-tutuklama\/","title":{"rendered":"\u0130zmir&#8217;de yasa d\u0131\u015f\u0131 silah ticareti operasyonu: 9 tutuklama"},"content":{"rendered":"<p>  \u0130zmir&#8217;de yasa d\u0131\u015f\u0131 silah imalat\u0131 ve ticareti yapan organize su\u00e7 \u00f6rg\u00fct\u00fcne y\u00f6nelik d\u00fczenlenen operasyonda \u00e7ok say\u0131da silah ve m\u00fchimmat ele ge\u00e7irildi. Olayla ilgili 9 \u015f\u00fcpheli adli makamlarca tutukland\u0131.<br \/>\n  \u0130l Emniyet M\u00fcd\u00fcrl\u00fc\u011f\u00fc Organize Su\u00e7larla M\u00fccadele \u015eube M\u00fcd\u00fcrl\u00fc\u011f\u00fc ve \u0130stihbarat \u015eube M\u00fcd\u00fcrl\u00fc\u011f\u00fc, \u00f6rg\u00fctl\u00fc \u015fekilde yasa d\u0131\u015f\u0131 silah ticareti yap\u0131ld\u0131\u011f\u0131na y\u00f6nelik bilgi \u00fczerine harekete ge\u00e7ti. Yap\u0131lan teknik ve fiziki takip sonucu \u00f6rg\u00fcte ait ev, i\u015f yeri, depo, ara\u00e7 ve at\u00f6lyelerde e\u015f zamanl\u0131 operasyon d\u00fczenlendi. Yap\u0131lan aramalarda 78 tabanca, 834 tabanca fi\u015fe\u011fi, 2 tabanca namlusu, 3 tabanca icra mili ve yay\u0131, 1 adet k\u0131l\u0131\u00e7 ele ge\u00e7irildi. Olayla ilgili 9 \u015f\u00fcpheli g\u00f6zalt\u0131na al\u0131nd\u0131. Emniyetteki i\u015flemlerinin ard\u0131ndan \u015fah\u0131slar, sevk edildikleri adli makamlarca tutuklanarak cezaevine g\u00f6nderildi. <\/p>\n<p>11.07.2025                                 <\/p>\n","protected":false},"excerpt":{"rendered":"<p>\u0130zmir&#8217;de yasa d\u0131\u015f\u0131 silah imalat\u0131 ve ticareti yapan organize su\u00e7 \u00f6rg\u00fct\u00fcne y\u00f6nelik d\u00fczenlenen operasyonda \u00e7ok say\u0131da silah ve m\u00fchimmat ele ge\u00e7irildi. Olayla ilgili 9 \u015f\u00fcpheli adli makamlarca tutukland\u0131. \u0130l Emniyet M\u00fcd\u00fcrl\u00fc\u011f\u00fc Organize Su\u00e7larla M\u00fccadele \u015eube M\u00fcd\u00fcrl\u00fc\u011f\u00fc ve \u0130stihbarat \u015eube M\u00fcd\u00fcrl\u00fc\u011f\u00fc, \u00f6rg\u00fctl\u00fc \u015fekilde yasa d\u0131\u015f\u0131 silah ticareti yap\u0131ld\u0131\u011f\u0131na y\u00f6nelik bilgi \u00fczerine harekete ge\u00e7ti. Yap\u0131lan teknik ve [&hellip;]<\/p>\n","protected":false},"author":1,"featured_media":9265,"comment_status":"open","ping_status":"open","sticky":false,"template":"","format":"standard","meta":{"footnotes":""},"categories":[1],"tags":[],"class_list":["post-9264","post","type-post","status-publish","format-standard","has-post-thumbnail","hentry","category-genel"],"yoast_head":"<!-- This site is optimized with the Yoast SEO plugin v27.4 - https:\/\/yoast.com\/product\/yoast-seo-wordpress\/ -->\n<title>\u0130zmir&#039;de yasa d\u0131\u015f\u0131 silah ticareti operasyonu: 9 tutuklama - Memurun Sesi<\/title>\n<meta name=\"robots\" content=\"index, follow, max-snippet:-1, max-image-preview:large, max-video-preview:-1\" \/>\n<link rel=\"canonical\" href=\"https:\/\/memurunsesi.net\/index.php\/2025\/07\/11\/izmirde-yasa-disi-silah-ticareti-operasyonu-9-tutuklama\/\" \/>\n<meta property=\"og:locale\" content=\"tr_TR\" \/>\n<meta property=\"og:type\" content=\"article\" \/>\n<meta property=\"og:title\" content=\"\u0130zmir&#039;de yasa d\u0131\u015f\u0131 silah ticareti operasyonu: 9 tutuklama - Memurun Sesi\" \/>\n<meta property=\"og:description\" content=\"\u0130zmir&#8217;de yasa d\u0131\u015f\u0131 silah imalat\u0131 ve ticareti yapan organize su\u00e7 \u00f6rg\u00fct\u00fcne y\u00f6nelik d\u00fczenlenen operasyonda \u00e7ok say\u0131da silah ve m\u00fchimmat ele ge\u00e7irildi. Olayla ilgili 9 \u015f\u00fcpheli adli makamlarca tutukland\u0131. \u0130l Emniyet M\u00fcd\u00fcrl\u00fc\u011f\u00fc Organize Su\u00e7larla M\u00fccadele \u015eube M\u00fcd\u00fcrl\u00fc\u011f\u00fc ve \u0130stihbarat \u015eube M\u00fcd\u00fcrl\u00fc\u011f\u00fc, \u00f6rg\u00fctl\u00fc \u015fekilde yasa d\u0131\u015f\u0131 silah ticareti yap\u0131ld\u0131\u011f\u0131na y\u00f6nelik bilgi \u00fczerine harekete ge\u00e7ti. Yap\u0131lan teknik ve [&hellip;]\" \/>\n<meta property=\"og:url\" content=\"https:\/\/memurunsesi.net\/index.php\/2025\/07\/11\/izmirde-yasa-disi-silah-ticareti-operasyonu-9-tutuklama\/\" \/>\n<meta property=\"og:site_name\" content=\"Memurun Sesi\" \/>\n<meta property=\"article:publisher\" content=\"https:\/\/www.facebook.com\/unipersen\/?locale=tr_TR\" \/>\n<meta property=\"article:published_time\" content=\"2025-07-11T08:20:57+00:00\" \/>\n<meta property=\"og:image\" content=\"https:\/\/memurunsesi.net\/wp-content\/uploads\/2025\/07\/AW494858_01-scaled.jpg\" \/>\n\t<meta property=\"og:image:width\" content=\"2560\" \/>\n\t<meta property=\"og:image:height\" content=\"1920\" \/>\n\t<meta property=\"og:image:type\" content=\"image\/jpeg\" \/>\n<meta name=\"author\" content=\"Memurun Sesi Haber Merkezi\" \/>\n<meta name=\"twitter:card\" content=\"summary_large_image\" \/>\n<meta name=\"twitter:creator\" content=\"@unipersen\" \/>\n<meta name=\"twitter:site\" content=\"@unipersen\" \/>\n<meta name=\"twitter:label1\" content=\"Yazan:\" \/>\n\t<meta name=\"twitter:data1\" content=\"Memurun Sesi Haber Merkezi\" \/>\n\t<meta name=\"twitter:label2\" content=\"Tahmini okuma s\u00fcresi\" \/>\n\t<meta name=\"twitter:data2\" content=\"1 dakika\" \/>\n<script type=\"application\/ld+json\" class=\"yoast-schema-graph\">{\"@context\":\"https:\\\/\\\/schema.org\",\"@graph\":[{\"@type\":\"Article\",\"@id\":\"https:\\\/\\\/memurunsesi.net\\\/index.php\\\/2025\\\/07\\\/11\\\/izmirde-yasa-disi-silah-ticareti-operasyonu-9-tutuklama\\\/#article\",\"isPartOf\":{\"@id\":\"https:\\\/\\\/memurunsesi.net\\\/index.php\\\/2025\\\/07\\\/11\\\/izmirde-yasa-disi-silah-ticareti-operasyonu-9-tutuklama\\\/\"},\"author\":{\"name\":\"Memurun Sesi Haber Merkezi\",\"@id\":\"https:\\\/\\\/memurunsesi.net\\\/#\\\/schema\\\/person\\\/f21c2d73b89f6ee1d80b0a1803e38587\"},\"headline\":\"\u0130zmir&#8217;de yasa d\u0131\u015f\u0131 silah ticareti operasyonu: 9 tutuklama\",\"datePublished\":\"2025-07-11T08:20:57+00:00\",\"mainEntityOfPage\":{\"@id\":\"https:\\\/\\\/memurunsesi.net\\\/index.php\\\/2025\\\/07\\\/11\\\/izmirde-yasa-disi-silah-ticareti-operasyonu-9-tutuklama\\\/\"},\"wordCount\":147,\"commentCount\":0,\"publisher\":{\"@id\":\"https:\\\/\\\/memurunsesi.net\\\/#organization\"},\"image\":{\"@id\":\"https:\\\/\\\/memurunsesi.net\\\/index.php\\\/2025\\\/07\\\/11\\\/izmirde-yasa-disi-silah-ticareti-operasyonu-9-tutuklama\\\/#primaryimage\"},\"thumbnailUrl\":\"https:\\\/\\\/memurunsesi.net\\\/wp-content\\\/uploads\\\/2025\\\/07\\\/AW494858_01-scaled.jpg\",\"inLanguage\":\"tr\",\"potentialAction\":[{\"@type\":\"CommentAction\",\"name\":\"Comment\",\"target\":[\"https:\\\/\\\/memurunsesi.net\\\/index.php\\\/2025\\\/07\\\/11\\\/izmirde-yasa-disi-silah-ticareti-operasyonu-9-tutuklama\\\/#respond\"]}]},{\"@type\":\"WebPage\",\"@id\":\"https:\\\/\\\/memurunsesi.net\\\/index.php\\\/2025\\\/07\\\/11\\\/izmirde-yasa-disi-silah-ticareti-operasyonu-9-tutuklama\\\/\",\"url\":\"https:\\\/\\\/memurunsesi.net\\\/index.php\\\/2025\\\/07\\\/11\\\/izmirde-yasa-disi-silah-ticareti-operasyonu-9-tutuklama\\\/\",\"name\":\"\u0130zmir'de yasa d\u0131\u015f\u0131 silah ticareti operasyonu: 9 tutuklama - Memurun Sesi\",\"isPartOf\":{\"@id\":\"https:\\\/\\\/memurunsesi.net\\\/#website\"},\"primaryImageOfPage\":{\"@id\":\"https:\\\/\\\/memurunsesi.net\\\/index.php\\\/2025\\\/07\\\/11\\\/izmirde-yasa-disi-silah-ticareti-operasyonu-9-tutuklama\\\/#primaryimage\"},\"image\":{\"@id\":\"https:\\\/\\\/memurunsesi.net\\\/index.php\\\/2025\\\/07\\\/11\\\/izmirde-yasa-disi-silah-ticareti-operasyonu-9-tutuklama\\\/#primaryimage\"},\"thumbnailUrl\":\"https:\\\/\\\/memurunsesi.net\\\/wp-content\\\/uploads\\\/2025\\\/07\\\/AW494858_01-scaled.jpg\",\"datePublished\":\"2025-07-11T08:20:57+00:00\",\"breadcrumb\":{\"@id\":\"https:\\\/\\\/memurunsesi.net\\\/index.php\\\/2025\\\/07\\\/11\\\/izmirde-yasa-disi-silah-ticareti-operasyonu-9-tutuklama\\\/#breadcrumb\"},\"inLanguage\":\"tr\",\"potentialAction\":[{\"@type\":\"ReadAction\",\"target\":[\"https:\\\/\\\/memurunsesi.net\\\/index.php\\\/2025\\\/07\\\/11\\\/izmirde-yasa-disi-silah-ticareti-operasyonu-9-tutuklama\\\/\"]}]},{\"@type\":\"ImageObject\",\"inLanguage\":\"tr\",\"@id\":\"https:\\\/\\\/memurunsesi.net\\\/index.php\\\/2025\\\/07\\\/11\\\/izmirde-yasa-disi-silah-ticareti-operasyonu-9-tutuklama\\\/#primaryimage\",\"url\":\"https:\\\/\\\/memurunsesi.net\\\/wp-content\\\/uploads\\\/2025\\\/07\\\/AW494858_01-scaled.jpg\",\"contentUrl\":\"https:\\\/\\\/memurunsesi.net\\\/wp-content\\\/uploads\\\/2025\\\/07\\\/AW494858_01-scaled.jpg\",\"width\":2560,\"height\":1920,\"caption\":\"\u0130ZM\u0130R'DE YASA DI\u015eI S\u0130LAH \u0130MALATI VE T\u0130CARET\u0130 YAPAN ORGAN\u0130ZE SU\u00c7 \u00d6RG\u00dcT\u00dcNE Y\u00d6NEL\u0130K D\u00dcZENLENEN OPERASYON KAPSAMINDA \u00c7OK SAYIDA S\u0130LAH VE M\u00dcH\u0130MMAT ELE GE\u00c7\u0130R\u0130LD\u0130. OLAYLA \u0130LG\u0130L\u0130 9 \u015e\u00dcPHEL\u0130 ADL\u0130 MAKAMLARCA TUTUKLANDI (ABDURRAHMAN DER\u0130C\u0130\\\/\u0130ZM\u0130R-\u0130HA) \u0130zmir'de yasa d\u0131\u015f\u0131 silah imalat\u0131 ve ticareti yapan organize su\u00e7 \u00f6rg\u00fct\u00fcne y\u00f6nelik d\u00fczenlenen operasyonda \u00e7ok say\u0131da silah ve m\u00fchimmat ele ge\u00e7irildi. Olayla ilgili 9 \u015f\u00fcpheli adli makamlarca tutukland\u0131.\"},{\"@type\":\"BreadcrumbList\",\"@id\":\"https:\\\/\\\/memurunsesi.net\\\/index.php\\\/2025\\\/07\\\/11\\\/izmirde-yasa-disi-silah-ticareti-operasyonu-9-tutuklama\\\/#breadcrumb\",\"itemListElement\":[{\"@type\":\"ListItem\",\"position\":1,\"name\":\"Anasayfa\",\"item\":\"https:\\\/\\\/memurunsesi.net\\\/\"},{\"@type\":\"ListItem\",\"position\":2,\"name\":\"\u0130zmir&#8217;de yasa d\u0131\u015f\u0131 silah ticareti operasyonu: 9 tutuklama\"}]},{\"@type\":\"WebSite\",\"@id\":\"https:\\\/\\\/memurunsesi.net\\\/#website\",\"url\":\"https:\\\/\\\/memurunsesi.net\\\/\",\"name\":\"Memurun Sesi\",\"description\":\"G\u00fcncel ve Do\u011fru Haber\",\"publisher\":{\"@id\":\"https:\\\/\\\/memurunsesi.net\\\/#organization\"},\"potentialAction\":[{\"@type\":\"SearchAction\",\"target\":{\"@type\":\"EntryPoint\",\"urlTemplate\":\"https:\\\/\\\/memurunsesi.net\\\/?s={search_term_string}\"},\"query-input\":{\"@type\":\"PropertyValueSpecification\",\"valueRequired\":true,\"valueName\":\"search_term_string\"}}],\"inLanguage\":\"tr\"},{\"@type\":\"Organization\",\"@id\":\"https:\\\/\\\/memurunsesi.net\\\/#organization\",\"name\":\"Memurun Sesi\",\"url\":\"https:\\\/\\\/memurunsesi.net\\\/\",\"logo\":{\"@type\":\"ImageObject\",\"inLanguage\":\"tr\",\"@id\":\"https:\\\/\\\/memurunsesi.net\\\/#\\\/schema\\\/logo\\\/image\\\/\",\"url\":\"https:\\\/\\\/memurunsesi.net\\\/wp-content\\\/uploads\\\/2025\\\/11\\\/cropped-MEMURUN-SESI.png\",\"contentUrl\":\"https:\\\/\\\/memurunsesi.net\\\/wp-content\\\/uploads\\\/2025\\\/11\\\/cropped-MEMURUN-SESI.png\",\"width\":238,\"height\":57,\"caption\":\"Memurun Sesi\"},\"image\":{\"@id\":\"https:\\\/\\\/memurunsesi.net\\\/#\\\/schema\\\/logo\\\/image\\\/\"},\"sameAs\":[\"https:\\\/\\\/www.facebook.com\\\/unipersen\\\/?locale=tr_TR\",\"https:\\\/\\\/x.com\\\/unipersen\"]},{\"@type\":\"Person\",\"@id\":\"https:\\\/\\\/memurunsesi.net\\\/#\\\/schema\\\/person\\\/f21c2d73b89f6ee1d80b0a1803e38587\",\"name\":\"Memurun Sesi Haber Merkezi\",\"image\":{\"@type\":\"ImageObject\",\"inLanguage\":\"tr\",\"@id\":\"https:\\\/\\\/secure.gravatar.com\\\/avatar\\\/6cf0505f452ee753f485014986fab09a434671d2b919ee76fc541025c5876a70?s=96&d=mm&r=g\",\"url\":\"https:\\\/\\\/secure.gravatar.com\\\/avatar\\\/6cf0505f452ee753f485014986fab09a434671d2b919ee76fc541025c5876a70?s=96&d=mm&r=g\",\"contentUrl\":\"https:\\\/\\\/secure.gravatar.com\\\/avatar\\\/6cf0505f452ee753f485014986fab09a434671d2b919ee76fc541025c5876a70?s=96&d=mm&r=g\",\"caption\":\"Memurun Sesi Haber Merkezi\"},\"sameAs\":[\"https:\\\/\\\/memurunsesi.net\"],\"url\":\"https:\\\/\\\/memurunsesi.net\\\/index.php\\\/author\\\/uniper\\\/\"}]}<\/script>\n<!-- \/ Yoast SEO plugin. -->","yoast_head_json":{"title":"\u0130zmir'de yasa d\u0131\u015f\u0131 silah ticareti operasyonu: 9 tutuklama - Memurun Sesi","robots":{"index":"index","follow":"follow","max-snippet":"max-snippet:-1","max-image-preview":"max-image-preview:large","max-video-preview":"max-video-preview:-1"},"canonical":"https:\/\/memurunsesi.net\/index.php\/2025\/07\/11\/izmirde-yasa-disi-silah-ticareti-operasyonu-9-tutuklama\/","og_locale":"tr_TR","og_type":"article","og_title":"\u0130zmir'de yasa d\u0131\u015f\u0131 silah ticareti operasyonu: 9 tutuklama - Memurun Sesi","og_description":"\u0130zmir&#8217;de yasa d\u0131\u015f\u0131 silah imalat\u0131 ve ticareti yapan organize su\u00e7 \u00f6rg\u00fct\u00fcne y\u00f6nelik d\u00fczenlenen operasyonda \u00e7ok say\u0131da silah ve m\u00fchimmat ele ge\u00e7irildi. Olayla ilgili 9 \u015f\u00fcpheli adli makamlarca tutukland\u0131. \u0130l Emniyet M\u00fcd\u00fcrl\u00fc\u011f\u00fc Organize Su\u00e7larla M\u00fccadele \u015eube M\u00fcd\u00fcrl\u00fc\u011f\u00fc ve \u0130stihbarat \u015eube M\u00fcd\u00fcrl\u00fc\u011f\u00fc, \u00f6rg\u00fctl\u00fc \u015fekilde yasa d\u0131\u015f\u0131 silah ticareti yap\u0131ld\u0131\u011f\u0131na y\u00f6nelik bilgi \u00fczerine harekete ge\u00e7ti. Yap\u0131lan teknik ve [&hellip;]","og_url":"https:\/\/memurunsesi.net\/index.php\/2025\/07\/11\/izmirde-yasa-disi-silah-ticareti-operasyonu-9-tutuklama\/","og_site_name":"Memurun Sesi","article_publisher":"https:\/\/www.facebook.com\/unipersen\/?locale=tr_TR","article_published_time":"2025-07-11T08:20:57+00:00","og_image":[{"width":2560,"height":1920,"url":"https:\/\/memurunsesi.net\/wp-content\/uploads\/2025\/07\/AW494858_01-scaled.jpg","type":"image\/jpeg"}],"author":"Memurun Sesi Haber Merkezi","twitter_card":"summary_large_image","twitter_creator":"@unipersen","twitter_site":"@unipersen","twitter_misc":{"Yazan:":"Memurun Sesi Haber Merkezi","Tahmini okuma s\u00fcresi":"1 dakika"},"schema":{"@context":"https:\/\/schema.org","@graph":[{"@type":"Article","@id":"https:\/\/memurunsesi.net\/index.php\/2025\/07\/11\/izmirde-yasa-disi-silah-ticareti-operasyonu-9-tutuklama\/#article","isPartOf":{"@id":"https:\/\/memurunsesi.net\/index.php\/2025\/07\/11\/izmirde-yasa-disi-silah-ticareti-operasyonu-9-tutuklama\/"},"author":{"name":"Memurun Sesi Haber Merkezi","@id":"https:\/\/memurunsesi.net\/#\/schema\/person\/f21c2d73b89f6ee1d80b0a1803e38587"},"headline":"\u0130zmir&#8217;de yasa d\u0131\u015f\u0131 silah ticareti operasyonu: 9 tutuklama","datePublished":"2025-07-11T08:20:57+00:00","mainEntityOfPage":{"@id":"https:\/\/memurunsesi.net\/index.php\/2025\/07\/11\/izmirde-yasa-disi-silah-ticareti-operasyonu-9-tutuklama\/"},"wordCount":147,"commentCount":0,"publisher":{"@id":"https:\/\/memurunsesi.net\/#organization"},"image":{"@id":"https:\/\/memurunsesi.net\/index.php\/2025\/07\/11\/izmirde-yasa-disi-silah-ticareti-operasyonu-9-tutuklama\/#primaryimage"},"thumbnailUrl":"https:\/\/memurunsesi.net\/wp-content\/uploads\/2025\/07\/AW494858_01-scaled.jpg","inLanguage":"tr","potentialAction":[{"@type":"CommentAction","name":"Comment","target":["https:\/\/memurunsesi.net\/index.php\/2025\/07\/11\/izmirde-yasa-disi-silah-ticareti-operasyonu-9-tutuklama\/#respond"]}]},{"@type":"WebPage","@id":"https:\/\/memurunsesi.net\/index.php\/2025\/07\/11\/izmirde-yasa-disi-silah-ticareti-operasyonu-9-tutuklama\/","url":"https:\/\/memurunsesi.net\/index.php\/2025\/07\/11\/izmirde-yasa-disi-silah-ticareti-operasyonu-9-tutuklama\/","name":"\u0130zmir'de yasa d\u0131\u015f\u0131 silah ticareti operasyonu: 9 tutuklama - Memurun Sesi","isPartOf":{"@id":"https:\/\/memurunsesi.net\/#website"},"primaryImageOfPage":{"@id":"https:\/\/memurunsesi.net\/index.php\/2025\/07\/11\/izmirde-yasa-disi-silah-ticareti-operasyonu-9-tutuklama\/#primaryimage"},"image":{"@id":"https:\/\/memurunsesi.net\/index.php\/2025\/07\/11\/izmirde-yasa-disi-silah-ticareti-operasyonu-9-tutuklama\/#primaryimage"},"thumbnailUrl":"https:\/\/memurunsesi.net\/wp-content\/uploads\/2025\/07\/AW494858_01-scaled.jpg","datePublished":"2025-07-11T08:20:57+00:00","breadcrumb":{"@id":"https:\/\/memurunsesi.net\/index.php\/2025\/07\/11\/izmirde-yasa-disi-silah-ticareti-operasyonu-9-tutuklama\/#breadcrumb"},"inLanguage":"tr","potentialAction":[{"@type":"ReadAction","target":["https:\/\/memurunsesi.net\/index.php\/2025\/07\/11\/izmirde-yasa-disi-silah-ticareti-operasyonu-9-tutuklama\/"]}]},{"@type":"ImageObject","inLanguage":"tr","@id":"https:\/\/memurunsesi.net\/index.php\/2025\/07\/11\/izmirde-yasa-disi-silah-ticareti-operasyonu-9-tutuklama\/#primaryimage","url":"https:\/\/memurunsesi.net\/wp-content\/uploads\/2025\/07\/AW494858_01-scaled.jpg","contentUrl":"https:\/\/memurunsesi.net\/wp-content\/uploads\/2025\/07\/AW494858_01-scaled.jpg","width":2560,"height":1920,"caption":"\u0130ZM\u0130R'DE YASA DI\u015eI S\u0130LAH \u0130MALATI VE T\u0130CARET\u0130 YAPAN ORGAN\u0130ZE SU\u00c7 \u00d6RG\u00dcT\u00dcNE Y\u00d6NEL\u0130K D\u00dcZENLENEN OPERASYON KAPSAMINDA \u00c7OK SAYIDA S\u0130LAH VE M\u00dcH\u0130MMAT ELE GE\u00c7\u0130R\u0130LD\u0130. OLAYLA \u0130LG\u0130L\u0130 9 \u015e\u00dcPHEL\u0130 ADL\u0130 MAKAMLARCA TUTUKLANDI (ABDURRAHMAN DER\u0130C\u0130\/\u0130ZM\u0130R-\u0130HA) \u0130zmir'de yasa d\u0131\u015f\u0131 silah imalat\u0131 ve ticareti yapan organize su\u00e7 \u00f6rg\u00fct\u00fcne y\u00f6nelik d\u00fczenlenen operasyonda \u00e7ok say\u0131da silah ve m\u00fchimmat ele ge\u00e7irildi. Olayla ilgili 9 \u015f\u00fcpheli adli makamlarca tutukland\u0131."},{"@type":"BreadcrumbList","@id":"https:\/\/memurunsesi.net\/index.php\/2025\/07\/11\/izmirde-yasa-disi-silah-ticareti-operasyonu-9-tutuklama\/#breadcrumb","itemListElement":[{"@type":"ListItem","position":1,"name":"Anasayfa","item":"https:\/\/memurunsesi.net\/"},{"@type":"ListItem","position":2,"name":"\u0130zmir&#8217;de yasa d\u0131\u015f\u0131 silah ticareti operasyonu: 9 tutuklama"}]},{"@type":"WebSite","@id":"https:\/\/memurunsesi.net\/#website","url":"https:\/\/memurunsesi.net\/","name":"Memurun Sesi","description":"G\u00fcncel ve Do\u011fru Haber","publisher":{"@id":"https:\/\/memurunsesi.net\/#organization"},"potentialAction":[{"@type":"SearchAction","target":{"@type":"EntryPoint","urlTemplate":"https:\/\/memurunsesi.net\/?s={search_term_string}"},"query-input":{"@type":"PropertyValueSpecification","valueRequired":true,"valueName":"search_term_string"}}],"inLanguage":"tr"},{"@type":"Organization","@id":"https:\/\/memurunsesi.net\/#organization","name":"Memurun Sesi","url":"https:\/\/memurunsesi.net\/","logo":{"@type":"ImageObject","inLanguage":"tr","@id":"https:\/\/memurunsesi.net\/#\/schema\/logo\/image\/","url":"https:\/\/memurunsesi.net\/wp-content\/uploads\/2025\/11\/cropped-MEMURUN-SESI.png","contentUrl":"https:\/\/memurunsesi.net\/wp-content\/uploads\/2025\/11\/cropped-MEMURUN-SESI.png","width":238,"height":57,"caption":"Memurun Sesi"},"image":{"@id":"https:\/\/memurunsesi.net\/#\/schema\/logo\/image\/"},"sameAs":["https:\/\/www.facebook.com\/unipersen\/?locale=tr_TR","https:\/\/x.com\/unipersen"]},{"@type":"Person","@id":"https:\/\/memurunsesi.net\/#\/schema\/person\/f21c2d73b89f6ee1d80b0a1803e38587","name":"Memurun Sesi Haber Merkezi","image":{"@type":"ImageObject","inLanguage":"tr","@id":"https:\/\/secure.gravatar.com\/avatar\/6cf0505f452ee753f485014986fab09a434671d2b919ee76fc541025c5876a70?s=96&d=mm&r=g","url":"https:\/\/secure.gravatar.com\/avatar\/6cf0505f452ee753f485014986fab09a434671d2b919ee76fc541025c5876a70?s=96&d=mm&r=g","contentUrl":"https:\/\/secure.gravatar.com\/avatar\/6cf0505f452ee753f485014986fab09a434671d2b919ee76fc541025c5876a70?s=96&d=mm&r=g","caption":"Memurun Sesi Haber Merkezi"},"sameAs":["https:\/\/memurunsesi.net"],"url":"https:\/\/memurunsesi.net\/index.php\/author\/uniper\/"}]}},"_links":{"self":[{"href":"https:\/\/memurunsesi.net\/index.php\/wp-json\/wp\/v2\/posts\/9264","targetHints":{"allow":["GET"]}}],"collection":[{"href":"https:\/\/memurunsesi.net\/index.php\/wp-json\/wp\/v2\/posts"}],"about":[{"href":"https:\/\/memurunsesi.net\/index.php\/wp-json\/wp\/v2\/types\/post"}],"author":[{"embeddable":true,"href":"https:\/\/memurunsesi.net\/index.php\/wp-json\/wp\/v2\/users\/1"}],"replies":[{"embeddable":true,"href":"https:\/\/memurunsesi.net\/index.php\/wp-json\/wp\/v2\/comments?post=9264"}],"version-history":[{"count":1,"href":"https:\/\/memurunsesi.net\/index.php\/wp-json\/wp\/v2\/posts\/9264\/revisions"}],"predecessor-version":[{"id":9266,"href":"https:\/\/memurunsesi.net\/index.php\/wp-json\/wp\/v2\/posts\/9264\/revisions\/9266"}],"wp:featuredmedia":[{"embeddable":true,"href":"https:\/\/memurunsesi.net\/index.php\/wp-json\/wp\/v2\/media\/9265"}],"wp:attachment":[{"href":"https:\/\/memurunsesi.net\/index.php\/wp-json\/wp\/v2\/media?parent=9264"}],"wp:term":[{"taxonomy":"category","embeddable":true,"href":"https:\/\/memurunsesi.net\/index.php\/wp-json\/wp\/v2\/categories?post=9264"},{"taxonomy":"post_tag","embeddable":true,"href":"https:\/\/memurunsesi.net\/index.php\/wp-json\/wp\/v2\/tags?post=9264"}],"curies":[{"name":"wp","href":"https:\/\/api.w.org\/{rel}","templated":true}]}}