{"id":9267,"date":"2025-07-11T11:23:41","date_gmt":"2025-07-11T08:23:41","guid":{"rendered":"https:\/\/memurunsesi.net\/?p=9267"},"modified":"2025-07-11T11:23:41","modified_gmt":"2025-07-11T08:23:41","slug":"olum-lunapark-donusunde-yakaladi-baba-ile-oglu-hayatini-kaybetti","status":"publish","type":"post","link":"https:\/\/memurunsesi.net\/index.php\/2025\/07\/11\/olum-lunapark-donusunde-yakaladi-baba-ile-oglu-hayatini-kaybetti\/","title":{"rendered":"\u00d6l\u00fcm lunapark d\u00f6n\u00fc\u015f\u00fcnde yakalad\u0131: Baba ile o\u011flu hayat\u0131n\u0131 kaybetti"},"content":{"rendered":"<p><figure id=\"attachment_9268\" aria-describedby=\"caption-attachment-9268\" style=\"width: 169px\" class=\"wp-caption alignnone\"><img  title=\"\" fetchpriority=\"high\" decoding=\"async\" src=\"https:\/\/memurunsesi.net\/wp-content\/uploads\/2025\/07\/AW494879_02-169x300.jpg\"  alt=\"AW494879_02-169x300 \u00d6l\u00fcm lunapark d\u00f6n\u00fc\u015f\u00fcnde yakalad\u0131: Baba ile o\u011flu hayat\u0131n\u0131 kaybetti\"  width=\"169\" height=\"300\" class=\"size-medium wp-image-9268\" srcset=\"https:\/\/memurunsesi.net\/wp-content\/uploads\/2025\/07\/AW494879_02-169x300.jpg 169w, https:\/\/memurunsesi.net\/wp-content\/uploads\/2025\/07\/AW494879_02-576x1024.jpg 576w, https:\/\/memurunsesi.net\/wp-content\/uploads\/2025\/07\/AW494879_02-768x1365.jpg 768w, https:\/\/memurunsesi.net\/wp-content\/uploads\/2025\/07\/AW494879_02-864x1536.jpg 864w, https:\/\/memurunsesi.net\/wp-content\/uploads\/2025\/07\/AW494879_02-600x1066.jpg 600w, https:\/\/memurunsesi.net\/wp-content\/uploads\/2025\/07\/AW494879_02.jpg 893w\" sizes=\"(max-width: 169px) 100vw, 169px\" \/><figcaption id=\"caption-attachment-9268\" class=\"wp-caption-text\">ANTALYA&#8217;DA B\u0130RL\u0130KTE VAK\u0130T GE\u00c7\u0130RMEK \u0130\u00c7\u0130N LUNAPARKA G\u0130DEN BABA-O\u011eUL, S\u00dcR\u00dcC\u00dcS\u00dcN\u00dcN D\u0130REKS\u0130YON HAK\u0130M\u0130YET\u0130N\u0130 KAYBEDEREK KALDIRIMA \u00c7IKAN OTOMOB\u0130L\u0130N \u00c7ARPMASI SONUCU HAYATINI KAYBETT\u0130. (RAMAZAN BOZCA\/ANTALYA-\u0130HA)<br \/>Antalya&#8217;da birlikte vakit ge\u00e7irmek i\u00e7in lunaparka giden baba-o\u011ful, s\u00fcr\u00fcc\u00fcs\u00fcn\u00fcn direksiyon hakimiyetini kaybederek kald\u0131r\u0131ma \u00e7\u0131kan otomobilin \u00e7arpmas\u0131 sonucu hayat\u0131n\u0131 kaybetti.<\/figcaption><\/figure>  &#8211; Lunapark d\u00f6n\u00fc\u015f\u00fc kald\u0131r\u0131mda y\u00fcr\u00fcyen baba ve o\u011fluna otomobil \u00e7arpt\u0131 <\/p>\n<p>  Antalya&#8217;da birlikte vakit ge\u00e7irmek i\u00e7in lunaparka giden baba-o\u011ful, s\u00fcr\u00fcc\u00fcs\u00fcn\u00fcn direksiyon hakimiyetini kaybederek kald\u0131r\u0131ma \u00e7\u0131kan otomobilin \u00e7arpmas\u0131 sonucu hayat\u0131n\u0131 kaybetti.<br \/>\n  Kaza, d\u00fcn gece 00.50 s\u0131ralar\u0131nda Konyaalt\u0131 il\u00e7esi Atat\u00fcrk Bulvar\u0131 \u00fczerinde meydana geldi. Edinilen bilgiye g\u00f6re, ak\u015fam saatlerinde 8 ya\u015f\u0131ndaki o\u011flu Adem Efe Tekerci&#8217;yi lunaparka g\u00f6t\u00fcren Yunus Tekerci (38), bir s\u00fcre burada o\u011flu ile birlikte vakit ge\u00e7irdikten sonra eve d\u00f6nmek i\u00e7in yola \u00e7\u0131kt\u0131. Lunaparktan \u00e7\u0131kan baba-o\u011ful kald\u0131r\u0131mda y\u00fcr\u00fcmeye ba\u015flad\u0131. Bu s\u0131rada alt ge\u00e7itten \u00e7\u0131k\u0131p direksiyon hakimiyetini kaybeden Caner S.&#8217;nin kulland\u0131\u011f\u0131 34 GU 5081 plakal\u0131 otomobil \u00f6nce ref\u00fcje \u00e7arpt\u0131. \u00c7arpman\u0131n \u015fiddetiyle savrulan ara\u00e7 kald\u0131r\u0131ma \u00e7\u0131karak o s\u0131rada kald\u0131r\u0131mda y\u00fcr\u00fcyen baba-o\u011fula \u00e7arpt\u0131. <\/p>\n<p>  Baba hastanede, o\u011flu ise olay yerinde hayat\u0131n\u0131 kaybetti<br \/>\n  Kazay\u0131 g\u00f6renlerin 112 Acil \u00c7a\u011fr\u0131 Merkezi&#8217;ne ihbar\u0131 ile olay yerine polis ve sa\u011fl\u0131k ekipleri sevk edilirken, yap\u0131lan kontrollerde 8 ya\u015f\u0131ndaki Adem Efe&#8217;nin olay yerinde hayat\u0131n\u0131 kaybetti\u011fi belirlendi. Kazay\u0131 a\u011f\u0131r yaral\u0131 olarak atlatan baba Yunus Tekerci ve otomobilde yolcu olarak bulunan \u015eenay A. (27) olay yerindeki ilk m\u00fcdahalesinin ard\u0131ndan ambulansla hastaneye kald\u0131r\u0131ld\u0131. Baba Yunus Tekerci kald\u0131r\u0131ld\u0131\u011f\u0131 hastanede doktorlar\u0131n t\u00fcm m\u00fcdahalelerine ra\u011fmen kurtar\u0131lamad\u0131. Baba-o\u011fulun cans\u0131z bedenleri i\u015flemleri i\u00e7in Antalya Adli T\u0131p Kurumu morguna kald\u0131r\u0131ld\u0131.  <\/p>\n<p>11.07.2025                                <\/p>\n","protected":false},"excerpt":{"rendered":"<p>&#8211; Lunapark d\u00f6n\u00fc\u015f\u00fc kald\u0131r\u0131mda y\u00fcr\u00fcyen baba ve o\u011fluna otomobil \u00e7arpt\u0131 Antalya&#8217;da birlikte vakit ge\u00e7irmek i\u00e7in lunaparka giden baba-o\u011ful, s\u00fcr\u00fcc\u00fcs\u00fcn\u00fcn direksiyon hakimiyetini kaybederek kald\u0131r\u0131ma \u00e7\u0131kan otomobilin \u00e7arpmas\u0131 sonucu hayat\u0131n\u0131 kaybetti. Kaza, d\u00fcn gece 00.50 s\u0131ralar\u0131nda Konyaalt\u0131 il\u00e7esi Atat\u00fcrk Bulvar\u0131 \u00fczerinde meydana geldi. Edinilen bilgiye g\u00f6re, ak\u015fam saatlerinde 8 ya\u015f\u0131ndaki o\u011flu Adem Efe Tekerci&#8217;yi lunaparka g\u00f6t\u00fcren Yunus [&hellip;]<\/p>\n","protected":false},"author":1,"featured_media":9269,"comment_status":"open","ping_status":"open","sticky":false,"template":"","format":"standard","meta":{"footnotes":""},"categories":[1],"tags":[],"class_list":["post-9267","post","type-post","status-publish","format-standard","has-post-thumbnail","hentry","category-genel"],"yoast_head":"<!-- This site is optimized with the Yoast SEO plugin v27.4 - https:\/\/yoast.com\/product\/yoast-seo-wordpress\/ -->\n<title>\u00d6l\u00fcm lunapark d\u00f6n\u00fc\u015f\u00fcnde yakalad\u0131: Baba ile o\u011flu hayat\u0131n\u0131 kaybetti - Memurun Sesi<\/title>\n<meta name=\"robots\" content=\"index, follow, max-snippet:-1, max-image-preview:large, max-video-preview:-1\" \/>\n<link rel=\"canonical\" href=\"https:\/\/memurunsesi.net\/index.php\/2025\/07\/11\/olum-lunapark-donusunde-yakaladi-baba-ile-oglu-hayatini-kaybetti\/\" \/>\n<meta property=\"og:locale\" content=\"tr_TR\" \/>\n<meta property=\"og:type\" content=\"article\" \/>\n<meta property=\"og:title\" content=\"\u00d6l\u00fcm lunapark d\u00f6n\u00fc\u015f\u00fcnde yakalad\u0131: Baba ile o\u011flu hayat\u0131n\u0131 kaybetti - Memurun Sesi\" \/>\n<meta property=\"og:description\" content=\"&#8211; Lunapark d\u00f6n\u00fc\u015f\u00fc kald\u0131r\u0131mda y\u00fcr\u00fcyen baba ve o\u011fluna otomobil \u00e7arpt\u0131 Antalya&#8217;da birlikte vakit ge\u00e7irmek i\u00e7in lunaparka giden baba-o\u011ful, s\u00fcr\u00fcc\u00fcs\u00fcn\u00fcn direksiyon hakimiyetini kaybederek kald\u0131r\u0131ma \u00e7\u0131kan otomobilin \u00e7arpmas\u0131 sonucu hayat\u0131n\u0131 kaybetti. Kaza, d\u00fcn gece 00.50 s\u0131ralar\u0131nda Konyaalt\u0131 il\u00e7esi Atat\u00fcrk Bulvar\u0131 \u00fczerinde meydana geldi. Edinilen bilgiye g\u00f6re, ak\u015fam saatlerinde 8 ya\u015f\u0131ndaki o\u011flu Adem Efe Tekerci&#8217;yi lunaparka g\u00f6t\u00fcren Yunus [&hellip;]\" \/>\n<meta property=\"og:url\" content=\"https:\/\/memurunsesi.net\/index.php\/2025\/07\/11\/olum-lunapark-donusunde-yakaladi-baba-ile-oglu-hayatini-kaybetti\/\" \/>\n<meta property=\"og:site_name\" content=\"Memurun Sesi\" \/>\n<meta property=\"article:publisher\" content=\"https:\/\/www.facebook.com\/unipersen\/?locale=tr_TR\" \/>\n<meta property=\"article:published_time\" content=\"2025-07-11T08:23:41+00:00\" \/>\n<meta property=\"og:image\" content=\"https:\/\/memurunsesi.net\/wp-content\/uploads\/2025\/07\/AW494879_01.jpg\" \/>\n\t<meta property=\"og:image:width\" content=\"599\" \/>\n\t<meta property=\"og:image:height\" content=\"597\" \/>\n\t<meta property=\"og:image:type\" content=\"image\/jpeg\" \/>\n<meta name=\"author\" content=\"Memurun Sesi Haber Merkezi\" \/>\n<meta name=\"twitter:card\" content=\"summary_large_image\" \/>\n<meta name=\"twitter:creator\" content=\"@unipersen\" \/>\n<meta name=\"twitter:site\" content=\"@unipersen\" \/>\n<meta name=\"twitter:label1\" content=\"Yazan:\" \/>\n\t<meta name=\"twitter:data1\" content=\"Memurun Sesi Haber Merkezi\" \/>\n\t<meta name=\"twitter:label2\" content=\"Tahmini okuma s\u00fcresi\" \/>\n\t<meta name=\"twitter:data2\" content=\"1 dakika\" \/>\n<script type=\"application\/ld+json\" class=\"yoast-schema-graph\">{\"@context\":\"https:\\\/\\\/schema.org\",\"@graph\":[{\"@type\":\"Article\",\"@id\":\"https:\\\/\\\/memurunsesi.net\\\/index.php\\\/2025\\\/07\\\/11\\\/olum-lunapark-donusunde-yakaladi-baba-ile-oglu-hayatini-kaybetti\\\/#article\",\"isPartOf\":{\"@id\":\"https:\\\/\\\/memurunsesi.net\\\/index.php\\\/2025\\\/07\\\/11\\\/olum-lunapark-donusunde-yakaladi-baba-ile-oglu-hayatini-kaybetti\\\/\"},\"author\":{\"name\":\"Memurun Sesi Haber Merkezi\",\"@id\":\"https:\\\/\\\/memurunsesi.net\\\/#\\\/schema\\\/person\\\/f21c2d73b89f6ee1d80b0a1803e38587\"},\"headline\":\"\u00d6l\u00fcm lunapark d\u00f6n\u00fc\u015f\u00fcnde yakalad\u0131: Baba ile o\u011flu hayat\u0131n\u0131 kaybetti\",\"datePublished\":\"2025-07-11T08:23:41+00:00\",\"mainEntityOfPage\":{\"@id\":\"https:\\\/\\\/memurunsesi.net\\\/index.php\\\/2025\\\/07\\\/11\\\/olum-lunapark-donusunde-yakaladi-baba-ile-oglu-hayatini-kaybetti\\\/\"},\"wordCount\":360,\"commentCount\":0,\"publisher\":{\"@id\":\"https:\\\/\\\/memurunsesi.net\\\/#organization\"},\"image\":{\"@id\":\"https:\\\/\\\/memurunsesi.net\\\/index.php\\\/2025\\\/07\\\/11\\\/olum-lunapark-donusunde-yakaladi-baba-ile-oglu-hayatini-kaybetti\\\/#primaryimage\"},\"thumbnailUrl\":\"https:\\\/\\\/memurunsesi.net\\\/wp-content\\\/uploads\\\/2025\\\/07\\\/AW494879_01.jpg\",\"inLanguage\":\"tr\",\"potentialAction\":[{\"@type\":\"CommentAction\",\"name\":\"Comment\",\"target\":[\"https:\\\/\\\/memurunsesi.net\\\/index.php\\\/2025\\\/07\\\/11\\\/olum-lunapark-donusunde-yakaladi-baba-ile-oglu-hayatini-kaybetti\\\/#respond\"]}]},{\"@type\":\"WebPage\",\"@id\":\"https:\\\/\\\/memurunsesi.net\\\/index.php\\\/2025\\\/07\\\/11\\\/olum-lunapark-donusunde-yakaladi-baba-ile-oglu-hayatini-kaybetti\\\/\",\"url\":\"https:\\\/\\\/memurunsesi.net\\\/index.php\\\/2025\\\/07\\\/11\\\/olum-lunapark-donusunde-yakaladi-baba-ile-oglu-hayatini-kaybetti\\\/\",\"name\":\"\u00d6l\u00fcm lunapark d\u00f6n\u00fc\u015f\u00fcnde yakalad\u0131: Baba ile o\u011flu hayat\u0131n\u0131 kaybetti - Memurun Sesi\",\"isPartOf\":{\"@id\":\"https:\\\/\\\/memurunsesi.net\\\/#website\"},\"primaryImageOfPage\":{\"@id\":\"https:\\\/\\\/memurunsesi.net\\\/index.php\\\/2025\\\/07\\\/11\\\/olum-lunapark-donusunde-yakaladi-baba-ile-oglu-hayatini-kaybetti\\\/#primaryimage\"},\"image\":{\"@id\":\"https:\\\/\\\/memurunsesi.net\\\/index.php\\\/2025\\\/07\\\/11\\\/olum-lunapark-donusunde-yakaladi-baba-ile-oglu-hayatini-kaybetti\\\/#primaryimage\"},\"thumbnailUrl\":\"https:\\\/\\\/memurunsesi.net\\\/wp-content\\\/uploads\\\/2025\\\/07\\\/AW494879_01.jpg\",\"datePublished\":\"2025-07-11T08:23:41+00:00\",\"breadcrumb\":{\"@id\":\"https:\\\/\\\/memurunsesi.net\\\/index.php\\\/2025\\\/07\\\/11\\\/olum-lunapark-donusunde-yakaladi-baba-ile-oglu-hayatini-kaybetti\\\/#breadcrumb\"},\"inLanguage\":\"tr\",\"potentialAction\":[{\"@type\":\"ReadAction\",\"target\":[\"https:\\\/\\\/memurunsesi.net\\\/index.php\\\/2025\\\/07\\\/11\\\/olum-lunapark-donusunde-yakaladi-baba-ile-oglu-hayatini-kaybetti\\\/\"]}]},{\"@type\":\"ImageObject\",\"inLanguage\":\"tr\",\"@id\":\"https:\\\/\\\/memurunsesi.net\\\/index.php\\\/2025\\\/07\\\/11\\\/olum-lunapark-donusunde-yakaladi-baba-ile-oglu-hayatini-kaybetti\\\/#primaryimage\",\"url\":\"https:\\\/\\\/memurunsesi.net\\\/wp-content\\\/uploads\\\/2025\\\/07\\\/AW494879_01.jpg\",\"contentUrl\":\"https:\\\/\\\/memurunsesi.net\\\/wp-content\\\/uploads\\\/2025\\\/07\\\/AW494879_01.jpg\",\"width\":599,\"height\":597,\"caption\":\"ANTALYA'DA B\u0130RL\u0130KTE VAK\u0130T GE\u00c7\u0130RMEK \u0130\u00c7\u0130N LUNAPARKA G\u0130DEN BABA-O\u011eUL S\u00dcR\u00dcC\u00dcS\u00dcN\u00dcN D\u0130REKS\u0130YON HAK\u0130M\u0130YET\u0130N\u0130 KAYBEDEREK KALDIRIMA \u00c7IKAN OTOMOB\u0130L\u0130N \u00c7ARPMASI SONUCU HAYATINI KAYBETT\u0130. (RAMAZAN BOZCA\\\/ANTALYA-\u0130HA) Antalya'da birlikte vakit ge\u00e7irmek i\u00e7in lunaparka giden baba-o\u011ful, s\u00fcr\u00fcc\u00fcs\u00fcn\u00fcn direksiyon hakimiyetini kaybederek kald\u0131r\u0131ma \u00e7\u0131kan otomobilin \u00e7arpmas\u0131 sonucu hayat\u0131n\u0131 kaybetti.\"},{\"@type\":\"BreadcrumbList\",\"@id\":\"https:\\\/\\\/memurunsesi.net\\\/index.php\\\/2025\\\/07\\\/11\\\/olum-lunapark-donusunde-yakaladi-baba-ile-oglu-hayatini-kaybetti\\\/#breadcrumb\",\"itemListElement\":[{\"@type\":\"ListItem\",\"position\":1,\"name\":\"Anasayfa\",\"item\":\"https:\\\/\\\/memurunsesi.net\\\/\"},{\"@type\":\"ListItem\",\"position\":2,\"name\":\"\u00d6l\u00fcm lunapark d\u00f6n\u00fc\u015f\u00fcnde yakalad\u0131: Baba ile o\u011flu hayat\u0131n\u0131 kaybetti\"}]},{\"@type\":\"WebSite\",\"@id\":\"https:\\\/\\\/memurunsesi.net\\\/#website\",\"url\":\"https:\\\/\\\/memurunsesi.net\\\/\",\"name\":\"Memurun Sesi\",\"description\":\"G\u00fcncel ve Do\u011fru Haber\",\"publisher\":{\"@id\":\"https:\\\/\\\/memurunsesi.net\\\/#organization\"},\"potentialAction\":[{\"@type\":\"SearchAction\",\"target\":{\"@type\":\"EntryPoint\",\"urlTemplate\":\"https:\\\/\\\/memurunsesi.net\\\/?s={search_term_string}\"},\"query-input\":{\"@type\":\"PropertyValueSpecification\",\"valueRequired\":true,\"valueName\":\"search_term_string\"}}],\"inLanguage\":\"tr\"},{\"@type\":\"Organization\",\"@id\":\"https:\\\/\\\/memurunsesi.net\\\/#organization\",\"name\":\"Memurun Sesi\",\"url\":\"https:\\\/\\\/memurunsesi.net\\\/\",\"logo\":{\"@type\":\"ImageObject\",\"inLanguage\":\"tr\",\"@id\":\"https:\\\/\\\/memurunsesi.net\\\/#\\\/schema\\\/logo\\\/image\\\/\",\"url\":\"https:\\\/\\\/memurunsesi.net\\\/wp-content\\\/uploads\\\/2025\\\/11\\\/cropped-MEMURUN-SESI.png\",\"contentUrl\":\"https:\\\/\\\/memurunsesi.net\\\/wp-content\\\/uploads\\\/2025\\\/11\\\/cropped-MEMURUN-SESI.png\",\"width\":238,\"height\":57,\"caption\":\"Memurun Sesi\"},\"image\":{\"@id\":\"https:\\\/\\\/memurunsesi.net\\\/#\\\/schema\\\/logo\\\/image\\\/\"},\"sameAs\":[\"https:\\\/\\\/www.facebook.com\\\/unipersen\\\/?locale=tr_TR\",\"https:\\\/\\\/x.com\\\/unipersen\"]},{\"@type\":\"Person\",\"@id\":\"https:\\\/\\\/memurunsesi.net\\\/#\\\/schema\\\/person\\\/f21c2d73b89f6ee1d80b0a1803e38587\",\"name\":\"Memurun Sesi Haber Merkezi\",\"image\":{\"@type\":\"ImageObject\",\"inLanguage\":\"tr\",\"@id\":\"https:\\\/\\\/secure.gravatar.com\\\/avatar\\\/6cf0505f452ee753f485014986fab09a434671d2b919ee76fc541025c5876a70?s=96&d=mm&r=g\",\"url\":\"https:\\\/\\\/secure.gravatar.com\\\/avatar\\\/6cf0505f452ee753f485014986fab09a434671d2b919ee76fc541025c5876a70?s=96&d=mm&r=g\",\"contentUrl\":\"https:\\\/\\\/secure.gravatar.com\\\/avatar\\\/6cf0505f452ee753f485014986fab09a434671d2b919ee76fc541025c5876a70?s=96&d=mm&r=g\",\"caption\":\"Memurun Sesi Haber Merkezi\"},\"sameAs\":[\"https:\\\/\\\/memurunsesi.net\"],\"url\":\"https:\\\/\\\/memurunsesi.net\\\/index.php\\\/author\\\/uniper\\\/\"}]}<\/script>\n<!-- \/ Yoast SEO plugin. -->","yoast_head_json":{"title":"\u00d6l\u00fcm lunapark d\u00f6n\u00fc\u015f\u00fcnde yakalad\u0131: Baba ile o\u011flu hayat\u0131n\u0131 kaybetti - Memurun Sesi","robots":{"index":"index","follow":"follow","max-snippet":"max-snippet:-1","max-image-preview":"max-image-preview:large","max-video-preview":"max-video-preview:-1"},"canonical":"https:\/\/memurunsesi.net\/index.php\/2025\/07\/11\/olum-lunapark-donusunde-yakaladi-baba-ile-oglu-hayatini-kaybetti\/","og_locale":"tr_TR","og_type":"article","og_title":"\u00d6l\u00fcm lunapark d\u00f6n\u00fc\u015f\u00fcnde yakalad\u0131: Baba ile o\u011flu hayat\u0131n\u0131 kaybetti - Memurun Sesi","og_description":"&#8211; Lunapark d\u00f6n\u00fc\u015f\u00fc kald\u0131r\u0131mda y\u00fcr\u00fcyen baba ve o\u011fluna otomobil \u00e7arpt\u0131 Antalya&#8217;da birlikte vakit ge\u00e7irmek i\u00e7in lunaparka giden baba-o\u011ful, s\u00fcr\u00fcc\u00fcs\u00fcn\u00fcn direksiyon hakimiyetini kaybederek kald\u0131r\u0131ma \u00e7\u0131kan otomobilin \u00e7arpmas\u0131 sonucu hayat\u0131n\u0131 kaybetti. Kaza, d\u00fcn gece 00.50 s\u0131ralar\u0131nda Konyaalt\u0131 il\u00e7esi Atat\u00fcrk Bulvar\u0131 \u00fczerinde meydana geldi. Edinilen bilgiye g\u00f6re, ak\u015fam saatlerinde 8 ya\u015f\u0131ndaki o\u011flu Adem Efe Tekerci&#8217;yi lunaparka g\u00f6t\u00fcren Yunus [&hellip;]","og_url":"https:\/\/memurunsesi.net\/index.php\/2025\/07\/11\/olum-lunapark-donusunde-yakaladi-baba-ile-oglu-hayatini-kaybetti\/","og_site_name":"Memurun Sesi","article_publisher":"https:\/\/www.facebook.com\/unipersen\/?locale=tr_TR","article_published_time":"2025-07-11T08:23:41+00:00","og_image":[{"width":599,"height":597,"url":"https:\/\/memurunsesi.net\/wp-content\/uploads\/2025\/07\/AW494879_01.jpg","type":"image\/jpeg"}],"author":"Memurun Sesi Haber Merkezi","twitter_card":"summary_large_image","twitter_creator":"@unipersen","twitter_site":"@unipersen","twitter_misc":{"Yazan:":"Memurun Sesi Haber Merkezi","Tahmini okuma s\u00fcresi":"1 dakika"},"schema":{"@context":"https:\/\/schema.org","@graph":[{"@type":"Article","@id":"https:\/\/memurunsesi.net\/index.php\/2025\/07\/11\/olum-lunapark-donusunde-yakaladi-baba-ile-oglu-hayatini-kaybetti\/#article","isPartOf":{"@id":"https:\/\/memurunsesi.net\/index.php\/2025\/07\/11\/olum-lunapark-donusunde-yakaladi-baba-ile-oglu-hayatini-kaybetti\/"},"author":{"name":"Memurun Sesi Haber Merkezi","@id":"https:\/\/memurunsesi.net\/#\/schema\/person\/f21c2d73b89f6ee1d80b0a1803e38587"},"headline":"\u00d6l\u00fcm lunapark d\u00f6n\u00fc\u015f\u00fcnde yakalad\u0131: Baba ile o\u011flu hayat\u0131n\u0131 kaybetti","datePublished":"2025-07-11T08:23:41+00:00","mainEntityOfPage":{"@id":"https:\/\/memurunsesi.net\/index.php\/2025\/07\/11\/olum-lunapark-donusunde-yakaladi-baba-ile-oglu-hayatini-kaybetti\/"},"wordCount":360,"commentCount":0,"publisher":{"@id":"https:\/\/memurunsesi.net\/#organization"},"image":{"@id":"https:\/\/memurunsesi.net\/index.php\/2025\/07\/11\/olum-lunapark-donusunde-yakaladi-baba-ile-oglu-hayatini-kaybetti\/#primaryimage"},"thumbnailUrl":"https:\/\/memurunsesi.net\/wp-content\/uploads\/2025\/07\/AW494879_01.jpg","inLanguage":"tr","potentialAction":[{"@type":"CommentAction","name":"Comment","target":["https:\/\/memurunsesi.net\/index.php\/2025\/07\/11\/olum-lunapark-donusunde-yakaladi-baba-ile-oglu-hayatini-kaybetti\/#respond"]}]},{"@type":"WebPage","@id":"https:\/\/memurunsesi.net\/index.php\/2025\/07\/11\/olum-lunapark-donusunde-yakaladi-baba-ile-oglu-hayatini-kaybetti\/","url":"https:\/\/memurunsesi.net\/index.php\/2025\/07\/11\/olum-lunapark-donusunde-yakaladi-baba-ile-oglu-hayatini-kaybetti\/","name":"\u00d6l\u00fcm lunapark d\u00f6n\u00fc\u015f\u00fcnde yakalad\u0131: Baba ile o\u011flu hayat\u0131n\u0131 kaybetti - Memurun Sesi","isPartOf":{"@id":"https:\/\/memurunsesi.net\/#website"},"primaryImageOfPage":{"@id":"https:\/\/memurunsesi.net\/index.php\/2025\/07\/11\/olum-lunapark-donusunde-yakaladi-baba-ile-oglu-hayatini-kaybetti\/#primaryimage"},"image":{"@id":"https:\/\/memurunsesi.net\/index.php\/2025\/07\/11\/olum-lunapark-donusunde-yakaladi-baba-ile-oglu-hayatini-kaybetti\/#primaryimage"},"thumbnailUrl":"https:\/\/memurunsesi.net\/wp-content\/uploads\/2025\/07\/AW494879_01.jpg","datePublished":"2025-07-11T08:23:41+00:00","breadcrumb":{"@id":"https:\/\/memurunsesi.net\/index.php\/2025\/07\/11\/olum-lunapark-donusunde-yakaladi-baba-ile-oglu-hayatini-kaybetti\/#breadcrumb"},"inLanguage":"tr","potentialAction":[{"@type":"ReadAction","target":["https:\/\/memurunsesi.net\/index.php\/2025\/07\/11\/olum-lunapark-donusunde-yakaladi-baba-ile-oglu-hayatini-kaybetti\/"]}]},{"@type":"ImageObject","inLanguage":"tr","@id":"https:\/\/memurunsesi.net\/index.php\/2025\/07\/11\/olum-lunapark-donusunde-yakaladi-baba-ile-oglu-hayatini-kaybetti\/#primaryimage","url":"https:\/\/memurunsesi.net\/wp-content\/uploads\/2025\/07\/AW494879_01.jpg","contentUrl":"https:\/\/memurunsesi.net\/wp-content\/uploads\/2025\/07\/AW494879_01.jpg","width":599,"height":597,"caption":"ANTALYA'DA B\u0130RL\u0130KTE VAK\u0130T GE\u00c7\u0130RMEK \u0130\u00c7\u0130N LUNAPARKA G\u0130DEN BABA-O\u011eUL S\u00dcR\u00dcC\u00dcS\u00dcN\u00dcN D\u0130REKS\u0130YON HAK\u0130M\u0130YET\u0130N\u0130 KAYBEDEREK KALDIRIMA \u00c7IKAN OTOMOB\u0130L\u0130N \u00c7ARPMASI SONUCU HAYATINI KAYBETT\u0130. (RAMAZAN BOZCA\/ANTALYA-\u0130HA) Antalya'da birlikte vakit ge\u00e7irmek i\u00e7in lunaparka giden baba-o\u011ful, s\u00fcr\u00fcc\u00fcs\u00fcn\u00fcn direksiyon hakimiyetini kaybederek kald\u0131r\u0131ma \u00e7\u0131kan otomobilin \u00e7arpmas\u0131 sonucu hayat\u0131n\u0131 kaybetti."},{"@type":"BreadcrumbList","@id":"https:\/\/memurunsesi.net\/index.php\/2025\/07\/11\/olum-lunapark-donusunde-yakaladi-baba-ile-oglu-hayatini-kaybetti\/#breadcrumb","itemListElement":[{"@type":"ListItem","position":1,"name":"Anasayfa","item":"https:\/\/memurunsesi.net\/"},{"@type":"ListItem","position":2,"name":"\u00d6l\u00fcm lunapark d\u00f6n\u00fc\u015f\u00fcnde yakalad\u0131: Baba ile o\u011flu hayat\u0131n\u0131 kaybetti"}]},{"@type":"WebSite","@id":"https:\/\/memurunsesi.net\/#website","url":"https:\/\/memurunsesi.net\/","name":"Memurun Sesi","description":"G\u00fcncel ve Do\u011fru Haber","publisher":{"@id":"https:\/\/memurunsesi.net\/#organization"},"potentialAction":[{"@type":"SearchAction","target":{"@type":"EntryPoint","urlTemplate":"https:\/\/memurunsesi.net\/?s={search_term_string}"},"query-input":{"@type":"PropertyValueSpecification","valueRequired":true,"valueName":"search_term_string"}}],"inLanguage":"tr"},{"@type":"Organization","@id":"https:\/\/memurunsesi.net\/#organization","name":"Memurun Sesi","url":"https:\/\/memurunsesi.net\/","logo":{"@type":"ImageObject","inLanguage":"tr","@id":"https:\/\/memurunsesi.net\/#\/schema\/logo\/image\/","url":"https:\/\/memurunsesi.net\/wp-content\/uploads\/2025\/11\/cropped-MEMURUN-SESI.png","contentUrl":"https:\/\/memurunsesi.net\/wp-content\/uploads\/2025\/11\/cropped-MEMURUN-SESI.png","width":238,"height":57,"caption":"Memurun Sesi"},"image":{"@id":"https:\/\/memurunsesi.net\/#\/schema\/logo\/image\/"},"sameAs":["https:\/\/www.facebook.com\/unipersen\/?locale=tr_TR","https:\/\/x.com\/unipersen"]},{"@type":"Person","@id":"https:\/\/memurunsesi.net\/#\/schema\/person\/f21c2d73b89f6ee1d80b0a1803e38587","name":"Memurun Sesi Haber Merkezi","image":{"@type":"ImageObject","inLanguage":"tr","@id":"https:\/\/secure.gravatar.com\/avatar\/6cf0505f452ee753f485014986fab09a434671d2b919ee76fc541025c5876a70?s=96&d=mm&r=g","url":"https:\/\/secure.gravatar.com\/avatar\/6cf0505f452ee753f485014986fab09a434671d2b919ee76fc541025c5876a70?s=96&d=mm&r=g","contentUrl":"https:\/\/secure.gravatar.com\/avatar\/6cf0505f452ee753f485014986fab09a434671d2b919ee76fc541025c5876a70?s=96&d=mm&r=g","caption":"Memurun Sesi Haber Merkezi"},"sameAs":["https:\/\/memurunsesi.net"],"url":"https:\/\/memurunsesi.net\/index.php\/author\/uniper\/"}]}},"_links":{"self":[{"href":"https:\/\/memurunsesi.net\/index.php\/wp-json\/wp\/v2\/posts\/9267","targetHints":{"allow":["GET"]}}],"collection":[{"href":"https:\/\/memurunsesi.net\/index.php\/wp-json\/wp\/v2\/posts"}],"about":[{"href":"https:\/\/memurunsesi.net\/index.php\/wp-json\/wp\/v2\/types\/post"}],"author":[{"embeddable":true,"href":"https:\/\/memurunsesi.net\/index.php\/wp-json\/wp\/v2\/users\/1"}],"replies":[{"embeddable":true,"href":"https:\/\/memurunsesi.net\/index.php\/wp-json\/wp\/v2\/comments?post=9267"}],"version-history":[{"count":1,"href":"https:\/\/memurunsesi.net\/index.php\/wp-json\/wp\/v2\/posts\/9267\/revisions"}],"predecessor-version":[{"id":9270,"href":"https:\/\/memurunsesi.net\/index.php\/wp-json\/wp\/v2\/posts\/9267\/revisions\/9270"}],"wp:featuredmedia":[{"embeddable":true,"href":"https:\/\/memurunsesi.net\/index.php\/wp-json\/wp\/v2\/media\/9269"}],"wp:attachment":[{"href":"https:\/\/memurunsesi.net\/index.php\/wp-json\/wp\/v2\/media?parent=9267"}],"wp:term":[{"taxonomy":"category","embeddable":true,"href":"https:\/\/memurunsesi.net\/index.php\/wp-json\/wp\/v2\/categories?post=9267"},{"taxonomy":"post_tag","embeddable":true,"href":"https:\/\/memurunsesi.net\/index.php\/wp-json\/wp\/v2\/tags?post=9267"}],"curies":[{"name":"wp","href":"https:\/\/api.w.org\/{rel}","templated":true}]}}