{"id":9274,"date":"2025-07-11T11:26:45","date_gmt":"2025-07-11T08:26:45","guid":{"rendered":"https:\/\/memurunsesi.net\/?p=9274"},"modified":"2025-07-11T11:26:45","modified_gmt":"2025-07-11T08:26:45","slug":"sirnak-millet-bahcesi-vatandaslarin-kullanimina-acildi","status":"publish","type":"post","link":"https:\/\/memurunsesi.net\/index.php\/2025\/07\/11\/sirnak-millet-bahcesi-vatandaslarin-kullanimina-acildi\/","title":{"rendered":"\u015e\u0131rnak Millet Bah\u00e7esi vatanda\u015flar\u0131n kullan\u0131m\u0131na a\u00e7\u0131ld\u0131"},"content":{"rendered":"<p>\n  &#8211; 96 bin metre kare alan \u00fczerine kurulan dev millet bah\u00e7esi halk\u0131n kullan\u0131m\u0131na a\u00e7\u0131ld\u0131   <\/p>\n<p>  \u015e\u0131rnak Belediyesi taraf\u0131ndan 196 milyon T\u00fcrk Liras\u0131\u2019na ihale edilen ve g\u00fcncel de\u011feri 645 milyon T\u00fcrk Liras\u0131 olan Recep Tayyip Erdo\u011fan Millet Bah\u00e7esi, halk\u0131n kullan\u0131m\u0131na a\u00e7\u0131ld\u0131. B\u00fcy\u00fck a\u00e7\u0131l\u0131\u015f ise birka\u00e7 ay i\u00e7erisinde t\u00fcm donat\u0131lar\u0131n tamamlanmas\u0131yla yap\u0131lacak.<br \/>\n  \u015e\u0131rnak merkez Ye\u015filyurt Mahallesi&#8217;nde yap\u0131m\u0131 tamamlanan 96 bin metrekare alan \u00fczerine kurulan, 196 milyon TL\u2019ye ihale edilen ve g\u00fcncel de\u011feri 645 milyon TL\u2019ye olan dev Millet Bah\u00e7esi Projesi, vatanda\u015flar\u0131n kullan\u0131m\u0131na a\u00e7\u0131ld\u0131. Modern tasar\u0131m\u0131, geni\u015f ye\u015fil alanlar\u0131 ve \u00e7ok ama\u00e7l\u0131 sosyal donat\u0131lar\u0131yla dikkat \u00e7eken park, \u015fehirde yeni bir ya\u015fam alan\u0131 olu\u015fturdu.<br \/>\n  A\u00e7\u0131l\u0131\u015f t\u00f6renine \u015e\u0131rnak Valisi Birol Ekici, Belediye Ba\u015fkan\u0131 Mehmet Yarka, \u0130l Emniyet M\u00fcd\u00fcr\u00fc Serdar B\u00fcy\u00fckleblebici, sivil toplum kurulu\u015flar\u0131 temsilcileri ve \u00e7ok say\u0131da vatanda\u015f kat\u0131ld\u0131. <\/p>\n<p>  Vali Ekici, \u015e\u0131rnak\u2019a alt\u0131n gerdanl\u0131k kazand\u0131r\u0131ld\u0131<br \/>\n  A\u00e7\u0131l\u0131\u015f t\u00f6renine vatanda\u015flara hitap eden \u015e\u0131rnak Valisi Birol Ekici, belediye ba\u015fkanlar\u0131 ve muhtarlar\u0131n ellerinde sihir olmad\u0131\u011f\u0131n\u0131 vatanda\u015flar olarak onlara yard\u0131mc\u0131 olmam\u0131z gerekti\u011fini s\u00f6yledi. Vali Ekici, \u015e\u0131rnak\u2019a alt\u0131n bir gerdanl\u0131\u011f\u0131n kazand\u0131r\u0131ld\u0131\u011f\u0131n\u0131 ifade ederek, &#8220;Birlikte hareket edersek ba\u015faramayaca\u011f\u0131m\u0131z hi\u00e7bir i\u015f yok. Bunun i\u00e7in bende buradan milletvekilimize te\u015fekk\u00fcr ediyorum. Ne zaman ba\u015f\u0131m\u0131z s\u0131k\u0131\u015f\u0131rsa ar\u0131yoruz ve i\u015flerimizi Ankara\u2019da hemen o g\u00fcn \u00e7\u00f6z\u00fcp ize d\u00f6n\u00fc\u015f sa\u011fl\u0131yorlar. Belediye personellerimize \u00e7ok te\u015fekk\u00fcr ediyorum. Muhtarlar\u0131m\u0131za ve bilhassa halk\u0131m\u0131za te\u015fekk\u00fcr ediyorum. Bizimle birlikte \u015fehrimizin geli\u015fmesi i\u00e7in hep birlikte gayret g\u00f6sterdikleri i\u00e7in \u00e7ok mutluyum. \u00c7ok onur duyuyorum. \u015e\u0131rnak\u2019\u0131 \u00e7ok seviyorum. \u00c7al\u0131\u015ft\u0131k\u00e7a daha mutlu oluyoruz g\u00f6r\u00fcyorsunuz. Belediyelerimiz, muhtarlar\u0131m\u0131z\u0131n ellerinde sihir yok. Onun i\u00e7in onlara yard\u0131mc\u0131 olmam\u0131z gerekiyor. Sorumluluk sahibi olanlar bazen geceleri uyumuyorlar. Ertesi g\u00fcnde a\u011f\u0131r bir \u015fekilde ele\u015ftirilince bu sefer hasta oluyorlar. Ama b\u00f6yle g\u00fczel bir yeri a\u00e7\u0131nca mutlu oluyoruz. Onun i\u00e7in daha \u00e7ok mutlu oldu\u011fumuz, daha g\u00fczel g\u00fcnler olsun. Hep birlikte \u015e\u0131rnak\u2019\u0131 daha ileriye g\u00f6t\u00fcrmek i\u00e7in birlikte gayret edelim. Gayretleriniz i\u00e7in te\u015fekk\u00fcr ediyorum. Bu alt\u0131n gerdanl\u0131\u011f\u0131 \u015e\u0131rnak\u2019a kazand\u0131ran belediye ba\u015fkan\u0131m\u0131z\u0131, belediye personellerini hasetten tebrik ediyorum. Hay\u0131rl\u0131 olsun, milletimize hay\u0131rl\u0131 olsun, \u015e\u0131rnak\u2019\u0131m\u0131za hay\u0131rl\u0131 olsun, mahallemize hay\u0131rl\u0131 olsun. Allah g\u00fczel g\u00fcnlerde kulland\u0131rmay\u0131 nasip etsin&#8221; dedi.<br \/>\n  Halk\u0131n kullan\u0131m\u0131na a\u00e7\u0131lan Recep Tayyip Erdo\u011fan Millet Bah\u00e7esi\u2019nin a\u00e7\u0131l\u0131\u015f\u0131nda konu\u015fan \u015e\u0131rnak Belediye Ba\u015fkan\u0131 Mehmet Yarka ise, yap\u0131lan t\u00f6renin bir a\u00e7\u0131l\u0131\u015f olmad\u0131\u011f\u0131n\u0131, millet bah\u00e7esi i\u00e7erisindeki donat\u0131lar\u0131n tamamlanmas\u0131 ile birlikte g\u00f6rkemli bir a\u00e7\u0131l\u0131\u015f t\u00f6reni d\u00fczenleyeceklerini belirtti. Ba\u015fkan Yarka, &#8220;Bunu bir a\u00e7\u0131l\u0131\u015f olarak sak\u0131n g\u00f6rmeyin. \u00c7\u00fcnk\u00fc, bunu 2 g\u00fcn \u00f6nce valime arz ettim durumu. Buran\u0131n a\u00e7\u0131l\u0131\u015f\u0131n\u0131 ileriki bir tarihte g\u00f6rkemli bir \u015fekilde yapaca\u011f\u0131z. Ama \u015e\u0131rnakl\u0131 hem\u015ferilerimin bu g\u00fczel millet bah\u00e7esine bir an \u00f6nce gelip g\u00f6rmek ve i\u00e7erisinde piknik yapmak istedikleri i\u00e7in kap\u0131lar\u0131n\u0131 a\u00e7t\u0131k. Buran\u0131n tefri\u015fat\u0131n\u0131 Allah nasip ederse birka\u00e7 ay i\u00e7erisinde bitirmeye \u00e7al\u0131\u015faca\u011f\u0131z. M\u00fckemmel bir donan\u0131mla yapt\u0131k ve en g\u00fczel taraf\u0131 da bu g\u00fczel tesisi \u015e\u0131rnak Belediyesi olarak i\u015fletecek olmam\u0131zd\u0131r. Ye\u015filyurt Mahallesi\u2019nde 96 bin metrekare \u00fczerine kurulan 65 bin metrekare peyzaj alan\u0131 olan 196 milyona ihale edilen ve bug\u00fcn ki g\u00fcncel fiyatlar ile 645 milyon gibi b\u00fcy\u00fck paralar harcand\u0131. \u015e\u0131rnak\u2019\u0131m\u0131za lay\u0131k bir proje bu. Spor ve aktive alanlar, 2 adet basketbol sahas\u0131, 1 adet futbol sahas\u0131, 4 adet \u00e7ocuk oyun park\u0131, trafik e\u011fitim parkuru, g\u00f6let, etkinlik anfisi, i\u015f macera alan\u0131, i\u015f\u00e7i park\u0131, y\u00fcr\u00fcy\u00fc\u015f alan\u0131 ve otopark bulunmaktad\u0131r&#8221; \u015feklinde konu\u015ftu.  <\/p>\n<p>11.07.2025                                 <\/p>\n","protected":false},"excerpt":{"rendered":"<p>&#8211; 96 bin metre kare alan \u00fczerine kurulan dev millet bah\u00e7esi halk\u0131n kullan\u0131m\u0131na a\u00e7\u0131ld\u0131 \u015e\u0131rnak Belediyesi taraf\u0131ndan 196 milyon T\u00fcrk Liras\u0131\u2019na ihale edilen ve g\u00fcncel de\u011feri 645 milyon T\u00fcrk Liras\u0131 olan Recep Tayyip Erdo\u011fan Millet Bah\u00e7esi, halk\u0131n kullan\u0131m\u0131na a\u00e7\u0131ld\u0131. B\u00fcy\u00fck a\u00e7\u0131l\u0131\u015f ise birka\u00e7 ay i\u00e7erisinde t\u00fcm donat\u0131lar\u0131n tamamlanmas\u0131yla yap\u0131lacak. \u015e\u0131rnak merkez Ye\u015filyurt Mahallesi&#8217;nde yap\u0131m\u0131 tamamlanan [&hellip;]<\/p>\n","protected":false},"author":1,"featured_media":9275,"comment_status":"open","ping_status":"open","sticky":false,"template":"","format":"standard","meta":{"footnotes":""},"categories":[1],"tags":[],"class_list":["post-9274","post","type-post","status-publish","format-standard","has-post-thumbnail","hentry","category-genel"],"yoast_head":"<!-- This site is optimized with the Yoast SEO plugin v27.4 - https:\/\/yoast.com\/product\/yoast-seo-wordpress\/ -->\n<title>\u015e\u0131rnak Millet Bah\u00e7esi vatanda\u015flar\u0131n kullan\u0131m\u0131na a\u00e7\u0131ld\u0131 - Memurun Sesi<\/title>\n<meta name=\"robots\" content=\"index, follow, max-snippet:-1, max-image-preview:large, max-video-preview:-1\" \/>\n<link rel=\"canonical\" href=\"https:\/\/memurunsesi.net\/index.php\/2025\/07\/11\/sirnak-millet-bahcesi-vatandaslarin-kullanimina-acildi\/\" \/>\n<meta property=\"og:locale\" content=\"tr_TR\" \/>\n<meta property=\"og:type\" content=\"article\" \/>\n<meta property=\"og:title\" content=\"\u015e\u0131rnak Millet Bah\u00e7esi vatanda\u015flar\u0131n kullan\u0131m\u0131na a\u00e7\u0131ld\u0131 - Memurun Sesi\" \/>\n<meta property=\"og:description\" content=\"&#8211; 96 bin metre kare alan \u00fczerine kurulan dev millet bah\u00e7esi halk\u0131n kullan\u0131m\u0131na a\u00e7\u0131ld\u0131 \u015e\u0131rnak Belediyesi taraf\u0131ndan 196 milyon T\u00fcrk Liras\u0131\u2019na ihale edilen ve g\u00fcncel de\u011feri 645 milyon T\u00fcrk Liras\u0131 olan Recep Tayyip Erdo\u011fan Millet Bah\u00e7esi, halk\u0131n kullan\u0131m\u0131na a\u00e7\u0131ld\u0131. B\u00fcy\u00fck a\u00e7\u0131l\u0131\u015f ise birka\u00e7 ay i\u00e7erisinde t\u00fcm donat\u0131lar\u0131n tamamlanmas\u0131yla yap\u0131lacak. \u015e\u0131rnak merkez Ye\u015filyurt Mahallesi&#8217;nde yap\u0131m\u0131 tamamlanan [&hellip;]\" \/>\n<meta property=\"og:url\" content=\"https:\/\/memurunsesi.net\/index.php\/2025\/07\/11\/sirnak-millet-bahcesi-vatandaslarin-kullanimina-acildi\/\" \/>\n<meta property=\"og:site_name\" content=\"Memurun Sesi\" \/>\n<meta property=\"article:publisher\" content=\"https:\/\/www.facebook.com\/unipersen\/?locale=tr_TR\" \/>\n<meta property=\"article:published_time\" content=\"2025-07-11T08:26:45+00:00\" \/>\n<meta property=\"og:image\" content=\"https:\/\/memurunsesi.net\/wp-content\/uploads\/2025\/07\/AW494871_01.jpg\" \/>\n\t<meta property=\"og:image:width\" content=\"1600\" \/>\n\t<meta property=\"og:image:height\" content=\"900\" \/>\n\t<meta property=\"og:image:type\" content=\"image\/jpeg\" \/>\n<meta name=\"author\" content=\"Memurun Sesi Haber Merkezi\" \/>\n<meta name=\"twitter:card\" content=\"summary_large_image\" \/>\n<meta name=\"twitter:creator\" content=\"@unipersen\" \/>\n<meta name=\"twitter:site\" content=\"@unipersen\" \/>\n<meta name=\"twitter:label1\" content=\"Yazan:\" \/>\n\t<meta name=\"twitter:data1\" content=\"Memurun Sesi Haber Merkezi\" \/>\n\t<meta name=\"twitter:label2\" content=\"Tahmini okuma s\u00fcresi\" \/>\n\t<meta name=\"twitter:data2\" content=\"1 dakika\" \/>\n<script type=\"application\/ld+json\" class=\"yoast-schema-graph\">{\"@context\":\"https:\\\/\\\/schema.org\",\"@graph\":[{\"@type\":\"Article\",\"@id\":\"https:\\\/\\\/memurunsesi.net\\\/index.php\\\/2025\\\/07\\\/11\\\/sirnak-millet-bahcesi-vatandaslarin-kullanimina-acildi\\\/#article\",\"isPartOf\":{\"@id\":\"https:\\\/\\\/memurunsesi.net\\\/index.php\\\/2025\\\/07\\\/11\\\/sirnak-millet-bahcesi-vatandaslarin-kullanimina-acildi\\\/\"},\"author\":{\"name\":\"Memurun Sesi Haber Merkezi\",\"@id\":\"https:\\\/\\\/memurunsesi.net\\\/#\\\/schema\\\/person\\\/f21c2d73b89f6ee1d80b0a1803e38587\"},\"headline\":\"\u015e\u0131rnak Millet Bah\u00e7esi vatanda\u015flar\u0131n kullan\u0131m\u0131na a\u00e7\u0131ld\u0131\",\"datePublished\":\"2025-07-11T08:26:45+00:00\",\"mainEntityOfPage\":{\"@id\":\"https:\\\/\\\/memurunsesi.net\\\/index.php\\\/2025\\\/07\\\/11\\\/sirnak-millet-bahcesi-vatandaslarin-kullanimina-acildi\\\/\"},\"wordCount\":711,\"commentCount\":0,\"publisher\":{\"@id\":\"https:\\\/\\\/memurunsesi.net\\\/#organization\"},\"image\":{\"@id\":\"https:\\\/\\\/memurunsesi.net\\\/index.php\\\/2025\\\/07\\\/11\\\/sirnak-millet-bahcesi-vatandaslarin-kullanimina-acildi\\\/#primaryimage\"},\"thumbnailUrl\":\"https:\\\/\\\/memurunsesi.net\\\/wp-content\\\/uploads\\\/2025\\\/07\\\/AW494871_01.jpg\",\"inLanguage\":\"tr\",\"potentialAction\":[{\"@type\":\"CommentAction\",\"name\":\"Comment\",\"target\":[\"https:\\\/\\\/memurunsesi.net\\\/index.php\\\/2025\\\/07\\\/11\\\/sirnak-millet-bahcesi-vatandaslarin-kullanimina-acildi\\\/#respond\"]}]},{\"@type\":\"WebPage\",\"@id\":\"https:\\\/\\\/memurunsesi.net\\\/index.php\\\/2025\\\/07\\\/11\\\/sirnak-millet-bahcesi-vatandaslarin-kullanimina-acildi\\\/\",\"url\":\"https:\\\/\\\/memurunsesi.net\\\/index.php\\\/2025\\\/07\\\/11\\\/sirnak-millet-bahcesi-vatandaslarin-kullanimina-acildi\\\/\",\"name\":\"\u015e\u0131rnak Millet Bah\u00e7esi vatanda\u015flar\u0131n kullan\u0131m\u0131na a\u00e7\u0131ld\u0131 - Memurun Sesi\",\"isPartOf\":{\"@id\":\"https:\\\/\\\/memurunsesi.net\\\/#website\"},\"primaryImageOfPage\":{\"@id\":\"https:\\\/\\\/memurunsesi.net\\\/index.php\\\/2025\\\/07\\\/11\\\/sirnak-millet-bahcesi-vatandaslarin-kullanimina-acildi\\\/#primaryimage\"},\"image\":{\"@id\":\"https:\\\/\\\/memurunsesi.net\\\/index.php\\\/2025\\\/07\\\/11\\\/sirnak-millet-bahcesi-vatandaslarin-kullanimina-acildi\\\/#primaryimage\"},\"thumbnailUrl\":\"https:\\\/\\\/memurunsesi.net\\\/wp-content\\\/uploads\\\/2025\\\/07\\\/AW494871_01.jpg\",\"datePublished\":\"2025-07-11T08:26:45+00:00\",\"breadcrumb\":{\"@id\":\"https:\\\/\\\/memurunsesi.net\\\/index.php\\\/2025\\\/07\\\/11\\\/sirnak-millet-bahcesi-vatandaslarin-kullanimina-acildi\\\/#breadcrumb\"},\"inLanguage\":\"tr\",\"potentialAction\":[{\"@type\":\"ReadAction\",\"target\":[\"https:\\\/\\\/memurunsesi.net\\\/index.php\\\/2025\\\/07\\\/11\\\/sirnak-millet-bahcesi-vatandaslarin-kullanimina-acildi\\\/\"]}]},{\"@type\":\"ImageObject\",\"inLanguage\":\"tr\",\"@id\":\"https:\\\/\\\/memurunsesi.net\\\/index.php\\\/2025\\\/07\\\/11\\\/sirnak-millet-bahcesi-vatandaslarin-kullanimina-acildi\\\/#primaryimage\",\"url\":\"https:\\\/\\\/memurunsesi.net\\\/wp-content\\\/uploads\\\/2025\\\/07\\\/AW494871_01.jpg\",\"contentUrl\":\"https:\\\/\\\/memurunsesi.net\\\/wp-content\\\/uploads\\\/2025\\\/07\\\/AW494871_01.jpg\",\"width\":1600,\"height\":900,\"caption\":\"\u015eIRNAK BELED\u0130YES\u0130 TARAFINDAN 196 M\u0130LYON T\u00dcRK L\u0130RASI'NA \u0130HALE ED\u0130LEN VE G\u00dcNCEL DE\u011eER\u0130 645 M\u0130LYON T\u00dcRK L\u0130RASI OLAN RECEP TAYY\u0130P ERDO\u011eAN M\u0130LLET BAH\u00c7ES\u0130, HALKIN KULLANIMINA A\u00c7ILDI. B\u00dcY\u00dcK A\u00c7ILI\u015e \u0130SE B\u0130RKA\u00c7 AY \u0130\u00c7ER\u0130S\u0130NDE T\u00dcM DONATILARIN TAMAMLANMASIYLA YAPILACAK. (MEL\u0130H Y\u0130\u011e\u0130T - M\u0130KA\u0130L \u015eAN\\\/\u015eIRNAK-\u0130HA) \u015e\u0131rnak Belediyesi taraf\u0131ndan 196 milyon T\u00fcrk Liras\u0131'na ihale edilen ve g\u00fcncel de\u011feri 645 milyon T\u00fcrk Liras\u0131 olan Recep Tayyip Erdo\u011fan Millet Bah\u00e7esi, halk\u0131n kullan\u0131m\u0131na a\u00e7\u0131ld\u0131. B\u00fcy\u00fck a\u00e7\u0131l\u0131\u015f ise birka\u00e7 ay i\u00e7erisinde t\u00fcm donat\u0131lar\u0131n tamamlanmas\u0131yla yap\u0131lacak.\"},{\"@type\":\"BreadcrumbList\",\"@id\":\"https:\\\/\\\/memurunsesi.net\\\/index.php\\\/2025\\\/07\\\/11\\\/sirnak-millet-bahcesi-vatandaslarin-kullanimina-acildi\\\/#breadcrumb\",\"itemListElement\":[{\"@type\":\"ListItem\",\"position\":1,\"name\":\"Anasayfa\",\"item\":\"https:\\\/\\\/memurunsesi.net\\\/\"},{\"@type\":\"ListItem\",\"position\":2,\"name\":\"\u015e\u0131rnak Millet Bah\u00e7esi vatanda\u015flar\u0131n kullan\u0131m\u0131na a\u00e7\u0131ld\u0131\"}]},{\"@type\":\"WebSite\",\"@id\":\"https:\\\/\\\/memurunsesi.net\\\/#website\",\"url\":\"https:\\\/\\\/memurunsesi.net\\\/\",\"name\":\"Memurun Sesi\",\"description\":\"G\u00fcncel ve Do\u011fru Haber\",\"publisher\":{\"@id\":\"https:\\\/\\\/memurunsesi.net\\\/#organization\"},\"potentialAction\":[{\"@type\":\"SearchAction\",\"target\":{\"@type\":\"EntryPoint\",\"urlTemplate\":\"https:\\\/\\\/memurunsesi.net\\\/?s={search_term_string}\"},\"query-input\":{\"@type\":\"PropertyValueSpecification\",\"valueRequired\":true,\"valueName\":\"search_term_string\"}}],\"inLanguage\":\"tr\"},{\"@type\":\"Organization\",\"@id\":\"https:\\\/\\\/memurunsesi.net\\\/#organization\",\"name\":\"Memurun Sesi\",\"url\":\"https:\\\/\\\/memurunsesi.net\\\/\",\"logo\":{\"@type\":\"ImageObject\",\"inLanguage\":\"tr\",\"@id\":\"https:\\\/\\\/memurunsesi.net\\\/#\\\/schema\\\/logo\\\/image\\\/\",\"url\":\"https:\\\/\\\/memurunsesi.net\\\/wp-content\\\/uploads\\\/2025\\\/11\\\/cropped-MEMURUN-SESI.png\",\"contentUrl\":\"https:\\\/\\\/memurunsesi.net\\\/wp-content\\\/uploads\\\/2025\\\/11\\\/cropped-MEMURUN-SESI.png\",\"width\":238,\"height\":57,\"caption\":\"Memurun Sesi\"},\"image\":{\"@id\":\"https:\\\/\\\/memurunsesi.net\\\/#\\\/schema\\\/logo\\\/image\\\/\"},\"sameAs\":[\"https:\\\/\\\/www.facebook.com\\\/unipersen\\\/?locale=tr_TR\",\"https:\\\/\\\/x.com\\\/unipersen\"]},{\"@type\":\"Person\",\"@id\":\"https:\\\/\\\/memurunsesi.net\\\/#\\\/schema\\\/person\\\/f21c2d73b89f6ee1d80b0a1803e38587\",\"name\":\"Memurun Sesi Haber Merkezi\",\"image\":{\"@type\":\"ImageObject\",\"inLanguage\":\"tr\",\"@id\":\"https:\\\/\\\/secure.gravatar.com\\\/avatar\\\/6cf0505f452ee753f485014986fab09a434671d2b919ee76fc541025c5876a70?s=96&d=mm&r=g\",\"url\":\"https:\\\/\\\/secure.gravatar.com\\\/avatar\\\/6cf0505f452ee753f485014986fab09a434671d2b919ee76fc541025c5876a70?s=96&d=mm&r=g\",\"contentUrl\":\"https:\\\/\\\/secure.gravatar.com\\\/avatar\\\/6cf0505f452ee753f485014986fab09a434671d2b919ee76fc541025c5876a70?s=96&d=mm&r=g\",\"caption\":\"Memurun Sesi Haber Merkezi\"},\"sameAs\":[\"https:\\\/\\\/memurunsesi.net\"],\"url\":\"https:\\\/\\\/memurunsesi.net\\\/index.php\\\/author\\\/uniper\\\/\"}]}<\/script>\n<!-- \/ Yoast SEO plugin. -->","yoast_head_json":{"title":"\u015e\u0131rnak Millet Bah\u00e7esi vatanda\u015flar\u0131n kullan\u0131m\u0131na a\u00e7\u0131ld\u0131 - Memurun Sesi","robots":{"index":"index","follow":"follow","max-snippet":"max-snippet:-1","max-image-preview":"max-image-preview:large","max-video-preview":"max-video-preview:-1"},"canonical":"https:\/\/memurunsesi.net\/index.php\/2025\/07\/11\/sirnak-millet-bahcesi-vatandaslarin-kullanimina-acildi\/","og_locale":"tr_TR","og_type":"article","og_title":"\u015e\u0131rnak Millet Bah\u00e7esi vatanda\u015flar\u0131n kullan\u0131m\u0131na a\u00e7\u0131ld\u0131 - Memurun Sesi","og_description":"&#8211; 96 bin metre kare alan \u00fczerine kurulan dev millet bah\u00e7esi halk\u0131n kullan\u0131m\u0131na a\u00e7\u0131ld\u0131 \u015e\u0131rnak Belediyesi taraf\u0131ndan 196 milyon T\u00fcrk Liras\u0131\u2019na ihale edilen ve g\u00fcncel de\u011feri 645 milyon T\u00fcrk Liras\u0131 olan Recep Tayyip Erdo\u011fan Millet Bah\u00e7esi, halk\u0131n kullan\u0131m\u0131na a\u00e7\u0131ld\u0131. B\u00fcy\u00fck a\u00e7\u0131l\u0131\u015f ise birka\u00e7 ay i\u00e7erisinde t\u00fcm donat\u0131lar\u0131n tamamlanmas\u0131yla yap\u0131lacak. \u015e\u0131rnak merkez Ye\u015filyurt Mahallesi&#8217;nde yap\u0131m\u0131 tamamlanan [&hellip;]","og_url":"https:\/\/memurunsesi.net\/index.php\/2025\/07\/11\/sirnak-millet-bahcesi-vatandaslarin-kullanimina-acildi\/","og_site_name":"Memurun Sesi","article_publisher":"https:\/\/www.facebook.com\/unipersen\/?locale=tr_TR","article_published_time":"2025-07-11T08:26:45+00:00","og_image":[{"width":1600,"height":900,"url":"https:\/\/memurunsesi.net\/wp-content\/uploads\/2025\/07\/AW494871_01.jpg","type":"image\/jpeg"}],"author":"Memurun Sesi Haber Merkezi","twitter_card":"summary_large_image","twitter_creator":"@unipersen","twitter_site":"@unipersen","twitter_misc":{"Yazan:":"Memurun Sesi Haber Merkezi","Tahmini okuma s\u00fcresi":"1 dakika"},"schema":{"@context":"https:\/\/schema.org","@graph":[{"@type":"Article","@id":"https:\/\/memurunsesi.net\/index.php\/2025\/07\/11\/sirnak-millet-bahcesi-vatandaslarin-kullanimina-acildi\/#article","isPartOf":{"@id":"https:\/\/memurunsesi.net\/index.php\/2025\/07\/11\/sirnak-millet-bahcesi-vatandaslarin-kullanimina-acildi\/"},"author":{"name":"Memurun Sesi Haber Merkezi","@id":"https:\/\/memurunsesi.net\/#\/schema\/person\/f21c2d73b89f6ee1d80b0a1803e38587"},"headline":"\u015e\u0131rnak Millet Bah\u00e7esi vatanda\u015flar\u0131n kullan\u0131m\u0131na a\u00e7\u0131ld\u0131","datePublished":"2025-07-11T08:26:45+00:00","mainEntityOfPage":{"@id":"https:\/\/memurunsesi.net\/index.php\/2025\/07\/11\/sirnak-millet-bahcesi-vatandaslarin-kullanimina-acildi\/"},"wordCount":711,"commentCount":0,"publisher":{"@id":"https:\/\/memurunsesi.net\/#organization"},"image":{"@id":"https:\/\/memurunsesi.net\/index.php\/2025\/07\/11\/sirnak-millet-bahcesi-vatandaslarin-kullanimina-acildi\/#primaryimage"},"thumbnailUrl":"https:\/\/memurunsesi.net\/wp-content\/uploads\/2025\/07\/AW494871_01.jpg","inLanguage":"tr","potentialAction":[{"@type":"CommentAction","name":"Comment","target":["https:\/\/memurunsesi.net\/index.php\/2025\/07\/11\/sirnak-millet-bahcesi-vatandaslarin-kullanimina-acildi\/#respond"]}]},{"@type":"WebPage","@id":"https:\/\/memurunsesi.net\/index.php\/2025\/07\/11\/sirnak-millet-bahcesi-vatandaslarin-kullanimina-acildi\/","url":"https:\/\/memurunsesi.net\/index.php\/2025\/07\/11\/sirnak-millet-bahcesi-vatandaslarin-kullanimina-acildi\/","name":"\u015e\u0131rnak Millet Bah\u00e7esi vatanda\u015flar\u0131n kullan\u0131m\u0131na a\u00e7\u0131ld\u0131 - Memurun Sesi","isPartOf":{"@id":"https:\/\/memurunsesi.net\/#website"},"primaryImageOfPage":{"@id":"https:\/\/memurunsesi.net\/index.php\/2025\/07\/11\/sirnak-millet-bahcesi-vatandaslarin-kullanimina-acildi\/#primaryimage"},"image":{"@id":"https:\/\/memurunsesi.net\/index.php\/2025\/07\/11\/sirnak-millet-bahcesi-vatandaslarin-kullanimina-acildi\/#primaryimage"},"thumbnailUrl":"https:\/\/memurunsesi.net\/wp-content\/uploads\/2025\/07\/AW494871_01.jpg","datePublished":"2025-07-11T08:26:45+00:00","breadcrumb":{"@id":"https:\/\/memurunsesi.net\/index.php\/2025\/07\/11\/sirnak-millet-bahcesi-vatandaslarin-kullanimina-acildi\/#breadcrumb"},"inLanguage":"tr","potentialAction":[{"@type":"ReadAction","target":["https:\/\/memurunsesi.net\/index.php\/2025\/07\/11\/sirnak-millet-bahcesi-vatandaslarin-kullanimina-acildi\/"]}]},{"@type":"ImageObject","inLanguage":"tr","@id":"https:\/\/memurunsesi.net\/index.php\/2025\/07\/11\/sirnak-millet-bahcesi-vatandaslarin-kullanimina-acildi\/#primaryimage","url":"https:\/\/memurunsesi.net\/wp-content\/uploads\/2025\/07\/AW494871_01.jpg","contentUrl":"https:\/\/memurunsesi.net\/wp-content\/uploads\/2025\/07\/AW494871_01.jpg","width":1600,"height":900,"caption":"\u015eIRNAK BELED\u0130YES\u0130 TARAFINDAN 196 M\u0130LYON T\u00dcRK L\u0130RASI'NA \u0130HALE ED\u0130LEN VE G\u00dcNCEL DE\u011eER\u0130 645 M\u0130LYON T\u00dcRK L\u0130RASI OLAN RECEP TAYY\u0130P ERDO\u011eAN M\u0130LLET BAH\u00c7ES\u0130, HALKIN KULLANIMINA A\u00c7ILDI. B\u00dcY\u00dcK A\u00c7ILI\u015e \u0130SE B\u0130RKA\u00c7 AY \u0130\u00c7ER\u0130S\u0130NDE T\u00dcM DONATILARIN TAMAMLANMASIYLA YAPILACAK. (MEL\u0130H Y\u0130\u011e\u0130T - M\u0130KA\u0130L \u015eAN\/\u015eIRNAK-\u0130HA) \u015e\u0131rnak Belediyesi taraf\u0131ndan 196 milyon T\u00fcrk Liras\u0131'na ihale edilen ve g\u00fcncel de\u011feri 645 milyon T\u00fcrk Liras\u0131 olan Recep Tayyip Erdo\u011fan Millet Bah\u00e7esi, halk\u0131n kullan\u0131m\u0131na a\u00e7\u0131ld\u0131. B\u00fcy\u00fck a\u00e7\u0131l\u0131\u015f ise birka\u00e7 ay i\u00e7erisinde t\u00fcm donat\u0131lar\u0131n tamamlanmas\u0131yla yap\u0131lacak."},{"@type":"BreadcrumbList","@id":"https:\/\/memurunsesi.net\/index.php\/2025\/07\/11\/sirnak-millet-bahcesi-vatandaslarin-kullanimina-acildi\/#breadcrumb","itemListElement":[{"@type":"ListItem","position":1,"name":"Anasayfa","item":"https:\/\/memurunsesi.net\/"},{"@type":"ListItem","position":2,"name":"\u015e\u0131rnak Millet Bah\u00e7esi vatanda\u015flar\u0131n kullan\u0131m\u0131na a\u00e7\u0131ld\u0131"}]},{"@type":"WebSite","@id":"https:\/\/memurunsesi.net\/#website","url":"https:\/\/memurunsesi.net\/","name":"Memurun Sesi","description":"G\u00fcncel ve Do\u011fru Haber","publisher":{"@id":"https:\/\/memurunsesi.net\/#organization"},"potentialAction":[{"@type":"SearchAction","target":{"@type":"EntryPoint","urlTemplate":"https:\/\/memurunsesi.net\/?s={search_term_string}"},"query-input":{"@type":"PropertyValueSpecification","valueRequired":true,"valueName":"search_term_string"}}],"inLanguage":"tr"},{"@type":"Organization","@id":"https:\/\/memurunsesi.net\/#organization","name":"Memurun Sesi","url":"https:\/\/memurunsesi.net\/","logo":{"@type":"ImageObject","inLanguage":"tr","@id":"https:\/\/memurunsesi.net\/#\/schema\/logo\/image\/","url":"https:\/\/memurunsesi.net\/wp-content\/uploads\/2025\/11\/cropped-MEMURUN-SESI.png","contentUrl":"https:\/\/memurunsesi.net\/wp-content\/uploads\/2025\/11\/cropped-MEMURUN-SESI.png","width":238,"height":57,"caption":"Memurun Sesi"},"image":{"@id":"https:\/\/memurunsesi.net\/#\/schema\/logo\/image\/"},"sameAs":["https:\/\/www.facebook.com\/unipersen\/?locale=tr_TR","https:\/\/x.com\/unipersen"]},{"@type":"Person","@id":"https:\/\/memurunsesi.net\/#\/schema\/person\/f21c2d73b89f6ee1d80b0a1803e38587","name":"Memurun Sesi Haber Merkezi","image":{"@type":"ImageObject","inLanguage":"tr","@id":"https:\/\/secure.gravatar.com\/avatar\/6cf0505f452ee753f485014986fab09a434671d2b919ee76fc541025c5876a70?s=96&d=mm&r=g","url":"https:\/\/secure.gravatar.com\/avatar\/6cf0505f452ee753f485014986fab09a434671d2b919ee76fc541025c5876a70?s=96&d=mm&r=g","contentUrl":"https:\/\/secure.gravatar.com\/avatar\/6cf0505f452ee753f485014986fab09a434671d2b919ee76fc541025c5876a70?s=96&d=mm&r=g","caption":"Memurun Sesi Haber Merkezi"},"sameAs":["https:\/\/memurunsesi.net"],"url":"https:\/\/memurunsesi.net\/index.php\/author\/uniper\/"}]}},"_links":{"self":[{"href":"https:\/\/memurunsesi.net\/index.php\/wp-json\/wp\/v2\/posts\/9274","targetHints":{"allow":["GET"]}}],"collection":[{"href":"https:\/\/memurunsesi.net\/index.php\/wp-json\/wp\/v2\/posts"}],"about":[{"href":"https:\/\/memurunsesi.net\/index.php\/wp-json\/wp\/v2\/types\/post"}],"author":[{"embeddable":true,"href":"https:\/\/memurunsesi.net\/index.php\/wp-json\/wp\/v2\/users\/1"}],"replies":[{"embeddable":true,"href":"https:\/\/memurunsesi.net\/index.php\/wp-json\/wp\/v2\/comments?post=9274"}],"version-history":[{"count":1,"href":"https:\/\/memurunsesi.net\/index.php\/wp-json\/wp\/v2\/posts\/9274\/revisions"}],"predecessor-version":[{"id":9276,"href":"https:\/\/memurunsesi.net\/index.php\/wp-json\/wp\/v2\/posts\/9274\/revisions\/9276"}],"wp:featuredmedia":[{"embeddable":true,"href":"https:\/\/memurunsesi.net\/index.php\/wp-json\/wp\/v2\/media\/9275"}],"wp:attachment":[{"href":"https:\/\/memurunsesi.net\/index.php\/wp-json\/wp\/v2\/media?parent=9274"}],"wp:term":[{"taxonomy":"category","embeddable":true,"href":"https:\/\/memurunsesi.net\/index.php\/wp-json\/wp\/v2\/categories?post=9274"},{"taxonomy":"post_tag","embeddable":true,"href":"https:\/\/memurunsesi.net\/index.php\/wp-json\/wp\/v2\/tags?post=9274"}],"curies":[{"name":"wp","href":"https:\/\/api.w.org\/{rel}","templated":true}]}}