{"id":9277,"date":"2025-07-11T11:28:16","date_gmt":"2025-07-11T08:28:16","guid":{"rendered":"https:\/\/memurunsesi.net\/?p=9277"},"modified":"2025-07-11T11:28:16","modified_gmt":"2025-07-11T08:28:16","slug":"hasatta-hem-kuraklik-hem-yangin-riski-ciftciye-cifte-uyari","status":"publish","type":"post","link":"https:\/\/memurunsesi.net\/index.php\/2025\/07\/11\/hasatta-hem-kuraklik-hem-yangin-riski-ciftciye-cifte-uyari\/","title":{"rendered":"Hasatta hem kurakl\u0131k hem yang\u0131n riski: \u00c7ift\u00e7iye \u00e7ifte uyar\u0131"},"content":{"rendered":"<p>  &#8211; \u0130\u00e7 Anadolu&#8217;daki hasatta kurakl\u0131k izleri<br \/>\n  &#8211; Ba\u015fkentin tarlalar\u0131nda hasat zaman\u0131: D\u00fc\u015f\u00fck verim \u00e7ift\u00e7iyi zorluyor   <\/p>\n<p>   T\u00fcrkiye\u2019nin \u00f6nemli tar\u0131m b\u00f6lgelerinden biri olan Ankara\u2019da bu\u011fday hasad\u0131 devam ediyor. Bu y\u0131l verimin beklenenden az olmas\u0131 \u00f6ng\u00f6r\u00fcl\u00fcyor.<br \/>\n  T\u00fcrkiye\u2019nin \u00f6nemli tar\u0131m b\u00f6lgelerinden biri olan Ankara\u2019da bu\u011fday hasad\u0131 hummal\u0131 \u015fekilde devam ediyor. Ba\u015fkent genelinde bir\u00e7ok il\u00e7ede \u00e7ift\u00e7iler sabah\u0131n erken saatlerinden itibaren tarlalara inerek bi\u00e7erd\u00f6verlerle bu y\u0131l\u0131n \u00fcr\u00fcn\u00fcn\u00fc toplamaya \u00e7al\u0131\u015f\u0131yor. Ancak hasat \u00e7al\u0131\u015fmalar\u0131 bu y\u0131l \u00e7ift\u00e7ilerin y\u00fcz\u00fcn\u00fc yeterince g\u00fcld\u00fcrmedi. Tar\u0131m alanlar\u0131nda yap\u0131lan g\u00f6zlemler ve uzman de\u011ferlendirmelerine g\u00f6re, bu y\u0131l bu\u011fday verimi iklimsel \u015fartlar nedeniyle beklenenin alt\u0131nda kald\u0131. Kurakl\u0131k, d\u00fczensiz ya\u011f\u0131\u015flar ve tar\u0131msal \u00fcretimi olumsuz etkileyen iklim de\u011fi\u015fiklikleri, verim kayb\u0131n\u0131n ba\u015fl\u0131ca sebepleri aras\u0131nda yer ald\u0131.<br \/>\n  \u00c7ift\u00e7iler, hem \u00fcretim maliyetlerinin artmas\u0131ndan hem de rekoltedeki d\u00fc\u015f\u00fc\u015ften dolay\u0131 zor bir sezon ge\u00e7iriyor. Ziraat M\u00fchendisi Kerem G\u00fcler ve \u00e7ift\u00e7iler \u0130hlas Haber Ajans\u0131 muhabirine hasat sezonu \u00fczerine genel de\u011ferlendirmede bulundu. <\/p>\n<p>  &#8220;Don ve samyelinin \u00e7ok zarar\u0131 oldu&#8221;<br \/>\n  Meslekte 15 y\u0131l\u0131 devirdi\u011fini belirten M\u00fchendis G\u00fcler, ya\u011f\u0131\u015flar\u0131n ge\u00e7 gelmesi ve kar ya\u011f\u0131\u015f\u0131n\u0131n yetersiz olmas\u0131 nedeniyle topra\u011f\u0131n suya doymad\u0131\u011f\u0131n\u0131 belirterek, &#8220;\u0130ki sefer don, bir sefer de samyeli denir, s\u0131cak esen r\u00fczgar\u0131n \u00e7ok zarar\u0131 oldu. Tarlaya bakt\u0131\u011f\u0131m\u0131zda 700-750 kilogramlar\u0131 bekledi\u011fimiz yerlerde biz 450-500\u2019lere d\u00fc\u015f\u00fcyoruz. Az su isteyen bitkilerin tercih edilmeli. Damlama sistemine ge\u00e7ilerek su tasarrufu sa\u011flanmas\u0131 \u015fu an en ba\u015fta ald\u0131\u011f\u0131m\u0131z tedbirler&#8221; diye konu\u015ftu. <\/p>\n<p>  &#8220;Bir k\u0131v\u0131lc\u0131m bir araziyi yakmaya yetiyor&#8221;<br \/>\n  Yang\u0131nlara kar\u015f\u0131 \u00e7ift\u00e7ilere uyar\u0131da bulunan G\u00fcler, &#8220;Bir k\u0131v\u0131lc\u0131m bir araziyi yakmaya yetiyor. \u00d6zellikle sigara izmaritlerine kar\u015f\u0131 dikkatli olunmal\u0131&#8221; ifadelerini kulland\u0131. <\/p>\n<p>  &#8220;400 kilogram verirken, \u015fimdi 200-250 kilogram\u0131 ge\u00e7miyor verim&#8221;<br \/>\n  Yeni hasat sezonu ile ilgili konu\u015fan \u00e7ift\u00e7i Tayfun Temizsoy, &#8220;2025 hasat sezonumuz ba\u015flad\u0131. Bu sene biraz verimim d\u00fc\u015f\u00fck tabii. Dondan dolay\u0131 ve ya\u011f\u0131\u015flar\u0131n ge\u00e7 olmas\u0131ndan dolay\u0131 d\u00fc\u015f\u00fck. Buras\u0131 ge\u00e7en y\u0131l nadasa b\u0131rak\u0131lan y\u0131ld\u0131, bo\u015ftu. \u00d6nce ki sezonda buras\u0131 400 kilogram verirken, \u015fimdi 200-250 kilogram\u0131 ge\u00e7miyor verimi. Allah bereket versin yine de. Bir umut devam ediyoruz. Fiyatlar ortalama, ge\u00e7en y\u0131l ki fiyatlarla hemen hemen ayn\u0131 diyelim&#8221; \u015feklinde konu\u015ftu.<br \/>\n  Ankara genelinde devam eden hasat \u00e7al\u0131\u015fmalar\u0131n\u0131n \u00f6n\u00fcm\u00fczdeki haftalarda tamamlanmas\u0131 bekleniyor. Verim d\u00fc\u015f\u00fckl\u00fc\u011f\u00fc ve kurakl\u0131k, \u00e7ift\u00e7ilerin gelecek sezon i\u00e7in yeni \u00f6nlemler ve alternatif \u00fcr\u00fcn planlamalar\u0131n\u0131 da g\u00fcndeme getirdi. <\/p>\n<p>11.07.2025                               <\/p>\n","protected":false},"excerpt":{"rendered":"<p>&#8211; \u0130\u00e7 Anadolu&#8217;daki hasatta kurakl\u0131k izleri &#8211; Ba\u015fkentin tarlalar\u0131nda hasat zaman\u0131: D\u00fc\u015f\u00fck verim \u00e7ift\u00e7iyi zorluyor T\u00fcrkiye\u2019nin \u00f6nemli tar\u0131m b\u00f6lgelerinden biri olan Ankara\u2019da bu\u011fday hasad\u0131 devam ediyor. Bu y\u0131l verimin beklenenden az olmas\u0131 \u00f6ng\u00f6r\u00fcl\u00fcyor. T\u00fcrkiye\u2019nin \u00f6nemli tar\u0131m b\u00f6lgelerinden biri olan Ankara\u2019da bu\u011fday hasad\u0131 hummal\u0131 \u015fekilde devam ediyor. Ba\u015fkent genelinde bir\u00e7ok il\u00e7ede \u00e7ift\u00e7iler sabah\u0131n erken saatlerinden itibaren [&hellip;]<\/p>\n","protected":false},"author":1,"featured_media":9278,"comment_status":"open","ping_status":"open","sticky":false,"template":"","format":"standard","meta":{"footnotes":""},"categories":[1],"tags":[],"class_list":["post-9277","post","type-post","status-publish","format-standard","has-post-thumbnail","hentry","category-genel"],"yoast_head":"<!-- This site is optimized with the Yoast SEO plugin v27.4 - https:\/\/yoast.com\/product\/yoast-seo-wordpress\/ -->\n<title>Hasatta hem kurakl\u0131k hem yang\u0131n riski: \u00c7ift\u00e7iye \u00e7ifte uyar\u0131 - Memurun Sesi<\/title>\n<meta name=\"robots\" content=\"index, follow, max-snippet:-1, max-image-preview:large, max-video-preview:-1\" \/>\n<link rel=\"canonical\" href=\"https:\/\/memurunsesi.net\/index.php\/2025\/07\/11\/hasatta-hem-kuraklik-hem-yangin-riski-ciftciye-cifte-uyari\/\" \/>\n<meta property=\"og:locale\" content=\"tr_TR\" \/>\n<meta property=\"og:type\" content=\"article\" \/>\n<meta property=\"og:title\" content=\"Hasatta hem kurakl\u0131k hem yang\u0131n riski: \u00c7ift\u00e7iye \u00e7ifte uyar\u0131 - Memurun Sesi\" \/>\n<meta property=\"og:description\" content=\"&#8211; \u0130\u00e7 Anadolu&#8217;daki hasatta kurakl\u0131k izleri &#8211; Ba\u015fkentin tarlalar\u0131nda hasat zaman\u0131: D\u00fc\u015f\u00fck verim \u00e7ift\u00e7iyi zorluyor T\u00fcrkiye\u2019nin \u00f6nemli tar\u0131m b\u00f6lgelerinden biri olan Ankara\u2019da bu\u011fday hasad\u0131 devam ediyor. Bu y\u0131l verimin beklenenden az olmas\u0131 \u00f6ng\u00f6r\u00fcl\u00fcyor. T\u00fcrkiye\u2019nin \u00f6nemli tar\u0131m b\u00f6lgelerinden biri olan Ankara\u2019da bu\u011fday hasad\u0131 hummal\u0131 \u015fekilde devam ediyor. Ba\u015fkent genelinde bir\u00e7ok il\u00e7ede \u00e7ift\u00e7iler sabah\u0131n erken saatlerinden itibaren [&hellip;]\" \/>\n<meta property=\"og:url\" content=\"https:\/\/memurunsesi.net\/index.php\/2025\/07\/11\/hasatta-hem-kuraklik-hem-yangin-riski-ciftciye-cifte-uyari\/\" \/>\n<meta property=\"og:site_name\" content=\"Memurun Sesi\" \/>\n<meta property=\"article:publisher\" content=\"https:\/\/www.facebook.com\/unipersen\/?locale=tr_TR\" \/>\n<meta property=\"article:published_time\" content=\"2025-07-11T08:28:16+00:00\" \/>\n<meta property=\"og:image\" content=\"https:\/\/memurunsesi.net\/wp-content\/uploads\/2025\/07\/AW494870_01.jpg\" \/>\n\t<meta property=\"og:image:width\" content=\"1600\" \/>\n\t<meta property=\"og:image:height\" content=\"900\" \/>\n\t<meta property=\"og:image:type\" content=\"image\/jpeg\" \/>\n<meta name=\"author\" content=\"Memurun Sesi Haber Merkezi\" \/>\n<meta name=\"twitter:card\" content=\"summary_large_image\" \/>\n<meta name=\"twitter:creator\" content=\"@unipersen\" \/>\n<meta name=\"twitter:site\" content=\"@unipersen\" \/>\n<meta name=\"twitter:label1\" content=\"Yazan:\" \/>\n\t<meta name=\"twitter:data1\" content=\"Memurun Sesi Haber Merkezi\" \/>\n\t<meta name=\"twitter:label2\" content=\"Tahmini okuma s\u00fcresi\" \/>\n\t<meta name=\"twitter:data2\" content=\"1 dakika\" \/>\n<script type=\"application\/ld+json\" class=\"yoast-schema-graph\">{\"@context\":\"https:\\\/\\\/schema.org\",\"@graph\":[{\"@type\":\"Article\",\"@id\":\"https:\\\/\\\/memurunsesi.net\\\/index.php\\\/2025\\\/07\\\/11\\\/hasatta-hem-kuraklik-hem-yangin-riski-ciftciye-cifte-uyari\\\/#article\",\"isPartOf\":{\"@id\":\"https:\\\/\\\/memurunsesi.net\\\/index.php\\\/2025\\\/07\\\/11\\\/hasatta-hem-kuraklik-hem-yangin-riski-ciftciye-cifte-uyari\\\/\"},\"author\":{\"name\":\"Memurun Sesi Haber Merkezi\",\"@id\":\"https:\\\/\\\/memurunsesi.net\\\/#\\\/schema\\\/person\\\/f21c2d73b89f6ee1d80b0a1803e38587\"},\"headline\":\"Hasatta hem kurakl\u0131k hem yang\u0131n riski: \u00c7ift\u00e7iye \u00e7ifte uyar\u0131\",\"datePublished\":\"2025-07-11T08:28:16+00:00\",\"mainEntityOfPage\":{\"@id\":\"https:\\\/\\\/memurunsesi.net\\\/index.php\\\/2025\\\/07\\\/11\\\/hasatta-hem-kuraklik-hem-yangin-riski-ciftciye-cifte-uyari\\\/\"},\"wordCount\":475,\"commentCount\":0,\"publisher\":{\"@id\":\"https:\\\/\\\/memurunsesi.net\\\/#organization\"},\"image\":{\"@id\":\"https:\\\/\\\/memurunsesi.net\\\/index.php\\\/2025\\\/07\\\/11\\\/hasatta-hem-kuraklik-hem-yangin-riski-ciftciye-cifte-uyari\\\/#primaryimage\"},\"thumbnailUrl\":\"https:\\\/\\\/memurunsesi.net\\\/wp-content\\\/uploads\\\/2025\\\/07\\\/AW494870_01.jpg\",\"inLanguage\":\"tr\",\"potentialAction\":[{\"@type\":\"CommentAction\",\"name\":\"Comment\",\"target\":[\"https:\\\/\\\/memurunsesi.net\\\/index.php\\\/2025\\\/07\\\/11\\\/hasatta-hem-kuraklik-hem-yangin-riski-ciftciye-cifte-uyari\\\/#respond\"]}]},{\"@type\":\"WebPage\",\"@id\":\"https:\\\/\\\/memurunsesi.net\\\/index.php\\\/2025\\\/07\\\/11\\\/hasatta-hem-kuraklik-hem-yangin-riski-ciftciye-cifte-uyari\\\/\",\"url\":\"https:\\\/\\\/memurunsesi.net\\\/index.php\\\/2025\\\/07\\\/11\\\/hasatta-hem-kuraklik-hem-yangin-riski-ciftciye-cifte-uyari\\\/\",\"name\":\"Hasatta hem kurakl\u0131k hem yang\u0131n riski: \u00c7ift\u00e7iye \u00e7ifte uyar\u0131 - Memurun Sesi\",\"isPartOf\":{\"@id\":\"https:\\\/\\\/memurunsesi.net\\\/#website\"},\"primaryImageOfPage\":{\"@id\":\"https:\\\/\\\/memurunsesi.net\\\/index.php\\\/2025\\\/07\\\/11\\\/hasatta-hem-kuraklik-hem-yangin-riski-ciftciye-cifte-uyari\\\/#primaryimage\"},\"image\":{\"@id\":\"https:\\\/\\\/memurunsesi.net\\\/index.php\\\/2025\\\/07\\\/11\\\/hasatta-hem-kuraklik-hem-yangin-riski-ciftciye-cifte-uyari\\\/#primaryimage\"},\"thumbnailUrl\":\"https:\\\/\\\/memurunsesi.net\\\/wp-content\\\/uploads\\\/2025\\\/07\\\/AW494870_01.jpg\",\"datePublished\":\"2025-07-11T08:28:16+00:00\",\"breadcrumb\":{\"@id\":\"https:\\\/\\\/memurunsesi.net\\\/index.php\\\/2025\\\/07\\\/11\\\/hasatta-hem-kuraklik-hem-yangin-riski-ciftciye-cifte-uyari\\\/#breadcrumb\"},\"inLanguage\":\"tr\",\"potentialAction\":[{\"@type\":\"ReadAction\",\"target\":[\"https:\\\/\\\/memurunsesi.net\\\/index.php\\\/2025\\\/07\\\/11\\\/hasatta-hem-kuraklik-hem-yangin-riski-ciftciye-cifte-uyari\\\/\"]}]},{\"@type\":\"ImageObject\",\"inLanguage\":\"tr\",\"@id\":\"https:\\\/\\\/memurunsesi.net\\\/index.php\\\/2025\\\/07\\\/11\\\/hasatta-hem-kuraklik-hem-yangin-riski-ciftciye-cifte-uyari\\\/#primaryimage\",\"url\":\"https:\\\/\\\/memurunsesi.net\\\/wp-content\\\/uploads\\\/2025\\\/07\\\/AW494870_01.jpg\",\"contentUrl\":\"https:\\\/\\\/memurunsesi.net\\\/wp-content\\\/uploads\\\/2025\\\/07\\\/AW494870_01.jpg\",\"width\":1600,\"height\":900,\"caption\":\"T\u00dcRK\u0130YE'N\u0130N \u00d6NEML\u0130 TARIM B\u00d6LGELER\u0130NDEN B\u0130R\u0130 OLAN ANKARA'DA BU\u011eDAY HASADI DEVAM ED\u0130YOR. BU YIL VER\u0130M\u0130N BEKLENENDEN AZ OLMASI \u00d6NG\u00d6R\u00dcL\u00dcYOR. (B\u0130LAL SARIKAVAK - VAH\u0130T ALDI\\\/ANKARA-\u0130HA) T\u00fcrkiye'nin \u00f6nemli tar\u0131m b\u00f6lgelerinden biri olan Ankara'da bu\u011fday hasad\u0131 devam ediyor. Bu y\u0131l verimin beklenenden az olmas\u0131 \u00f6ng\u00f6r\u00fcl\u00fcyor.\"},{\"@type\":\"BreadcrumbList\",\"@id\":\"https:\\\/\\\/memurunsesi.net\\\/index.php\\\/2025\\\/07\\\/11\\\/hasatta-hem-kuraklik-hem-yangin-riski-ciftciye-cifte-uyari\\\/#breadcrumb\",\"itemListElement\":[{\"@type\":\"ListItem\",\"position\":1,\"name\":\"Anasayfa\",\"item\":\"https:\\\/\\\/memurunsesi.net\\\/\"},{\"@type\":\"ListItem\",\"position\":2,\"name\":\"Hasatta hem kurakl\u0131k hem yang\u0131n riski: \u00c7ift\u00e7iye \u00e7ifte uyar\u0131\"}]},{\"@type\":\"WebSite\",\"@id\":\"https:\\\/\\\/memurunsesi.net\\\/#website\",\"url\":\"https:\\\/\\\/memurunsesi.net\\\/\",\"name\":\"Memurun Sesi\",\"description\":\"G\u00fcncel ve Do\u011fru Haber\",\"publisher\":{\"@id\":\"https:\\\/\\\/memurunsesi.net\\\/#organization\"},\"potentialAction\":[{\"@type\":\"SearchAction\",\"target\":{\"@type\":\"EntryPoint\",\"urlTemplate\":\"https:\\\/\\\/memurunsesi.net\\\/?s={search_term_string}\"},\"query-input\":{\"@type\":\"PropertyValueSpecification\",\"valueRequired\":true,\"valueName\":\"search_term_string\"}}],\"inLanguage\":\"tr\"},{\"@type\":\"Organization\",\"@id\":\"https:\\\/\\\/memurunsesi.net\\\/#organization\",\"name\":\"Memurun Sesi\",\"url\":\"https:\\\/\\\/memurunsesi.net\\\/\",\"logo\":{\"@type\":\"ImageObject\",\"inLanguage\":\"tr\",\"@id\":\"https:\\\/\\\/memurunsesi.net\\\/#\\\/schema\\\/logo\\\/image\\\/\",\"url\":\"https:\\\/\\\/memurunsesi.net\\\/wp-content\\\/uploads\\\/2025\\\/11\\\/cropped-MEMURUN-SESI.png\",\"contentUrl\":\"https:\\\/\\\/memurunsesi.net\\\/wp-content\\\/uploads\\\/2025\\\/11\\\/cropped-MEMURUN-SESI.png\",\"width\":238,\"height\":57,\"caption\":\"Memurun Sesi\"},\"image\":{\"@id\":\"https:\\\/\\\/memurunsesi.net\\\/#\\\/schema\\\/logo\\\/image\\\/\"},\"sameAs\":[\"https:\\\/\\\/www.facebook.com\\\/unipersen\\\/?locale=tr_TR\",\"https:\\\/\\\/x.com\\\/unipersen\"]},{\"@type\":\"Person\",\"@id\":\"https:\\\/\\\/memurunsesi.net\\\/#\\\/schema\\\/person\\\/f21c2d73b89f6ee1d80b0a1803e38587\",\"name\":\"Memurun Sesi Haber Merkezi\",\"image\":{\"@type\":\"ImageObject\",\"inLanguage\":\"tr\",\"@id\":\"https:\\\/\\\/secure.gravatar.com\\\/avatar\\\/6cf0505f452ee753f485014986fab09a434671d2b919ee76fc541025c5876a70?s=96&d=mm&r=g\",\"url\":\"https:\\\/\\\/secure.gravatar.com\\\/avatar\\\/6cf0505f452ee753f485014986fab09a434671d2b919ee76fc541025c5876a70?s=96&d=mm&r=g\",\"contentUrl\":\"https:\\\/\\\/secure.gravatar.com\\\/avatar\\\/6cf0505f452ee753f485014986fab09a434671d2b919ee76fc541025c5876a70?s=96&d=mm&r=g\",\"caption\":\"Memurun Sesi Haber Merkezi\"},\"sameAs\":[\"https:\\\/\\\/memurunsesi.net\"],\"url\":\"https:\\\/\\\/memurunsesi.net\\\/index.php\\\/author\\\/uniper\\\/\"}]}<\/script>\n<!-- \/ Yoast SEO plugin. -->","yoast_head_json":{"title":"Hasatta hem kurakl\u0131k hem yang\u0131n riski: \u00c7ift\u00e7iye \u00e7ifte uyar\u0131 - Memurun Sesi","robots":{"index":"index","follow":"follow","max-snippet":"max-snippet:-1","max-image-preview":"max-image-preview:large","max-video-preview":"max-video-preview:-1"},"canonical":"https:\/\/memurunsesi.net\/index.php\/2025\/07\/11\/hasatta-hem-kuraklik-hem-yangin-riski-ciftciye-cifte-uyari\/","og_locale":"tr_TR","og_type":"article","og_title":"Hasatta hem kurakl\u0131k hem yang\u0131n riski: \u00c7ift\u00e7iye \u00e7ifte uyar\u0131 - Memurun Sesi","og_description":"&#8211; \u0130\u00e7 Anadolu&#8217;daki hasatta kurakl\u0131k izleri &#8211; Ba\u015fkentin tarlalar\u0131nda hasat zaman\u0131: D\u00fc\u015f\u00fck verim \u00e7ift\u00e7iyi zorluyor T\u00fcrkiye\u2019nin \u00f6nemli tar\u0131m b\u00f6lgelerinden biri olan Ankara\u2019da bu\u011fday hasad\u0131 devam ediyor. Bu y\u0131l verimin beklenenden az olmas\u0131 \u00f6ng\u00f6r\u00fcl\u00fcyor. T\u00fcrkiye\u2019nin \u00f6nemli tar\u0131m b\u00f6lgelerinden biri olan Ankara\u2019da bu\u011fday hasad\u0131 hummal\u0131 \u015fekilde devam ediyor. Ba\u015fkent genelinde bir\u00e7ok il\u00e7ede \u00e7ift\u00e7iler sabah\u0131n erken saatlerinden itibaren [&hellip;]","og_url":"https:\/\/memurunsesi.net\/index.php\/2025\/07\/11\/hasatta-hem-kuraklik-hem-yangin-riski-ciftciye-cifte-uyari\/","og_site_name":"Memurun Sesi","article_publisher":"https:\/\/www.facebook.com\/unipersen\/?locale=tr_TR","article_published_time":"2025-07-11T08:28:16+00:00","og_image":[{"width":1600,"height":900,"url":"https:\/\/memurunsesi.net\/wp-content\/uploads\/2025\/07\/AW494870_01.jpg","type":"image\/jpeg"}],"author":"Memurun Sesi Haber Merkezi","twitter_card":"summary_large_image","twitter_creator":"@unipersen","twitter_site":"@unipersen","twitter_misc":{"Yazan:":"Memurun Sesi Haber Merkezi","Tahmini okuma s\u00fcresi":"1 dakika"},"schema":{"@context":"https:\/\/schema.org","@graph":[{"@type":"Article","@id":"https:\/\/memurunsesi.net\/index.php\/2025\/07\/11\/hasatta-hem-kuraklik-hem-yangin-riski-ciftciye-cifte-uyari\/#article","isPartOf":{"@id":"https:\/\/memurunsesi.net\/index.php\/2025\/07\/11\/hasatta-hem-kuraklik-hem-yangin-riski-ciftciye-cifte-uyari\/"},"author":{"name":"Memurun Sesi Haber Merkezi","@id":"https:\/\/memurunsesi.net\/#\/schema\/person\/f21c2d73b89f6ee1d80b0a1803e38587"},"headline":"Hasatta hem kurakl\u0131k hem yang\u0131n riski: \u00c7ift\u00e7iye \u00e7ifte uyar\u0131","datePublished":"2025-07-11T08:28:16+00:00","mainEntityOfPage":{"@id":"https:\/\/memurunsesi.net\/index.php\/2025\/07\/11\/hasatta-hem-kuraklik-hem-yangin-riski-ciftciye-cifte-uyari\/"},"wordCount":475,"commentCount":0,"publisher":{"@id":"https:\/\/memurunsesi.net\/#organization"},"image":{"@id":"https:\/\/memurunsesi.net\/index.php\/2025\/07\/11\/hasatta-hem-kuraklik-hem-yangin-riski-ciftciye-cifte-uyari\/#primaryimage"},"thumbnailUrl":"https:\/\/memurunsesi.net\/wp-content\/uploads\/2025\/07\/AW494870_01.jpg","inLanguage":"tr","potentialAction":[{"@type":"CommentAction","name":"Comment","target":["https:\/\/memurunsesi.net\/index.php\/2025\/07\/11\/hasatta-hem-kuraklik-hem-yangin-riski-ciftciye-cifte-uyari\/#respond"]}]},{"@type":"WebPage","@id":"https:\/\/memurunsesi.net\/index.php\/2025\/07\/11\/hasatta-hem-kuraklik-hem-yangin-riski-ciftciye-cifte-uyari\/","url":"https:\/\/memurunsesi.net\/index.php\/2025\/07\/11\/hasatta-hem-kuraklik-hem-yangin-riski-ciftciye-cifte-uyari\/","name":"Hasatta hem kurakl\u0131k hem yang\u0131n riski: \u00c7ift\u00e7iye \u00e7ifte uyar\u0131 - Memurun Sesi","isPartOf":{"@id":"https:\/\/memurunsesi.net\/#website"},"primaryImageOfPage":{"@id":"https:\/\/memurunsesi.net\/index.php\/2025\/07\/11\/hasatta-hem-kuraklik-hem-yangin-riski-ciftciye-cifte-uyari\/#primaryimage"},"image":{"@id":"https:\/\/memurunsesi.net\/index.php\/2025\/07\/11\/hasatta-hem-kuraklik-hem-yangin-riski-ciftciye-cifte-uyari\/#primaryimage"},"thumbnailUrl":"https:\/\/memurunsesi.net\/wp-content\/uploads\/2025\/07\/AW494870_01.jpg","datePublished":"2025-07-11T08:28:16+00:00","breadcrumb":{"@id":"https:\/\/memurunsesi.net\/index.php\/2025\/07\/11\/hasatta-hem-kuraklik-hem-yangin-riski-ciftciye-cifte-uyari\/#breadcrumb"},"inLanguage":"tr","potentialAction":[{"@type":"ReadAction","target":["https:\/\/memurunsesi.net\/index.php\/2025\/07\/11\/hasatta-hem-kuraklik-hem-yangin-riski-ciftciye-cifte-uyari\/"]}]},{"@type":"ImageObject","inLanguage":"tr","@id":"https:\/\/memurunsesi.net\/index.php\/2025\/07\/11\/hasatta-hem-kuraklik-hem-yangin-riski-ciftciye-cifte-uyari\/#primaryimage","url":"https:\/\/memurunsesi.net\/wp-content\/uploads\/2025\/07\/AW494870_01.jpg","contentUrl":"https:\/\/memurunsesi.net\/wp-content\/uploads\/2025\/07\/AW494870_01.jpg","width":1600,"height":900,"caption":"T\u00dcRK\u0130YE'N\u0130N \u00d6NEML\u0130 TARIM B\u00d6LGELER\u0130NDEN B\u0130R\u0130 OLAN ANKARA'DA BU\u011eDAY HASADI DEVAM ED\u0130YOR. BU YIL VER\u0130M\u0130N BEKLENENDEN AZ OLMASI \u00d6NG\u00d6R\u00dcL\u00dcYOR. (B\u0130LAL SARIKAVAK - VAH\u0130T ALDI\/ANKARA-\u0130HA) T\u00fcrkiye'nin \u00f6nemli tar\u0131m b\u00f6lgelerinden biri olan Ankara'da bu\u011fday hasad\u0131 devam ediyor. Bu y\u0131l verimin beklenenden az olmas\u0131 \u00f6ng\u00f6r\u00fcl\u00fcyor."},{"@type":"BreadcrumbList","@id":"https:\/\/memurunsesi.net\/index.php\/2025\/07\/11\/hasatta-hem-kuraklik-hem-yangin-riski-ciftciye-cifte-uyari\/#breadcrumb","itemListElement":[{"@type":"ListItem","position":1,"name":"Anasayfa","item":"https:\/\/memurunsesi.net\/"},{"@type":"ListItem","position":2,"name":"Hasatta hem kurakl\u0131k hem yang\u0131n riski: \u00c7ift\u00e7iye \u00e7ifte uyar\u0131"}]},{"@type":"WebSite","@id":"https:\/\/memurunsesi.net\/#website","url":"https:\/\/memurunsesi.net\/","name":"Memurun Sesi","description":"G\u00fcncel ve Do\u011fru Haber","publisher":{"@id":"https:\/\/memurunsesi.net\/#organization"},"potentialAction":[{"@type":"SearchAction","target":{"@type":"EntryPoint","urlTemplate":"https:\/\/memurunsesi.net\/?s={search_term_string}"},"query-input":{"@type":"PropertyValueSpecification","valueRequired":true,"valueName":"search_term_string"}}],"inLanguage":"tr"},{"@type":"Organization","@id":"https:\/\/memurunsesi.net\/#organization","name":"Memurun Sesi","url":"https:\/\/memurunsesi.net\/","logo":{"@type":"ImageObject","inLanguage":"tr","@id":"https:\/\/memurunsesi.net\/#\/schema\/logo\/image\/","url":"https:\/\/memurunsesi.net\/wp-content\/uploads\/2025\/11\/cropped-MEMURUN-SESI.png","contentUrl":"https:\/\/memurunsesi.net\/wp-content\/uploads\/2025\/11\/cropped-MEMURUN-SESI.png","width":238,"height":57,"caption":"Memurun Sesi"},"image":{"@id":"https:\/\/memurunsesi.net\/#\/schema\/logo\/image\/"},"sameAs":["https:\/\/www.facebook.com\/unipersen\/?locale=tr_TR","https:\/\/x.com\/unipersen"]},{"@type":"Person","@id":"https:\/\/memurunsesi.net\/#\/schema\/person\/f21c2d73b89f6ee1d80b0a1803e38587","name":"Memurun Sesi Haber Merkezi","image":{"@type":"ImageObject","inLanguage":"tr","@id":"https:\/\/secure.gravatar.com\/avatar\/6cf0505f452ee753f485014986fab09a434671d2b919ee76fc541025c5876a70?s=96&d=mm&r=g","url":"https:\/\/secure.gravatar.com\/avatar\/6cf0505f452ee753f485014986fab09a434671d2b919ee76fc541025c5876a70?s=96&d=mm&r=g","contentUrl":"https:\/\/secure.gravatar.com\/avatar\/6cf0505f452ee753f485014986fab09a434671d2b919ee76fc541025c5876a70?s=96&d=mm&r=g","caption":"Memurun Sesi Haber Merkezi"},"sameAs":["https:\/\/memurunsesi.net"],"url":"https:\/\/memurunsesi.net\/index.php\/author\/uniper\/"}]}},"_links":{"self":[{"href":"https:\/\/memurunsesi.net\/index.php\/wp-json\/wp\/v2\/posts\/9277","targetHints":{"allow":["GET"]}}],"collection":[{"href":"https:\/\/memurunsesi.net\/index.php\/wp-json\/wp\/v2\/posts"}],"about":[{"href":"https:\/\/memurunsesi.net\/index.php\/wp-json\/wp\/v2\/types\/post"}],"author":[{"embeddable":true,"href":"https:\/\/memurunsesi.net\/index.php\/wp-json\/wp\/v2\/users\/1"}],"replies":[{"embeddable":true,"href":"https:\/\/memurunsesi.net\/index.php\/wp-json\/wp\/v2\/comments?post=9277"}],"version-history":[{"count":1,"href":"https:\/\/memurunsesi.net\/index.php\/wp-json\/wp\/v2\/posts\/9277\/revisions"}],"predecessor-version":[{"id":9279,"href":"https:\/\/memurunsesi.net\/index.php\/wp-json\/wp\/v2\/posts\/9277\/revisions\/9279"}],"wp:featuredmedia":[{"embeddable":true,"href":"https:\/\/memurunsesi.net\/index.php\/wp-json\/wp\/v2\/media\/9278"}],"wp:attachment":[{"href":"https:\/\/memurunsesi.net\/index.php\/wp-json\/wp\/v2\/media?parent=9277"}],"wp:term":[{"taxonomy":"category","embeddable":true,"href":"https:\/\/memurunsesi.net\/index.php\/wp-json\/wp\/v2\/categories?post=9277"},{"taxonomy":"post_tag","embeddable":true,"href":"https:\/\/memurunsesi.net\/index.php\/wp-json\/wp\/v2\/tags?post=9277"}],"curies":[{"name":"wp","href":"https:\/\/api.w.org\/{rel}","templated":true}]}}