{"id":9283,"date":"2025-07-11T11:31:18","date_gmt":"2025-07-11T08:31:18","guid":{"rendered":"https:\/\/memurunsesi.net\/?p=9283"},"modified":"2025-07-11T11:31:18","modified_gmt":"2025-07-11T08:31:18","slug":"tarla-ve-ormandan-olusan-2-bin-dekarlik-alanin-kul-oldugu-yangin-kontrol-altina-alindi","status":"publish","type":"post","link":"https:\/\/memurunsesi.net\/index.php\/2025\/07\/11\/tarla-ve-ormandan-olusan-2-bin-dekarlik-alanin-kul-oldugu-yangin-kontrol-altina-alindi\/","title":{"rendered":"Tarla ve ormandan olu\u015fan 2 bin dekarl\u0131k alan\u0131n k\u00fcl oldu\u011fu yang\u0131n kontrol alt\u0131na al\u0131nd\u0131"},"content":{"rendered":"<p>   Eski\u015fehir\u2019in Beylikova il\u00e7esinde \u00e7\u0131kan ve tar\u0131m arazisi ile ormanl\u0131k alan\u0131n da i\u00e7inde bulundu\u011fu 2 bin dekarl\u0131k alan\u0131n k\u00fcl olmas\u0131na sebep olan yang\u0131n kontrol alt\u0131na al\u0131nd\u0131.<br \/>\n  Beylikova il\u00e7esine ba\u011fl\u0131 Ok\u00e7u ve K\u0131z\u0131lca\u00f6ren mahalleleri k\u0131rsal\u0131nda, sebebi hen\u00fcz belirlenemeyen bir yang\u0131n \u00e7\u0131kt\u0131. Yakla\u015f\u0131k 2 bin dekar alan\u0131n zarar g\u00f6rd\u00fc\u011f\u00fc yang\u0131nda, bu\u011fday ekili tar\u0131m arazileri, mera alanlar\u0131 ve ormanl\u0131k b\u00f6lgeler alevlere teslim oldu. Yang\u0131na; Mihal\u0131\u00e7\u00e7\u0131k ve \u00c7atac\u0131k Orman \u0130\u015fletme M\u00fcd\u00fcrl\u00fckleri, Eski\u015fehir B\u00fcy\u00fck\u015fehir Belediyesi (EBB), Beylikova Belediyesi ve b\u00f6lge halk\u0131 koordineli \u015fekilde m\u00fcdahale etti. Ayr\u0131ca iki yang\u0131n s\u00f6nd\u00fcrme helikopteri de havadan destek sa\u011flad\u0131. Yo\u011fun \u00e7abalar\u0131n ard\u0131ndan yang\u0131n tamamen kontrol alt\u0131na al\u0131nd\u0131. Olayda can kayb\u0131 ya da do\u011frudan etkilenen vatanda\u015f bulunmad\u0131. <\/p>\n<p>  &#8220;Eme\u011fi ge\u00e7en herkese y\u00fcrekten te\u015fekk\u00fcr ediyorum&#8221;<br \/>\n  Yang\u0131n s\u00f6nd\u00fcrme \u00e7al\u0131\u015fmalar\u0131nda sahada aktif g\u00f6rev alan Beylikova Belediye Ba\u015fkan\u0131 Hakan Karabacak, yang\u0131n kontrol alt\u0131na al\u0131nana dek ekiplerle birlikte olay yerinde m\u00fcdahale etti. Ba\u015fkan Karabacak yapt\u0131\u011f\u0131 a\u00e7\u0131klamada \u015funlar\u0131 s\u00f6yledi:<br \/>\n  &#8220;Yang\u0131n\u0131n ilk an\u0131ndan itibaren sahadayd\u0131k. Kurumlar\u0131m\u0131zla ve vatanda\u015flar\u0131m\u0131zla b\u00fcy\u00fck bir dayan\u0131\u015fma \u00f6rne\u011fi g\u00f6stererek daha b\u00fcy\u00fck bir felaketin \u00f6n\u00fcne ge\u00e7tik. Can kayb\u0131n\u0131n ya\u015fanmam\u0131\u015f olmas\u0131 en b\u00fcy\u00fck tesellimizdir. Eme\u011fi ge\u00e7en herkese y\u00fcrekten te\u015fekk\u00fcr ediyorum.&#8221;<br \/>\n  Yang\u0131nla m\u00fccadele s\u00fcrecine aktif olarak kat\u0131lan B\u00fcy\u00fck\u015fehir Belediyesi Daire Ba\u015fkan\u0131 Mehmet Ali \u00c7eliksoy da koordinasyonu bizzat yerinde y\u00f6netti ve sahadaki ekiplerle birlikte s\u00fcreci takip etti.<br \/>\n  Beylikova Belediyesi, yang\u0131n\u0131n neden oldu\u011fu zarar\u0131n tespit edilmesi ve alan\u0131n yeniden iyile\u015ftirilmesi konusunda ilgili kurumlarla birlikte gerekli \u00e7al\u0131\u015fmalar\u0131 s\u00fcrd\u00fcrece\u011fini aktard\u0131. Yang\u0131n\u0131n \u00e7\u0131k\u0131\u015f nedeni ile ilgili resmi inceleme ba\u015flat\u0131ld\u0131. <\/p>\n<p>11.07.2025                               <\/p>\n","protected":false},"excerpt":{"rendered":"<p>Eski\u015fehir\u2019in Beylikova il\u00e7esinde \u00e7\u0131kan ve tar\u0131m arazisi ile ormanl\u0131k alan\u0131n da i\u00e7inde bulundu\u011fu 2 bin dekarl\u0131k alan\u0131n k\u00fcl olmas\u0131na sebep olan yang\u0131n kontrol alt\u0131na al\u0131nd\u0131. Beylikova il\u00e7esine ba\u011fl\u0131 Ok\u00e7u ve K\u0131z\u0131lca\u00f6ren mahalleleri k\u0131rsal\u0131nda, sebebi hen\u00fcz belirlenemeyen bir yang\u0131n \u00e7\u0131kt\u0131. Yakla\u015f\u0131k 2 bin dekar alan\u0131n zarar g\u00f6rd\u00fc\u011f\u00fc yang\u0131nda, bu\u011fday ekili tar\u0131m arazileri, mera alanlar\u0131 ve ormanl\u0131k [&hellip;]<\/p>\n","protected":false},"author":1,"featured_media":9284,"comment_status":"open","ping_status":"open","sticky":false,"template":"","format":"standard","meta":{"footnotes":""},"categories":[1],"tags":[],"class_list":["post-9283","post","type-post","status-publish","format-standard","has-post-thumbnail","hentry","category-genel"],"yoast_head":"<!-- This site is optimized with the Yoast SEO plugin v27.4 - https:\/\/yoast.com\/product\/yoast-seo-wordpress\/ -->\n<title>Tarla ve ormandan olu\u015fan 2 bin dekarl\u0131k alan\u0131n k\u00fcl oldu\u011fu yang\u0131n kontrol alt\u0131na al\u0131nd\u0131 - Memurun Sesi<\/title>\n<meta name=\"robots\" content=\"index, follow, max-snippet:-1, max-image-preview:large, max-video-preview:-1\" \/>\n<link rel=\"canonical\" href=\"https:\/\/memurunsesi.net\/index.php\/2025\/07\/11\/tarla-ve-ormandan-olusan-2-bin-dekarlik-alanin-kul-oldugu-yangin-kontrol-altina-alindi\/\" \/>\n<meta property=\"og:locale\" content=\"tr_TR\" \/>\n<meta property=\"og:type\" content=\"article\" \/>\n<meta property=\"og:title\" content=\"Tarla ve ormandan olu\u015fan 2 bin dekarl\u0131k alan\u0131n k\u00fcl oldu\u011fu yang\u0131n kontrol alt\u0131na al\u0131nd\u0131 - Memurun Sesi\" \/>\n<meta property=\"og:description\" content=\"Eski\u015fehir\u2019in Beylikova il\u00e7esinde \u00e7\u0131kan ve tar\u0131m arazisi ile ormanl\u0131k alan\u0131n da i\u00e7inde bulundu\u011fu 2 bin dekarl\u0131k alan\u0131n k\u00fcl olmas\u0131na sebep olan yang\u0131n kontrol alt\u0131na al\u0131nd\u0131. Beylikova il\u00e7esine ba\u011fl\u0131 Ok\u00e7u ve K\u0131z\u0131lca\u00f6ren mahalleleri k\u0131rsal\u0131nda, sebebi hen\u00fcz belirlenemeyen bir yang\u0131n \u00e7\u0131kt\u0131. Yakla\u015f\u0131k 2 bin dekar alan\u0131n zarar g\u00f6rd\u00fc\u011f\u00fc yang\u0131nda, bu\u011fday ekili tar\u0131m arazileri, mera alanlar\u0131 ve ormanl\u0131k [&hellip;]\" \/>\n<meta property=\"og:url\" content=\"https:\/\/memurunsesi.net\/index.php\/2025\/07\/11\/tarla-ve-ormandan-olusan-2-bin-dekarlik-alanin-kul-oldugu-yangin-kontrol-altina-alindi\/\" \/>\n<meta property=\"og:site_name\" content=\"Memurun Sesi\" \/>\n<meta property=\"article:publisher\" content=\"https:\/\/www.facebook.com\/unipersen\/?locale=tr_TR\" \/>\n<meta property=\"article:published_time\" content=\"2025-07-11T08:31:18+00:00\" \/>\n<meta property=\"og:image\" content=\"https:\/\/memurunsesi.net\/wp-content\/uploads\/2025\/07\/AW494888_01.jpg\" \/>\n\t<meta property=\"og:image:width\" content=\"1536\" \/>\n\t<meta property=\"og:image:height\" content=\"2048\" \/>\n\t<meta property=\"og:image:type\" content=\"image\/jpeg\" \/>\n<meta name=\"author\" content=\"Memurun Sesi Haber Merkezi\" \/>\n<meta name=\"twitter:card\" content=\"summary_large_image\" \/>\n<meta name=\"twitter:creator\" content=\"@unipersen\" \/>\n<meta name=\"twitter:site\" content=\"@unipersen\" \/>\n<meta name=\"twitter:label1\" content=\"Yazan:\" \/>\n\t<meta name=\"twitter:data1\" content=\"Memurun Sesi Haber Merkezi\" \/>\n\t<meta name=\"twitter:label2\" content=\"Tahmini okuma s\u00fcresi\" \/>\n\t<meta name=\"twitter:data2\" content=\"1 dakika\" \/>\n<script type=\"application\/ld+json\" class=\"yoast-schema-graph\">{\"@context\":\"https:\\\/\\\/schema.org\",\"@graph\":[{\"@type\":\"Article\",\"@id\":\"https:\\\/\\\/memurunsesi.net\\\/index.php\\\/2025\\\/07\\\/11\\\/tarla-ve-ormandan-olusan-2-bin-dekarlik-alanin-kul-oldugu-yangin-kontrol-altina-alindi\\\/#article\",\"isPartOf\":{\"@id\":\"https:\\\/\\\/memurunsesi.net\\\/index.php\\\/2025\\\/07\\\/11\\\/tarla-ve-ormandan-olusan-2-bin-dekarlik-alanin-kul-oldugu-yangin-kontrol-altina-alindi\\\/\"},\"author\":{\"name\":\"Memurun Sesi Haber Merkezi\",\"@id\":\"https:\\\/\\\/memurunsesi.net\\\/#\\\/schema\\\/person\\\/f21c2d73b89f6ee1d80b0a1803e38587\"},\"headline\":\"Tarla ve ormandan olu\u015fan 2 bin dekarl\u0131k alan\u0131n k\u00fcl oldu\u011fu yang\u0131n kontrol alt\u0131na al\u0131nd\u0131\",\"datePublished\":\"2025-07-11T08:31:18+00:00\",\"mainEntityOfPage\":{\"@id\":\"https:\\\/\\\/memurunsesi.net\\\/index.php\\\/2025\\\/07\\\/11\\\/tarla-ve-ormandan-olusan-2-bin-dekarlik-alanin-kul-oldugu-yangin-kontrol-altina-alindi\\\/\"},\"wordCount\":372,\"commentCount\":0,\"publisher\":{\"@id\":\"https:\\\/\\\/memurunsesi.net\\\/#organization\"},\"image\":{\"@id\":\"https:\\\/\\\/memurunsesi.net\\\/index.php\\\/2025\\\/07\\\/11\\\/tarla-ve-ormandan-olusan-2-bin-dekarlik-alanin-kul-oldugu-yangin-kontrol-altina-alindi\\\/#primaryimage\"},\"thumbnailUrl\":\"https:\\\/\\\/memurunsesi.net\\\/wp-content\\\/uploads\\\/2025\\\/07\\\/AW494888_01.jpg\",\"inLanguage\":\"tr\",\"potentialAction\":[{\"@type\":\"CommentAction\",\"name\":\"Comment\",\"target\":[\"https:\\\/\\\/memurunsesi.net\\\/index.php\\\/2025\\\/07\\\/11\\\/tarla-ve-ormandan-olusan-2-bin-dekarlik-alanin-kul-oldugu-yangin-kontrol-altina-alindi\\\/#respond\"]}]},{\"@type\":\"WebPage\",\"@id\":\"https:\\\/\\\/memurunsesi.net\\\/index.php\\\/2025\\\/07\\\/11\\\/tarla-ve-ormandan-olusan-2-bin-dekarlik-alanin-kul-oldugu-yangin-kontrol-altina-alindi\\\/\",\"url\":\"https:\\\/\\\/memurunsesi.net\\\/index.php\\\/2025\\\/07\\\/11\\\/tarla-ve-ormandan-olusan-2-bin-dekarlik-alanin-kul-oldugu-yangin-kontrol-altina-alindi\\\/\",\"name\":\"Tarla ve ormandan olu\u015fan 2 bin dekarl\u0131k alan\u0131n k\u00fcl oldu\u011fu yang\u0131n kontrol alt\u0131na al\u0131nd\u0131 - Memurun Sesi\",\"isPartOf\":{\"@id\":\"https:\\\/\\\/memurunsesi.net\\\/#website\"},\"primaryImageOfPage\":{\"@id\":\"https:\\\/\\\/memurunsesi.net\\\/index.php\\\/2025\\\/07\\\/11\\\/tarla-ve-ormandan-olusan-2-bin-dekarlik-alanin-kul-oldugu-yangin-kontrol-altina-alindi\\\/#primaryimage\"},\"image\":{\"@id\":\"https:\\\/\\\/memurunsesi.net\\\/index.php\\\/2025\\\/07\\\/11\\\/tarla-ve-ormandan-olusan-2-bin-dekarlik-alanin-kul-oldugu-yangin-kontrol-altina-alindi\\\/#primaryimage\"},\"thumbnailUrl\":\"https:\\\/\\\/memurunsesi.net\\\/wp-content\\\/uploads\\\/2025\\\/07\\\/AW494888_01.jpg\",\"datePublished\":\"2025-07-11T08:31:18+00:00\",\"breadcrumb\":{\"@id\":\"https:\\\/\\\/memurunsesi.net\\\/index.php\\\/2025\\\/07\\\/11\\\/tarla-ve-ormandan-olusan-2-bin-dekarlik-alanin-kul-oldugu-yangin-kontrol-altina-alindi\\\/#breadcrumb\"},\"inLanguage\":\"tr\",\"potentialAction\":[{\"@type\":\"ReadAction\",\"target\":[\"https:\\\/\\\/memurunsesi.net\\\/index.php\\\/2025\\\/07\\\/11\\\/tarla-ve-ormandan-olusan-2-bin-dekarlik-alanin-kul-oldugu-yangin-kontrol-altina-alindi\\\/\"]}]},{\"@type\":\"ImageObject\",\"inLanguage\":\"tr\",\"@id\":\"https:\\\/\\\/memurunsesi.net\\\/index.php\\\/2025\\\/07\\\/11\\\/tarla-ve-ormandan-olusan-2-bin-dekarlik-alanin-kul-oldugu-yangin-kontrol-altina-alindi\\\/#primaryimage\",\"url\":\"https:\\\/\\\/memurunsesi.net\\\/wp-content\\\/uploads\\\/2025\\\/07\\\/AW494888_01.jpg\",\"contentUrl\":\"https:\\\/\\\/memurunsesi.net\\\/wp-content\\\/uploads\\\/2025\\\/07\\\/AW494888_01.jpg\",\"width\":1536,\"height\":2048},{\"@type\":\"BreadcrumbList\",\"@id\":\"https:\\\/\\\/memurunsesi.net\\\/index.php\\\/2025\\\/07\\\/11\\\/tarla-ve-ormandan-olusan-2-bin-dekarlik-alanin-kul-oldugu-yangin-kontrol-altina-alindi\\\/#breadcrumb\",\"itemListElement\":[{\"@type\":\"ListItem\",\"position\":1,\"name\":\"Anasayfa\",\"item\":\"https:\\\/\\\/memurunsesi.net\\\/\"},{\"@type\":\"ListItem\",\"position\":2,\"name\":\"Tarla ve ormandan olu\u015fan 2 bin dekarl\u0131k alan\u0131n k\u00fcl oldu\u011fu yang\u0131n kontrol alt\u0131na al\u0131nd\u0131\"}]},{\"@type\":\"WebSite\",\"@id\":\"https:\\\/\\\/memurunsesi.net\\\/#website\",\"url\":\"https:\\\/\\\/memurunsesi.net\\\/\",\"name\":\"Memurun Sesi\",\"description\":\"G\u00fcncel ve Do\u011fru Haber\",\"publisher\":{\"@id\":\"https:\\\/\\\/memurunsesi.net\\\/#organization\"},\"potentialAction\":[{\"@type\":\"SearchAction\",\"target\":{\"@type\":\"EntryPoint\",\"urlTemplate\":\"https:\\\/\\\/memurunsesi.net\\\/?s={search_term_string}\"},\"query-input\":{\"@type\":\"PropertyValueSpecification\",\"valueRequired\":true,\"valueName\":\"search_term_string\"}}],\"inLanguage\":\"tr\"},{\"@type\":\"Organization\",\"@id\":\"https:\\\/\\\/memurunsesi.net\\\/#organization\",\"name\":\"Memurun Sesi\",\"url\":\"https:\\\/\\\/memurunsesi.net\\\/\",\"logo\":{\"@type\":\"ImageObject\",\"inLanguage\":\"tr\",\"@id\":\"https:\\\/\\\/memurunsesi.net\\\/#\\\/schema\\\/logo\\\/image\\\/\",\"url\":\"https:\\\/\\\/memurunsesi.net\\\/wp-content\\\/uploads\\\/2025\\\/11\\\/cropped-MEMURUN-SESI.png\",\"contentUrl\":\"https:\\\/\\\/memurunsesi.net\\\/wp-content\\\/uploads\\\/2025\\\/11\\\/cropped-MEMURUN-SESI.png\",\"width\":238,\"height\":57,\"caption\":\"Memurun Sesi\"},\"image\":{\"@id\":\"https:\\\/\\\/memurunsesi.net\\\/#\\\/schema\\\/logo\\\/image\\\/\"},\"sameAs\":[\"https:\\\/\\\/www.facebook.com\\\/unipersen\\\/?locale=tr_TR\",\"https:\\\/\\\/x.com\\\/unipersen\"]},{\"@type\":\"Person\",\"@id\":\"https:\\\/\\\/memurunsesi.net\\\/#\\\/schema\\\/person\\\/f21c2d73b89f6ee1d80b0a1803e38587\",\"name\":\"Memurun Sesi Haber Merkezi\",\"image\":{\"@type\":\"ImageObject\",\"inLanguage\":\"tr\",\"@id\":\"https:\\\/\\\/secure.gravatar.com\\\/avatar\\\/6cf0505f452ee753f485014986fab09a434671d2b919ee76fc541025c5876a70?s=96&d=mm&r=g\",\"url\":\"https:\\\/\\\/secure.gravatar.com\\\/avatar\\\/6cf0505f452ee753f485014986fab09a434671d2b919ee76fc541025c5876a70?s=96&d=mm&r=g\",\"contentUrl\":\"https:\\\/\\\/secure.gravatar.com\\\/avatar\\\/6cf0505f452ee753f485014986fab09a434671d2b919ee76fc541025c5876a70?s=96&d=mm&r=g\",\"caption\":\"Memurun Sesi Haber Merkezi\"},\"sameAs\":[\"https:\\\/\\\/memurunsesi.net\"],\"url\":\"https:\\\/\\\/memurunsesi.net\\\/index.php\\\/author\\\/uniper\\\/\"}]}<\/script>\n<!-- \/ Yoast SEO plugin. -->","yoast_head_json":{"title":"Tarla ve ormandan olu\u015fan 2 bin dekarl\u0131k alan\u0131n k\u00fcl oldu\u011fu yang\u0131n kontrol alt\u0131na al\u0131nd\u0131 - Memurun Sesi","robots":{"index":"index","follow":"follow","max-snippet":"max-snippet:-1","max-image-preview":"max-image-preview:large","max-video-preview":"max-video-preview:-1"},"canonical":"https:\/\/memurunsesi.net\/index.php\/2025\/07\/11\/tarla-ve-ormandan-olusan-2-bin-dekarlik-alanin-kul-oldugu-yangin-kontrol-altina-alindi\/","og_locale":"tr_TR","og_type":"article","og_title":"Tarla ve ormandan olu\u015fan 2 bin dekarl\u0131k alan\u0131n k\u00fcl oldu\u011fu yang\u0131n kontrol alt\u0131na al\u0131nd\u0131 - Memurun Sesi","og_description":"Eski\u015fehir\u2019in Beylikova il\u00e7esinde \u00e7\u0131kan ve tar\u0131m arazisi ile ormanl\u0131k alan\u0131n da i\u00e7inde bulundu\u011fu 2 bin dekarl\u0131k alan\u0131n k\u00fcl olmas\u0131na sebep olan yang\u0131n kontrol alt\u0131na al\u0131nd\u0131. Beylikova il\u00e7esine ba\u011fl\u0131 Ok\u00e7u ve K\u0131z\u0131lca\u00f6ren mahalleleri k\u0131rsal\u0131nda, sebebi hen\u00fcz belirlenemeyen bir yang\u0131n \u00e7\u0131kt\u0131. Yakla\u015f\u0131k 2 bin dekar alan\u0131n zarar g\u00f6rd\u00fc\u011f\u00fc yang\u0131nda, bu\u011fday ekili tar\u0131m arazileri, mera alanlar\u0131 ve ormanl\u0131k [&hellip;]","og_url":"https:\/\/memurunsesi.net\/index.php\/2025\/07\/11\/tarla-ve-ormandan-olusan-2-bin-dekarlik-alanin-kul-oldugu-yangin-kontrol-altina-alindi\/","og_site_name":"Memurun Sesi","article_publisher":"https:\/\/www.facebook.com\/unipersen\/?locale=tr_TR","article_published_time":"2025-07-11T08:31:18+00:00","og_image":[{"width":1536,"height":2048,"url":"https:\/\/memurunsesi.net\/wp-content\/uploads\/2025\/07\/AW494888_01.jpg","type":"image\/jpeg"}],"author":"Memurun Sesi Haber Merkezi","twitter_card":"summary_large_image","twitter_creator":"@unipersen","twitter_site":"@unipersen","twitter_misc":{"Yazan:":"Memurun Sesi Haber Merkezi","Tahmini okuma s\u00fcresi":"1 dakika"},"schema":{"@context":"https:\/\/schema.org","@graph":[{"@type":"Article","@id":"https:\/\/memurunsesi.net\/index.php\/2025\/07\/11\/tarla-ve-ormandan-olusan-2-bin-dekarlik-alanin-kul-oldugu-yangin-kontrol-altina-alindi\/#article","isPartOf":{"@id":"https:\/\/memurunsesi.net\/index.php\/2025\/07\/11\/tarla-ve-ormandan-olusan-2-bin-dekarlik-alanin-kul-oldugu-yangin-kontrol-altina-alindi\/"},"author":{"name":"Memurun Sesi Haber Merkezi","@id":"https:\/\/memurunsesi.net\/#\/schema\/person\/f21c2d73b89f6ee1d80b0a1803e38587"},"headline":"Tarla ve ormandan olu\u015fan 2 bin dekarl\u0131k alan\u0131n k\u00fcl oldu\u011fu yang\u0131n kontrol alt\u0131na al\u0131nd\u0131","datePublished":"2025-07-11T08:31:18+00:00","mainEntityOfPage":{"@id":"https:\/\/memurunsesi.net\/index.php\/2025\/07\/11\/tarla-ve-ormandan-olusan-2-bin-dekarlik-alanin-kul-oldugu-yangin-kontrol-altina-alindi\/"},"wordCount":372,"commentCount":0,"publisher":{"@id":"https:\/\/memurunsesi.net\/#organization"},"image":{"@id":"https:\/\/memurunsesi.net\/index.php\/2025\/07\/11\/tarla-ve-ormandan-olusan-2-bin-dekarlik-alanin-kul-oldugu-yangin-kontrol-altina-alindi\/#primaryimage"},"thumbnailUrl":"https:\/\/memurunsesi.net\/wp-content\/uploads\/2025\/07\/AW494888_01.jpg","inLanguage":"tr","potentialAction":[{"@type":"CommentAction","name":"Comment","target":["https:\/\/memurunsesi.net\/index.php\/2025\/07\/11\/tarla-ve-ormandan-olusan-2-bin-dekarlik-alanin-kul-oldugu-yangin-kontrol-altina-alindi\/#respond"]}]},{"@type":"WebPage","@id":"https:\/\/memurunsesi.net\/index.php\/2025\/07\/11\/tarla-ve-ormandan-olusan-2-bin-dekarlik-alanin-kul-oldugu-yangin-kontrol-altina-alindi\/","url":"https:\/\/memurunsesi.net\/index.php\/2025\/07\/11\/tarla-ve-ormandan-olusan-2-bin-dekarlik-alanin-kul-oldugu-yangin-kontrol-altina-alindi\/","name":"Tarla ve ormandan olu\u015fan 2 bin dekarl\u0131k alan\u0131n k\u00fcl oldu\u011fu yang\u0131n kontrol alt\u0131na al\u0131nd\u0131 - Memurun Sesi","isPartOf":{"@id":"https:\/\/memurunsesi.net\/#website"},"primaryImageOfPage":{"@id":"https:\/\/memurunsesi.net\/index.php\/2025\/07\/11\/tarla-ve-ormandan-olusan-2-bin-dekarlik-alanin-kul-oldugu-yangin-kontrol-altina-alindi\/#primaryimage"},"image":{"@id":"https:\/\/memurunsesi.net\/index.php\/2025\/07\/11\/tarla-ve-ormandan-olusan-2-bin-dekarlik-alanin-kul-oldugu-yangin-kontrol-altina-alindi\/#primaryimage"},"thumbnailUrl":"https:\/\/memurunsesi.net\/wp-content\/uploads\/2025\/07\/AW494888_01.jpg","datePublished":"2025-07-11T08:31:18+00:00","breadcrumb":{"@id":"https:\/\/memurunsesi.net\/index.php\/2025\/07\/11\/tarla-ve-ormandan-olusan-2-bin-dekarlik-alanin-kul-oldugu-yangin-kontrol-altina-alindi\/#breadcrumb"},"inLanguage":"tr","potentialAction":[{"@type":"ReadAction","target":["https:\/\/memurunsesi.net\/index.php\/2025\/07\/11\/tarla-ve-ormandan-olusan-2-bin-dekarlik-alanin-kul-oldugu-yangin-kontrol-altina-alindi\/"]}]},{"@type":"ImageObject","inLanguage":"tr","@id":"https:\/\/memurunsesi.net\/index.php\/2025\/07\/11\/tarla-ve-ormandan-olusan-2-bin-dekarlik-alanin-kul-oldugu-yangin-kontrol-altina-alindi\/#primaryimage","url":"https:\/\/memurunsesi.net\/wp-content\/uploads\/2025\/07\/AW494888_01.jpg","contentUrl":"https:\/\/memurunsesi.net\/wp-content\/uploads\/2025\/07\/AW494888_01.jpg","width":1536,"height":2048},{"@type":"BreadcrumbList","@id":"https:\/\/memurunsesi.net\/index.php\/2025\/07\/11\/tarla-ve-ormandan-olusan-2-bin-dekarlik-alanin-kul-oldugu-yangin-kontrol-altina-alindi\/#breadcrumb","itemListElement":[{"@type":"ListItem","position":1,"name":"Anasayfa","item":"https:\/\/memurunsesi.net\/"},{"@type":"ListItem","position":2,"name":"Tarla ve ormandan olu\u015fan 2 bin dekarl\u0131k alan\u0131n k\u00fcl oldu\u011fu yang\u0131n kontrol alt\u0131na al\u0131nd\u0131"}]},{"@type":"WebSite","@id":"https:\/\/memurunsesi.net\/#website","url":"https:\/\/memurunsesi.net\/","name":"Memurun Sesi","description":"G\u00fcncel ve Do\u011fru Haber","publisher":{"@id":"https:\/\/memurunsesi.net\/#organization"},"potentialAction":[{"@type":"SearchAction","target":{"@type":"EntryPoint","urlTemplate":"https:\/\/memurunsesi.net\/?s={search_term_string}"},"query-input":{"@type":"PropertyValueSpecification","valueRequired":true,"valueName":"search_term_string"}}],"inLanguage":"tr"},{"@type":"Organization","@id":"https:\/\/memurunsesi.net\/#organization","name":"Memurun Sesi","url":"https:\/\/memurunsesi.net\/","logo":{"@type":"ImageObject","inLanguage":"tr","@id":"https:\/\/memurunsesi.net\/#\/schema\/logo\/image\/","url":"https:\/\/memurunsesi.net\/wp-content\/uploads\/2025\/11\/cropped-MEMURUN-SESI.png","contentUrl":"https:\/\/memurunsesi.net\/wp-content\/uploads\/2025\/11\/cropped-MEMURUN-SESI.png","width":238,"height":57,"caption":"Memurun Sesi"},"image":{"@id":"https:\/\/memurunsesi.net\/#\/schema\/logo\/image\/"},"sameAs":["https:\/\/www.facebook.com\/unipersen\/?locale=tr_TR","https:\/\/x.com\/unipersen"]},{"@type":"Person","@id":"https:\/\/memurunsesi.net\/#\/schema\/person\/f21c2d73b89f6ee1d80b0a1803e38587","name":"Memurun Sesi Haber Merkezi","image":{"@type":"ImageObject","inLanguage":"tr","@id":"https:\/\/secure.gravatar.com\/avatar\/6cf0505f452ee753f485014986fab09a434671d2b919ee76fc541025c5876a70?s=96&d=mm&r=g","url":"https:\/\/secure.gravatar.com\/avatar\/6cf0505f452ee753f485014986fab09a434671d2b919ee76fc541025c5876a70?s=96&d=mm&r=g","contentUrl":"https:\/\/secure.gravatar.com\/avatar\/6cf0505f452ee753f485014986fab09a434671d2b919ee76fc541025c5876a70?s=96&d=mm&r=g","caption":"Memurun Sesi Haber Merkezi"},"sameAs":["https:\/\/memurunsesi.net"],"url":"https:\/\/memurunsesi.net\/index.php\/author\/uniper\/"}]}},"_links":{"self":[{"href":"https:\/\/memurunsesi.net\/index.php\/wp-json\/wp\/v2\/posts\/9283","targetHints":{"allow":["GET"]}}],"collection":[{"href":"https:\/\/memurunsesi.net\/index.php\/wp-json\/wp\/v2\/posts"}],"about":[{"href":"https:\/\/memurunsesi.net\/index.php\/wp-json\/wp\/v2\/types\/post"}],"author":[{"embeddable":true,"href":"https:\/\/memurunsesi.net\/index.php\/wp-json\/wp\/v2\/users\/1"}],"replies":[{"embeddable":true,"href":"https:\/\/memurunsesi.net\/index.php\/wp-json\/wp\/v2\/comments?post=9283"}],"version-history":[{"count":1,"href":"https:\/\/memurunsesi.net\/index.php\/wp-json\/wp\/v2\/posts\/9283\/revisions"}],"predecessor-version":[{"id":9285,"href":"https:\/\/memurunsesi.net\/index.php\/wp-json\/wp\/v2\/posts\/9283\/revisions\/9285"}],"wp:featuredmedia":[{"embeddable":true,"href":"https:\/\/memurunsesi.net\/index.php\/wp-json\/wp\/v2\/media\/9284"}],"wp:attachment":[{"href":"https:\/\/memurunsesi.net\/index.php\/wp-json\/wp\/v2\/media?parent=9283"}],"wp:term":[{"taxonomy":"category","embeddable":true,"href":"https:\/\/memurunsesi.net\/index.php\/wp-json\/wp\/v2\/categories?post=9283"},{"taxonomy":"post_tag","embeddable":true,"href":"https:\/\/memurunsesi.net\/index.php\/wp-json\/wp\/v2\/tags?post=9283"}],"curies":[{"name":"wp","href":"https:\/\/api.w.org\/{rel}","templated":true}]}}