{"id":9286,"date":"2025-07-11T15:48:59","date_gmt":"2025-07-11T12:48:59","guid":{"rendered":"https:\/\/memurunsesi.net\/?p=9286"},"modified":"2025-07-11T15:48:59","modified_gmt":"2025-07-11T12:48:59","slug":"mardinde-sivrisinek-ve-haserelere-karsi-yogun-ilaclama","status":"publish","type":"post","link":"https:\/\/memurunsesi.net\/index.php\/2025\/07\/11\/mardinde-sivrisinek-ve-haserelere-karsi-yogun-ilaclama\/","title":{"rendered":"Mardin&#8217;de sivrisinek ve ha\u015ferelere kar\u015f\u0131 yo\u011fun ila\u00e7lama"},"content":{"rendered":"<p>   Yaz aylar\u0131n\u0131n gelmesiyle birlikte art\u0131\u015f g\u00f6steren sivrisinek ve ha\u015ferelere kar\u015f\u0131 Mardin B\u00fcy\u00fck\u015fehir Belediyesi Sa\u011fl\u0131k \u0130\u015fleri Daire Ba\u015fkanl\u0131\u011f\u0131 taraf\u0131ndan kent genelinde kapsaml\u0131 ila\u00e7lama \u00e7al\u0131\u015fmalar\u0131 y\u00fcr\u00fct\u00fcl\u00fcyor.<br \/>\n  Ekipler, \u015fehir merkezi, il\u00e7e, k\u0131rsal mahalleler ve mezralarda sabah ak\u015fam demeden caddeleri, sokak aralar\u0131n\u0131, ba\u011f ve bah\u00e7eleri d\u00fczenli olarak ila\u00e7l\u0131yor. \u00c7al\u0131\u015fmalar\u0131n \u00f6zellikle a\u00e7\u0131k alanda ya\u015fayan vatanda\u015flar a\u00e7\u0131s\u0131ndan b\u00fcy\u00fck \u00f6nem ta\u015f\u0131d\u0131\u011f\u0131 vurgulan\u0131yor.<br \/>\n  Artuklu Eminettin Mahallesi Muhtar\u0131 Mehmet Ergino\u011flu, yap\u0131lan ila\u00e7lamalar\u0131n etkisinden memnun olduklar\u0131n\u0131 dile getirerek, &#8220;Yaz aylar\u0131nda sivrisinek ve ha\u015fereler, \u00f6zellikle bah\u00e7esi olan vatanda\u015flar\u0131m\u0131z i\u00e7in b\u00fcy\u00fck sorun olu\u015fturuyordu. Allah raz\u0131 olsun, B\u00fcy\u00fck\u015fehir Belediyemiz ve ila\u00e7lama ekibi titizlikle \u00e7al\u0131\u015f\u0131yor. Art\u0131k vatanda\u015flar\u0131m\u0131z rahat bir nefes ald\u0131. Damda uyuyabiliyor, bah\u00e7ede vakit ge\u00e7irebiliyoruz. \u0130la\u00e7lamalar sadece merkezde de\u011fil; k\u00f6ylerde, ba\u011flarda, hatta mezarl\u0131klarda bile yap\u0131l\u0131yor. Bu hizmetin her yere ula\u015fmas\u0131 bizleri son derece memnun etti. Sa\u011fl\u0131k \u0130\u015fleri Daire Ba\u015fkanl\u0131\u011f\u0131 ekibine te\u015fekk\u00fcr ediyoruz&#8221; dedi.<br \/>\n  Yetkililer, ila\u00e7lama \u00e7al\u0131\u015fmalar\u0131n\u0131n halk sa\u011fl\u0131\u011f\u0131n\u0131 korumaya y\u00f6nelik aral\u0131ks\u0131z s\u00fcrd\u00fcr\u00fclece\u011fini belirtti. <\/p>\n<p>11.07.2025                               <\/p>\n","protected":false},"excerpt":{"rendered":"<p>Yaz aylar\u0131n\u0131n gelmesiyle birlikte art\u0131\u015f g\u00f6steren sivrisinek ve ha\u015ferelere kar\u015f\u0131 Mardin B\u00fcy\u00fck\u015fehir Belediyesi Sa\u011fl\u0131k \u0130\u015fleri Daire Ba\u015fkanl\u0131\u011f\u0131 taraf\u0131ndan kent genelinde kapsaml\u0131 ila\u00e7lama \u00e7al\u0131\u015fmalar\u0131 y\u00fcr\u00fct\u00fcl\u00fcyor. Ekipler, \u015fehir merkezi, il\u00e7e, k\u0131rsal mahalleler ve mezralarda sabah ak\u015fam demeden caddeleri, sokak aralar\u0131n\u0131, ba\u011f ve bah\u00e7eleri d\u00fczenli olarak ila\u00e7l\u0131yor. \u00c7al\u0131\u015fmalar\u0131n \u00f6zellikle a\u00e7\u0131k alanda ya\u015fayan vatanda\u015flar a\u00e7\u0131s\u0131ndan b\u00fcy\u00fck \u00f6nem ta\u015f\u0131d\u0131\u011f\u0131 vurgulan\u0131yor. [&hellip;]<\/p>\n","protected":false},"author":1,"featured_media":9284,"comment_status":"open","ping_status":"open","sticky":false,"template":"","format":"standard","meta":{"footnotes":""},"categories":[1],"tags":[],"class_list":["post-9286","post","type-post","status-publish","format-standard","has-post-thumbnail","hentry","category-genel"],"yoast_head":"<!-- This site is optimized with the Yoast SEO plugin v27.4 - https:\/\/yoast.com\/product\/yoast-seo-wordpress\/ -->\n<title>Mardin&#039;de sivrisinek ve ha\u015ferelere kar\u015f\u0131 yo\u011fun ila\u00e7lama - Memurun Sesi<\/title>\n<meta name=\"robots\" content=\"index, follow, max-snippet:-1, max-image-preview:large, max-video-preview:-1\" \/>\n<link rel=\"canonical\" href=\"https:\/\/memurunsesi.net\/index.php\/2025\/07\/11\/mardinde-sivrisinek-ve-haserelere-karsi-yogun-ilaclama\/\" \/>\n<meta property=\"og:locale\" content=\"tr_TR\" \/>\n<meta property=\"og:type\" content=\"article\" \/>\n<meta property=\"og:title\" content=\"Mardin&#039;de sivrisinek ve ha\u015ferelere kar\u015f\u0131 yo\u011fun ila\u00e7lama - Memurun Sesi\" \/>\n<meta property=\"og:description\" content=\"Yaz aylar\u0131n\u0131n gelmesiyle birlikte art\u0131\u015f g\u00f6steren sivrisinek ve ha\u015ferelere kar\u015f\u0131 Mardin B\u00fcy\u00fck\u015fehir Belediyesi Sa\u011fl\u0131k \u0130\u015fleri Daire Ba\u015fkanl\u0131\u011f\u0131 taraf\u0131ndan kent genelinde kapsaml\u0131 ila\u00e7lama \u00e7al\u0131\u015fmalar\u0131 y\u00fcr\u00fct\u00fcl\u00fcyor. Ekipler, \u015fehir merkezi, il\u00e7e, k\u0131rsal mahalleler ve mezralarda sabah ak\u015fam demeden caddeleri, sokak aralar\u0131n\u0131, ba\u011f ve bah\u00e7eleri d\u00fczenli olarak ila\u00e7l\u0131yor. \u00c7al\u0131\u015fmalar\u0131n \u00f6zellikle a\u00e7\u0131k alanda ya\u015fayan vatanda\u015flar a\u00e7\u0131s\u0131ndan b\u00fcy\u00fck \u00f6nem ta\u015f\u0131d\u0131\u011f\u0131 vurgulan\u0131yor. [&hellip;]\" \/>\n<meta property=\"og:url\" content=\"https:\/\/memurunsesi.net\/index.php\/2025\/07\/11\/mardinde-sivrisinek-ve-haserelere-karsi-yogun-ilaclama\/\" \/>\n<meta property=\"og:site_name\" content=\"Memurun Sesi\" \/>\n<meta property=\"article:publisher\" content=\"https:\/\/www.facebook.com\/unipersen\/?locale=tr_TR\" \/>\n<meta property=\"article:published_time\" content=\"2025-07-11T12:48:59+00:00\" \/>\n<meta property=\"og:image\" content=\"https:\/\/memurunsesi.net\/wp-content\/uploads\/2025\/07\/AW494888_01.jpg\" \/>\n\t<meta property=\"og:image:width\" content=\"1536\" \/>\n\t<meta property=\"og:image:height\" content=\"2048\" \/>\n\t<meta property=\"og:image:type\" content=\"image\/jpeg\" \/>\n<meta name=\"author\" content=\"Memurun Sesi Haber Merkezi\" \/>\n<meta name=\"twitter:card\" content=\"summary_large_image\" \/>\n<meta name=\"twitter:creator\" content=\"@unipersen\" \/>\n<meta name=\"twitter:site\" content=\"@unipersen\" \/>\n<meta name=\"twitter:label1\" content=\"Yazan:\" \/>\n\t<meta name=\"twitter:data1\" content=\"Memurun Sesi Haber Merkezi\" \/>\n\t<meta name=\"twitter:label2\" content=\"Tahmini okuma s\u00fcresi\" \/>\n\t<meta name=\"twitter:data2\" content=\"1 dakika\" \/>\n<script type=\"application\/ld+json\" class=\"yoast-schema-graph\">{\"@context\":\"https:\\\/\\\/schema.org\",\"@graph\":[{\"@type\":\"Article\",\"@id\":\"https:\\\/\\\/memurunsesi.net\\\/index.php\\\/2025\\\/07\\\/11\\\/mardinde-sivrisinek-ve-haserelere-karsi-yogun-ilaclama\\\/#article\",\"isPartOf\":{\"@id\":\"https:\\\/\\\/memurunsesi.net\\\/index.php\\\/2025\\\/07\\\/11\\\/mardinde-sivrisinek-ve-haserelere-karsi-yogun-ilaclama\\\/\"},\"author\":{\"name\":\"Memurun Sesi Haber Merkezi\",\"@id\":\"https:\\\/\\\/memurunsesi.net\\\/#\\\/schema\\\/person\\\/f21c2d73b89f6ee1d80b0a1803e38587\"},\"headline\":\"Mardin&#8217;de sivrisinek ve ha\u015ferelere kar\u015f\u0131 yo\u011fun ila\u00e7lama\",\"datePublished\":\"2025-07-11T12:48:59+00:00\",\"mainEntityOfPage\":{\"@id\":\"https:\\\/\\\/memurunsesi.net\\\/index.php\\\/2025\\\/07\\\/11\\\/mardinde-sivrisinek-ve-haserelere-karsi-yogun-ilaclama\\\/\"},\"wordCount\":239,\"commentCount\":0,\"publisher\":{\"@id\":\"https:\\\/\\\/memurunsesi.net\\\/#organization\"},\"image\":{\"@id\":\"https:\\\/\\\/memurunsesi.net\\\/index.php\\\/2025\\\/07\\\/11\\\/mardinde-sivrisinek-ve-haserelere-karsi-yogun-ilaclama\\\/#primaryimage\"},\"thumbnailUrl\":\"https:\\\/\\\/memurunsesi.net\\\/wp-content\\\/uploads\\\/2025\\\/07\\\/AW494888_01.jpg\",\"inLanguage\":\"tr\",\"potentialAction\":[{\"@type\":\"CommentAction\",\"name\":\"Comment\",\"target\":[\"https:\\\/\\\/memurunsesi.net\\\/index.php\\\/2025\\\/07\\\/11\\\/mardinde-sivrisinek-ve-haserelere-karsi-yogun-ilaclama\\\/#respond\"]}]},{\"@type\":\"WebPage\",\"@id\":\"https:\\\/\\\/memurunsesi.net\\\/index.php\\\/2025\\\/07\\\/11\\\/mardinde-sivrisinek-ve-haserelere-karsi-yogun-ilaclama\\\/\",\"url\":\"https:\\\/\\\/memurunsesi.net\\\/index.php\\\/2025\\\/07\\\/11\\\/mardinde-sivrisinek-ve-haserelere-karsi-yogun-ilaclama\\\/\",\"name\":\"Mardin'de sivrisinek ve ha\u015ferelere kar\u015f\u0131 yo\u011fun ila\u00e7lama - Memurun Sesi\",\"isPartOf\":{\"@id\":\"https:\\\/\\\/memurunsesi.net\\\/#website\"},\"primaryImageOfPage\":{\"@id\":\"https:\\\/\\\/memurunsesi.net\\\/index.php\\\/2025\\\/07\\\/11\\\/mardinde-sivrisinek-ve-haserelere-karsi-yogun-ilaclama\\\/#primaryimage\"},\"image\":{\"@id\":\"https:\\\/\\\/memurunsesi.net\\\/index.php\\\/2025\\\/07\\\/11\\\/mardinde-sivrisinek-ve-haserelere-karsi-yogun-ilaclama\\\/#primaryimage\"},\"thumbnailUrl\":\"https:\\\/\\\/memurunsesi.net\\\/wp-content\\\/uploads\\\/2025\\\/07\\\/AW494888_01.jpg\",\"datePublished\":\"2025-07-11T12:48:59+00:00\",\"breadcrumb\":{\"@id\":\"https:\\\/\\\/memurunsesi.net\\\/index.php\\\/2025\\\/07\\\/11\\\/mardinde-sivrisinek-ve-haserelere-karsi-yogun-ilaclama\\\/#breadcrumb\"},\"inLanguage\":\"tr\",\"potentialAction\":[{\"@type\":\"ReadAction\",\"target\":[\"https:\\\/\\\/memurunsesi.net\\\/index.php\\\/2025\\\/07\\\/11\\\/mardinde-sivrisinek-ve-haserelere-karsi-yogun-ilaclama\\\/\"]}]},{\"@type\":\"ImageObject\",\"inLanguage\":\"tr\",\"@id\":\"https:\\\/\\\/memurunsesi.net\\\/index.php\\\/2025\\\/07\\\/11\\\/mardinde-sivrisinek-ve-haserelere-karsi-yogun-ilaclama\\\/#primaryimage\",\"url\":\"https:\\\/\\\/memurunsesi.net\\\/wp-content\\\/uploads\\\/2025\\\/07\\\/AW494888_01.jpg\",\"contentUrl\":\"https:\\\/\\\/memurunsesi.net\\\/wp-content\\\/uploads\\\/2025\\\/07\\\/AW494888_01.jpg\",\"width\":1536,\"height\":2048},{\"@type\":\"BreadcrumbList\",\"@id\":\"https:\\\/\\\/memurunsesi.net\\\/index.php\\\/2025\\\/07\\\/11\\\/mardinde-sivrisinek-ve-haserelere-karsi-yogun-ilaclama\\\/#breadcrumb\",\"itemListElement\":[{\"@type\":\"ListItem\",\"position\":1,\"name\":\"Anasayfa\",\"item\":\"https:\\\/\\\/memurunsesi.net\\\/\"},{\"@type\":\"ListItem\",\"position\":2,\"name\":\"Mardin&#8217;de sivrisinek ve ha\u015ferelere kar\u015f\u0131 yo\u011fun ila\u00e7lama\"}]},{\"@type\":\"WebSite\",\"@id\":\"https:\\\/\\\/memurunsesi.net\\\/#website\",\"url\":\"https:\\\/\\\/memurunsesi.net\\\/\",\"name\":\"Memurun Sesi\",\"description\":\"G\u00fcncel ve Do\u011fru Haber\",\"publisher\":{\"@id\":\"https:\\\/\\\/memurunsesi.net\\\/#organization\"},\"potentialAction\":[{\"@type\":\"SearchAction\",\"target\":{\"@type\":\"EntryPoint\",\"urlTemplate\":\"https:\\\/\\\/memurunsesi.net\\\/?s={search_term_string}\"},\"query-input\":{\"@type\":\"PropertyValueSpecification\",\"valueRequired\":true,\"valueName\":\"search_term_string\"}}],\"inLanguage\":\"tr\"},{\"@type\":\"Organization\",\"@id\":\"https:\\\/\\\/memurunsesi.net\\\/#organization\",\"name\":\"Memurun Sesi\",\"url\":\"https:\\\/\\\/memurunsesi.net\\\/\",\"logo\":{\"@type\":\"ImageObject\",\"inLanguage\":\"tr\",\"@id\":\"https:\\\/\\\/memurunsesi.net\\\/#\\\/schema\\\/logo\\\/image\\\/\",\"url\":\"https:\\\/\\\/memurunsesi.net\\\/wp-content\\\/uploads\\\/2025\\\/11\\\/cropped-MEMURUN-SESI.png\",\"contentUrl\":\"https:\\\/\\\/memurunsesi.net\\\/wp-content\\\/uploads\\\/2025\\\/11\\\/cropped-MEMURUN-SESI.png\",\"width\":238,\"height\":57,\"caption\":\"Memurun Sesi\"},\"image\":{\"@id\":\"https:\\\/\\\/memurunsesi.net\\\/#\\\/schema\\\/logo\\\/image\\\/\"},\"sameAs\":[\"https:\\\/\\\/www.facebook.com\\\/unipersen\\\/?locale=tr_TR\",\"https:\\\/\\\/x.com\\\/unipersen\"]},{\"@type\":\"Person\",\"@id\":\"https:\\\/\\\/memurunsesi.net\\\/#\\\/schema\\\/person\\\/f21c2d73b89f6ee1d80b0a1803e38587\",\"name\":\"Memurun Sesi Haber Merkezi\",\"image\":{\"@type\":\"ImageObject\",\"inLanguage\":\"tr\",\"@id\":\"https:\\\/\\\/secure.gravatar.com\\\/avatar\\\/6cf0505f452ee753f485014986fab09a434671d2b919ee76fc541025c5876a70?s=96&d=mm&r=g\",\"url\":\"https:\\\/\\\/secure.gravatar.com\\\/avatar\\\/6cf0505f452ee753f485014986fab09a434671d2b919ee76fc541025c5876a70?s=96&d=mm&r=g\",\"contentUrl\":\"https:\\\/\\\/secure.gravatar.com\\\/avatar\\\/6cf0505f452ee753f485014986fab09a434671d2b919ee76fc541025c5876a70?s=96&d=mm&r=g\",\"caption\":\"Memurun Sesi Haber Merkezi\"},\"sameAs\":[\"https:\\\/\\\/memurunsesi.net\"],\"url\":\"https:\\\/\\\/memurunsesi.net\\\/index.php\\\/author\\\/uniper\\\/\"}]}<\/script>\n<!-- \/ Yoast SEO plugin. -->","yoast_head_json":{"title":"Mardin'de sivrisinek ve ha\u015ferelere kar\u015f\u0131 yo\u011fun ila\u00e7lama - Memurun Sesi","robots":{"index":"index","follow":"follow","max-snippet":"max-snippet:-1","max-image-preview":"max-image-preview:large","max-video-preview":"max-video-preview:-1"},"canonical":"https:\/\/memurunsesi.net\/index.php\/2025\/07\/11\/mardinde-sivrisinek-ve-haserelere-karsi-yogun-ilaclama\/","og_locale":"tr_TR","og_type":"article","og_title":"Mardin'de sivrisinek ve ha\u015ferelere kar\u015f\u0131 yo\u011fun ila\u00e7lama - Memurun Sesi","og_description":"Yaz aylar\u0131n\u0131n gelmesiyle birlikte art\u0131\u015f g\u00f6steren sivrisinek ve ha\u015ferelere kar\u015f\u0131 Mardin B\u00fcy\u00fck\u015fehir Belediyesi Sa\u011fl\u0131k \u0130\u015fleri Daire Ba\u015fkanl\u0131\u011f\u0131 taraf\u0131ndan kent genelinde kapsaml\u0131 ila\u00e7lama \u00e7al\u0131\u015fmalar\u0131 y\u00fcr\u00fct\u00fcl\u00fcyor. Ekipler, \u015fehir merkezi, il\u00e7e, k\u0131rsal mahalleler ve mezralarda sabah ak\u015fam demeden caddeleri, sokak aralar\u0131n\u0131, ba\u011f ve bah\u00e7eleri d\u00fczenli olarak ila\u00e7l\u0131yor. \u00c7al\u0131\u015fmalar\u0131n \u00f6zellikle a\u00e7\u0131k alanda ya\u015fayan vatanda\u015flar a\u00e7\u0131s\u0131ndan b\u00fcy\u00fck \u00f6nem ta\u015f\u0131d\u0131\u011f\u0131 vurgulan\u0131yor. [&hellip;]","og_url":"https:\/\/memurunsesi.net\/index.php\/2025\/07\/11\/mardinde-sivrisinek-ve-haserelere-karsi-yogun-ilaclama\/","og_site_name":"Memurun Sesi","article_publisher":"https:\/\/www.facebook.com\/unipersen\/?locale=tr_TR","article_published_time":"2025-07-11T12:48:59+00:00","og_image":[{"width":1536,"height":2048,"url":"https:\/\/memurunsesi.net\/wp-content\/uploads\/2025\/07\/AW494888_01.jpg","type":"image\/jpeg"}],"author":"Memurun Sesi Haber Merkezi","twitter_card":"summary_large_image","twitter_creator":"@unipersen","twitter_site":"@unipersen","twitter_misc":{"Yazan:":"Memurun Sesi Haber Merkezi","Tahmini okuma s\u00fcresi":"1 dakika"},"schema":{"@context":"https:\/\/schema.org","@graph":[{"@type":"Article","@id":"https:\/\/memurunsesi.net\/index.php\/2025\/07\/11\/mardinde-sivrisinek-ve-haserelere-karsi-yogun-ilaclama\/#article","isPartOf":{"@id":"https:\/\/memurunsesi.net\/index.php\/2025\/07\/11\/mardinde-sivrisinek-ve-haserelere-karsi-yogun-ilaclama\/"},"author":{"name":"Memurun Sesi Haber Merkezi","@id":"https:\/\/memurunsesi.net\/#\/schema\/person\/f21c2d73b89f6ee1d80b0a1803e38587"},"headline":"Mardin&#8217;de sivrisinek ve ha\u015ferelere kar\u015f\u0131 yo\u011fun ila\u00e7lama","datePublished":"2025-07-11T12:48:59+00:00","mainEntityOfPage":{"@id":"https:\/\/memurunsesi.net\/index.php\/2025\/07\/11\/mardinde-sivrisinek-ve-haserelere-karsi-yogun-ilaclama\/"},"wordCount":239,"commentCount":0,"publisher":{"@id":"https:\/\/memurunsesi.net\/#organization"},"image":{"@id":"https:\/\/memurunsesi.net\/index.php\/2025\/07\/11\/mardinde-sivrisinek-ve-haserelere-karsi-yogun-ilaclama\/#primaryimage"},"thumbnailUrl":"https:\/\/memurunsesi.net\/wp-content\/uploads\/2025\/07\/AW494888_01.jpg","inLanguage":"tr","potentialAction":[{"@type":"CommentAction","name":"Comment","target":["https:\/\/memurunsesi.net\/index.php\/2025\/07\/11\/mardinde-sivrisinek-ve-haserelere-karsi-yogun-ilaclama\/#respond"]}]},{"@type":"WebPage","@id":"https:\/\/memurunsesi.net\/index.php\/2025\/07\/11\/mardinde-sivrisinek-ve-haserelere-karsi-yogun-ilaclama\/","url":"https:\/\/memurunsesi.net\/index.php\/2025\/07\/11\/mardinde-sivrisinek-ve-haserelere-karsi-yogun-ilaclama\/","name":"Mardin'de sivrisinek ve ha\u015ferelere kar\u015f\u0131 yo\u011fun ila\u00e7lama - Memurun Sesi","isPartOf":{"@id":"https:\/\/memurunsesi.net\/#website"},"primaryImageOfPage":{"@id":"https:\/\/memurunsesi.net\/index.php\/2025\/07\/11\/mardinde-sivrisinek-ve-haserelere-karsi-yogun-ilaclama\/#primaryimage"},"image":{"@id":"https:\/\/memurunsesi.net\/index.php\/2025\/07\/11\/mardinde-sivrisinek-ve-haserelere-karsi-yogun-ilaclama\/#primaryimage"},"thumbnailUrl":"https:\/\/memurunsesi.net\/wp-content\/uploads\/2025\/07\/AW494888_01.jpg","datePublished":"2025-07-11T12:48:59+00:00","breadcrumb":{"@id":"https:\/\/memurunsesi.net\/index.php\/2025\/07\/11\/mardinde-sivrisinek-ve-haserelere-karsi-yogun-ilaclama\/#breadcrumb"},"inLanguage":"tr","potentialAction":[{"@type":"ReadAction","target":["https:\/\/memurunsesi.net\/index.php\/2025\/07\/11\/mardinde-sivrisinek-ve-haserelere-karsi-yogun-ilaclama\/"]}]},{"@type":"ImageObject","inLanguage":"tr","@id":"https:\/\/memurunsesi.net\/index.php\/2025\/07\/11\/mardinde-sivrisinek-ve-haserelere-karsi-yogun-ilaclama\/#primaryimage","url":"https:\/\/memurunsesi.net\/wp-content\/uploads\/2025\/07\/AW494888_01.jpg","contentUrl":"https:\/\/memurunsesi.net\/wp-content\/uploads\/2025\/07\/AW494888_01.jpg","width":1536,"height":2048},{"@type":"BreadcrumbList","@id":"https:\/\/memurunsesi.net\/index.php\/2025\/07\/11\/mardinde-sivrisinek-ve-haserelere-karsi-yogun-ilaclama\/#breadcrumb","itemListElement":[{"@type":"ListItem","position":1,"name":"Anasayfa","item":"https:\/\/memurunsesi.net\/"},{"@type":"ListItem","position":2,"name":"Mardin&#8217;de sivrisinek ve ha\u015ferelere kar\u015f\u0131 yo\u011fun ila\u00e7lama"}]},{"@type":"WebSite","@id":"https:\/\/memurunsesi.net\/#website","url":"https:\/\/memurunsesi.net\/","name":"Memurun Sesi","description":"G\u00fcncel ve Do\u011fru Haber","publisher":{"@id":"https:\/\/memurunsesi.net\/#organization"},"potentialAction":[{"@type":"SearchAction","target":{"@type":"EntryPoint","urlTemplate":"https:\/\/memurunsesi.net\/?s={search_term_string}"},"query-input":{"@type":"PropertyValueSpecification","valueRequired":true,"valueName":"search_term_string"}}],"inLanguage":"tr"},{"@type":"Organization","@id":"https:\/\/memurunsesi.net\/#organization","name":"Memurun Sesi","url":"https:\/\/memurunsesi.net\/","logo":{"@type":"ImageObject","inLanguage":"tr","@id":"https:\/\/memurunsesi.net\/#\/schema\/logo\/image\/","url":"https:\/\/memurunsesi.net\/wp-content\/uploads\/2025\/11\/cropped-MEMURUN-SESI.png","contentUrl":"https:\/\/memurunsesi.net\/wp-content\/uploads\/2025\/11\/cropped-MEMURUN-SESI.png","width":238,"height":57,"caption":"Memurun Sesi"},"image":{"@id":"https:\/\/memurunsesi.net\/#\/schema\/logo\/image\/"},"sameAs":["https:\/\/www.facebook.com\/unipersen\/?locale=tr_TR","https:\/\/x.com\/unipersen"]},{"@type":"Person","@id":"https:\/\/memurunsesi.net\/#\/schema\/person\/f21c2d73b89f6ee1d80b0a1803e38587","name":"Memurun Sesi Haber Merkezi","image":{"@type":"ImageObject","inLanguage":"tr","@id":"https:\/\/secure.gravatar.com\/avatar\/6cf0505f452ee753f485014986fab09a434671d2b919ee76fc541025c5876a70?s=96&d=mm&r=g","url":"https:\/\/secure.gravatar.com\/avatar\/6cf0505f452ee753f485014986fab09a434671d2b919ee76fc541025c5876a70?s=96&d=mm&r=g","contentUrl":"https:\/\/secure.gravatar.com\/avatar\/6cf0505f452ee753f485014986fab09a434671d2b919ee76fc541025c5876a70?s=96&d=mm&r=g","caption":"Memurun Sesi Haber Merkezi"},"sameAs":["https:\/\/memurunsesi.net"],"url":"https:\/\/memurunsesi.net\/index.php\/author\/uniper\/"}]}},"_links":{"self":[{"href":"https:\/\/memurunsesi.net\/index.php\/wp-json\/wp\/v2\/posts\/9286","targetHints":{"allow":["GET"]}}],"collection":[{"href":"https:\/\/memurunsesi.net\/index.php\/wp-json\/wp\/v2\/posts"}],"about":[{"href":"https:\/\/memurunsesi.net\/index.php\/wp-json\/wp\/v2\/types\/post"}],"author":[{"embeddable":true,"href":"https:\/\/memurunsesi.net\/index.php\/wp-json\/wp\/v2\/users\/1"}],"replies":[{"embeddable":true,"href":"https:\/\/memurunsesi.net\/index.php\/wp-json\/wp\/v2\/comments?post=9286"}],"version-history":[{"count":1,"href":"https:\/\/memurunsesi.net\/index.php\/wp-json\/wp\/v2\/posts\/9286\/revisions"}],"predecessor-version":[{"id":9287,"href":"https:\/\/memurunsesi.net\/index.php\/wp-json\/wp\/v2\/posts\/9286\/revisions\/9287"}],"wp:featuredmedia":[{"embeddable":true,"href":"https:\/\/memurunsesi.net\/index.php\/wp-json\/wp\/v2\/media\/9284"}],"wp:attachment":[{"href":"https:\/\/memurunsesi.net\/index.php\/wp-json\/wp\/v2\/media?parent=9286"}],"wp:term":[{"taxonomy":"category","embeddable":true,"href":"https:\/\/memurunsesi.net\/index.php\/wp-json\/wp\/v2\/categories?post=9286"},{"taxonomy":"post_tag","embeddable":true,"href":"https:\/\/memurunsesi.net\/index.php\/wp-json\/wp\/v2\/tags?post=9286"}],"curies":[{"name":"wp","href":"https:\/\/api.w.org\/{rel}","templated":true}]}}