{"id":9288,"date":"2025-07-11T15:54:38","date_gmt":"2025-07-11T12:54:38","guid":{"rendered":"https:\/\/memurunsesi.net\/?p=9288"},"modified":"2025-07-11T15:54:38","modified_gmt":"2025-07-11T12:54:38","slug":"kahramanmarasta-samanlik-yangini","status":"publish","type":"post","link":"https:\/\/memurunsesi.net\/index.php\/2025\/07\/11\/kahramanmarasta-samanlik-yangini\/","title":{"rendered":"Kahramanmara\u015f&#8217;ta samanl\u0131k yang\u0131n\u0131"},"content":{"rendered":"<p>   Kahramanmara\u015f&#8217;\u0131n Dulkadiro\u011flu il\u00e7esinde samanl\u0131kta \u00e7\u0131kan yang\u0131n itfaiye ekiplerinin m\u00fcdahalesi ile s\u00f6nd\u00fcr\u00fcld\u00fc.<br \/>\nYang\u0131n, Dulkadiro\u011flu il\u00e7esi Ey\u00fcp Sultan Mahallesi&#8217;nde bir samanl\u0131kta \u00e7\u0131kt\u0131. Hen\u00fcz \u00e7\u0131k\u0131\u015f nedeni bilinmeyen yang\u0131n, vatanda\u015flar taraf\u0131ndan itfaiye ekiplerine bildirdi. B\u00f6lgeye sevk edilen ekipleri yang\u0131na m\u00fcdahale etti. Saman balyalar\u0131n\u0131n tutu\u015ftu\u011fu yang\u0131n\u0131 ekipler s\u00f6nd\u00fcrd\u00fc.<br \/>\n  Yang\u0131nda can kayb\u0131 ya\u015fanmazken maddi zarar olu\u015ftu. <\/p>\n<p>11.07.2025                           <\/p>\n","protected":false},"excerpt":{"rendered":"<p>Kahramanmara\u015f&#8217;\u0131n Dulkadiro\u011flu il\u00e7esinde samanl\u0131kta \u00e7\u0131kan yang\u0131n itfaiye ekiplerinin m\u00fcdahalesi ile s\u00f6nd\u00fcr\u00fcld\u00fc. Yang\u0131n, Dulkadiro\u011flu il\u00e7esi Ey\u00fcp Sultan Mahallesi&#8217;nde bir samanl\u0131kta \u00e7\u0131kt\u0131. Hen\u00fcz \u00e7\u0131k\u0131\u015f nedeni bilinmeyen yang\u0131n, vatanda\u015flar taraf\u0131ndan itfaiye ekiplerine bildirdi. B\u00f6lgeye sevk edilen ekipleri yang\u0131na m\u00fcdahale etti. Saman balyalar\u0131n\u0131n tutu\u015ftu\u011fu yang\u0131n\u0131 ekipler s\u00f6nd\u00fcrd\u00fc. Yang\u0131nda can kayb\u0131 ya\u015fanmazken maddi zarar olu\u015ftu. 11.07.2025<\/p>\n","protected":false},"author":1,"featured_media":9289,"comment_status":"open","ping_status":"open","sticky":false,"template":"","format":"standard","meta":{"footnotes":""},"categories":[1],"tags":[],"class_list":["post-9288","post","type-post","status-publish","format-standard","has-post-thumbnail","hentry","category-genel"],"yoast_head":"<!-- This site is optimized with the Yoast SEO plugin v27.4 - https:\/\/yoast.com\/product\/yoast-seo-wordpress\/ -->\n<title>Kahramanmara\u015f&#039;ta samanl\u0131k yang\u0131n\u0131 - Memurun Sesi<\/title>\n<meta name=\"robots\" content=\"index, follow, max-snippet:-1, max-image-preview:large, max-video-preview:-1\" \/>\n<link rel=\"canonical\" href=\"https:\/\/memurunsesi.net\/index.php\/2025\/07\/11\/kahramanmarasta-samanlik-yangini\/\" \/>\n<meta property=\"og:locale\" content=\"tr_TR\" \/>\n<meta property=\"og:type\" content=\"article\" \/>\n<meta property=\"og:title\" content=\"Kahramanmara\u015f&#039;ta samanl\u0131k yang\u0131n\u0131 - Memurun Sesi\" \/>\n<meta property=\"og:description\" content=\"Kahramanmara\u015f&#8217;\u0131n Dulkadiro\u011flu il\u00e7esinde samanl\u0131kta \u00e7\u0131kan yang\u0131n itfaiye ekiplerinin m\u00fcdahalesi ile s\u00f6nd\u00fcr\u00fcld\u00fc. Yang\u0131n, Dulkadiro\u011flu il\u00e7esi Ey\u00fcp Sultan Mahallesi&#8217;nde bir samanl\u0131kta \u00e7\u0131kt\u0131. Hen\u00fcz \u00e7\u0131k\u0131\u015f nedeni bilinmeyen yang\u0131n, vatanda\u015flar taraf\u0131ndan itfaiye ekiplerine bildirdi. B\u00f6lgeye sevk edilen ekipleri yang\u0131na m\u00fcdahale etti. Saman balyalar\u0131n\u0131n tutu\u015ftu\u011fu yang\u0131n\u0131 ekipler s\u00f6nd\u00fcrd\u00fc. Yang\u0131nda can kayb\u0131 ya\u015fanmazken maddi zarar olu\u015ftu. 11.07.2025\" \/>\n<meta property=\"og:url\" content=\"https:\/\/memurunsesi.net\/index.php\/2025\/07\/11\/kahramanmarasta-samanlik-yangini\/\" \/>\n<meta property=\"og:site_name\" content=\"Memurun Sesi\" \/>\n<meta property=\"article:publisher\" content=\"https:\/\/www.facebook.com\/unipersen\/?locale=tr_TR\" \/>\n<meta property=\"article:published_time\" content=\"2025-07-11T12:54:38+00:00\" \/>\n<meta property=\"og:image\" content=\"https:\/\/memurunsesi.net\/wp-content\/uploads\/2025\/07\/AW495156_01.jpg\" \/>\n\t<meta property=\"og:image:width\" content=\"921\" \/>\n\t<meta property=\"og:image:height\" content=\"628\" \/>\n\t<meta property=\"og:image:type\" content=\"image\/jpeg\" \/>\n<meta name=\"author\" content=\"Memurun Sesi Haber Merkezi\" \/>\n<meta name=\"twitter:card\" content=\"summary_large_image\" \/>\n<meta name=\"twitter:creator\" content=\"@unipersen\" \/>\n<meta name=\"twitter:site\" content=\"@unipersen\" \/>\n<meta name=\"twitter:label1\" content=\"Yazan:\" \/>\n\t<meta name=\"twitter:data1\" content=\"Memurun Sesi Haber Merkezi\" \/>\n\t<meta name=\"twitter:label2\" content=\"Tahmini okuma s\u00fcresi\" \/>\n\t<meta name=\"twitter:data2\" content=\"1 dakika\" \/>\n<script type=\"application\/ld+json\" class=\"yoast-schema-graph\">{\"@context\":\"https:\\\/\\\/schema.org\",\"@graph\":[{\"@type\":\"Article\",\"@id\":\"https:\\\/\\\/memurunsesi.net\\\/index.php\\\/2025\\\/07\\\/11\\\/kahramanmarasta-samanlik-yangini\\\/#article\",\"isPartOf\":{\"@id\":\"https:\\\/\\\/memurunsesi.net\\\/index.php\\\/2025\\\/07\\\/11\\\/kahramanmarasta-samanlik-yangini\\\/\"},\"author\":{\"name\":\"Memurun Sesi Haber Merkezi\",\"@id\":\"https:\\\/\\\/memurunsesi.net\\\/#\\\/schema\\\/person\\\/f21c2d73b89f6ee1d80b0a1803e38587\"},\"headline\":\"Kahramanmara\u015f&#8217;ta samanl\u0131k yang\u0131n\u0131\",\"datePublished\":\"2025-07-11T12:54:38+00:00\",\"mainEntityOfPage\":{\"@id\":\"https:\\\/\\\/memurunsesi.net\\\/index.php\\\/2025\\\/07\\\/11\\\/kahramanmarasta-samanlik-yangini\\\/\"},\"wordCount\":88,\"commentCount\":0,\"publisher\":{\"@id\":\"https:\\\/\\\/memurunsesi.net\\\/#organization\"},\"image\":{\"@id\":\"https:\\\/\\\/memurunsesi.net\\\/index.php\\\/2025\\\/07\\\/11\\\/kahramanmarasta-samanlik-yangini\\\/#primaryimage\"},\"thumbnailUrl\":\"https:\\\/\\\/memurunsesi.net\\\/wp-content\\\/uploads\\\/2025\\\/07\\\/AW495156_01.jpg\",\"inLanguage\":\"tr\",\"potentialAction\":[{\"@type\":\"CommentAction\",\"name\":\"Comment\",\"target\":[\"https:\\\/\\\/memurunsesi.net\\\/index.php\\\/2025\\\/07\\\/11\\\/kahramanmarasta-samanlik-yangini\\\/#respond\"]}]},{\"@type\":\"WebPage\",\"@id\":\"https:\\\/\\\/memurunsesi.net\\\/index.php\\\/2025\\\/07\\\/11\\\/kahramanmarasta-samanlik-yangini\\\/\",\"url\":\"https:\\\/\\\/memurunsesi.net\\\/index.php\\\/2025\\\/07\\\/11\\\/kahramanmarasta-samanlik-yangini\\\/\",\"name\":\"Kahramanmara\u015f'ta samanl\u0131k yang\u0131n\u0131 - Memurun Sesi\",\"isPartOf\":{\"@id\":\"https:\\\/\\\/memurunsesi.net\\\/#website\"},\"primaryImageOfPage\":{\"@id\":\"https:\\\/\\\/memurunsesi.net\\\/index.php\\\/2025\\\/07\\\/11\\\/kahramanmarasta-samanlik-yangini\\\/#primaryimage\"},\"image\":{\"@id\":\"https:\\\/\\\/memurunsesi.net\\\/index.php\\\/2025\\\/07\\\/11\\\/kahramanmarasta-samanlik-yangini\\\/#primaryimage\"},\"thumbnailUrl\":\"https:\\\/\\\/memurunsesi.net\\\/wp-content\\\/uploads\\\/2025\\\/07\\\/AW495156_01.jpg\",\"datePublished\":\"2025-07-11T12:54:38+00:00\",\"breadcrumb\":{\"@id\":\"https:\\\/\\\/memurunsesi.net\\\/index.php\\\/2025\\\/07\\\/11\\\/kahramanmarasta-samanlik-yangini\\\/#breadcrumb\"},\"inLanguage\":\"tr\",\"potentialAction\":[{\"@type\":\"ReadAction\",\"target\":[\"https:\\\/\\\/memurunsesi.net\\\/index.php\\\/2025\\\/07\\\/11\\\/kahramanmarasta-samanlik-yangini\\\/\"]}]},{\"@type\":\"ImageObject\",\"inLanguage\":\"tr\",\"@id\":\"https:\\\/\\\/memurunsesi.net\\\/index.php\\\/2025\\\/07\\\/11\\\/kahramanmarasta-samanlik-yangini\\\/#primaryimage\",\"url\":\"https:\\\/\\\/memurunsesi.net\\\/wp-content\\\/uploads\\\/2025\\\/07\\\/AW495156_01.jpg\",\"contentUrl\":\"https:\\\/\\\/memurunsesi.net\\\/wp-content\\\/uploads\\\/2025\\\/07\\\/AW495156_01.jpg\",\"width\":921,\"height\":628,\"caption\":\"KAHRAMANMARA\u015e'TA SAMANLIKTA \u00c7IKAN YANGIN \u0130TFA\u0130YE EK\u0130PLER\u0130N\u0130N M\u00dcDAHALES\u0130 \u0130LE S\u00d6ND\u00dcR\u00dcLD\u00dc (HAL\u0130L ULUBEY\\\/KAHRAMANMARA\u015e-\u0130HA) Kahramanmara\u015f'\u0131n Dulkadiro\u011flu il\u00e7esinde samanl\u0131kta \u00e7\u0131kan yang\u0131n itfaiye ekiplerinin m\u00fcdahalesi ile s\u00f6nd\u00fcr\u00fcld\u00fc.\"},{\"@type\":\"BreadcrumbList\",\"@id\":\"https:\\\/\\\/memurunsesi.net\\\/index.php\\\/2025\\\/07\\\/11\\\/kahramanmarasta-samanlik-yangini\\\/#breadcrumb\",\"itemListElement\":[{\"@type\":\"ListItem\",\"position\":1,\"name\":\"Anasayfa\",\"item\":\"https:\\\/\\\/memurunsesi.net\\\/\"},{\"@type\":\"ListItem\",\"position\":2,\"name\":\"Kahramanmara\u015f&#8217;ta samanl\u0131k yang\u0131n\u0131\"}]},{\"@type\":\"WebSite\",\"@id\":\"https:\\\/\\\/memurunsesi.net\\\/#website\",\"url\":\"https:\\\/\\\/memurunsesi.net\\\/\",\"name\":\"Memurun Sesi\",\"description\":\"G\u00fcncel ve Do\u011fru Haber\",\"publisher\":{\"@id\":\"https:\\\/\\\/memurunsesi.net\\\/#organization\"},\"potentialAction\":[{\"@type\":\"SearchAction\",\"target\":{\"@type\":\"EntryPoint\",\"urlTemplate\":\"https:\\\/\\\/memurunsesi.net\\\/?s={search_term_string}\"},\"query-input\":{\"@type\":\"PropertyValueSpecification\",\"valueRequired\":true,\"valueName\":\"search_term_string\"}}],\"inLanguage\":\"tr\"},{\"@type\":\"Organization\",\"@id\":\"https:\\\/\\\/memurunsesi.net\\\/#organization\",\"name\":\"Memurun Sesi\",\"url\":\"https:\\\/\\\/memurunsesi.net\\\/\",\"logo\":{\"@type\":\"ImageObject\",\"inLanguage\":\"tr\",\"@id\":\"https:\\\/\\\/memurunsesi.net\\\/#\\\/schema\\\/logo\\\/image\\\/\",\"url\":\"https:\\\/\\\/memurunsesi.net\\\/wp-content\\\/uploads\\\/2025\\\/11\\\/cropped-MEMURUN-SESI.png\",\"contentUrl\":\"https:\\\/\\\/memurunsesi.net\\\/wp-content\\\/uploads\\\/2025\\\/11\\\/cropped-MEMURUN-SESI.png\",\"width\":238,\"height\":57,\"caption\":\"Memurun Sesi\"},\"image\":{\"@id\":\"https:\\\/\\\/memurunsesi.net\\\/#\\\/schema\\\/logo\\\/image\\\/\"},\"sameAs\":[\"https:\\\/\\\/www.facebook.com\\\/unipersen\\\/?locale=tr_TR\",\"https:\\\/\\\/x.com\\\/unipersen\"]},{\"@type\":\"Person\",\"@id\":\"https:\\\/\\\/memurunsesi.net\\\/#\\\/schema\\\/person\\\/f21c2d73b89f6ee1d80b0a1803e38587\",\"name\":\"Memurun Sesi Haber Merkezi\",\"image\":{\"@type\":\"ImageObject\",\"inLanguage\":\"tr\",\"@id\":\"https:\\\/\\\/secure.gravatar.com\\\/avatar\\\/6cf0505f452ee753f485014986fab09a434671d2b919ee76fc541025c5876a70?s=96&d=mm&r=g\",\"url\":\"https:\\\/\\\/secure.gravatar.com\\\/avatar\\\/6cf0505f452ee753f485014986fab09a434671d2b919ee76fc541025c5876a70?s=96&d=mm&r=g\",\"contentUrl\":\"https:\\\/\\\/secure.gravatar.com\\\/avatar\\\/6cf0505f452ee753f485014986fab09a434671d2b919ee76fc541025c5876a70?s=96&d=mm&r=g\",\"caption\":\"Memurun Sesi Haber Merkezi\"},\"sameAs\":[\"https:\\\/\\\/memurunsesi.net\"],\"url\":\"https:\\\/\\\/memurunsesi.net\\\/index.php\\\/author\\\/uniper\\\/\"}]}<\/script>\n<!-- \/ Yoast SEO plugin. -->","yoast_head_json":{"title":"Kahramanmara\u015f'ta samanl\u0131k yang\u0131n\u0131 - Memurun Sesi","robots":{"index":"index","follow":"follow","max-snippet":"max-snippet:-1","max-image-preview":"max-image-preview:large","max-video-preview":"max-video-preview:-1"},"canonical":"https:\/\/memurunsesi.net\/index.php\/2025\/07\/11\/kahramanmarasta-samanlik-yangini\/","og_locale":"tr_TR","og_type":"article","og_title":"Kahramanmara\u015f'ta samanl\u0131k yang\u0131n\u0131 - Memurun Sesi","og_description":"Kahramanmara\u015f&#8217;\u0131n Dulkadiro\u011flu il\u00e7esinde samanl\u0131kta \u00e7\u0131kan yang\u0131n itfaiye ekiplerinin m\u00fcdahalesi ile s\u00f6nd\u00fcr\u00fcld\u00fc. Yang\u0131n, Dulkadiro\u011flu il\u00e7esi Ey\u00fcp Sultan Mahallesi&#8217;nde bir samanl\u0131kta \u00e7\u0131kt\u0131. Hen\u00fcz \u00e7\u0131k\u0131\u015f nedeni bilinmeyen yang\u0131n, vatanda\u015flar taraf\u0131ndan itfaiye ekiplerine bildirdi. B\u00f6lgeye sevk edilen ekipleri yang\u0131na m\u00fcdahale etti. Saman balyalar\u0131n\u0131n tutu\u015ftu\u011fu yang\u0131n\u0131 ekipler s\u00f6nd\u00fcrd\u00fc. Yang\u0131nda can kayb\u0131 ya\u015fanmazken maddi zarar olu\u015ftu. 11.07.2025","og_url":"https:\/\/memurunsesi.net\/index.php\/2025\/07\/11\/kahramanmarasta-samanlik-yangini\/","og_site_name":"Memurun Sesi","article_publisher":"https:\/\/www.facebook.com\/unipersen\/?locale=tr_TR","article_published_time":"2025-07-11T12:54:38+00:00","og_image":[{"width":921,"height":628,"url":"https:\/\/memurunsesi.net\/wp-content\/uploads\/2025\/07\/AW495156_01.jpg","type":"image\/jpeg"}],"author":"Memurun Sesi Haber Merkezi","twitter_card":"summary_large_image","twitter_creator":"@unipersen","twitter_site":"@unipersen","twitter_misc":{"Yazan:":"Memurun Sesi Haber Merkezi","Tahmini okuma s\u00fcresi":"1 dakika"},"schema":{"@context":"https:\/\/schema.org","@graph":[{"@type":"Article","@id":"https:\/\/memurunsesi.net\/index.php\/2025\/07\/11\/kahramanmarasta-samanlik-yangini\/#article","isPartOf":{"@id":"https:\/\/memurunsesi.net\/index.php\/2025\/07\/11\/kahramanmarasta-samanlik-yangini\/"},"author":{"name":"Memurun Sesi Haber Merkezi","@id":"https:\/\/memurunsesi.net\/#\/schema\/person\/f21c2d73b89f6ee1d80b0a1803e38587"},"headline":"Kahramanmara\u015f&#8217;ta samanl\u0131k yang\u0131n\u0131","datePublished":"2025-07-11T12:54:38+00:00","mainEntityOfPage":{"@id":"https:\/\/memurunsesi.net\/index.php\/2025\/07\/11\/kahramanmarasta-samanlik-yangini\/"},"wordCount":88,"commentCount":0,"publisher":{"@id":"https:\/\/memurunsesi.net\/#organization"},"image":{"@id":"https:\/\/memurunsesi.net\/index.php\/2025\/07\/11\/kahramanmarasta-samanlik-yangini\/#primaryimage"},"thumbnailUrl":"https:\/\/memurunsesi.net\/wp-content\/uploads\/2025\/07\/AW495156_01.jpg","inLanguage":"tr","potentialAction":[{"@type":"CommentAction","name":"Comment","target":["https:\/\/memurunsesi.net\/index.php\/2025\/07\/11\/kahramanmarasta-samanlik-yangini\/#respond"]}]},{"@type":"WebPage","@id":"https:\/\/memurunsesi.net\/index.php\/2025\/07\/11\/kahramanmarasta-samanlik-yangini\/","url":"https:\/\/memurunsesi.net\/index.php\/2025\/07\/11\/kahramanmarasta-samanlik-yangini\/","name":"Kahramanmara\u015f'ta samanl\u0131k yang\u0131n\u0131 - Memurun Sesi","isPartOf":{"@id":"https:\/\/memurunsesi.net\/#website"},"primaryImageOfPage":{"@id":"https:\/\/memurunsesi.net\/index.php\/2025\/07\/11\/kahramanmarasta-samanlik-yangini\/#primaryimage"},"image":{"@id":"https:\/\/memurunsesi.net\/index.php\/2025\/07\/11\/kahramanmarasta-samanlik-yangini\/#primaryimage"},"thumbnailUrl":"https:\/\/memurunsesi.net\/wp-content\/uploads\/2025\/07\/AW495156_01.jpg","datePublished":"2025-07-11T12:54:38+00:00","breadcrumb":{"@id":"https:\/\/memurunsesi.net\/index.php\/2025\/07\/11\/kahramanmarasta-samanlik-yangini\/#breadcrumb"},"inLanguage":"tr","potentialAction":[{"@type":"ReadAction","target":["https:\/\/memurunsesi.net\/index.php\/2025\/07\/11\/kahramanmarasta-samanlik-yangini\/"]}]},{"@type":"ImageObject","inLanguage":"tr","@id":"https:\/\/memurunsesi.net\/index.php\/2025\/07\/11\/kahramanmarasta-samanlik-yangini\/#primaryimage","url":"https:\/\/memurunsesi.net\/wp-content\/uploads\/2025\/07\/AW495156_01.jpg","contentUrl":"https:\/\/memurunsesi.net\/wp-content\/uploads\/2025\/07\/AW495156_01.jpg","width":921,"height":628,"caption":"KAHRAMANMARA\u015e'TA SAMANLIKTA \u00c7IKAN YANGIN \u0130TFA\u0130YE EK\u0130PLER\u0130N\u0130N M\u00dcDAHALES\u0130 \u0130LE S\u00d6ND\u00dcR\u00dcLD\u00dc (HAL\u0130L ULUBEY\/KAHRAMANMARA\u015e-\u0130HA) Kahramanmara\u015f'\u0131n Dulkadiro\u011flu il\u00e7esinde samanl\u0131kta \u00e7\u0131kan yang\u0131n itfaiye ekiplerinin m\u00fcdahalesi ile s\u00f6nd\u00fcr\u00fcld\u00fc."},{"@type":"BreadcrumbList","@id":"https:\/\/memurunsesi.net\/index.php\/2025\/07\/11\/kahramanmarasta-samanlik-yangini\/#breadcrumb","itemListElement":[{"@type":"ListItem","position":1,"name":"Anasayfa","item":"https:\/\/memurunsesi.net\/"},{"@type":"ListItem","position":2,"name":"Kahramanmara\u015f&#8217;ta samanl\u0131k yang\u0131n\u0131"}]},{"@type":"WebSite","@id":"https:\/\/memurunsesi.net\/#website","url":"https:\/\/memurunsesi.net\/","name":"Memurun Sesi","description":"G\u00fcncel ve Do\u011fru Haber","publisher":{"@id":"https:\/\/memurunsesi.net\/#organization"},"potentialAction":[{"@type":"SearchAction","target":{"@type":"EntryPoint","urlTemplate":"https:\/\/memurunsesi.net\/?s={search_term_string}"},"query-input":{"@type":"PropertyValueSpecification","valueRequired":true,"valueName":"search_term_string"}}],"inLanguage":"tr"},{"@type":"Organization","@id":"https:\/\/memurunsesi.net\/#organization","name":"Memurun Sesi","url":"https:\/\/memurunsesi.net\/","logo":{"@type":"ImageObject","inLanguage":"tr","@id":"https:\/\/memurunsesi.net\/#\/schema\/logo\/image\/","url":"https:\/\/memurunsesi.net\/wp-content\/uploads\/2025\/11\/cropped-MEMURUN-SESI.png","contentUrl":"https:\/\/memurunsesi.net\/wp-content\/uploads\/2025\/11\/cropped-MEMURUN-SESI.png","width":238,"height":57,"caption":"Memurun Sesi"},"image":{"@id":"https:\/\/memurunsesi.net\/#\/schema\/logo\/image\/"},"sameAs":["https:\/\/www.facebook.com\/unipersen\/?locale=tr_TR","https:\/\/x.com\/unipersen"]},{"@type":"Person","@id":"https:\/\/memurunsesi.net\/#\/schema\/person\/f21c2d73b89f6ee1d80b0a1803e38587","name":"Memurun Sesi Haber Merkezi","image":{"@type":"ImageObject","inLanguage":"tr","@id":"https:\/\/secure.gravatar.com\/avatar\/6cf0505f452ee753f485014986fab09a434671d2b919ee76fc541025c5876a70?s=96&d=mm&r=g","url":"https:\/\/secure.gravatar.com\/avatar\/6cf0505f452ee753f485014986fab09a434671d2b919ee76fc541025c5876a70?s=96&d=mm&r=g","contentUrl":"https:\/\/secure.gravatar.com\/avatar\/6cf0505f452ee753f485014986fab09a434671d2b919ee76fc541025c5876a70?s=96&d=mm&r=g","caption":"Memurun Sesi Haber Merkezi"},"sameAs":["https:\/\/memurunsesi.net"],"url":"https:\/\/memurunsesi.net\/index.php\/author\/uniper\/"}]}},"_links":{"self":[{"href":"https:\/\/memurunsesi.net\/index.php\/wp-json\/wp\/v2\/posts\/9288","targetHints":{"allow":["GET"]}}],"collection":[{"href":"https:\/\/memurunsesi.net\/index.php\/wp-json\/wp\/v2\/posts"}],"about":[{"href":"https:\/\/memurunsesi.net\/index.php\/wp-json\/wp\/v2\/types\/post"}],"author":[{"embeddable":true,"href":"https:\/\/memurunsesi.net\/index.php\/wp-json\/wp\/v2\/users\/1"}],"replies":[{"embeddable":true,"href":"https:\/\/memurunsesi.net\/index.php\/wp-json\/wp\/v2\/comments?post=9288"}],"version-history":[{"count":1,"href":"https:\/\/memurunsesi.net\/index.php\/wp-json\/wp\/v2\/posts\/9288\/revisions"}],"predecessor-version":[{"id":9290,"href":"https:\/\/memurunsesi.net\/index.php\/wp-json\/wp\/v2\/posts\/9288\/revisions\/9290"}],"wp:featuredmedia":[{"embeddable":true,"href":"https:\/\/memurunsesi.net\/index.php\/wp-json\/wp\/v2\/media\/9289"}],"wp:attachment":[{"href":"https:\/\/memurunsesi.net\/index.php\/wp-json\/wp\/v2\/media?parent=9288"}],"wp:term":[{"taxonomy":"category","embeddable":true,"href":"https:\/\/memurunsesi.net\/index.php\/wp-json\/wp\/v2\/categories?post=9288"},{"taxonomy":"post_tag","embeddable":true,"href":"https:\/\/memurunsesi.net\/index.php\/wp-json\/wp\/v2\/tags?post=9288"}],"curies":[{"name":"wp","href":"https:\/\/api.w.org\/{rel}","templated":true}]}}