{"id":9294,"date":"2025-07-14T14:09:49","date_gmt":"2025-07-14T11:09:49","guid":{"rendered":"https:\/\/memurunsesi.net\/?p=9294"},"modified":"2025-07-14T14:09:49","modified_gmt":"2025-07-14T11:09:49","slug":"gurbetcilerin-binlerce-kilometrelik-sila-yolculugu-kapikulede-son-buluyor","status":"publish","type":"post","link":"https:\/\/memurunsesi.net\/index.php\/2025\/07\/14\/gurbetcilerin-binlerce-kilometrelik-sila-yolculugu-kapikulede-son-buluyor\/","title":{"rendered":"Gurbet\u00e7ilerin binlerce kilometrelik s\u0131la yolculu\u011fu Kap\u0131kule&#8217;de son buluyor"},"content":{"rendered":"<p>  &#8211; S\u0131la yolculu\u011fu Kap\u0131kule&#8217;de hasretle son buluyor <\/p>\n<p>  Y\u0131ll\u0131k izinlerini memleketlerinde ge\u00e7irmek isteyen gurbet\u00e7iler, Kap\u0131kule S\u0131n\u0131r Kap\u0131s\u0131&#8217;nda yo\u011funluk olu\u015fturdu. A\u015f\u0131r\u0131 s\u0131caklara ve uzun yolculu\u011fa ald\u0131r\u0131\u015f etmeyen vatanda\u015flar, yurda giri\u015f yapman\u0131n sevincini ya\u015fad\u0131.<br \/>\n  Avrupa&#8217;n\u0131n \u00e7e\u015fitli \u00fclkelerinde ya\u015fayan T\u00fcrk vatanda\u015flar\u0131, izin sezonunun ba\u015flamas\u0131yla ana vatana d\u00f6n\u00fc\u015f yoluna d\u00fc\u015ft\u00fc. Binlerce kilometre yol yapan gurbet\u00e7iler, Edirne&#8217;deki Kap\u0131kule S\u0131n\u0131r Kap\u0131s\u0131&#8217;nda uzun ara\u00e7 kuyruklar\u0131 olu\u015fturdu.<br \/>\n  S\u0131cak hava ve zorlu yolculu\u011fa ra\u011fmen memleket hasretiyle yollara d\u00fc\u015fen vatanda\u015flar, T\u00fcrkiye&#8217;ye giri\u015fte duygusal anlar ya\u015fad\u0131. Baz\u0131 vatanda\u015flar s\u0131n\u0131r kap\u0131s\u0131nda ara\u00e7lar\u0131ndan inerek vatan \u00f6zlemini di\u011fer gurbet\u00e7ilerle sohbet ederek ge\u00e7irirken, kimileri de ailelerine kavu\u015fman\u0131n mutlulu\u011funu ya\u015fad\u0131.<br \/>\n  Y\u0131ll\u0131k izin d\u00f6neminin ba\u015flamas\u0131yla Kap\u0131kule&#8217;de hareketlili\u011fin ilerleyen g\u00fcnlerde daha da artmas\u0131 bekleniyor. <\/p>\n<p>  &#8220;Bu bayra\u011f\u0131n alt\u0131nda olmak bamba\u015fka bir duygu&#8221;<br \/>\n  Almanya&#8217;n\u0131n Frankfurt kentinden memleketine gelen Fatih Bulur, vatan hasretini dile getirerek, &#8220;Frankfurt&#8217;tan geliyorum. Memleketime \u00f6zlemle ve hasretle geldik. Tatilimizi yap\u0131p in\u015fallah sa\u011f salim d\u00f6nece\u011fiz. Bu bayra\u011f\u0131n alt\u0131nda olmak bamba\u015fka bir duygu. Anlat\u0131lmaz, ya\u015fan\u0131r. O his insan\u0131n i\u00e7ini dolduruyor ve her \u015feyi unutturuyor. Vatan sevgisi tarif edilemez&#8221; dedi. <\/p>\n<p>  &#8220;Topra\u011fa bast\u0131ktan sonra her \u015feyi unutuyoruz&#8221;<br \/>\n  Gurbet\u00e7ilerden Ayla Batur ise memleketine kavu\u015fman\u0131n mutlulu\u011funu dile getirerek, &#8220;Yol boyunca bir heyecan, bir heves oluyor. Yoruluyoruz ama bu bayra\u011f\u0131 g\u00f6rd\u00fckten, topra\u011fa bast\u0131ktan sonra her \u015feyi unutuyoruz. Ger\u00e7ekten tarif edilemez bir duygu&#8221; diye konu\u015ftu. <\/p>\n<p>14.07.2025                                 <\/p>\n","protected":false},"excerpt":{"rendered":"<p>&#8211; S\u0131la yolculu\u011fu Kap\u0131kule&#8217;de hasretle son buluyor Y\u0131ll\u0131k izinlerini memleketlerinde ge\u00e7irmek isteyen gurbet\u00e7iler, Kap\u0131kule S\u0131n\u0131r Kap\u0131s\u0131&#8217;nda yo\u011funluk olu\u015fturdu. A\u015f\u0131r\u0131 s\u0131caklara ve uzun yolculu\u011fa ald\u0131r\u0131\u015f etmeyen vatanda\u015flar, yurda giri\u015f yapman\u0131n sevincini ya\u015fad\u0131. Avrupa&#8217;n\u0131n \u00e7e\u015fitli \u00fclkelerinde ya\u015fayan T\u00fcrk vatanda\u015flar\u0131, izin sezonunun ba\u015flamas\u0131yla ana vatana d\u00f6n\u00fc\u015f yoluna d\u00fc\u015ft\u00fc. Binlerce kilometre yol yapan gurbet\u00e7iler, Edirne&#8217;deki Kap\u0131kule S\u0131n\u0131r Kap\u0131s\u0131&#8217;nda uzun [&hellip;]<\/p>\n","protected":false},"author":1,"featured_media":9295,"comment_status":"open","ping_status":"open","sticky":false,"template":"","format":"standard","meta":{"footnotes":""},"categories":[45],"tags":[],"class_list":["post-9294","post","type-post","status-publish","format-standard","has-post-thumbnail","hentry","category-gundem"],"yoast_head":"<!-- This site is optimized with the Yoast SEO plugin v27.4 - https:\/\/yoast.com\/product\/yoast-seo-wordpress\/ -->\n<title>Gurbet\u00e7ilerin binlerce kilometrelik s\u0131la yolculu\u011fu Kap\u0131kule&#039;de son buluyor - Memurun Sesi<\/title>\n<meta name=\"robots\" content=\"index, follow, max-snippet:-1, max-image-preview:large, max-video-preview:-1\" \/>\n<link rel=\"canonical\" href=\"https:\/\/memurunsesi.net\/index.php\/2025\/07\/14\/gurbetcilerin-binlerce-kilometrelik-sila-yolculugu-kapikulede-son-buluyor\/\" \/>\n<meta property=\"og:locale\" content=\"tr_TR\" \/>\n<meta property=\"og:type\" content=\"article\" \/>\n<meta property=\"og:title\" content=\"Gurbet\u00e7ilerin binlerce kilometrelik s\u0131la yolculu\u011fu Kap\u0131kule&#039;de son buluyor - Memurun Sesi\" \/>\n<meta property=\"og:description\" content=\"&#8211; S\u0131la yolculu\u011fu Kap\u0131kule&#8217;de hasretle son buluyor Y\u0131ll\u0131k izinlerini memleketlerinde ge\u00e7irmek isteyen gurbet\u00e7iler, Kap\u0131kule S\u0131n\u0131r Kap\u0131s\u0131&#8217;nda yo\u011funluk olu\u015fturdu. A\u015f\u0131r\u0131 s\u0131caklara ve uzun yolculu\u011fa ald\u0131r\u0131\u015f etmeyen vatanda\u015flar, yurda giri\u015f yapman\u0131n sevincini ya\u015fad\u0131. Avrupa&#8217;n\u0131n \u00e7e\u015fitli \u00fclkelerinde ya\u015fayan T\u00fcrk vatanda\u015flar\u0131, izin sezonunun ba\u015flamas\u0131yla ana vatana d\u00f6n\u00fc\u015f yoluna d\u00fc\u015ft\u00fc. Binlerce kilometre yol yapan gurbet\u00e7iler, Edirne&#8217;deki Kap\u0131kule S\u0131n\u0131r Kap\u0131s\u0131&#8217;nda uzun [&hellip;]\" \/>\n<meta property=\"og:url\" content=\"https:\/\/memurunsesi.net\/index.php\/2025\/07\/14\/gurbetcilerin-binlerce-kilometrelik-sila-yolculugu-kapikulede-son-buluyor\/\" \/>\n<meta property=\"og:site_name\" content=\"Memurun Sesi\" \/>\n<meta property=\"article:publisher\" content=\"https:\/\/www.facebook.com\/unipersen\/?locale=tr_TR\" \/>\n<meta property=\"article:published_time\" content=\"2025-07-14T11:09:49+00:00\" \/>\n<meta property=\"og:image\" content=\"https:\/\/memurunsesi.net\/wp-content\/uploads\/2025\/07\/AW496767_01-scaled.jpg\" \/>\n\t<meta property=\"og:image:width\" content=\"2560\" \/>\n\t<meta property=\"og:image:height\" content=\"1440\" \/>\n\t<meta property=\"og:image:type\" content=\"image\/jpeg\" \/>\n<meta name=\"author\" content=\"Memurun Sesi Haber Merkezi\" \/>\n<meta name=\"twitter:card\" content=\"summary_large_image\" \/>\n<meta name=\"twitter:creator\" content=\"@unipersen\" \/>\n<meta name=\"twitter:site\" content=\"@unipersen\" \/>\n<meta name=\"twitter:label1\" content=\"Yazan:\" \/>\n\t<meta name=\"twitter:data1\" content=\"Memurun Sesi Haber Merkezi\" \/>\n\t<meta name=\"twitter:label2\" content=\"Tahmini okuma s\u00fcresi\" \/>\n\t<meta name=\"twitter:data2\" content=\"1 dakika\" \/>\n<script type=\"application\/ld+json\" class=\"yoast-schema-graph\">{\"@context\":\"https:\\\/\\\/schema.org\",\"@graph\":[{\"@type\":\"Article\",\"@id\":\"https:\\\/\\\/memurunsesi.net\\\/index.php\\\/2025\\\/07\\\/14\\\/gurbetcilerin-binlerce-kilometrelik-sila-yolculugu-kapikulede-son-buluyor\\\/#article\",\"isPartOf\":{\"@id\":\"https:\\\/\\\/memurunsesi.net\\\/index.php\\\/2025\\\/07\\\/14\\\/gurbetcilerin-binlerce-kilometrelik-sila-yolculugu-kapikulede-son-buluyor\\\/\"},\"author\":{\"name\":\"Memurun Sesi Haber Merkezi\",\"@id\":\"https:\\\/\\\/memurunsesi.net\\\/#\\\/schema\\\/person\\\/f21c2d73b89f6ee1d80b0a1803e38587\"},\"headline\":\"Gurbet\u00e7ilerin binlerce kilometrelik s\u0131la yolculu\u011fu Kap\u0131kule&#8217;de son buluyor\",\"datePublished\":\"2025-07-14T11:09:49+00:00\",\"mainEntityOfPage\":{\"@id\":\"https:\\\/\\\/memurunsesi.net\\\/index.php\\\/2025\\\/07\\\/14\\\/gurbetcilerin-binlerce-kilometrelik-sila-yolculugu-kapikulede-son-buluyor\\\/\"},\"wordCount\":314,\"commentCount\":0,\"publisher\":{\"@id\":\"https:\\\/\\\/memurunsesi.net\\\/#organization\"},\"image\":{\"@id\":\"https:\\\/\\\/memurunsesi.net\\\/index.php\\\/2025\\\/07\\\/14\\\/gurbetcilerin-binlerce-kilometrelik-sila-yolculugu-kapikulede-son-buluyor\\\/#primaryimage\"},\"thumbnailUrl\":\"https:\\\/\\\/memurunsesi.net\\\/wp-content\\\/uploads\\\/2025\\\/07\\\/AW496767_01-scaled.jpg\",\"articleSection\":[\"G\u00fcndem\"],\"inLanguage\":\"tr\",\"potentialAction\":[{\"@type\":\"CommentAction\",\"name\":\"Comment\",\"target\":[\"https:\\\/\\\/memurunsesi.net\\\/index.php\\\/2025\\\/07\\\/14\\\/gurbetcilerin-binlerce-kilometrelik-sila-yolculugu-kapikulede-son-buluyor\\\/#respond\"]}]},{\"@type\":\"WebPage\",\"@id\":\"https:\\\/\\\/memurunsesi.net\\\/index.php\\\/2025\\\/07\\\/14\\\/gurbetcilerin-binlerce-kilometrelik-sila-yolculugu-kapikulede-son-buluyor\\\/\",\"url\":\"https:\\\/\\\/memurunsesi.net\\\/index.php\\\/2025\\\/07\\\/14\\\/gurbetcilerin-binlerce-kilometrelik-sila-yolculugu-kapikulede-son-buluyor\\\/\",\"name\":\"Gurbet\u00e7ilerin binlerce kilometrelik s\u0131la yolculu\u011fu Kap\u0131kule'de son buluyor - Memurun Sesi\",\"isPartOf\":{\"@id\":\"https:\\\/\\\/memurunsesi.net\\\/#website\"},\"primaryImageOfPage\":{\"@id\":\"https:\\\/\\\/memurunsesi.net\\\/index.php\\\/2025\\\/07\\\/14\\\/gurbetcilerin-binlerce-kilometrelik-sila-yolculugu-kapikulede-son-buluyor\\\/#primaryimage\"},\"image\":{\"@id\":\"https:\\\/\\\/memurunsesi.net\\\/index.php\\\/2025\\\/07\\\/14\\\/gurbetcilerin-binlerce-kilometrelik-sila-yolculugu-kapikulede-son-buluyor\\\/#primaryimage\"},\"thumbnailUrl\":\"https:\\\/\\\/memurunsesi.net\\\/wp-content\\\/uploads\\\/2025\\\/07\\\/AW496767_01-scaled.jpg\",\"datePublished\":\"2025-07-14T11:09:49+00:00\",\"breadcrumb\":{\"@id\":\"https:\\\/\\\/memurunsesi.net\\\/index.php\\\/2025\\\/07\\\/14\\\/gurbetcilerin-binlerce-kilometrelik-sila-yolculugu-kapikulede-son-buluyor\\\/#breadcrumb\"},\"inLanguage\":\"tr\",\"potentialAction\":[{\"@type\":\"ReadAction\",\"target\":[\"https:\\\/\\\/memurunsesi.net\\\/index.php\\\/2025\\\/07\\\/14\\\/gurbetcilerin-binlerce-kilometrelik-sila-yolculugu-kapikulede-son-buluyor\\\/\"]}]},{\"@type\":\"ImageObject\",\"inLanguage\":\"tr\",\"@id\":\"https:\\\/\\\/memurunsesi.net\\\/index.php\\\/2025\\\/07\\\/14\\\/gurbetcilerin-binlerce-kilometrelik-sila-yolculugu-kapikulede-son-buluyor\\\/#primaryimage\",\"url\":\"https:\\\/\\\/memurunsesi.net\\\/wp-content\\\/uploads\\\/2025\\\/07\\\/AW496767_01-scaled.jpg\",\"contentUrl\":\"https:\\\/\\\/memurunsesi.net\\\/wp-content\\\/uploads\\\/2025\\\/07\\\/AW496767_01-scaled.jpg\",\"width\":2560,\"height\":1440,\"caption\":\"GURBET\u00c7\u0130LER\u0130N B\u0130NLERCE K\u0130LOMETREL\u0130K SILA YOLCULU\u011eU KAPIKULE'DE SON BULUYOR (MEHMET BASMACI\\\/ED\u0130RNE-\u0130HA) Y\u0131ll\u0131k izinlerini memleketlerinde ge\u00e7irmek isteyen gurbet\u00e7iler, Kap\u0131kule S\u0131n\u0131r Kap\u0131s\u0131'nda yo\u011funluk olu\u015fturdu. A\u015f\u0131r\u0131 s\u0131caklara ve uzun yolculu\u011fa ald\u0131r\u0131\u015f etmeyen vatanda\u015flar, yurda giri\u015f yapman\u0131n sevincini ya\u015fad\u0131.\"},{\"@type\":\"BreadcrumbList\",\"@id\":\"https:\\\/\\\/memurunsesi.net\\\/index.php\\\/2025\\\/07\\\/14\\\/gurbetcilerin-binlerce-kilometrelik-sila-yolculugu-kapikulede-son-buluyor\\\/#breadcrumb\",\"itemListElement\":[{\"@type\":\"ListItem\",\"position\":1,\"name\":\"Anasayfa\",\"item\":\"https:\\\/\\\/memurunsesi.net\\\/\"},{\"@type\":\"ListItem\",\"position\":2,\"name\":\"Gurbet\u00e7ilerin binlerce kilometrelik s\u0131la yolculu\u011fu Kap\u0131kule&#8217;de son buluyor\"}]},{\"@type\":\"WebSite\",\"@id\":\"https:\\\/\\\/memurunsesi.net\\\/#website\",\"url\":\"https:\\\/\\\/memurunsesi.net\\\/\",\"name\":\"Memurun Sesi\",\"description\":\"G\u00fcncel ve Do\u011fru Haber\",\"publisher\":{\"@id\":\"https:\\\/\\\/memurunsesi.net\\\/#organization\"},\"potentialAction\":[{\"@type\":\"SearchAction\",\"target\":{\"@type\":\"EntryPoint\",\"urlTemplate\":\"https:\\\/\\\/memurunsesi.net\\\/?s={search_term_string}\"},\"query-input\":{\"@type\":\"PropertyValueSpecification\",\"valueRequired\":true,\"valueName\":\"search_term_string\"}}],\"inLanguage\":\"tr\"},{\"@type\":\"Organization\",\"@id\":\"https:\\\/\\\/memurunsesi.net\\\/#organization\",\"name\":\"Memurun Sesi\",\"url\":\"https:\\\/\\\/memurunsesi.net\\\/\",\"logo\":{\"@type\":\"ImageObject\",\"inLanguage\":\"tr\",\"@id\":\"https:\\\/\\\/memurunsesi.net\\\/#\\\/schema\\\/logo\\\/image\\\/\",\"url\":\"https:\\\/\\\/memurunsesi.net\\\/wp-content\\\/uploads\\\/2025\\\/11\\\/cropped-MEMURUN-SESI.png\",\"contentUrl\":\"https:\\\/\\\/memurunsesi.net\\\/wp-content\\\/uploads\\\/2025\\\/11\\\/cropped-MEMURUN-SESI.png\",\"width\":238,\"height\":57,\"caption\":\"Memurun Sesi\"},\"image\":{\"@id\":\"https:\\\/\\\/memurunsesi.net\\\/#\\\/schema\\\/logo\\\/image\\\/\"},\"sameAs\":[\"https:\\\/\\\/www.facebook.com\\\/unipersen\\\/?locale=tr_TR\",\"https:\\\/\\\/x.com\\\/unipersen\"]},{\"@type\":\"Person\",\"@id\":\"https:\\\/\\\/memurunsesi.net\\\/#\\\/schema\\\/person\\\/f21c2d73b89f6ee1d80b0a1803e38587\",\"name\":\"Memurun Sesi Haber Merkezi\",\"image\":{\"@type\":\"ImageObject\",\"inLanguage\":\"tr\",\"@id\":\"https:\\\/\\\/secure.gravatar.com\\\/avatar\\\/6cf0505f452ee753f485014986fab09a434671d2b919ee76fc541025c5876a70?s=96&d=mm&r=g\",\"url\":\"https:\\\/\\\/secure.gravatar.com\\\/avatar\\\/6cf0505f452ee753f485014986fab09a434671d2b919ee76fc541025c5876a70?s=96&d=mm&r=g\",\"contentUrl\":\"https:\\\/\\\/secure.gravatar.com\\\/avatar\\\/6cf0505f452ee753f485014986fab09a434671d2b919ee76fc541025c5876a70?s=96&d=mm&r=g\",\"caption\":\"Memurun Sesi Haber Merkezi\"},\"sameAs\":[\"https:\\\/\\\/memurunsesi.net\"],\"url\":\"https:\\\/\\\/memurunsesi.net\\\/index.php\\\/author\\\/uniper\\\/\"}]}<\/script>\n<!-- \/ Yoast SEO plugin. -->","yoast_head_json":{"title":"Gurbet\u00e7ilerin binlerce kilometrelik s\u0131la yolculu\u011fu Kap\u0131kule'de son buluyor - Memurun Sesi","robots":{"index":"index","follow":"follow","max-snippet":"max-snippet:-1","max-image-preview":"max-image-preview:large","max-video-preview":"max-video-preview:-1"},"canonical":"https:\/\/memurunsesi.net\/index.php\/2025\/07\/14\/gurbetcilerin-binlerce-kilometrelik-sila-yolculugu-kapikulede-son-buluyor\/","og_locale":"tr_TR","og_type":"article","og_title":"Gurbet\u00e7ilerin binlerce kilometrelik s\u0131la yolculu\u011fu Kap\u0131kule'de son buluyor - Memurun Sesi","og_description":"&#8211; S\u0131la yolculu\u011fu Kap\u0131kule&#8217;de hasretle son buluyor Y\u0131ll\u0131k izinlerini memleketlerinde ge\u00e7irmek isteyen gurbet\u00e7iler, Kap\u0131kule S\u0131n\u0131r Kap\u0131s\u0131&#8217;nda yo\u011funluk olu\u015fturdu. A\u015f\u0131r\u0131 s\u0131caklara ve uzun yolculu\u011fa ald\u0131r\u0131\u015f etmeyen vatanda\u015flar, yurda giri\u015f yapman\u0131n sevincini ya\u015fad\u0131. Avrupa&#8217;n\u0131n \u00e7e\u015fitli \u00fclkelerinde ya\u015fayan T\u00fcrk vatanda\u015flar\u0131, izin sezonunun ba\u015flamas\u0131yla ana vatana d\u00f6n\u00fc\u015f yoluna d\u00fc\u015ft\u00fc. Binlerce kilometre yol yapan gurbet\u00e7iler, Edirne&#8217;deki Kap\u0131kule S\u0131n\u0131r Kap\u0131s\u0131&#8217;nda uzun [&hellip;]","og_url":"https:\/\/memurunsesi.net\/index.php\/2025\/07\/14\/gurbetcilerin-binlerce-kilometrelik-sila-yolculugu-kapikulede-son-buluyor\/","og_site_name":"Memurun Sesi","article_publisher":"https:\/\/www.facebook.com\/unipersen\/?locale=tr_TR","article_published_time":"2025-07-14T11:09:49+00:00","og_image":[{"width":2560,"height":1440,"url":"https:\/\/memurunsesi.net\/wp-content\/uploads\/2025\/07\/AW496767_01-scaled.jpg","type":"image\/jpeg"}],"author":"Memurun Sesi Haber Merkezi","twitter_card":"summary_large_image","twitter_creator":"@unipersen","twitter_site":"@unipersen","twitter_misc":{"Yazan:":"Memurun Sesi Haber Merkezi","Tahmini okuma s\u00fcresi":"1 dakika"},"schema":{"@context":"https:\/\/schema.org","@graph":[{"@type":"Article","@id":"https:\/\/memurunsesi.net\/index.php\/2025\/07\/14\/gurbetcilerin-binlerce-kilometrelik-sila-yolculugu-kapikulede-son-buluyor\/#article","isPartOf":{"@id":"https:\/\/memurunsesi.net\/index.php\/2025\/07\/14\/gurbetcilerin-binlerce-kilometrelik-sila-yolculugu-kapikulede-son-buluyor\/"},"author":{"name":"Memurun Sesi Haber Merkezi","@id":"https:\/\/memurunsesi.net\/#\/schema\/person\/f21c2d73b89f6ee1d80b0a1803e38587"},"headline":"Gurbet\u00e7ilerin binlerce kilometrelik s\u0131la yolculu\u011fu Kap\u0131kule&#8217;de son buluyor","datePublished":"2025-07-14T11:09:49+00:00","mainEntityOfPage":{"@id":"https:\/\/memurunsesi.net\/index.php\/2025\/07\/14\/gurbetcilerin-binlerce-kilometrelik-sila-yolculugu-kapikulede-son-buluyor\/"},"wordCount":314,"commentCount":0,"publisher":{"@id":"https:\/\/memurunsesi.net\/#organization"},"image":{"@id":"https:\/\/memurunsesi.net\/index.php\/2025\/07\/14\/gurbetcilerin-binlerce-kilometrelik-sila-yolculugu-kapikulede-son-buluyor\/#primaryimage"},"thumbnailUrl":"https:\/\/memurunsesi.net\/wp-content\/uploads\/2025\/07\/AW496767_01-scaled.jpg","articleSection":["G\u00fcndem"],"inLanguage":"tr","potentialAction":[{"@type":"CommentAction","name":"Comment","target":["https:\/\/memurunsesi.net\/index.php\/2025\/07\/14\/gurbetcilerin-binlerce-kilometrelik-sila-yolculugu-kapikulede-son-buluyor\/#respond"]}]},{"@type":"WebPage","@id":"https:\/\/memurunsesi.net\/index.php\/2025\/07\/14\/gurbetcilerin-binlerce-kilometrelik-sila-yolculugu-kapikulede-son-buluyor\/","url":"https:\/\/memurunsesi.net\/index.php\/2025\/07\/14\/gurbetcilerin-binlerce-kilometrelik-sila-yolculugu-kapikulede-son-buluyor\/","name":"Gurbet\u00e7ilerin binlerce kilometrelik s\u0131la yolculu\u011fu Kap\u0131kule'de son buluyor - Memurun Sesi","isPartOf":{"@id":"https:\/\/memurunsesi.net\/#website"},"primaryImageOfPage":{"@id":"https:\/\/memurunsesi.net\/index.php\/2025\/07\/14\/gurbetcilerin-binlerce-kilometrelik-sila-yolculugu-kapikulede-son-buluyor\/#primaryimage"},"image":{"@id":"https:\/\/memurunsesi.net\/index.php\/2025\/07\/14\/gurbetcilerin-binlerce-kilometrelik-sila-yolculugu-kapikulede-son-buluyor\/#primaryimage"},"thumbnailUrl":"https:\/\/memurunsesi.net\/wp-content\/uploads\/2025\/07\/AW496767_01-scaled.jpg","datePublished":"2025-07-14T11:09:49+00:00","breadcrumb":{"@id":"https:\/\/memurunsesi.net\/index.php\/2025\/07\/14\/gurbetcilerin-binlerce-kilometrelik-sila-yolculugu-kapikulede-son-buluyor\/#breadcrumb"},"inLanguage":"tr","potentialAction":[{"@type":"ReadAction","target":["https:\/\/memurunsesi.net\/index.php\/2025\/07\/14\/gurbetcilerin-binlerce-kilometrelik-sila-yolculugu-kapikulede-son-buluyor\/"]}]},{"@type":"ImageObject","inLanguage":"tr","@id":"https:\/\/memurunsesi.net\/index.php\/2025\/07\/14\/gurbetcilerin-binlerce-kilometrelik-sila-yolculugu-kapikulede-son-buluyor\/#primaryimage","url":"https:\/\/memurunsesi.net\/wp-content\/uploads\/2025\/07\/AW496767_01-scaled.jpg","contentUrl":"https:\/\/memurunsesi.net\/wp-content\/uploads\/2025\/07\/AW496767_01-scaled.jpg","width":2560,"height":1440,"caption":"GURBET\u00c7\u0130LER\u0130N B\u0130NLERCE K\u0130LOMETREL\u0130K SILA YOLCULU\u011eU KAPIKULE'DE SON BULUYOR (MEHMET BASMACI\/ED\u0130RNE-\u0130HA) Y\u0131ll\u0131k izinlerini memleketlerinde ge\u00e7irmek isteyen gurbet\u00e7iler, Kap\u0131kule S\u0131n\u0131r Kap\u0131s\u0131'nda yo\u011funluk olu\u015fturdu. A\u015f\u0131r\u0131 s\u0131caklara ve uzun yolculu\u011fa ald\u0131r\u0131\u015f etmeyen vatanda\u015flar, yurda giri\u015f yapman\u0131n sevincini ya\u015fad\u0131."},{"@type":"BreadcrumbList","@id":"https:\/\/memurunsesi.net\/index.php\/2025\/07\/14\/gurbetcilerin-binlerce-kilometrelik-sila-yolculugu-kapikulede-son-buluyor\/#breadcrumb","itemListElement":[{"@type":"ListItem","position":1,"name":"Anasayfa","item":"https:\/\/memurunsesi.net\/"},{"@type":"ListItem","position":2,"name":"Gurbet\u00e7ilerin binlerce kilometrelik s\u0131la yolculu\u011fu Kap\u0131kule&#8217;de son buluyor"}]},{"@type":"WebSite","@id":"https:\/\/memurunsesi.net\/#website","url":"https:\/\/memurunsesi.net\/","name":"Memurun Sesi","description":"G\u00fcncel ve Do\u011fru Haber","publisher":{"@id":"https:\/\/memurunsesi.net\/#organization"},"potentialAction":[{"@type":"SearchAction","target":{"@type":"EntryPoint","urlTemplate":"https:\/\/memurunsesi.net\/?s={search_term_string}"},"query-input":{"@type":"PropertyValueSpecification","valueRequired":true,"valueName":"search_term_string"}}],"inLanguage":"tr"},{"@type":"Organization","@id":"https:\/\/memurunsesi.net\/#organization","name":"Memurun Sesi","url":"https:\/\/memurunsesi.net\/","logo":{"@type":"ImageObject","inLanguage":"tr","@id":"https:\/\/memurunsesi.net\/#\/schema\/logo\/image\/","url":"https:\/\/memurunsesi.net\/wp-content\/uploads\/2025\/11\/cropped-MEMURUN-SESI.png","contentUrl":"https:\/\/memurunsesi.net\/wp-content\/uploads\/2025\/11\/cropped-MEMURUN-SESI.png","width":238,"height":57,"caption":"Memurun Sesi"},"image":{"@id":"https:\/\/memurunsesi.net\/#\/schema\/logo\/image\/"},"sameAs":["https:\/\/www.facebook.com\/unipersen\/?locale=tr_TR","https:\/\/x.com\/unipersen"]},{"@type":"Person","@id":"https:\/\/memurunsesi.net\/#\/schema\/person\/f21c2d73b89f6ee1d80b0a1803e38587","name":"Memurun Sesi Haber Merkezi","image":{"@type":"ImageObject","inLanguage":"tr","@id":"https:\/\/secure.gravatar.com\/avatar\/6cf0505f452ee753f485014986fab09a434671d2b919ee76fc541025c5876a70?s=96&d=mm&r=g","url":"https:\/\/secure.gravatar.com\/avatar\/6cf0505f452ee753f485014986fab09a434671d2b919ee76fc541025c5876a70?s=96&d=mm&r=g","contentUrl":"https:\/\/secure.gravatar.com\/avatar\/6cf0505f452ee753f485014986fab09a434671d2b919ee76fc541025c5876a70?s=96&d=mm&r=g","caption":"Memurun Sesi Haber Merkezi"},"sameAs":["https:\/\/memurunsesi.net"],"url":"https:\/\/memurunsesi.net\/index.php\/author\/uniper\/"}]}},"_links":{"self":[{"href":"https:\/\/memurunsesi.net\/index.php\/wp-json\/wp\/v2\/posts\/9294","targetHints":{"allow":["GET"]}}],"collection":[{"href":"https:\/\/memurunsesi.net\/index.php\/wp-json\/wp\/v2\/posts"}],"about":[{"href":"https:\/\/memurunsesi.net\/index.php\/wp-json\/wp\/v2\/types\/post"}],"author":[{"embeddable":true,"href":"https:\/\/memurunsesi.net\/index.php\/wp-json\/wp\/v2\/users\/1"}],"replies":[{"embeddable":true,"href":"https:\/\/memurunsesi.net\/index.php\/wp-json\/wp\/v2\/comments?post=9294"}],"version-history":[{"count":1,"href":"https:\/\/memurunsesi.net\/index.php\/wp-json\/wp\/v2\/posts\/9294\/revisions"}],"predecessor-version":[{"id":9296,"href":"https:\/\/memurunsesi.net\/index.php\/wp-json\/wp\/v2\/posts\/9294\/revisions\/9296"}],"wp:featuredmedia":[{"embeddable":true,"href":"https:\/\/memurunsesi.net\/index.php\/wp-json\/wp\/v2\/media\/9295"}],"wp:attachment":[{"href":"https:\/\/memurunsesi.net\/index.php\/wp-json\/wp\/v2\/media?parent=9294"}],"wp:term":[{"taxonomy":"category","embeddable":true,"href":"https:\/\/memurunsesi.net\/index.php\/wp-json\/wp\/v2\/categories?post=9294"},{"taxonomy":"post_tag","embeddable":true,"href":"https:\/\/memurunsesi.net\/index.php\/wp-json\/wp\/v2\/tags?post=9294"}],"curies":[{"name":"wp","href":"https:\/\/api.w.org\/{rel}","templated":true}]}}