{"id":9300,"date":"2025-07-14T14:18:01","date_gmt":"2025-07-14T11:18:01","guid":{"rendered":"https:\/\/memurunsesi.net\/?p=9300"},"modified":"2025-07-14T14:18:01","modified_gmt":"2025-07-14T11:18:01","slug":"bursada-34-yil-cezasi-bulunan-sahis-ruhsatsiz-silahla-yakalandi","status":"publish","type":"post","link":"https:\/\/memurunsesi.net\/index.php\/2025\/07\/14\/bursada-34-yil-cezasi-bulunan-sahis-ruhsatsiz-silahla-yakalandi\/","title":{"rendered":"Bursa\u2019da 34 y\u0131l cezas\u0131 bulunan \u015fah\u0131s ruhsats\u0131z silahla yakaland\u0131"},"content":{"rendered":"<p>  Bursa\u2019n\u0131n Osmangazi il\u00e7esinde hakk\u0131nda \u00e7e\u015fitli su\u00e7lardan toplam 34 y\u0131l 3 ay 3 g\u00fcn kesinle\u015fmi\u015f hapis cezas\u0131 bulunan \u015fah\u0131s polis ekiplerince yakaland\u0131.<br \/>\n12 Temmuz 2025 Cumartesi g\u00fcn\u00fc saat 00.30 s\u0131ralar\u0131nda, \u00c7ar\u015f\u0131 Polis Merkezi\u2019ne ba\u011fl\u0131 ekipler, Yah\u015fibey Mahallesi Alt\u0131parmak Caddesi \u00fczerinde durumundan \u015f\u00fcphelendikleri bir \u015fahs\u0131 durdurarak kimlik kontrol\u00fc ger\u00e7ekle\u015ftirdi. Mustafa T. (35) isimli \u015fahs\u0131n yap\u0131lan UYAP sorgusunda, &#8216;Ruhsats\u0131z ate\u015fli silah ve mermi bulundurma&#8217;, &#8216;Uyu\u015fturucu veya uyar\u0131c\u0131 madde ticareti yapma&#8217;, &#8216;H\u0131rs\u0131zl\u0131k&#8217; ve &#8216;H\u00fck\u00fcml\u00fc veya tutuklunun ka\u00e7mas\u0131&#8217; su\u00e7lar\u0131ndan aranma kayd\u0131 oldu\u011fu ve toplamda 34 y\u0131l 3 ay 3 g\u00fcn kesinle\u015fmi\u015f hapis cezas\u0131 bulundu\u011fu ortaya \u00e7\u0131kt\u0131. \u015e\u00fcphelinin yap\u0131lan \u00fcst aramas\u0131nda ise 1 adet ruhsats\u0131z tabanca ve tabancaya tak\u0131l\u0131 \u015farj\u00f6r i\u00e7inde 2 adet 7.65 mm \u00e7ap\u0131nda fi\u015fek ele ge\u00e7irildi. Silah ve fi\u015fekler ge\u00e7ici olarak muhafaza alt\u0131na al\u0131nd\u0131. <\/p>\n<p>14.07.2025                                   <\/p>\n","protected":false},"excerpt":{"rendered":"<p>Bursa\u2019n\u0131n Osmangazi il\u00e7esinde hakk\u0131nda \u00e7e\u015fitli su\u00e7lardan toplam 34 y\u0131l 3 ay 3 g\u00fcn kesinle\u015fmi\u015f hapis cezas\u0131 bulunan \u015fah\u0131s polis ekiplerince yakaland\u0131. 12 Temmuz 2025 Cumartesi g\u00fcn\u00fc saat 00.30 s\u0131ralar\u0131nda, \u00c7ar\u015f\u0131 Polis Merkezi\u2019ne ba\u011fl\u0131 ekipler, Yah\u015fibey Mahallesi Alt\u0131parmak Caddesi \u00fczerinde durumundan \u015f\u00fcphelendikleri bir \u015fahs\u0131 durdurarak kimlik kontrol\u00fc ger\u00e7ekle\u015ftirdi. Mustafa T. (35) isimli \u015fahs\u0131n yap\u0131lan UYAP sorgusunda, [&hellip;]<\/p>\n","protected":false},"author":1,"featured_media":9301,"comment_status":"open","ping_status":"open","sticky":false,"template":"","format":"standard","meta":{"footnotes":""},"categories":[1],"tags":[],"class_list":["post-9300","post","type-post","status-publish","format-standard","has-post-thumbnail","hentry","category-genel"],"yoast_head":"<!-- This site is optimized with the Yoast SEO plugin v27.4 - https:\/\/yoast.com\/product\/yoast-seo-wordpress\/ -->\n<title>Bursa\u2019da 34 y\u0131l cezas\u0131 bulunan \u015fah\u0131s ruhsats\u0131z silahla yakaland\u0131 - Memurun Sesi<\/title>\n<meta name=\"robots\" content=\"index, follow, max-snippet:-1, max-image-preview:large, max-video-preview:-1\" \/>\n<link rel=\"canonical\" href=\"https:\/\/memurunsesi.net\/index.php\/2025\/07\/14\/bursada-34-yil-cezasi-bulunan-sahis-ruhsatsiz-silahla-yakalandi\/\" \/>\n<meta property=\"og:locale\" content=\"tr_TR\" \/>\n<meta property=\"og:type\" content=\"article\" \/>\n<meta property=\"og:title\" content=\"Bursa\u2019da 34 y\u0131l cezas\u0131 bulunan \u015fah\u0131s ruhsats\u0131z silahla yakaland\u0131 - Memurun Sesi\" \/>\n<meta property=\"og:description\" content=\"Bursa\u2019n\u0131n Osmangazi il\u00e7esinde hakk\u0131nda \u00e7e\u015fitli su\u00e7lardan toplam 34 y\u0131l 3 ay 3 g\u00fcn kesinle\u015fmi\u015f hapis cezas\u0131 bulunan \u015fah\u0131s polis ekiplerince yakaland\u0131. 12 Temmuz 2025 Cumartesi g\u00fcn\u00fc saat 00.30 s\u0131ralar\u0131nda, \u00c7ar\u015f\u0131 Polis Merkezi\u2019ne ba\u011fl\u0131 ekipler, Yah\u015fibey Mahallesi Alt\u0131parmak Caddesi \u00fczerinde durumundan \u015f\u00fcphelendikleri bir \u015fahs\u0131 durdurarak kimlik kontrol\u00fc ger\u00e7ekle\u015ftirdi. Mustafa T. (35) isimli \u015fahs\u0131n yap\u0131lan UYAP sorgusunda, [&hellip;]\" \/>\n<meta property=\"og:url\" content=\"https:\/\/memurunsesi.net\/index.php\/2025\/07\/14\/bursada-34-yil-cezasi-bulunan-sahis-ruhsatsiz-silahla-yakalandi\/\" \/>\n<meta property=\"og:site_name\" content=\"Memurun Sesi\" \/>\n<meta property=\"article:publisher\" content=\"https:\/\/www.facebook.com\/unipersen\/?locale=tr_TR\" \/>\n<meta property=\"article:published_time\" content=\"2025-07-14T11:18:01+00:00\" \/>\n<meta property=\"og:image\" content=\"https:\/\/memurunsesi.net\/wp-content\/uploads\/2025\/07\/AW496780_01.jpg\" \/>\n\t<meta property=\"og:image:width\" content=\"480\" \/>\n\t<meta property=\"og:image:height\" content=\"848\" \/>\n\t<meta property=\"og:image:type\" content=\"image\/jpeg\" \/>\n<meta name=\"author\" content=\"Memurun Sesi Haber Merkezi\" \/>\n<meta name=\"twitter:card\" content=\"summary_large_image\" \/>\n<meta name=\"twitter:creator\" content=\"@unipersen\" \/>\n<meta name=\"twitter:site\" content=\"@unipersen\" \/>\n<meta name=\"twitter:label1\" content=\"Yazan:\" \/>\n\t<meta name=\"twitter:data1\" content=\"Memurun Sesi Haber Merkezi\" \/>\n\t<meta name=\"twitter:label2\" content=\"Tahmini okuma s\u00fcresi\" \/>\n\t<meta name=\"twitter:data2\" content=\"1 dakika\" \/>\n<script type=\"application\/ld+json\" class=\"yoast-schema-graph\">{\"@context\":\"https:\\\/\\\/schema.org\",\"@graph\":[{\"@type\":\"Article\",\"@id\":\"https:\\\/\\\/memurunsesi.net\\\/index.php\\\/2025\\\/07\\\/14\\\/bursada-34-yil-cezasi-bulunan-sahis-ruhsatsiz-silahla-yakalandi\\\/#article\",\"isPartOf\":{\"@id\":\"https:\\\/\\\/memurunsesi.net\\\/index.php\\\/2025\\\/07\\\/14\\\/bursada-34-yil-cezasi-bulunan-sahis-ruhsatsiz-silahla-yakalandi\\\/\"},\"author\":{\"name\":\"Memurun Sesi Haber Merkezi\",\"@id\":\"https:\\\/\\\/memurunsesi.net\\\/#\\\/schema\\\/person\\\/f21c2d73b89f6ee1d80b0a1803e38587\"},\"headline\":\"Bursa\u2019da 34 y\u0131l cezas\u0131 bulunan \u015fah\u0131s ruhsats\u0131z silahla yakaland\u0131\",\"datePublished\":\"2025-07-14T11:18:01+00:00\",\"mainEntityOfPage\":{\"@id\":\"https:\\\/\\\/memurunsesi.net\\\/index.php\\\/2025\\\/07\\\/14\\\/bursada-34-yil-cezasi-bulunan-sahis-ruhsatsiz-silahla-yakalandi\\\/\"},\"wordCount\":171,\"commentCount\":0,\"publisher\":{\"@id\":\"https:\\\/\\\/memurunsesi.net\\\/#organization\"},\"image\":{\"@id\":\"https:\\\/\\\/memurunsesi.net\\\/index.php\\\/2025\\\/07\\\/14\\\/bursada-34-yil-cezasi-bulunan-sahis-ruhsatsiz-silahla-yakalandi\\\/#primaryimage\"},\"thumbnailUrl\":\"https:\\\/\\\/memurunsesi.net\\\/wp-content\\\/uploads\\\/2025\\\/07\\\/AW496780_01.jpg\",\"inLanguage\":\"tr\",\"potentialAction\":[{\"@type\":\"CommentAction\",\"name\":\"Comment\",\"target\":[\"https:\\\/\\\/memurunsesi.net\\\/index.php\\\/2025\\\/07\\\/14\\\/bursada-34-yil-cezasi-bulunan-sahis-ruhsatsiz-silahla-yakalandi\\\/#respond\"]}]},{\"@type\":\"WebPage\",\"@id\":\"https:\\\/\\\/memurunsesi.net\\\/index.php\\\/2025\\\/07\\\/14\\\/bursada-34-yil-cezasi-bulunan-sahis-ruhsatsiz-silahla-yakalandi\\\/\",\"url\":\"https:\\\/\\\/memurunsesi.net\\\/index.php\\\/2025\\\/07\\\/14\\\/bursada-34-yil-cezasi-bulunan-sahis-ruhsatsiz-silahla-yakalandi\\\/\",\"name\":\"Bursa\u2019da 34 y\u0131l cezas\u0131 bulunan \u015fah\u0131s ruhsats\u0131z silahla yakaland\u0131 - Memurun Sesi\",\"isPartOf\":{\"@id\":\"https:\\\/\\\/memurunsesi.net\\\/#website\"},\"primaryImageOfPage\":{\"@id\":\"https:\\\/\\\/memurunsesi.net\\\/index.php\\\/2025\\\/07\\\/14\\\/bursada-34-yil-cezasi-bulunan-sahis-ruhsatsiz-silahla-yakalandi\\\/#primaryimage\"},\"image\":{\"@id\":\"https:\\\/\\\/memurunsesi.net\\\/index.php\\\/2025\\\/07\\\/14\\\/bursada-34-yil-cezasi-bulunan-sahis-ruhsatsiz-silahla-yakalandi\\\/#primaryimage\"},\"thumbnailUrl\":\"https:\\\/\\\/memurunsesi.net\\\/wp-content\\\/uploads\\\/2025\\\/07\\\/AW496780_01.jpg\",\"datePublished\":\"2025-07-14T11:18:01+00:00\",\"breadcrumb\":{\"@id\":\"https:\\\/\\\/memurunsesi.net\\\/index.php\\\/2025\\\/07\\\/14\\\/bursada-34-yil-cezasi-bulunan-sahis-ruhsatsiz-silahla-yakalandi\\\/#breadcrumb\"},\"inLanguage\":\"tr\",\"potentialAction\":[{\"@type\":\"ReadAction\",\"target\":[\"https:\\\/\\\/memurunsesi.net\\\/index.php\\\/2025\\\/07\\\/14\\\/bursada-34-yil-cezasi-bulunan-sahis-ruhsatsiz-silahla-yakalandi\\\/\"]}]},{\"@type\":\"ImageObject\",\"inLanguage\":\"tr\",\"@id\":\"https:\\\/\\\/memurunsesi.net\\\/index.php\\\/2025\\\/07\\\/14\\\/bursada-34-yil-cezasi-bulunan-sahis-ruhsatsiz-silahla-yakalandi\\\/#primaryimage\",\"url\":\"https:\\\/\\\/memurunsesi.net\\\/wp-content\\\/uploads\\\/2025\\\/07\\\/AW496780_01.jpg\",\"contentUrl\":\"https:\\\/\\\/memurunsesi.net\\\/wp-content\\\/uploads\\\/2025\\\/07\\\/AW496780_01.jpg\",\"width\":480,\"height\":848,\"caption\":\"BURSA'NIN OSMANGAZ\u0130 \u0130L\u00c7ES\u0130NDE HAKKINDA \u00c7E\u015e\u0130TL\u0130 SU\u00c7LARDAN TOPLAM 34 YIL 3 AY 3 G\u00dcN KES\u0130NLE\u015eM\u0130\u015e HAP\u0130S CEZASI BULUNAN \u015eAHIS POL\u0130S EK\u0130PLER\u0130NCE YAKALANDI. (MESUT G\u00dcLE\u00c7\\\/BURSA-\u0130HA) Bursa'n\u0131n Osmangazi il\u00e7esinde hakk\u0131nda \u00e7e\u015fitli su\u00e7lardan toplam 34 y\u0131l 3 ay 3 g\u00fcn kesinle\u015fmi\u015f hapis cezas\u0131 bulunan \u015fah\u0131s polis ekiplerince yakaland\u0131.\"},{\"@type\":\"BreadcrumbList\",\"@id\":\"https:\\\/\\\/memurunsesi.net\\\/index.php\\\/2025\\\/07\\\/14\\\/bursada-34-yil-cezasi-bulunan-sahis-ruhsatsiz-silahla-yakalandi\\\/#breadcrumb\",\"itemListElement\":[{\"@type\":\"ListItem\",\"position\":1,\"name\":\"Anasayfa\",\"item\":\"https:\\\/\\\/memurunsesi.net\\\/\"},{\"@type\":\"ListItem\",\"position\":2,\"name\":\"Bursa\u2019da 34 y\u0131l cezas\u0131 bulunan \u015fah\u0131s ruhsats\u0131z silahla yakaland\u0131\"}]},{\"@type\":\"WebSite\",\"@id\":\"https:\\\/\\\/memurunsesi.net\\\/#website\",\"url\":\"https:\\\/\\\/memurunsesi.net\\\/\",\"name\":\"Memurun Sesi\",\"description\":\"G\u00fcncel ve Do\u011fru Haber\",\"publisher\":{\"@id\":\"https:\\\/\\\/memurunsesi.net\\\/#organization\"},\"potentialAction\":[{\"@type\":\"SearchAction\",\"target\":{\"@type\":\"EntryPoint\",\"urlTemplate\":\"https:\\\/\\\/memurunsesi.net\\\/?s={search_term_string}\"},\"query-input\":{\"@type\":\"PropertyValueSpecification\",\"valueRequired\":true,\"valueName\":\"search_term_string\"}}],\"inLanguage\":\"tr\"},{\"@type\":\"Organization\",\"@id\":\"https:\\\/\\\/memurunsesi.net\\\/#organization\",\"name\":\"Memurun Sesi\",\"url\":\"https:\\\/\\\/memurunsesi.net\\\/\",\"logo\":{\"@type\":\"ImageObject\",\"inLanguage\":\"tr\",\"@id\":\"https:\\\/\\\/memurunsesi.net\\\/#\\\/schema\\\/logo\\\/image\\\/\",\"url\":\"https:\\\/\\\/memurunsesi.net\\\/wp-content\\\/uploads\\\/2025\\\/11\\\/cropped-MEMURUN-SESI.png\",\"contentUrl\":\"https:\\\/\\\/memurunsesi.net\\\/wp-content\\\/uploads\\\/2025\\\/11\\\/cropped-MEMURUN-SESI.png\",\"width\":238,\"height\":57,\"caption\":\"Memurun Sesi\"},\"image\":{\"@id\":\"https:\\\/\\\/memurunsesi.net\\\/#\\\/schema\\\/logo\\\/image\\\/\"},\"sameAs\":[\"https:\\\/\\\/www.facebook.com\\\/unipersen\\\/?locale=tr_TR\",\"https:\\\/\\\/x.com\\\/unipersen\"]},{\"@type\":\"Person\",\"@id\":\"https:\\\/\\\/memurunsesi.net\\\/#\\\/schema\\\/person\\\/f21c2d73b89f6ee1d80b0a1803e38587\",\"name\":\"Memurun Sesi Haber Merkezi\",\"image\":{\"@type\":\"ImageObject\",\"inLanguage\":\"tr\",\"@id\":\"https:\\\/\\\/secure.gravatar.com\\\/avatar\\\/6cf0505f452ee753f485014986fab09a434671d2b919ee76fc541025c5876a70?s=96&d=mm&r=g\",\"url\":\"https:\\\/\\\/secure.gravatar.com\\\/avatar\\\/6cf0505f452ee753f485014986fab09a434671d2b919ee76fc541025c5876a70?s=96&d=mm&r=g\",\"contentUrl\":\"https:\\\/\\\/secure.gravatar.com\\\/avatar\\\/6cf0505f452ee753f485014986fab09a434671d2b919ee76fc541025c5876a70?s=96&d=mm&r=g\",\"caption\":\"Memurun Sesi Haber Merkezi\"},\"sameAs\":[\"https:\\\/\\\/memurunsesi.net\"],\"url\":\"https:\\\/\\\/memurunsesi.net\\\/index.php\\\/author\\\/uniper\\\/\"}]}<\/script>\n<!-- \/ Yoast SEO plugin. -->","yoast_head_json":{"title":"Bursa\u2019da 34 y\u0131l cezas\u0131 bulunan \u015fah\u0131s ruhsats\u0131z silahla yakaland\u0131 - Memurun Sesi","robots":{"index":"index","follow":"follow","max-snippet":"max-snippet:-1","max-image-preview":"max-image-preview:large","max-video-preview":"max-video-preview:-1"},"canonical":"https:\/\/memurunsesi.net\/index.php\/2025\/07\/14\/bursada-34-yil-cezasi-bulunan-sahis-ruhsatsiz-silahla-yakalandi\/","og_locale":"tr_TR","og_type":"article","og_title":"Bursa\u2019da 34 y\u0131l cezas\u0131 bulunan \u015fah\u0131s ruhsats\u0131z silahla yakaland\u0131 - Memurun Sesi","og_description":"Bursa\u2019n\u0131n Osmangazi il\u00e7esinde hakk\u0131nda \u00e7e\u015fitli su\u00e7lardan toplam 34 y\u0131l 3 ay 3 g\u00fcn kesinle\u015fmi\u015f hapis cezas\u0131 bulunan \u015fah\u0131s polis ekiplerince yakaland\u0131. 12 Temmuz 2025 Cumartesi g\u00fcn\u00fc saat 00.30 s\u0131ralar\u0131nda, \u00c7ar\u015f\u0131 Polis Merkezi\u2019ne ba\u011fl\u0131 ekipler, Yah\u015fibey Mahallesi Alt\u0131parmak Caddesi \u00fczerinde durumundan \u015f\u00fcphelendikleri bir \u015fahs\u0131 durdurarak kimlik kontrol\u00fc ger\u00e7ekle\u015ftirdi. Mustafa T. (35) isimli \u015fahs\u0131n yap\u0131lan UYAP sorgusunda, [&hellip;]","og_url":"https:\/\/memurunsesi.net\/index.php\/2025\/07\/14\/bursada-34-yil-cezasi-bulunan-sahis-ruhsatsiz-silahla-yakalandi\/","og_site_name":"Memurun Sesi","article_publisher":"https:\/\/www.facebook.com\/unipersen\/?locale=tr_TR","article_published_time":"2025-07-14T11:18:01+00:00","og_image":[{"width":480,"height":848,"url":"https:\/\/memurunsesi.net\/wp-content\/uploads\/2025\/07\/AW496780_01.jpg","type":"image\/jpeg"}],"author":"Memurun Sesi Haber Merkezi","twitter_card":"summary_large_image","twitter_creator":"@unipersen","twitter_site":"@unipersen","twitter_misc":{"Yazan:":"Memurun Sesi Haber Merkezi","Tahmini okuma s\u00fcresi":"1 dakika"},"schema":{"@context":"https:\/\/schema.org","@graph":[{"@type":"Article","@id":"https:\/\/memurunsesi.net\/index.php\/2025\/07\/14\/bursada-34-yil-cezasi-bulunan-sahis-ruhsatsiz-silahla-yakalandi\/#article","isPartOf":{"@id":"https:\/\/memurunsesi.net\/index.php\/2025\/07\/14\/bursada-34-yil-cezasi-bulunan-sahis-ruhsatsiz-silahla-yakalandi\/"},"author":{"name":"Memurun Sesi Haber Merkezi","@id":"https:\/\/memurunsesi.net\/#\/schema\/person\/f21c2d73b89f6ee1d80b0a1803e38587"},"headline":"Bursa\u2019da 34 y\u0131l cezas\u0131 bulunan \u015fah\u0131s ruhsats\u0131z silahla yakaland\u0131","datePublished":"2025-07-14T11:18:01+00:00","mainEntityOfPage":{"@id":"https:\/\/memurunsesi.net\/index.php\/2025\/07\/14\/bursada-34-yil-cezasi-bulunan-sahis-ruhsatsiz-silahla-yakalandi\/"},"wordCount":171,"commentCount":0,"publisher":{"@id":"https:\/\/memurunsesi.net\/#organization"},"image":{"@id":"https:\/\/memurunsesi.net\/index.php\/2025\/07\/14\/bursada-34-yil-cezasi-bulunan-sahis-ruhsatsiz-silahla-yakalandi\/#primaryimage"},"thumbnailUrl":"https:\/\/memurunsesi.net\/wp-content\/uploads\/2025\/07\/AW496780_01.jpg","inLanguage":"tr","potentialAction":[{"@type":"CommentAction","name":"Comment","target":["https:\/\/memurunsesi.net\/index.php\/2025\/07\/14\/bursada-34-yil-cezasi-bulunan-sahis-ruhsatsiz-silahla-yakalandi\/#respond"]}]},{"@type":"WebPage","@id":"https:\/\/memurunsesi.net\/index.php\/2025\/07\/14\/bursada-34-yil-cezasi-bulunan-sahis-ruhsatsiz-silahla-yakalandi\/","url":"https:\/\/memurunsesi.net\/index.php\/2025\/07\/14\/bursada-34-yil-cezasi-bulunan-sahis-ruhsatsiz-silahla-yakalandi\/","name":"Bursa\u2019da 34 y\u0131l cezas\u0131 bulunan \u015fah\u0131s ruhsats\u0131z silahla yakaland\u0131 - Memurun Sesi","isPartOf":{"@id":"https:\/\/memurunsesi.net\/#website"},"primaryImageOfPage":{"@id":"https:\/\/memurunsesi.net\/index.php\/2025\/07\/14\/bursada-34-yil-cezasi-bulunan-sahis-ruhsatsiz-silahla-yakalandi\/#primaryimage"},"image":{"@id":"https:\/\/memurunsesi.net\/index.php\/2025\/07\/14\/bursada-34-yil-cezasi-bulunan-sahis-ruhsatsiz-silahla-yakalandi\/#primaryimage"},"thumbnailUrl":"https:\/\/memurunsesi.net\/wp-content\/uploads\/2025\/07\/AW496780_01.jpg","datePublished":"2025-07-14T11:18:01+00:00","breadcrumb":{"@id":"https:\/\/memurunsesi.net\/index.php\/2025\/07\/14\/bursada-34-yil-cezasi-bulunan-sahis-ruhsatsiz-silahla-yakalandi\/#breadcrumb"},"inLanguage":"tr","potentialAction":[{"@type":"ReadAction","target":["https:\/\/memurunsesi.net\/index.php\/2025\/07\/14\/bursada-34-yil-cezasi-bulunan-sahis-ruhsatsiz-silahla-yakalandi\/"]}]},{"@type":"ImageObject","inLanguage":"tr","@id":"https:\/\/memurunsesi.net\/index.php\/2025\/07\/14\/bursada-34-yil-cezasi-bulunan-sahis-ruhsatsiz-silahla-yakalandi\/#primaryimage","url":"https:\/\/memurunsesi.net\/wp-content\/uploads\/2025\/07\/AW496780_01.jpg","contentUrl":"https:\/\/memurunsesi.net\/wp-content\/uploads\/2025\/07\/AW496780_01.jpg","width":480,"height":848,"caption":"BURSA'NIN OSMANGAZ\u0130 \u0130L\u00c7ES\u0130NDE HAKKINDA \u00c7E\u015e\u0130TL\u0130 SU\u00c7LARDAN TOPLAM 34 YIL 3 AY 3 G\u00dcN KES\u0130NLE\u015eM\u0130\u015e HAP\u0130S CEZASI BULUNAN \u015eAHIS POL\u0130S EK\u0130PLER\u0130NCE YAKALANDI. (MESUT G\u00dcLE\u00c7\/BURSA-\u0130HA) Bursa'n\u0131n Osmangazi il\u00e7esinde hakk\u0131nda \u00e7e\u015fitli su\u00e7lardan toplam 34 y\u0131l 3 ay 3 g\u00fcn kesinle\u015fmi\u015f hapis cezas\u0131 bulunan \u015fah\u0131s polis ekiplerince yakaland\u0131."},{"@type":"BreadcrumbList","@id":"https:\/\/memurunsesi.net\/index.php\/2025\/07\/14\/bursada-34-yil-cezasi-bulunan-sahis-ruhsatsiz-silahla-yakalandi\/#breadcrumb","itemListElement":[{"@type":"ListItem","position":1,"name":"Anasayfa","item":"https:\/\/memurunsesi.net\/"},{"@type":"ListItem","position":2,"name":"Bursa\u2019da 34 y\u0131l cezas\u0131 bulunan \u015fah\u0131s ruhsats\u0131z silahla yakaland\u0131"}]},{"@type":"WebSite","@id":"https:\/\/memurunsesi.net\/#website","url":"https:\/\/memurunsesi.net\/","name":"Memurun Sesi","description":"G\u00fcncel ve Do\u011fru Haber","publisher":{"@id":"https:\/\/memurunsesi.net\/#organization"},"potentialAction":[{"@type":"SearchAction","target":{"@type":"EntryPoint","urlTemplate":"https:\/\/memurunsesi.net\/?s={search_term_string}"},"query-input":{"@type":"PropertyValueSpecification","valueRequired":true,"valueName":"search_term_string"}}],"inLanguage":"tr"},{"@type":"Organization","@id":"https:\/\/memurunsesi.net\/#organization","name":"Memurun Sesi","url":"https:\/\/memurunsesi.net\/","logo":{"@type":"ImageObject","inLanguage":"tr","@id":"https:\/\/memurunsesi.net\/#\/schema\/logo\/image\/","url":"https:\/\/memurunsesi.net\/wp-content\/uploads\/2025\/11\/cropped-MEMURUN-SESI.png","contentUrl":"https:\/\/memurunsesi.net\/wp-content\/uploads\/2025\/11\/cropped-MEMURUN-SESI.png","width":238,"height":57,"caption":"Memurun Sesi"},"image":{"@id":"https:\/\/memurunsesi.net\/#\/schema\/logo\/image\/"},"sameAs":["https:\/\/www.facebook.com\/unipersen\/?locale=tr_TR","https:\/\/x.com\/unipersen"]},{"@type":"Person","@id":"https:\/\/memurunsesi.net\/#\/schema\/person\/f21c2d73b89f6ee1d80b0a1803e38587","name":"Memurun Sesi Haber Merkezi","image":{"@type":"ImageObject","inLanguage":"tr","@id":"https:\/\/secure.gravatar.com\/avatar\/6cf0505f452ee753f485014986fab09a434671d2b919ee76fc541025c5876a70?s=96&d=mm&r=g","url":"https:\/\/secure.gravatar.com\/avatar\/6cf0505f452ee753f485014986fab09a434671d2b919ee76fc541025c5876a70?s=96&d=mm&r=g","contentUrl":"https:\/\/secure.gravatar.com\/avatar\/6cf0505f452ee753f485014986fab09a434671d2b919ee76fc541025c5876a70?s=96&d=mm&r=g","caption":"Memurun Sesi Haber Merkezi"},"sameAs":["https:\/\/memurunsesi.net"],"url":"https:\/\/memurunsesi.net\/index.php\/author\/uniper\/"}]}},"_links":{"self":[{"href":"https:\/\/memurunsesi.net\/index.php\/wp-json\/wp\/v2\/posts\/9300","targetHints":{"allow":["GET"]}}],"collection":[{"href":"https:\/\/memurunsesi.net\/index.php\/wp-json\/wp\/v2\/posts"}],"about":[{"href":"https:\/\/memurunsesi.net\/index.php\/wp-json\/wp\/v2\/types\/post"}],"author":[{"embeddable":true,"href":"https:\/\/memurunsesi.net\/index.php\/wp-json\/wp\/v2\/users\/1"}],"replies":[{"embeddable":true,"href":"https:\/\/memurunsesi.net\/index.php\/wp-json\/wp\/v2\/comments?post=9300"}],"version-history":[{"count":1,"href":"https:\/\/memurunsesi.net\/index.php\/wp-json\/wp\/v2\/posts\/9300\/revisions"}],"predecessor-version":[{"id":9302,"href":"https:\/\/memurunsesi.net\/index.php\/wp-json\/wp\/v2\/posts\/9300\/revisions\/9302"}],"wp:featuredmedia":[{"embeddable":true,"href":"https:\/\/memurunsesi.net\/index.php\/wp-json\/wp\/v2\/media\/9301"}],"wp:attachment":[{"href":"https:\/\/memurunsesi.net\/index.php\/wp-json\/wp\/v2\/media?parent=9300"}],"wp:term":[{"taxonomy":"category","embeddable":true,"href":"https:\/\/memurunsesi.net\/index.php\/wp-json\/wp\/v2\/categories?post=9300"},{"taxonomy":"post_tag","embeddable":true,"href":"https:\/\/memurunsesi.net\/index.php\/wp-json\/wp\/v2\/tags?post=9300"}],"curies":[{"name":"wp","href":"https:\/\/api.w.org\/{rel}","templated":true}]}}