{"id":9303,"date":"2025-07-14T14:19:49","date_gmt":"2025-07-14T11:19:49","guid":{"rendered":"https:\/\/memurunsesi.net\/?p=9303"},"modified":"2025-07-14T14:19:49","modified_gmt":"2025-07-14T11:19:49","slug":"resmi-nikahtan-kacanlar-tazminatla-karsi-karsiya-kaliyor","status":"publish","type":"post","link":"https:\/\/memurunsesi.net\/index.php\/2025\/07\/14\/resmi-nikahtan-kacanlar-tazminatla-karsi-karsiya-kaliyor\/","title":{"rendered":"Resmi nikahtan ka\u00e7anlar tazminatla kar\u015f\u0131 kar\u015f\u0131ya kal\u0131yor"},"content":{"rendered":"<p>  Yarg\u0131tay\u2019\u0131n 2021 y\u0131l\u0131nda verdi\u011fi emsal karara g\u00f6re, resmi nikah vaadiyle kand\u0131r\u0131larak uzun s\u00fcre evli gibi ya\u015fayan kad\u0131nlar manevi tazminat talep edebiliyor. Avukat Buket Nur\u015fah Tek\u0131\u015f\u0131k, karar\u0131n benzer ma\u011fduriyetler ya\u015fayan kad\u0131nlar i\u00e7in \u00f6nemli bir hukuki dayanak olu\u015fturdu\u011funu belirtti. <\/p>\n<p>  Resmi nikah vaadiyle kand\u0131r\u0131lan, bu vaat do\u011frultusunda uzun s\u00fcre evli gibi hayat s\u00fcren ve sonras\u0131nda herhangi bir hukuki g\u00fcvence olmaks\u0131z\u0131n ili\u015fkisi sonland\u0131r\u0131lan kad\u0131nlar a\u00e7\u0131s\u0131ndan \u00f6nemli d\u00f6n\u00fcm noktas\u0131 say\u0131lan Yarg\u0131tay Hukuk Genel Kurulu\u2019nun 2021 tarihli karar\u0131, benzer \u015fekilde ma\u011fdur olan kad\u0131nlara manevi tazminat hakk\u0131 tan\u0131yarak hukuki zeminde \u00f6nemli bir emsal olu\u015fturdu. Avukat Buket Nur\u015fah Tek\u0131\u015f\u0131k, Yarg\u0131tay Hukuk Genel Kurulu&#8217;nun 25 \u015eubat 2021 tarihli ve 2017\/1316 E. &#8211; 2021\/167 K. say\u0131l\u0131 karar\u0131n\u0131 de\u011ferlendirdi. Tek\u0131\u015f\u0131k, &#8220;Resmi nikah vaadiyle kand\u0131r\u0131larak uzun s\u00fcre kar\u0131-koca hayat\u0131 ya\u015fanmas\u0131 durumunda, kad\u0131n a\u00e7\u0131s\u0131ndan manevi tazminat hakk\u0131 do\u011far.&#8221; dedi. <\/p>\n<p>  &#8220;Son y\u0131llarda evlilik d\u0131\u015f\u0131 birlikte ya\u015fam\u0131n artt\u0131<br \/>\n  Yarg\u0131tay\u2019\u0131n bu karar\u0131, evlilik d\u0131\u015f\u0131 uzun s\u00fcreli ili\u015fkilerde hukuki ma\u011fduriyet ya\u015fayan kad\u0131nlar i\u00e7in \u00f6nemli d\u00f6n\u00fcm noktas\u0131 olarak de\u011ferlendiriliyor. Tek\u0131\u015f\u0131k, &#8220;Son y\u0131llarda evlilik d\u0131\u015f\u0131 birlikte ya\u015fam\u0131n artmas\u0131yla birlikte taraflar\u0131n hukuki g\u00fcvence ihtiyac\u0131 da y\u00fckselmi\u015ftir. Yarg\u0131tay\u2019\u0131n verdi\u011fi bu karar, benzer ma\u011fduriyetleri ya\u015fayan bir\u00e7ok kad\u0131n i\u00e7in umut \u0131\u015f\u0131\u011f\u0131 olmu\u015ftur.&#8221; ifadelerini kulland\u0131. <\/p>\n<p>  Kad\u0131na manevi tazminat<br \/>\n  Kararda, kad\u0131n\u0131n resmi nikah vaadiyle kand\u0131r\u0131ld\u0131\u011f\u0131, bu vaat do\u011frultusunda uzun s\u00fcre birlikte ya\u015fad\u0131\u011f\u0131, fiziksel ve ruhsal zarara u\u011frad\u0131\u011f\u0131, dolay\u0131s\u0131yla manevi tazminata hak kazand\u0131\u011f\u0131 vurguland\u0131. Mahkeme, &#8220;Davac\u0131n\u0131n hukuka ayk\u0131r\u0131 olan bu fiilden dolay\u0131 etkilenen manevi dengesinin eski hale d\u00f6n\u00fc\u015fmesi, duygusal olarak tatmin edilmesi ve zarar verenin benzer fiilleri tekrar etmemesi amac\u0131yla manevi tazminata h\u00fckmedilmesi isabetlidir.&#8221; \u015feklinde h\u00fck\u00fcm verdi. <\/p>\n<p>  &#8220;Kad\u0131nlar\u0131n iyi niyeti suistimal ediliyor&#8221;<br \/>\n  Avukat Tek\u0131\u015f\u0131k, \u00f6zellikle modern ya\u015fam tarz\u0131 ile toplumsal yap\u0131n\u0131n tam anlam\u0131yla uyum sa\u011flayamamas\u0131n\u0131n kad\u0131nlar aleyhine sonu\u00e7lar do\u011furdu\u011funu belirterek, &#8220;Bir\u00e7ok erkek, evlili\u011fin do\u011furdu\u011fu y\u00fck\u00fcml\u00fcl\u00fcklerden ka\u00e7mak ad\u0131na nikahs\u0131z birlikte ya\u015famay\u0131 tercih ediyor. Bu durumun en b\u00fcy\u00fck ma\u011fduru ise kad\u0131nlar oluyor. Hukuki d\u00fczenlemeler, kad\u0131nlar\u0131n iyi niyetinin suistimal edilmesini \u00f6nlemek ad\u0131na b\u00fcy\u00fck \u00f6nem ta\u015f\u0131yor.&#8221; diye konu\u015ftu.<br \/>\n  Tek\u0131\u015f\u0131k, Yarg\u0131tay\u2019\u0131n bu emsal karar\u0131n\u0131n, nikahs\u0131z birliktelik ya\u015fayan ve terk edilen kad\u0131nlar i\u00e7in yol g\u00f6sterici bir hukuki dayanak oldu\u011funu da vurgulad\u0131. <\/p>\n<p>14.07.2025                                <\/p>\n","protected":false},"excerpt":{"rendered":"<p>Yarg\u0131tay\u2019\u0131n 2021 y\u0131l\u0131nda verdi\u011fi emsal karara g\u00f6re, resmi nikah vaadiyle kand\u0131r\u0131larak uzun s\u00fcre evli gibi ya\u015fayan kad\u0131nlar manevi tazminat talep edebiliyor. Avukat Buket Nur\u015fah Tek\u0131\u015f\u0131k, karar\u0131n benzer ma\u011fduriyetler ya\u015fayan kad\u0131nlar i\u00e7in \u00f6nemli bir hukuki dayanak olu\u015fturdu\u011funu belirtti. Resmi nikah vaadiyle kand\u0131r\u0131lan, bu vaat do\u011frultusunda uzun s\u00fcre evli gibi hayat s\u00fcren ve sonras\u0131nda herhangi bir hukuki [&hellip;]<\/p>\n","protected":false},"author":1,"featured_media":9304,"comment_status":"open","ping_status":"open","sticky":false,"template":"","format":"standard","meta":{"footnotes":""},"categories":[1],"tags":[],"class_list":["post-9303","post","type-post","status-publish","format-standard","has-post-thumbnail","hentry","category-genel"],"yoast_head":"<!-- This site is optimized with the Yoast SEO plugin v27.4 - https:\/\/yoast.com\/product\/yoast-seo-wordpress\/ -->\n<title>Resmi nikahtan ka\u00e7anlar tazminatla kar\u015f\u0131 kar\u015f\u0131ya kal\u0131yor - Memurun Sesi<\/title>\n<meta name=\"robots\" content=\"index, follow, max-snippet:-1, max-image-preview:large, max-video-preview:-1\" \/>\n<link rel=\"canonical\" href=\"https:\/\/memurunsesi.net\/index.php\/2025\/07\/14\/resmi-nikahtan-kacanlar-tazminatla-karsi-karsiya-kaliyor\/\" \/>\n<meta property=\"og:locale\" content=\"tr_TR\" \/>\n<meta property=\"og:type\" content=\"article\" \/>\n<meta property=\"og:title\" content=\"Resmi nikahtan ka\u00e7anlar tazminatla kar\u015f\u0131 kar\u015f\u0131ya kal\u0131yor - Memurun Sesi\" \/>\n<meta property=\"og:description\" content=\"Yarg\u0131tay\u2019\u0131n 2021 y\u0131l\u0131nda verdi\u011fi emsal karara g\u00f6re, resmi nikah vaadiyle kand\u0131r\u0131larak uzun s\u00fcre evli gibi ya\u015fayan kad\u0131nlar manevi tazminat talep edebiliyor. Avukat Buket Nur\u015fah Tek\u0131\u015f\u0131k, karar\u0131n benzer ma\u011fduriyetler ya\u015fayan kad\u0131nlar i\u00e7in \u00f6nemli bir hukuki dayanak olu\u015fturdu\u011funu belirtti. Resmi nikah vaadiyle kand\u0131r\u0131lan, bu vaat do\u011frultusunda uzun s\u00fcre evli gibi hayat s\u00fcren ve sonras\u0131nda herhangi bir hukuki [&hellip;]\" \/>\n<meta property=\"og:url\" content=\"https:\/\/memurunsesi.net\/index.php\/2025\/07\/14\/resmi-nikahtan-kacanlar-tazminatla-karsi-karsiya-kaliyor\/\" \/>\n<meta property=\"og:site_name\" content=\"Memurun Sesi\" \/>\n<meta property=\"article:publisher\" content=\"https:\/\/www.facebook.com\/unipersen\/?locale=tr_TR\" \/>\n<meta property=\"article:published_time\" content=\"2025-07-14T11:19:49+00:00\" \/>\n<meta property=\"og:image\" content=\"https:\/\/memurunsesi.net\/wp-content\/uploads\/2025\/07\/AW496773_01.jpg\" \/>\n\t<meta property=\"og:image:width\" content=\"646\" \/>\n\t<meta property=\"og:image:height\" content=\"826\" \/>\n\t<meta property=\"og:image:type\" content=\"image\/jpeg\" \/>\n<meta name=\"author\" content=\"Memurun Sesi Haber Merkezi\" \/>\n<meta name=\"twitter:card\" content=\"summary_large_image\" \/>\n<meta name=\"twitter:creator\" content=\"@unipersen\" \/>\n<meta name=\"twitter:site\" content=\"@unipersen\" \/>\n<meta name=\"twitter:label1\" content=\"Yazan:\" \/>\n\t<meta name=\"twitter:data1\" content=\"Memurun Sesi Haber Merkezi\" \/>\n\t<meta name=\"twitter:label2\" content=\"Tahmini okuma s\u00fcresi\" \/>\n\t<meta name=\"twitter:data2\" content=\"1 dakika\" \/>\n<script type=\"application\/ld+json\" class=\"yoast-schema-graph\">{\"@context\":\"https:\\\/\\\/schema.org\",\"@graph\":[{\"@type\":\"Article\",\"@id\":\"https:\\\/\\\/memurunsesi.net\\\/index.php\\\/2025\\\/07\\\/14\\\/resmi-nikahtan-kacanlar-tazminatla-karsi-karsiya-kaliyor\\\/#article\",\"isPartOf\":{\"@id\":\"https:\\\/\\\/memurunsesi.net\\\/index.php\\\/2025\\\/07\\\/14\\\/resmi-nikahtan-kacanlar-tazminatla-karsi-karsiya-kaliyor\\\/\"},\"author\":{\"name\":\"Memurun Sesi Haber Merkezi\",\"@id\":\"https:\\\/\\\/memurunsesi.net\\\/#\\\/schema\\\/person\\\/f21c2d73b89f6ee1d80b0a1803e38587\"},\"headline\":\"Resmi nikahtan ka\u00e7anlar tazminatla kar\u015f\u0131 kar\u015f\u0131ya kal\u0131yor\",\"datePublished\":\"2025-07-14T11:19:49+00:00\",\"mainEntityOfPage\":{\"@id\":\"https:\\\/\\\/memurunsesi.net\\\/index.php\\\/2025\\\/07\\\/14\\\/resmi-nikahtan-kacanlar-tazminatla-karsi-karsiya-kaliyor\\\/\"},\"wordCount\":484,\"commentCount\":0,\"publisher\":{\"@id\":\"https:\\\/\\\/memurunsesi.net\\\/#organization\"},\"image\":{\"@id\":\"https:\\\/\\\/memurunsesi.net\\\/index.php\\\/2025\\\/07\\\/14\\\/resmi-nikahtan-kacanlar-tazminatla-karsi-karsiya-kaliyor\\\/#primaryimage\"},\"thumbnailUrl\":\"https:\\\/\\\/memurunsesi.net\\\/wp-content\\\/uploads\\\/2025\\\/07\\\/AW496773_01.jpg\",\"inLanguage\":\"tr\",\"potentialAction\":[{\"@type\":\"CommentAction\",\"name\":\"Comment\",\"target\":[\"https:\\\/\\\/memurunsesi.net\\\/index.php\\\/2025\\\/07\\\/14\\\/resmi-nikahtan-kacanlar-tazminatla-karsi-karsiya-kaliyor\\\/#respond\"]}]},{\"@type\":\"WebPage\",\"@id\":\"https:\\\/\\\/memurunsesi.net\\\/index.php\\\/2025\\\/07\\\/14\\\/resmi-nikahtan-kacanlar-tazminatla-karsi-karsiya-kaliyor\\\/\",\"url\":\"https:\\\/\\\/memurunsesi.net\\\/index.php\\\/2025\\\/07\\\/14\\\/resmi-nikahtan-kacanlar-tazminatla-karsi-karsiya-kaliyor\\\/\",\"name\":\"Resmi nikahtan ka\u00e7anlar tazminatla kar\u015f\u0131 kar\u015f\u0131ya kal\u0131yor - Memurun Sesi\",\"isPartOf\":{\"@id\":\"https:\\\/\\\/memurunsesi.net\\\/#website\"},\"primaryImageOfPage\":{\"@id\":\"https:\\\/\\\/memurunsesi.net\\\/index.php\\\/2025\\\/07\\\/14\\\/resmi-nikahtan-kacanlar-tazminatla-karsi-karsiya-kaliyor\\\/#primaryimage\"},\"image\":{\"@id\":\"https:\\\/\\\/memurunsesi.net\\\/index.php\\\/2025\\\/07\\\/14\\\/resmi-nikahtan-kacanlar-tazminatla-karsi-karsiya-kaliyor\\\/#primaryimage\"},\"thumbnailUrl\":\"https:\\\/\\\/memurunsesi.net\\\/wp-content\\\/uploads\\\/2025\\\/07\\\/AW496773_01.jpg\",\"datePublished\":\"2025-07-14T11:19:49+00:00\",\"breadcrumb\":{\"@id\":\"https:\\\/\\\/memurunsesi.net\\\/index.php\\\/2025\\\/07\\\/14\\\/resmi-nikahtan-kacanlar-tazminatla-karsi-karsiya-kaliyor\\\/#breadcrumb\"},\"inLanguage\":\"tr\",\"potentialAction\":[{\"@type\":\"ReadAction\",\"target\":[\"https:\\\/\\\/memurunsesi.net\\\/index.php\\\/2025\\\/07\\\/14\\\/resmi-nikahtan-kacanlar-tazminatla-karsi-karsiya-kaliyor\\\/\"]}]},{\"@type\":\"ImageObject\",\"inLanguage\":\"tr\",\"@id\":\"https:\\\/\\\/memurunsesi.net\\\/index.php\\\/2025\\\/07\\\/14\\\/resmi-nikahtan-kacanlar-tazminatla-karsi-karsiya-kaliyor\\\/#primaryimage\",\"url\":\"https:\\\/\\\/memurunsesi.net\\\/wp-content\\\/uploads\\\/2025\\\/07\\\/AW496773_01.jpg\",\"contentUrl\":\"https:\\\/\\\/memurunsesi.net\\\/wp-content\\\/uploads\\\/2025\\\/07\\\/AW496773_01.jpg\",\"width\":646,\"height\":826,\"caption\":\"YARGITAY'IN 2021 YILINDA VERD\u0130\u011e\u0130 EMSAL KARARA G\u00d6RE, RESM\u0130 N\u0130KAH VAAD\u0130YLE KANDIRILARAK UZUN S\u00dcRE EVL\u0130 G\u0130B\u0130 YA\u015eAYAN KADINLAR MANEV\u0130 TAZM\u0130NAT TALEP EDEB\u0130L\u0130YOR. AVUKAT BUKET NUR\u015eAH TEKI\u015eIK, KARARIN BENZER MA\u011eDUR\u0130YETLER YA\u015eAYAN KADINLAR \u0130\u00c7\u0130N \u00d6NEML\u0130 B\u0130R HUKUK\u0130 DAYANAK OLU\u015eTURDU\u011eUNU BEL\u0130RTT\u0130. (C\u0130HAN AT\u0130K\\\/KOCAEL\u0130-\u0130HA) Yarg\u0131tay'\u0131n 2021 y\u0131l\u0131nda verdi\u011fi emsal karara g\u00f6re, resmi nikah vaadiyle kand\u0131r\u0131larak uzun s\u00fcre evli gibi ya\u015fayan kad\u0131nlar manevi tazminat talep edebiliyor. Avukat Buket Nur\u015fah Tek\u0131\u015f\u0131k, karar\u0131n benzer ma\u011fduriyetler ya\u015fayan kad\u0131nlar i\u00e7in \u00f6nemli bir hukuki dayanak olu\u015fturdu\u011funu belirtti.\"},{\"@type\":\"BreadcrumbList\",\"@id\":\"https:\\\/\\\/memurunsesi.net\\\/index.php\\\/2025\\\/07\\\/14\\\/resmi-nikahtan-kacanlar-tazminatla-karsi-karsiya-kaliyor\\\/#breadcrumb\",\"itemListElement\":[{\"@type\":\"ListItem\",\"position\":1,\"name\":\"Anasayfa\",\"item\":\"https:\\\/\\\/memurunsesi.net\\\/\"},{\"@type\":\"ListItem\",\"position\":2,\"name\":\"Resmi nikahtan ka\u00e7anlar tazminatla kar\u015f\u0131 kar\u015f\u0131ya kal\u0131yor\"}]},{\"@type\":\"WebSite\",\"@id\":\"https:\\\/\\\/memurunsesi.net\\\/#website\",\"url\":\"https:\\\/\\\/memurunsesi.net\\\/\",\"name\":\"Memurun Sesi\",\"description\":\"G\u00fcncel ve Do\u011fru Haber\",\"publisher\":{\"@id\":\"https:\\\/\\\/memurunsesi.net\\\/#organization\"},\"potentialAction\":[{\"@type\":\"SearchAction\",\"target\":{\"@type\":\"EntryPoint\",\"urlTemplate\":\"https:\\\/\\\/memurunsesi.net\\\/?s={search_term_string}\"},\"query-input\":{\"@type\":\"PropertyValueSpecification\",\"valueRequired\":true,\"valueName\":\"search_term_string\"}}],\"inLanguage\":\"tr\"},{\"@type\":\"Organization\",\"@id\":\"https:\\\/\\\/memurunsesi.net\\\/#organization\",\"name\":\"Memurun Sesi\",\"url\":\"https:\\\/\\\/memurunsesi.net\\\/\",\"logo\":{\"@type\":\"ImageObject\",\"inLanguage\":\"tr\",\"@id\":\"https:\\\/\\\/memurunsesi.net\\\/#\\\/schema\\\/logo\\\/image\\\/\",\"url\":\"https:\\\/\\\/memurunsesi.net\\\/wp-content\\\/uploads\\\/2025\\\/11\\\/cropped-MEMURUN-SESI.png\",\"contentUrl\":\"https:\\\/\\\/memurunsesi.net\\\/wp-content\\\/uploads\\\/2025\\\/11\\\/cropped-MEMURUN-SESI.png\",\"width\":238,\"height\":57,\"caption\":\"Memurun Sesi\"},\"image\":{\"@id\":\"https:\\\/\\\/memurunsesi.net\\\/#\\\/schema\\\/logo\\\/image\\\/\"},\"sameAs\":[\"https:\\\/\\\/www.facebook.com\\\/unipersen\\\/?locale=tr_TR\",\"https:\\\/\\\/x.com\\\/unipersen\"]},{\"@type\":\"Person\",\"@id\":\"https:\\\/\\\/memurunsesi.net\\\/#\\\/schema\\\/person\\\/f21c2d73b89f6ee1d80b0a1803e38587\",\"name\":\"Memurun Sesi Haber Merkezi\",\"image\":{\"@type\":\"ImageObject\",\"inLanguage\":\"tr\",\"@id\":\"https:\\\/\\\/secure.gravatar.com\\\/avatar\\\/6cf0505f452ee753f485014986fab09a434671d2b919ee76fc541025c5876a70?s=96&d=mm&r=g\",\"url\":\"https:\\\/\\\/secure.gravatar.com\\\/avatar\\\/6cf0505f452ee753f485014986fab09a434671d2b919ee76fc541025c5876a70?s=96&d=mm&r=g\",\"contentUrl\":\"https:\\\/\\\/secure.gravatar.com\\\/avatar\\\/6cf0505f452ee753f485014986fab09a434671d2b919ee76fc541025c5876a70?s=96&d=mm&r=g\",\"caption\":\"Memurun Sesi Haber Merkezi\"},\"sameAs\":[\"https:\\\/\\\/memurunsesi.net\"],\"url\":\"https:\\\/\\\/memurunsesi.net\\\/index.php\\\/author\\\/uniper\\\/\"}]}<\/script>\n<!-- \/ Yoast SEO plugin. -->","yoast_head_json":{"title":"Resmi nikahtan ka\u00e7anlar tazminatla kar\u015f\u0131 kar\u015f\u0131ya kal\u0131yor - Memurun Sesi","robots":{"index":"index","follow":"follow","max-snippet":"max-snippet:-1","max-image-preview":"max-image-preview:large","max-video-preview":"max-video-preview:-1"},"canonical":"https:\/\/memurunsesi.net\/index.php\/2025\/07\/14\/resmi-nikahtan-kacanlar-tazminatla-karsi-karsiya-kaliyor\/","og_locale":"tr_TR","og_type":"article","og_title":"Resmi nikahtan ka\u00e7anlar tazminatla kar\u015f\u0131 kar\u015f\u0131ya kal\u0131yor - Memurun Sesi","og_description":"Yarg\u0131tay\u2019\u0131n 2021 y\u0131l\u0131nda verdi\u011fi emsal karara g\u00f6re, resmi nikah vaadiyle kand\u0131r\u0131larak uzun s\u00fcre evli gibi ya\u015fayan kad\u0131nlar manevi tazminat talep edebiliyor. Avukat Buket Nur\u015fah Tek\u0131\u015f\u0131k, karar\u0131n benzer ma\u011fduriyetler ya\u015fayan kad\u0131nlar i\u00e7in \u00f6nemli bir hukuki dayanak olu\u015fturdu\u011funu belirtti. Resmi nikah vaadiyle kand\u0131r\u0131lan, bu vaat do\u011frultusunda uzun s\u00fcre evli gibi hayat s\u00fcren ve sonras\u0131nda herhangi bir hukuki [&hellip;]","og_url":"https:\/\/memurunsesi.net\/index.php\/2025\/07\/14\/resmi-nikahtan-kacanlar-tazminatla-karsi-karsiya-kaliyor\/","og_site_name":"Memurun Sesi","article_publisher":"https:\/\/www.facebook.com\/unipersen\/?locale=tr_TR","article_published_time":"2025-07-14T11:19:49+00:00","og_image":[{"width":646,"height":826,"url":"https:\/\/memurunsesi.net\/wp-content\/uploads\/2025\/07\/AW496773_01.jpg","type":"image\/jpeg"}],"author":"Memurun Sesi Haber Merkezi","twitter_card":"summary_large_image","twitter_creator":"@unipersen","twitter_site":"@unipersen","twitter_misc":{"Yazan:":"Memurun Sesi Haber Merkezi","Tahmini okuma s\u00fcresi":"1 dakika"},"schema":{"@context":"https:\/\/schema.org","@graph":[{"@type":"Article","@id":"https:\/\/memurunsesi.net\/index.php\/2025\/07\/14\/resmi-nikahtan-kacanlar-tazminatla-karsi-karsiya-kaliyor\/#article","isPartOf":{"@id":"https:\/\/memurunsesi.net\/index.php\/2025\/07\/14\/resmi-nikahtan-kacanlar-tazminatla-karsi-karsiya-kaliyor\/"},"author":{"name":"Memurun Sesi Haber Merkezi","@id":"https:\/\/memurunsesi.net\/#\/schema\/person\/f21c2d73b89f6ee1d80b0a1803e38587"},"headline":"Resmi nikahtan ka\u00e7anlar tazminatla kar\u015f\u0131 kar\u015f\u0131ya kal\u0131yor","datePublished":"2025-07-14T11:19:49+00:00","mainEntityOfPage":{"@id":"https:\/\/memurunsesi.net\/index.php\/2025\/07\/14\/resmi-nikahtan-kacanlar-tazminatla-karsi-karsiya-kaliyor\/"},"wordCount":484,"commentCount":0,"publisher":{"@id":"https:\/\/memurunsesi.net\/#organization"},"image":{"@id":"https:\/\/memurunsesi.net\/index.php\/2025\/07\/14\/resmi-nikahtan-kacanlar-tazminatla-karsi-karsiya-kaliyor\/#primaryimage"},"thumbnailUrl":"https:\/\/memurunsesi.net\/wp-content\/uploads\/2025\/07\/AW496773_01.jpg","inLanguage":"tr","potentialAction":[{"@type":"CommentAction","name":"Comment","target":["https:\/\/memurunsesi.net\/index.php\/2025\/07\/14\/resmi-nikahtan-kacanlar-tazminatla-karsi-karsiya-kaliyor\/#respond"]}]},{"@type":"WebPage","@id":"https:\/\/memurunsesi.net\/index.php\/2025\/07\/14\/resmi-nikahtan-kacanlar-tazminatla-karsi-karsiya-kaliyor\/","url":"https:\/\/memurunsesi.net\/index.php\/2025\/07\/14\/resmi-nikahtan-kacanlar-tazminatla-karsi-karsiya-kaliyor\/","name":"Resmi nikahtan ka\u00e7anlar tazminatla kar\u015f\u0131 kar\u015f\u0131ya kal\u0131yor - Memurun Sesi","isPartOf":{"@id":"https:\/\/memurunsesi.net\/#website"},"primaryImageOfPage":{"@id":"https:\/\/memurunsesi.net\/index.php\/2025\/07\/14\/resmi-nikahtan-kacanlar-tazminatla-karsi-karsiya-kaliyor\/#primaryimage"},"image":{"@id":"https:\/\/memurunsesi.net\/index.php\/2025\/07\/14\/resmi-nikahtan-kacanlar-tazminatla-karsi-karsiya-kaliyor\/#primaryimage"},"thumbnailUrl":"https:\/\/memurunsesi.net\/wp-content\/uploads\/2025\/07\/AW496773_01.jpg","datePublished":"2025-07-14T11:19:49+00:00","breadcrumb":{"@id":"https:\/\/memurunsesi.net\/index.php\/2025\/07\/14\/resmi-nikahtan-kacanlar-tazminatla-karsi-karsiya-kaliyor\/#breadcrumb"},"inLanguage":"tr","potentialAction":[{"@type":"ReadAction","target":["https:\/\/memurunsesi.net\/index.php\/2025\/07\/14\/resmi-nikahtan-kacanlar-tazminatla-karsi-karsiya-kaliyor\/"]}]},{"@type":"ImageObject","inLanguage":"tr","@id":"https:\/\/memurunsesi.net\/index.php\/2025\/07\/14\/resmi-nikahtan-kacanlar-tazminatla-karsi-karsiya-kaliyor\/#primaryimage","url":"https:\/\/memurunsesi.net\/wp-content\/uploads\/2025\/07\/AW496773_01.jpg","contentUrl":"https:\/\/memurunsesi.net\/wp-content\/uploads\/2025\/07\/AW496773_01.jpg","width":646,"height":826,"caption":"YARGITAY'IN 2021 YILINDA VERD\u0130\u011e\u0130 EMSAL KARARA G\u00d6RE, RESM\u0130 N\u0130KAH VAAD\u0130YLE KANDIRILARAK UZUN S\u00dcRE EVL\u0130 G\u0130B\u0130 YA\u015eAYAN KADINLAR MANEV\u0130 TAZM\u0130NAT TALEP EDEB\u0130L\u0130YOR. AVUKAT BUKET NUR\u015eAH TEKI\u015eIK, KARARIN BENZER MA\u011eDUR\u0130YETLER YA\u015eAYAN KADINLAR \u0130\u00c7\u0130N \u00d6NEML\u0130 B\u0130R HUKUK\u0130 DAYANAK OLU\u015eTURDU\u011eUNU BEL\u0130RTT\u0130. (C\u0130HAN AT\u0130K\/KOCAEL\u0130-\u0130HA) Yarg\u0131tay'\u0131n 2021 y\u0131l\u0131nda verdi\u011fi emsal karara g\u00f6re, resmi nikah vaadiyle kand\u0131r\u0131larak uzun s\u00fcre evli gibi ya\u015fayan kad\u0131nlar manevi tazminat talep edebiliyor. Avukat Buket Nur\u015fah Tek\u0131\u015f\u0131k, karar\u0131n benzer ma\u011fduriyetler ya\u015fayan kad\u0131nlar i\u00e7in \u00f6nemli bir hukuki dayanak olu\u015fturdu\u011funu belirtti."},{"@type":"BreadcrumbList","@id":"https:\/\/memurunsesi.net\/index.php\/2025\/07\/14\/resmi-nikahtan-kacanlar-tazminatla-karsi-karsiya-kaliyor\/#breadcrumb","itemListElement":[{"@type":"ListItem","position":1,"name":"Anasayfa","item":"https:\/\/memurunsesi.net\/"},{"@type":"ListItem","position":2,"name":"Resmi nikahtan ka\u00e7anlar tazminatla kar\u015f\u0131 kar\u015f\u0131ya kal\u0131yor"}]},{"@type":"WebSite","@id":"https:\/\/memurunsesi.net\/#website","url":"https:\/\/memurunsesi.net\/","name":"Memurun Sesi","description":"G\u00fcncel ve Do\u011fru Haber","publisher":{"@id":"https:\/\/memurunsesi.net\/#organization"},"potentialAction":[{"@type":"SearchAction","target":{"@type":"EntryPoint","urlTemplate":"https:\/\/memurunsesi.net\/?s={search_term_string}"},"query-input":{"@type":"PropertyValueSpecification","valueRequired":true,"valueName":"search_term_string"}}],"inLanguage":"tr"},{"@type":"Organization","@id":"https:\/\/memurunsesi.net\/#organization","name":"Memurun Sesi","url":"https:\/\/memurunsesi.net\/","logo":{"@type":"ImageObject","inLanguage":"tr","@id":"https:\/\/memurunsesi.net\/#\/schema\/logo\/image\/","url":"https:\/\/memurunsesi.net\/wp-content\/uploads\/2025\/11\/cropped-MEMURUN-SESI.png","contentUrl":"https:\/\/memurunsesi.net\/wp-content\/uploads\/2025\/11\/cropped-MEMURUN-SESI.png","width":238,"height":57,"caption":"Memurun Sesi"},"image":{"@id":"https:\/\/memurunsesi.net\/#\/schema\/logo\/image\/"},"sameAs":["https:\/\/www.facebook.com\/unipersen\/?locale=tr_TR","https:\/\/x.com\/unipersen"]},{"@type":"Person","@id":"https:\/\/memurunsesi.net\/#\/schema\/person\/f21c2d73b89f6ee1d80b0a1803e38587","name":"Memurun Sesi Haber Merkezi","image":{"@type":"ImageObject","inLanguage":"tr","@id":"https:\/\/secure.gravatar.com\/avatar\/6cf0505f452ee753f485014986fab09a434671d2b919ee76fc541025c5876a70?s=96&d=mm&r=g","url":"https:\/\/secure.gravatar.com\/avatar\/6cf0505f452ee753f485014986fab09a434671d2b919ee76fc541025c5876a70?s=96&d=mm&r=g","contentUrl":"https:\/\/secure.gravatar.com\/avatar\/6cf0505f452ee753f485014986fab09a434671d2b919ee76fc541025c5876a70?s=96&d=mm&r=g","caption":"Memurun Sesi Haber Merkezi"},"sameAs":["https:\/\/memurunsesi.net"],"url":"https:\/\/memurunsesi.net\/index.php\/author\/uniper\/"}]}},"_links":{"self":[{"href":"https:\/\/memurunsesi.net\/index.php\/wp-json\/wp\/v2\/posts\/9303","targetHints":{"allow":["GET"]}}],"collection":[{"href":"https:\/\/memurunsesi.net\/index.php\/wp-json\/wp\/v2\/posts"}],"about":[{"href":"https:\/\/memurunsesi.net\/index.php\/wp-json\/wp\/v2\/types\/post"}],"author":[{"embeddable":true,"href":"https:\/\/memurunsesi.net\/index.php\/wp-json\/wp\/v2\/users\/1"}],"replies":[{"embeddable":true,"href":"https:\/\/memurunsesi.net\/index.php\/wp-json\/wp\/v2\/comments?post=9303"}],"version-history":[{"count":1,"href":"https:\/\/memurunsesi.net\/index.php\/wp-json\/wp\/v2\/posts\/9303\/revisions"}],"predecessor-version":[{"id":9305,"href":"https:\/\/memurunsesi.net\/index.php\/wp-json\/wp\/v2\/posts\/9303\/revisions\/9305"}],"wp:featuredmedia":[{"embeddable":true,"href":"https:\/\/memurunsesi.net\/index.php\/wp-json\/wp\/v2\/media\/9304"}],"wp:attachment":[{"href":"https:\/\/memurunsesi.net\/index.php\/wp-json\/wp\/v2\/media?parent=9303"}],"wp:term":[{"taxonomy":"category","embeddable":true,"href":"https:\/\/memurunsesi.net\/index.php\/wp-json\/wp\/v2\/categories?post=9303"},{"taxonomy":"post_tag","embeddable":true,"href":"https:\/\/memurunsesi.net\/index.php\/wp-json\/wp\/v2\/tags?post=9303"}],"curies":[{"name":"wp","href":"https:\/\/api.w.org\/{rel}","templated":true}]}}