{"id":9306,"date":"2025-07-14T14:21:15","date_gmt":"2025-07-14T11:21:15","guid":{"rendered":"https:\/\/memurunsesi.net\/?p=9306"},"modified":"2025-07-14T14:21:15","modified_gmt":"2025-07-14T11:21:15","slug":"otluk-alanda-sicrayan-yangin-iki-katli-evi-kul-etti","status":"publish","type":"post","link":"https:\/\/memurunsesi.net\/index.php\/2025\/07\/14\/otluk-alanda-sicrayan-yangin-iki-katli-evi-kul-etti\/","title":{"rendered":"Otluk alanda s\u0131\u00e7rayan yang\u0131n iki katl\u0131 evi k\u00fcl etti"},"content":{"rendered":"<p>  Karab\u00fck&#8217;te otluk alanda \u00e7\u0131kan yang\u0131n, r\u00fczgar\u0131n etkisiyle yay\u0131larak iki katl\u0131 m\u00fcstakil bir eve s\u0131\u00e7rad\u0131. Alevlere teslim olan ev tamamen yanarak kullan\u0131lamaz hale geldi.<br \/>\n  Nam\u0131k Kemal Mahallesi&#8217;nde otluk alanda hen\u00fcz belirlenemeyen bir nedenle yang\u0131n \u00e7\u0131kt\u0131. Alevler k\u0131sa s\u00fcrede b\u00fcy\u00fcyerek \u00c7etin K\u0131z\u0131lp\u0131nar&#8217;\u0131n ikamet etti\u011fi iki katl\u0131 m\u00fcstakil eve s\u0131\u00e7rad\u0131. Evdekiler yang\u0131nla birlikte kendilerini d\u0131\u015far\u0131 atarken ihbar \u00fczerine olay yerine polis, sa\u011fl\u0131k, AFAD ve Karab\u00fck Belediyesi \u0130tfaiye M\u00fcd\u00fcrl\u00fc\u011f\u00fc ekipleri sevk edildi. Yang\u0131na m\u00fcdahale eden ekipler, uzun s\u00fcren \u00e7al\u0131\u015fmalar sonucu alevleri kontrol alt\u0131na ald\u0131.<br \/>\n  Yang\u0131nda can kayb\u0131 ya da yaralanma ya\u015fanmazken, ev tamamen yanarak kullan\u0131lamaz hale geldi.<br \/>\n  Yang\u0131n\u0131n \u00e7\u0131k\u0131\u015f nedeniyle ilgili inceleme ba\u015flat\u0131ld\u0131. <\/p>\n<p>14.07.2025                                 <\/p>\n","protected":false},"excerpt":{"rendered":"<p>Karab\u00fck&#8217;te otluk alanda \u00e7\u0131kan yang\u0131n, r\u00fczgar\u0131n etkisiyle yay\u0131larak iki katl\u0131 m\u00fcstakil bir eve s\u0131\u00e7rad\u0131. Alevlere teslim olan ev tamamen yanarak kullan\u0131lamaz hale geldi. Nam\u0131k Kemal Mahallesi&#8217;nde otluk alanda hen\u00fcz belirlenemeyen bir nedenle yang\u0131n \u00e7\u0131kt\u0131. Alevler k\u0131sa s\u00fcrede b\u00fcy\u00fcyerek \u00c7etin K\u0131z\u0131lp\u0131nar&#8217;\u0131n ikamet etti\u011fi iki katl\u0131 m\u00fcstakil eve s\u0131\u00e7rad\u0131. Evdekiler yang\u0131nla birlikte kendilerini d\u0131\u015far\u0131 atarken ihbar \u00fczerine [&hellip;]<\/p>\n","protected":false},"author":1,"featured_media":9307,"comment_status":"open","ping_status":"open","sticky":false,"template":"","format":"standard","meta":{"footnotes":""},"categories":[1],"tags":[],"class_list":["post-9306","post","type-post","status-publish","format-standard","has-post-thumbnail","hentry","category-genel"],"yoast_head":"<!-- This site is optimized with the Yoast SEO plugin v27.4 - https:\/\/yoast.com\/product\/yoast-seo-wordpress\/ -->\n<title>Otluk alanda s\u0131\u00e7rayan yang\u0131n iki katl\u0131 evi k\u00fcl etti - Memurun Sesi<\/title>\n<meta name=\"robots\" content=\"index, follow, max-snippet:-1, max-image-preview:large, max-video-preview:-1\" \/>\n<link rel=\"canonical\" href=\"https:\/\/memurunsesi.net\/index.php\/2025\/07\/14\/otluk-alanda-sicrayan-yangin-iki-katli-evi-kul-etti\/\" \/>\n<meta property=\"og:locale\" content=\"tr_TR\" \/>\n<meta property=\"og:type\" content=\"article\" \/>\n<meta property=\"og:title\" content=\"Otluk alanda s\u0131\u00e7rayan yang\u0131n iki katl\u0131 evi k\u00fcl etti - Memurun Sesi\" \/>\n<meta property=\"og:description\" content=\"Karab\u00fck&#8217;te otluk alanda \u00e7\u0131kan yang\u0131n, r\u00fczgar\u0131n etkisiyle yay\u0131larak iki katl\u0131 m\u00fcstakil bir eve s\u0131\u00e7rad\u0131. Alevlere teslim olan ev tamamen yanarak kullan\u0131lamaz hale geldi. Nam\u0131k Kemal Mahallesi&#8217;nde otluk alanda hen\u00fcz belirlenemeyen bir nedenle yang\u0131n \u00e7\u0131kt\u0131. Alevler k\u0131sa s\u00fcrede b\u00fcy\u00fcyerek \u00c7etin K\u0131z\u0131lp\u0131nar&#8217;\u0131n ikamet etti\u011fi iki katl\u0131 m\u00fcstakil eve s\u0131\u00e7rad\u0131. Evdekiler yang\u0131nla birlikte kendilerini d\u0131\u015far\u0131 atarken ihbar \u00fczerine [&hellip;]\" \/>\n<meta property=\"og:url\" content=\"https:\/\/memurunsesi.net\/index.php\/2025\/07\/14\/otluk-alanda-sicrayan-yangin-iki-katli-evi-kul-etti\/\" \/>\n<meta property=\"og:site_name\" content=\"Memurun Sesi\" \/>\n<meta property=\"article:publisher\" content=\"https:\/\/www.facebook.com\/unipersen\/?locale=tr_TR\" \/>\n<meta property=\"article:published_time\" content=\"2025-07-14T11:21:15+00:00\" \/>\n<meta property=\"og:image\" content=\"https:\/\/memurunsesi.net\/wp-content\/uploads\/2025\/07\/AW496762_01.jpg\" \/>\n\t<meta property=\"og:image:width\" content=\"1920\" \/>\n\t<meta property=\"og:image:height\" content=\"1072\" \/>\n\t<meta property=\"og:image:type\" content=\"image\/jpeg\" \/>\n<meta name=\"author\" content=\"Memurun Sesi Haber Merkezi\" \/>\n<meta name=\"twitter:card\" content=\"summary_large_image\" \/>\n<meta name=\"twitter:creator\" content=\"@unipersen\" \/>\n<meta name=\"twitter:site\" content=\"@unipersen\" \/>\n<meta name=\"twitter:label1\" content=\"Yazan:\" \/>\n\t<meta name=\"twitter:data1\" content=\"Memurun Sesi Haber Merkezi\" \/>\n\t<meta name=\"twitter:label2\" content=\"Tahmini okuma s\u00fcresi\" \/>\n\t<meta name=\"twitter:data2\" content=\"1 dakika\" \/>\n<script type=\"application\/ld+json\" class=\"yoast-schema-graph\">{\"@context\":\"https:\\\/\\\/schema.org\",\"@graph\":[{\"@type\":\"Article\",\"@id\":\"https:\\\/\\\/memurunsesi.net\\\/index.php\\\/2025\\\/07\\\/14\\\/otluk-alanda-sicrayan-yangin-iki-katli-evi-kul-etti\\\/#article\",\"isPartOf\":{\"@id\":\"https:\\\/\\\/memurunsesi.net\\\/index.php\\\/2025\\\/07\\\/14\\\/otluk-alanda-sicrayan-yangin-iki-katli-evi-kul-etti\\\/\"},\"author\":{\"name\":\"Memurun Sesi Haber Merkezi\",\"@id\":\"https:\\\/\\\/memurunsesi.net\\\/#\\\/schema\\\/person\\\/f21c2d73b89f6ee1d80b0a1803e38587\"},\"headline\":\"Otluk alanda s\u0131\u00e7rayan yang\u0131n iki katl\u0131 evi k\u00fcl etti\",\"datePublished\":\"2025-07-14T11:21:15+00:00\",\"mainEntityOfPage\":{\"@id\":\"https:\\\/\\\/memurunsesi.net\\\/index.php\\\/2025\\\/07\\\/14\\\/otluk-alanda-sicrayan-yangin-iki-katli-evi-kul-etti\\\/\"},\"wordCount\":154,\"commentCount\":0,\"publisher\":{\"@id\":\"https:\\\/\\\/memurunsesi.net\\\/#organization\"},\"image\":{\"@id\":\"https:\\\/\\\/memurunsesi.net\\\/index.php\\\/2025\\\/07\\\/14\\\/otluk-alanda-sicrayan-yangin-iki-katli-evi-kul-etti\\\/#primaryimage\"},\"thumbnailUrl\":\"https:\\\/\\\/memurunsesi.net\\\/wp-content\\\/uploads\\\/2025\\\/07\\\/AW496762_01.jpg\",\"inLanguage\":\"tr\",\"potentialAction\":[{\"@type\":\"CommentAction\",\"name\":\"Comment\",\"target\":[\"https:\\\/\\\/memurunsesi.net\\\/index.php\\\/2025\\\/07\\\/14\\\/otluk-alanda-sicrayan-yangin-iki-katli-evi-kul-etti\\\/#respond\"]}]},{\"@type\":\"WebPage\",\"@id\":\"https:\\\/\\\/memurunsesi.net\\\/index.php\\\/2025\\\/07\\\/14\\\/otluk-alanda-sicrayan-yangin-iki-katli-evi-kul-etti\\\/\",\"url\":\"https:\\\/\\\/memurunsesi.net\\\/index.php\\\/2025\\\/07\\\/14\\\/otluk-alanda-sicrayan-yangin-iki-katli-evi-kul-etti\\\/\",\"name\":\"Otluk alanda s\u0131\u00e7rayan yang\u0131n iki katl\u0131 evi k\u00fcl etti - Memurun Sesi\",\"isPartOf\":{\"@id\":\"https:\\\/\\\/memurunsesi.net\\\/#website\"},\"primaryImageOfPage\":{\"@id\":\"https:\\\/\\\/memurunsesi.net\\\/index.php\\\/2025\\\/07\\\/14\\\/otluk-alanda-sicrayan-yangin-iki-katli-evi-kul-etti\\\/#primaryimage\"},\"image\":{\"@id\":\"https:\\\/\\\/memurunsesi.net\\\/index.php\\\/2025\\\/07\\\/14\\\/otluk-alanda-sicrayan-yangin-iki-katli-evi-kul-etti\\\/#primaryimage\"},\"thumbnailUrl\":\"https:\\\/\\\/memurunsesi.net\\\/wp-content\\\/uploads\\\/2025\\\/07\\\/AW496762_01.jpg\",\"datePublished\":\"2025-07-14T11:21:15+00:00\",\"breadcrumb\":{\"@id\":\"https:\\\/\\\/memurunsesi.net\\\/index.php\\\/2025\\\/07\\\/14\\\/otluk-alanda-sicrayan-yangin-iki-katli-evi-kul-etti\\\/#breadcrumb\"},\"inLanguage\":\"tr\",\"potentialAction\":[{\"@type\":\"ReadAction\",\"target\":[\"https:\\\/\\\/memurunsesi.net\\\/index.php\\\/2025\\\/07\\\/14\\\/otluk-alanda-sicrayan-yangin-iki-katli-evi-kul-etti\\\/\"]}]},{\"@type\":\"ImageObject\",\"inLanguage\":\"tr\",\"@id\":\"https:\\\/\\\/memurunsesi.net\\\/index.php\\\/2025\\\/07\\\/14\\\/otluk-alanda-sicrayan-yangin-iki-katli-evi-kul-etti\\\/#primaryimage\",\"url\":\"https:\\\/\\\/memurunsesi.net\\\/wp-content\\\/uploads\\\/2025\\\/07\\\/AW496762_01.jpg\",\"contentUrl\":\"https:\\\/\\\/memurunsesi.net\\\/wp-content\\\/uploads\\\/2025\\\/07\\\/AW496762_01.jpg\",\"width\":1920,\"height\":1072,\"caption\":\"ALEVLERE TESL\u0130M OLAN EV TAMAMEN YANARAK KULLANILAMAZ HALE GELD\u0130. (RIDVAN BOSTANCI\\\/KARAB\u00dcK-\u0130HA) Karab\u00fck'te otluk alanda \u00e7\u0131kan yang\u0131n, r\u00fczgar\u0131n etkisiyle yay\u0131larak iki katl\u0131 m\u00fcstakil bir eve s\u0131\u00e7rad\u0131. Alevlere teslim olan ev tamamen yanarak kullan\u0131lamaz hale geldi.\"},{\"@type\":\"BreadcrumbList\",\"@id\":\"https:\\\/\\\/memurunsesi.net\\\/index.php\\\/2025\\\/07\\\/14\\\/otluk-alanda-sicrayan-yangin-iki-katli-evi-kul-etti\\\/#breadcrumb\",\"itemListElement\":[{\"@type\":\"ListItem\",\"position\":1,\"name\":\"Anasayfa\",\"item\":\"https:\\\/\\\/memurunsesi.net\\\/\"},{\"@type\":\"ListItem\",\"position\":2,\"name\":\"Otluk alanda s\u0131\u00e7rayan yang\u0131n iki katl\u0131 evi k\u00fcl etti\"}]},{\"@type\":\"WebSite\",\"@id\":\"https:\\\/\\\/memurunsesi.net\\\/#website\",\"url\":\"https:\\\/\\\/memurunsesi.net\\\/\",\"name\":\"Memurun Sesi\",\"description\":\"G\u00fcncel ve Do\u011fru Haber\",\"publisher\":{\"@id\":\"https:\\\/\\\/memurunsesi.net\\\/#organization\"},\"potentialAction\":[{\"@type\":\"SearchAction\",\"target\":{\"@type\":\"EntryPoint\",\"urlTemplate\":\"https:\\\/\\\/memurunsesi.net\\\/?s={search_term_string}\"},\"query-input\":{\"@type\":\"PropertyValueSpecification\",\"valueRequired\":true,\"valueName\":\"search_term_string\"}}],\"inLanguage\":\"tr\"},{\"@type\":\"Organization\",\"@id\":\"https:\\\/\\\/memurunsesi.net\\\/#organization\",\"name\":\"Memurun Sesi\",\"url\":\"https:\\\/\\\/memurunsesi.net\\\/\",\"logo\":{\"@type\":\"ImageObject\",\"inLanguage\":\"tr\",\"@id\":\"https:\\\/\\\/memurunsesi.net\\\/#\\\/schema\\\/logo\\\/image\\\/\",\"url\":\"https:\\\/\\\/memurunsesi.net\\\/wp-content\\\/uploads\\\/2025\\\/11\\\/cropped-MEMURUN-SESI.png\",\"contentUrl\":\"https:\\\/\\\/memurunsesi.net\\\/wp-content\\\/uploads\\\/2025\\\/11\\\/cropped-MEMURUN-SESI.png\",\"width\":238,\"height\":57,\"caption\":\"Memurun Sesi\"},\"image\":{\"@id\":\"https:\\\/\\\/memurunsesi.net\\\/#\\\/schema\\\/logo\\\/image\\\/\"},\"sameAs\":[\"https:\\\/\\\/www.facebook.com\\\/unipersen\\\/?locale=tr_TR\",\"https:\\\/\\\/x.com\\\/unipersen\"]},{\"@type\":\"Person\",\"@id\":\"https:\\\/\\\/memurunsesi.net\\\/#\\\/schema\\\/person\\\/f21c2d73b89f6ee1d80b0a1803e38587\",\"name\":\"Memurun Sesi Haber Merkezi\",\"image\":{\"@type\":\"ImageObject\",\"inLanguage\":\"tr\",\"@id\":\"https:\\\/\\\/secure.gravatar.com\\\/avatar\\\/6cf0505f452ee753f485014986fab09a434671d2b919ee76fc541025c5876a70?s=96&d=mm&r=g\",\"url\":\"https:\\\/\\\/secure.gravatar.com\\\/avatar\\\/6cf0505f452ee753f485014986fab09a434671d2b919ee76fc541025c5876a70?s=96&d=mm&r=g\",\"contentUrl\":\"https:\\\/\\\/secure.gravatar.com\\\/avatar\\\/6cf0505f452ee753f485014986fab09a434671d2b919ee76fc541025c5876a70?s=96&d=mm&r=g\",\"caption\":\"Memurun Sesi Haber Merkezi\"},\"sameAs\":[\"https:\\\/\\\/memurunsesi.net\"],\"url\":\"https:\\\/\\\/memurunsesi.net\\\/index.php\\\/author\\\/uniper\\\/\"}]}<\/script>\n<!-- \/ Yoast SEO plugin. -->","yoast_head_json":{"title":"Otluk alanda s\u0131\u00e7rayan yang\u0131n iki katl\u0131 evi k\u00fcl etti - Memurun Sesi","robots":{"index":"index","follow":"follow","max-snippet":"max-snippet:-1","max-image-preview":"max-image-preview:large","max-video-preview":"max-video-preview:-1"},"canonical":"https:\/\/memurunsesi.net\/index.php\/2025\/07\/14\/otluk-alanda-sicrayan-yangin-iki-katli-evi-kul-etti\/","og_locale":"tr_TR","og_type":"article","og_title":"Otluk alanda s\u0131\u00e7rayan yang\u0131n iki katl\u0131 evi k\u00fcl etti - Memurun Sesi","og_description":"Karab\u00fck&#8217;te otluk alanda \u00e7\u0131kan yang\u0131n, r\u00fczgar\u0131n etkisiyle yay\u0131larak iki katl\u0131 m\u00fcstakil bir eve s\u0131\u00e7rad\u0131. Alevlere teslim olan ev tamamen yanarak kullan\u0131lamaz hale geldi. Nam\u0131k Kemal Mahallesi&#8217;nde otluk alanda hen\u00fcz belirlenemeyen bir nedenle yang\u0131n \u00e7\u0131kt\u0131. Alevler k\u0131sa s\u00fcrede b\u00fcy\u00fcyerek \u00c7etin K\u0131z\u0131lp\u0131nar&#8217;\u0131n ikamet etti\u011fi iki katl\u0131 m\u00fcstakil eve s\u0131\u00e7rad\u0131. Evdekiler yang\u0131nla birlikte kendilerini d\u0131\u015far\u0131 atarken ihbar \u00fczerine [&hellip;]","og_url":"https:\/\/memurunsesi.net\/index.php\/2025\/07\/14\/otluk-alanda-sicrayan-yangin-iki-katli-evi-kul-etti\/","og_site_name":"Memurun Sesi","article_publisher":"https:\/\/www.facebook.com\/unipersen\/?locale=tr_TR","article_published_time":"2025-07-14T11:21:15+00:00","og_image":[{"width":1920,"height":1072,"url":"https:\/\/memurunsesi.net\/wp-content\/uploads\/2025\/07\/AW496762_01.jpg","type":"image\/jpeg"}],"author":"Memurun Sesi Haber Merkezi","twitter_card":"summary_large_image","twitter_creator":"@unipersen","twitter_site":"@unipersen","twitter_misc":{"Yazan:":"Memurun Sesi Haber Merkezi","Tahmini okuma s\u00fcresi":"1 dakika"},"schema":{"@context":"https:\/\/schema.org","@graph":[{"@type":"Article","@id":"https:\/\/memurunsesi.net\/index.php\/2025\/07\/14\/otluk-alanda-sicrayan-yangin-iki-katli-evi-kul-etti\/#article","isPartOf":{"@id":"https:\/\/memurunsesi.net\/index.php\/2025\/07\/14\/otluk-alanda-sicrayan-yangin-iki-katli-evi-kul-etti\/"},"author":{"name":"Memurun Sesi Haber Merkezi","@id":"https:\/\/memurunsesi.net\/#\/schema\/person\/f21c2d73b89f6ee1d80b0a1803e38587"},"headline":"Otluk alanda s\u0131\u00e7rayan yang\u0131n iki katl\u0131 evi k\u00fcl etti","datePublished":"2025-07-14T11:21:15+00:00","mainEntityOfPage":{"@id":"https:\/\/memurunsesi.net\/index.php\/2025\/07\/14\/otluk-alanda-sicrayan-yangin-iki-katli-evi-kul-etti\/"},"wordCount":154,"commentCount":0,"publisher":{"@id":"https:\/\/memurunsesi.net\/#organization"},"image":{"@id":"https:\/\/memurunsesi.net\/index.php\/2025\/07\/14\/otluk-alanda-sicrayan-yangin-iki-katli-evi-kul-etti\/#primaryimage"},"thumbnailUrl":"https:\/\/memurunsesi.net\/wp-content\/uploads\/2025\/07\/AW496762_01.jpg","inLanguage":"tr","potentialAction":[{"@type":"CommentAction","name":"Comment","target":["https:\/\/memurunsesi.net\/index.php\/2025\/07\/14\/otluk-alanda-sicrayan-yangin-iki-katli-evi-kul-etti\/#respond"]}]},{"@type":"WebPage","@id":"https:\/\/memurunsesi.net\/index.php\/2025\/07\/14\/otluk-alanda-sicrayan-yangin-iki-katli-evi-kul-etti\/","url":"https:\/\/memurunsesi.net\/index.php\/2025\/07\/14\/otluk-alanda-sicrayan-yangin-iki-katli-evi-kul-etti\/","name":"Otluk alanda s\u0131\u00e7rayan yang\u0131n iki katl\u0131 evi k\u00fcl etti - Memurun Sesi","isPartOf":{"@id":"https:\/\/memurunsesi.net\/#website"},"primaryImageOfPage":{"@id":"https:\/\/memurunsesi.net\/index.php\/2025\/07\/14\/otluk-alanda-sicrayan-yangin-iki-katli-evi-kul-etti\/#primaryimage"},"image":{"@id":"https:\/\/memurunsesi.net\/index.php\/2025\/07\/14\/otluk-alanda-sicrayan-yangin-iki-katli-evi-kul-etti\/#primaryimage"},"thumbnailUrl":"https:\/\/memurunsesi.net\/wp-content\/uploads\/2025\/07\/AW496762_01.jpg","datePublished":"2025-07-14T11:21:15+00:00","breadcrumb":{"@id":"https:\/\/memurunsesi.net\/index.php\/2025\/07\/14\/otluk-alanda-sicrayan-yangin-iki-katli-evi-kul-etti\/#breadcrumb"},"inLanguage":"tr","potentialAction":[{"@type":"ReadAction","target":["https:\/\/memurunsesi.net\/index.php\/2025\/07\/14\/otluk-alanda-sicrayan-yangin-iki-katli-evi-kul-etti\/"]}]},{"@type":"ImageObject","inLanguage":"tr","@id":"https:\/\/memurunsesi.net\/index.php\/2025\/07\/14\/otluk-alanda-sicrayan-yangin-iki-katli-evi-kul-etti\/#primaryimage","url":"https:\/\/memurunsesi.net\/wp-content\/uploads\/2025\/07\/AW496762_01.jpg","contentUrl":"https:\/\/memurunsesi.net\/wp-content\/uploads\/2025\/07\/AW496762_01.jpg","width":1920,"height":1072,"caption":"ALEVLERE TESL\u0130M OLAN EV TAMAMEN YANARAK KULLANILAMAZ HALE GELD\u0130. (RIDVAN BOSTANCI\/KARAB\u00dcK-\u0130HA) Karab\u00fck'te otluk alanda \u00e7\u0131kan yang\u0131n, r\u00fczgar\u0131n etkisiyle yay\u0131larak iki katl\u0131 m\u00fcstakil bir eve s\u0131\u00e7rad\u0131. Alevlere teslim olan ev tamamen yanarak kullan\u0131lamaz hale geldi."},{"@type":"BreadcrumbList","@id":"https:\/\/memurunsesi.net\/index.php\/2025\/07\/14\/otluk-alanda-sicrayan-yangin-iki-katli-evi-kul-etti\/#breadcrumb","itemListElement":[{"@type":"ListItem","position":1,"name":"Anasayfa","item":"https:\/\/memurunsesi.net\/"},{"@type":"ListItem","position":2,"name":"Otluk alanda s\u0131\u00e7rayan yang\u0131n iki katl\u0131 evi k\u00fcl etti"}]},{"@type":"WebSite","@id":"https:\/\/memurunsesi.net\/#website","url":"https:\/\/memurunsesi.net\/","name":"Memurun Sesi","description":"G\u00fcncel ve Do\u011fru Haber","publisher":{"@id":"https:\/\/memurunsesi.net\/#organization"},"potentialAction":[{"@type":"SearchAction","target":{"@type":"EntryPoint","urlTemplate":"https:\/\/memurunsesi.net\/?s={search_term_string}"},"query-input":{"@type":"PropertyValueSpecification","valueRequired":true,"valueName":"search_term_string"}}],"inLanguage":"tr"},{"@type":"Organization","@id":"https:\/\/memurunsesi.net\/#organization","name":"Memurun Sesi","url":"https:\/\/memurunsesi.net\/","logo":{"@type":"ImageObject","inLanguage":"tr","@id":"https:\/\/memurunsesi.net\/#\/schema\/logo\/image\/","url":"https:\/\/memurunsesi.net\/wp-content\/uploads\/2025\/11\/cropped-MEMURUN-SESI.png","contentUrl":"https:\/\/memurunsesi.net\/wp-content\/uploads\/2025\/11\/cropped-MEMURUN-SESI.png","width":238,"height":57,"caption":"Memurun Sesi"},"image":{"@id":"https:\/\/memurunsesi.net\/#\/schema\/logo\/image\/"},"sameAs":["https:\/\/www.facebook.com\/unipersen\/?locale=tr_TR","https:\/\/x.com\/unipersen"]},{"@type":"Person","@id":"https:\/\/memurunsesi.net\/#\/schema\/person\/f21c2d73b89f6ee1d80b0a1803e38587","name":"Memurun Sesi Haber Merkezi","image":{"@type":"ImageObject","inLanguage":"tr","@id":"https:\/\/secure.gravatar.com\/avatar\/6cf0505f452ee753f485014986fab09a434671d2b919ee76fc541025c5876a70?s=96&d=mm&r=g","url":"https:\/\/secure.gravatar.com\/avatar\/6cf0505f452ee753f485014986fab09a434671d2b919ee76fc541025c5876a70?s=96&d=mm&r=g","contentUrl":"https:\/\/secure.gravatar.com\/avatar\/6cf0505f452ee753f485014986fab09a434671d2b919ee76fc541025c5876a70?s=96&d=mm&r=g","caption":"Memurun Sesi Haber Merkezi"},"sameAs":["https:\/\/memurunsesi.net"],"url":"https:\/\/memurunsesi.net\/index.php\/author\/uniper\/"}]}},"_links":{"self":[{"href":"https:\/\/memurunsesi.net\/index.php\/wp-json\/wp\/v2\/posts\/9306","targetHints":{"allow":["GET"]}}],"collection":[{"href":"https:\/\/memurunsesi.net\/index.php\/wp-json\/wp\/v2\/posts"}],"about":[{"href":"https:\/\/memurunsesi.net\/index.php\/wp-json\/wp\/v2\/types\/post"}],"author":[{"embeddable":true,"href":"https:\/\/memurunsesi.net\/index.php\/wp-json\/wp\/v2\/users\/1"}],"replies":[{"embeddable":true,"href":"https:\/\/memurunsesi.net\/index.php\/wp-json\/wp\/v2\/comments?post=9306"}],"version-history":[{"count":1,"href":"https:\/\/memurunsesi.net\/index.php\/wp-json\/wp\/v2\/posts\/9306\/revisions"}],"predecessor-version":[{"id":9308,"href":"https:\/\/memurunsesi.net\/index.php\/wp-json\/wp\/v2\/posts\/9306\/revisions\/9308"}],"wp:featuredmedia":[{"embeddable":true,"href":"https:\/\/memurunsesi.net\/index.php\/wp-json\/wp\/v2\/media\/9307"}],"wp:attachment":[{"href":"https:\/\/memurunsesi.net\/index.php\/wp-json\/wp\/v2\/media?parent=9306"}],"wp:term":[{"taxonomy":"category","embeddable":true,"href":"https:\/\/memurunsesi.net\/index.php\/wp-json\/wp\/v2\/categories?post=9306"},{"taxonomy":"post_tag","embeddable":true,"href":"https:\/\/memurunsesi.net\/index.php\/wp-json\/wp\/v2\/tags?post=9306"}],"curies":[{"name":"wp","href":"https:\/\/api.w.org\/{rel}","templated":true}]}}