{"id":9309,"date":"2025-07-14T14:22:53","date_gmt":"2025-07-14T11:22:53","guid":{"rendered":"https:\/\/memurunsesi.net\/?p=9309"},"modified":"2025-07-14T14:22:53","modified_gmt":"2025-07-14T11:22:53","slug":"polis-araci-kaza-yapti-2-polis-ve-1-ustegmen-yaralandi","status":"publish","type":"post","link":"https:\/\/memurunsesi.net\/index.php\/2025\/07\/14\/polis-araci-kaza-yapti-2-polis-ve-1-ustegmen-yaralandi\/","title":{"rendered":"Polis arac\u0131 kaza yapt\u0131: 2 polis ve 1 \u00fcste\u011fmen yaraland\u0131"},"content":{"rendered":"<p>   Samsun&#8217;da polis arac\u0131n\u0131n, \u00fcste\u011fmenin kulland\u0131\u011f\u0131 ara\u00e7la \u00e7arp\u0131\u015fmas\u0131 sonucu meydana gelen trafik kazas\u0131nda, 2 polis, 1 \u00fcste\u011fmen yaraland\u0131.<br \/>\nKaza, Samsun&#8217;un Atakum il\u00e7esi Ye\u015fildere Mahallesi Anadolu Bulvar\u0131&#8217;nda meydana geldi. Edinilen bilgiye g\u00f6re, Mehmet Arslan idaresindeki 55 APM 825 plakal\u0131 Samsun Emniyet M\u00fcd\u00fcrl\u00fc\u011f\u00fc Narkotik Su\u00e7larla M\u00fccadele \u015eube M\u00fcd\u00fcrl\u00fc\u011f\u00fcne ait polis arac\u0131 kav\u015fakta yola giri\u015f yapan Samsun Sahra S\u0131hhiye E\u011fitim Merkezi Komutanl\u0131\u011f\u0131nda g\u00f6revli \u00dcste\u011fmen Hikmet Ye\u015filyurt y\u00f6netimindeki 26 ABZ 237 plakal\u0131 otomobil ile \u00e7arp\u0131\u015ft\u0131. Kazada, polis memurlar\u0131 Mehmet Arslan ve Murat Canbolat ile \u00dcste\u011fmen Hikmet Ye\u015filyurt yaraland\u0131. Yaral\u0131lar, ambulanslarla Samsun E\u011fitim ve Ara\u015ft\u0131rma Hastanesine kald\u0131r\u0131larak tedavi alt\u0131na al\u0131nd\u0131.  Polis kazayla ilgili inceleme ba\u015flatt\u0131.  <\/p>\n<p>14.07.2025                                  <\/p>\n","protected":false},"excerpt":{"rendered":"<p>Samsun&#8217;da polis arac\u0131n\u0131n, \u00fcste\u011fmenin kulland\u0131\u011f\u0131 ara\u00e7la \u00e7arp\u0131\u015fmas\u0131 sonucu meydana gelen trafik kazas\u0131nda, 2 polis, 1 \u00fcste\u011fmen yaraland\u0131. Kaza, Samsun&#8217;un Atakum il\u00e7esi Ye\u015fildere Mahallesi Anadolu Bulvar\u0131&#8217;nda meydana geldi. Edinilen bilgiye g\u00f6re, Mehmet Arslan idaresindeki 55 APM 825 plakal\u0131 Samsun Emniyet M\u00fcd\u00fcrl\u00fc\u011f\u00fc Narkotik Su\u00e7larla M\u00fccadele \u015eube M\u00fcd\u00fcrl\u00fc\u011f\u00fcne ait polis arac\u0131 kav\u015fakta yola giri\u015f yapan Samsun Sahra S\u0131hhiye [&hellip;]<\/p>\n","protected":false},"author":1,"featured_media":9310,"comment_status":"open","ping_status":"open","sticky":false,"template":"","format":"standard","meta":{"footnotes":""},"categories":[1],"tags":[],"class_list":["post-9309","post","type-post","status-publish","format-standard","has-post-thumbnail","hentry","category-genel"],"yoast_head":"<!-- This site is optimized with the Yoast SEO plugin v27.4 - https:\/\/yoast.com\/product\/yoast-seo-wordpress\/ -->\n<title>Polis arac\u0131 kaza yapt\u0131: 2 polis ve 1 \u00fcste\u011fmen yaraland\u0131 - Memurun Sesi<\/title>\n<meta name=\"robots\" content=\"index, follow, max-snippet:-1, max-image-preview:large, max-video-preview:-1\" \/>\n<link rel=\"canonical\" href=\"https:\/\/memurunsesi.net\/index.php\/2025\/07\/14\/polis-araci-kaza-yapti-2-polis-ve-1-ustegmen-yaralandi\/\" \/>\n<meta property=\"og:locale\" content=\"tr_TR\" \/>\n<meta property=\"og:type\" content=\"article\" \/>\n<meta property=\"og:title\" content=\"Polis arac\u0131 kaza yapt\u0131: 2 polis ve 1 \u00fcste\u011fmen yaraland\u0131 - Memurun Sesi\" \/>\n<meta property=\"og:description\" content=\"Samsun&#8217;da polis arac\u0131n\u0131n, \u00fcste\u011fmenin kulland\u0131\u011f\u0131 ara\u00e7la \u00e7arp\u0131\u015fmas\u0131 sonucu meydana gelen trafik kazas\u0131nda, 2 polis, 1 \u00fcste\u011fmen yaraland\u0131. Kaza, Samsun&#8217;un Atakum il\u00e7esi Ye\u015fildere Mahallesi Anadolu Bulvar\u0131&#8217;nda meydana geldi. Edinilen bilgiye g\u00f6re, Mehmet Arslan idaresindeki 55 APM 825 plakal\u0131 Samsun Emniyet M\u00fcd\u00fcrl\u00fc\u011f\u00fc Narkotik Su\u00e7larla M\u00fccadele \u015eube M\u00fcd\u00fcrl\u00fc\u011f\u00fcne ait polis arac\u0131 kav\u015fakta yola giri\u015f yapan Samsun Sahra S\u0131hhiye [&hellip;]\" \/>\n<meta property=\"og:url\" content=\"https:\/\/memurunsesi.net\/index.php\/2025\/07\/14\/polis-araci-kaza-yapti-2-polis-ve-1-ustegmen-yaralandi\/\" \/>\n<meta property=\"og:site_name\" content=\"Memurun Sesi\" \/>\n<meta property=\"article:publisher\" content=\"https:\/\/www.facebook.com\/unipersen\/?locale=tr_TR\" \/>\n<meta property=\"article:published_time\" content=\"2025-07-14T11:22:53+00:00\" \/>\n<meta property=\"og:image\" content=\"https:\/\/memurunsesi.net\/wp-content\/uploads\/2025\/07\/AW496757_01-scaled.jpg\" \/>\n\t<meta property=\"og:image:width\" content=\"2560\" \/>\n\t<meta property=\"og:image:height\" content=\"1442\" \/>\n\t<meta property=\"og:image:type\" content=\"image\/jpeg\" \/>\n<meta name=\"author\" content=\"Memurun Sesi Haber Merkezi\" \/>\n<meta name=\"twitter:card\" content=\"summary_large_image\" \/>\n<meta name=\"twitter:creator\" content=\"@unipersen\" \/>\n<meta name=\"twitter:site\" content=\"@unipersen\" \/>\n<meta name=\"twitter:label1\" content=\"Yazan:\" \/>\n\t<meta name=\"twitter:data1\" content=\"Memurun Sesi Haber Merkezi\" \/>\n\t<meta name=\"twitter:label2\" content=\"Tahmini okuma s\u00fcresi\" \/>\n\t<meta name=\"twitter:data2\" content=\"1 dakika\" \/>\n<script type=\"application\/ld+json\" class=\"yoast-schema-graph\">{\"@context\":\"https:\\\/\\\/schema.org\",\"@graph\":[{\"@type\":\"Article\",\"@id\":\"https:\\\/\\\/memurunsesi.net\\\/index.php\\\/2025\\\/07\\\/14\\\/polis-araci-kaza-yapti-2-polis-ve-1-ustegmen-yaralandi\\\/#article\",\"isPartOf\":{\"@id\":\"https:\\\/\\\/memurunsesi.net\\\/index.php\\\/2025\\\/07\\\/14\\\/polis-araci-kaza-yapti-2-polis-ve-1-ustegmen-yaralandi\\\/\"},\"author\":{\"name\":\"Memurun Sesi Haber Merkezi\",\"@id\":\"https:\\\/\\\/memurunsesi.net\\\/#\\\/schema\\\/person\\\/f21c2d73b89f6ee1d80b0a1803e38587\"},\"headline\":\"Polis arac\u0131 kaza yapt\u0131: 2 polis ve 1 \u00fcste\u011fmen yaraland\u0131\",\"datePublished\":\"2025-07-14T11:22:53+00:00\",\"mainEntityOfPage\":{\"@id\":\"https:\\\/\\\/memurunsesi.net\\\/index.php\\\/2025\\\/07\\\/14\\\/polis-araci-kaza-yapti-2-polis-ve-1-ustegmen-yaralandi\\\/\"},\"wordCount\":142,\"commentCount\":0,\"publisher\":{\"@id\":\"https:\\\/\\\/memurunsesi.net\\\/#organization\"},\"image\":{\"@id\":\"https:\\\/\\\/memurunsesi.net\\\/index.php\\\/2025\\\/07\\\/14\\\/polis-araci-kaza-yapti-2-polis-ve-1-ustegmen-yaralandi\\\/#primaryimage\"},\"thumbnailUrl\":\"https:\\\/\\\/memurunsesi.net\\\/wp-content\\\/uploads\\\/2025\\\/07\\\/AW496757_01-scaled.jpg\",\"inLanguage\":\"tr\",\"potentialAction\":[{\"@type\":\"CommentAction\",\"name\":\"Comment\",\"target\":[\"https:\\\/\\\/memurunsesi.net\\\/index.php\\\/2025\\\/07\\\/14\\\/polis-araci-kaza-yapti-2-polis-ve-1-ustegmen-yaralandi\\\/#respond\"]}]},{\"@type\":\"WebPage\",\"@id\":\"https:\\\/\\\/memurunsesi.net\\\/index.php\\\/2025\\\/07\\\/14\\\/polis-araci-kaza-yapti-2-polis-ve-1-ustegmen-yaralandi\\\/\",\"url\":\"https:\\\/\\\/memurunsesi.net\\\/index.php\\\/2025\\\/07\\\/14\\\/polis-araci-kaza-yapti-2-polis-ve-1-ustegmen-yaralandi\\\/\",\"name\":\"Polis arac\u0131 kaza yapt\u0131: 2 polis ve 1 \u00fcste\u011fmen yaraland\u0131 - Memurun Sesi\",\"isPartOf\":{\"@id\":\"https:\\\/\\\/memurunsesi.net\\\/#website\"},\"primaryImageOfPage\":{\"@id\":\"https:\\\/\\\/memurunsesi.net\\\/index.php\\\/2025\\\/07\\\/14\\\/polis-araci-kaza-yapti-2-polis-ve-1-ustegmen-yaralandi\\\/#primaryimage\"},\"image\":{\"@id\":\"https:\\\/\\\/memurunsesi.net\\\/index.php\\\/2025\\\/07\\\/14\\\/polis-araci-kaza-yapti-2-polis-ve-1-ustegmen-yaralandi\\\/#primaryimage\"},\"thumbnailUrl\":\"https:\\\/\\\/memurunsesi.net\\\/wp-content\\\/uploads\\\/2025\\\/07\\\/AW496757_01-scaled.jpg\",\"datePublished\":\"2025-07-14T11:22:53+00:00\",\"breadcrumb\":{\"@id\":\"https:\\\/\\\/memurunsesi.net\\\/index.php\\\/2025\\\/07\\\/14\\\/polis-araci-kaza-yapti-2-polis-ve-1-ustegmen-yaralandi\\\/#breadcrumb\"},\"inLanguage\":\"tr\",\"potentialAction\":[{\"@type\":\"ReadAction\",\"target\":[\"https:\\\/\\\/memurunsesi.net\\\/index.php\\\/2025\\\/07\\\/14\\\/polis-araci-kaza-yapti-2-polis-ve-1-ustegmen-yaralandi\\\/\"]}]},{\"@type\":\"ImageObject\",\"inLanguage\":\"tr\",\"@id\":\"https:\\\/\\\/memurunsesi.net\\\/index.php\\\/2025\\\/07\\\/14\\\/polis-araci-kaza-yapti-2-polis-ve-1-ustegmen-yaralandi\\\/#primaryimage\",\"url\":\"https:\\\/\\\/memurunsesi.net\\\/wp-content\\\/uploads\\\/2025\\\/07\\\/AW496757_01-scaled.jpg\",\"contentUrl\":\"https:\\\/\\\/memurunsesi.net\\\/wp-content\\\/uploads\\\/2025\\\/07\\\/AW496757_01-scaled.jpg\",\"width\":2560,\"height\":1442,\"caption\":\"SAMSUN'DA POL\u0130S ARACININ \u00dcSTE\u011eMEN\u0130N ARACIYLA \u00c7ARPI\u015eMASI SONUCU 2'S\u0130 POL\u0130S, 1'\u0130 \u00dcSTE\u011eMEN 3 K\u0130\u015e\u0130 YARALANDI. (MUHAMMER AY\\\/SAMSUN-\u0130HA) Samsun'da polis arac\u0131n\u0131n, \u00fcste\u011fmenin kulland\u0131\u011f\u0131 ara\u00e7la \u00e7arp\u0131\u015fmas\u0131 sonucu meydana gelen trafik kazas\u0131nda, 2 polis, 1 \u00fcste\u011fmen yaraland\u0131.\"},{\"@type\":\"BreadcrumbList\",\"@id\":\"https:\\\/\\\/memurunsesi.net\\\/index.php\\\/2025\\\/07\\\/14\\\/polis-araci-kaza-yapti-2-polis-ve-1-ustegmen-yaralandi\\\/#breadcrumb\",\"itemListElement\":[{\"@type\":\"ListItem\",\"position\":1,\"name\":\"Anasayfa\",\"item\":\"https:\\\/\\\/memurunsesi.net\\\/\"},{\"@type\":\"ListItem\",\"position\":2,\"name\":\"Polis arac\u0131 kaza yapt\u0131: 2 polis ve 1 \u00fcste\u011fmen yaraland\u0131\"}]},{\"@type\":\"WebSite\",\"@id\":\"https:\\\/\\\/memurunsesi.net\\\/#website\",\"url\":\"https:\\\/\\\/memurunsesi.net\\\/\",\"name\":\"Memurun Sesi\",\"description\":\"G\u00fcncel ve Do\u011fru Haber\",\"publisher\":{\"@id\":\"https:\\\/\\\/memurunsesi.net\\\/#organization\"},\"potentialAction\":[{\"@type\":\"SearchAction\",\"target\":{\"@type\":\"EntryPoint\",\"urlTemplate\":\"https:\\\/\\\/memurunsesi.net\\\/?s={search_term_string}\"},\"query-input\":{\"@type\":\"PropertyValueSpecification\",\"valueRequired\":true,\"valueName\":\"search_term_string\"}}],\"inLanguage\":\"tr\"},{\"@type\":\"Organization\",\"@id\":\"https:\\\/\\\/memurunsesi.net\\\/#organization\",\"name\":\"Memurun Sesi\",\"url\":\"https:\\\/\\\/memurunsesi.net\\\/\",\"logo\":{\"@type\":\"ImageObject\",\"inLanguage\":\"tr\",\"@id\":\"https:\\\/\\\/memurunsesi.net\\\/#\\\/schema\\\/logo\\\/image\\\/\",\"url\":\"https:\\\/\\\/memurunsesi.net\\\/wp-content\\\/uploads\\\/2025\\\/11\\\/cropped-MEMURUN-SESI.png\",\"contentUrl\":\"https:\\\/\\\/memurunsesi.net\\\/wp-content\\\/uploads\\\/2025\\\/11\\\/cropped-MEMURUN-SESI.png\",\"width\":238,\"height\":57,\"caption\":\"Memurun Sesi\"},\"image\":{\"@id\":\"https:\\\/\\\/memurunsesi.net\\\/#\\\/schema\\\/logo\\\/image\\\/\"},\"sameAs\":[\"https:\\\/\\\/www.facebook.com\\\/unipersen\\\/?locale=tr_TR\",\"https:\\\/\\\/x.com\\\/unipersen\"]},{\"@type\":\"Person\",\"@id\":\"https:\\\/\\\/memurunsesi.net\\\/#\\\/schema\\\/person\\\/f21c2d73b89f6ee1d80b0a1803e38587\",\"name\":\"Memurun Sesi Haber Merkezi\",\"image\":{\"@type\":\"ImageObject\",\"inLanguage\":\"tr\",\"@id\":\"https:\\\/\\\/secure.gravatar.com\\\/avatar\\\/6cf0505f452ee753f485014986fab09a434671d2b919ee76fc541025c5876a70?s=96&d=mm&r=g\",\"url\":\"https:\\\/\\\/secure.gravatar.com\\\/avatar\\\/6cf0505f452ee753f485014986fab09a434671d2b919ee76fc541025c5876a70?s=96&d=mm&r=g\",\"contentUrl\":\"https:\\\/\\\/secure.gravatar.com\\\/avatar\\\/6cf0505f452ee753f485014986fab09a434671d2b919ee76fc541025c5876a70?s=96&d=mm&r=g\",\"caption\":\"Memurun Sesi Haber Merkezi\"},\"sameAs\":[\"https:\\\/\\\/memurunsesi.net\"],\"url\":\"https:\\\/\\\/memurunsesi.net\\\/index.php\\\/author\\\/uniper\\\/\"}]}<\/script>\n<!-- \/ Yoast SEO plugin. -->","yoast_head_json":{"title":"Polis arac\u0131 kaza yapt\u0131: 2 polis ve 1 \u00fcste\u011fmen yaraland\u0131 - Memurun Sesi","robots":{"index":"index","follow":"follow","max-snippet":"max-snippet:-1","max-image-preview":"max-image-preview:large","max-video-preview":"max-video-preview:-1"},"canonical":"https:\/\/memurunsesi.net\/index.php\/2025\/07\/14\/polis-araci-kaza-yapti-2-polis-ve-1-ustegmen-yaralandi\/","og_locale":"tr_TR","og_type":"article","og_title":"Polis arac\u0131 kaza yapt\u0131: 2 polis ve 1 \u00fcste\u011fmen yaraland\u0131 - Memurun Sesi","og_description":"Samsun&#8217;da polis arac\u0131n\u0131n, \u00fcste\u011fmenin kulland\u0131\u011f\u0131 ara\u00e7la \u00e7arp\u0131\u015fmas\u0131 sonucu meydana gelen trafik kazas\u0131nda, 2 polis, 1 \u00fcste\u011fmen yaraland\u0131. Kaza, Samsun&#8217;un Atakum il\u00e7esi Ye\u015fildere Mahallesi Anadolu Bulvar\u0131&#8217;nda meydana geldi. Edinilen bilgiye g\u00f6re, Mehmet Arslan idaresindeki 55 APM 825 plakal\u0131 Samsun Emniyet M\u00fcd\u00fcrl\u00fc\u011f\u00fc Narkotik Su\u00e7larla M\u00fccadele \u015eube M\u00fcd\u00fcrl\u00fc\u011f\u00fcne ait polis arac\u0131 kav\u015fakta yola giri\u015f yapan Samsun Sahra S\u0131hhiye [&hellip;]","og_url":"https:\/\/memurunsesi.net\/index.php\/2025\/07\/14\/polis-araci-kaza-yapti-2-polis-ve-1-ustegmen-yaralandi\/","og_site_name":"Memurun Sesi","article_publisher":"https:\/\/www.facebook.com\/unipersen\/?locale=tr_TR","article_published_time":"2025-07-14T11:22:53+00:00","og_image":[{"width":2560,"height":1442,"url":"https:\/\/memurunsesi.net\/wp-content\/uploads\/2025\/07\/AW496757_01-scaled.jpg","type":"image\/jpeg"}],"author":"Memurun Sesi Haber Merkezi","twitter_card":"summary_large_image","twitter_creator":"@unipersen","twitter_site":"@unipersen","twitter_misc":{"Yazan:":"Memurun Sesi Haber Merkezi","Tahmini okuma s\u00fcresi":"1 dakika"},"schema":{"@context":"https:\/\/schema.org","@graph":[{"@type":"Article","@id":"https:\/\/memurunsesi.net\/index.php\/2025\/07\/14\/polis-araci-kaza-yapti-2-polis-ve-1-ustegmen-yaralandi\/#article","isPartOf":{"@id":"https:\/\/memurunsesi.net\/index.php\/2025\/07\/14\/polis-araci-kaza-yapti-2-polis-ve-1-ustegmen-yaralandi\/"},"author":{"name":"Memurun Sesi Haber Merkezi","@id":"https:\/\/memurunsesi.net\/#\/schema\/person\/f21c2d73b89f6ee1d80b0a1803e38587"},"headline":"Polis arac\u0131 kaza yapt\u0131: 2 polis ve 1 \u00fcste\u011fmen yaraland\u0131","datePublished":"2025-07-14T11:22:53+00:00","mainEntityOfPage":{"@id":"https:\/\/memurunsesi.net\/index.php\/2025\/07\/14\/polis-araci-kaza-yapti-2-polis-ve-1-ustegmen-yaralandi\/"},"wordCount":142,"commentCount":0,"publisher":{"@id":"https:\/\/memurunsesi.net\/#organization"},"image":{"@id":"https:\/\/memurunsesi.net\/index.php\/2025\/07\/14\/polis-araci-kaza-yapti-2-polis-ve-1-ustegmen-yaralandi\/#primaryimage"},"thumbnailUrl":"https:\/\/memurunsesi.net\/wp-content\/uploads\/2025\/07\/AW496757_01-scaled.jpg","inLanguage":"tr","potentialAction":[{"@type":"CommentAction","name":"Comment","target":["https:\/\/memurunsesi.net\/index.php\/2025\/07\/14\/polis-araci-kaza-yapti-2-polis-ve-1-ustegmen-yaralandi\/#respond"]}]},{"@type":"WebPage","@id":"https:\/\/memurunsesi.net\/index.php\/2025\/07\/14\/polis-araci-kaza-yapti-2-polis-ve-1-ustegmen-yaralandi\/","url":"https:\/\/memurunsesi.net\/index.php\/2025\/07\/14\/polis-araci-kaza-yapti-2-polis-ve-1-ustegmen-yaralandi\/","name":"Polis arac\u0131 kaza yapt\u0131: 2 polis ve 1 \u00fcste\u011fmen yaraland\u0131 - Memurun Sesi","isPartOf":{"@id":"https:\/\/memurunsesi.net\/#website"},"primaryImageOfPage":{"@id":"https:\/\/memurunsesi.net\/index.php\/2025\/07\/14\/polis-araci-kaza-yapti-2-polis-ve-1-ustegmen-yaralandi\/#primaryimage"},"image":{"@id":"https:\/\/memurunsesi.net\/index.php\/2025\/07\/14\/polis-araci-kaza-yapti-2-polis-ve-1-ustegmen-yaralandi\/#primaryimage"},"thumbnailUrl":"https:\/\/memurunsesi.net\/wp-content\/uploads\/2025\/07\/AW496757_01-scaled.jpg","datePublished":"2025-07-14T11:22:53+00:00","breadcrumb":{"@id":"https:\/\/memurunsesi.net\/index.php\/2025\/07\/14\/polis-araci-kaza-yapti-2-polis-ve-1-ustegmen-yaralandi\/#breadcrumb"},"inLanguage":"tr","potentialAction":[{"@type":"ReadAction","target":["https:\/\/memurunsesi.net\/index.php\/2025\/07\/14\/polis-araci-kaza-yapti-2-polis-ve-1-ustegmen-yaralandi\/"]}]},{"@type":"ImageObject","inLanguage":"tr","@id":"https:\/\/memurunsesi.net\/index.php\/2025\/07\/14\/polis-araci-kaza-yapti-2-polis-ve-1-ustegmen-yaralandi\/#primaryimage","url":"https:\/\/memurunsesi.net\/wp-content\/uploads\/2025\/07\/AW496757_01-scaled.jpg","contentUrl":"https:\/\/memurunsesi.net\/wp-content\/uploads\/2025\/07\/AW496757_01-scaled.jpg","width":2560,"height":1442,"caption":"SAMSUN'DA POL\u0130S ARACININ \u00dcSTE\u011eMEN\u0130N ARACIYLA \u00c7ARPI\u015eMASI SONUCU 2'S\u0130 POL\u0130S, 1'\u0130 \u00dcSTE\u011eMEN 3 K\u0130\u015e\u0130 YARALANDI. (MUHAMMER AY\/SAMSUN-\u0130HA) Samsun'da polis arac\u0131n\u0131n, \u00fcste\u011fmenin kulland\u0131\u011f\u0131 ara\u00e7la \u00e7arp\u0131\u015fmas\u0131 sonucu meydana gelen trafik kazas\u0131nda, 2 polis, 1 \u00fcste\u011fmen yaraland\u0131."},{"@type":"BreadcrumbList","@id":"https:\/\/memurunsesi.net\/index.php\/2025\/07\/14\/polis-araci-kaza-yapti-2-polis-ve-1-ustegmen-yaralandi\/#breadcrumb","itemListElement":[{"@type":"ListItem","position":1,"name":"Anasayfa","item":"https:\/\/memurunsesi.net\/"},{"@type":"ListItem","position":2,"name":"Polis arac\u0131 kaza yapt\u0131: 2 polis ve 1 \u00fcste\u011fmen yaraland\u0131"}]},{"@type":"WebSite","@id":"https:\/\/memurunsesi.net\/#website","url":"https:\/\/memurunsesi.net\/","name":"Memurun Sesi","description":"G\u00fcncel ve Do\u011fru Haber","publisher":{"@id":"https:\/\/memurunsesi.net\/#organization"},"potentialAction":[{"@type":"SearchAction","target":{"@type":"EntryPoint","urlTemplate":"https:\/\/memurunsesi.net\/?s={search_term_string}"},"query-input":{"@type":"PropertyValueSpecification","valueRequired":true,"valueName":"search_term_string"}}],"inLanguage":"tr"},{"@type":"Organization","@id":"https:\/\/memurunsesi.net\/#organization","name":"Memurun Sesi","url":"https:\/\/memurunsesi.net\/","logo":{"@type":"ImageObject","inLanguage":"tr","@id":"https:\/\/memurunsesi.net\/#\/schema\/logo\/image\/","url":"https:\/\/memurunsesi.net\/wp-content\/uploads\/2025\/11\/cropped-MEMURUN-SESI.png","contentUrl":"https:\/\/memurunsesi.net\/wp-content\/uploads\/2025\/11\/cropped-MEMURUN-SESI.png","width":238,"height":57,"caption":"Memurun Sesi"},"image":{"@id":"https:\/\/memurunsesi.net\/#\/schema\/logo\/image\/"},"sameAs":["https:\/\/www.facebook.com\/unipersen\/?locale=tr_TR","https:\/\/x.com\/unipersen"]},{"@type":"Person","@id":"https:\/\/memurunsesi.net\/#\/schema\/person\/f21c2d73b89f6ee1d80b0a1803e38587","name":"Memurun Sesi Haber Merkezi","image":{"@type":"ImageObject","inLanguage":"tr","@id":"https:\/\/secure.gravatar.com\/avatar\/6cf0505f452ee753f485014986fab09a434671d2b919ee76fc541025c5876a70?s=96&d=mm&r=g","url":"https:\/\/secure.gravatar.com\/avatar\/6cf0505f452ee753f485014986fab09a434671d2b919ee76fc541025c5876a70?s=96&d=mm&r=g","contentUrl":"https:\/\/secure.gravatar.com\/avatar\/6cf0505f452ee753f485014986fab09a434671d2b919ee76fc541025c5876a70?s=96&d=mm&r=g","caption":"Memurun Sesi Haber Merkezi"},"sameAs":["https:\/\/memurunsesi.net"],"url":"https:\/\/memurunsesi.net\/index.php\/author\/uniper\/"}]}},"_links":{"self":[{"href":"https:\/\/memurunsesi.net\/index.php\/wp-json\/wp\/v2\/posts\/9309","targetHints":{"allow":["GET"]}}],"collection":[{"href":"https:\/\/memurunsesi.net\/index.php\/wp-json\/wp\/v2\/posts"}],"about":[{"href":"https:\/\/memurunsesi.net\/index.php\/wp-json\/wp\/v2\/types\/post"}],"author":[{"embeddable":true,"href":"https:\/\/memurunsesi.net\/index.php\/wp-json\/wp\/v2\/users\/1"}],"replies":[{"embeddable":true,"href":"https:\/\/memurunsesi.net\/index.php\/wp-json\/wp\/v2\/comments?post=9309"}],"version-history":[{"count":1,"href":"https:\/\/memurunsesi.net\/index.php\/wp-json\/wp\/v2\/posts\/9309\/revisions"}],"predecessor-version":[{"id":9311,"href":"https:\/\/memurunsesi.net\/index.php\/wp-json\/wp\/v2\/posts\/9309\/revisions\/9311"}],"wp:featuredmedia":[{"embeddable":true,"href":"https:\/\/memurunsesi.net\/index.php\/wp-json\/wp\/v2\/media\/9310"}],"wp:attachment":[{"href":"https:\/\/memurunsesi.net\/index.php\/wp-json\/wp\/v2\/media?parent=9309"}],"wp:term":[{"taxonomy":"category","embeddable":true,"href":"https:\/\/memurunsesi.net\/index.php\/wp-json\/wp\/v2\/categories?post=9309"},{"taxonomy":"post_tag","embeddable":true,"href":"https:\/\/memurunsesi.net\/index.php\/wp-json\/wp\/v2\/tags?post=9309"}],"curies":[{"name":"wp","href":"https:\/\/api.w.org\/{rel}","templated":true}]}}