{"id":9312,"date":"2025-07-14T14:24:53","date_gmt":"2025-07-14T11:24:53","guid":{"rendered":"https:\/\/memurunsesi.net\/?p=9312"},"modified":"2025-07-14T14:24:53","modified_gmt":"2025-07-14T11:24:53","slug":"karamanda-5inci-kattan-dusen-2-yasindaki-mirac-son-yolculuguna-ugurlandi","status":"publish","type":"post","link":"https:\/\/memurunsesi.net\/index.php\/2025\/07\/14\/karamanda-5inci-kattan-dusen-2-yasindaki-mirac-son-yolculuguna-ugurlandi\/","title":{"rendered":"Karaman&#8217;da 5&#8217;inci kattan d\u00fc\u015fen 2 ya\u015f\u0131ndaki Mira\u00e7, son yolculu\u011funa u\u011furland\u0131"},"content":{"rendered":"<p>  Karaman\u2019da 5&#8217;inci kattaki evin penceresinden d\u00fc\u015ferek hayat\u0131n\u0131 kaybeden 2 ya\u015f\u0131ndaki Mira\u00e7 Ta\u015fer, g\u00f6zya\u015flar\u0131 i\u00e7inde topra\u011fa verildi. Cenazede anne Meryem Ta\u015fer\u2019in feryatlar\u0131 y\u00fcrekleri da\u011flad\u0131.<br \/>\n  Olay, d\u00fcn \u00f6\u011fleden sonra Gevher Hatun Mahallesi 1822. Sokak\u2019ta meydana geldi. Babaannesiyle evde bulunan Mira\u00e7, oyun oynarken \u00e7\u0131kt\u0131\u011f\u0131 pencereden sinekli\u011fin a\u00e7\u0131lmas\u0131yla yakla\u015f\u0131k 15 metreden d\u00fc\u015ferek hayat\u0131n\u0131 kaybetti. <\/p>\n<p>  &#8220;Herkes burada, sen neredesin o\u011flum&#8221;<br \/>\n  Mira\u00e7\u2019\u0131n cenazesi, Karaman E\u011fitim ve Ara\u015ft\u0131rma Hastanesi morgunda yap\u0131lan otopsinin ard\u0131ndan sabah saatlerinde ailesine teslim edildi. Ahmet Yesevi Camii\u2019nde k\u0131l\u0131nan cenaze namaz\u0131 sonras\u0131 minik Mira\u00e7\u2019\u0131n cenazesi \u015fehir mezarl\u0131\u011f\u0131nda g\u00f6zya\u015flar\u0131 i\u00e7inde topra\u011fa verildi. Cenazenin topra\u011fa verilmesinin ard\u0131ndan Mira\u00e7\u2019\u0131n 5 ya\u015f\u0131ndaki abisi, arkada\u015flar\u0131 ve yak\u0131nlar\u0131 kabrine su d\u00f6kt\u00fc. Cenazeye k\u00fc\u00e7\u00fck \u00e7ocu\u011fun yak\u0131nlar\u0131 ve vatanda\u015flar kat\u0131ld\u0131. Cenazenin defnedilmesinin ard\u0131ndan anne Meryem Ta\u015fer, &#8220;Herkes burada, sen neredesin o\u011flum&#8221; diyerek a\u011f\u0131t yakt\u0131. <\/p>\n<p>14.07.2025                                <\/p>\n","protected":false},"excerpt":{"rendered":"<p>Karaman\u2019da 5&#8217;inci kattaki evin penceresinden d\u00fc\u015ferek hayat\u0131n\u0131 kaybeden 2 ya\u015f\u0131ndaki Mira\u00e7 Ta\u015fer, g\u00f6zya\u015flar\u0131 i\u00e7inde topra\u011fa verildi. Cenazede anne Meryem Ta\u015fer\u2019in feryatlar\u0131 y\u00fcrekleri da\u011flad\u0131. Olay, d\u00fcn \u00f6\u011fleden sonra Gevher Hatun Mahallesi 1822. Sokak\u2019ta meydana geldi. Babaannesiyle evde bulunan Mira\u00e7, oyun oynarken \u00e7\u0131kt\u0131\u011f\u0131 pencereden sinekli\u011fin a\u00e7\u0131lmas\u0131yla yakla\u015f\u0131k 15 metreden d\u00fc\u015ferek hayat\u0131n\u0131 kaybetti. &#8220;Herkes burada, sen neredesin o\u011flum&#8221; [&hellip;]<\/p>\n","protected":false},"author":1,"featured_media":9313,"comment_status":"open","ping_status":"open","sticky":false,"template":"","format":"standard","meta":{"footnotes":""},"categories":[1],"tags":[],"class_list":["post-9312","post","type-post","status-publish","format-standard","has-post-thumbnail","hentry","category-genel"],"yoast_head":"<!-- This site is optimized with the Yoast SEO plugin v27.4 - https:\/\/yoast.com\/product\/yoast-seo-wordpress\/ -->\n<title>Karaman&#039;da 5&#039;inci kattan d\u00fc\u015fen 2 ya\u015f\u0131ndaki Mira\u00e7, son yolculu\u011funa u\u011furland\u0131 - Memurun Sesi<\/title>\n<meta name=\"robots\" content=\"index, follow, max-snippet:-1, max-image-preview:large, max-video-preview:-1\" \/>\n<link rel=\"canonical\" href=\"https:\/\/memurunsesi.net\/index.php\/2025\/07\/14\/karamanda-5inci-kattan-dusen-2-yasindaki-mirac-son-yolculuguna-ugurlandi\/\" \/>\n<meta property=\"og:locale\" content=\"tr_TR\" \/>\n<meta property=\"og:type\" content=\"article\" \/>\n<meta property=\"og:title\" content=\"Karaman&#039;da 5&#039;inci kattan d\u00fc\u015fen 2 ya\u015f\u0131ndaki Mira\u00e7, son yolculu\u011funa u\u011furland\u0131 - Memurun Sesi\" \/>\n<meta property=\"og:description\" content=\"Karaman\u2019da 5&#8217;inci kattaki evin penceresinden d\u00fc\u015ferek hayat\u0131n\u0131 kaybeden 2 ya\u015f\u0131ndaki Mira\u00e7 Ta\u015fer, g\u00f6zya\u015flar\u0131 i\u00e7inde topra\u011fa verildi. Cenazede anne Meryem Ta\u015fer\u2019in feryatlar\u0131 y\u00fcrekleri da\u011flad\u0131. Olay, d\u00fcn \u00f6\u011fleden sonra Gevher Hatun Mahallesi 1822. Sokak\u2019ta meydana geldi. Babaannesiyle evde bulunan Mira\u00e7, oyun oynarken \u00e7\u0131kt\u0131\u011f\u0131 pencereden sinekli\u011fin a\u00e7\u0131lmas\u0131yla yakla\u015f\u0131k 15 metreden d\u00fc\u015ferek hayat\u0131n\u0131 kaybetti. &#8220;Herkes burada, sen neredesin o\u011flum&#8221; [&hellip;]\" \/>\n<meta property=\"og:url\" content=\"https:\/\/memurunsesi.net\/index.php\/2025\/07\/14\/karamanda-5inci-kattan-dusen-2-yasindaki-mirac-son-yolculuguna-ugurlandi\/\" \/>\n<meta property=\"og:site_name\" content=\"Memurun Sesi\" \/>\n<meta property=\"article:publisher\" content=\"https:\/\/www.facebook.com\/unipersen\/?locale=tr_TR\" \/>\n<meta property=\"article:published_time\" content=\"2025-07-14T11:24:53+00:00\" \/>\n<meta property=\"og:image\" content=\"https:\/\/memurunsesi.net\/wp-content\/uploads\/2025\/07\/AW496748_01-scaled.jpg\" \/>\n\t<meta property=\"og:image:width\" content=\"2560\" \/>\n\t<meta property=\"og:image:height\" content=\"1441\" \/>\n\t<meta property=\"og:image:type\" content=\"image\/jpeg\" \/>\n<meta name=\"author\" content=\"Memurun Sesi Haber Merkezi\" \/>\n<meta name=\"twitter:card\" content=\"summary_large_image\" \/>\n<meta name=\"twitter:creator\" content=\"@unipersen\" \/>\n<meta name=\"twitter:site\" content=\"@unipersen\" \/>\n<meta name=\"twitter:label1\" content=\"Yazan:\" \/>\n\t<meta name=\"twitter:data1\" content=\"Memurun Sesi Haber Merkezi\" \/>\n\t<meta name=\"twitter:label2\" content=\"Tahmini okuma s\u00fcresi\" \/>\n\t<meta name=\"twitter:data2\" content=\"1 dakika\" \/>\n<script type=\"application\/ld+json\" class=\"yoast-schema-graph\">{\"@context\":\"https:\\\/\\\/schema.org\",\"@graph\":[{\"@type\":\"Article\",\"@id\":\"https:\\\/\\\/memurunsesi.net\\\/index.php\\\/2025\\\/07\\\/14\\\/karamanda-5inci-kattan-dusen-2-yasindaki-mirac-son-yolculuguna-ugurlandi\\\/#article\",\"isPartOf\":{\"@id\":\"https:\\\/\\\/memurunsesi.net\\\/index.php\\\/2025\\\/07\\\/14\\\/karamanda-5inci-kattan-dusen-2-yasindaki-mirac-son-yolculuguna-ugurlandi\\\/\"},\"author\":{\"name\":\"Memurun Sesi Haber Merkezi\",\"@id\":\"https:\\\/\\\/memurunsesi.net\\\/#\\\/schema\\\/person\\\/f21c2d73b89f6ee1d80b0a1803e38587\"},\"headline\":\"Karaman&#8217;da 5&#8217;inci kattan d\u00fc\u015fen 2 ya\u015f\u0131ndaki Mira\u00e7, son yolculu\u011funa u\u011furland\u0131\",\"datePublished\":\"2025-07-14T11:24:53+00:00\",\"mainEntityOfPage\":{\"@id\":\"https:\\\/\\\/memurunsesi.net\\\/index.php\\\/2025\\\/07\\\/14\\\/karamanda-5inci-kattan-dusen-2-yasindaki-mirac-son-yolculuguna-ugurlandi\\\/\"},\"wordCount\":185,\"commentCount\":0,\"publisher\":{\"@id\":\"https:\\\/\\\/memurunsesi.net\\\/#organization\"},\"image\":{\"@id\":\"https:\\\/\\\/memurunsesi.net\\\/index.php\\\/2025\\\/07\\\/14\\\/karamanda-5inci-kattan-dusen-2-yasindaki-mirac-son-yolculuguna-ugurlandi\\\/#primaryimage\"},\"thumbnailUrl\":\"https:\\\/\\\/memurunsesi.net\\\/wp-content\\\/uploads\\\/2025\\\/07\\\/AW496748_01-scaled.jpg\",\"inLanguage\":\"tr\",\"potentialAction\":[{\"@type\":\"CommentAction\",\"name\":\"Comment\",\"target\":[\"https:\\\/\\\/memurunsesi.net\\\/index.php\\\/2025\\\/07\\\/14\\\/karamanda-5inci-kattan-dusen-2-yasindaki-mirac-son-yolculuguna-ugurlandi\\\/#respond\"]}]},{\"@type\":\"WebPage\",\"@id\":\"https:\\\/\\\/memurunsesi.net\\\/index.php\\\/2025\\\/07\\\/14\\\/karamanda-5inci-kattan-dusen-2-yasindaki-mirac-son-yolculuguna-ugurlandi\\\/\",\"url\":\"https:\\\/\\\/memurunsesi.net\\\/index.php\\\/2025\\\/07\\\/14\\\/karamanda-5inci-kattan-dusen-2-yasindaki-mirac-son-yolculuguna-ugurlandi\\\/\",\"name\":\"Karaman'da 5'inci kattan d\u00fc\u015fen 2 ya\u015f\u0131ndaki Mira\u00e7, son yolculu\u011funa u\u011furland\u0131 - Memurun Sesi\",\"isPartOf\":{\"@id\":\"https:\\\/\\\/memurunsesi.net\\\/#website\"},\"primaryImageOfPage\":{\"@id\":\"https:\\\/\\\/memurunsesi.net\\\/index.php\\\/2025\\\/07\\\/14\\\/karamanda-5inci-kattan-dusen-2-yasindaki-mirac-son-yolculuguna-ugurlandi\\\/#primaryimage\"},\"image\":{\"@id\":\"https:\\\/\\\/memurunsesi.net\\\/index.php\\\/2025\\\/07\\\/14\\\/karamanda-5inci-kattan-dusen-2-yasindaki-mirac-son-yolculuguna-ugurlandi\\\/#primaryimage\"},\"thumbnailUrl\":\"https:\\\/\\\/memurunsesi.net\\\/wp-content\\\/uploads\\\/2025\\\/07\\\/AW496748_01-scaled.jpg\",\"datePublished\":\"2025-07-14T11:24:53+00:00\",\"breadcrumb\":{\"@id\":\"https:\\\/\\\/memurunsesi.net\\\/index.php\\\/2025\\\/07\\\/14\\\/karamanda-5inci-kattan-dusen-2-yasindaki-mirac-son-yolculuguna-ugurlandi\\\/#breadcrumb\"},\"inLanguage\":\"tr\",\"potentialAction\":[{\"@type\":\"ReadAction\",\"target\":[\"https:\\\/\\\/memurunsesi.net\\\/index.php\\\/2025\\\/07\\\/14\\\/karamanda-5inci-kattan-dusen-2-yasindaki-mirac-son-yolculuguna-ugurlandi\\\/\"]}]},{\"@type\":\"ImageObject\",\"inLanguage\":\"tr\",\"@id\":\"https:\\\/\\\/memurunsesi.net\\\/index.php\\\/2025\\\/07\\\/14\\\/karamanda-5inci-kattan-dusen-2-yasindaki-mirac-son-yolculuguna-ugurlandi\\\/#primaryimage\",\"url\":\"https:\\\/\\\/memurunsesi.net\\\/wp-content\\\/uploads\\\/2025\\\/07\\\/AW496748_01-scaled.jpg\",\"contentUrl\":\"https:\\\/\\\/memurunsesi.net\\\/wp-content\\\/uploads\\\/2025\\\/07\\\/AW496748_01-scaled.jpg\",\"width\":2560,\"height\":1441,\"caption\":\"M\u0130RA\u00c7 TA\u015eER \u0130\u00c7\u0130N AHMET YESEV\u0130 CAM\u0130\u0130'NDE CENAZE T\u00d6REN\u0130 D\u00dcZENLEND\u0130 (MEHMET AK\u0130F ORHAN\\\/KARAMAN-\u0130HA) Karaman'da 5'inci kattaki evin penceresinden d\u00fc\u015ferek hayat\u0131n\u0131 kaybeden 2 ya\u015f\u0131ndaki Mira\u00e7 Ta\u015fer, g\u00f6zya\u015flar\u0131 i\u00e7inde topra\u011fa verildi. Cenazede anne Meryem Ta\u015fer'in feryatlar\u0131 y\u00fcrekleri da\u011flad\u0131.\"},{\"@type\":\"BreadcrumbList\",\"@id\":\"https:\\\/\\\/memurunsesi.net\\\/index.php\\\/2025\\\/07\\\/14\\\/karamanda-5inci-kattan-dusen-2-yasindaki-mirac-son-yolculuguna-ugurlandi\\\/#breadcrumb\",\"itemListElement\":[{\"@type\":\"ListItem\",\"position\":1,\"name\":\"Anasayfa\",\"item\":\"https:\\\/\\\/memurunsesi.net\\\/\"},{\"@type\":\"ListItem\",\"position\":2,\"name\":\"Karaman&#8217;da 5&#8217;inci kattan d\u00fc\u015fen 2 ya\u015f\u0131ndaki Mira\u00e7, son yolculu\u011funa u\u011furland\u0131\"}]},{\"@type\":\"WebSite\",\"@id\":\"https:\\\/\\\/memurunsesi.net\\\/#website\",\"url\":\"https:\\\/\\\/memurunsesi.net\\\/\",\"name\":\"Memurun Sesi\",\"description\":\"G\u00fcncel ve Do\u011fru Haber\",\"publisher\":{\"@id\":\"https:\\\/\\\/memurunsesi.net\\\/#organization\"},\"potentialAction\":[{\"@type\":\"SearchAction\",\"target\":{\"@type\":\"EntryPoint\",\"urlTemplate\":\"https:\\\/\\\/memurunsesi.net\\\/?s={search_term_string}\"},\"query-input\":{\"@type\":\"PropertyValueSpecification\",\"valueRequired\":true,\"valueName\":\"search_term_string\"}}],\"inLanguage\":\"tr\"},{\"@type\":\"Organization\",\"@id\":\"https:\\\/\\\/memurunsesi.net\\\/#organization\",\"name\":\"Memurun Sesi\",\"url\":\"https:\\\/\\\/memurunsesi.net\\\/\",\"logo\":{\"@type\":\"ImageObject\",\"inLanguage\":\"tr\",\"@id\":\"https:\\\/\\\/memurunsesi.net\\\/#\\\/schema\\\/logo\\\/image\\\/\",\"url\":\"https:\\\/\\\/memurunsesi.net\\\/wp-content\\\/uploads\\\/2025\\\/11\\\/cropped-MEMURUN-SESI.png\",\"contentUrl\":\"https:\\\/\\\/memurunsesi.net\\\/wp-content\\\/uploads\\\/2025\\\/11\\\/cropped-MEMURUN-SESI.png\",\"width\":238,\"height\":57,\"caption\":\"Memurun Sesi\"},\"image\":{\"@id\":\"https:\\\/\\\/memurunsesi.net\\\/#\\\/schema\\\/logo\\\/image\\\/\"},\"sameAs\":[\"https:\\\/\\\/www.facebook.com\\\/unipersen\\\/?locale=tr_TR\",\"https:\\\/\\\/x.com\\\/unipersen\"]},{\"@type\":\"Person\",\"@id\":\"https:\\\/\\\/memurunsesi.net\\\/#\\\/schema\\\/person\\\/f21c2d73b89f6ee1d80b0a1803e38587\",\"name\":\"Memurun Sesi Haber Merkezi\",\"image\":{\"@type\":\"ImageObject\",\"inLanguage\":\"tr\",\"@id\":\"https:\\\/\\\/secure.gravatar.com\\\/avatar\\\/6cf0505f452ee753f485014986fab09a434671d2b919ee76fc541025c5876a70?s=96&d=mm&r=g\",\"url\":\"https:\\\/\\\/secure.gravatar.com\\\/avatar\\\/6cf0505f452ee753f485014986fab09a434671d2b919ee76fc541025c5876a70?s=96&d=mm&r=g\",\"contentUrl\":\"https:\\\/\\\/secure.gravatar.com\\\/avatar\\\/6cf0505f452ee753f485014986fab09a434671d2b919ee76fc541025c5876a70?s=96&d=mm&r=g\",\"caption\":\"Memurun Sesi Haber Merkezi\"},\"sameAs\":[\"https:\\\/\\\/memurunsesi.net\"],\"url\":\"https:\\\/\\\/memurunsesi.net\\\/index.php\\\/author\\\/uniper\\\/\"}]}<\/script>\n<!-- \/ Yoast SEO plugin. -->","yoast_head_json":{"title":"Karaman'da 5'inci kattan d\u00fc\u015fen 2 ya\u015f\u0131ndaki Mira\u00e7, son yolculu\u011funa u\u011furland\u0131 - Memurun Sesi","robots":{"index":"index","follow":"follow","max-snippet":"max-snippet:-1","max-image-preview":"max-image-preview:large","max-video-preview":"max-video-preview:-1"},"canonical":"https:\/\/memurunsesi.net\/index.php\/2025\/07\/14\/karamanda-5inci-kattan-dusen-2-yasindaki-mirac-son-yolculuguna-ugurlandi\/","og_locale":"tr_TR","og_type":"article","og_title":"Karaman'da 5'inci kattan d\u00fc\u015fen 2 ya\u015f\u0131ndaki Mira\u00e7, son yolculu\u011funa u\u011furland\u0131 - Memurun Sesi","og_description":"Karaman\u2019da 5&#8217;inci kattaki evin penceresinden d\u00fc\u015ferek hayat\u0131n\u0131 kaybeden 2 ya\u015f\u0131ndaki Mira\u00e7 Ta\u015fer, g\u00f6zya\u015flar\u0131 i\u00e7inde topra\u011fa verildi. Cenazede anne Meryem Ta\u015fer\u2019in feryatlar\u0131 y\u00fcrekleri da\u011flad\u0131. Olay, d\u00fcn \u00f6\u011fleden sonra Gevher Hatun Mahallesi 1822. Sokak\u2019ta meydana geldi. Babaannesiyle evde bulunan Mira\u00e7, oyun oynarken \u00e7\u0131kt\u0131\u011f\u0131 pencereden sinekli\u011fin a\u00e7\u0131lmas\u0131yla yakla\u015f\u0131k 15 metreden d\u00fc\u015ferek hayat\u0131n\u0131 kaybetti. &#8220;Herkes burada, sen neredesin o\u011flum&#8221; [&hellip;]","og_url":"https:\/\/memurunsesi.net\/index.php\/2025\/07\/14\/karamanda-5inci-kattan-dusen-2-yasindaki-mirac-son-yolculuguna-ugurlandi\/","og_site_name":"Memurun Sesi","article_publisher":"https:\/\/www.facebook.com\/unipersen\/?locale=tr_TR","article_published_time":"2025-07-14T11:24:53+00:00","og_image":[{"width":2560,"height":1441,"url":"https:\/\/memurunsesi.net\/wp-content\/uploads\/2025\/07\/AW496748_01-scaled.jpg","type":"image\/jpeg"}],"author":"Memurun Sesi Haber Merkezi","twitter_card":"summary_large_image","twitter_creator":"@unipersen","twitter_site":"@unipersen","twitter_misc":{"Yazan:":"Memurun Sesi Haber Merkezi","Tahmini okuma s\u00fcresi":"1 dakika"},"schema":{"@context":"https:\/\/schema.org","@graph":[{"@type":"Article","@id":"https:\/\/memurunsesi.net\/index.php\/2025\/07\/14\/karamanda-5inci-kattan-dusen-2-yasindaki-mirac-son-yolculuguna-ugurlandi\/#article","isPartOf":{"@id":"https:\/\/memurunsesi.net\/index.php\/2025\/07\/14\/karamanda-5inci-kattan-dusen-2-yasindaki-mirac-son-yolculuguna-ugurlandi\/"},"author":{"name":"Memurun Sesi Haber Merkezi","@id":"https:\/\/memurunsesi.net\/#\/schema\/person\/f21c2d73b89f6ee1d80b0a1803e38587"},"headline":"Karaman&#8217;da 5&#8217;inci kattan d\u00fc\u015fen 2 ya\u015f\u0131ndaki Mira\u00e7, son yolculu\u011funa u\u011furland\u0131","datePublished":"2025-07-14T11:24:53+00:00","mainEntityOfPage":{"@id":"https:\/\/memurunsesi.net\/index.php\/2025\/07\/14\/karamanda-5inci-kattan-dusen-2-yasindaki-mirac-son-yolculuguna-ugurlandi\/"},"wordCount":185,"commentCount":0,"publisher":{"@id":"https:\/\/memurunsesi.net\/#organization"},"image":{"@id":"https:\/\/memurunsesi.net\/index.php\/2025\/07\/14\/karamanda-5inci-kattan-dusen-2-yasindaki-mirac-son-yolculuguna-ugurlandi\/#primaryimage"},"thumbnailUrl":"https:\/\/memurunsesi.net\/wp-content\/uploads\/2025\/07\/AW496748_01-scaled.jpg","inLanguage":"tr","potentialAction":[{"@type":"CommentAction","name":"Comment","target":["https:\/\/memurunsesi.net\/index.php\/2025\/07\/14\/karamanda-5inci-kattan-dusen-2-yasindaki-mirac-son-yolculuguna-ugurlandi\/#respond"]}]},{"@type":"WebPage","@id":"https:\/\/memurunsesi.net\/index.php\/2025\/07\/14\/karamanda-5inci-kattan-dusen-2-yasindaki-mirac-son-yolculuguna-ugurlandi\/","url":"https:\/\/memurunsesi.net\/index.php\/2025\/07\/14\/karamanda-5inci-kattan-dusen-2-yasindaki-mirac-son-yolculuguna-ugurlandi\/","name":"Karaman'da 5'inci kattan d\u00fc\u015fen 2 ya\u015f\u0131ndaki Mira\u00e7, son yolculu\u011funa u\u011furland\u0131 - Memurun Sesi","isPartOf":{"@id":"https:\/\/memurunsesi.net\/#website"},"primaryImageOfPage":{"@id":"https:\/\/memurunsesi.net\/index.php\/2025\/07\/14\/karamanda-5inci-kattan-dusen-2-yasindaki-mirac-son-yolculuguna-ugurlandi\/#primaryimage"},"image":{"@id":"https:\/\/memurunsesi.net\/index.php\/2025\/07\/14\/karamanda-5inci-kattan-dusen-2-yasindaki-mirac-son-yolculuguna-ugurlandi\/#primaryimage"},"thumbnailUrl":"https:\/\/memurunsesi.net\/wp-content\/uploads\/2025\/07\/AW496748_01-scaled.jpg","datePublished":"2025-07-14T11:24:53+00:00","breadcrumb":{"@id":"https:\/\/memurunsesi.net\/index.php\/2025\/07\/14\/karamanda-5inci-kattan-dusen-2-yasindaki-mirac-son-yolculuguna-ugurlandi\/#breadcrumb"},"inLanguage":"tr","potentialAction":[{"@type":"ReadAction","target":["https:\/\/memurunsesi.net\/index.php\/2025\/07\/14\/karamanda-5inci-kattan-dusen-2-yasindaki-mirac-son-yolculuguna-ugurlandi\/"]}]},{"@type":"ImageObject","inLanguage":"tr","@id":"https:\/\/memurunsesi.net\/index.php\/2025\/07\/14\/karamanda-5inci-kattan-dusen-2-yasindaki-mirac-son-yolculuguna-ugurlandi\/#primaryimage","url":"https:\/\/memurunsesi.net\/wp-content\/uploads\/2025\/07\/AW496748_01-scaled.jpg","contentUrl":"https:\/\/memurunsesi.net\/wp-content\/uploads\/2025\/07\/AW496748_01-scaled.jpg","width":2560,"height":1441,"caption":"M\u0130RA\u00c7 TA\u015eER \u0130\u00c7\u0130N AHMET YESEV\u0130 CAM\u0130\u0130'NDE CENAZE T\u00d6REN\u0130 D\u00dcZENLEND\u0130 (MEHMET AK\u0130F ORHAN\/KARAMAN-\u0130HA) Karaman'da 5'inci kattaki evin penceresinden d\u00fc\u015ferek hayat\u0131n\u0131 kaybeden 2 ya\u015f\u0131ndaki Mira\u00e7 Ta\u015fer, g\u00f6zya\u015flar\u0131 i\u00e7inde topra\u011fa verildi. Cenazede anne Meryem Ta\u015fer'in feryatlar\u0131 y\u00fcrekleri da\u011flad\u0131."},{"@type":"BreadcrumbList","@id":"https:\/\/memurunsesi.net\/index.php\/2025\/07\/14\/karamanda-5inci-kattan-dusen-2-yasindaki-mirac-son-yolculuguna-ugurlandi\/#breadcrumb","itemListElement":[{"@type":"ListItem","position":1,"name":"Anasayfa","item":"https:\/\/memurunsesi.net\/"},{"@type":"ListItem","position":2,"name":"Karaman&#8217;da 5&#8217;inci kattan d\u00fc\u015fen 2 ya\u015f\u0131ndaki Mira\u00e7, son yolculu\u011funa u\u011furland\u0131"}]},{"@type":"WebSite","@id":"https:\/\/memurunsesi.net\/#website","url":"https:\/\/memurunsesi.net\/","name":"Memurun Sesi","description":"G\u00fcncel ve Do\u011fru Haber","publisher":{"@id":"https:\/\/memurunsesi.net\/#organization"},"potentialAction":[{"@type":"SearchAction","target":{"@type":"EntryPoint","urlTemplate":"https:\/\/memurunsesi.net\/?s={search_term_string}"},"query-input":{"@type":"PropertyValueSpecification","valueRequired":true,"valueName":"search_term_string"}}],"inLanguage":"tr"},{"@type":"Organization","@id":"https:\/\/memurunsesi.net\/#organization","name":"Memurun Sesi","url":"https:\/\/memurunsesi.net\/","logo":{"@type":"ImageObject","inLanguage":"tr","@id":"https:\/\/memurunsesi.net\/#\/schema\/logo\/image\/","url":"https:\/\/memurunsesi.net\/wp-content\/uploads\/2025\/11\/cropped-MEMURUN-SESI.png","contentUrl":"https:\/\/memurunsesi.net\/wp-content\/uploads\/2025\/11\/cropped-MEMURUN-SESI.png","width":238,"height":57,"caption":"Memurun Sesi"},"image":{"@id":"https:\/\/memurunsesi.net\/#\/schema\/logo\/image\/"},"sameAs":["https:\/\/www.facebook.com\/unipersen\/?locale=tr_TR","https:\/\/x.com\/unipersen"]},{"@type":"Person","@id":"https:\/\/memurunsesi.net\/#\/schema\/person\/f21c2d73b89f6ee1d80b0a1803e38587","name":"Memurun Sesi Haber Merkezi","image":{"@type":"ImageObject","inLanguage":"tr","@id":"https:\/\/secure.gravatar.com\/avatar\/6cf0505f452ee753f485014986fab09a434671d2b919ee76fc541025c5876a70?s=96&d=mm&r=g","url":"https:\/\/secure.gravatar.com\/avatar\/6cf0505f452ee753f485014986fab09a434671d2b919ee76fc541025c5876a70?s=96&d=mm&r=g","contentUrl":"https:\/\/secure.gravatar.com\/avatar\/6cf0505f452ee753f485014986fab09a434671d2b919ee76fc541025c5876a70?s=96&d=mm&r=g","caption":"Memurun Sesi Haber Merkezi"},"sameAs":["https:\/\/memurunsesi.net"],"url":"https:\/\/memurunsesi.net\/index.php\/author\/uniper\/"}]}},"_links":{"self":[{"href":"https:\/\/memurunsesi.net\/index.php\/wp-json\/wp\/v2\/posts\/9312","targetHints":{"allow":["GET"]}}],"collection":[{"href":"https:\/\/memurunsesi.net\/index.php\/wp-json\/wp\/v2\/posts"}],"about":[{"href":"https:\/\/memurunsesi.net\/index.php\/wp-json\/wp\/v2\/types\/post"}],"author":[{"embeddable":true,"href":"https:\/\/memurunsesi.net\/index.php\/wp-json\/wp\/v2\/users\/1"}],"replies":[{"embeddable":true,"href":"https:\/\/memurunsesi.net\/index.php\/wp-json\/wp\/v2\/comments?post=9312"}],"version-history":[{"count":1,"href":"https:\/\/memurunsesi.net\/index.php\/wp-json\/wp\/v2\/posts\/9312\/revisions"}],"predecessor-version":[{"id":9314,"href":"https:\/\/memurunsesi.net\/index.php\/wp-json\/wp\/v2\/posts\/9312\/revisions\/9314"}],"wp:featuredmedia":[{"embeddable":true,"href":"https:\/\/memurunsesi.net\/index.php\/wp-json\/wp\/v2\/media\/9313"}],"wp:attachment":[{"href":"https:\/\/memurunsesi.net\/index.php\/wp-json\/wp\/v2\/media?parent=9312"}],"wp:term":[{"taxonomy":"category","embeddable":true,"href":"https:\/\/memurunsesi.net\/index.php\/wp-json\/wp\/v2\/categories?post=9312"},{"taxonomy":"post_tag","embeddable":true,"href":"https:\/\/memurunsesi.net\/index.php\/wp-json\/wp\/v2\/tags?post=9312"}],"curies":[{"name":"wp","href":"https:\/\/api.w.org\/{rel}","templated":true}]}}