{"id":9315,"date":"2025-07-14T14:31:51","date_gmt":"2025-07-14T11:31:51","guid":{"rendered":"https:\/\/memurunsesi.net\/?p=9315"},"modified":"2025-07-14T14:31:51","modified_gmt":"2025-07-14T11:31:51","slug":"ankarada-bebek-coken-tavan-sivasindan-saniyelerle-kurtuldu","status":"publish","type":"post","link":"https:\/\/memurunsesi.net\/index.php\/2025\/07\/14\/ankarada-bebek-coken-tavan-sivasindan-saniyelerle-kurtuldu\/","title":{"rendered":"Ankara&#8217;da bebek, \u00e7\u00f6ken tavan s\u0131vas\u0131ndan saniyelerle kurtuldu"},"content":{"rendered":"<p>  Ankara&#8217;da bir apartman dairesinde bebek odas\u0131n\u0131n tavan s\u0131vas\u0131 d\u00fc\u015ft\u00fc. Bebek, babas\u0131 taraf\u0131ndan saniyelerle \u00f6l\u00fcmden kurtar\u0131ld\u0131.<br \/>\nOlay, Ankara&#8217;n\u0131n Sincan il\u00e7esindeki Yenikent semtinde bir apartman dairesinde meydana geldi. Edinilen bilgilere g\u00f6re, 12 Temmuz Cumartesi saat 22.00&#8217;de, baba Ali Aslan 6 ayl\u0131k bebe\u011fini uyand\u0131ktan sonra kuca\u011f\u0131na ald\u0131. Aslan&#8217;\u0131n bebe\u011fini evin i\u00e7inde dola\u015ft\u0131rd\u0131\u011f\u0131 esnada bebek odas\u0131ndaki tavandan kopan par\u00e7alar be\u015fi\u011fin \u00fcst\u00fcne d\u00fc\u015ft\u00fc. Meydana gelen \u00e7\u00f6k\u00fcnt\u00fc korkuya sebep oldu. Aile, ya\u015fanan olay\u0131n binan\u0131n yap\u0131m a\u015famas\u0131ndaki ihmalden kaynakland\u0131\u011f\u0131n\u0131 \u00f6ne s\u00fcrerek yetkililere \u00e7a\u011fr\u0131da bulundu.<br \/>\n  Bebeklerinin \u00f6l\u00fcmden d\u00f6nd\u00fc\u011f\u00fcn\u00fc ifade eden Baba Ali Aslan, &#8220;Oturdu\u011fumuz evimiz daha 2-3 y\u0131ll\u0131k bir bina. 12 Temmuz Cumartesi saat 22.00&#8217;de 6 ayl\u0131k bebe\u011fim uyand\u0131, a\u011flam\u0131\u015ft\u0131 biraz, kuca\u011f\u0131ma ald\u0131m. Evin i\u00e7inde 1-2 tur att\u0131r\u0131rken bebe\u011fin odas\u0131ndaki tavan komple be\u015fi\u011fin \u00fcst\u00fcne \u00e7\u00f6kt\u00fc. Ev yap\u0131l\u0131rken i\u015f\u00e7ili\u011fin iyi yap\u0131lmamas\u0131, i\u015finin ehli insanlar olmamas\u0131ndan kaynakland\u0131 bu \u00e7\u00f6k\u00fcnt\u00fc. M\u00fcteahhitle de g\u00f6r\u00fc\u015ft\u00fck, bize yard\u0131m olaca\u011f\u0131n\u0131 s\u00f6yledi. Can kayb\u0131 olmamas\u0131 en b\u00fcy\u00fck mutlulu\u011fumuz. Allah korusun iki dakika ge\u00e7 girsem odaya belki \u00e7ocu\u011fun \u00fczerine beton par\u00e7alar\u0131 d\u00fc\u015fm\u00fc\u015f olacakt\u0131. Gerekli yerlere ba\u015fvurumuzu da yapt\u0131k, gerekli ki\u015filere bilgilerimizi de ettik. Yard\u0131mc\u0131 olaca\u011f\u0131n\u0131 s\u00f6ylediler, bekliyoruz&#8221; diye konu\u015ftu.  <\/p>\n<p>14.07.2025                                 <\/p>\n","protected":false},"excerpt":{"rendered":"<p>Ankara&#8217;da bir apartman dairesinde bebek odas\u0131n\u0131n tavan s\u0131vas\u0131 d\u00fc\u015ft\u00fc. Bebek, babas\u0131 taraf\u0131ndan saniyelerle \u00f6l\u00fcmden kurtar\u0131ld\u0131. Olay, Ankara&#8217;n\u0131n Sincan il\u00e7esindeki Yenikent semtinde bir apartman dairesinde meydana geldi. Edinilen bilgilere g\u00f6re, 12 Temmuz Cumartesi saat 22.00&#8217;de, baba Ali Aslan 6 ayl\u0131k bebe\u011fini uyand\u0131ktan sonra kuca\u011f\u0131na ald\u0131. Aslan&#8217;\u0131n bebe\u011fini evin i\u00e7inde dola\u015ft\u0131rd\u0131\u011f\u0131 esnada bebek odas\u0131ndaki tavandan kopan par\u00e7alar [&hellip;]<\/p>\n","protected":false},"author":1,"featured_media":9316,"comment_status":"open","ping_status":"open","sticky":false,"template":"","format":"standard","meta":{"footnotes":""},"categories":[1],"tags":[],"class_list":["post-9315","post","type-post","status-publish","format-standard","has-post-thumbnail","hentry","category-genel"],"yoast_head":"<!-- This site is optimized with the Yoast SEO plugin v27.4 - https:\/\/yoast.com\/product\/yoast-seo-wordpress\/ -->\n<title>Ankara&#039;da bebek, \u00e7\u00f6ken tavan s\u0131vas\u0131ndan saniyelerle kurtuldu - Memurun Sesi<\/title>\n<meta name=\"robots\" content=\"index, follow, max-snippet:-1, max-image-preview:large, max-video-preview:-1\" \/>\n<link rel=\"canonical\" href=\"https:\/\/memurunsesi.net\/index.php\/2025\/07\/14\/ankarada-bebek-coken-tavan-sivasindan-saniyelerle-kurtuldu\/\" \/>\n<meta property=\"og:locale\" content=\"tr_TR\" \/>\n<meta property=\"og:type\" content=\"article\" \/>\n<meta property=\"og:title\" content=\"Ankara&#039;da bebek, \u00e7\u00f6ken tavan s\u0131vas\u0131ndan saniyelerle kurtuldu - Memurun Sesi\" \/>\n<meta property=\"og:description\" content=\"Ankara&#8217;da bir apartman dairesinde bebek odas\u0131n\u0131n tavan s\u0131vas\u0131 d\u00fc\u015ft\u00fc. Bebek, babas\u0131 taraf\u0131ndan saniyelerle \u00f6l\u00fcmden kurtar\u0131ld\u0131. Olay, Ankara&#8217;n\u0131n Sincan il\u00e7esindeki Yenikent semtinde bir apartman dairesinde meydana geldi. Edinilen bilgilere g\u00f6re, 12 Temmuz Cumartesi saat 22.00&#8217;de, baba Ali Aslan 6 ayl\u0131k bebe\u011fini uyand\u0131ktan sonra kuca\u011f\u0131na ald\u0131. Aslan&#8217;\u0131n bebe\u011fini evin i\u00e7inde dola\u015ft\u0131rd\u0131\u011f\u0131 esnada bebek odas\u0131ndaki tavandan kopan par\u00e7alar [&hellip;]\" \/>\n<meta property=\"og:url\" content=\"https:\/\/memurunsesi.net\/index.php\/2025\/07\/14\/ankarada-bebek-coken-tavan-sivasindan-saniyelerle-kurtuldu\/\" \/>\n<meta property=\"og:site_name\" content=\"Memurun Sesi\" \/>\n<meta property=\"article:publisher\" content=\"https:\/\/www.facebook.com\/unipersen\/?locale=tr_TR\" \/>\n<meta property=\"article:published_time\" content=\"2025-07-14T11:31:51+00:00\" \/>\n<meta property=\"og:image\" content=\"https:\/\/memurunsesi.net\/wp-content\/uploads\/2025\/07\/AW496783_03.jpg\" \/>\n\t<meta property=\"og:image:width\" content=\"1600\" \/>\n\t<meta property=\"og:image:height\" content=\"1200\" \/>\n\t<meta property=\"og:image:type\" content=\"image\/jpeg\" \/>\n<meta name=\"author\" content=\"Memurun Sesi Haber Merkezi\" \/>\n<meta name=\"twitter:card\" content=\"summary_large_image\" \/>\n<meta name=\"twitter:creator\" content=\"@unipersen\" \/>\n<meta name=\"twitter:site\" content=\"@unipersen\" \/>\n<meta name=\"twitter:label1\" content=\"Yazan:\" \/>\n\t<meta name=\"twitter:data1\" content=\"Memurun Sesi Haber Merkezi\" \/>\n\t<meta name=\"twitter:label2\" content=\"Tahmini okuma s\u00fcresi\" \/>\n\t<meta name=\"twitter:data2\" content=\"1 dakika\" \/>\n<script type=\"application\/ld+json\" class=\"yoast-schema-graph\">{\"@context\":\"https:\\\/\\\/schema.org\",\"@graph\":[{\"@type\":\"Article\",\"@id\":\"https:\\\/\\\/memurunsesi.net\\\/index.php\\\/2025\\\/07\\\/14\\\/ankarada-bebek-coken-tavan-sivasindan-saniyelerle-kurtuldu\\\/#article\",\"isPartOf\":{\"@id\":\"https:\\\/\\\/memurunsesi.net\\\/index.php\\\/2025\\\/07\\\/14\\\/ankarada-bebek-coken-tavan-sivasindan-saniyelerle-kurtuldu\\\/\"},\"author\":{\"name\":\"Memurun Sesi Haber Merkezi\",\"@id\":\"https:\\\/\\\/memurunsesi.net\\\/#\\\/schema\\\/person\\\/f21c2d73b89f6ee1d80b0a1803e38587\"},\"headline\":\"Ankara&#8217;da bebek, \u00e7\u00f6ken tavan s\u0131vas\u0131ndan saniyelerle kurtuldu\",\"datePublished\":\"2025-07-14T11:31:51+00:00\",\"mainEntityOfPage\":{\"@id\":\"https:\\\/\\\/memurunsesi.net\\\/index.php\\\/2025\\\/07\\\/14\\\/ankarada-bebek-coken-tavan-sivasindan-saniyelerle-kurtuldu\\\/\"},\"wordCount\":264,\"commentCount\":0,\"publisher\":{\"@id\":\"https:\\\/\\\/memurunsesi.net\\\/#organization\"},\"image\":{\"@id\":\"https:\\\/\\\/memurunsesi.net\\\/index.php\\\/2025\\\/07\\\/14\\\/ankarada-bebek-coken-tavan-sivasindan-saniyelerle-kurtuldu\\\/#primaryimage\"},\"thumbnailUrl\":\"https:\\\/\\\/memurunsesi.net\\\/wp-content\\\/uploads\\\/2025\\\/07\\\/AW496783_03.jpg\",\"inLanguage\":\"tr\",\"potentialAction\":[{\"@type\":\"CommentAction\",\"name\":\"Comment\",\"target\":[\"https:\\\/\\\/memurunsesi.net\\\/index.php\\\/2025\\\/07\\\/14\\\/ankarada-bebek-coken-tavan-sivasindan-saniyelerle-kurtuldu\\\/#respond\"]}]},{\"@type\":\"WebPage\",\"@id\":\"https:\\\/\\\/memurunsesi.net\\\/index.php\\\/2025\\\/07\\\/14\\\/ankarada-bebek-coken-tavan-sivasindan-saniyelerle-kurtuldu\\\/\",\"url\":\"https:\\\/\\\/memurunsesi.net\\\/index.php\\\/2025\\\/07\\\/14\\\/ankarada-bebek-coken-tavan-sivasindan-saniyelerle-kurtuldu\\\/\",\"name\":\"Ankara'da bebek, \u00e7\u00f6ken tavan s\u0131vas\u0131ndan saniyelerle kurtuldu - Memurun Sesi\",\"isPartOf\":{\"@id\":\"https:\\\/\\\/memurunsesi.net\\\/#website\"},\"primaryImageOfPage\":{\"@id\":\"https:\\\/\\\/memurunsesi.net\\\/index.php\\\/2025\\\/07\\\/14\\\/ankarada-bebek-coken-tavan-sivasindan-saniyelerle-kurtuldu\\\/#primaryimage\"},\"image\":{\"@id\":\"https:\\\/\\\/memurunsesi.net\\\/index.php\\\/2025\\\/07\\\/14\\\/ankarada-bebek-coken-tavan-sivasindan-saniyelerle-kurtuldu\\\/#primaryimage\"},\"thumbnailUrl\":\"https:\\\/\\\/memurunsesi.net\\\/wp-content\\\/uploads\\\/2025\\\/07\\\/AW496783_03.jpg\",\"datePublished\":\"2025-07-14T11:31:51+00:00\",\"breadcrumb\":{\"@id\":\"https:\\\/\\\/memurunsesi.net\\\/index.php\\\/2025\\\/07\\\/14\\\/ankarada-bebek-coken-tavan-sivasindan-saniyelerle-kurtuldu\\\/#breadcrumb\"},\"inLanguage\":\"tr\",\"potentialAction\":[{\"@type\":\"ReadAction\",\"target\":[\"https:\\\/\\\/memurunsesi.net\\\/index.php\\\/2025\\\/07\\\/14\\\/ankarada-bebek-coken-tavan-sivasindan-saniyelerle-kurtuldu\\\/\"]}]},{\"@type\":\"ImageObject\",\"inLanguage\":\"tr\",\"@id\":\"https:\\\/\\\/memurunsesi.net\\\/index.php\\\/2025\\\/07\\\/14\\\/ankarada-bebek-coken-tavan-sivasindan-saniyelerle-kurtuldu\\\/#primaryimage\",\"url\":\"https:\\\/\\\/memurunsesi.net\\\/wp-content\\\/uploads\\\/2025\\\/07\\\/AW496783_03.jpg\",\"contentUrl\":\"https:\\\/\\\/memurunsesi.net\\\/wp-content\\\/uploads\\\/2025\\\/07\\\/AW496783_03.jpg\",\"width\":1600,\"height\":1200,\"caption\":\"ANKARA'DA B\u0130R APARTMAN DA\u0130RES\u0130NDE BEBEK ODASININ TAVAN SIVASI D\u00dc\u015eT\u00dc. BEBEK, BABASI TARAFINDAN SAN\u0130YELERLE \u00d6L\u00dcMDEN KURTARILDI. (G\u00dcL\u00c7\u0130N KAZANCI\\\/ANKARA-\u0130HA) Ankara'da bir apartman dairesinde bebek odas\u0131n\u0131n tavan s\u0131vas\u0131 d\u00fc\u015ft\u00fc. Bebek, babas\u0131 taraf\u0131ndan saniyelerle \u00f6l\u00fcmden kurtar\u0131ld\u0131.\"},{\"@type\":\"BreadcrumbList\",\"@id\":\"https:\\\/\\\/memurunsesi.net\\\/index.php\\\/2025\\\/07\\\/14\\\/ankarada-bebek-coken-tavan-sivasindan-saniyelerle-kurtuldu\\\/#breadcrumb\",\"itemListElement\":[{\"@type\":\"ListItem\",\"position\":1,\"name\":\"Anasayfa\",\"item\":\"https:\\\/\\\/memurunsesi.net\\\/\"},{\"@type\":\"ListItem\",\"position\":2,\"name\":\"Ankara&#8217;da bebek, \u00e7\u00f6ken tavan s\u0131vas\u0131ndan saniyelerle kurtuldu\"}]},{\"@type\":\"WebSite\",\"@id\":\"https:\\\/\\\/memurunsesi.net\\\/#website\",\"url\":\"https:\\\/\\\/memurunsesi.net\\\/\",\"name\":\"Memurun Sesi\",\"description\":\"G\u00fcncel ve Do\u011fru Haber\",\"publisher\":{\"@id\":\"https:\\\/\\\/memurunsesi.net\\\/#organization\"},\"potentialAction\":[{\"@type\":\"SearchAction\",\"target\":{\"@type\":\"EntryPoint\",\"urlTemplate\":\"https:\\\/\\\/memurunsesi.net\\\/?s={search_term_string}\"},\"query-input\":{\"@type\":\"PropertyValueSpecification\",\"valueRequired\":true,\"valueName\":\"search_term_string\"}}],\"inLanguage\":\"tr\"},{\"@type\":\"Organization\",\"@id\":\"https:\\\/\\\/memurunsesi.net\\\/#organization\",\"name\":\"Memurun Sesi\",\"url\":\"https:\\\/\\\/memurunsesi.net\\\/\",\"logo\":{\"@type\":\"ImageObject\",\"inLanguage\":\"tr\",\"@id\":\"https:\\\/\\\/memurunsesi.net\\\/#\\\/schema\\\/logo\\\/image\\\/\",\"url\":\"https:\\\/\\\/memurunsesi.net\\\/wp-content\\\/uploads\\\/2025\\\/11\\\/cropped-MEMURUN-SESI.png\",\"contentUrl\":\"https:\\\/\\\/memurunsesi.net\\\/wp-content\\\/uploads\\\/2025\\\/11\\\/cropped-MEMURUN-SESI.png\",\"width\":238,\"height\":57,\"caption\":\"Memurun Sesi\"},\"image\":{\"@id\":\"https:\\\/\\\/memurunsesi.net\\\/#\\\/schema\\\/logo\\\/image\\\/\"},\"sameAs\":[\"https:\\\/\\\/www.facebook.com\\\/unipersen\\\/?locale=tr_TR\",\"https:\\\/\\\/x.com\\\/unipersen\"]},{\"@type\":\"Person\",\"@id\":\"https:\\\/\\\/memurunsesi.net\\\/#\\\/schema\\\/person\\\/f21c2d73b89f6ee1d80b0a1803e38587\",\"name\":\"Memurun Sesi Haber Merkezi\",\"image\":{\"@type\":\"ImageObject\",\"inLanguage\":\"tr\",\"@id\":\"https:\\\/\\\/secure.gravatar.com\\\/avatar\\\/6cf0505f452ee753f485014986fab09a434671d2b919ee76fc541025c5876a70?s=96&d=mm&r=g\",\"url\":\"https:\\\/\\\/secure.gravatar.com\\\/avatar\\\/6cf0505f452ee753f485014986fab09a434671d2b919ee76fc541025c5876a70?s=96&d=mm&r=g\",\"contentUrl\":\"https:\\\/\\\/secure.gravatar.com\\\/avatar\\\/6cf0505f452ee753f485014986fab09a434671d2b919ee76fc541025c5876a70?s=96&d=mm&r=g\",\"caption\":\"Memurun Sesi Haber Merkezi\"},\"sameAs\":[\"https:\\\/\\\/memurunsesi.net\"],\"url\":\"https:\\\/\\\/memurunsesi.net\\\/index.php\\\/author\\\/uniper\\\/\"}]}<\/script>\n<!-- \/ Yoast SEO plugin. -->","yoast_head_json":{"title":"Ankara'da bebek, \u00e7\u00f6ken tavan s\u0131vas\u0131ndan saniyelerle kurtuldu - Memurun Sesi","robots":{"index":"index","follow":"follow","max-snippet":"max-snippet:-1","max-image-preview":"max-image-preview:large","max-video-preview":"max-video-preview:-1"},"canonical":"https:\/\/memurunsesi.net\/index.php\/2025\/07\/14\/ankarada-bebek-coken-tavan-sivasindan-saniyelerle-kurtuldu\/","og_locale":"tr_TR","og_type":"article","og_title":"Ankara'da bebek, \u00e7\u00f6ken tavan s\u0131vas\u0131ndan saniyelerle kurtuldu - Memurun Sesi","og_description":"Ankara&#8217;da bir apartman dairesinde bebek odas\u0131n\u0131n tavan s\u0131vas\u0131 d\u00fc\u015ft\u00fc. Bebek, babas\u0131 taraf\u0131ndan saniyelerle \u00f6l\u00fcmden kurtar\u0131ld\u0131. Olay, Ankara&#8217;n\u0131n Sincan il\u00e7esindeki Yenikent semtinde bir apartman dairesinde meydana geldi. Edinilen bilgilere g\u00f6re, 12 Temmuz Cumartesi saat 22.00&#8217;de, baba Ali Aslan 6 ayl\u0131k bebe\u011fini uyand\u0131ktan sonra kuca\u011f\u0131na ald\u0131. Aslan&#8217;\u0131n bebe\u011fini evin i\u00e7inde dola\u015ft\u0131rd\u0131\u011f\u0131 esnada bebek odas\u0131ndaki tavandan kopan par\u00e7alar [&hellip;]","og_url":"https:\/\/memurunsesi.net\/index.php\/2025\/07\/14\/ankarada-bebek-coken-tavan-sivasindan-saniyelerle-kurtuldu\/","og_site_name":"Memurun Sesi","article_publisher":"https:\/\/www.facebook.com\/unipersen\/?locale=tr_TR","article_published_time":"2025-07-14T11:31:51+00:00","og_image":[{"width":1600,"height":1200,"url":"https:\/\/memurunsesi.net\/wp-content\/uploads\/2025\/07\/AW496783_03.jpg","type":"image\/jpeg"}],"author":"Memurun Sesi Haber Merkezi","twitter_card":"summary_large_image","twitter_creator":"@unipersen","twitter_site":"@unipersen","twitter_misc":{"Yazan:":"Memurun Sesi Haber Merkezi","Tahmini okuma s\u00fcresi":"1 dakika"},"schema":{"@context":"https:\/\/schema.org","@graph":[{"@type":"Article","@id":"https:\/\/memurunsesi.net\/index.php\/2025\/07\/14\/ankarada-bebek-coken-tavan-sivasindan-saniyelerle-kurtuldu\/#article","isPartOf":{"@id":"https:\/\/memurunsesi.net\/index.php\/2025\/07\/14\/ankarada-bebek-coken-tavan-sivasindan-saniyelerle-kurtuldu\/"},"author":{"name":"Memurun Sesi Haber Merkezi","@id":"https:\/\/memurunsesi.net\/#\/schema\/person\/f21c2d73b89f6ee1d80b0a1803e38587"},"headline":"Ankara&#8217;da bebek, \u00e7\u00f6ken tavan s\u0131vas\u0131ndan saniyelerle kurtuldu","datePublished":"2025-07-14T11:31:51+00:00","mainEntityOfPage":{"@id":"https:\/\/memurunsesi.net\/index.php\/2025\/07\/14\/ankarada-bebek-coken-tavan-sivasindan-saniyelerle-kurtuldu\/"},"wordCount":264,"commentCount":0,"publisher":{"@id":"https:\/\/memurunsesi.net\/#organization"},"image":{"@id":"https:\/\/memurunsesi.net\/index.php\/2025\/07\/14\/ankarada-bebek-coken-tavan-sivasindan-saniyelerle-kurtuldu\/#primaryimage"},"thumbnailUrl":"https:\/\/memurunsesi.net\/wp-content\/uploads\/2025\/07\/AW496783_03.jpg","inLanguage":"tr","potentialAction":[{"@type":"CommentAction","name":"Comment","target":["https:\/\/memurunsesi.net\/index.php\/2025\/07\/14\/ankarada-bebek-coken-tavan-sivasindan-saniyelerle-kurtuldu\/#respond"]}]},{"@type":"WebPage","@id":"https:\/\/memurunsesi.net\/index.php\/2025\/07\/14\/ankarada-bebek-coken-tavan-sivasindan-saniyelerle-kurtuldu\/","url":"https:\/\/memurunsesi.net\/index.php\/2025\/07\/14\/ankarada-bebek-coken-tavan-sivasindan-saniyelerle-kurtuldu\/","name":"Ankara'da bebek, \u00e7\u00f6ken tavan s\u0131vas\u0131ndan saniyelerle kurtuldu - Memurun Sesi","isPartOf":{"@id":"https:\/\/memurunsesi.net\/#website"},"primaryImageOfPage":{"@id":"https:\/\/memurunsesi.net\/index.php\/2025\/07\/14\/ankarada-bebek-coken-tavan-sivasindan-saniyelerle-kurtuldu\/#primaryimage"},"image":{"@id":"https:\/\/memurunsesi.net\/index.php\/2025\/07\/14\/ankarada-bebek-coken-tavan-sivasindan-saniyelerle-kurtuldu\/#primaryimage"},"thumbnailUrl":"https:\/\/memurunsesi.net\/wp-content\/uploads\/2025\/07\/AW496783_03.jpg","datePublished":"2025-07-14T11:31:51+00:00","breadcrumb":{"@id":"https:\/\/memurunsesi.net\/index.php\/2025\/07\/14\/ankarada-bebek-coken-tavan-sivasindan-saniyelerle-kurtuldu\/#breadcrumb"},"inLanguage":"tr","potentialAction":[{"@type":"ReadAction","target":["https:\/\/memurunsesi.net\/index.php\/2025\/07\/14\/ankarada-bebek-coken-tavan-sivasindan-saniyelerle-kurtuldu\/"]}]},{"@type":"ImageObject","inLanguage":"tr","@id":"https:\/\/memurunsesi.net\/index.php\/2025\/07\/14\/ankarada-bebek-coken-tavan-sivasindan-saniyelerle-kurtuldu\/#primaryimage","url":"https:\/\/memurunsesi.net\/wp-content\/uploads\/2025\/07\/AW496783_03.jpg","contentUrl":"https:\/\/memurunsesi.net\/wp-content\/uploads\/2025\/07\/AW496783_03.jpg","width":1600,"height":1200,"caption":"ANKARA'DA B\u0130R APARTMAN DA\u0130RES\u0130NDE BEBEK ODASININ TAVAN SIVASI D\u00dc\u015eT\u00dc. BEBEK, BABASI TARAFINDAN SAN\u0130YELERLE \u00d6L\u00dcMDEN KURTARILDI. (G\u00dcL\u00c7\u0130N KAZANCI\/ANKARA-\u0130HA) Ankara'da bir apartman dairesinde bebek odas\u0131n\u0131n tavan s\u0131vas\u0131 d\u00fc\u015ft\u00fc. Bebek, babas\u0131 taraf\u0131ndan saniyelerle \u00f6l\u00fcmden kurtar\u0131ld\u0131."},{"@type":"BreadcrumbList","@id":"https:\/\/memurunsesi.net\/index.php\/2025\/07\/14\/ankarada-bebek-coken-tavan-sivasindan-saniyelerle-kurtuldu\/#breadcrumb","itemListElement":[{"@type":"ListItem","position":1,"name":"Anasayfa","item":"https:\/\/memurunsesi.net\/"},{"@type":"ListItem","position":2,"name":"Ankara&#8217;da bebek, \u00e7\u00f6ken tavan s\u0131vas\u0131ndan saniyelerle kurtuldu"}]},{"@type":"WebSite","@id":"https:\/\/memurunsesi.net\/#website","url":"https:\/\/memurunsesi.net\/","name":"Memurun Sesi","description":"G\u00fcncel ve Do\u011fru Haber","publisher":{"@id":"https:\/\/memurunsesi.net\/#organization"},"potentialAction":[{"@type":"SearchAction","target":{"@type":"EntryPoint","urlTemplate":"https:\/\/memurunsesi.net\/?s={search_term_string}"},"query-input":{"@type":"PropertyValueSpecification","valueRequired":true,"valueName":"search_term_string"}}],"inLanguage":"tr"},{"@type":"Organization","@id":"https:\/\/memurunsesi.net\/#organization","name":"Memurun Sesi","url":"https:\/\/memurunsesi.net\/","logo":{"@type":"ImageObject","inLanguage":"tr","@id":"https:\/\/memurunsesi.net\/#\/schema\/logo\/image\/","url":"https:\/\/memurunsesi.net\/wp-content\/uploads\/2025\/11\/cropped-MEMURUN-SESI.png","contentUrl":"https:\/\/memurunsesi.net\/wp-content\/uploads\/2025\/11\/cropped-MEMURUN-SESI.png","width":238,"height":57,"caption":"Memurun Sesi"},"image":{"@id":"https:\/\/memurunsesi.net\/#\/schema\/logo\/image\/"},"sameAs":["https:\/\/www.facebook.com\/unipersen\/?locale=tr_TR","https:\/\/x.com\/unipersen"]},{"@type":"Person","@id":"https:\/\/memurunsesi.net\/#\/schema\/person\/f21c2d73b89f6ee1d80b0a1803e38587","name":"Memurun Sesi Haber Merkezi","image":{"@type":"ImageObject","inLanguage":"tr","@id":"https:\/\/secure.gravatar.com\/avatar\/6cf0505f452ee753f485014986fab09a434671d2b919ee76fc541025c5876a70?s=96&d=mm&r=g","url":"https:\/\/secure.gravatar.com\/avatar\/6cf0505f452ee753f485014986fab09a434671d2b919ee76fc541025c5876a70?s=96&d=mm&r=g","contentUrl":"https:\/\/secure.gravatar.com\/avatar\/6cf0505f452ee753f485014986fab09a434671d2b919ee76fc541025c5876a70?s=96&d=mm&r=g","caption":"Memurun Sesi Haber Merkezi"},"sameAs":["https:\/\/memurunsesi.net"],"url":"https:\/\/memurunsesi.net\/index.php\/author\/uniper\/"}]}},"_links":{"self":[{"href":"https:\/\/memurunsesi.net\/index.php\/wp-json\/wp\/v2\/posts\/9315","targetHints":{"allow":["GET"]}}],"collection":[{"href":"https:\/\/memurunsesi.net\/index.php\/wp-json\/wp\/v2\/posts"}],"about":[{"href":"https:\/\/memurunsesi.net\/index.php\/wp-json\/wp\/v2\/types\/post"}],"author":[{"embeddable":true,"href":"https:\/\/memurunsesi.net\/index.php\/wp-json\/wp\/v2\/users\/1"}],"replies":[{"embeddable":true,"href":"https:\/\/memurunsesi.net\/index.php\/wp-json\/wp\/v2\/comments?post=9315"}],"version-history":[{"count":1,"href":"https:\/\/memurunsesi.net\/index.php\/wp-json\/wp\/v2\/posts\/9315\/revisions"}],"predecessor-version":[{"id":9317,"href":"https:\/\/memurunsesi.net\/index.php\/wp-json\/wp\/v2\/posts\/9315\/revisions\/9317"}],"wp:featuredmedia":[{"embeddable":true,"href":"https:\/\/memurunsesi.net\/index.php\/wp-json\/wp\/v2\/media\/9316"}],"wp:attachment":[{"href":"https:\/\/memurunsesi.net\/index.php\/wp-json\/wp\/v2\/media?parent=9315"}],"wp:term":[{"taxonomy":"category","embeddable":true,"href":"https:\/\/memurunsesi.net\/index.php\/wp-json\/wp\/v2\/categories?post=9315"},{"taxonomy":"post_tag","embeddable":true,"href":"https:\/\/memurunsesi.net\/index.php\/wp-json\/wp\/v2\/tags?post=9315"}],"curies":[{"name":"wp","href":"https:\/\/api.w.org\/{rel}","templated":true}]}}