{"id":9318,"date":"2025-07-14T14:33:36","date_gmt":"2025-07-14T11:33:36","guid":{"rendered":"https:\/\/memurunsesi.net\/?p=9318"},"modified":"2025-07-14T14:33:36","modified_gmt":"2025-07-14T11:33:36","slug":"balya-makinesinden-cikan-yangin-40-donum-tarim-arazisini-kule-cevirdi","status":"publish","type":"post","link":"https:\/\/memurunsesi.net\/index.php\/2025\/07\/14\/balya-makinesinden-cikan-yangin-40-donum-tarim-arazisini-kule-cevirdi\/","title":{"rendered":"Balya makinesinden \u00e7\u0131kan yang\u0131n 40 d\u00f6n\u00fcm tar\u0131m arazisini kule \u00e7evirdi"},"content":{"rendered":"<p>   Kastamonu\u2019da balya makinesinden kaynakl\u0131 \u00e7\u0131kan yang\u0131n\u0131nda 25\u2019i ekili olmak \u00fczere 40 d\u00f6n\u00fcm tar\u0131m arazisi ve balyalar zarar g\u00f6rd\u00fc.<br \/>\nOlay, Merkez il\u00e7eye ba\u011fl\u0131 Ortabo\u011faz k\u00f6y\u00fc mevkiinde meydana geldi. Edinilen bilgiye g\u00f6re tarlada balya yap\u0131m s\u0131ras\u0131nda makineden kaynakl\u0131 yang\u0131n \u00e7\u0131kt\u0131. K\u0131sa s\u00fcrede b\u00fcy\u00fcyen yang\u0131n b\u00f6lgedeki tarlalar\u0131 sard\u0131. Yang\u0131n\u0131 g\u00f6ren vatanda\u015flar durumu 112 Acil \u00c7a\u011fr\u0131 Merkezine bildirdi. \u0130hbar \u00fczerine olay yerine \u00e7ok say\u0131da itfaiye ve orman ekibi sevk edildi. Yang\u0131n ekiplerin m\u00fcdahalesiyle k\u0131sa s\u00fcrede kontrol alt\u0131na al\u0131narak s\u00f6nd\u00fcr\u00fcld\u00fc.<br \/>\n  Yang\u0131nda 25\u2019i ekili olmak \u00fczere toplam 40 d\u00f6n\u00fcm tar\u0131m arazisi zarar g\u00f6rd\u00fc. Tarlalarda bulunan balyalar ise k\u00fcle d\u00f6nd\u00fc.<br \/>\n  Yang\u0131nla ilgili inceleme ba\u015flat\u0131ld\u0131. <\/p>\n<p>14.07.2025                                <\/p>\n","protected":false},"excerpt":{"rendered":"<p>Kastamonu\u2019da balya makinesinden kaynakl\u0131 \u00e7\u0131kan yang\u0131n\u0131nda 25\u2019i ekili olmak \u00fczere 40 d\u00f6n\u00fcm tar\u0131m arazisi ve balyalar zarar g\u00f6rd\u00fc. Olay, Merkez il\u00e7eye ba\u011fl\u0131 Ortabo\u011faz k\u00f6y\u00fc mevkiinde meydana geldi. Edinilen bilgiye g\u00f6re tarlada balya yap\u0131m s\u0131ras\u0131nda makineden kaynakl\u0131 yang\u0131n \u00e7\u0131kt\u0131. K\u0131sa s\u00fcrede b\u00fcy\u00fcyen yang\u0131n b\u00f6lgedeki tarlalar\u0131 sard\u0131. Yang\u0131n\u0131 g\u00f6ren vatanda\u015flar durumu 112 Acil \u00c7a\u011fr\u0131 Merkezine bildirdi. \u0130hbar [&hellip;]<\/p>\n","protected":false},"author":1,"featured_media":9319,"comment_status":"open","ping_status":"open","sticky":false,"template":"","format":"standard","meta":{"footnotes":""},"categories":[1],"tags":[],"class_list":["post-9318","post","type-post","status-publish","format-standard","has-post-thumbnail","hentry","category-genel"],"yoast_head":"<!-- This site is optimized with the Yoast SEO plugin v27.4 - https:\/\/yoast.com\/product\/yoast-seo-wordpress\/ -->\n<title>Balya makinesinden \u00e7\u0131kan yang\u0131n 40 d\u00f6n\u00fcm tar\u0131m arazisini kule \u00e7evirdi - Memurun Sesi<\/title>\n<meta name=\"robots\" content=\"index, follow, max-snippet:-1, max-image-preview:large, max-video-preview:-1\" \/>\n<link rel=\"canonical\" href=\"https:\/\/memurunsesi.net\/index.php\/2025\/07\/14\/balya-makinesinden-cikan-yangin-40-donum-tarim-arazisini-kule-cevirdi\/\" \/>\n<meta property=\"og:locale\" content=\"tr_TR\" \/>\n<meta property=\"og:type\" content=\"article\" \/>\n<meta property=\"og:title\" content=\"Balya makinesinden \u00e7\u0131kan yang\u0131n 40 d\u00f6n\u00fcm tar\u0131m arazisini kule \u00e7evirdi - Memurun Sesi\" \/>\n<meta property=\"og:description\" content=\"Kastamonu\u2019da balya makinesinden kaynakl\u0131 \u00e7\u0131kan yang\u0131n\u0131nda 25\u2019i ekili olmak \u00fczere 40 d\u00f6n\u00fcm tar\u0131m arazisi ve balyalar zarar g\u00f6rd\u00fc. Olay, Merkez il\u00e7eye ba\u011fl\u0131 Ortabo\u011faz k\u00f6y\u00fc mevkiinde meydana geldi. Edinilen bilgiye g\u00f6re tarlada balya yap\u0131m s\u0131ras\u0131nda makineden kaynakl\u0131 yang\u0131n \u00e7\u0131kt\u0131. K\u0131sa s\u00fcrede b\u00fcy\u00fcyen yang\u0131n b\u00f6lgedeki tarlalar\u0131 sard\u0131. Yang\u0131n\u0131 g\u00f6ren vatanda\u015flar durumu 112 Acil \u00c7a\u011fr\u0131 Merkezine bildirdi. \u0130hbar [&hellip;]\" \/>\n<meta property=\"og:url\" content=\"https:\/\/memurunsesi.net\/index.php\/2025\/07\/14\/balya-makinesinden-cikan-yangin-40-donum-tarim-arazisini-kule-cevirdi\/\" \/>\n<meta property=\"og:site_name\" content=\"Memurun Sesi\" \/>\n<meta property=\"article:publisher\" content=\"https:\/\/www.facebook.com\/unipersen\/?locale=tr_TR\" \/>\n<meta property=\"article:published_time\" content=\"2025-07-14T11:33:36+00:00\" \/>\n<meta property=\"og:image\" content=\"https:\/\/memurunsesi.net\/wp-content\/uploads\/2025\/07\/AW496777_01-scaled.jpg\" \/>\n\t<meta property=\"og:image:width\" content=\"2560\" \/>\n\t<meta property=\"og:image:height\" content=\"1920\" \/>\n\t<meta property=\"og:image:type\" content=\"image\/jpeg\" \/>\n<meta name=\"author\" content=\"Memurun Sesi Haber Merkezi\" \/>\n<meta name=\"twitter:card\" content=\"summary_large_image\" \/>\n<meta name=\"twitter:creator\" content=\"@unipersen\" \/>\n<meta name=\"twitter:site\" content=\"@unipersen\" \/>\n<meta name=\"twitter:label1\" content=\"Yazan:\" \/>\n\t<meta name=\"twitter:data1\" content=\"Memurun Sesi Haber Merkezi\" \/>\n\t<meta name=\"twitter:label2\" content=\"Tahmini okuma s\u00fcresi\" \/>\n\t<meta name=\"twitter:data2\" content=\"1 dakika\" \/>\n<script type=\"application\/ld+json\" class=\"yoast-schema-graph\">{\"@context\":\"https:\\\/\\\/schema.org\",\"@graph\":[{\"@type\":\"Article\",\"@id\":\"https:\\\/\\\/memurunsesi.net\\\/index.php\\\/2025\\\/07\\\/14\\\/balya-makinesinden-cikan-yangin-40-donum-tarim-arazisini-kule-cevirdi\\\/#article\",\"isPartOf\":{\"@id\":\"https:\\\/\\\/memurunsesi.net\\\/index.php\\\/2025\\\/07\\\/14\\\/balya-makinesinden-cikan-yangin-40-donum-tarim-arazisini-kule-cevirdi\\\/\"},\"author\":{\"name\":\"Memurun Sesi Haber Merkezi\",\"@id\":\"https:\\\/\\\/memurunsesi.net\\\/#\\\/schema\\\/person\\\/f21c2d73b89f6ee1d80b0a1803e38587\"},\"headline\":\"Balya makinesinden \u00e7\u0131kan yang\u0131n 40 d\u00f6n\u00fcm tar\u0131m arazisini kule \u00e7evirdi\",\"datePublished\":\"2025-07-14T11:33:36+00:00\",\"mainEntityOfPage\":{\"@id\":\"https:\\\/\\\/memurunsesi.net\\\/index.php\\\/2025\\\/07\\\/14\\\/balya-makinesinden-cikan-yangin-40-donum-tarim-arazisini-kule-cevirdi\\\/\"},\"wordCount\":153,\"commentCount\":0,\"publisher\":{\"@id\":\"https:\\\/\\\/memurunsesi.net\\\/#organization\"},\"image\":{\"@id\":\"https:\\\/\\\/memurunsesi.net\\\/index.php\\\/2025\\\/07\\\/14\\\/balya-makinesinden-cikan-yangin-40-donum-tarim-arazisini-kule-cevirdi\\\/#primaryimage\"},\"thumbnailUrl\":\"https:\\\/\\\/memurunsesi.net\\\/wp-content\\\/uploads\\\/2025\\\/07\\\/AW496777_01-scaled.jpg\",\"inLanguage\":\"tr\",\"potentialAction\":[{\"@type\":\"CommentAction\",\"name\":\"Comment\",\"target\":[\"https:\\\/\\\/memurunsesi.net\\\/index.php\\\/2025\\\/07\\\/14\\\/balya-makinesinden-cikan-yangin-40-donum-tarim-arazisini-kule-cevirdi\\\/#respond\"]}]},{\"@type\":\"WebPage\",\"@id\":\"https:\\\/\\\/memurunsesi.net\\\/index.php\\\/2025\\\/07\\\/14\\\/balya-makinesinden-cikan-yangin-40-donum-tarim-arazisini-kule-cevirdi\\\/\",\"url\":\"https:\\\/\\\/memurunsesi.net\\\/index.php\\\/2025\\\/07\\\/14\\\/balya-makinesinden-cikan-yangin-40-donum-tarim-arazisini-kule-cevirdi\\\/\",\"name\":\"Balya makinesinden \u00e7\u0131kan yang\u0131n 40 d\u00f6n\u00fcm tar\u0131m arazisini kule \u00e7evirdi - Memurun Sesi\",\"isPartOf\":{\"@id\":\"https:\\\/\\\/memurunsesi.net\\\/#website\"},\"primaryImageOfPage\":{\"@id\":\"https:\\\/\\\/memurunsesi.net\\\/index.php\\\/2025\\\/07\\\/14\\\/balya-makinesinden-cikan-yangin-40-donum-tarim-arazisini-kule-cevirdi\\\/#primaryimage\"},\"image\":{\"@id\":\"https:\\\/\\\/memurunsesi.net\\\/index.php\\\/2025\\\/07\\\/14\\\/balya-makinesinden-cikan-yangin-40-donum-tarim-arazisini-kule-cevirdi\\\/#primaryimage\"},\"thumbnailUrl\":\"https:\\\/\\\/memurunsesi.net\\\/wp-content\\\/uploads\\\/2025\\\/07\\\/AW496777_01-scaled.jpg\",\"datePublished\":\"2025-07-14T11:33:36+00:00\",\"breadcrumb\":{\"@id\":\"https:\\\/\\\/memurunsesi.net\\\/index.php\\\/2025\\\/07\\\/14\\\/balya-makinesinden-cikan-yangin-40-donum-tarim-arazisini-kule-cevirdi\\\/#breadcrumb\"},\"inLanguage\":\"tr\",\"potentialAction\":[{\"@type\":\"ReadAction\",\"target\":[\"https:\\\/\\\/memurunsesi.net\\\/index.php\\\/2025\\\/07\\\/14\\\/balya-makinesinden-cikan-yangin-40-donum-tarim-arazisini-kule-cevirdi\\\/\"]}]},{\"@type\":\"ImageObject\",\"inLanguage\":\"tr\",\"@id\":\"https:\\\/\\\/memurunsesi.net\\\/index.php\\\/2025\\\/07\\\/14\\\/balya-makinesinden-cikan-yangin-40-donum-tarim-arazisini-kule-cevirdi\\\/#primaryimage\",\"url\":\"https:\\\/\\\/memurunsesi.net\\\/wp-content\\\/uploads\\\/2025\\\/07\\\/AW496777_01-scaled.jpg\",\"contentUrl\":\"https:\\\/\\\/memurunsesi.net\\\/wp-content\\\/uploads\\\/2025\\\/07\\\/AW496777_01-scaled.jpg\",\"width\":2560,\"height\":1920,\"caption\":\"KASTAMONU'DA BALYA MAK\u0130NES\u0130NDEN KAYNAKLI \u00c7IKAN YANGININDA 25'\u0130 EK\u0130L\u0130 OLMAK \u00dcZERE 40 D\u00d6N\u00dcM TARIM ARAZ\u0130S\u0130 VE BALYALAR ZARAR G\u00d6RD\u00dc. (MURAT KANBER\\\/KASTAMONU-\u0130HA) Kastamonu'da balya makinesinden kaynakl\u0131 \u00e7\u0131kan yang\u0131n\u0131nda 25'i ekili olmak \u00fczere 40 d\u00f6n\u00fcm tar\u0131m arazisi ve balyalar zarar g\u00f6rd\u00fc.\"},{\"@type\":\"BreadcrumbList\",\"@id\":\"https:\\\/\\\/memurunsesi.net\\\/index.php\\\/2025\\\/07\\\/14\\\/balya-makinesinden-cikan-yangin-40-donum-tarim-arazisini-kule-cevirdi\\\/#breadcrumb\",\"itemListElement\":[{\"@type\":\"ListItem\",\"position\":1,\"name\":\"Anasayfa\",\"item\":\"https:\\\/\\\/memurunsesi.net\\\/\"},{\"@type\":\"ListItem\",\"position\":2,\"name\":\"Balya makinesinden \u00e7\u0131kan yang\u0131n 40 d\u00f6n\u00fcm tar\u0131m arazisini kule \u00e7evirdi\"}]},{\"@type\":\"WebSite\",\"@id\":\"https:\\\/\\\/memurunsesi.net\\\/#website\",\"url\":\"https:\\\/\\\/memurunsesi.net\\\/\",\"name\":\"Memurun Sesi\",\"description\":\"G\u00fcncel ve Do\u011fru Haber\",\"publisher\":{\"@id\":\"https:\\\/\\\/memurunsesi.net\\\/#organization\"},\"potentialAction\":[{\"@type\":\"SearchAction\",\"target\":{\"@type\":\"EntryPoint\",\"urlTemplate\":\"https:\\\/\\\/memurunsesi.net\\\/?s={search_term_string}\"},\"query-input\":{\"@type\":\"PropertyValueSpecification\",\"valueRequired\":true,\"valueName\":\"search_term_string\"}}],\"inLanguage\":\"tr\"},{\"@type\":\"Organization\",\"@id\":\"https:\\\/\\\/memurunsesi.net\\\/#organization\",\"name\":\"Memurun Sesi\",\"url\":\"https:\\\/\\\/memurunsesi.net\\\/\",\"logo\":{\"@type\":\"ImageObject\",\"inLanguage\":\"tr\",\"@id\":\"https:\\\/\\\/memurunsesi.net\\\/#\\\/schema\\\/logo\\\/image\\\/\",\"url\":\"https:\\\/\\\/memurunsesi.net\\\/wp-content\\\/uploads\\\/2025\\\/11\\\/cropped-MEMURUN-SESI.png\",\"contentUrl\":\"https:\\\/\\\/memurunsesi.net\\\/wp-content\\\/uploads\\\/2025\\\/11\\\/cropped-MEMURUN-SESI.png\",\"width\":238,\"height\":57,\"caption\":\"Memurun Sesi\"},\"image\":{\"@id\":\"https:\\\/\\\/memurunsesi.net\\\/#\\\/schema\\\/logo\\\/image\\\/\"},\"sameAs\":[\"https:\\\/\\\/www.facebook.com\\\/unipersen\\\/?locale=tr_TR\",\"https:\\\/\\\/x.com\\\/unipersen\"]},{\"@type\":\"Person\",\"@id\":\"https:\\\/\\\/memurunsesi.net\\\/#\\\/schema\\\/person\\\/f21c2d73b89f6ee1d80b0a1803e38587\",\"name\":\"Memurun Sesi Haber Merkezi\",\"image\":{\"@type\":\"ImageObject\",\"inLanguage\":\"tr\",\"@id\":\"https:\\\/\\\/secure.gravatar.com\\\/avatar\\\/6cf0505f452ee753f485014986fab09a434671d2b919ee76fc541025c5876a70?s=96&d=mm&r=g\",\"url\":\"https:\\\/\\\/secure.gravatar.com\\\/avatar\\\/6cf0505f452ee753f485014986fab09a434671d2b919ee76fc541025c5876a70?s=96&d=mm&r=g\",\"contentUrl\":\"https:\\\/\\\/secure.gravatar.com\\\/avatar\\\/6cf0505f452ee753f485014986fab09a434671d2b919ee76fc541025c5876a70?s=96&d=mm&r=g\",\"caption\":\"Memurun Sesi Haber Merkezi\"},\"sameAs\":[\"https:\\\/\\\/memurunsesi.net\"],\"url\":\"https:\\\/\\\/memurunsesi.net\\\/index.php\\\/author\\\/uniper\\\/\"}]}<\/script>\n<!-- \/ Yoast SEO plugin. -->","yoast_head_json":{"title":"Balya makinesinden \u00e7\u0131kan yang\u0131n 40 d\u00f6n\u00fcm tar\u0131m arazisini kule \u00e7evirdi - Memurun Sesi","robots":{"index":"index","follow":"follow","max-snippet":"max-snippet:-1","max-image-preview":"max-image-preview:large","max-video-preview":"max-video-preview:-1"},"canonical":"https:\/\/memurunsesi.net\/index.php\/2025\/07\/14\/balya-makinesinden-cikan-yangin-40-donum-tarim-arazisini-kule-cevirdi\/","og_locale":"tr_TR","og_type":"article","og_title":"Balya makinesinden \u00e7\u0131kan yang\u0131n 40 d\u00f6n\u00fcm tar\u0131m arazisini kule \u00e7evirdi - Memurun Sesi","og_description":"Kastamonu\u2019da balya makinesinden kaynakl\u0131 \u00e7\u0131kan yang\u0131n\u0131nda 25\u2019i ekili olmak \u00fczere 40 d\u00f6n\u00fcm tar\u0131m arazisi ve balyalar zarar g\u00f6rd\u00fc. Olay, Merkez il\u00e7eye ba\u011fl\u0131 Ortabo\u011faz k\u00f6y\u00fc mevkiinde meydana geldi. Edinilen bilgiye g\u00f6re tarlada balya yap\u0131m s\u0131ras\u0131nda makineden kaynakl\u0131 yang\u0131n \u00e7\u0131kt\u0131. K\u0131sa s\u00fcrede b\u00fcy\u00fcyen yang\u0131n b\u00f6lgedeki tarlalar\u0131 sard\u0131. Yang\u0131n\u0131 g\u00f6ren vatanda\u015flar durumu 112 Acil \u00c7a\u011fr\u0131 Merkezine bildirdi. \u0130hbar [&hellip;]","og_url":"https:\/\/memurunsesi.net\/index.php\/2025\/07\/14\/balya-makinesinden-cikan-yangin-40-donum-tarim-arazisini-kule-cevirdi\/","og_site_name":"Memurun Sesi","article_publisher":"https:\/\/www.facebook.com\/unipersen\/?locale=tr_TR","article_published_time":"2025-07-14T11:33:36+00:00","og_image":[{"width":2560,"height":1920,"url":"https:\/\/memurunsesi.net\/wp-content\/uploads\/2025\/07\/AW496777_01-scaled.jpg","type":"image\/jpeg"}],"author":"Memurun Sesi Haber Merkezi","twitter_card":"summary_large_image","twitter_creator":"@unipersen","twitter_site":"@unipersen","twitter_misc":{"Yazan:":"Memurun Sesi Haber Merkezi","Tahmini okuma s\u00fcresi":"1 dakika"},"schema":{"@context":"https:\/\/schema.org","@graph":[{"@type":"Article","@id":"https:\/\/memurunsesi.net\/index.php\/2025\/07\/14\/balya-makinesinden-cikan-yangin-40-donum-tarim-arazisini-kule-cevirdi\/#article","isPartOf":{"@id":"https:\/\/memurunsesi.net\/index.php\/2025\/07\/14\/balya-makinesinden-cikan-yangin-40-donum-tarim-arazisini-kule-cevirdi\/"},"author":{"name":"Memurun Sesi Haber Merkezi","@id":"https:\/\/memurunsesi.net\/#\/schema\/person\/f21c2d73b89f6ee1d80b0a1803e38587"},"headline":"Balya makinesinden \u00e7\u0131kan yang\u0131n 40 d\u00f6n\u00fcm tar\u0131m arazisini kule \u00e7evirdi","datePublished":"2025-07-14T11:33:36+00:00","mainEntityOfPage":{"@id":"https:\/\/memurunsesi.net\/index.php\/2025\/07\/14\/balya-makinesinden-cikan-yangin-40-donum-tarim-arazisini-kule-cevirdi\/"},"wordCount":153,"commentCount":0,"publisher":{"@id":"https:\/\/memurunsesi.net\/#organization"},"image":{"@id":"https:\/\/memurunsesi.net\/index.php\/2025\/07\/14\/balya-makinesinden-cikan-yangin-40-donum-tarim-arazisini-kule-cevirdi\/#primaryimage"},"thumbnailUrl":"https:\/\/memurunsesi.net\/wp-content\/uploads\/2025\/07\/AW496777_01-scaled.jpg","inLanguage":"tr","potentialAction":[{"@type":"CommentAction","name":"Comment","target":["https:\/\/memurunsesi.net\/index.php\/2025\/07\/14\/balya-makinesinden-cikan-yangin-40-donum-tarim-arazisini-kule-cevirdi\/#respond"]}]},{"@type":"WebPage","@id":"https:\/\/memurunsesi.net\/index.php\/2025\/07\/14\/balya-makinesinden-cikan-yangin-40-donum-tarim-arazisini-kule-cevirdi\/","url":"https:\/\/memurunsesi.net\/index.php\/2025\/07\/14\/balya-makinesinden-cikan-yangin-40-donum-tarim-arazisini-kule-cevirdi\/","name":"Balya makinesinden \u00e7\u0131kan yang\u0131n 40 d\u00f6n\u00fcm tar\u0131m arazisini kule \u00e7evirdi - Memurun Sesi","isPartOf":{"@id":"https:\/\/memurunsesi.net\/#website"},"primaryImageOfPage":{"@id":"https:\/\/memurunsesi.net\/index.php\/2025\/07\/14\/balya-makinesinden-cikan-yangin-40-donum-tarim-arazisini-kule-cevirdi\/#primaryimage"},"image":{"@id":"https:\/\/memurunsesi.net\/index.php\/2025\/07\/14\/balya-makinesinden-cikan-yangin-40-donum-tarim-arazisini-kule-cevirdi\/#primaryimage"},"thumbnailUrl":"https:\/\/memurunsesi.net\/wp-content\/uploads\/2025\/07\/AW496777_01-scaled.jpg","datePublished":"2025-07-14T11:33:36+00:00","breadcrumb":{"@id":"https:\/\/memurunsesi.net\/index.php\/2025\/07\/14\/balya-makinesinden-cikan-yangin-40-donum-tarim-arazisini-kule-cevirdi\/#breadcrumb"},"inLanguage":"tr","potentialAction":[{"@type":"ReadAction","target":["https:\/\/memurunsesi.net\/index.php\/2025\/07\/14\/balya-makinesinden-cikan-yangin-40-donum-tarim-arazisini-kule-cevirdi\/"]}]},{"@type":"ImageObject","inLanguage":"tr","@id":"https:\/\/memurunsesi.net\/index.php\/2025\/07\/14\/balya-makinesinden-cikan-yangin-40-donum-tarim-arazisini-kule-cevirdi\/#primaryimage","url":"https:\/\/memurunsesi.net\/wp-content\/uploads\/2025\/07\/AW496777_01-scaled.jpg","contentUrl":"https:\/\/memurunsesi.net\/wp-content\/uploads\/2025\/07\/AW496777_01-scaled.jpg","width":2560,"height":1920,"caption":"KASTAMONU'DA BALYA MAK\u0130NES\u0130NDEN KAYNAKLI \u00c7IKAN YANGININDA 25'\u0130 EK\u0130L\u0130 OLMAK \u00dcZERE 40 D\u00d6N\u00dcM TARIM ARAZ\u0130S\u0130 VE BALYALAR ZARAR G\u00d6RD\u00dc. (MURAT KANBER\/KASTAMONU-\u0130HA) Kastamonu'da balya makinesinden kaynakl\u0131 \u00e7\u0131kan yang\u0131n\u0131nda 25'i ekili olmak \u00fczere 40 d\u00f6n\u00fcm tar\u0131m arazisi ve balyalar zarar g\u00f6rd\u00fc."},{"@type":"BreadcrumbList","@id":"https:\/\/memurunsesi.net\/index.php\/2025\/07\/14\/balya-makinesinden-cikan-yangin-40-donum-tarim-arazisini-kule-cevirdi\/#breadcrumb","itemListElement":[{"@type":"ListItem","position":1,"name":"Anasayfa","item":"https:\/\/memurunsesi.net\/"},{"@type":"ListItem","position":2,"name":"Balya makinesinden \u00e7\u0131kan yang\u0131n 40 d\u00f6n\u00fcm tar\u0131m arazisini kule \u00e7evirdi"}]},{"@type":"WebSite","@id":"https:\/\/memurunsesi.net\/#website","url":"https:\/\/memurunsesi.net\/","name":"Memurun Sesi","description":"G\u00fcncel ve Do\u011fru Haber","publisher":{"@id":"https:\/\/memurunsesi.net\/#organization"},"potentialAction":[{"@type":"SearchAction","target":{"@type":"EntryPoint","urlTemplate":"https:\/\/memurunsesi.net\/?s={search_term_string}"},"query-input":{"@type":"PropertyValueSpecification","valueRequired":true,"valueName":"search_term_string"}}],"inLanguage":"tr"},{"@type":"Organization","@id":"https:\/\/memurunsesi.net\/#organization","name":"Memurun Sesi","url":"https:\/\/memurunsesi.net\/","logo":{"@type":"ImageObject","inLanguage":"tr","@id":"https:\/\/memurunsesi.net\/#\/schema\/logo\/image\/","url":"https:\/\/memurunsesi.net\/wp-content\/uploads\/2025\/11\/cropped-MEMURUN-SESI.png","contentUrl":"https:\/\/memurunsesi.net\/wp-content\/uploads\/2025\/11\/cropped-MEMURUN-SESI.png","width":238,"height":57,"caption":"Memurun Sesi"},"image":{"@id":"https:\/\/memurunsesi.net\/#\/schema\/logo\/image\/"},"sameAs":["https:\/\/www.facebook.com\/unipersen\/?locale=tr_TR","https:\/\/x.com\/unipersen"]},{"@type":"Person","@id":"https:\/\/memurunsesi.net\/#\/schema\/person\/f21c2d73b89f6ee1d80b0a1803e38587","name":"Memurun Sesi Haber Merkezi","image":{"@type":"ImageObject","inLanguage":"tr","@id":"https:\/\/secure.gravatar.com\/avatar\/6cf0505f452ee753f485014986fab09a434671d2b919ee76fc541025c5876a70?s=96&d=mm&r=g","url":"https:\/\/secure.gravatar.com\/avatar\/6cf0505f452ee753f485014986fab09a434671d2b919ee76fc541025c5876a70?s=96&d=mm&r=g","contentUrl":"https:\/\/secure.gravatar.com\/avatar\/6cf0505f452ee753f485014986fab09a434671d2b919ee76fc541025c5876a70?s=96&d=mm&r=g","caption":"Memurun Sesi Haber Merkezi"},"sameAs":["https:\/\/memurunsesi.net"],"url":"https:\/\/memurunsesi.net\/index.php\/author\/uniper\/"}]}},"_links":{"self":[{"href":"https:\/\/memurunsesi.net\/index.php\/wp-json\/wp\/v2\/posts\/9318","targetHints":{"allow":["GET"]}}],"collection":[{"href":"https:\/\/memurunsesi.net\/index.php\/wp-json\/wp\/v2\/posts"}],"about":[{"href":"https:\/\/memurunsesi.net\/index.php\/wp-json\/wp\/v2\/types\/post"}],"author":[{"embeddable":true,"href":"https:\/\/memurunsesi.net\/index.php\/wp-json\/wp\/v2\/users\/1"}],"replies":[{"embeddable":true,"href":"https:\/\/memurunsesi.net\/index.php\/wp-json\/wp\/v2\/comments?post=9318"}],"version-history":[{"count":1,"href":"https:\/\/memurunsesi.net\/index.php\/wp-json\/wp\/v2\/posts\/9318\/revisions"}],"predecessor-version":[{"id":9320,"href":"https:\/\/memurunsesi.net\/index.php\/wp-json\/wp\/v2\/posts\/9318\/revisions\/9320"}],"wp:featuredmedia":[{"embeddable":true,"href":"https:\/\/memurunsesi.net\/index.php\/wp-json\/wp\/v2\/media\/9319"}],"wp:attachment":[{"href":"https:\/\/memurunsesi.net\/index.php\/wp-json\/wp\/v2\/media?parent=9318"}],"wp:term":[{"taxonomy":"category","embeddable":true,"href":"https:\/\/memurunsesi.net\/index.php\/wp-json\/wp\/v2\/categories?post=9318"},{"taxonomy":"post_tag","embeddable":true,"href":"https:\/\/memurunsesi.net\/index.php\/wp-json\/wp\/v2\/tags?post=9318"}],"curies":[{"name":"wp","href":"https:\/\/api.w.org\/{rel}","templated":true}]}}