{"id":9321,"date":"2025-07-14T14:35:59","date_gmt":"2025-07-14T11:35:59","guid":{"rendered":"https:\/\/memurunsesi.net\/?p=9321"},"modified":"2025-07-14T14:35:59","modified_gmt":"2025-07-14T11:35:59","slug":"tubitak-sanayide-yesil-donusum-cagrisi-sonuclari-aciklandi","status":"publish","type":"post","link":"https:\/\/memurunsesi.net\/index.php\/2025\/07\/14\/tubitak-sanayide-yesil-donusum-cagrisi-sonuclari-aciklandi\/","title":{"rendered":"T\u00dcB\u0130TAK Sanayide Ye\u015fil D\u00f6n\u00fc\u015f\u00fcm \u00c7a\u011fr\u0131s\u0131&#8217; sonu\u00e7lar\u0131 a\u00e7\u0131kland\u0131"},"content":{"rendered":"<p>  &#8211; Bakan Kac\u0131r: &#8220;Sanayide ye\u015fil d\u00f6n\u00fc\u015f\u00fcm\u00fc yerli teknolojilerle ger\u00e7ekle\u015ftirme hedefiyle 62 projeye 444 milyon lira destek veriyoruz&#8221;<br \/>\n  Sanayi ve Teknoloji Bakan\u0131 Mehmet Fatih Kac\u0131r, T\u00dcB\u0130TAK Sanayide Ye\u015fil D\u00f6n\u00fc\u015f\u00fcm 2024-3 \u00c7a\u011fr\u0131s\u0131 sonu\u00e7lar\u0131n\u0131n a\u00e7\u0131kland\u0131\u011f\u0131n\u0131 belirterek, &#8220;Sanayide ye\u015fil d\u00f6n\u00fc\u015f\u00fcm\u00fc yerli teknolojilerle ger\u00e7ekle\u015ftirme hedefiyle 62 projeye 444 milyon lira destek veriyoruz&#8221; dedi.<br \/>\n  Bakan Kac\u0131r, sosyal medya hesab\u0131ndan yapt\u0131\u011f\u0131 a\u00e7\u0131klamada, sanayide ye\u015fil d\u00f6n\u00fc\u015f\u00fcm\u00fc yerli teknolojilerle ger\u00e7ekle\u015ftirme hedefiyle 62 projeye 444 milyon lira destek verildi\u011fini kaydederek, \u015fu ifadeleri kulland\u0131:<br \/>\n  &#8220;D\u00fcnya Bankas\u0131 i\u015f birli\u011fi ile y\u00fcr\u00fctt\u00fc\u011f\u00fcm\u00fcz T\u00fcrkiye Ye\u015fil Sanayi Projesi ile sanayimizin ye\u015fil d\u00f6n\u00fc\u015f\u00fcm\u00fcn\u00fc h\u0131zland\u0131r\u0131yoruz. Bu kapsamda a\u00e7t\u0131\u011f\u0131m\u0131z T\u00dcB\u0130TAK Sanayide Ye\u015fil D\u00f6n\u00fc\u015f\u00fcm 2024-3 \u00c7a\u011fr\u0131s\u0131 sonu\u00e7lar\u0131 a\u00e7\u0131kland\u0131. Deste\u011fe hak kazanan t\u00fcm payda\u015flar\u0131m\u0131z\u0131 kutluyorum. T\u00fcrkiye&#8217;nin kalk\u0131nma yolculu\u011funu \u00e7evre dostu uygulamalarla s\u00fcrd\u00fcrmeye devam edece\u011fiz.&#8221; <\/p>\n<p>14.07.2025                                 <\/p>\n","protected":false},"excerpt":{"rendered":"<p>&#8211; Bakan Kac\u0131r: &#8220;Sanayide ye\u015fil d\u00f6n\u00fc\u015f\u00fcm\u00fc yerli teknolojilerle ger\u00e7ekle\u015ftirme hedefiyle 62 projeye 444 milyon lira destek veriyoruz&#8221; Sanayi ve Teknoloji Bakan\u0131 Mehmet Fatih Kac\u0131r, T\u00dcB\u0130TAK Sanayide Ye\u015fil D\u00f6n\u00fc\u015f\u00fcm 2024-3 \u00c7a\u011fr\u0131s\u0131 sonu\u00e7lar\u0131n\u0131n a\u00e7\u0131kland\u0131\u011f\u0131n\u0131 belirterek, &#8220;Sanayide ye\u015fil d\u00f6n\u00fc\u015f\u00fcm\u00fc yerli teknolojilerle ger\u00e7ekle\u015ftirme hedefiyle 62 projeye 444 milyon lira destek veriyoruz&#8221; dedi. Bakan Kac\u0131r, sosyal medya hesab\u0131ndan yapt\u0131\u011f\u0131 a\u00e7\u0131klamada, [&hellip;]<\/p>\n","protected":false},"author":1,"featured_media":9322,"comment_status":"open","ping_status":"open","sticky":false,"template":"","format":"standard","meta":{"footnotes":""},"categories":[1],"tags":[],"class_list":["post-9321","post","type-post","status-publish","format-standard","has-post-thumbnail","hentry","category-genel"],"yoast_head":"<!-- This site is optimized with the Yoast SEO plugin v27.4 - https:\/\/yoast.com\/product\/yoast-seo-wordpress\/ -->\n<title>T\u00dcB\u0130TAK Sanayide Ye\u015fil D\u00f6n\u00fc\u015f\u00fcm \u00c7a\u011fr\u0131s\u0131&#039; sonu\u00e7lar\u0131 a\u00e7\u0131kland\u0131 - Memurun Sesi<\/title>\n<meta name=\"robots\" content=\"index, follow, max-snippet:-1, max-image-preview:large, max-video-preview:-1\" \/>\n<link rel=\"canonical\" href=\"https:\/\/memurunsesi.net\/index.php\/2025\/07\/14\/tubitak-sanayide-yesil-donusum-cagrisi-sonuclari-aciklandi\/\" \/>\n<meta property=\"og:locale\" content=\"tr_TR\" \/>\n<meta property=\"og:type\" content=\"article\" \/>\n<meta property=\"og:title\" content=\"T\u00dcB\u0130TAK Sanayide Ye\u015fil D\u00f6n\u00fc\u015f\u00fcm \u00c7a\u011fr\u0131s\u0131&#039; sonu\u00e7lar\u0131 a\u00e7\u0131kland\u0131 - Memurun Sesi\" \/>\n<meta property=\"og:description\" content=\"&#8211; Bakan Kac\u0131r: &#8220;Sanayide ye\u015fil d\u00f6n\u00fc\u015f\u00fcm\u00fc yerli teknolojilerle ger\u00e7ekle\u015ftirme hedefiyle 62 projeye 444 milyon lira destek veriyoruz&#8221; Sanayi ve Teknoloji Bakan\u0131 Mehmet Fatih Kac\u0131r, T\u00dcB\u0130TAK Sanayide Ye\u015fil D\u00f6n\u00fc\u015f\u00fcm 2024-3 \u00c7a\u011fr\u0131s\u0131 sonu\u00e7lar\u0131n\u0131n a\u00e7\u0131kland\u0131\u011f\u0131n\u0131 belirterek, &#8220;Sanayide ye\u015fil d\u00f6n\u00fc\u015f\u00fcm\u00fc yerli teknolojilerle ger\u00e7ekle\u015ftirme hedefiyle 62 projeye 444 milyon lira destek veriyoruz&#8221; dedi. Bakan Kac\u0131r, sosyal medya hesab\u0131ndan yapt\u0131\u011f\u0131 a\u00e7\u0131klamada, [&hellip;]\" \/>\n<meta property=\"og:url\" content=\"https:\/\/memurunsesi.net\/index.php\/2025\/07\/14\/tubitak-sanayide-yesil-donusum-cagrisi-sonuclari-aciklandi\/\" \/>\n<meta property=\"og:site_name\" content=\"Memurun Sesi\" \/>\n<meta property=\"article:publisher\" content=\"https:\/\/www.facebook.com\/unipersen\/?locale=tr_TR\" \/>\n<meta property=\"article:published_time\" content=\"2025-07-14T11:35:59+00:00\" \/>\n<meta property=\"og:image\" content=\"https:\/\/memurunsesi.net\/wp-content\/uploads\/2025\/07\/AW496711_01.jpg\" \/>\n\t<meta property=\"og:image:width\" content=\"1920\" \/>\n\t<meta property=\"og:image:height\" content=\"857\" \/>\n\t<meta property=\"og:image:type\" content=\"image\/jpeg\" \/>\n<meta name=\"author\" content=\"Memurun Sesi Haber Merkezi\" \/>\n<meta name=\"twitter:card\" content=\"summary_large_image\" \/>\n<meta name=\"twitter:creator\" content=\"@unipersen\" \/>\n<meta name=\"twitter:site\" content=\"@unipersen\" \/>\n<meta name=\"twitter:label1\" content=\"Yazan:\" \/>\n\t<meta name=\"twitter:data1\" content=\"Memurun Sesi Haber Merkezi\" \/>\n\t<meta name=\"twitter:label2\" content=\"Tahmini okuma s\u00fcresi\" \/>\n\t<meta name=\"twitter:data2\" content=\"1 dakika\" \/>\n<script type=\"application\/ld+json\" class=\"yoast-schema-graph\">{\"@context\":\"https:\\\/\\\/schema.org\",\"@graph\":[{\"@type\":\"Article\",\"@id\":\"https:\\\/\\\/memurunsesi.net\\\/index.php\\\/2025\\\/07\\\/14\\\/tubitak-sanayide-yesil-donusum-cagrisi-sonuclari-aciklandi\\\/#article\",\"isPartOf\":{\"@id\":\"https:\\\/\\\/memurunsesi.net\\\/index.php\\\/2025\\\/07\\\/14\\\/tubitak-sanayide-yesil-donusum-cagrisi-sonuclari-aciklandi\\\/\"},\"author\":{\"name\":\"Memurun Sesi Haber Merkezi\",\"@id\":\"https:\\\/\\\/memurunsesi.net\\\/#\\\/schema\\\/person\\\/f21c2d73b89f6ee1d80b0a1803e38587\"},\"headline\":\"T\u00dcB\u0130TAK Sanayide Ye\u015fil D\u00f6n\u00fc\u015f\u00fcm \u00c7a\u011fr\u0131s\u0131&#8217; sonu\u00e7lar\u0131 a\u00e7\u0131kland\u0131\",\"datePublished\":\"2025-07-14T11:35:59+00:00\",\"mainEntityOfPage\":{\"@id\":\"https:\\\/\\\/memurunsesi.net\\\/index.php\\\/2025\\\/07\\\/14\\\/tubitak-sanayide-yesil-donusum-cagrisi-sonuclari-aciklandi\\\/\"},\"wordCount\":196,\"commentCount\":0,\"publisher\":{\"@id\":\"https:\\\/\\\/memurunsesi.net\\\/#organization\"},\"image\":{\"@id\":\"https:\\\/\\\/memurunsesi.net\\\/index.php\\\/2025\\\/07\\\/14\\\/tubitak-sanayide-yesil-donusum-cagrisi-sonuclari-aciklandi\\\/#primaryimage\"},\"thumbnailUrl\":\"https:\\\/\\\/memurunsesi.net\\\/wp-content\\\/uploads\\\/2025\\\/07\\\/AW496711_01.jpg\",\"inLanguage\":\"tr\",\"potentialAction\":[{\"@type\":\"CommentAction\",\"name\":\"Comment\",\"target\":[\"https:\\\/\\\/memurunsesi.net\\\/index.php\\\/2025\\\/07\\\/14\\\/tubitak-sanayide-yesil-donusum-cagrisi-sonuclari-aciklandi\\\/#respond\"]}]},{\"@type\":\"WebPage\",\"@id\":\"https:\\\/\\\/memurunsesi.net\\\/index.php\\\/2025\\\/07\\\/14\\\/tubitak-sanayide-yesil-donusum-cagrisi-sonuclari-aciklandi\\\/\",\"url\":\"https:\\\/\\\/memurunsesi.net\\\/index.php\\\/2025\\\/07\\\/14\\\/tubitak-sanayide-yesil-donusum-cagrisi-sonuclari-aciklandi\\\/\",\"name\":\"T\u00dcB\u0130TAK Sanayide Ye\u015fil D\u00f6n\u00fc\u015f\u00fcm \u00c7a\u011fr\u0131s\u0131' sonu\u00e7lar\u0131 a\u00e7\u0131kland\u0131 - Memurun Sesi\",\"isPartOf\":{\"@id\":\"https:\\\/\\\/memurunsesi.net\\\/#website\"},\"primaryImageOfPage\":{\"@id\":\"https:\\\/\\\/memurunsesi.net\\\/index.php\\\/2025\\\/07\\\/14\\\/tubitak-sanayide-yesil-donusum-cagrisi-sonuclari-aciklandi\\\/#primaryimage\"},\"image\":{\"@id\":\"https:\\\/\\\/memurunsesi.net\\\/index.php\\\/2025\\\/07\\\/14\\\/tubitak-sanayide-yesil-donusum-cagrisi-sonuclari-aciklandi\\\/#primaryimage\"},\"thumbnailUrl\":\"https:\\\/\\\/memurunsesi.net\\\/wp-content\\\/uploads\\\/2025\\\/07\\\/AW496711_01.jpg\",\"datePublished\":\"2025-07-14T11:35:59+00:00\",\"breadcrumb\":{\"@id\":\"https:\\\/\\\/memurunsesi.net\\\/index.php\\\/2025\\\/07\\\/14\\\/tubitak-sanayide-yesil-donusum-cagrisi-sonuclari-aciklandi\\\/#breadcrumb\"},\"inLanguage\":\"tr\",\"potentialAction\":[{\"@type\":\"ReadAction\",\"target\":[\"https:\\\/\\\/memurunsesi.net\\\/index.php\\\/2025\\\/07\\\/14\\\/tubitak-sanayide-yesil-donusum-cagrisi-sonuclari-aciklandi\\\/\"]}]},{\"@type\":\"ImageObject\",\"inLanguage\":\"tr\",\"@id\":\"https:\\\/\\\/memurunsesi.net\\\/index.php\\\/2025\\\/07\\\/14\\\/tubitak-sanayide-yesil-donusum-cagrisi-sonuclari-aciklandi\\\/#primaryimage\",\"url\":\"https:\\\/\\\/memurunsesi.net\\\/wp-content\\\/uploads\\\/2025\\\/07\\\/AW496711_01.jpg\",\"contentUrl\":\"https:\\\/\\\/memurunsesi.net\\\/wp-content\\\/uploads\\\/2025\\\/07\\\/AW496711_01.jpg\",\"width\":1920,\"height\":857,\"caption\":\"BAKAN KACIR, SOSYAL MEDYA HESABINDAN YAPTI\u011eI A\u00c7IKLAMADA, SANAY\u0130DE YE\u015e\u0130L D\u00d6N\u00dc\u015e\u00dcM\u00dc YERL\u0130 TEKNOLOJ\u0130LERLE GER\u00c7EKLE\u015eT\u0130RME HEDEF\u0130YLE 62 PROJEYE 444 M\u0130LYON L\u0130RA DESTEK VER\u0130LD\u0130\u011e\u0130N\u0130 KAYDETT\u0130 (\u0130HA\\\/ANKARA-\u0130HA) Sanayi ve Teknoloji Bakan\u0131 Mehmet Fatih Kac\u0131r, T\u00dcB\u0130TAK Sanayide Ye\u015fil D\u00f6n\u00fc\u015f\u00fcm 2024-3 \u00c7a\u011fr\u0131s\u0131 sonu\u00e7lar\u0131n\u0131n a\u00e7\u0131kland\u0131\u011f\u0131n\u0131 belirterek, \\\"Sanayide ye\u015fil d\u00f6n\u00fc\u015f\u00fcm\u00fc yerli teknolojilerle ger\u00e7ekle\u015ftirme hedefiyle 62 projeye 444 milyon lira destek veriyoruz\\\" dedi.\"},{\"@type\":\"BreadcrumbList\",\"@id\":\"https:\\\/\\\/memurunsesi.net\\\/index.php\\\/2025\\\/07\\\/14\\\/tubitak-sanayide-yesil-donusum-cagrisi-sonuclari-aciklandi\\\/#breadcrumb\",\"itemListElement\":[{\"@type\":\"ListItem\",\"position\":1,\"name\":\"Anasayfa\",\"item\":\"https:\\\/\\\/memurunsesi.net\\\/\"},{\"@type\":\"ListItem\",\"position\":2,\"name\":\"T\u00dcB\u0130TAK Sanayide Ye\u015fil D\u00f6n\u00fc\u015f\u00fcm \u00c7a\u011fr\u0131s\u0131&#8217; sonu\u00e7lar\u0131 a\u00e7\u0131kland\u0131\"}]},{\"@type\":\"WebSite\",\"@id\":\"https:\\\/\\\/memurunsesi.net\\\/#website\",\"url\":\"https:\\\/\\\/memurunsesi.net\\\/\",\"name\":\"Memurun Sesi\",\"description\":\"G\u00fcncel ve Do\u011fru Haber\",\"publisher\":{\"@id\":\"https:\\\/\\\/memurunsesi.net\\\/#organization\"},\"potentialAction\":[{\"@type\":\"SearchAction\",\"target\":{\"@type\":\"EntryPoint\",\"urlTemplate\":\"https:\\\/\\\/memurunsesi.net\\\/?s={search_term_string}\"},\"query-input\":{\"@type\":\"PropertyValueSpecification\",\"valueRequired\":true,\"valueName\":\"search_term_string\"}}],\"inLanguage\":\"tr\"},{\"@type\":\"Organization\",\"@id\":\"https:\\\/\\\/memurunsesi.net\\\/#organization\",\"name\":\"Memurun Sesi\",\"url\":\"https:\\\/\\\/memurunsesi.net\\\/\",\"logo\":{\"@type\":\"ImageObject\",\"inLanguage\":\"tr\",\"@id\":\"https:\\\/\\\/memurunsesi.net\\\/#\\\/schema\\\/logo\\\/image\\\/\",\"url\":\"https:\\\/\\\/memurunsesi.net\\\/wp-content\\\/uploads\\\/2025\\\/11\\\/cropped-MEMURUN-SESI.png\",\"contentUrl\":\"https:\\\/\\\/memurunsesi.net\\\/wp-content\\\/uploads\\\/2025\\\/11\\\/cropped-MEMURUN-SESI.png\",\"width\":238,\"height\":57,\"caption\":\"Memurun Sesi\"},\"image\":{\"@id\":\"https:\\\/\\\/memurunsesi.net\\\/#\\\/schema\\\/logo\\\/image\\\/\"},\"sameAs\":[\"https:\\\/\\\/www.facebook.com\\\/unipersen\\\/?locale=tr_TR\",\"https:\\\/\\\/x.com\\\/unipersen\"]},{\"@type\":\"Person\",\"@id\":\"https:\\\/\\\/memurunsesi.net\\\/#\\\/schema\\\/person\\\/f21c2d73b89f6ee1d80b0a1803e38587\",\"name\":\"Memurun Sesi Haber Merkezi\",\"image\":{\"@type\":\"ImageObject\",\"inLanguage\":\"tr\",\"@id\":\"https:\\\/\\\/secure.gravatar.com\\\/avatar\\\/6cf0505f452ee753f485014986fab09a434671d2b919ee76fc541025c5876a70?s=96&d=mm&r=g\",\"url\":\"https:\\\/\\\/secure.gravatar.com\\\/avatar\\\/6cf0505f452ee753f485014986fab09a434671d2b919ee76fc541025c5876a70?s=96&d=mm&r=g\",\"contentUrl\":\"https:\\\/\\\/secure.gravatar.com\\\/avatar\\\/6cf0505f452ee753f485014986fab09a434671d2b919ee76fc541025c5876a70?s=96&d=mm&r=g\",\"caption\":\"Memurun Sesi Haber Merkezi\"},\"sameAs\":[\"https:\\\/\\\/memurunsesi.net\"],\"url\":\"https:\\\/\\\/memurunsesi.net\\\/index.php\\\/author\\\/uniper\\\/\"}]}<\/script>\n<!-- \/ Yoast SEO plugin. -->","yoast_head_json":{"title":"T\u00dcB\u0130TAK Sanayide Ye\u015fil D\u00f6n\u00fc\u015f\u00fcm \u00c7a\u011fr\u0131s\u0131' sonu\u00e7lar\u0131 a\u00e7\u0131kland\u0131 - Memurun Sesi","robots":{"index":"index","follow":"follow","max-snippet":"max-snippet:-1","max-image-preview":"max-image-preview:large","max-video-preview":"max-video-preview:-1"},"canonical":"https:\/\/memurunsesi.net\/index.php\/2025\/07\/14\/tubitak-sanayide-yesil-donusum-cagrisi-sonuclari-aciklandi\/","og_locale":"tr_TR","og_type":"article","og_title":"T\u00dcB\u0130TAK Sanayide Ye\u015fil D\u00f6n\u00fc\u015f\u00fcm \u00c7a\u011fr\u0131s\u0131' sonu\u00e7lar\u0131 a\u00e7\u0131kland\u0131 - Memurun Sesi","og_description":"&#8211; Bakan Kac\u0131r: &#8220;Sanayide ye\u015fil d\u00f6n\u00fc\u015f\u00fcm\u00fc yerli teknolojilerle ger\u00e7ekle\u015ftirme hedefiyle 62 projeye 444 milyon lira destek veriyoruz&#8221; Sanayi ve Teknoloji Bakan\u0131 Mehmet Fatih Kac\u0131r, T\u00dcB\u0130TAK Sanayide Ye\u015fil D\u00f6n\u00fc\u015f\u00fcm 2024-3 \u00c7a\u011fr\u0131s\u0131 sonu\u00e7lar\u0131n\u0131n a\u00e7\u0131kland\u0131\u011f\u0131n\u0131 belirterek, &#8220;Sanayide ye\u015fil d\u00f6n\u00fc\u015f\u00fcm\u00fc yerli teknolojilerle ger\u00e7ekle\u015ftirme hedefiyle 62 projeye 444 milyon lira destek veriyoruz&#8221; dedi. Bakan Kac\u0131r, sosyal medya hesab\u0131ndan yapt\u0131\u011f\u0131 a\u00e7\u0131klamada, [&hellip;]","og_url":"https:\/\/memurunsesi.net\/index.php\/2025\/07\/14\/tubitak-sanayide-yesil-donusum-cagrisi-sonuclari-aciklandi\/","og_site_name":"Memurun Sesi","article_publisher":"https:\/\/www.facebook.com\/unipersen\/?locale=tr_TR","article_published_time":"2025-07-14T11:35:59+00:00","og_image":[{"width":1920,"height":857,"url":"https:\/\/memurunsesi.net\/wp-content\/uploads\/2025\/07\/AW496711_01.jpg","type":"image\/jpeg"}],"author":"Memurun Sesi Haber Merkezi","twitter_card":"summary_large_image","twitter_creator":"@unipersen","twitter_site":"@unipersen","twitter_misc":{"Yazan:":"Memurun Sesi Haber Merkezi","Tahmini okuma s\u00fcresi":"1 dakika"},"schema":{"@context":"https:\/\/schema.org","@graph":[{"@type":"Article","@id":"https:\/\/memurunsesi.net\/index.php\/2025\/07\/14\/tubitak-sanayide-yesil-donusum-cagrisi-sonuclari-aciklandi\/#article","isPartOf":{"@id":"https:\/\/memurunsesi.net\/index.php\/2025\/07\/14\/tubitak-sanayide-yesil-donusum-cagrisi-sonuclari-aciklandi\/"},"author":{"name":"Memurun Sesi Haber Merkezi","@id":"https:\/\/memurunsesi.net\/#\/schema\/person\/f21c2d73b89f6ee1d80b0a1803e38587"},"headline":"T\u00dcB\u0130TAK Sanayide Ye\u015fil D\u00f6n\u00fc\u015f\u00fcm \u00c7a\u011fr\u0131s\u0131&#8217; sonu\u00e7lar\u0131 a\u00e7\u0131kland\u0131","datePublished":"2025-07-14T11:35:59+00:00","mainEntityOfPage":{"@id":"https:\/\/memurunsesi.net\/index.php\/2025\/07\/14\/tubitak-sanayide-yesil-donusum-cagrisi-sonuclari-aciklandi\/"},"wordCount":196,"commentCount":0,"publisher":{"@id":"https:\/\/memurunsesi.net\/#organization"},"image":{"@id":"https:\/\/memurunsesi.net\/index.php\/2025\/07\/14\/tubitak-sanayide-yesil-donusum-cagrisi-sonuclari-aciklandi\/#primaryimage"},"thumbnailUrl":"https:\/\/memurunsesi.net\/wp-content\/uploads\/2025\/07\/AW496711_01.jpg","inLanguage":"tr","potentialAction":[{"@type":"CommentAction","name":"Comment","target":["https:\/\/memurunsesi.net\/index.php\/2025\/07\/14\/tubitak-sanayide-yesil-donusum-cagrisi-sonuclari-aciklandi\/#respond"]}]},{"@type":"WebPage","@id":"https:\/\/memurunsesi.net\/index.php\/2025\/07\/14\/tubitak-sanayide-yesil-donusum-cagrisi-sonuclari-aciklandi\/","url":"https:\/\/memurunsesi.net\/index.php\/2025\/07\/14\/tubitak-sanayide-yesil-donusum-cagrisi-sonuclari-aciklandi\/","name":"T\u00dcB\u0130TAK Sanayide Ye\u015fil D\u00f6n\u00fc\u015f\u00fcm \u00c7a\u011fr\u0131s\u0131' sonu\u00e7lar\u0131 a\u00e7\u0131kland\u0131 - Memurun Sesi","isPartOf":{"@id":"https:\/\/memurunsesi.net\/#website"},"primaryImageOfPage":{"@id":"https:\/\/memurunsesi.net\/index.php\/2025\/07\/14\/tubitak-sanayide-yesil-donusum-cagrisi-sonuclari-aciklandi\/#primaryimage"},"image":{"@id":"https:\/\/memurunsesi.net\/index.php\/2025\/07\/14\/tubitak-sanayide-yesil-donusum-cagrisi-sonuclari-aciklandi\/#primaryimage"},"thumbnailUrl":"https:\/\/memurunsesi.net\/wp-content\/uploads\/2025\/07\/AW496711_01.jpg","datePublished":"2025-07-14T11:35:59+00:00","breadcrumb":{"@id":"https:\/\/memurunsesi.net\/index.php\/2025\/07\/14\/tubitak-sanayide-yesil-donusum-cagrisi-sonuclari-aciklandi\/#breadcrumb"},"inLanguage":"tr","potentialAction":[{"@type":"ReadAction","target":["https:\/\/memurunsesi.net\/index.php\/2025\/07\/14\/tubitak-sanayide-yesil-donusum-cagrisi-sonuclari-aciklandi\/"]}]},{"@type":"ImageObject","inLanguage":"tr","@id":"https:\/\/memurunsesi.net\/index.php\/2025\/07\/14\/tubitak-sanayide-yesil-donusum-cagrisi-sonuclari-aciklandi\/#primaryimage","url":"https:\/\/memurunsesi.net\/wp-content\/uploads\/2025\/07\/AW496711_01.jpg","contentUrl":"https:\/\/memurunsesi.net\/wp-content\/uploads\/2025\/07\/AW496711_01.jpg","width":1920,"height":857,"caption":"BAKAN KACIR, SOSYAL MEDYA HESABINDAN YAPTI\u011eI A\u00c7IKLAMADA, SANAY\u0130DE YE\u015e\u0130L D\u00d6N\u00dc\u015e\u00dcM\u00dc YERL\u0130 TEKNOLOJ\u0130LERLE GER\u00c7EKLE\u015eT\u0130RME HEDEF\u0130YLE 62 PROJEYE 444 M\u0130LYON L\u0130RA DESTEK VER\u0130LD\u0130\u011e\u0130N\u0130 KAYDETT\u0130 (\u0130HA\/ANKARA-\u0130HA) Sanayi ve Teknoloji Bakan\u0131 Mehmet Fatih Kac\u0131r, T\u00dcB\u0130TAK Sanayide Ye\u015fil D\u00f6n\u00fc\u015f\u00fcm 2024-3 \u00c7a\u011fr\u0131s\u0131 sonu\u00e7lar\u0131n\u0131n a\u00e7\u0131kland\u0131\u011f\u0131n\u0131 belirterek, \"Sanayide ye\u015fil d\u00f6n\u00fc\u015f\u00fcm\u00fc yerli teknolojilerle ger\u00e7ekle\u015ftirme hedefiyle 62 projeye 444 milyon lira destek veriyoruz\" dedi."},{"@type":"BreadcrumbList","@id":"https:\/\/memurunsesi.net\/index.php\/2025\/07\/14\/tubitak-sanayide-yesil-donusum-cagrisi-sonuclari-aciklandi\/#breadcrumb","itemListElement":[{"@type":"ListItem","position":1,"name":"Anasayfa","item":"https:\/\/memurunsesi.net\/"},{"@type":"ListItem","position":2,"name":"T\u00dcB\u0130TAK Sanayide Ye\u015fil D\u00f6n\u00fc\u015f\u00fcm \u00c7a\u011fr\u0131s\u0131&#8217; sonu\u00e7lar\u0131 a\u00e7\u0131kland\u0131"}]},{"@type":"WebSite","@id":"https:\/\/memurunsesi.net\/#website","url":"https:\/\/memurunsesi.net\/","name":"Memurun Sesi","description":"G\u00fcncel ve Do\u011fru Haber","publisher":{"@id":"https:\/\/memurunsesi.net\/#organization"},"potentialAction":[{"@type":"SearchAction","target":{"@type":"EntryPoint","urlTemplate":"https:\/\/memurunsesi.net\/?s={search_term_string}"},"query-input":{"@type":"PropertyValueSpecification","valueRequired":true,"valueName":"search_term_string"}}],"inLanguage":"tr"},{"@type":"Organization","@id":"https:\/\/memurunsesi.net\/#organization","name":"Memurun Sesi","url":"https:\/\/memurunsesi.net\/","logo":{"@type":"ImageObject","inLanguage":"tr","@id":"https:\/\/memurunsesi.net\/#\/schema\/logo\/image\/","url":"https:\/\/memurunsesi.net\/wp-content\/uploads\/2025\/11\/cropped-MEMURUN-SESI.png","contentUrl":"https:\/\/memurunsesi.net\/wp-content\/uploads\/2025\/11\/cropped-MEMURUN-SESI.png","width":238,"height":57,"caption":"Memurun Sesi"},"image":{"@id":"https:\/\/memurunsesi.net\/#\/schema\/logo\/image\/"},"sameAs":["https:\/\/www.facebook.com\/unipersen\/?locale=tr_TR","https:\/\/x.com\/unipersen"]},{"@type":"Person","@id":"https:\/\/memurunsesi.net\/#\/schema\/person\/f21c2d73b89f6ee1d80b0a1803e38587","name":"Memurun Sesi Haber Merkezi","image":{"@type":"ImageObject","inLanguage":"tr","@id":"https:\/\/secure.gravatar.com\/avatar\/6cf0505f452ee753f485014986fab09a434671d2b919ee76fc541025c5876a70?s=96&d=mm&r=g","url":"https:\/\/secure.gravatar.com\/avatar\/6cf0505f452ee753f485014986fab09a434671d2b919ee76fc541025c5876a70?s=96&d=mm&r=g","contentUrl":"https:\/\/secure.gravatar.com\/avatar\/6cf0505f452ee753f485014986fab09a434671d2b919ee76fc541025c5876a70?s=96&d=mm&r=g","caption":"Memurun Sesi Haber Merkezi"},"sameAs":["https:\/\/memurunsesi.net"],"url":"https:\/\/memurunsesi.net\/index.php\/author\/uniper\/"}]}},"_links":{"self":[{"href":"https:\/\/memurunsesi.net\/index.php\/wp-json\/wp\/v2\/posts\/9321","targetHints":{"allow":["GET"]}}],"collection":[{"href":"https:\/\/memurunsesi.net\/index.php\/wp-json\/wp\/v2\/posts"}],"about":[{"href":"https:\/\/memurunsesi.net\/index.php\/wp-json\/wp\/v2\/types\/post"}],"author":[{"embeddable":true,"href":"https:\/\/memurunsesi.net\/index.php\/wp-json\/wp\/v2\/users\/1"}],"replies":[{"embeddable":true,"href":"https:\/\/memurunsesi.net\/index.php\/wp-json\/wp\/v2\/comments?post=9321"}],"version-history":[{"count":1,"href":"https:\/\/memurunsesi.net\/index.php\/wp-json\/wp\/v2\/posts\/9321\/revisions"}],"predecessor-version":[{"id":9323,"href":"https:\/\/memurunsesi.net\/index.php\/wp-json\/wp\/v2\/posts\/9321\/revisions\/9323"}],"wp:featuredmedia":[{"embeddable":true,"href":"https:\/\/memurunsesi.net\/index.php\/wp-json\/wp\/v2\/media\/9322"}],"wp:attachment":[{"href":"https:\/\/memurunsesi.net\/index.php\/wp-json\/wp\/v2\/media?parent=9321"}],"wp:term":[{"taxonomy":"category","embeddable":true,"href":"https:\/\/memurunsesi.net\/index.php\/wp-json\/wp\/v2\/categories?post=9321"},{"taxonomy":"post_tag","embeddable":true,"href":"https:\/\/memurunsesi.net\/index.php\/wp-json\/wp\/v2\/tags?post=9321"}],"curies":[{"name":"wp","href":"https:\/\/api.w.org\/{rel}","templated":true}]}}