{"id":9328,"date":"2025-07-16T10:47:14","date_gmt":"2025-07-16T07:47:14","guid":{"rendered":"https:\/\/memurunsesi.net\/?p=9328"},"modified":"2025-07-16T10:47:14","modified_gmt":"2025-07-16T07:47:14","slug":"konyadaki-orman-yangini-kontrol-altina-alindi","status":"publish","type":"post","link":"https:\/\/memurunsesi.net\/index.php\/2025\/07\/16\/konyadaki-orman-yangini-kontrol-altina-alindi\/","title":{"rendered":"Konya\u2019daki orman yang\u0131n\u0131 kontrol alt\u0131na al\u0131nd\u0131"},"content":{"rendered":"<p>  Konya\u2019n\u0131n Do\u011fanhisar il\u00e7esinde pazartesi g\u00fcn\u00fc \u00e7\u0131kan orman yang\u0131n\u0131 kontrol alt\u0131na al\u0131nd\u0131. B\u00f6lgede so\u011futma \u00e7al\u0131\u015fmalar\u0131 devam ediyor.<br \/>\nKonya Valisi \u0130brahim Ak\u0131n, X hesab\u0131ndan yapt\u0131\u011f\u0131 a\u00e7\u0131klamada, &#8220;Do\u011fanhisar il\u00e7emizde \u00e7\u0131kan orman yang\u0131n\u0131 kontrol alt\u0131na al\u0131nm\u0131\u015f olup, b\u00f6lgede so\u011futma \u00e7al\u0131\u015fmalar\u0131 devam etmektedir. Bu zorlu s\u00fcre\u00e7te fedakarca g\u00f6rev yapan t\u00fcm ekiplerimize ve g\u00f6n\u00fcll\u00fc vatanda\u015flar\u0131m\u0131za te\u015fekk\u00fcr ediyorum. Yang\u0131ndan etkilenen vatanda\u015flar\u0131m\u0131z ba\u015fta olmak \u00fczere t\u00fcm hem\u015fehrilerime ge\u00e7mi\u015f olsun dileklerimi iletiyor; orman yang\u0131nlar\u0131na sebebiyet verebilecek her t\u00fcrl\u00fc davran\u0131\u015ftan ka\u00e7\u0131n\u0131lmas\u0131 ve gerekli tedbirlerin al\u0131nmas\u0131 konusunda azami hassasiyet g\u00f6sterilmesini \u00f6nemle rica ediyorum&#8221; dedi. <\/p>\n<p>16.07.2025                              <\/p>\n","protected":false},"excerpt":{"rendered":"<p>Konya\u2019n\u0131n Do\u011fanhisar il\u00e7esinde pazartesi g\u00fcn\u00fc \u00e7\u0131kan orman yang\u0131n\u0131 kontrol alt\u0131na al\u0131nd\u0131. B\u00f6lgede so\u011futma \u00e7al\u0131\u015fmalar\u0131 devam ediyor. Konya Valisi \u0130brahim Ak\u0131n, X hesab\u0131ndan yapt\u0131\u011f\u0131 a\u00e7\u0131klamada, &#8220;Do\u011fanhisar il\u00e7emizde \u00e7\u0131kan orman yang\u0131n\u0131 kontrol alt\u0131na al\u0131nm\u0131\u015f olup, b\u00f6lgede so\u011futma \u00e7al\u0131\u015fmalar\u0131 devam etmektedir. Bu zorlu s\u00fcre\u00e7te fedakarca g\u00f6rev yapan t\u00fcm ekiplerimize ve g\u00f6n\u00fcll\u00fc vatanda\u015flar\u0131m\u0131za te\u015fekk\u00fcr ediyorum. Yang\u0131ndan etkilenen vatanda\u015flar\u0131m\u0131z ba\u015fta [&hellip;]<\/p>\n","protected":false},"author":1,"featured_media":9329,"comment_status":"open","ping_status":"open","sticky":false,"template":"","format":"standard","meta":{"footnotes":""},"categories":[1],"tags":[],"class_list":["post-9328","post","type-post","status-publish","format-standard","has-post-thumbnail","hentry","category-genel"],"yoast_head":"<!-- This site is optimized with the Yoast SEO plugin v27.4 - https:\/\/yoast.com\/product\/yoast-seo-wordpress\/ -->\n<title>Konya\u2019daki orman yang\u0131n\u0131 kontrol alt\u0131na al\u0131nd\u0131 - Memurun Sesi<\/title>\n<meta name=\"robots\" content=\"index, follow, max-snippet:-1, max-image-preview:large, max-video-preview:-1\" \/>\n<link rel=\"canonical\" href=\"https:\/\/memurunsesi.net\/index.php\/2025\/07\/16\/konyadaki-orman-yangini-kontrol-altina-alindi\/\" \/>\n<meta property=\"og:locale\" content=\"tr_TR\" \/>\n<meta property=\"og:type\" content=\"article\" \/>\n<meta property=\"og:title\" content=\"Konya\u2019daki orman yang\u0131n\u0131 kontrol alt\u0131na al\u0131nd\u0131 - Memurun Sesi\" \/>\n<meta property=\"og:description\" content=\"Konya\u2019n\u0131n Do\u011fanhisar il\u00e7esinde pazartesi g\u00fcn\u00fc \u00e7\u0131kan orman yang\u0131n\u0131 kontrol alt\u0131na al\u0131nd\u0131. B\u00f6lgede so\u011futma \u00e7al\u0131\u015fmalar\u0131 devam ediyor. Konya Valisi \u0130brahim Ak\u0131n, X hesab\u0131ndan yapt\u0131\u011f\u0131 a\u00e7\u0131klamada, &#8220;Do\u011fanhisar il\u00e7emizde \u00e7\u0131kan orman yang\u0131n\u0131 kontrol alt\u0131na al\u0131nm\u0131\u015f olup, b\u00f6lgede so\u011futma \u00e7al\u0131\u015fmalar\u0131 devam etmektedir. Bu zorlu s\u00fcre\u00e7te fedakarca g\u00f6rev yapan t\u00fcm ekiplerimize ve g\u00f6n\u00fcll\u00fc vatanda\u015flar\u0131m\u0131za te\u015fekk\u00fcr ediyorum. Yang\u0131ndan etkilenen vatanda\u015flar\u0131m\u0131z ba\u015fta [&hellip;]\" \/>\n<meta property=\"og:url\" content=\"https:\/\/memurunsesi.net\/index.php\/2025\/07\/16\/konyadaki-orman-yangini-kontrol-altina-alindi\/\" \/>\n<meta property=\"og:site_name\" content=\"Memurun Sesi\" \/>\n<meta property=\"article:publisher\" content=\"https:\/\/www.facebook.com\/unipersen\/?locale=tr_TR\" \/>\n<meta property=\"article:published_time\" content=\"2025-07-16T07:47:14+00:00\" \/>\n<meta property=\"og:image\" content=\"https:\/\/memurunsesi.net\/wp-content\/uploads\/2025\/07\/AW498052_01.jpg\" \/>\n\t<meta property=\"og:image:width\" content=\"828\" \/>\n\t<meta property=\"og:image:height\" content=\"1120\" \/>\n\t<meta property=\"og:image:type\" content=\"image\/jpeg\" \/>\n<meta name=\"author\" content=\"Memurun Sesi Haber Merkezi\" \/>\n<meta name=\"twitter:card\" content=\"summary_large_image\" \/>\n<meta name=\"twitter:creator\" content=\"@unipersen\" \/>\n<meta name=\"twitter:site\" content=\"@unipersen\" \/>\n<meta name=\"twitter:label1\" content=\"Yazan:\" \/>\n\t<meta name=\"twitter:data1\" content=\"Memurun Sesi Haber Merkezi\" \/>\n\t<meta name=\"twitter:label2\" content=\"Tahmini okuma s\u00fcresi\" \/>\n\t<meta name=\"twitter:data2\" content=\"1 dakika\" \/>\n<script type=\"application\/ld+json\" class=\"yoast-schema-graph\">{\"@context\":\"https:\\\/\\\/schema.org\",\"@graph\":[{\"@type\":\"Article\",\"@id\":\"https:\\\/\\\/memurunsesi.net\\\/index.php\\\/2025\\\/07\\\/16\\\/konyadaki-orman-yangini-kontrol-altina-alindi\\\/#article\",\"isPartOf\":{\"@id\":\"https:\\\/\\\/memurunsesi.net\\\/index.php\\\/2025\\\/07\\\/16\\\/konyadaki-orman-yangini-kontrol-altina-alindi\\\/\"},\"author\":{\"name\":\"Memurun Sesi Haber Merkezi\",\"@id\":\"https:\\\/\\\/memurunsesi.net\\\/#\\\/schema\\\/person\\\/f21c2d73b89f6ee1d80b0a1803e38587\"},\"headline\":\"Konya\u2019daki orman yang\u0131n\u0131 kontrol alt\u0131na al\u0131nd\u0131\",\"datePublished\":\"2025-07-16T07:47:14+00:00\",\"mainEntityOfPage\":{\"@id\":\"https:\\\/\\\/memurunsesi.net\\\/index.php\\\/2025\\\/07\\\/16\\\/konyadaki-orman-yangini-kontrol-altina-alindi\\\/\"},\"wordCount\":142,\"commentCount\":0,\"publisher\":{\"@id\":\"https:\\\/\\\/memurunsesi.net\\\/#organization\"},\"image\":{\"@id\":\"https:\\\/\\\/memurunsesi.net\\\/index.php\\\/2025\\\/07\\\/16\\\/konyadaki-orman-yangini-kontrol-altina-alindi\\\/#primaryimage\"},\"thumbnailUrl\":\"https:\\\/\\\/memurunsesi.net\\\/wp-content\\\/uploads\\\/2025\\\/07\\\/AW498052_01.jpg\",\"inLanguage\":\"tr\",\"potentialAction\":[{\"@type\":\"CommentAction\",\"name\":\"Comment\",\"target\":[\"https:\\\/\\\/memurunsesi.net\\\/index.php\\\/2025\\\/07\\\/16\\\/konyadaki-orman-yangini-kontrol-altina-alindi\\\/#respond\"]}]},{\"@type\":\"WebPage\",\"@id\":\"https:\\\/\\\/memurunsesi.net\\\/index.php\\\/2025\\\/07\\\/16\\\/konyadaki-orman-yangini-kontrol-altina-alindi\\\/\",\"url\":\"https:\\\/\\\/memurunsesi.net\\\/index.php\\\/2025\\\/07\\\/16\\\/konyadaki-orman-yangini-kontrol-altina-alindi\\\/\",\"name\":\"Konya\u2019daki orman yang\u0131n\u0131 kontrol alt\u0131na al\u0131nd\u0131 - Memurun Sesi\",\"isPartOf\":{\"@id\":\"https:\\\/\\\/memurunsesi.net\\\/#website\"},\"primaryImageOfPage\":{\"@id\":\"https:\\\/\\\/memurunsesi.net\\\/index.php\\\/2025\\\/07\\\/16\\\/konyadaki-orman-yangini-kontrol-altina-alindi\\\/#primaryimage\"},\"image\":{\"@id\":\"https:\\\/\\\/memurunsesi.net\\\/index.php\\\/2025\\\/07\\\/16\\\/konyadaki-orman-yangini-kontrol-altina-alindi\\\/#primaryimage\"},\"thumbnailUrl\":\"https:\\\/\\\/memurunsesi.net\\\/wp-content\\\/uploads\\\/2025\\\/07\\\/AW498052_01.jpg\",\"datePublished\":\"2025-07-16T07:47:14+00:00\",\"breadcrumb\":{\"@id\":\"https:\\\/\\\/memurunsesi.net\\\/index.php\\\/2025\\\/07\\\/16\\\/konyadaki-orman-yangini-kontrol-altina-alindi\\\/#breadcrumb\"},\"inLanguage\":\"tr\",\"potentialAction\":[{\"@type\":\"ReadAction\",\"target\":[\"https:\\\/\\\/memurunsesi.net\\\/index.php\\\/2025\\\/07\\\/16\\\/konyadaki-orman-yangini-kontrol-altina-alindi\\\/\"]}]},{\"@type\":\"ImageObject\",\"inLanguage\":\"tr\",\"@id\":\"https:\\\/\\\/memurunsesi.net\\\/index.php\\\/2025\\\/07\\\/16\\\/konyadaki-orman-yangini-kontrol-altina-alindi\\\/#primaryimage\",\"url\":\"https:\\\/\\\/memurunsesi.net\\\/wp-content\\\/uploads\\\/2025\\\/07\\\/AW498052_01.jpg\",\"contentUrl\":\"https:\\\/\\\/memurunsesi.net\\\/wp-content\\\/uploads\\\/2025\\\/07\\\/AW498052_01.jpg\",\"width\":828,\"height\":1120,\"caption\":\"KONYA'NIN DO\u011eANH\u0130SAR \u0130L\u00c7ES\u0130NDE PAZARTES\u0130 G\u00dcN\u00dc \u00c7IKAN ORMAN YANGINI KONTROL ALTINA ALINDI. B\u00d6LGEDE SO\u011eUTMA \u00c7ALI\u015eMALARI DEVAM ED\u0130YOR. (\u0130HA\\\/KONYA-\u0130HA) Konya'n\u0131n Do\u011fanhisar il\u00e7esinde pazartesi g\u00fcn\u00fc \u00e7\u0131kan orman yang\u0131n\u0131 kontrol alt\u0131na al\u0131nd\u0131. B\u00f6lgede so\u011futma \u00e7al\u0131\u015fmalar\u0131 devam ediyor.\"},{\"@type\":\"BreadcrumbList\",\"@id\":\"https:\\\/\\\/memurunsesi.net\\\/index.php\\\/2025\\\/07\\\/16\\\/konyadaki-orman-yangini-kontrol-altina-alindi\\\/#breadcrumb\",\"itemListElement\":[{\"@type\":\"ListItem\",\"position\":1,\"name\":\"Anasayfa\",\"item\":\"https:\\\/\\\/memurunsesi.net\\\/\"},{\"@type\":\"ListItem\",\"position\":2,\"name\":\"Konya\u2019daki orman yang\u0131n\u0131 kontrol alt\u0131na al\u0131nd\u0131\"}]},{\"@type\":\"WebSite\",\"@id\":\"https:\\\/\\\/memurunsesi.net\\\/#website\",\"url\":\"https:\\\/\\\/memurunsesi.net\\\/\",\"name\":\"Memurun Sesi\",\"description\":\"G\u00fcncel ve Do\u011fru Haber\",\"publisher\":{\"@id\":\"https:\\\/\\\/memurunsesi.net\\\/#organization\"},\"potentialAction\":[{\"@type\":\"SearchAction\",\"target\":{\"@type\":\"EntryPoint\",\"urlTemplate\":\"https:\\\/\\\/memurunsesi.net\\\/?s={search_term_string}\"},\"query-input\":{\"@type\":\"PropertyValueSpecification\",\"valueRequired\":true,\"valueName\":\"search_term_string\"}}],\"inLanguage\":\"tr\"},{\"@type\":\"Organization\",\"@id\":\"https:\\\/\\\/memurunsesi.net\\\/#organization\",\"name\":\"Memurun Sesi\",\"url\":\"https:\\\/\\\/memurunsesi.net\\\/\",\"logo\":{\"@type\":\"ImageObject\",\"inLanguage\":\"tr\",\"@id\":\"https:\\\/\\\/memurunsesi.net\\\/#\\\/schema\\\/logo\\\/image\\\/\",\"url\":\"https:\\\/\\\/memurunsesi.net\\\/wp-content\\\/uploads\\\/2025\\\/11\\\/cropped-MEMURUN-SESI.png\",\"contentUrl\":\"https:\\\/\\\/memurunsesi.net\\\/wp-content\\\/uploads\\\/2025\\\/11\\\/cropped-MEMURUN-SESI.png\",\"width\":238,\"height\":57,\"caption\":\"Memurun Sesi\"},\"image\":{\"@id\":\"https:\\\/\\\/memurunsesi.net\\\/#\\\/schema\\\/logo\\\/image\\\/\"},\"sameAs\":[\"https:\\\/\\\/www.facebook.com\\\/unipersen\\\/?locale=tr_TR\",\"https:\\\/\\\/x.com\\\/unipersen\"]},{\"@type\":\"Person\",\"@id\":\"https:\\\/\\\/memurunsesi.net\\\/#\\\/schema\\\/person\\\/f21c2d73b89f6ee1d80b0a1803e38587\",\"name\":\"Memurun Sesi Haber Merkezi\",\"image\":{\"@type\":\"ImageObject\",\"inLanguage\":\"tr\",\"@id\":\"https:\\\/\\\/secure.gravatar.com\\\/avatar\\\/6cf0505f452ee753f485014986fab09a434671d2b919ee76fc541025c5876a70?s=96&d=mm&r=g\",\"url\":\"https:\\\/\\\/secure.gravatar.com\\\/avatar\\\/6cf0505f452ee753f485014986fab09a434671d2b919ee76fc541025c5876a70?s=96&d=mm&r=g\",\"contentUrl\":\"https:\\\/\\\/secure.gravatar.com\\\/avatar\\\/6cf0505f452ee753f485014986fab09a434671d2b919ee76fc541025c5876a70?s=96&d=mm&r=g\",\"caption\":\"Memurun Sesi Haber Merkezi\"},\"sameAs\":[\"https:\\\/\\\/memurunsesi.net\"],\"url\":\"https:\\\/\\\/memurunsesi.net\\\/index.php\\\/author\\\/uniper\\\/\"}]}<\/script>\n<!-- \/ Yoast SEO plugin. -->","yoast_head_json":{"title":"Konya\u2019daki orman yang\u0131n\u0131 kontrol alt\u0131na al\u0131nd\u0131 - Memurun Sesi","robots":{"index":"index","follow":"follow","max-snippet":"max-snippet:-1","max-image-preview":"max-image-preview:large","max-video-preview":"max-video-preview:-1"},"canonical":"https:\/\/memurunsesi.net\/index.php\/2025\/07\/16\/konyadaki-orman-yangini-kontrol-altina-alindi\/","og_locale":"tr_TR","og_type":"article","og_title":"Konya\u2019daki orman yang\u0131n\u0131 kontrol alt\u0131na al\u0131nd\u0131 - Memurun Sesi","og_description":"Konya\u2019n\u0131n Do\u011fanhisar il\u00e7esinde pazartesi g\u00fcn\u00fc \u00e7\u0131kan orman yang\u0131n\u0131 kontrol alt\u0131na al\u0131nd\u0131. B\u00f6lgede so\u011futma \u00e7al\u0131\u015fmalar\u0131 devam ediyor. Konya Valisi \u0130brahim Ak\u0131n, X hesab\u0131ndan yapt\u0131\u011f\u0131 a\u00e7\u0131klamada, &#8220;Do\u011fanhisar il\u00e7emizde \u00e7\u0131kan orman yang\u0131n\u0131 kontrol alt\u0131na al\u0131nm\u0131\u015f olup, b\u00f6lgede so\u011futma \u00e7al\u0131\u015fmalar\u0131 devam etmektedir. Bu zorlu s\u00fcre\u00e7te fedakarca g\u00f6rev yapan t\u00fcm ekiplerimize ve g\u00f6n\u00fcll\u00fc vatanda\u015flar\u0131m\u0131za te\u015fekk\u00fcr ediyorum. Yang\u0131ndan etkilenen vatanda\u015flar\u0131m\u0131z ba\u015fta [&hellip;]","og_url":"https:\/\/memurunsesi.net\/index.php\/2025\/07\/16\/konyadaki-orman-yangini-kontrol-altina-alindi\/","og_site_name":"Memurun Sesi","article_publisher":"https:\/\/www.facebook.com\/unipersen\/?locale=tr_TR","article_published_time":"2025-07-16T07:47:14+00:00","og_image":[{"width":828,"height":1120,"url":"https:\/\/memurunsesi.net\/wp-content\/uploads\/2025\/07\/AW498052_01.jpg","type":"image\/jpeg"}],"author":"Memurun Sesi Haber Merkezi","twitter_card":"summary_large_image","twitter_creator":"@unipersen","twitter_site":"@unipersen","twitter_misc":{"Yazan:":"Memurun Sesi Haber Merkezi","Tahmini okuma s\u00fcresi":"1 dakika"},"schema":{"@context":"https:\/\/schema.org","@graph":[{"@type":"Article","@id":"https:\/\/memurunsesi.net\/index.php\/2025\/07\/16\/konyadaki-orman-yangini-kontrol-altina-alindi\/#article","isPartOf":{"@id":"https:\/\/memurunsesi.net\/index.php\/2025\/07\/16\/konyadaki-orman-yangini-kontrol-altina-alindi\/"},"author":{"name":"Memurun Sesi Haber Merkezi","@id":"https:\/\/memurunsesi.net\/#\/schema\/person\/f21c2d73b89f6ee1d80b0a1803e38587"},"headline":"Konya\u2019daki orman yang\u0131n\u0131 kontrol alt\u0131na al\u0131nd\u0131","datePublished":"2025-07-16T07:47:14+00:00","mainEntityOfPage":{"@id":"https:\/\/memurunsesi.net\/index.php\/2025\/07\/16\/konyadaki-orman-yangini-kontrol-altina-alindi\/"},"wordCount":142,"commentCount":0,"publisher":{"@id":"https:\/\/memurunsesi.net\/#organization"},"image":{"@id":"https:\/\/memurunsesi.net\/index.php\/2025\/07\/16\/konyadaki-orman-yangini-kontrol-altina-alindi\/#primaryimage"},"thumbnailUrl":"https:\/\/memurunsesi.net\/wp-content\/uploads\/2025\/07\/AW498052_01.jpg","inLanguage":"tr","potentialAction":[{"@type":"CommentAction","name":"Comment","target":["https:\/\/memurunsesi.net\/index.php\/2025\/07\/16\/konyadaki-orman-yangini-kontrol-altina-alindi\/#respond"]}]},{"@type":"WebPage","@id":"https:\/\/memurunsesi.net\/index.php\/2025\/07\/16\/konyadaki-orman-yangini-kontrol-altina-alindi\/","url":"https:\/\/memurunsesi.net\/index.php\/2025\/07\/16\/konyadaki-orman-yangini-kontrol-altina-alindi\/","name":"Konya\u2019daki orman yang\u0131n\u0131 kontrol alt\u0131na al\u0131nd\u0131 - Memurun Sesi","isPartOf":{"@id":"https:\/\/memurunsesi.net\/#website"},"primaryImageOfPage":{"@id":"https:\/\/memurunsesi.net\/index.php\/2025\/07\/16\/konyadaki-orman-yangini-kontrol-altina-alindi\/#primaryimage"},"image":{"@id":"https:\/\/memurunsesi.net\/index.php\/2025\/07\/16\/konyadaki-orman-yangini-kontrol-altina-alindi\/#primaryimage"},"thumbnailUrl":"https:\/\/memurunsesi.net\/wp-content\/uploads\/2025\/07\/AW498052_01.jpg","datePublished":"2025-07-16T07:47:14+00:00","breadcrumb":{"@id":"https:\/\/memurunsesi.net\/index.php\/2025\/07\/16\/konyadaki-orman-yangini-kontrol-altina-alindi\/#breadcrumb"},"inLanguage":"tr","potentialAction":[{"@type":"ReadAction","target":["https:\/\/memurunsesi.net\/index.php\/2025\/07\/16\/konyadaki-orman-yangini-kontrol-altina-alindi\/"]}]},{"@type":"ImageObject","inLanguage":"tr","@id":"https:\/\/memurunsesi.net\/index.php\/2025\/07\/16\/konyadaki-orman-yangini-kontrol-altina-alindi\/#primaryimage","url":"https:\/\/memurunsesi.net\/wp-content\/uploads\/2025\/07\/AW498052_01.jpg","contentUrl":"https:\/\/memurunsesi.net\/wp-content\/uploads\/2025\/07\/AW498052_01.jpg","width":828,"height":1120,"caption":"KONYA'NIN DO\u011eANH\u0130SAR \u0130L\u00c7ES\u0130NDE PAZARTES\u0130 G\u00dcN\u00dc \u00c7IKAN ORMAN YANGINI KONTROL ALTINA ALINDI. B\u00d6LGEDE SO\u011eUTMA \u00c7ALI\u015eMALARI DEVAM ED\u0130YOR. (\u0130HA\/KONYA-\u0130HA) Konya'n\u0131n Do\u011fanhisar il\u00e7esinde pazartesi g\u00fcn\u00fc \u00e7\u0131kan orman yang\u0131n\u0131 kontrol alt\u0131na al\u0131nd\u0131. B\u00f6lgede so\u011futma \u00e7al\u0131\u015fmalar\u0131 devam ediyor."},{"@type":"BreadcrumbList","@id":"https:\/\/memurunsesi.net\/index.php\/2025\/07\/16\/konyadaki-orman-yangini-kontrol-altina-alindi\/#breadcrumb","itemListElement":[{"@type":"ListItem","position":1,"name":"Anasayfa","item":"https:\/\/memurunsesi.net\/"},{"@type":"ListItem","position":2,"name":"Konya\u2019daki orman yang\u0131n\u0131 kontrol alt\u0131na al\u0131nd\u0131"}]},{"@type":"WebSite","@id":"https:\/\/memurunsesi.net\/#website","url":"https:\/\/memurunsesi.net\/","name":"Memurun Sesi","description":"G\u00fcncel ve Do\u011fru Haber","publisher":{"@id":"https:\/\/memurunsesi.net\/#organization"},"potentialAction":[{"@type":"SearchAction","target":{"@type":"EntryPoint","urlTemplate":"https:\/\/memurunsesi.net\/?s={search_term_string}"},"query-input":{"@type":"PropertyValueSpecification","valueRequired":true,"valueName":"search_term_string"}}],"inLanguage":"tr"},{"@type":"Organization","@id":"https:\/\/memurunsesi.net\/#organization","name":"Memurun Sesi","url":"https:\/\/memurunsesi.net\/","logo":{"@type":"ImageObject","inLanguage":"tr","@id":"https:\/\/memurunsesi.net\/#\/schema\/logo\/image\/","url":"https:\/\/memurunsesi.net\/wp-content\/uploads\/2025\/11\/cropped-MEMURUN-SESI.png","contentUrl":"https:\/\/memurunsesi.net\/wp-content\/uploads\/2025\/11\/cropped-MEMURUN-SESI.png","width":238,"height":57,"caption":"Memurun Sesi"},"image":{"@id":"https:\/\/memurunsesi.net\/#\/schema\/logo\/image\/"},"sameAs":["https:\/\/www.facebook.com\/unipersen\/?locale=tr_TR","https:\/\/x.com\/unipersen"]},{"@type":"Person","@id":"https:\/\/memurunsesi.net\/#\/schema\/person\/f21c2d73b89f6ee1d80b0a1803e38587","name":"Memurun Sesi Haber Merkezi","image":{"@type":"ImageObject","inLanguage":"tr","@id":"https:\/\/secure.gravatar.com\/avatar\/6cf0505f452ee753f485014986fab09a434671d2b919ee76fc541025c5876a70?s=96&d=mm&r=g","url":"https:\/\/secure.gravatar.com\/avatar\/6cf0505f452ee753f485014986fab09a434671d2b919ee76fc541025c5876a70?s=96&d=mm&r=g","contentUrl":"https:\/\/secure.gravatar.com\/avatar\/6cf0505f452ee753f485014986fab09a434671d2b919ee76fc541025c5876a70?s=96&d=mm&r=g","caption":"Memurun Sesi Haber Merkezi"},"sameAs":["https:\/\/memurunsesi.net"],"url":"https:\/\/memurunsesi.net\/index.php\/author\/uniper\/"}]}},"_links":{"self":[{"href":"https:\/\/memurunsesi.net\/index.php\/wp-json\/wp\/v2\/posts\/9328","targetHints":{"allow":["GET"]}}],"collection":[{"href":"https:\/\/memurunsesi.net\/index.php\/wp-json\/wp\/v2\/posts"}],"about":[{"href":"https:\/\/memurunsesi.net\/index.php\/wp-json\/wp\/v2\/types\/post"}],"author":[{"embeddable":true,"href":"https:\/\/memurunsesi.net\/index.php\/wp-json\/wp\/v2\/users\/1"}],"replies":[{"embeddable":true,"href":"https:\/\/memurunsesi.net\/index.php\/wp-json\/wp\/v2\/comments?post=9328"}],"version-history":[{"count":1,"href":"https:\/\/memurunsesi.net\/index.php\/wp-json\/wp\/v2\/posts\/9328\/revisions"}],"predecessor-version":[{"id":9330,"href":"https:\/\/memurunsesi.net\/index.php\/wp-json\/wp\/v2\/posts\/9328\/revisions\/9330"}],"wp:featuredmedia":[{"embeddable":true,"href":"https:\/\/memurunsesi.net\/index.php\/wp-json\/wp\/v2\/media\/9329"}],"wp:attachment":[{"href":"https:\/\/memurunsesi.net\/index.php\/wp-json\/wp\/v2\/media?parent=9328"}],"wp:term":[{"taxonomy":"category","embeddable":true,"href":"https:\/\/memurunsesi.net\/index.php\/wp-json\/wp\/v2\/categories?post=9328"},{"taxonomy":"post_tag","embeddable":true,"href":"https:\/\/memurunsesi.net\/index.php\/wp-json\/wp\/v2\/tags?post=9328"}],"curies":[{"name":"wp","href":"https:\/\/api.w.org\/{rel}","templated":true}]}}