{"id":9335,"date":"2025-07-16T11:03:13","date_gmt":"2025-07-16T08:03:13","guid":{"rendered":"https:\/\/memurunsesi.net\/?p=9335"},"modified":"2025-07-16T11:03:13","modified_gmt":"2025-07-16T08:03:13","slug":"ankaranin-kecioren-ilcesinde-belediye-otobusunun-karistigi-zincirleme-trafik-kazasinda-ilk-belirlemelere-gore-20-kisi-yaralandi-olay-yeri-boyle-goruntulendi","status":"publish","type":"post","link":"https:\/\/memurunsesi.net\/index.php\/2025\/07\/16\/ankaranin-kecioren-ilcesinde-belediye-otobusunun-karistigi-zincirleme-trafik-kazasinda-ilk-belirlemelere-gore-20-kisi-yaralandi-olay-yeri-boyle-goruntulendi\/","title":{"rendered":"Ankara&#8217;n\u0131n Ke\u00e7i\u00f6ren il\u00e7esinde belediye otob\u00fcs\u00fcn\u00fcn kar\u0131\u015ft\u0131\u011f\u0131 zincirleme trafik kazas\u0131nda ilk belirlemelere g\u00f6re 20 ki\u015fi yaraland\u0131. Olay yeri b\u00f6yle g\u00f6r\u00fcnt\u00fclendi."},"content":{"rendered":"<p>  Zincirleme kaza, Ankara&#8217;n\u0131n Ke\u00e7i\u00f6ren il\u00e7esi Etlik Caddesi \u00fczerinde meydana geldi. \u0130ddialara g\u00f6re, 286 numaral\u0131 &#8216;Ovac\u0131k-K\u0131z\u0131lay-Bakanl\u0131klar&#8217; hatt\u0131nda sefer yapan belediye otob\u00fcs\u00fc, \u00f6nce \u00f6n\u00fcndeki iki hafif ticari araca \u00e7arpt\u0131. Daha sonra \u015fiddetli \u00e7arpman\u0131n etkisi ve \u015fof\u00f6r\u00fcn kontrol\u00fcn\u00fc kaybetmesiyle otob\u00fcs, \u00fcst ge\u00e7idin aya\u011f\u0131na \u00e7arpt\u0131. \u00c7evredeki vatanda\u015flar\u0131n ihbar\u0131 \u00fczerine olay yerine \u00e7ok say\u0131da polis, itfaiye ve ambulans ekipleri sevk edildi. Sa\u011fl\u0131k ekiplerinin olay yerinde ilk m\u00fcdahalesinin ard\u0131ndan yaral\u0131lar, ambulanslarla \u00e7evredeki hastanelere sevk edildi. \u0130lk belirlemelere g\u00f6re 20 ki\u015finin yaraland\u0131\u011f\u0131 kaza ile ilgili polis ekipleri inceleme ba\u015flatt\u0131.<br \/>\n  \u00d6te yandan, \u00e7arp\u0131\u015fman\u0131n etkisiyle otob\u00fcs \u015fof\u00f6r\u00fc ara\u00e7 i\u00e7erisinde s\u0131k\u0131\u015ft\u0131. \u0130tfaiye ekiplerinin 15 dakikal\u0131k yo\u011fun \u00e7al\u0131\u015fmas\u0131n\u0131n ard\u0131ndan otob\u00fcs \u015fof\u00f6r\u00fc bulundu\u011fu yerden \u00e7\u0131kart\u0131ld\u0131.<br \/>\n  Kaza esnas\u0131nda otob\u00fcs\u00fcn i\u00e7erisinde bulunan yolcu Emine Asa, &#8220;Birden y\u00fcksek bir ses geldi. Allah&#8217;a \u015f\u00fck\u00fcr bana bir \u015fey olmad\u0131. \u00c7arp\u0131\u015fman\u0131n etkisiyle g\u00fcvenlikle kar\u015f\u0131 kar\u015f\u0131ya geldik. \u00c7o\u011fu insan yere savruldu&#8221; dedi.<br \/>\n  Olay yerine geldi\u011finde otob\u00fcs\u00fcn bo\u015falt\u0131d\u0131\u011f\u0131n\u0131 s\u00f6yleyen Kalender Dereli, &#8220;Bir yandan 15-20 ki\u015fi yerde seriliydi, yaral\u0131yd\u0131. Art\u0131k otob\u00fcs\u00fcn dikkatsizli\u011finden mi oldu ne diyebiliriz bilmiyoruz. Otob\u00fcs iki kere vurmu\u015f bizim biraderin arabas\u0131na ondan sonra dengesini kaybediyor ondan sonras\u0131 durum bu \u015fekilde. Sonradan g\u00f6nderdik, biz geldi\u011fimizde yerlerde oturuyorlarm\u0131\u015f. Onlar\u0131n fazla bir \u015feyi olmad\u0131\u011f\u0131 i\u00e7in di\u011ferlerine m\u00fcdahale ettiler. Babas\u0131yla beraber Etlik \u015eehir Hastanesine sevk edildi&#8221; diye konu\u015ftu.<br \/>\n<div style=\"width: 512px;\" class=\"wp-video\"><video class=\"wp-video-shortcode\" id=\"video-9335-1\" width=\"512\" height=\"288\" preload=\"metadata\" controls=\"controls\"><source type=\"video\/mp4\" src=\"https:\/\/memurunsesi.net\/wp-content\/uploads\/2025\/07\/59529666-FB00-4255-8E54-BFDFDBE80D62.mp4?_=1\" \/><a href=\"https:\/\/memurunsesi.net\/wp-content\/uploads\/2025\/07\/59529666-FB00-4255-8E54-BFDFDBE80D62.mp4\">https:\/\/memurunsesi.net\/wp-content\/uploads\/2025\/07\/59529666-FB00-4255-8E54-BFDFDBE80D62.mp4<\/a><\/video><\/div><br \/>\n16.07.2025                                       <\/p>\n","protected":false},"excerpt":{"rendered":"<p>Zincirleme kaza, Ankara&#8217;n\u0131n Ke\u00e7i\u00f6ren il\u00e7esi Etlik Caddesi \u00fczerinde meydana geldi. \u0130ddialara g\u00f6re, 286 numaral\u0131 &#8216;Ovac\u0131k-K\u0131z\u0131lay-Bakanl\u0131klar&#8217; hatt\u0131nda sefer yapan belediye otob\u00fcs\u00fc, \u00f6nce \u00f6n\u00fcndeki iki hafif ticari araca \u00e7arpt\u0131. Daha sonra \u015fiddetli \u00e7arpman\u0131n etkisi ve \u015fof\u00f6r\u00fcn kontrol\u00fcn\u00fc kaybetmesiyle otob\u00fcs, \u00fcst ge\u00e7idin aya\u011f\u0131na \u00e7arpt\u0131. \u00c7evredeki vatanda\u015flar\u0131n ihbar\u0131 \u00fczerine olay yerine \u00e7ok say\u0131da polis, itfaiye ve ambulans ekipleri sevk [&hellip;]<\/p>\n","protected":false},"author":1,"featured_media":0,"comment_status":"open","ping_status":"open","sticky":false,"template":"","format":"standard","meta":{"footnotes":""},"categories":[50],"tags":[],"class_list":["post-9335","post","type-post","status-publish","format-standard","hentry","category-tum-haberler"],"yoast_head":"<!-- This site is optimized with the Yoast SEO plugin v27.4 - https:\/\/yoast.com\/product\/yoast-seo-wordpress\/ -->\n<title>Ankara&#039;n\u0131n Ke\u00e7i\u00f6ren il\u00e7esinde belediye otob\u00fcs\u00fcn\u00fcn kar\u0131\u015ft\u0131\u011f\u0131 zincirleme trafik kazas\u0131nda ilk belirlemelere g\u00f6re 20 ki\u015fi yaraland\u0131. Olay yeri b\u00f6yle g\u00f6r\u00fcnt\u00fclendi. - Memurun Sesi<\/title>\n<meta name=\"robots\" content=\"index, follow, max-snippet:-1, max-image-preview:large, max-video-preview:-1\" \/>\n<link rel=\"canonical\" href=\"https:\/\/memurunsesi.net\/index.php\/2025\/07\/16\/ankaranin-kecioren-ilcesinde-belediye-otobusunun-karistigi-zincirleme-trafik-kazasinda-ilk-belirlemelere-gore-20-kisi-yaralandi-olay-yeri-boyle-goruntulendi\/\" \/>\n<meta property=\"og:locale\" content=\"tr_TR\" \/>\n<meta property=\"og:type\" content=\"article\" \/>\n<meta property=\"og:title\" content=\"Ankara&#039;n\u0131n Ke\u00e7i\u00f6ren il\u00e7esinde belediye otob\u00fcs\u00fcn\u00fcn kar\u0131\u015ft\u0131\u011f\u0131 zincirleme trafik kazas\u0131nda ilk belirlemelere g\u00f6re 20 ki\u015fi yaraland\u0131. Olay yeri b\u00f6yle g\u00f6r\u00fcnt\u00fclendi. - Memurun Sesi\" \/>\n<meta property=\"og:description\" content=\"Zincirleme kaza, Ankara&#8217;n\u0131n Ke\u00e7i\u00f6ren il\u00e7esi Etlik Caddesi \u00fczerinde meydana geldi. \u0130ddialara g\u00f6re, 286 numaral\u0131 &#8216;Ovac\u0131k-K\u0131z\u0131lay-Bakanl\u0131klar&#8217; hatt\u0131nda sefer yapan belediye otob\u00fcs\u00fc, \u00f6nce \u00f6n\u00fcndeki iki hafif ticari araca \u00e7arpt\u0131. Daha sonra \u015fiddetli \u00e7arpman\u0131n etkisi ve \u015fof\u00f6r\u00fcn kontrol\u00fcn\u00fc kaybetmesiyle otob\u00fcs, \u00fcst ge\u00e7idin aya\u011f\u0131na \u00e7arpt\u0131. \u00c7evredeki vatanda\u015flar\u0131n ihbar\u0131 \u00fczerine olay yerine \u00e7ok say\u0131da polis, itfaiye ve ambulans ekipleri sevk [&hellip;]\" \/>\n<meta property=\"og:url\" content=\"https:\/\/memurunsesi.net\/index.php\/2025\/07\/16\/ankaranin-kecioren-ilcesinde-belediye-otobusunun-karistigi-zincirleme-trafik-kazasinda-ilk-belirlemelere-gore-20-kisi-yaralandi-olay-yeri-boyle-goruntulendi\/\" \/>\n<meta property=\"og:site_name\" content=\"Memurun Sesi\" \/>\n<meta property=\"article:publisher\" content=\"https:\/\/www.facebook.com\/unipersen\/?locale=tr_TR\" \/>\n<meta property=\"article:published_time\" content=\"2025-07-16T08:03:13+00:00\" \/>\n<meta name=\"author\" content=\"Memurun Sesi Haber Merkezi\" \/>\n<meta name=\"twitter:card\" content=\"summary_large_image\" \/>\n<meta name=\"twitter:creator\" content=\"@unipersen\" \/>\n<meta name=\"twitter:site\" content=\"@unipersen\" \/>\n<meta name=\"twitter:label1\" content=\"Yazan:\" \/>\n\t<meta name=\"twitter:data1\" content=\"Memurun Sesi Haber Merkezi\" \/>\n<script type=\"application\/ld+json\" class=\"yoast-schema-graph\">{\"@context\":\"https:\\\/\\\/schema.org\",\"@graph\":[{\"@type\":\"Article\",\"@id\":\"https:\\\/\\\/memurunsesi.net\\\/index.php\\\/2025\\\/07\\\/16\\\/ankaranin-kecioren-ilcesinde-belediye-otobusunun-karistigi-zincirleme-trafik-kazasinda-ilk-belirlemelere-gore-20-kisi-yaralandi-olay-yeri-boyle-goruntulendi\\\/#article\",\"isPartOf\":{\"@id\":\"https:\\\/\\\/memurunsesi.net\\\/index.php\\\/2025\\\/07\\\/16\\\/ankaranin-kecioren-ilcesinde-belediye-otobusunun-karistigi-zincirleme-trafik-kazasinda-ilk-belirlemelere-gore-20-kisi-yaralandi-olay-yeri-boyle-goruntulendi\\\/\"},\"author\":{\"name\":\"Memurun Sesi Haber Merkezi\",\"@id\":\"https:\\\/\\\/memurunsesi.net\\\/#\\\/schema\\\/person\\\/f21c2d73b89f6ee1d80b0a1803e38587\"},\"headline\":\"Ankara&#8217;n\u0131n Ke\u00e7i\u00f6ren il\u00e7esinde belediye otob\u00fcs\u00fcn\u00fcn kar\u0131\u015ft\u0131\u011f\u0131 zincirleme trafik kazas\u0131nda ilk belirlemelere g\u00f6re 20 ki\u015fi yaraland\u0131. Olay yeri b\u00f6yle g\u00f6r\u00fcnt\u00fclendi.\",\"datePublished\":\"2025-07-16T08:03:13+00:00\",\"mainEntityOfPage\":{\"@id\":\"https:\\\/\\\/memurunsesi.net\\\/index.php\\\/2025\\\/07\\\/16\\\/ankaranin-kecioren-ilcesinde-belediye-otobusunun-karistigi-zincirleme-trafik-kazasinda-ilk-belirlemelere-gore-20-kisi-yaralandi-olay-yeri-boyle-goruntulendi\\\/\"},\"wordCount\":327,\"commentCount\":0,\"publisher\":{\"@id\":\"https:\\\/\\\/memurunsesi.net\\\/#organization\"},\"articleSection\":[\"T\u00fcm Haberler\"],\"inLanguage\":\"tr\",\"potentialAction\":[{\"@type\":\"CommentAction\",\"name\":\"Comment\",\"target\":[\"https:\\\/\\\/memurunsesi.net\\\/index.php\\\/2025\\\/07\\\/16\\\/ankaranin-kecioren-ilcesinde-belediye-otobusunun-karistigi-zincirleme-trafik-kazasinda-ilk-belirlemelere-gore-20-kisi-yaralandi-olay-yeri-boyle-goruntulendi\\\/#respond\"]}]},{\"@type\":\"WebPage\",\"@id\":\"https:\\\/\\\/memurunsesi.net\\\/index.php\\\/2025\\\/07\\\/16\\\/ankaranin-kecioren-ilcesinde-belediye-otobusunun-karistigi-zincirleme-trafik-kazasinda-ilk-belirlemelere-gore-20-kisi-yaralandi-olay-yeri-boyle-goruntulendi\\\/\",\"url\":\"https:\\\/\\\/memurunsesi.net\\\/index.php\\\/2025\\\/07\\\/16\\\/ankaranin-kecioren-ilcesinde-belediye-otobusunun-karistigi-zincirleme-trafik-kazasinda-ilk-belirlemelere-gore-20-kisi-yaralandi-olay-yeri-boyle-goruntulendi\\\/\",\"name\":\"Ankara'n\u0131n Ke\u00e7i\u00f6ren il\u00e7esinde belediye otob\u00fcs\u00fcn\u00fcn kar\u0131\u015ft\u0131\u011f\u0131 zincirleme trafik kazas\u0131nda ilk belirlemelere g\u00f6re 20 ki\u015fi yaraland\u0131. Olay yeri b\u00f6yle g\u00f6r\u00fcnt\u00fclendi. - Memurun Sesi\",\"isPartOf\":{\"@id\":\"https:\\\/\\\/memurunsesi.net\\\/#website\"},\"datePublished\":\"2025-07-16T08:03:13+00:00\",\"breadcrumb\":{\"@id\":\"https:\\\/\\\/memurunsesi.net\\\/index.php\\\/2025\\\/07\\\/16\\\/ankaranin-kecioren-ilcesinde-belediye-otobusunun-karistigi-zincirleme-trafik-kazasinda-ilk-belirlemelere-gore-20-kisi-yaralandi-olay-yeri-boyle-goruntulendi\\\/#breadcrumb\"},\"inLanguage\":\"tr\",\"potentialAction\":[{\"@type\":\"ReadAction\",\"target\":[\"https:\\\/\\\/memurunsesi.net\\\/index.php\\\/2025\\\/07\\\/16\\\/ankaranin-kecioren-ilcesinde-belediye-otobusunun-karistigi-zincirleme-trafik-kazasinda-ilk-belirlemelere-gore-20-kisi-yaralandi-olay-yeri-boyle-goruntulendi\\\/\"]}]},{\"@type\":\"BreadcrumbList\",\"@id\":\"https:\\\/\\\/memurunsesi.net\\\/index.php\\\/2025\\\/07\\\/16\\\/ankaranin-kecioren-ilcesinde-belediye-otobusunun-karistigi-zincirleme-trafik-kazasinda-ilk-belirlemelere-gore-20-kisi-yaralandi-olay-yeri-boyle-goruntulendi\\\/#breadcrumb\",\"itemListElement\":[{\"@type\":\"ListItem\",\"position\":1,\"name\":\"Anasayfa\",\"item\":\"https:\\\/\\\/memurunsesi.net\\\/\"},{\"@type\":\"ListItem\",\"position\":2,\"name\":\"Ankara&#8217;n\u0131n Ke\u00e7i\u00f6ren il\u00e7esinde belediye otob\u00fcs\u00fcn\u00fcn kar\u0131\u015ft\u0131\u011f\u0131 zincirleme trafik kazas\u0131nda ilk belirlemelere g\u00f6re 20 ki\u015fi yaraland\u0131. Olay yeri b\u00f6yle g\u00f6r\u00fcnt\u00fclendi.\"}]},{\"@type\":\"WebSite\",\"@id\":\"https:\\\/\\\/memurunsesi.net\\\/#website\",\"url\":\"https:\\\/\\\/memurunsesi.net\\\/\",\"name\":\"Memurun Sesi\",\"description\":\"G\u00fcncel ve Do\u011fru Haber\",\"publisher\":{\"@id\":\"https:\\\/\\\/memurunsesi.net\\\/#organization\"},\"potentialAction\":[{\"@type\":\"SearchAction\",\"target\":{\"@type\":\"EntryPoint\",\"urlTemplate\":\"https:\\\/\\\/memurunsesi.net\\\/?s={search_term_string}\"},\"query-input\":{\"@type\":\"PropertyValueSpecification\",\"valueRequired\":true,\"valueName\":\"search_term_string\"}}],\"inLanguage\":\"tr\"},{\"@type\":\"Organization\",\"@id\":\"https:\\\/\\\/memurunsesi.net\\\/#organization\",\"name\":\"Memurun Sesi\",\"url\":\"https:\\\/\\\/memurunsesi.net\\\/\",\"logo\":{\"@type\":\"ImageObject\",\"inLanguage\":\"tr\",\"@id\":\"https:\\\/\\\/memurunsesi.net\\\/#\\\/schema\\\/logo\\\/image\\\/\",\"url\":\"https:\\\/\\\/memurunsesi.net\\\/wp-content\\\/uploads\\\/2025\\\/11\\\/cropped-MEMURUN-SESI.png\",\"contentUrl\":\"https:\\\/\\\/memurunsesi.net\\\/wp-content\\\/uploads\\\/2025\\\/11\\\/cropped-MEMURUN-SESI.png\",\"width\":238,\"height\":57,\"caption\":\"Memurun Sesi\"},\"image\":{\"@id\":\"https:\\\/\\\/memurunsesi.net\\\/#\\\/schema\\\/logo\\\/image\\\/\"},\"sameAs\":[\"https:\\\/\\\/www.facebook.com\\\/unipersen\\\/?locale=tr_TR\",\"https:\\\/\\\/x.com\\\/unipersen\"]},{\"@type\":\"Person\",\"@id\":\"https:\\\/\\\/memurunsesi.net\\\/#\\\/schema\\\/person\\\/f21c2d73b89f6ee1d80b0a1803e38587\",\"name\":\"Memurun Sesi Haber Merkezi\",\"image\":{\"@type\":\"ImageObject\",\"inLanguage\":\"tr\",\"@id\":\"https:\\\/\\\/secure.gravatar.com\\\/avatar\\\/6cf0505f452ee753f485014986fab09a434671d2b919ee76fc541025c5876a70?s=96&d=mm&r=g\",\"url\":\"https:\\\/\\\/secure.gravatar.com\\\/avatar\\\/6cf0505f452ee753f485014986fab09a434671d2b919ee76fc541025c5876a70?s=96&d=mm&r=g\",\"contentUrl\":\"https:\\\/\\\/secure.gravatar.com\\\/avatar\\\/6cf0505f452ee753f485014986fab09a434671d2b919ee76fc541025c5876a70?s=96&d=mm&r=g\",\"caption\":\"Memurun Sesi Haber Merkezi\"},\"sameAs\":[\"https:\\\/\\\/memurunsesi.net\"],\"url\":\"https:\\\/\\\/memurunsesi.net\\\/index.php\\\/author\\\/uniper\\\/\"}]}<\/script>\n<!-- \/ Yoast SEO plugin. -->","yoast_head_json":{"title":"Ankara'n\u0131n Ke\u00e7i\u00f6ren il\u00e7esinde belediye otob\u00fcs\u00fcn\u00fcn kar\u0131\u015ft\u0131\u011f\u0131 zincirleme trafik kazas\u0131nda ilk belirlemelere g\u00f6re 20 ki\u015fi yaraland\u0131. Olay yeri b\u00f6yle g\u00f6r\u00fcnt\u00fclendi. - Memurun Sesi","robots":{"index":"index","follow":"follow","max-snippet":"max-snippet:-1","max-image-preview":"max-image-preview:large","max-video-preview":"max-video-preview:-1"},"canonical":"https:\/\/memurunsesi.net\/index.php\/2025\/07\/16\/ankaranin-kecioren-ilcesinde-belediye-otobusunun-karistigi-zincirleme-trafik-kazasinda-ilk-belirlemelere-gore-20-kisi-yaralandi-olay-yeri-boyle-goruntulendi\/","og_locale":"tr_TR","og_type":"article","og_title":"Ankara'n\u0131n Ke\u00e7i\u00f6ren il\u00e7esinde belediye otob\u00fcs\u00fcn\u00fcn kar\u0131\u015ft\u0131\u011f\u0131 zincirleme trafik kazas\u0131nda ilk belirlemelere g\u00f6re 20 ki\u015fi yaraland\u0131. Olay yeri b\u00f6yle g\u00f6r\u00fcnt\u00fclendi. - Memurun Sesi","og_description":"Zincirleme kaza, Ankara&#8217;n\u0131n Ke\u00e7i\u00f6ren il\u00e7esi Etlik Caddesi \u00fczerinde meydana geldi. \u0130ddialara g\u00f6re, 286 numaral\u0131 &#8216;Ovac\u0131k-K\u0131z\u0131lay-Bakanl\u0131klar&#8217; hatt\u0131nda sefer yapan belediye otob\u00fcs\u00fc, \u00f6nce \u00f6n\u00fcndeki iki hafif ticari araca \u00e7arpt\u0131. Daha sonra \u015fiddetli \u00e7arpman\u0131n etkisi ve \u015fof\u00f6r\u00fcn kontrol\u00fcn\u00fc kaybetmesiyle otob\u00fcs, \u00fcst ge\u00e7idin aya\u011f\u0131na \u00e7arpt\u0131. \u00c7evredeki vatanda\u015flar\u0131n ihbar\u0131 \u00fczerine olay yerine \u00e7ok say\u0131da polis, itfaiye ve ambulans ekipleri sevk [&hellip;]","og_url":"https:\/\/memurunsesi.net\/index.php\/2025\/07\/16\/ankaranin-kecioren-ilcesinde-belediye-otobusunun-karistigi-zincirleme-trafik-kazasinda-ilk-belirlemelere-gore-20-kisi-yaralandi-olay-yeri-boyle-goruntulendi\/","og_site_name":"Memurun Sesi","article_publisher":"https:\/\/www.facebook.com\/unipersen\/?locale=tr_TR","article_published_time":"2025-07-16T08:03:13+00:00","author":"Memurun Sesi Haber Merkezi","twitter_card":"summary_large_image","twitter_creator":"@unipersen","twitter_site":"@unipersen","twitter_misc":{"Yazan:":"Memurun Sesi Haber Merkezi"},"schema":{"@context":"https:\/\/schema.org","@graph":[{"@type":"Article","@id":"https:\/\/memurunsesi.net\/index.php\/2025\/07\/16\/ankaranin-kecioren-ilcesinde-belediye-otobusunun-karistigi-zincirleme-trafik-kazasinda-ilk-belirlemelere-gore-20-kisi-yaralandi-olay-yeri-boyle-goruntulendi\/#article","isPartOf":{"@id":"https:\/\/memurunsesi.net\/index.php\/2025\/07\/16\/ankaranin-kecioren-ilcesinde-belediye-otobusunun-karistigi-zincirleme-trafik-kazasinda-ilk-belirlemelere-gore-20-kisi-yaralandi-olay-yeri-boyle-goruntulendi\/"},"author":{"name":"Memurun Sesi Haber Merkezi","@id":"https:\/\/memurunsesi.net\/#\/schema\/person\/f21c2d73b89f6ee1d80b0a1803e38587"},"headline":"Ankara&#8217;n\u0131n Ke\u00e7i\u00f6ren il\u00e7esinde belediye otob\u00fcs\u00fcn\u00fcn kar\u0131\u015ft\u0131\u011f\u0131 zincirleme trafik kazas\u0131nda ilk belirlemelere g\u00f6re 20 ki\u015fi yaraland\u0131. Olay yeri b\u00f6yle g\u00f6r\u00fcnt\u00fclendi.","datePublished":"2025-07-16T08:03:13+00:00","mainEntityOfPage":{"@id":"https:\/\/memurunsesi.net\/index.php\/2025\/07\/16\/ankaranin-kecioren-ilcesinde-belediye-otobusunun-karistigi-zincirleme-trafik-kazasinda-ilk-belirlemelere-gore-20-kisi-yaralandi-olay-yeri-boyle-goruntulendi\/"},"wordCount":327,"commentCount":0,"publisher":{"@id":"https:\/\/memurunsesi.net\/#organization"},"articleSection":["T\u00fcm Haberler"],"inLanguage":"tr","potentialAction":[{"@type":"CommentAction","name":"Comment","target":["https:\/\/memurunsesi.net\/index.php\/2025\/07\/16\/ankaranin-kecioren-ilcesinde-belediye-otobusunun-karistigi-zincirleme-trafik-kazasinda-ilk-belirlemelere-gore-20-kisi-yaralandi-olay-yeri-boyle-goruntulendi\/#respond"]}]},{"@type":"WebPage","@id":"https:\/\/memurunsesi.net\/index.php\/2025\/07\/16\/ankaranin-kecioren-ilcesinde-belediye-otobusunun-karistigi-zincirleme-trafik-kazasinda-ilk-belirlemelere-gore-20-kisi-yaralandi-olay-yeri-boyle-goruntulendi\/","url":"https:\/\/memurunsesi.net\/index.php\/2025\/07\/16\/ankaranin-kecioren-ilcesinde-belediye-otobusunun-karistigi-zincirleme-trafik-kazasinda-ilk-belirlemelere-gore-20-kisi-yaralandi-olay-yeri-boyle-goruntulendi\/","name":"Ankara'n\u0131n Ke\u00e7i\u00f6ren il\u00e7esinde belediye otob\u00fcs\u00fcn\u00fcn kar\u0131\u015ft\u0131\u011f\u0131 zincirleme trafik kazas\u0131nda ilk belirlemelere g\u00f6re 20 ki\u015fi yaraland\u0131. Olay yeri b\u00f6yle g\u00f6r\u00fcnt\u00fclendi. - Memurun Sesi","isPartOf":{"@id":"https:\/\/memurunsesi.net\/#website"},"datePublished":"2025-07-16T08:03:13+00:00","breadcrumb":{"@id":"https:\/\/memurunsesi.net\/index.php\/2025\/07\/16\/ankaranin-kecioren-ilcesinde-belediye-otobusunun-karistigi-zincirleme-trafik-kazasinda-ilk-belirlemelere-gore-20-kisi-yaralandi-olay-yeri-boyle-goruntulendi\/#breadcrumb"},"inLanguage":"tr","potentialAction":[{"@type":"ReadAction","target":["https:\/\/memurunsesi.net\/index.php\/2025\/07\/16\/ankaranin-kecioren-ilcesinde-belediye-otobusunun-karistigi-zincirleme-trafik-kazasinda-ilk-belirlemelere-gore-20-kisi-yaralandi-olay-yeri-boyle-goruntulendi\/"]}]},{"@type":"BreadcrumbList","@id":"https:\/\/memurunsesi.net\/index.php\/2025\/07\/16\/ankaranin-kecioren-ilcesinde-belediye-otobusunun-karistigi-zincirleme-trafik-kazasinda-ilk-belirlemelere-gore-20-kisi-yaralandi-olay-yeri-boyle-goruntulendi\/#breadcrumb","itemListElement":[{"@type":"ListItem","position":1,"name":"Anasayfa","item":"https:\/\/memurunsesi.net\/"},{"@type":"ListItem","position":2,"name":"Ankara&#8217;n\u0131n Ke\u00e7i\u00f6ren il\u00e7esinde belediye otob\u00fcs\u00fcn\u00fcn kar\u0131\u015ft\u0131\u011f\u0131 zincirleme trafik kazas\u0131nda ilk belirlemelere g\u00f6re 20 ki\u015fi yaraland\u0131. Olay yeri b\u00f6yle g\u00f6r\u00fcnt\u00fclendi."}]},{"@type":"WebSite","@id":"https:\/\/memurunsesi.net\/#website","url":"https:\/\/memurunsesi.net\/","name":"Memurun Sesi","description":"G\u00fcncel ve Do\u011fru Haber","publisher":{"@id":"https:\/\/memurunsesi.net\/#organization"},"potentialAction":[{"@type":"SearchAction","target":{"@type":"EntryPoint","urlTemplate":"https:\/\/memurunsesi.net\/?s={search_term_string}"},"query-input":{"@type":"PropertyValueSpecification","valueRequired":true,"valueName":"search_term_string"}}],"inLanguage":"tr"},{"@type":"Organization","@id":"https:\/\/memurunsesi.net\/#organization","name":"Memurun Sesi","url":"https:\/\/memurunsesi.net\/","logo":{"@type":"ImageObject","inLanguage":"tr","@id":"https:\/\/memurunsesi.net\/#\/schema\/logo\/image\/","url":"https:\/\/memurunsesi.net\/wp-content\/uploads\/2025\/11\/cropped-MEMURUN-SESI.png","contentUrl":"https:\/\/memurunsesi.net\/wp-content\/uploads\/2025\/11\/cropped-MEMURUN-SESI.png","width":238,"height":57,"caption":"Memurun Sesi"},"image":{"@id":"https:\/\/memurunsesi.net\/#\/schema\/logo\/image\/"},"sameAs":["https:\/\/www.facebook.com\/unipersen\/?locale=tr_TR","https:\/\/x.com\/unipersen"]},{"@type":"Person","@id":"https:\/\/memurunsesi.net\/#\/schema\/person\/f21c2d73b89f6ee1d80b0a1803e38587","name":"Memurun Sesi Haber Merkezi","image":{"@type":"ImageObject","inLanguage":"tr","@id":"https:\/\/secure.gravatar.com\/avatar\/6cf0505f452ee753f485014986fab09a434671d2b919ee76fc541025c5876a70?s=96&d=mm&r=g","url":"https:\/\/secure.gravatar.com\/avatar\/6cf0505f452ee753f485014986fab09a434671d2b919ee76fc541025c5876a70?s=96&d=mm&r=g","contentUrl":"https:\/\/secure.gravatar.com\/avatar\/6cf0505f452ee753f485014986fab09a434671d2b919ee76fc541025c5876a70?s=96&d=mm&r=g","caption":"Memurun Sesi Haber Merkezi"},"sameAs":["https:\/\/memurunsesi.net"],"url":"https:\/\/memurunsesi.net\/index.php\/author\/uniper\/"}]}},"_links":{"self":[{"href":"https:\/\/memurunsesi.net\/index.php\/wp-json\/wp\/v2\/posts\/9335","targetHints":{"allow":["GET"]}}],"collection":[{"href":"https:\/\/memurunsesi.net\/index.php\/wp-json\/wp\/v2\/posts"}],"about":[{"href":"https:\/\/memurunsesi.net\/index.php\/wp-json\/wp\/v2\/types\/post"}],"author":[{"embeddable":true,"href":"https:\/\/memurunsesi.net\/index.php\/wp-json\/wp\/v2\/users\/1"}],"replies":[{"embeddable":true,"href":"https:\/\/memurunsesi.net\/index.php\/wp-json\/wp\/v2\/comments?post=9335"}],"version-history":[{"count":1,"href":"https:\/\/memurunsesi.net\/index.php\/wp-json\/wp\/v2\/posts\/9335\/revisions"}],"predecessor-version":[{"id":9337,"href":"https:\/\/memurunsesi.net\/index.php\/wp-json\/wp\/v2\/posts\/9335\/revisions\/9337"}],"wp:attachment":[{"href":"https:\/\/memurunsesi.net\/index.php\/wp-json\/wp\/v2\/media?parent=9335"}],"wp:term":[{"taxonomy":"category","embeddable":true,"href":"https:\/\/memurunsesi.net\/index.php\/wp-json\/wp\/v2\/categories?post=9335"},{"taxonomy":"post_tag","embeddable":true,"href":"https:\/\/memurunsesi.net\/index.php\/wp-json\/wp\/v2\/tags?post=9335"}],"curies":[{"name":"wp","href":"https:\/\/api.w.org\/{rel}","templated":true}]}}