{"id":9339,"date":"2025-07-16T11:08:22","date_gmt":"2025-07-16T08:08:22","guid":{"rendered":"https:\/\/memurunsesi.net\/?p=9339"},"modified":"2025-07-16T11:08:22","modified_gmt":"2025-07-16T08:08:22","slug":"3-yil-once-esi-terk-etti-simdi-de-ev-sahibi-sokaga-atti","status":"publish","type":"post","link":"https:\/\/memurunsesi.net\/index.php\/2025\/07\/16\/3-yil-once-esi-terk-etti-simdi-de-ev-sahibi-sokaga-atti\/","title":{"rendered":"3 y\u0131l \u00f6nce e\u015fi terk etti, \u015fimdi de ev sahibi soka\u011fa att\u0131"},"content":{"rendered":"<p>  &#8211; Adana&#8217;da 3 y\u0131l \u00f6nce 6 \u00e7ocukla birlikte e\u015finin terk etti\u011fi adam, ev sahibi de soka\u011fa at\u0131nca ormanl\u0131k alanda ya\u015famaya ba\u015flad\u0131<br \/>\n  &#8211; Bayram G\u00fczelo\u011flu:<br \/>\n  &#8211; &#8220;3 y\u0131l \u00f6nce e\u015fim 6 \u00e7ocukla birlikte beni terk edip ba\u015fka bir adamla gitti&#8221;<br \/>\n  &#8211; &#8220;\u015eimdi de ev sahibim soka\u011fa att\u0131\u011f\u0131 i\u00e7in o\u011flumla birlikte ormanl\u0131k alanda ya\u015f\u0131yoruz&#8221;   <\/p>\n<p>  (Foto\u011frafl\u0131)   <\/p>\n<p>  Fatih Ke\u00e7e &#8211; Serkan \u00c7etinkaya<br \/>\n  ADANA (\u0130HA) &#8211; Adana&#8217;da 3 y\u0131l \u00f6nce 6 \u00e7ocukla birlikte e\u015finin terk etti\u011fi Bayram G\u00fczelo\u011flu, ev sahibinin soka\u011fa atmas\u0131ndan dolay\u0131 \u00fcniversite yerle\u015fkesinde ormanl\u0131k alanda ya\u015f\u0131yor.<br \/>\n  Plastik at\u0131k toplayarak ge\u00e7imini sa\u011flayan Bayram G\u00fczelo\u011flu (54), 3 y\u0131l \u00f6nce e\u015fi Serap B. taraf\u0131ndan terk edildi. Serap B., 6 \u00e7ocu\u011funu da b\u0131rakarak evi terk etti. \u00c7ocuklar\u0131na hem anne hem baba olan G\u00fczelo\u011flu, 2 hafta \u00f6nce de merkez Y\u00fcre\u011fir il\u00e7esi 19 May\u0131s Mahallesi&#8217;nde kirada oturdu\u011fu evden \u00e7\u0131kar\u0131ld\u0131. Gidecek yeri olmayan G\u00fczelo\u011flu, 14 ya\u015f\u0131ndaki o\u011flu Mehmet G\u00fczelo\u011flu ile birlikte \u00c7ukurova \u00dcniversitesi Yerle\u015fkesi&#8217;nde ormanl\u0131k alana \u00e7ad\u0131r kurarak, burada ya\u015famaya ba\u015flad\u0131.<br \/>\n  Bayram G\u00fczelo\u011flu, &#8220;Ev sahibine ayl\u0131k d\u00fczenli olarak 5 bin lira kiram\u0131 \u00f6d\u00fcyordum. Bir g\u00fcn gelip evi satt\u0131\u011f\u0131n\u0131 s\u00f6yleyip, evden \u00e7\u0131kmam\u0131 istedi. Ben de gidecek yerim olmad\u0131\u011f\u0131n\u0131 s\u00f6yleyince daha ay dolmadan beni soka\u011fa att\u0131. \u00c7ocukla birlikte \u00e7ad\u0131r al\u0131p, ormanl\u0131k alana \u00e7ad\u0131r kurup, burada ya\u015famaya ba\u015flad\u0131k. Hava \u00e7ok s\u0131cak, burada ya\u015famak \u00e7ok zor oluyor ama mecbur kald\u0131k&#8221; dedi.<br \/>\n  E\u015finin de kendisini 6 \u00e7ocukla birlikte 3 y\u0131l \u00f6nce terk etti\u011fini anlatan G\u00fczelo\u011flu, \u015f\u00f6yle devam etti:<br \/>\n  &#8220;E\u015fim beni ve 6 \u00e7ocu\u011fumu terk edip ba\u015fka bir adamla gitti. Beni bir tarafa b\u0131rak\u0131n, \u00e7ocuklar\u0131 bile hi\u00e7  d\u00fc\u015f\u00fcnmedi. Bu ya\u015fad\u0131klar\u0131ma \u00e7ok \u00fcz\u00fcl\u00fcyorum ama elimden bir \u015fey gelmiyor.&#8221;<br \/>\n  Mehmet G\u00fczelo\u011flu ise \u00e7ad\u0131rda ya\u015faman\u0131n zor oldu\u011funu, geceleri korktuklar\u0131n\u0131 s\u00f6yleyerek, &#8220;\u00d6nce annem terk etti, \u015fimdi sokakta kald\u0131k. Annem gideli 3 y\u0131l oldu, hi\u00e7 g\u00f6r\u00fc\u015fmedik. Onu \u00f6zl\u00fcyorum ama o bizi hi\u00e7 aram\u0131yor. 3 y\u0131ld\u0131r hi\u00e7 g\u00f6r\u00fc\u015fmedik&#8221; diye konu\u015ftu. <\/p>\n<p>16.07.2025                             <\/p>\n","protected":false},"excerpt":{"rendered":"<p>&#8211; Adana&#8217;da 3 y\u0131l \u00f6nce 6 \u00e7ocukla birlikte e\u015finin terk etti\u011fi adam, ev sahibi de soka\u011fa at\u0131nca ormanl\u0131k alanda ya\u015famaya ba\u015flad\u0131 &#8211; Bayram G\u00fczelo\u011flu: &#8211; &#8220;3 y\u0131l \u00f6nce e\u015fim 6 \u00e7ocukla birlikte beni terk edip ba\u015fka bir adamla gitti&#8221; &#8211; &#8220;\u015eimdi de ev sahibim soka\u011fa att\u0131\u011f\u0131 i\u00e7in o\u011flumla birlikte ormanl\u0131k alanda ya\u015f\u0131yoruz&#8221; (Foto\u011frafl\u0131) Fatih Ke\u00e7e [&hellip;]<\/p>\n","protected":false},"author":1,"featured_media":9340,"comment_status":"open","ping_status":"open","sticky":false,"template":"","format":"standard","meta":{"footnotes":""},"categories":[1],"tags":[],"class_list":["post-9339","post","type-post","status-publish","format-standard","has-post-thumbnail","hentry","category-genel"],"yoast_head":"<!-- This site is optimized with the Yoast SEO plugin v27.4 - https:\/\/yoast.com\/product\/yoast-seo-wordpress\/ -->\n<title>3 y\u0131l \u00f6nce e\u015fi terk etti, \u015fimdi de ev sahibi soka\u011fa att\u0131 - Memurun Sesi<\/title>\n<meta name=\"robots\" content=\"index, follow, max-snippet:-1, max-image-preview:large, max-video-preview:-1\" \/>\n<link rel=\"canonical\" href=\"https:\/\/memurunsesi.net\/index.php\/2025\/07\/16\/3-yil-once-esi-terk-etti-simdi-de-ev-sahibi-sokaga-atti\/\" \/>\n<meta property=\"og:locale\" content=\"tr_TR\" \/>\n<meta property=\"og:type\" content=\"article\" \/>\n<meta property=\"og:title\" content=\"3 y\u0131l \u00f6nce e\u015fi terk etti, \u015fimdi de ev sahibi soka\u011fa att\u0131 - Memurun Sesi\" \/>\n<meta property=\"og:description\" content=\"&#8211; Adana&#8217;da 3 y\u0131l \u00f6nce 6 \u00e7ocukla birlikte e\u015finin terk etti\u011fi adam, ev sahibi de soka\u011fa at\u0131nca ormanl\u0131k alanda ya\u015famaya ba\u015flad\u0131 &#8211; Bayram G\u00fczelo\u011flu: &#8211; &#8220;3 y\u0131l \u00f6nce e\u015fim 6 \u00e7ocukla birlikte beni terk edip ba\u015fka bir adamla gitti&#8221; &#8211; &#8220;\u015eimdi de ev sahibim soka\u011fa att\u0131\u011f\u0131 i\u00e7in o\u011flumla birlikte ormanl\u0131k alanda ya\u015f\u0131yoruz&#8221; (Foto\u011frafl\u0131) Fatih Ke\u00e7e [&hellip;]\" \/>\n<meta property=\"og:url\" content=\"https:\/\/memurunsesi.net\/index.php\/2025\/07\/16\/3-yil-once-esi-terk-etti-simdi-de-ev-sahibi-sokaga-atti\/\" \/>\n<meta property=\"og:site_name\" content=\"Memurun Sesi\" \/>\n<meta property=\"article:publisher\" content=\"https:\/\/www.facebook.com\/unipersen\/?locale=tr_TR\" \/>\n<meta property=\"article:published_time\" content=\"2025-07-16T08:08:22+00:00\" \/>\n<meta property=\"og:image\" content=\"https:\/\/memurunsesi.net\/wp-content\/uploads\/2025\/07\/AW498049_03-scaled.jpg\" \/>\n\t<meta property=\"og:image:width\" content=\"2560\" \/>\n\t<meta property=\"og:image:height\" content=\"1920\" \/>\n\t<meta property=\"og:image:type\" content=\"image\/jpeg\" \/>\n<meta name=\"author\" content=\"Memurun Sesi Haber Merkezi\" \/>\n<meta name=\"twitter:card\" content=\"summary_large_image\" \/>\n<meta name=\"twitter:creator\" content=\"@unipersen\" \/>\n<meta name=\"twitter:site\" content=\"@unipersen\" \/>\n<meta name=\"twitter:label1\" content=\"Yazan:\" \/>\n\t<meta name=\"twitter:data1\" content=\"Memurun Sesi Haber Merkezi\" \/>\n\t<meta name=\"twitter:label2\" content=\"Tahmini okuma s\u00fcresi\" \/>\n\t<meta name=\"twitter:data2\" content=\"1 dakika\" \/>\n<script type=\"application\/ld+json\" class=\"yoast-schema-graph\">{\"@context\":\"https:\\\/\\\/schema.org\",\"@graph\":[{\"@type\":\"Article\",\"@id\":\"https:\\\/\\\/memurunsesi.net\\\/index.php\\\/2025\\\/07\\\/16\\\/3-yil-once-esi-terk-etti-simdi-de-ev-sahibi-sokaga-atti\\\/#article\",\"isPartOf\":{\"@id\":\"https:\\\/\\\/memurunsesi.net\\\/index.php\\\/2025\\\/07\\\/16\\\/3-yil-once-esi-terk-etti-simdi-de-ev-sahibi-sokaga-atti\\\/\"},\"author\":{\"name\":\"Memurun Sesi Haber Merkezi\",\"@id\":\"https:\\\/\\\/memurunsesi.net\\\/#\\\/schema\\\/person\\\/f21c2d73b89f6ee1d80b0a1803e38587\"},\"headline\":\"3 y\u0131l \u00f6nce e\u015fi terk etti, \u015fimdi de ev sahibi soka\u011fa att\u0131\",\"datePublished\":\"2025-07-16T08:08:22+00:00\",\"mainEntityOfPage\":{\"@id\":\"https:\\\/\\\/memurunsesi.net\\\/index.php\\\/2025\\\/07\\\/16\\\/3-yil-once-esi-terk-etti-simdi-de-ev-sahibi-sokaga-atti\\\/\"},\"wordCount\":404,\"commentCount\":0,\"publisher\":{\"@id\":\"https:\\\/\\\/memurunsesi.net\\\/#organization\"},\"image\":{\"@id\":\"https:\\\/\\\/memurunsesi.net\\\/index.php\\\/2025\\\/07\\\/16\\\/3-yil-once-esi-terk-etti-simdi-de-ev-sahibi-sokaga-atti\\\/#primaryimage\"},\"thumbnailUrl\":\"https:\\\/\\\/memurunsesi.net\\\/wp-content\\\/uploads\\\/2025\\\/07\\\/AW498049_03-scaled.jpg\",\"inLanguage\":\"tr\",\"potentialAction\":[{\"@type\":\"CommentAction\",\"name\":\"Comment\",\"target\":[\"https:\\\/\\\/memurunsesi.net\\\/index.php\\\/2025\\\/07\\\/16\\\/3-yil-once-esi-terk-etti-simdi-de-ev-sahibi-sokaga-atti\\\/#respond\"]}]},{\"@type\":\"WebPage\",\"@id\":\"https:\\\/\\\/memurunsesi.net\\\/index.php\\\/2025\\\/07\\\/16\\\/3-yil-once-esi-terk-etti-simdi-de-ev-sahibi-sokaga-atti\\\/\",\"url\":\"https:\\\/\\\/memurunsesi.net\\\/index.php\\\/2025\\\/07\\\/16\\\/3-yil-once-esi-terk-etti-simdi-de-ev-sahibi-sokaga-atti\\\/\",\"name\":\"3 y\u0131l \u00f6nce e\u015fi terk etti, \u015fimdi de ev sahibi soka\u011fa att\u0131 - Memurun Sesi\",\"isPartOf\":{\"@id\":\"https:\\\/\\\/memurunsesi.net\\\/#website\"},\"primaryImageOfPage\":{\"@id\":\"https:\\\/\\\/memurunsesi.net\\\/index.php\\\/2025\\\/07\\\/16\\\/3-yil-once-esi-terk-etti-simdi-de-ev-sahibi-sokaga-atti\\\/#primaryimage\"},\"image\":{\"@id\":\"https:\\\/\\\/memurunsesi.net\\\/index.php\\\/2025\\\/07\\\/16\\\/3-yil-once-esi-terk-etti-simdi-de-ev-sahibi-sokaga-atti\\\/#primaryimage\"},\"thumbnailUrl\":\"https:\\\/\\\/memurunsesi.net\\\/wp-content\\\/uploads\\\/2025\\\/07\\\/AW498049_03-scaled.jpg\",\"datePublished\":\"2025-07-16T08:08:22+00:00\",\"breadcrumb\":{\"@id\":\"https:\\\/\\\/memurunsesi.net\\\/index.php\\\/2025\\\/07\\\/16\\\/3-yil-once-esi-terk-etti-simdi-de-ev-sahibi-sokaga-atti\\\/#breadcrumb\"},\"inLanguage\":\"tr\",\"potentialAction\":[{\"@type\":\"ReadAction\",\"target\":[\"https:\\\/\\\/memurunsesi.net\\\/index.php\\\/2025\\\/07\\\/16\\\/3-yil-once-esi-terk-etti-simdi-de-ev-sahibi-sokaga-atti\\\/\"]}]},{\"@type\":\"ImageObject\",\"inLanguage\":\"tr\",\"@id\":\"https:\\\/\\\/memurunsesi.net\\\/index.php\\\/2025\\\/07\\\/16\\\/3-yil-once-esi-terk-etti-simdi-de-ev-sahibi-sokaga-atti\\\/#primaryimage\",\"url\":\"https:\\\/\\\/memurunsesi.net\\\/wp-content\\\/uploads\\\/2025\\\/07\\\/AW498049_03-scaled.jpg\",\"contentUrl\":\"https:\\\/\\\/memurunsesi.net\\\/wp-content\\\/uploads\\\/2025\\\/07\\\/AW498049_03-scaled.jpg\",\"width\":2560,\"height\":1920,\"caption\":\"ADANA'DA 3 YIL \u00d6NCE 6 \u00c7OCUKLA B\u0130RL\u0130KTE E\u015e\u0130N\u0130N TERK ETT\u0130\u011e\u0130 ADAM, EV SAH\u0130B\u0130N\u0130N SOKA\u011eA ATMASINDAN DOLAYI, \u00dcN\u0130VERS\u0130TE YERLE\u015eKES\u0130NDE ORMANLIK ALANDA YA\u015eAMAK ZORUNDA KALDI. (FAT\u0130H KE\u00c7E - SERKAN \u00c7ET\u0130NKAYA\\\/ADANA-\u0130HA) Adana'da 3 y\u0131l \u00f6nce 6 \u00e7ocukla birlikte e\u015finin terk etti\u011fi Bayram G\u00fczelo\u011flu, ev sahibinin soka\u011fa atmas\u0131ndan dolay\u0131 \u00fcniversite yerle\u015fkesinde ormanl\u0131k alanda ya\u015f\u0131yor.\"},{\"@type\":\"BreadcrumbList\",\"@id\":\"https:\\\/\\\/memurunsesi.net\\\/index.php\\\/2025\\\/07\\\/16\\\/3-yil-once-esi-terk-etti-simdi-de-ev-sahibi-sokaga-atti\\\/#breadcrumb\",\"itemListElement\":[{\"@type\":\"ListItem\",\"position\":1,\"name\":\"Anasayfa\",\"item\":\"https:\\\/\\\/memurunsesi.net\\\/\"},{\"@type\":\"ListItem\",\"position\":2,\"name\":\"3 y\u0131l \u00f6nce e\u015fi terk etti, \u015fimdi de ev sahibi soka\u011fa att\u0131\"}]},{\"@type\":\"WebSite\",\"@id\":\"https:\\\/\\\/memurunsesi.net\\\/#website\",\"url\":\"https:\\\/\\\/memurunsesi.net\\\/\",\"name\":\"Memurun Sesi\",\"description\":\"G\u00fcncel ve Do\u011fru Haber\",\"publisher\":{\"@id\":\"https:\\\/\\\/memurunsesi.net\\\/#organization\"},\"potentialAction\":[{\"@type\":\"SearchAction\",\"target\":{\"@type\":\"EntryPoint\",\"urlTemplate\":\"https:\\\/\\\/memurunsesi.net\\\/?s={search_term_string}\"},\"query-input\":{\"@type\":\"PropertyValueSpecification\",\"valueRequired\":true,\"valueName\":\"search_term_string\"}}],\"inLanguage\":\"tr\"},{\"@type\":\"Organization\",\"@id\":\"https:\\\/\\\/memurunsesi.net\\\/#organization\",\"name\":\"Memurun Sesi\",\"url\":\"https:\\\/\\\/memurunsesi.net\\\/\",\"logo\":{\"@type\":\"ImageObject\",\"inLanguage\":\"tr\",\"@id\":\"https:\\\/\\\/memurunsesi.net\\\/#\\\/schema\\\/logo\\\/image\\\/\",\"url\":\"https:\\\/\\\/memurunsesi.net\\\/wp-content\\\/uploads\\\/2025\\\/11\\\/cropped-MEMURUN-SESI.png\",\"contentUrl\":\"https:\\\/\\\/memurunsesi.net\\\/wp-content\\\/uploads\\\/2025\\\/11\\\/cropped-MEMURUN-SESI.png\",\"width\":238,\"height\":57,\"caption\":\"Memurun Sesi\"},\"image\":{\"@id\":\"https:\\\/\\\/memurunsesi.net\\\/#\\\/schema\\\/logo\\\/image\\\/\"},\"sameAs\":[\"https:\\\/\\\/www.facebook.com\\\/unipersen\\\/?locale=tr_TR\",\"https:\\\/\\\/x.com\\\/unipersen\"]},{\"@type\":\"Person\",\"@id\":\"https:\\\/\\\/memurunsesi.net\\\/#\\\/schema\\\/person\\\/f21c2d73b89f6ee1d80b0a1803e38587\",\"name\":\"Memurun Sesi Haber Merkezi\",\"image\":{\"@type\":\"ImageObject\",\"inLanguage\":\"tr\",\"@id\":\"https:\\\/\\\/secure.gravatar.com\\\/avatar\\\/6cf0505f452ee753f485014986fab09a434671d2b919ee76fc541025c5876a70?s=96&d=mm&r=g\",\"url\":\"https:\\\/\\\/secure.gravatar.com\\\/avatar\\\/6cf0505f452ee753f485014986fab09a434671d2b919ee76fc541025c5876a70?s=96&d=mm&r=g\",\"contentUrl\":\"https:\\\/\\\/secure.gravatar.com\\\/avatar\\\/6cf0505f452ee753f485014986fab09a434671d2b919ee76fc541025c5876a70?s=96&d=mm&r=g\",\"caption\":\"Memurun Sesi Haber Merkezi\"},\"sameAs\":[\"https:\\\/\\\/memurunsesi.net\"],\"url\":\"https:\\\/\\\/memurunsesi.net\\\/index.php\\\/author\\\/uniper\\\/\"}]}<\/script>\n<!-- \/ Yoast SEO plugin. -->","yoast_head_json":{"title":"3 y\u0131l \u00f6nce e\u015fi terk etti, \u015fimdi de ev sahibi soka\u011fa att\u0131 - Memurun Sesi","robots":{"index":"index","follow":"follow","max-snippet":"max-snippet:-1","max-image-preview":"max-image-preview:large","max-video-preview":"max-video-preview:-1"},"canonical":"https:\/\/memurunsesi.net\/index.php\/2025\/07\/16\/3-yil-once-esi-terk-etti-simdi-de-ev-sahibi-sokaga-atti\/","og_locale":"tr_TR","og_type":"article","og_title":"3 y\u0131l \u00f6nce e\u015fi terk etti, \u015fimdi de ev sahibi soka\u011fa att\u0131 - Memurun Sesi","og_description":"&#8211; Adana&#8217;da 3 y\u0131l \u00f6nce 6 \u00e7ocukla birlikte e\u015finin terk etti\u011fi adam, ev sahibi de soka\u011fa at\u0131nca ormanl\u0131k alanda ya\u015famaya ba\u015flad\u0131 &#8211; Bayram G\u00fczelo\u011flu: &#8211; &#8220;3 y\u0131l \u00f6nce e\u015fim 6 \u00e7ocukla birlikte beni terk edip ba\u015fka bir adamla gitti&#8221; &#8211; &#8220;\u015eimdi de ev sahibim soka\u011fa att\u0131\u011f\u0131 i\u00e7in o\u011flumla birlikte ormanl\u0131k alanda ya\u015f\u0131yoruz&#8221; (Foto\u011frafl\u0131) Fatih Ke\u00e7e [&hellip;]","og_url":"https:\/\/memurunsesi.net\/index.php\/2025\/07\/16\/3-yil-once-esi-terk-etti-simdi-de-ev-sahibi-sokaga-atti\/","og_site_name":"Memurun Sesi","article_publisher":"https:\/\/www.facebook.com\/unipersen\/?locale=tr_TR","article_published_time":"2025-07-16T08:08:22+00:00","og_image":[{"width":2560,"height":1920,"url":"https:\/\/memurunsesi.net\/wp-content\/uploads\/2025\/07\/AW498049_03-scaled.jpg","type":"image\/jpeg"}],"author":"Memurun Sesi Haber Merkezi","twitter_card":"summary_large_image","twitter_creator":"@unipersen","twitter_site":"@unipersen","twitter_misc":{"Yazan:":"Memurun Sesi Haber Merkezi","Tahmini okuma s\u00fcresi":"1 dakika"},"schema":{"@context":"https:\/\/schema.org","@graph":[{"@type":"Article","@id":"https:\/\/memurunsesi.net\/index.php\/2025\/07\/16\/3-yil-once-esi-terk-etti-simdi-de-ev-sahibi-sokaga-atti\/#article","isPartOf":{"@id":"https:\/\/memurunsesi.net\/index.php\/2025\/07\/16\/3-yil-once-esi-terk-etti-simdi-de-ev-sahibi-sokaga-atti\/"},"author":{"name":"Memurun Sesi Haber Merkezi","@id":"https:\/\/memurunsesi.net\/#\/schema\/person\/f21c2d73b89f6ee1d80b0a1803e38587"},"headline":"3 y\u0131l \u00f6nce e\u015fi terk etti, \u015fimdi de ev sahibi soka\u011fa att\u0131","datePublished":"2025-07-16T08:08:22+00:00","mainEntityOfPage":{"@id":"https:\/\/memurunsesi.net\/index.php\/2025\/07\/16\/3-yil-once-esi-terk-etti-simdi-de-ev-sahibi-sokaga-atti\/"},"wordCount":404,"commentCount":0,"publisher":{"@id":"https:\/\/memurunsesi.net\/#organization"},"image":{"@id":"https:\/\/memurunsesi.net\/index.php\/2025\/07\/16\/3-yil-once-esi-terk-etti-simdi-de-ev-sahibi-sokaga-atti\/#primaryimage"},"thumbnailUrl":"https:\/\/memurunsesi.net\/wp-content\/uploads\/2025\/07\/AW498049_03-scaled.jpg","inLanguage":"tr","potentialAction":[{"@type":"CommentAction","name":"Comment","target":["https:\/\/memurunsesi.net\/index.php\/2025\/07\/16\/3-yil-once-esi-terk-etti-simdi-de-ev-sahibi-sokaga-atti\/#respond"]}]},{"@type":"WebPage","@id":"https:\/\/memurunsesi.net\/index.php\/2025\/07\/16\/3-yil-once-esi-terk-etti-simdi-de-ev-sahibi-sokaga-atti\/","url":"https:\/\/memurunsesi.net\/index.php\/2025\/07\/16\/3-yil-once-esi-terk-etti-simdi-de-ev-sahibi-sokaga-atti\/","name":"3 y\u0131l \u00f6nce e\u015fi terk etti, \u015fimdi de ev sahibi soka\u011fa att\u0131 - Memurun Sesi","isPartOf":{"@id":"https:\/\/memurunsesi.net\/#website"},"primaryImageOfPage":{"@id":"https:\/\/memurunsesi.net\/index.php\/2025\/07\/16\/3-yil-once-esi-terk-etti-simdi-de-ev-sahibi-sokaga-atti\/#primaryimage"},"image":{"@id":"https:\/\/memurunsesi.net\/index.php\/2025\/07\/16\/3-yil-once-esi-terk-etti-simdi-de-ev-sahibi-sokaga-atti\/#primaryimage"},"thumbnailUrl":"https:\/\/memurunsesi.net\/wp-content\/uploads\/2025\/07\/AW498049_03-scaled.jpg","datePublished":"2025-07-16T08:08:22+00:00","breadcrumb":{"@id":"https:\/\/memurunsesi.net\/index.php\/2025\/07\/16\/3-yil-once-esi-terk-etti-simdi-de-ev-sahibi-sokaga-atti\/#breadcrumb"},"inLanguage":"tr","potentialAction":[{"@type":"ReadAction","target":["https:\/\/memurunsesi.net\/index.php\/2025\/07\/16\/3-yil-once-esi-terk-etti-simdi-de-ev-sahibi-sokaga-atti\/"]}]},{"@type":"ImageObject","inLanguage":"tr","@id":"https:\/\/memurunsesi.net\/index.php\/2025\/07\/16\/3-yil-once-esi-terk-etti-simdi-de-ev-sahibi-sokaga-atti\/#primaryimage","url":"https:\/\/memurunsesi.net\/wp-content\/uploads\/2025\/07\/AW498049_03-scaled.jpg","contentUrl":"https:\/\/memurunsesi.net\/wp-content\/uploads\/2025\/07\/AW498049_03-scaled.jpg","width":2560,"height":1920,"caption":"ADANA'DA 3 YIL \u00d6NCE 6 \u00c7OCUKLA B\u0130RL\u0130KTE E\u015e\u0130N\u0130N TERK ETT\u0130\u011e\u0130 ADAM, EV SAH\u0130B\u0130N\u0130N SOKA\u011eA ATMASINDAN DOLAYI, \u00dcN\u0130VERS\u0130TE YERLE\u015eKES\u0130NDE ORMANLIK ALANDA YA\u015eAMAK ZORUNDA KALDI. (FAT\u0130H KE\u00c7E - SERKAN \u00c7ET\u0130NKAYA\/ADANA-\u0130HA) Adana'da 3 y\u0131l \u00f6nce 6 \u00e7ocukla birlikte e\u015finin terk etti\u011fi Bayram G\u00fczelo\u011flu, ev sahibinin soka\u011fa atmas\u0131ndan dolay\u0131 \u00fcniversite yerle\u015fkesinde ormanl\u0131k alanda ya\u015f\u0131yor."},{"@type":"BreadcrumbList","@id":"https:\/\/memurunsesi.net\/index.php\/2025\/07\/16\/3-yil-once-esi-terk-etti-simdi-de-ev-sahibi-sokaga-atti\/#breadcrumb","itemListElement":[{"@type":"ListItem","position":1,"name":"Anasayfa","item":"https:\/\/memurunsesi.net\/"},{"@type":"ListItem","position":2,"name":"3 y\u0131l \u00f6nce e\u015fi terk etti, \u015fimdi de ev sahibi soka\u011fa att\u0131"}]},{"@type":"WebSite","@id":"https:\/\/memurunsesi.net\/#website","url":"https:\/\/memurunsesi.net\/","name":"Memurun Sesi","description":"G\u00fcncel ve Do\u011fru Haber","publisher":{"@id":"https:\/\/memurunsesi.net\/#organization"},"potentialAction":[{"@type":"SearchAction","target":{"@type":"EntryPoint","urlTemplate":"https:\/\/memurunsesi.net\/?s={search_term_string}"},"query-input":{"@type":"PropertyValueSpecification","valueRequired":true,"valueName":"search_term_string"}}],"inLanguage":"tr"},{"@type":"Organization","@id":"https:\/\/memurunsesi.net\/#organization","name":"Memurun Sesi","url":"https:\/\/memurunsesi.net\/","logo":{"@type":"ImageObject","inLanguage":"tr","@id":"https:\/\/memurunsesi.net\/#\/schema\/logo\/image\/","url":"https:\/\/memurunsesi.net\/wp-content\/uploads\/2025\/11\/cropped-MEMURUN-SESI.png","contentUrl":"https:\/\/memurunsesi.net\/wp-content\/uploads\/2025\/11\/cropped-MEMURUN-SESI.png","width":238,"height":57,"caption":"Memurun Sesi"},"image":{"@id":"https:\/\/memurunsesi.net\/#\/schema\/logo\/image\/"},"sameAs":["https:\/\/www.facebook.com\/unipersen\/?locale=tr_TR","https:\/\/x.com\/unipersen"]},{"@type":"Person","@id":"https:\/\/memurunsesi.net\/#\/schema\/person\/f21c2d73b89f6ee1d80b0a1803e38587","name":"Memurun Sesi Haber Merkezi","image":{"@type":"ImageObject","inLanguage":"tr","@id":"https:\/\/secure.gravatar.com\/avatar\/6cf0505f452ee753f485014986fab09a434671d2b919ee76fc541025c5876a70?s=96&d=mm&r=g","url":"https:\/\/secure.gravatar.com\/avatar\/6cf0505f452ee753f485014986fab09a434671d2b919ee76fc541025c5876a70?s=96&d=mm&r=g","contentUrl":"https:\/\/secure.gravatar.com\/avatar\/6cf0505f452ee753f485014986fab09a434671d2b919ee76fc541025c5876a70?s=96&d=mm&r=g","caption":"Memurun Sesi Haber Merkezi"},"sameAs":["https:\/\/memurunsesi.net"],"url":"https:\/\/memurunsesi.net\/index.php\/author\/uniper\/"}]}},"_links":{"self":[{"href":"https:\/\/memurunsesi.net\/index.php\/wp-json\/wp\/v2\/posts\/9339","targetHints":{"allow":["GET"]}}],"collection":[{"href":"https:\/\/memurunsesi.net\/index.php\/wp-json\/wp\/v2\/posts"}],"about":[{"href":"https:\/\/memurunsesi.net\/index.php\/wp-json\/wp\/v2\/types\/post"}],"author":[{"embeddable":true,"href":"https:\/\/memurunsesi.net\/index.php\/wp-json\/wp\/v2\/users\/1"}],"replies":[{"embeddable":true,"href":"https:\/\/memurunsesi.net\/index.php\/wp-json\/wp\/v2\/comments?post=9339"}],"version-history":[{"count":1,"href":"https:\/\/memurunsesi.net\/index.php\/wp-json\/wp\/v2\/posts\/9339\/revisions"}],"predecessor-version":[{"id":9341,"href":"https:\/\/memurunsesi.net\/index.php\/wp-json\/wp\/v2\/posts\/9339\/revisions\/9341"}],"wp:featuredmedia":[{"embeddable":true,"href":"https:\/\/memurunsesi.net\/index.php\/wp-json\/wp\/v2\/media\/9340"}],"wp:attachment":[{"href":"https:\/\/memurunsesi.net\/index.php\/wp-json\/wp\/v2\/media?parent=9339"}],"wp:term":[{"taxonomy":"category","embeddable":true,"href":"https:\/\/memurunsesi.net\/index.php\/wp-json\/wp\/v2\/categories?post=9339"},{"taxonomy":"post_tag","embeddable":true,"href":"https:\/\/memurunsesi.net\/index.php\/wp-json\/wp\/v2\/tags?post=9339"}],"curies":[{"name":"wp","href":"https:\/\/api.w.org\/{rel}","templated":true}]}}