{"id":9342,"date":"2025-07-16T14:17:43","date_gmt":"2025-07-16T11:17:43","guid":{"rendered":"https:\/\/memurunsesi.net\/?p=9342"},"modified":"2025-07-16T14:17:43","modified_gmt":"2025-07-16T11:17:43","slug":"grand-isias-otel-davasi-ertelendi","status":"publish","type":"post","link":"https:\/\/memurunsesi.net\/index.php\/2025\/07\/16\/grand-isias-otel-davasi-ertelendi\/","title":{"rendered":"Grand \u0130sias Otel davas\u0131 ertelendi"},"content":{"rendered":"<p>   Ad\u0131yaman&#8217;daki Grand \u0130sias Otel&#8217;in 6 \u015eubat depremlerinde y\u0131k\u0131lmas\u0131 ve 72 ki\u015finin hayat\u0131n\u0131 kaybetmesiyle ilgili 1. A\u011f\u0131r Ceza Mahkemesi&#8217;nde g\u00f6r\u00fclen dava, 6 Kas\u0131m 2025 tarihine ertelendi.<br \/>\n  KKTC&#8217;li sporcular ile tur rehberlerinin de i\u00e7inde bulundu\u011fu ve 72 ki\u015finin hayat\u0131n\u0131 kaybetti\u011fi Grand \u0130sias Otel&#8217;in y\u0131k\u0131lmas\u0131nda sorumlulu\u011fu bulundu\u011fu iddias\u0131yla Ad\u0131yaman Belediyesindeki 6 g\u00f6revli, T\u00fcrk Ceza kanunu 85\/2, 22\/3 maddelerinden \u2018Taksirle \u00f6l\u00fcme ve yaralanmaya neden olma&#8217; su\u00e7undan 22,5 y\u0131la kadar hapis cezas\u0131 isteniyor.<br \/>\n  Grand \u0130sias Otel&#8217;in 1993 y\u0131l\u0131ndaki ilk ruhsat\u0131nda imzas\u0131 bulunan Ad\u0131yaman Belediyesi \u0130mar M\u00fcd\u00fcr\u00fc Yusuf G\u00fcl, 2001 y\u0131l\u0131ndaki ikinci yap\u0131 ruhsat\u0131nda imzas\u0131 bulunan \u0130mar M\u00fcd\u00fcr\u00fc Mehmet Salih Alkay\u0131\u015f, Ruhsat B\u00fcro \u015eefi Bilal Balc\u0131, D\u00f6nemin Belediye Ba\u015fkan Yard\u0131mc\u0131s\u0131 Osman Bulut, yap\u0131 kontrol biriminde g\u00f6revli daimi i\u015f\u00e7i Abdurrahman Karaaslan, Ruhsat B\u00fcro Teknisyeni Fazl\u0131 Karaku\u015f san\u0131k olarak yarg\u0131lan\u0131yor.<br \/>\n  Davan\u0131n ikinci duru\u015fmas\u0131nda, \u0130zmir Dokuz Eyl\u00fcl \u00dcniversitesi&#8217;nden istenen bilirki\u015fi raporunun gelmedi\u011fi a\u00e7\u0131kland\u0131.<br \/>\n  Duru\u015fmada san\u0131klara s\u00f6z hakk\u0131 verildi. San\u0131klar savunmalar\u0131nda su\u00e7suz olduklar\u0131n\u0131 belirterek, beraatlerini talep etti.<br \/>\n  San\u0131k avukatlar\u0131 m\u00fcvekkillerinin duru\u015fmalardan varisli (muaf) tutulmas\u0131n\u0131, adli kontrol \u015fart\u0131n\u0131n kald\u0131r\u0131lmas\u0131n\u0131 talep etti.<br \/>\n  M\u00fc\u015ftekiler, san\u0131klar\u0131n olas\u0131 kasttan yarg\u0131lanmas\u0131n\u0131 istedi. M\u00fc\u015fteki avukatlar\u0131 ise san\u0131klar\u0131n tutuklu yarg\u0131lanmas\u0131n\u0131 talep etti.<br \/>\n  Cumhuriyet Savc\u0131s\u0131, bilirki\u015fi raporunun gelmemesinden dolay\u0131 san\u0131klar\u0131n t\u00fcm duru\u015fmalardan varisli tutunma taleplerinin reddine kadar verilmesi, adli tedbirlerin kald\u0131r\u0131lmas\u0131n\u0131n reddine karar verilmesini talep etti.<br \/>\n  Mahkeme heyeti verdi\u011fi ara karar ile bir sonraki duru\u015fman\u0131n 6 Kas\u0131m 2025 tarihinde g\u00f6r\u00fclmesine karar verdi.<br \/>\n  Duru\u015fma sonras\u0131 d\u00fczenlenen bas\u0131n a\u00e7\u0131klamas\u0131nda konu\u015fan K\u0131br\u0131s T\u00fcrk Barolar Birli\u011fi Ba\u015fkan\u0131 Av. Hasan Esenda\u011fl\u0131, &#8220;Ge\u00e7en celseden bu yana beklenmekte olan bilirki\u015fi raporunun dosyaya hen\u00fcz girmemi\u015f olmas\u0131 sebebiyle, bug\u00fcn duru\u015fma sadece usule ili\u015fkin i\u015flemler ger\u00e7ekle\u015ftirilerek 6 Kas\u0131m 2020 tarihine ertelenmi\u015ftir. Bilirki\u015fi raporunun ak\u0131betinin netle\u015fmesi beklenmekte olup, bu s\u00fcre zarf\u0131nda san\u0131klar\u0131n adli kontrol tedbirlerinin devam\u0131na karar verilmi\u015ftir. B\u00f6ylece, bir \u00f6nceki celsedeki durum aynen korunmu\u015f ve duru\u015fma 6 Kas\u0131m tarihine b\u0131rak\u0131lm\u0131\u015ft\u0131r. 6 Kas\u0131m 2025 tarihine kadar bilirki\u015fi raporunun dosyaya sunulmas\u0131yla birlikte dosyan\u0131n sonu\u00e7lanma a\u015famas\u0131na ge\u00e7ilece\u011fini tahmin ediyorum&#8221; diye konu\u015ftu. <\/p>\n<p>16.07.2025                              <\/p>\n","protected":false},"excerpt":{"rendered":"<p>Ad\u0131yaman&#8217;daki Grand \u0130sias Otel&#8217;in 6 \u015eubat depremlerinde y\u0131k\u0131lmas\u0131 ve 72 ki\u015finin hayat\u0131n\u0131 kaybetmesiyle ilgili 1. A\u011f\u0131r Ceza Mahkemesi&#8217;nde g\u00f6r\u00fclen dava, 6 Kas\u0131m 2025 tarihine ertelendi. KKTC&#8217;li sporcular ile tur rehberlerinin de i\u00e7inde bulundu\u011fu ve 72 ki\u015finin hayat\u0131n\u0131 kaybetti\u011fi Grand \u0130sias Otel&#8217;in y\u0131k\u0131lmas\u0131nda sorumlulu\u011fu bulundu\u011fu iddias\u0131yla Ad\u0131yaman Belediyesindeki 6 g\u00f6revli, T\u00fcrk Ceza kanunu 85\/2, 22\/3 maddelerinden [&hellip;]<\/p>\n","protected":false},"author":1,"featured_media":9343,"comment_status":"open","ping_status":"open","sticky":false,"template":"","format":"standard","meta":{"footnotes":""},"categories":[1],"tags":[],"class_list":["post-9342","post","type-post","status-publish","format-standard","has-post-thumbnail","hentry","category-genel"],"yoast_head":"<!-- This site is optimized with the Yoast SEO plugin v27.4 - https:\/\/yoast.com\/product\/yoast-seo-wordpress\/ -->\n<title>Grand \u0130sias Otel davas\u0131 ertelendi - Memurun Sesi<\/title>\n<meta name=\"robots\" content=\"index, follow, max-snippet:-1, max-image-preview:large, max-video-preview:-1\" \/>\n<link rel=\"canonical\" href=\"https:\/\/memurunsesi.net\/index.php\/2025\/07\/16\/grand-isias-otel-davasi-ertelendi\/\" \/>\n<meta property=\"og:locale\" content=\"tr_TR\" \/>\n<meta property=\"og:type\" content=\"article\" \/>\n<meta property=\"og:title\" content=\"Grand \u0130sias Otel davas\u0131 ertelendi - Memurun Sesi\" \/>\n<meta property=\"og:description\" content=\"Ad\u0131yaman&#8217;daki Grand \u0130sias Otel&#8217;in 6 \u015eubat depremlerinde y\u0131k\u0131lmas\u0131 ve 72 ki\u015finin hayat\u0131n\u0131 kaybetmesiyle ilgili 1. A\u011f\u0131r Ceza Mahkemesi&#8217;nde g\u00f6r\u00fclen dava, 6 Kas\u0131m 2025 tarihine ertelendi. KKTC&#8217;li sporcular ile tur rehberlerinin de i\u00e7inde bulundu\u011fu ve 72 ki\u015finin hayat\u0131n\u0131 kaybetti\u011fi Grand \u0130sias Otel&#8217;in y\u0131k\u0131lmas\u0131nda sorumlulu\u011fu bulundu\u011fu iddias\u0131yla Ad\u0131yaman Belediyesindeki 6 g\u00f6revli, T\u00fcrk Ceza kanunu 85\/2, 22\/3 maddelerinden [&hellip;]\" \/>\n<meta property=\"og:url\" content=\"https:\/\/memurunsesi.net\/index.php\/2025\/07\/16\/grand-isias-otel-davasi-ertelendi\/\" \/>\n<meta property=\"og:site_name\" content=\"Memurun Sesi\" \/>\n<meta property=\"article:publisher\" content=\"https:\/\/www.facebook.com\/unipersen\/?locale=tr_TR\" \/>\n<meta property=\"article:published_time\" content=\"2025-07-16T11:17:43+00:00\" \/>\n<meta property=\"og:image\" content=\"https:\/\/memurunsesi.net\/wp-content\/uploads\/2025\/07\/AW498049_03-1-scaled.jpg\" \/>\n\t<meta property=\"og:image:width\" content=\"2560\" \/>\n\t<meta property=\"og:image:height\" content=\"1920\" \/>\n\t<meta property=\"og:image:type\" content=\"image\/jpeg\" \/>\n<meta name=\"author\" content=\"Memurun Sesi Haber Merkezi\" \/>\n<meta name=\"twitter:card\" content=\"summary_large_image\" \/>\n<meta name=\"twitter:creator\" content=\"@unipersen\" \/>\n<meta name=\"twitter:site\" content=\"@unipersen\" \/>\n<meta name=\"twitter:label1\" content=\"Yazan:\" \/>\n\t<meta name=\"twitter:data1\" content=\"Memurun Sesi Haber Merkezi\" \/>\n\t<meta name=\"twitter:label2\" content=\"Tahmini okuma s\u00fcresi\" \/>\n\t<meta name=\"twitter:data2\" content=\"1 dakika\" \/>\n<script type=\"application\/ld+json\" class=\"yoast-schema-graph\">{\"@context\":\"https:\\\/\\\/schema.org\",\"@graph\":[{\"@type\":\"Article\",\"@id\":\"https:\\\/\\\/memurunsesi.net\\\/index.php\\\/2025\\\/07\\\/16\\\/grand-isias-otel-davasi-ertelendi\\\/#article\",\"isPartOf\":{\"@id\":\"https:\\\/\\\/memurunsesi.net\\\/index.php\\\/2025\\\/07\\\/16\\\/grand-isias-otel-davasi-ertelendi\\\/\"},\"author\":{\"name\":\"Memurun Sesi Haber Merkezi\",\"@id\":\"https:\\\/\\\/memurunsesi.net\\\/#\\\/schema\\\/person\\\/f21c2d73b89f6ee1d80b0a1803e38587\"},\"headline\":\"Grand \u0130sias Otel davas\u0131 ertelendi\",\"datePublished\":\"2025-07-16T11:17:43+00:00\",\"mainEntityOfPage\":{\"@id\":\"https:\\\/\\\/memurunsesi.net\\\/index.php\\\/2025\\\/07\\\/16\\\/grand-isias-otel-davasi-ertelendi\\\/\"},\"wordCount\":439,\"commentCount\":0,\"publisher\":{\"@id\":\"https:\\\/\\\/memurunsesi.net\\\/#organization\"},\"image\":{\"@id\":\"https:\\\/\\\/memurunsesi.net\\\/index.php\\\/2025\\\/07\\\/16\\\/grand-isias-otel-davasi-ertelendi\\\/#primaryimage\"},\"thumbnailUrl\":\"https:\\\/\\\/memurunsesi.net\\\/wp-content\\\/uploads\\\/2025\\\/07\\\/AW498049_03-1-scaled.jpg\",\"inLanguage\":\"tr\",\"potentialAction\":[{\"@type\":\"CommentAction\",\"name\":\"Comment\",\"target\":[\"https:\\\/\\\/memurunsesi.net\\\/index.php\\\/2025\\\/07\\\/16\\\/grand-isias-otel-davasi-ertelendi\\\/#respond\"]}]},{\"@type\":\"WebPage\",\"@id\":\"https:\\\/\\\/memurunsesi.net\\\/index.php\\\/2025\\\/07\\\/16\\\/grand-isias-otel-davasi-ertelendi\\\/\",\"url\":\"https:\\\/\\\/memurunsesi.net\\\/index.php\\\/2025\\\/07\\\/16\\\/grand-isias-otel-davasi-ertelendi\\\/\",\"name\":\"Grand \u0130sias Otel davas\u0131 ertelendi - Memurun Sesi\",\"isPartOf\":{\"@id\":\"https:\\\/\\\/memurunsesi.net\\\/#website\"},\"primaryImageOfPage\":{\"@id\":\"https:\\\/\\\/memurunsesi.net\\\/index.php\\\/2025\\\/07\\\/16\\\/grand-isias-otel-davasi-ertelendi\\\/#primaryimage\"},\"image\":{\"@id\":\"https:\\\/\\\/memurunsesi.net\\\/index.php\\\/2025\\\/07\\\/16\\\/grand-isias-otel-davasi-ertelendi\\\/#primaryimage\"},\"thumbnailUrl\":\"https:\\\/\\\/memurunsesi.net\\\/wp-content\\\/uploads\\\/2025\\\/07\\\/AW498049_03-1-scaled.jpg\",\"datePublished\":\"2025-07-16T11:17:43+00:00\",\"breadcrumb\":{\"@id\":\"https:\\\/\\\/memurunsesi.net\\\/index.php\\\/2025\\\/07\\\/16\\\/grand-isias-otel-davasi-ertelendi\\\/#breadcrumb\"},\"inLanguage\":\"tr\",\"potentialAction\":[{\"@type\":\"ReadAction\",\"target\":[\"https:\\\/\\\/memurunsesi.net\\\/index.php\\\/2025\\\/07\\\/16\\\/grand-isias-otel-davasi-ertelendi\\\/\"]}]},{\"@type\":\"ImageObject\",\"inLanguage\":\"tr\",\"@id\":\"https:\\\/\\\/memurunsesi.net\\\/index.php\\\/2025\\\/07\\\/16\\\/grand-isias-otel-davasi-ertelendi\\\/#primaryimage\",\"url\":\"https:\\\/\\\/memurunsesi.net\\\/wp-content\\\/uploads\\\/2025\\\/07\\\/AW498049_03-1-scaled.jpg\",\"contentUrl\":\"https:\\\/\\\/memurunsesi.net\\\/wp-content\\\/uploads\\\/2025\\\/07\\\/AW498049_03-1-scaled.jpg\",\"width\":2560,\"height\":1920,\"caption\":\"ADANA'DA 3 YIL \u00d6NCE 6 \u00c7OCUKLA B\u0130RL\u0130KTE E\u015e\u0130N\u0130N TERK ETT\u0130\u011e\u0130 ADAM, EV SAH\u0130B\u0130N\u0130N SOKA\u011eA ATMASINDAN DOLAYI, \u00dcN\u0130VERS\u0130TE YERLE\u015eKES\u0130NDE ORMANLIK ALANDA YA\u015eAMAK ZORUNDA KALDI. (FAT\u0130H KE\u00c7E - SERKAN \u00c7ET\u0130NKAYA\\\/ADANA-\u0130HA) Adana'da 3 y\u0131l \u00f6nce 6 \u00e7ocukla birlikte e\u015finin terk etti\u011fi Bayram G\u00fczelo\u011flu, ev sahibinin soka\u011fa atmas\u0131ndan dolay\u0131 \u00fcniversite yerle\u015fkesinde ormanl\u0131k alanda ya\u015f\u0131yor.\"},{\"@type\":\"BreadcrumbList\",\"@id\":\"https:\\\/\\\/memurunsesi.net\\\/index.php\\\/2025\\\/07\\\/16\\\/grand-isias-otel-davasi-ertelendi\\\/#breadcrumb\",\"itemListElement\":[{\"@type\":\"ListItem\",\"position\":1,\"name\":\"Anasayfa\",\"item\":\"https:\\\/\\\/memurunsesi.net\\\/\"},{\"@type\":\"ListItem\",\"position\":2,\"name\":\"Grand \u0130sias Otel davas\u0131 ertelendi\"}]},{\"@type\":\"WebSite\",\"@id\":\"https:\\\/\\\/memurunsesi.net\\\/#website\",\"url\":\"https:\\\/\\\/memurunsesi.net\\\/\",\"name\":\"Memurun Sesi\",\"description\":\"G\u00fcncel ve Do\u011fru Haber\",\"publisher\":{\"@id\":\"https:\\\/\\\/memurunsesi.net\\\/#organization\"},\"potentialAction\":[{\"@type\":\"SearchAction\",\"target\":{\"@type\":\"EntryPoint\",\"urlTemplate\":\"https:\\\/\\\/memurunsesi.net\\\/?s={search_term_string}\"},\"query-input\":{\"@type\":\"PropertyValueSpecification\",\"valueRequired\":true,\"valueName\":\"search_term_string\"}}],\"inLanguage\":\"tr\"},{\"@type\":\"Organization\",\"@id\":\"https:\\\/\\\/memurunsesi.net\\\/#organization\",\"name\":\"Memurun Sesi\",\"url\":\"https:\\\/\\\/memurunsesi.net\\\/\",\"logo\":{\"@type\":\"ImageObject\",\"inLanguage\":\"tr\",\"@id\":\"https:\\\/\\\/memurunsesi.net\\\/#\\\/schema\\\/logo\\\/image\\\/\",\"url\":\"https:\\\/\\\/memurunsesi.net\\\/wp-content\\\/uploads\\\/2025\\\/11\\\/cropped-MEMURUN-SESI.png\",\"contentUrl\":\"https:\\\/\\\/memurunsesi.net\\\/wp-content\\\/uploads\\\/2025\\\/11\\\/cropped-MEMURUN-SESI.png\",\"width\":238,\"height\":57,\"caption\":\"Memurun Sesi\"},\"image\":{\"@id\":\"https:\\\/\\\/memurunsesi.net\\\/#\\\/schema\\\/logo\\\/image\\\/\"},\"sameAs\":[\"https:\\\/\\\/www.facebook.com\\\/unipersen\\\/?locale=tr_TR\",\"https:\\\/\\\/x.com\\\/unipersen\"]},{\"@type\":\"Person\",\"@id\":\"https:\\\/\\\/memurunsesi.net\\\/#\\\/schema\\\/person\\\/f21c2d73b89f6ee1d80b0a1803e38587\",\"name\":\"Memurun Sesi Haber Merkezi\",\"image\":{\"@type\":\"ImageObject\",\"inLanguage\":\"tr\",\"@id\":\"https:\\\/\\\/secure.gravatar.com\\\/avatar\\\/6cf0505f452ee753f485014986fab09a434671d2b919ee76fc541025c5876a70?s=96&d=mm&r=g\",\"url\":\"https:\\\/\\\/secure.gravatar.com\\\/avatar\\\/6cf0505f452ee753f485014986fab09a434671d2b919ee76fc541025c5876a70?s=96&d=mm&r=g\",\"contentUrl\":\"https:\\\/\\\/secure.gravatar.com\\\/avatar\\\/6cf0505f452ee753f485014986fab09a434671d2b919ee76fc541025c5876a70?s=96&d=mm&r=g\",\"caption\":\"Memurun Sesi Haber Merkezi\"},\"sameAs\":[\"https:\\\/\\\/memurunsesi.net\"],\"url\":\"https:\\\/\\\/memurunsesi.net\\\/index.php\\\/author\\\/uniper\\\/\"}]}<\/script>\n<!-- \/ Yoast SEO plugin. -->","yoast_head_json":{"title":"Grand \u0130sias Otel davas\u0131 ertelendi - Memurun Sesi","robots":{"index":"index","follow":"follow","max-snippet":"max-snippet:-1","max-image-preview":"max-image-preview:large","max-video-preview":"max-video-preview:-1"},"canonical":"https:\/\/memurunsesi.net\/index.php\/2025\/07\/16\/grand-isias-otel-davasi-ertelendi\/","og_locale":"tr_TR","og_type":"article","og_title":"Grand \u0130sias Otel davas\u0131 ertelendi - Memurun Sesi","og_description":"Ad\u0131yaman&#8217;daki Grand \u0130sias Otel&#8217;in 6 \u015eubat depremlerinde y\u0131k\u0131lmas\u0131 ve 72 ki\u015finin hayat\u0131n\u0131 kaybetmesiyle ilgili 1. A\u011f\u0131r Ceza Mahkemesi&#8217;nde g\u00f6r\u00fclen dava, 6 Kas\u0131m 2025 tarihine ertelendi. KKTC&#8217;li sporcular ile tur rehberlerinin de i\u00e7inde bulundu\u011fu ve 72 ki\u015finin hayat\u0131n\u0131 kaybetti\u011fi Grand \u0130sias Otel&#8217;in y\u0131k\u0131lmas\u0131nda sorumlulu\u011fu bulundu\u011fu iddias\u0131yla Ad\u0131yaman Belediyesindeki 6 g\u00f6revli, T\u00fcrk Ceza kanunu 85\/2, 22\/3 maddelerinden [&hellip;]","og_url":"https:\/\/memurunsesi.net\/index.php\/2025\/07\/16\/grand-isias-otel-davasi-ertelendi\/","og_site_name":"Memurun Sesi","article_publisher":"https:\/\/www.facebook.com\/unipersen\/?locale=tr_TR","article_published_time":"2025-07-16T11:17:43+00:00","og_image":[{"width":2560,"height":1920,"url":"https:\/\/memurunsesi.net\/wp-content\/uploads\/2025\/07\/AW498049_03-1-scaled.jpg","type":"image\/jpeg"}],"author":"Memurun Sesi Haber Merkezi","twitter_card":"summary_large_image","twitter_creator":"@unipersen","twitter_site":"@unipersen","twitter_misc":{"Yazan:":"Memurun Sesi Haber Merkezi","Tahmini okuma s\u00fcresi":"1 dakika"},"schema":{"@context":"https:\/\/schema.org","@graph":[{"@type":"Article","@id":"https:\/\/memurunsesi.net\/index.php\/2025\/07\/16\/grand-isias-otel-davasi-ertelendi\/#article","isPartOf":{"@id":"https:\/\/memurunsesi.net\/index.php\/2025\/07\/16\/grand-isias-otel-davasi-ertelendi\/"},"author":{"name":"Memurun Sesi Haber Merkezi","@id":"https:\/\/memurunsesi.net\/#\/schema\/person\/f21c2d73b89f6ee1d80b0a1803e38587"},"headline":"Grand \u0130sias Otel davas\u0131 ertelendi","datePublished":"2025-07-16T11:17:43+00:00","mainEntityOfPage":{"@id":"https:\/\/memurunsesi.net\/index.php\/2025\/07\/16\/grand-isias-otel-davasi-ertelendi\/"},"wordCount":439,"commentCount":0,"publisher":{"@id":"https:\/\/memurunsesi.net\/#organization"},"image":{"@id":"https:\/\/memurunsesi.net\/index.php\/2025\/07\/16\/grand-isias-otel-davasi-ertelendi\/#primaryimage"},"thumbnailUrl":"https:\/\/memurunsesi.net\/wp-content\/uploads\/2025\/07\/AW498049_03-1-scaled.jpg","inLanguage":"tr","potentialAction":[{"@type":"CommentAction","name":"Comment","target":["https:\/\/memurunsesi.net\/index.php\/2025\/07\/16\/grand-isias-otel-davasi-ertelendi\/#respond"]}]},{"@type":"WebPage","@id":"https:\/\/memurunsesi.net\/index.php\/2025\/07\/16\/grand-isias-otel-davasi-ertelendi\/","url":"https:\/\/memurunsesi.net\/index.php\/2025\/07\/16\/grand-isias-otel-davasi-ertelendi\/","name":"Grand \u0130sias Otel davas\u0131 ertelendi - Memurun Sesi","isPartOf":{"@id":"https:\/\/memurunsesi.net\/#website"},"primaryImageOfPage":{"@id":"https:\/\/memurunsesi.net\/index.php\/2025\/07\/16\/grand-isias-otel-davasi-ertelendi\/#primaryimage"},"image":{"@id":"https:\/\/memurunsesi.net\/index.php\/2025\/07\/16\/grand-isias-otel-davasi-ertelendi\/#primaryimage"},"thumbnailUrl":"https:\/\/memurunsesi.net\/wp-content\/uploads\/2025\/07\/AW498049_03-1-scaled.jpg","datePublished":"2025-07-16T11:17:43+00:00","breadcrumb":{"@id":"https:\/\/memurunsesi.net\/index.php\/2025\/07\/16\/grand-isias-otel-davasi-ertelendi\/#breadcrumb"},"inLanguage":"tr","potentialAction":[{"@type":"ReadAction","target":["https:\/\/memurunsesi.net\/index.php\/2025\/07\/16\/grand-isias-otel-davasi-ertelendi\/"]}]},{"@type":"ImageObject","inLanguage":"tr","@id":"https:\/\/memurunsesi.net\/index.php\/2025\/07\/16\/grand-isias-otel-davasi-ertelendi\/#primaryimage","url":"https:\/\/memurunsesi.net\/wp-content\/uploads\/2025\/07\/AW498049_03-1-scaled.jpg","contentUrl":"https:\/\/memurunsesi.net\/wp-content\/uploads\/2025\/07\/AW498049_03-1-scaled.jpg","width":2560,"height":1920,"caption":"ADANA'DA 3 YIL \u00d6NCE 6 \u00c7OCUKLA B\u0130RL\u0130KTE E\u015e\u0130N\u0130N TERK ETT\u0130\u011e\u0130 ADAM, EV SAH\u0130B\u0130N\u0130N SOKA\u011eA ATMASINDAN DOLAYI, \u00dcN\u0130VERS\u0130TE YERLE\u015eKES\u0130NDE ORMANLIK ALANDA YA\u015eAMAK ZORUNDA KALDI. (FAT\u0130H KE\u00c7E - SERKAN \u00c7ET\u0130NKAYA\/ADANA-\u0130HA) Adana'da 3 y\u0131l \u00f6nce 6 \u00e7ocukla birlikte e\u015finin terk etti\u011fi Bayram G\u00fczelo\u011flu, ev sahibinin soka\u011fa atmas\u0131ndan dolay\u0131 \u00fcniversite yerle\u015fkesinde ormanl\u0131k alanda ya\u015f\u0131yor."},{"@type":"BreadcrumbList","@id":"https:\/\/memurunsesi.net\/index.php\/2025\/07\/16\/grand-isias-otel-davasi-ertelendi\/#breadcrumb","itemListElement":[{"@type":"ListItem","position":1,"name":"Anasayfa","item":"https:\/\/memurunsesi.net\/"},{"@type":"ListItem","position":2,"name":"Grand \u0130sias Otel davas\u0131 ertelendi"}]},{"@type":"WebSite","@id":"https:\/\/memurunsesi.net\/#website","url":"https:\/\/memurunsesi.net\/","name":"Memurun Sesi","description":"G\u00fcncel ve Do\u011fru Haber","publisher":{"@id":"https:\/\/memurunsesi.net\/#organization"},"potentialAction":[{"@type":"SearchAction","target":{"@type":"EntryPoint","urlTemplate":"https:\/\/memurunsesi.net\/?s={search_term_string}"},"query-input":{"@type":"PropertyValueSpecification","valueRequired":true,"valueName":"search_term_string"}}],"inLanguage":"tr"},{"@type":"Organization","@id":"https:\/\/memurunsesi.net\/#organization","name":"Memurun Sesi","url":"https:\/\/memurunsesi.net\/","logo":{"@type":"ImageObject","inLanguage":"tr","@id":"https:\/\/memurunsesi.net\/#\/schema\/logo\/image\/","url":"https:\/\/memurunsesi.net\/wp-content\/uploads\/2025\/11\/cropped-MEMURUN-SESI.png","contentUrl":"https:\/\/memurunsesi.net\/wp-content\/uploads\/2025\/11\/cropped-MEMURUN-SESI.png","width":238,"height":57,"caption":"Memurun Sesi"},"image":{"@id":"https:\/\/memurunsesi.net\/#\/schema\/logo\/image\/"},"sameAs":["https:\/\/www.facebook.com\/unipersen\/?locale=tr_TR","https:\/\/x.com\/unipersen"]},{"@type":"Person","@id":"https:\/\/memurunsesi.net\/#\/schema\/person\/f21c2d73b89f6ee1d80b0a1803e38587","name":"Memurun Sesi Haber Merkezi","image":{"@type":"ImageObject","inLanguage":"tr","@id":"https:\/\/secure.gravatar.com\/avatar\/6cf0505f452ee753f485014986fab09a434671d2b919ee76fc541025c5876a70?s=96&d=mm&r=g","url":"https:\/\/secure.gravatar.com\/avatar\/6cf0505f452ee753f485014986fab09a434671d2b919ee76fc541025c5876a70?s=96&d=mm&r=g","contentUrl":"https:\/\/secure.gravatar.com\/avatar\/6cf0505f452ee753f485014986fab09a434671d2b919ee76fc541025c5876a70?s=96&d=mm&r=g","caption":"Memurun Sesi Haber Merkezi"},"sameAs":["https:\/\/memurunsesi.net"],"url":"https:\/\/memurunsesi.net\/index.php\/author\/uniper\/"}]}},"_links":{"self":[{"href":"https:\/\/memurunsesi.net\/index.php\/wp-json\/wp\/v2\/posts\/9342","targetHints":{"allow":["GET"]}}],"collection":[{"href":"https:\/\/memurunsesi.net\/index.php\/wp-json\/wp\/v2\/posts"}],"about":[{"href":"https:\/\/memurunsesi.net\/index.php\/wp-json\/wp\/v2\/types\/post"}],"author":[{"embeddable":true,"href":"https:\/\/memurunsesi.net\/index.php\/wp-json\/wp\/v2\/users\/1"}],"replies":[{"embeddable":true,"href":"https:\/\/memurunsesi.net\/index.php\/wp-json\/wp\/v2\/comments?post=9342"}],"version-history":[{"count":1,"href":"https:\/\/memurunsesi.net\/index.php\/wp-json\/wp\/v2\/posts\/9342\/revisions"}],"predecessor-version":[{"id":9344,"href":"https:\/\/memurunsesi.net\/index.php\/wp-json\/wp\/v2\/posts\/9342\/revisions\/9344"}],"wp:featuredmedia":[{"embeddable":true,"href":"https:\/\/memurunsesi.net\/index.php\/wp-json\/wp\/v2\/media\/9343"}],"wp:attachment":[{"href":"https:\/\/memurunsesi.net\/index.php\/wp-json\/wp\/v2\/media?parent=9342"}],"wp:term":[{"taxonomy":"category","embeddable":true,"href":"https:\/\/memurunsesi.net\/index.php\/wp-json\/wp\/v2\/categories?post=9342"},{"taxonomy":"post_tag","embeddable":true,"href":"https:\/\/memurunsesi.net\/index.php\/wp-json\/wp\/v2\/tags?post=9342"}],"curies":[{"name":"wp","href":"https:\/\/api.w.org\/{rel}","templated":true}]}}