{"id":9345,"date":"2025-07-16T14:20:24","date_gmt":"2025-07-16T11:20:24","guid":{"rendered":"https:\/\/memurunsesi.net\/?p=9345"},"modified":"2025-07-16T14:20:24","modified_gmt":"2025-07-16T11:20:24","slug":"ayni-bolgede-15-gunde-2nci-orman-yangini","status":"publish","type":"post","link":"https:\/\/memurunsesi.net\/index.php\/2025\/07\/16\/ayni-bolgede-15-gunde-2nci-orman-yangini\/","title":{"rendered":"Ayn\u0131 b\u00f6lgede 15 g\u00fcnde 2&#8217;nci orman yang\u0131n\u0131"},"content":{"rendered":"<p>  &#8211; Bilecik&#8217;te \u00e7\u0131kan orman yang\u0131n\u0131 kontrol alt\u0131na al\u0131nd\u0131 <\/p>\n<p>  Bilecik&#8217;te 15 g\u00fcn i\u00e7erisinde ayn\u0131 b\u00f6lgede 2&#8217;nci defa \u00e7\u0131kan orman yang\u0131n\u0131 karadan ve havadan m\u00fcdahale ile k\u0131sa s\u00fcrede s\u00f6nd\u00fcr\u00fcld\u00fc.<br \/>\nAl\u0131nan bilgilere g\u00f6re; Vezirhan beldesine ba\u011fl\u0131 Zobran k\u00f6y\u00fc ile \u00d6renk\u00f6y aras\u0131nda yang\u0131n \u00e7\u0131kt\u0131. Ormanl\u0131k alandan y\u00fckselen dumanlar\u0131 g\u00f6ren \u015eaban G\u00fcl, durumu hemen 112&#8217;ye haber verdi. Alevlere ilk m\u00fcdahaleyi \u00d6renk\u00f6y&#8217;den \u015eaban G\u00fcl yaparken, itfaiye ekipleri k\u0131sa s\u00fcrede yang\u0131n b\u00f6lgesine ula\u015ft\u0131. Alevler havadan ve karadan m\u00fcdahale ile s\u00f6nd\u00fcr\u00fcld\u00fc. Ayn\u0131 b\u00f6lgede 2 Temmuz g\u00fcn\u00fc bir yang\u0131n daha oldu\u011funu s\u00f6yleyen k\u00f6yl\u00fcler, kimli\u011fi belirsiz ki\u015filer taraf\u0131ndan yang\u0131n \u00e7\u0131kar\u0131labilece\u011fi iddialar\u0131n\u0131 ortaya att\u0131lar.<br \/>\n  \u00d6te yandan, ge\u00e7ti\u011fimiz g\u00fcnlerde b\u00f6lgede ya\u015fanan yang\u0131n s\u0131ras\u0131nda Kuyuba\u015f\u0131 k\u00f6y\u00fcnde 25 vatanda\u015f ve 35 k\u00fc\u00e7\u00fckba\u015f; \u00d6renk\u00f6y&#8217;de ise 90 vatanda\u015f, 60 k\u00fc\u00e7\u00fckba\u015f ve 40 b\u00fcy\u00fckba\u015f hayvan yerle\u015fimlerden tahliye edilmi\u015fti. <\/p>\n<p>16.07.2025                                 <\/p>\n","protected":false},"excerpt":{"rendered":"<p>&#8211; Bilecik&#8217;te \u00e7\u0131kan orman yang\u0131n\u0131 kontrol alt\u0131na al\u0131nd\u0131 Bilecik&#8217;te 15 g\u00fcn i\u00e7erisinde ayn\u0131 b\u00f6lgede 2&#8217;nci defa \u00e7\u0131kan orman yang\u0131n\u0131 karadan ve havadan m\u00fcdahale ile k\u0131sa s\u00fcrede s\u00f6nd\u00fcr\u00fcld\u00fc. Al\u0131nan bilgilere g\u00f6re; Vezirhan beldesine ba\u011fl\u0131 Zobran k\u00f6y\u00fc ile \u00d6renk\u00f6y aras\u0131nda yang\u0131n \u00e7\u0131kt\u0131. Ormanl\u0131k alandan y\u00fckselen dumanlar\u0131 g\u00f6ren \u015eaban G\u00fcl, durumu hemen 112&#8217;ye haber verdi. Alevlere ilk m\u00fcdahaleyi [&hellip;]<\/p>\n","protected":false},"author":1,"featured_media":9346,"comment_status":"open","ping_status":"open","sticky":false,"template":"","format":"standard","meta":{"footnotes":""},"categories":[1],"tags":[],"class_list":["post-9345","post","type-post","status-publish","format-standard","has-post-thumbnail","hentry","category-genel"],"yoast_head":"<!-- This site is optimized with the Yoast SEO plugin v27.4 - https:\/\/yoast.com\/product\/yoast-seo-wordpress\/ -->\n<title>Ayn\u0131 b\u00f6lgede 15 g\u00fcnde 2&#039;nci orman yang\u0131n\u0131 - Memurun Sesi<\/title>\n<meta name=\"robots\" content=\"index, follow, max-snippet:-1, max-image-preview:large, max-video-preview:-1\" \/>\n<link rel=\"canonical\" href=\"https:\/\/memurunsesi.net\/index.php\/2025\/07\/16\/ayni-bolgede-15-gunde-2nci-orman-yangini\/\" \/>\n<meta property=\"og:locale\" content=\"tr_TR\" \/>\n<meta property=\"og:type\" content=\"article\" \/>\n<meta property=\"og:title\" content=\"Ayn\u0131 b\u00f6lgede 15 g\u00fcnde 2&#039;nci orman yang\u0131n\u0131 - Memurun Sesi\" \/>\n<meta property=\"og:description\" content=\"&#8211; Bilecik&#8217;te \u00e7\u0131kan orman yang\u0131n\u0131 kontrol alt\u0131na al\u0131nd\u0131 Bilecik&#8217;te 15 g\u00fcn i\u00e7erisinde ayn\u0131 b\u00f6lgede 2&#8217;nci defa \u00e7\u0131kan orman yang\u0131n\u0131 karadan ve havadan m\u00fcdahale ile k\u0131sa s\u00fcrede s\u00f6nd\u00fcr\u00fcld\u00fc. Al\u0131nan bilgilere g\u00f6re; Vezirhan beldesine ba\u011fl\u0131 Zobran k\u00f6y\u00fc ile \u00d6renk\u00f6y aras\u0131nda yang\u0131n \u00e7\u0131kt\u0131. Ormanl\u0131k alandan y\u00fckselen dumanlar\u0131 g\u00f6ren \u015eaban G\u00fcl, durumu hemen 112&#8217;ye haber verdi. Alevlere ilk m\u00fcdahaleyi [&hellip;]\" \/>\n<meta property=\"og:url\" content=\"https:\/\/memurunsesi.net\/index.php\/2025\/07\/16\/ayni-bolgede-15-gunde-2nci-orman-yangini\/\" \/>\n<meta property=\"og:site_name\" content=\"Memurun Sesi\" \/>\n<meta property=\"article:publisher\" content=\"https:\/\/www.facebook.com\/unipersen\/?locale=tr_TR\" \/>\n<meta property=\"article:published_time\" content=\"2025-07-16T11:20:24+00:00\" \/>\n<meta property=\"og:image\" content=\"https:\/\/memurunsesi.net\/wp-content\/uploads\/2025\/07\/AW498265_01.jpg\" \/>\n\t<meta property=\"og:image:width\" content=\"1396\" \/>\n\t<meta property=\"og:image:height\" content=\"803\" \/>\n\t<meta property=\"og:image:type\" content=\"image\/jpeg\" \/>\n<meta name=\"author\" content=\"Memurun Sesi Haber Merkezi\" \/>\n<meta name=\"twitter:card\" content=\"summary_large_image\" \/>\n<meta name=\"twitter:creator\" content=\"@unipersen\" \/>\n<meta name=\"twitter:site\" content=\"@unipersen\" \/>\n<meta name=\"twitter:label1\" content=\"Yazan:\" \/>\n\t<meta name=\"twitter:data1\" content=\"Memurun Sesi Haber Merkezi\" \/>\n\t<meta name=\"twitter:label2\" content=\"Tahmini okuma s\u00fcresi\" \/>\n\t<meta name=\"twitter:data2\" content=\"1 dakika\" \/>\n<script type=\"application\/ld+json\" class=\"yoast-schema-graph\">{\"@context\":\"https:\\\/\\\/schema.org\",\"@graph\":[{\"@type\":\"Article\",\"@id\":\"https:\\\/\\\/memurunsesi.net\\\/index.php\\\/2025\\\/07\\\/16\\\/ayni-bolgede-15-gunde-2nci-orman-yangini\\\/#article\",\"isPartOf\":{\"@id\":\"https:\\\/\\\/memurunsesi.net\\\/index.php\\\/2025\\\/07\\\/16\\\/ayni-bolgede-15-gunde-2nci-orman-yangini\\\/\"},\"author\":{\"name\":\"Memurun Sesi Haber Merkezi\",\"@id\":\"https:\\\/\\\/memurunsesi.net\\\/#\\\/schema\\\/person\\\/f21c2d73b89f6ee1d80b0a1803e38587\"},\"headline\":\"Ayn\u0131 b\u00f6lgede 15 g\u00fcnde 2&#8217;nci orman yang\u0131n\u0131\",\"datePublished\":\"2025-07-16T11:20:24+00:00\",\"mainEntityOfPage\":{\"@id\":\"https:\\\/\\\/memurunsesi.net\\\/index.php\\\/2025\\\/07\\\/16\\\/ayni-bolgede-15-gunde-2nci-orman-yangini\\\/\"},\"wordCount\":195,\"commentCount\":0,\"publisher\":{\"@id\":\"https:\\\/\\\/memurunsesi.net\\\/#organization\"},\"image\":{\"@id\":\"https:\\\/\\\/memurunsesi.net\\\/index.php\\\/2025\\\/07\\\/16\\\/ayni-bolgede-15-gunde-2nci-orman-yangini\\\/#primaryimage\"},\"thumbnailUrl\":\"https:\\\/\\\/memurunsesi.net\\\/wp-content\\\/uploads\\\/2025\\\/07\\\/AW498265_01.jpg\",\"inLanguage\":\"tr\",\"potentialAction\":[{\"@type\":\"CommentAction\",\"name\":\"Comment\",\"target\":[\"https:\\\/\\\/memurunsesi.net\\\/index.php\\\/2025\\\/07\\\/16\\\/ayni-bolgede-15-gunde-2nci-orman-yangini\\\/#respond\"]}]},{\"@type\":\"WebPage\",\"@id\":\"https:\\\/\\\/memurunsesi.net\\\/index.php\\\/2025\\\/07\\\/16\\\/ayni-bolgede-15-gunde-2nci-orman-yangini\\\/\",\"url\":\"https:\\\/\\\/memurunsesi.net\\\/index.php\\\/2025\\\/07\\\/16\\\/ayni-bolgede-15-gunde-2nci-orman-yangini\\\/\",\"name\":\"Ayn\u0131 b\u00f6lgede 15 g\u00fcnde 2'nci orman yang\u0131n\u0131 - Memurun Sesi\",\"isPartOf\":{\"@id\":\"https:\\\/\\\/memurunsesi.net\\\/#website\"},\"primaryImageOfPage\":{\"@id\":\"https:\\\/\\\/memurunsesi.net\\\/index.php\\\/2025\\\/07\\\/16\\\/ayni-bolgede-15-gunde-2nci-orman-yangini\\\/#primaryimage\"},\"image\":{\"@id\":\"https:\\\/\\\/memurunsesi.net\\\/index.php\\\/2025\\\/07\\\/16\\\/ayni-bolgede-15-gunde-2nci-orman-yangini\\\/#primaryimage\"},\"thumbnailUrl\":\"https:\\\/\\\/memurunsesi.net\\\/wp-content\\\/uploads\\\/2025\\\/07\\\/AW498265_01.jpg\",\"datePublished\":\"2025-07-16T11:20:24+00:00\",\"breadcrumb\":{\"@id\":\"https:\\\/\\\/memurunsesi.net\\\/index.php\\\/2025\\\/07\\\/16\\\/ayni-bolgede-15-gunde-2nci-orman-yangini\\\/#breadcrumb\"},\"inLanguage\":\"tr\",\"potentialAction\":[{\"@type\":\"ReadAction\",\"target\":[\"https:\\\/\\\/memurunsesi.net\\\/index.php\\\/2025\\\/07\\\/16\\\/ayni-bolgede-15-gunde-2nci-orman-yangini\\\/\"]}]},{\"@type\":\"ImageObject\",\"inLanguage\":\"tr\",\"@id\":\"https:\\\/\\\/memurunsesi.net\\\/index.php\\\/2025\\\/07\\\/16\\\/ayni-bolgede-15-gunde-2nci-orman-yangini\\\/#primaryimage\",\"url\":\"https:\\\/\\\/memurunsesi.net\\\/wp-content\\\/uploads\\\/2025\\\/07\\\/AW498265_01.jpg\",\"contentUrl\":\"https:\\\/\\\/memurunsesi.net\\\/wp-content\\\/uploads\\\/2025\\\/07\\\/AW498265_01.jpg\",\"width\":1396,\"height\":803,\"caption\":\"B\u0130LEC\u0130K'TE 15 G\u00dcN \u0130\u00c7ER\u0130S\u0130NDE AYNI B\u00d6LGEDE 2'NC\u0130 DEFA \u00c7IKAN ORMAN YANGINI KARADAN VE HAVADAN M\u00dcDAHALE \u0130LE KISA S\u00dcREDE S\u00d6ND\u00dcR\u00dcLD\u00dc. (CEM KAAN TOKA\\\/B\u0130LEC\u0130K-\u0130HA) Bilecik'te 15 g\u00fcn i\u00e7erisinde ayn\u0131 b\u00f6lgede 2'nci defa \u00e7\u0131kan orman yang\u0131n\u0131 karadan ve havadan m\u00fcdahale ile k\u0131sa s\u00fcrede s\u00f6nd\u00fcr\u00fcld\u00fc.\"},{\"@type\":\"BreadcrumbList\",\"@id\":\"https:\\\/\\\/memurunsesi.net\\\/index.php\\\/2025\\\/07\\\/16\\\/ayni-bolgede-15-gunde-2nci-orman-yangini\\\/#breadcrumb\",\"itemListElement\":[{\"@type\":\"ListItem\",\"position\":1,\"name\":\"Anasayfa\",\"item\":\"https:\\\/\\\/memurunsesi.net\\\/\"},{\"@type\":\"ListItem\",\"position\":2,\"name\":\"Ayn\u0131 b\u00f6lgede 15 g\u00fcnde 2&#8217;nci orman yang\u0131n\u0131\"}]},{\"@type\":\"WebSite\",\"@id\":\"https:\\\/\\\/memurunsesi.net\\\/#website\",\"url\":\"https:\\\/\\\/memurunsesi.net\\\/\",\"name\":\"Memurun Sesi\",\"description\":\"G\u00fcncel ve Do\u011fru Haber\",\"publisher\":{\"@id\":\"https:\\\/\\\/memurunsesi.net\\\/#organization\"},\"potentialAction\":[{\"@type\":\"SearchAction\",\"target\":{\"@type\":\"EntryPoint\",\"urlTemplate\":\"https:\\\/\\\/memurunsesi.net\\\/?s={search_term_string}\"},\"query-input\":{\"@type\":\"PropertyValueSpecification\",\"valueRequired\":true,\"valueName\":\"search_term_string\"}}],\"inLanguage\":\"tr\"},{\"@type\":\"Organization\",\"@id\":\"https:\\\/\\\/memurunsesi.net\\\/#organization\",\"name\":\"Memurun Sesi\",\"url\":\"https:\\\/\\\/memurunsesi.net\\\/\",\"logo\":{\"@type\":\"ImageObject\",\"inLanguage\":\"tr\",\"@id\":\"https:\\\/\\\/memurunsesi.net\\\/#\\\/schema\\\/logo\\\/image\\\/\",\"url\":\"https:\\\/\\\/memurunsesi.net\\\/wp-content\\\/uploads\\\/2025\\\/11\\\/cropped-MEMURUN-SESI.png\",\"contentUrl\":\"https:\\\/\\\/memurunsesi.net\\\/wp-content\\\/uploads\\\/2025\\\/11\\\/cropped-MEMURUN-SESI.png\",\"width\":238,\"height\":57,\"caption\":\"Memurun Sesi\"},\"image\":{\"@id\":\"https:\\\/\\\/memurunsesi.net\\\/#\\\/schema\\\/logo\\\/image\\\/\"},\"sameAs\":[\"https:\\\/\\\/www.facebook.com\\\/unipersen\\\/?locale=tr_TR\",\"https:\\\/\\\/x.com\\\/unipersen\"]},{\"@type\":\"Person\",\"@id\":\"https:\\\/\\\/memurunsesi.net\\\/#\\\/schema\\\/person\\\/f21c2d73b89f6ee1d80b0a1803e38587\",\"name\":\"Memurun Sesi Haber Merkezi\",\"image\":{\"@type\":\"ImageObject\",\"inLanguage\":\"tr\",\"@id\":\"https:\\\/\\\/secure.gravatar.com\\\/avatar\\\/6cf0505f452ee753f485014986fab09a434671d2b919ee76fc541025c5876a70?s=96&d=mm&r=g\",\"url\":\"https:\\\/\\\/secure.gravatar.com\\\/avatar\\\/6cf0505f452ee753f485014986fab09a434671d2b919ee76fc541025c5876a70?s=96&d=mm&r=g\",\"contentUrl\":\"https:\\\/\\\/secure.gravatar.com\\\/avatar\\\/6cf0505f452ee753f485014986fab09a434671d2b919ee76fc541025c5876a70?s=96&d=mm&r=g\",\"caption\":\"Memurun Sesi Haber Merkezi\"},\"sameAs\":[\"https:\\\/\\\/memurunsesi.net\"],\"url\":\"https:\\\/\\\/memurunsesi.net\\\/index.php\\\/author\\\/uniper\\\/\"}]}<\/script>\n<!-- \/ Yoast SEO plugin. -->","yoast_head_json":{"title":"Ayn\u0131 b\u00f6lgede 15 g\u00fcnde 2'nci orman yang\u0131n\u0131 - Memurun Sesi","robots":{"index":"index","follow":"follow","max-snippet":"max-snippet:-1","max-image-preview":"max-image-preview:large","max-video-preview":"max-video-preview:-1"},"canonical":"https:\/\/memurunsesi.net\/index.php\/2025\/07\/16\/ayni-bolgede-15-gunde-2nci-orman-yangini\/","og_locale":"tr_TR","og_type":"article","og_title":"Ayn\u0131 b\u00f6lgede 15 g\u00fcnde 2'nci orman yang\u0131n\u0131 - Memurun Sesi","og_description":"&#8211; Bilecik&#8217;te \u00e7\u0131kan orman yang\u0131n\u0131 kontrol alt\u0131na al\u0131nd\u0131 Bilecik&#8217;te 15 g\u00fcn i\u00e7erisinde ayn\u0131 b\u00f6lgede 2&#8217;nci defa \u00e7\u0131kan orman yang\u0131n\u0131 karadan ve havadan m\u00fcdahale ile k\u0131sa s\u00fcrede s\u00f6nd\u00fcr\u00fcld\u00fc. Al\u0131nan bilgilere g\u00f6re; Vezirhan beldesine ba\u011fl\u0131 Zobran k\u00f6y\u00fc ile \u00d6renk\u00f6y aras\u0131nda yang\u0131n \u00e7\u0131kt\u0131. Ormanl\u0131k alandan y\u00fckselen dumanlar\u0131 g\u00f6ren \u015eaban G\u00fcl, durumu hemen 112&#8217;ye haber verdi. Alevlere ilk m\u00fcdahaleyi [&hellip;]","og_url":"https:\/\/memurunsesi.net\/index.php\/2025\/07\/16\/ayni-bolgede-15-gunde-2nci-orman-yangini\/","og_site_name":"Memurun Sesi","article_publisher":"https:\/\/www.facebook.com\/unipersen\/?locale=tr_TR","article_published_time":"2025-07-16T11:20:24+00:00","og_image":[{"width":1396,"height":803,"url":"https:\/\/memurunsesi.net\/wp-content\/uploads\/2025\/07\/AW498265_01.jpg","type":"image\/jpeg"}],"author":"Memurun Sesi Haber Merkezi","twitter_card":"summary_large_image","twitter_creator":"@unipersen","twitter_site":"@unipersen","twitter_misc":{"Yazan:":"Memurun Sesi Haber Merkezi","Tahmini okuma s\u00fcresi":"1 dakika"},"schema":{"@context":"https:\/\/schema.org","@graph":[{"@type":"Article","@id":"https:\/\/memurunsesi.net\/index.php\/2025\/07\/16\/ayni-bolgede-15-gunde-2nci-orman-yangini\/#article","isPartOf":{"@id":"https:\/\/memurunsesi.net\/index.php\/2025\/07\/16\/ayni-bolgede-15-gunde-2nci-orman-yangini\/"},"author":{"name":"Memurun Sesi Haber Merkezi","@id":"https:\/\/memurunsesi.net\/#\/schema\/person\/f21c2d73b89f6ee1d80b0a1803e38587"},"headline":"Ayn\u0131 b\u00f6lgede 15 g\u00fcnde 2&#8217;nci orman yang\u0131n\u0131","datePublished":"2025-07-16T11:20:24+00:00","mainEntityOfPage":{"@id":"https:\/\/memurunsesi.net\/index.php\/2025\/07\/16\/ayni-bolgede-15-gunde-2nci-orman-yangini\/"},"wordCount":195,"commentCount":0,"publisher":{"@id":"https:\/\/memurunsesi.net\/#organization"},"image":{"@id":"https:\/\/memurunsesi.net\/index.php\/2025\/07\/16\/ayni-bolgede-15-gunde-2nci-orman-yangini\/#primaryimage"},"thumbnailUrl":"https:\/\/memurunsesi.net\/wp-content\/uploads\/2025\/07\/AW498265_01.jpg","inLanguage":"tr","potentialAction":[{"@type":"CommentAction","name":"Comment","target":["https:\/\/memurunsesi.net\/index.php\/2025\/07\/16\/ayni-bolgede-15-gunde-2nci-orman-yangini\/#respond"]}]},{"@type":"WebPage","@id":"https:\/\/memurunsesi.net\/index.php\/2025\/07\/16\/ayni-bolgede-15-gunde-2nci-orman-yangini\/","url":"https:\/\/memurunsesi.net\/index.php\/2025\/07\/16\/ayni-bolgede-15-gunde-2nci-orman-yangini\/","name":"Ayn\u0131 b\u00f6lgede 15 g\u00fcnde 2'nci orman yang\u0131n\u0131 - Memurun Sesi","isPartOf":{"@id":"https:\/\/memurunsesi.net\/#website"},"primaryImageOfPage":{"@id":"https:\/\/memurunsesi.net\/index.php\/2025\/07\/16\/ayni-bolgede-15-gunde-2nci-orman-yangini\/#primaryimage"},"image":{"@id":"https:\/\/memurunsesi.net\/index.php\/2025\/07\/16\/ayni-bolgede-15-gunde-2nci-orman-yangini\/#primaryimage"},"thumbnailUrl":"https:\/\/memurunsesi.net\/wp-content\/uploads\/2025\/07\/AW498265_01.jpg","datePublished":"2025-07-16T11:20:24+00:00","breadcrumb":{"@id":"https:\/\/memurunsesi.net\/index.php\/2025\/07\/16\/ayni-bolgede-15-gunde-2nci-orman-yangini\/#breadcrumb"},"inLanguage":"tr","potentialAction":[{"@type":"ReadAction","target":["https:\/\/memurunsesi.net\/index.php\/2025\/07\/16\/ayni-bolgede-15-gunde-2nci-orman-yangini\/"]}]},{"@type":"ImageObject","inLanguage":"tr","@id":"https:\/\/memurunsesi.net\/index.php\/2025\/07\/16\/ayni-bolgede-15-gunde-2nci-orman-yangini\/#primaryimage","url":"https:\/\/memurunsesi.net\/wp-content\/uploads\/2025\/07\/AW498265_01.jpg","contentUrl":"https:\/\/memurunsesi.net\/wp-content\/uploads\/2025\/07\/AW498265_01.jpg","width":1396,"height":803,"caption":"B\u0130LEC\u0130K'TE 15 G\u00dcN \u0130\u00c7ER\u0130S\u0130NDE AYNI B\u00d6LGEDE 2'NC\u0130 DEFA \u00c7IKAN ORMAN YANGINI KARADAN VE HAVADAN M\u00dcDAHALE \u0130LE KISA S\u00dcREDE S\u00d6ND\u00dcR\u00dcLD\u00dc. (CEM KAAN TOKA\/B\u0130LEC\u0130K-\u0130HA) Bilecik'te 15 g\u00fcn i\u00e7erisinde ayn\u0131 b\u00f6lgede 2'nci defa \u00e7\u0131kan orman yang\u0131n\u0131 karadan ve havadan m\u00fcdahale ile k\u0131sa s\u00fcrede s\u00f6nd\u00fcr\u00fcld\u00fc."},{"@type":"BreadcrumbList","@id":"https:\/\/memurunsesi.net\/index.php\/2025\/07\/16\/ayni-bolgede-15-gunde-2nci-orman-yangini\/#breadcrumb","itemListElement":[{"@type":"ListItem","position":1,"name":"Anasayfa","item":"https:\/\/memurunsesi.net\/"},{"@type":"ListItem","position":2,"name":"Ayn\u0131 b\u00f6lgede 15 g\u00fcnde 2&#8217;nci orman yang\u0131n\u0131"}]},{"@type":"WebSite","@id":"https:\/\/memurunsesi.net\/#website","url":"https:\/\/memurunsesi.net\/","name":"Memurun Sesi","description":"G\u00fcncel ve Do\u011fru Haber","publisher":{"@id":"https:\/\/memurunsesi.net\/#organization"},"potentialAction":[{"@type":"SearchAction","target":{"@type":"EntryPoint","urlTemplate":"https:\/\/memurunsesi.net\/?s={search_term_string}"},"query-input":{"@type":"PropertyValueSpecification","valueRequired":true,"valueName":"search_term_string"}}],"inLanguage":"tr"},{"@type":"Organization","@id":"https:\/\/memurunsesi.net\/#organization","name":"Memurun Sesi","url":"https:\/\/memurunsesi.net\/","logo":{"@type":"ImageObject","inLanguage":"tr","@id":"https:\/\/memurunsesi.net\/#\/schema\/logo\/image\/","url":"https:\/\/memurunsesi.net\/wp-content\/uploads\/2025\/11\/cropped-MEMURUN-SESI.png","contentUrl":"https:\/\/memurunsesi.net\/wp-content\/uploads\/2025\/11\/cropped-MEMURUN-SESI.png","width":238,"height":57,"caption":"Memurun Sesi"},"image":{"@id":"https:\/\/memurunsesi.net\/#\/schema\/logo\/image\/"},"sameAs":["https:\/\/www.facebook.com\/unipersen\/?locale=tr_TR","https:\/\/x.com\/unipersen"]},{"@type":"Person","@id":"https:\/\/memurunsesi.net\/#\/schema\/person\/f21c2d73b89f6ee1d80b0a1803e38587","name":"Memurun Sesi Haber Merkezi","image":{"@type":"ImageObject","inLanguage":"tr","@id":"https:\/\/secure.gravatar.com\/avatar\/6cf0505f452ee753f485014986fab09a434671d2b919ee76fc541025c5876a70?s=96&d=mm&r=g","url":"https:\/\/secure.gravatar.com\/avatar\/6cf0505f452ee753f485014986fab09a434671d2b919ee76fc541025c5876a70?s=96&d=mm&r=g","contentUrl":"https:\/\/secure.gravatar.com\/avatar\/6cf0505f452ee753f485014986fab09a434671d2b919ee76fc541025c5876a70?s=96&d=mm&r=g","caption":"Memurun Sesi Haber Merkezi"},"sameAs":["https:\/\/memurunsesi.net"],"url":"https:\/\/memurunsesi.net\/index.php\/author\/uniper\/"}]}},"_links":{"self":[{"href":"https:\/\/memurunsesi.net\/index.php\/wp-json\/wp\/v2\/posts\/9345","targetHints":{"allow":["GET"]}}],"collection":[{"href":"https:\/\/memurunsesi.net\/index.php\/wp-json\/wp\/v2\/posts"}],"about":[{"href":"https:\/\/memurunsesi.net\/index.php\/wp-json\/wp\/v2\/types\/post"}],"author":[{"embeddable":true,"href":"https:\/\/memurunsesi.net\/index.php\/wp-json\/wp\/v2\/users\/1"}],"replies":[{"embeddable":true,"href":"https:\/\/memurunsesi.net\/index.php\/wp-json\/wp\/v2\/comments?post=9345"}],"version-history":[{"count":1,"href":"https:\/\/memurunsesi.net\/index.php\/wp-json\/wp\/v2\/posts\/9345\/revisions"}],"predecessor-version":[{"id":9347,"href":"https:\/\/memurunsesi.net\/index.php\/wp-json\/wp\/v2\/posts\/9345\/revisions\/9347"}],"wp:featuredmedia":[{"embeddable":true,"href":"https:\/\/memurunsesi.net\/index.php\/wp-json\/wp\/v2\/media\/9346"}],"wp:attachment":[{"href":"https:\/\/memurunsesi.net\/index.php\/wp-json\/wp\/v2\/media?parent=9345"}],"wp:term":[{"taxonomy":"category","embeddable":true,"href":"https:\/\/memurunsesi.net\/index.php\/wp-json\/wp\/v2\/categories?post=9345"},{"taxonomy":"post_tag","embeddable":true,"href":"https:\/\/memurunsesi.net\/index.php\/wp-json\/wp\/v2\/tags?post=9345"}],"curies":[{"name":"wp","href":"https:\/\/api.w.org\/{rel}","templated":true}]}}