{"id":9348,"date":"2025-07-16T14:21:46","date_gmt":"2025-07-16T11:21:46","guid":{"rendered":"https:\/\/memurunsesi.net\/?p=9348"},"modified":"2025-07-16T14:21:46","modified_gmt":"2025-07-16T11:21:46","slug":"nigdede-is-yeri-deposunda-yangin","status":"publish","type":"post","link":"https:\/\/memurunsesi.net\/index.php\/2025\/07\/16\/nigdede-is-yeri-deposunda-yangin\/","title":{"rendered":"Ni\u011fde&#8217;de i\u015f yeri deposunda yang\u0131n"},"content":{"rendered":"<p>   Ni\u011fde&#8217;de bir i\u015f yerinin deposunda yang\u0131n \u00e7\u0131kt\u0131.<br \/>\nYang\u0131n, Kale Mahallesi Ebeo\u011flu Sokak&#8217;ta beyaz e\u015fyalar\u0131n bulundu\u011fu \u00f6\u011frenilen bir i\u015f yerinin deposunda hen\u00fcz belirlenemeyen bir nedenle \u00e7\u0131kt\u0131. Depodan dumanlar\u0131n y\u00fckseldi\u011fini fark eden \u00e7evredekilerin ihbar\u0131 \u00fczerine olay yerine Ni\u011fde Belediyesi itfaiye ekipleri, polis ve sa\u011fl\u0131k ekipleri y\u00f6nlendirildi.<br \/>\n  \u0130tfaiye ekipleri yang\u0131na m\u00fcdahale ederken tedbir amac\u0131yla apartman sakinleri tahliye edildi.<br \/>\n  Polis ekipleri, yang\u0131n\u0131n \u00e7\u0131kt\u0131\u011f\u0131 b\u00f6lgede g\u00fcvenlik \u00f6nlemi alarak \u00e7evreyi kontrol alt\u0131na ald\u0131. Yang\u0131n\u0131n \u00e7\u0131k\u0131\u015f nedeni, itfaiye ekiplerinin yapaca\u011f\u0131 so\u011futma \u00e7al\u0131\u015fmalar\u0131n\u0131n ard\u0131ndan yap\u0131lacak inceleme sonucu netlik kazanacak.  <\/p>\n<p>16.07.2025                                <\/p>\n","protected":false},"excerpt":{"rendered":"<p>Ni\u011fde&#8217;de bir i\u015f yerinin deposunda yang\u0131n \u00e7\u0131kt\u0131. Yang\u0131n, Kale Mahallesi Ebeo\u011flu Sokak&#8217;ta beyaz e\u015fyalar\u0131n bulundu\u011fu \u00f6\u011frenilen bir i\u015f yerinin deposunda hen\u00fcz belirlenemeyen bir nedenle \u00e7\u0131kt\u0131. Depodan dumanlar\u0131n y\u00fckseldi\u011fini fark eden \u00e7evredekilerin ihbar\u0131 \u00fczerine olay yerine Ni\u011fde Belediyesi itfaiye ekipleri, polis ve sa\u011fl\u0131k ekipleri y\u00f6nlendirildi. \u0130tfaiye ekipleri yang\u0131na m\u00fcdahale ederken tedbir amac\u0131yla apartman sakinleri tahliye edildi. [&hellip;]<\/p>\n","protected":false},"author":1,"featured_media":9349,"comment_status":"open","ping_status":"open","sticky":false,"template":"","format":"standard","meta":{"footnotes":""},"categories":[1],"tags":[],"class_list":["post-9348","post","type-post","status-publish","format-standard","has-post-thumbnail","hentry","category-genel"],"yoast_head":"<!-- This site is optimized with the Yoast SEO plugin v27.4 - https:\/\/yoast.com\/product\/yoast-seo-wordpress\/ -->\n<title>Ni\u011fde&#039;de i\u015f yeri deposunda yang\u0131n - Memurun Sesi<\/title>\n<meta name=\"robots\" content=\"index, follow, max-snippet:-1, max-image-preview:large, max-video-preview:-1\" \/>\n<link rel=\"canonical\" href=\"https:\/\/memurunsesi.net\/index.php\/2025\/07\/16\/nigdede-is-yeri-deposunda-yangin\/\" \/>\n<meta property=\"og:locale\" content=\"tr_TR\" \/>\n<meta property=\"og:type\" content=\"article\" \/>\n<meta property=\"og:title\" content=\"Ni\u011fde&#039;de i\u015f yeri deposunda yang\u0131n - Memurun Sesi\" \/>\n<meta property=\"og:description\" content=\"Ni\u011fde&#8217;de bir i\u015f yerinin deposunda yang\u0131n \u00e7\u0131kt\u0131. Yang\u0131n, Kale Mahallesi Ebeo\u011flu Sokak&#8217;ta beyaz e\u015fyalar\u0131n bulundu\u011fu \u00f6\u011frenilen bir i\u015f yerinin deposunda hen\u00fcz belirlenemeyen bir nedenle \u00e7\u0131kt\u0131. Depodan dumanlar\u0131n y\u00fckseldi\u011fini fark eden \u00e7evredekilerin ihbar\u0131 \u00fczerine olay yerine Ni\u011fde Belediyesi itfaiye ekipleri, polis ve sa\u011fl\u0131k ekipleri y\u00f6nlendirildi. \u0130tfaiye ekipleri yang\u0131na m\u00fcdahale ederken tedbir amac\u0131yla apartman sakinleri tahliye edildi. [&hellip;]\" \/>\n<meta property=\"og:url\" content=\"https:\/\/memurunsesi.net\/index.php\/2025\/07\/16\/nigdede-is-yeri-deposunda-yangin\/\" \/>\n<meta property=\"og:site_name\" content=\"Memurun Sesi\" \/>\n<meta property=\"article:publisher\" content=\"https:\/\/www.facebook.com\/unipersen\/?locale=tr_TR\" \/>\n<meta property=\"article:published_time\" content=\"2025-07-16T11:21:46+00:00\" \/>\n<meta property=\"og:image\" content=\"https:\/\/memurunsesi.net\/wp-content\/uploads\/2025\/07\/AW498281_01-scaled.jpg\" \/>\n\t<meta property=\"og:image:width\" content=\"2560\" \/>\n\t<meta property=\"og:image:height\" content=\"1707\" \/>\n\t<meta property=\"og:image:type\" content=\"image\/jpeg\" \/>\n<meta name=\"author\" content=\"Memurun Sesi Haber Merkezi\" \/>\n<meta name=\"twitter:card\" content=\"summary_large_image\" \/>\n<meta name=\"twitter:creator\" content=\"@unipersen\" \/>\n<meta name=\"twitter:site\" content=\"@unipersen\" \/>\n<meta name=\"twitter:label1\" content=\"Yazan:\" \/>\n\t<meta name=\"twitter:data1\" content=\"Memurun Sesi Haber Merkezi\" \/>\n\t<meta name=\"twitter:label2\" content=\"Tahmini okuma s\u00fcresi\" \/>\n\t<meta name=\"twitter:data2\" content=\"1 dakika\" \/>\n<script type=\"application\/ld+json\" class=\"yoast-schema-graph\">{\"@context\":\"https:\\\/\\\/schema.org\",\"@graph\":[{\"@type\":\"Article\",\"@id\":\"https:\\\/\\\/memurunsesi.net\\\/index.php\\\/2025\\\/07\\\/16\\\/nigdede-is-yeri-deposunda-yangin\\\/#article\",\"isPartOf\":{\"@id\":\"https:\\\/\\\/memurunsesi.net\\\/index.php\\\/2025\\\/07\\\/16\\\/nigdede-is-yeri-deposunda-yangin\\\/\"},\"author\":{\"name\":\"Memurun Sesi Haber Merkezi\",\"@id\":\"https:\\\/\\\/memurunsesi.net\\\/#\\\/schema\\\/person\\\/f21c2d73b89f6ee1d80b0a1803e38587\"},\"headline\":\"Ni\u011fde&#8217;de i\u015f yeri deposunda yang\u0131n\",\"datePublished\":\"2025-07-16T11:21:46+00:00\",\"mainEntityOfPage\":{\"@id\":\"https:\\\/\\\/memurunsesi.net\\\/index.php\\\/2025\\\/07\\\/16\\\/nigdede-is-yeri-deposunda-yangin\\\/\"},\"wordCount\":122,\"commentCount\":0,\"publisher\":{\"@id\":\"https:\\\/\\\/memurunsesi.net\\\/#organization\"},\"image\":{\"@id\":\"https:\\\/\\\/memurunsesi.net\\\/index.php\\\/2025\\\/07\\\/16\\\/nigdede-is-yeri-deposunda-yangin\\\/#primaryimage\"},\"thumbnailUrl\":\"https:\\\/\\\/memurunsesi.net\\\/wp-content\\\/uploads\\\/2025\\\/07\\\/AW498281_01-scaled.jpg\",\"inLanguage\":\"tr\",\"potentialAction\":[{\"@type\":\"CommentAction\",\"name\":\"Comment\",\"target\":[\"https:\\\/\\\/memurunsesi.net\\\/index.php\\\/2025\\\/07\\\/16\\\/nigdede-is-yeri-deposunda-yangin\\\/#respond\"]}]},{\"@type\":\"WebPage\",\"@id\":\"https:\\\/\\\/memurunsesi.net\\\/index.php\\\/2025\\\/07\\\/16\\\/nigdede-is-yeri-deposunda-yangin\\\/\",\"url\":\"https:\\\/\\\/memurunsesi.net\\\/index.php\\\/2025\\\/07\\\/16\\\/nigdede-is-yeri-deposunda-yangin\\\/\",\"name\":\"Ni\u011fde'de i\u015f yeri deposunda yang\u0131n - Memurun Sesi\",\"isPartOf\":{\"@id\":\"https:\\\/\\\/memurunsesi.net\\\/#website\"},\"primaryImageOfPage\":{\"@id\":\"https:\\\/\\\/memurunsesi.net\\\/index.php\\\/2025\\\/07\\\/16\\\/nigdede-is-yeri-deposunda-yangin\\\/#primaryimage\"},\"image\":{\"@id\":\"https:\\\/\\\/memurunsesi.net\\\/index.php\\\/2025\\\/07\\\/16\\\/nigdede-is-yeri-deposunda-yangin\\\/#primaryimage\"},\"thumbnailUrl\":\"https:\\\/\\\/memurunsesi.net\\\/wp-content\\\/uploads\\\/2025\\\/07\\\/AW498281_01-scaled.jpg\",\"datePublished\":\"2025-07-16T11:21:46+00:00\",\"breadcrumb\":{\"@id\":\"https:\\\/\\\/memurunsesi.net\\\/index.php\\\/2025\\\/07\\\/16\\\/nigdede-is-yeri-deposunda-yangin\\\/#breadcrumb\"},\"inLanguage\":\"tr\",\"potentialAction\":[{\"@type\":\"ReadAction\",\"target\":[\"https:\\\/\\\/memurunsesi.net\\\/index.php\\\/2025\\\/07\\\/16\\\/nigdede-is-yeri-deposunda-yangin\\\/\"]}]},{\"@type\":\"ImageObject\",\"inLanguage\":\"tr\",\"@id\":\"https:\\\/\\\/memurunsesi.net\\\/index.php\\\/2025\\\/07\\\/16\\\/nigdede-is-yeri-deposunda-yangin\\\/#primaryimage\",\"url\":\"https:\\\/\\\/memurunsesi.net\\\/wp-content\\\/uploads\\\/2025\\\/07\\\/AW498281_01-scaled.jpg\",\"contentUrl\":\"https:\\\/\\\/memurunsesi.net\\\/wp-content\\\/uploads\\\/2025\\\/07\\\/AW498281_01-scaled.jpg\",\"width\":2560,\"height\":1707,\"caption\":\"N\u0130\u011eDE'N\u0130N KALE MAHALLES\u0130 EBEO\u011eLU SOKAK'TA BULUNAN S\u0130NANLAR APARTMANI C BLOK ALTINDAK\u0130 B\u0130R \u0130\u015e YER\u0130N\u0130N DEPOSUNDA YANGIN \u00c7IKTI. (SEMA TEKEL\u0130\\\/N\u0130\u011eDE-\u0130HA) Ni\u011fde'de bir i\u015f yerinin deposunda yang\u0131n \u00e7\u0131kt\u0131.\"},{\"@type\":\"BreadcrumbList\",\"@id\":\"https:\\\/\\\/memurunsesi.net\\\/index.php\\\/2025\\\/07\\\/16\\\/nigdede-is-yeri-deposunda-yangin\\\/#breadcrumb\",\"itemListElement\":[{\"@type\":\"ListItem\",\"position\":1,\"name\":\"Anasayfa\",\"item\":\"https:\\\/\\\/memurunsesi.net\\\/\"},{\"@type\":\"ListItem\",\"position\":2,\"name\":\"Ni\u011fde&#8217;de i\u015f yeri deposunda yang\u0131n\"}]},{\"@type\":\"WebSite\",\"@id\":\"https:\\\/\\\/memurunsesi.net\\\/#website\",\"url\":\"https:\\\/\\\/memurunsesi.net\\\/\",\"name\":\"Memurun Sesi\",\"description\":\"G\u00fcncel ve Do\u011fru Haber\",\"publisher\":{\"@id\":\"https:\\\/\\\/memurunsesi.net\\\/#organization\"},\"potentialAction\":[{\"@type\":\"SearchAction\",\"target\":{\"@type\":\"EntryPoint\",\"urlTemplate\":\"https:\\\/\\\/memurunsesi.net\\\/?s={search_term_string}\"},\"query-input\":{\"@type\":\"PropertyValueSpecification\",\"valueRequired\":true,\"valueName\":\"search_term_string\"}}],\"inLanguage\":\"tr\"},{\"@type\":\"Organization\",\"@id\":\"https:\\\/\\\/memurunsesi.net\\\/#organization\",\"name\":\"Memurun Sesi\",\"url\":\"https:\\\/\\\/memurunsesi.net\\\/\",\"logo\":{\"@type\":\"ImageObject\",\"inLanguage\":\"tr\",\"@id\":\"https:\\\/\\\/memurunsesi.net\\\/#\\\/schema\\\/logo\\\/image\\\/\",\"url\":\"https:\\\/\\\/memurunsesi.net\\\/wp-content\\\/uploads\\\/2025\\\/11\\\/cropped-MEMURUN-SESI.png\",\"contentUrl\":\"https:\\\/\\\/memurunsesi.net\\\/wp-content\\\/uploads\\\/2025\\\/11\\\/cropped-MEMURUN-SESI.png\",\"width\":238,\"height\":57,\"caption\":\"Memurun Sesi\"},\"image\":{\"@id\":\"https:\\\/\\\/memurunsesi.net\\\/#\\\/schema\\\/logo\\\/image\\\/\"},\"sameAs\":[\"https:\\\/\\\/www.facebook.com\\\/unipersen\\\/?locale=tr_TR\",\"https:\\\/\\\/x.com\\\/unipersen\"]},{\"@type\":\"Person\",\"@id\":\"https:\\\/\\\/memurunsesi.net\\\/#\\\/schema\\\/person\\\/f21c2d73b89f6ee1d80b0a1803e38587\",\"name\":\"Memurun Sesi Haber Merkezi\",\"image\":{\"@type\":\"ImageObject\",\"inLanguage\":\"tr\",\"@id\":\"https:\\\/\\\/secure.gravatar.com\\\/avatar\\\/6cf0505f452ee753f485014986fab09a434671d2b919ee76fc541025c5876a70?s=96&d=mm&r=g\",\"url\":\"https:\\\/\\\/secure.gravatar.com\\\/avatar\\\/6cf0505f452ee753f485014986fab09a434671d2b919ee76fc541025c5876a70?s=96&d=mm&r=g\",\"contentUrl\":\"https:\\\/\\\/secure.gravatar.com\\\/avatar\\\/6cf0505f452ee753f485014986fab09a434671d2b919ee76fc541025c5876a70?s=96&d=mm&r=g\",\"caption\":\"Memurun Sesi Haber Merkezi\"},\"sameAs\":[\"https:\\\/\\\/memurunsesi.net\"],\"url\":\"https:\\\/\\\/memurunsesi.net\\\/index.php\\\/author\\\/uniper\\\/\"}]}<\/script>\n<!-- \/ Yoast SEO plugin. -->","yoast_head_json":{"title":"Ni\u011fde'de i\u015f yeri deposunda yang\u0131n - Memurun Sesi","robots":{"index":"index","follow":"follow","max-snippet":"max-snippet:-1","max-image-preview":"max-image-preview:large","max-video-preview":"max-video-preview:-1"},"canonical":"https:\/\/memurunsesi.net\/index.php\/2025\/07\/16\/nigdede-is-yeri-deposunda-yangin\/","og_locale":"tr_TR","og_type":"article","og_title":"Ni\u011fde'de i\u015f yeri deposunda yang\u0131n - Memurun Sesi","og_description":"Ni\u011fde&#8217;de bir i\u015f yerinin deposunda yang\u0131n \u00e7\u0131kt\u0131. Yang\u0131n, Kale Mahallesi Ebeo\u011flu Sokak&#8217;ta beyaz e\u015fyalar\u0131n bulundu\u011fu \u00f6\u011frenilen bir i\u015f yerinin deposunda hen\u00fcz belirlenemeyen bir nedenle \u00e7\u0131kt\u0131. Depodan dumanlar\u0131n y\u00fckseldi\u011fini fark eden \u00e7evredekilerin ihbar\u0131 \u00fczerine olay yerine Ni\u011fde Belediyesi itfaiye ekipleri, polis ve sa\u011fl\u0131k ekipleri y\u00f6nlendirildi. \u0130tfaiye ekipleri yang\u0131na m\u00fcdahale ederken tedbir amac\u0131yla apartman sakinleri tahliye edildi. [&hellip;]","og_url":"https:\/\/memurunsesi.net\/index.php\/2025\/07\/16\/nigdede-is-yeri-deposunda-yangin\/","og_site_name":"Memurun Sesi","article_publisher":"https:\/\/www.facebook.com\/unipersen\/?locale=tr_TR","article_published_time":"2025-07-16T11:21:46+00:00","og_image":[{"width":2560,"height":1707,"url":"https:\/\/memurunsesi.net\/wp-content\/uploads\/2025\/07\/AW498281_01-scaled.jpg","type":"image\/jpeg"}],"author":"Memurun Sesi Haber Merkezi","twitter_card":"summary_large_image","twitter_creator":"@unipersen","twitter_site":"@unipersen","twitter_misc":{"Yazan:":"Memurun Sesi Haber Merkezi","Tahmini okuma s\u00fcresi":"1 dakika"},"schema":{"@context":"https:\/\/schema.org","@graph":[{"@type":"Article","@id":"https:\/\/memurunsesi.net\/index.php\/2025\/07\/16\/nigdede-is-yeri-deposunda-yangin\/#article","isPartOf":{"@id":"https:\/\/memurunsesi.net\/index.php\/2025\/07\/16\/nigdede-is-yeri-deposunda-yangin\/"},"author":{"name":"Memurun Sesi Haber Merkezi","@id":"https:\/\/memurunsesi.net\/#\/schema\/person\/f21c2d73b89f6ee1d80b0a1803e38587"},"headline":"Ni\u011fde&#8217;de i\u015f yeri deposunda yang\u0131n","datePublished":"2025-07-16T11:21:46+00:00","mainEntityOfPage":{"@id":"https:\/\/memurunsesi.net\/index.php\/2025\/07\/16\/nigdede-is-yeri-deposunda-yangin\/"},"wordCount":122,"commentCount":0,"publisher":{"@id":"https:\/\/memurunsesi.net\/#organization"},"image":{"@id":"https:\/\/memurunsesi.net\/index.php\/2025\/07\/16\/nigdede-is-yeri-deposunda-yangin\/#primaryimage"},"thumbnailUrl":"https:\/\/memurunsesi.net\/wp-content\/uploads\/2025\/07\/AW498281_01-scaled.jpg","inLanguage":"tr","potentialAction":[{"@type":"CommentAction","name":"Comment","target":["https:\/\/memurunsesi.net\/index.php\/2025\/07\/16\/nigdede-is-yeri-deposunda-yangin\/#respond"]}]},{"@type":"WebPage","@id":"https:\/\/memurunsesi.net\/index.php\/2025\/07\/16\/nigdede-is-yeri-deposunda-yangin\/","url":"https:\/\/memurunsesi.net\/index.php\/2025\/07\/16\/nigdede-is-yeri-deposunda-yangin\/","name":"Ni\u011fde'de i\u015f yeri deposunda yang\u0131n - Memurun Sesi","isPartOf":{"@id":"https:\/\/memurunsesi.net\/#website"},"primaryImageOfPage":{"@id":"https:\/\/memurunsesi.net\/index.php\/2025\/07\/16\/nigdede-is-yeri-deposunda-yangin\/#primaryimage"},"image":{"@id":"https:\/\/memurunsesi.net\/index.php\/2025\/07\/16\/nigdede-is-yeri-deposunda-yangin\/#primaryimage"},"thumbnailUrl":"https:\/\/memurunsesi.net\/wp-content\/uploads\/2025\/07\/AW498281_01-scaled.jpg","datePublished":"2025-07-16T11:21:46+00:00","breadcrumb":{"@id":"https:\/\/memurunsesi.net\/index.php\/2025\/07\/16\/nigdede-is-yeri-deposunda-yangin\/#breadcrumb"},"inLanguage":"tr","potentialAction":[{"@type":"ReadAction","target":["https:\/\/memurunsesi.net\/index.php\/2025\/07\/16\/nigdede-is-yeri-deposunda-yangin\/"]}]},{"@type":"ImageObject","inLanguage":"tr","@id":"https:\/\/memurunsesi.net\/index.php\/2025\/07\/16\/nigdede-is-yeri-deposunda-yangin\/#primaryimage","url":"https:\/\/memurunsesi.net\/wp-content\/uploads\/2025\/07\/AW498281_01-scaled.jpg","contentUrl":"https:\/\/memurunsesi.net\/wp-content\/uploads\/2025\/07\/AW498281_01-scaled.jpg","width":2560,"height":1707,"caption":"N\u0130\u011eDE'N\u0130N KALE MAHALLES\u0130 EBEO\u011eLU SOKAK'TA BULUNAN S\u0130NANLAR APARTMANI C BLOK ALTINDAK\u0130 B\u0130R \u0130\u015e YER\u0130N\u0130N DEPOSUNDA YANGIN \u00c7IKTI. (SEMA TEKEL\u0130\/N\u0130\u011eDE-\u0130HA) Ni\u011fde'de bir i\u015f yerinin deposunda yang\u0131n \u00e7\u0131kt\u0131."},{"@type":"BreadcrumbList","@id":"https:\/\/memurunsesi.net\/index.php\/2025\/07\/16\/nigdede-is-yeri-deposunda-yangin\/#breadcrumb","itemListElement":[{"@type":"ListItem","position":1,"name":"Anasayfa","item":"https:\/\/memurunsesi.net\/"},{"@type":"ListItem","position":2,"name":"Ni\u011fde&#8217;de i\u015f yeri deposunda yang\u0131n"}]},{"@type":"WebSite","@id":"https:\/\/memurunsesi.net\/#website","url":"https:\/\/memurunsesi.net\/","name":"Memurun Sesi","description":"G\u00fcncel ve Do\u011fru Haber","publisher":{"@id":"https:\/\/memurunsesi.net\/#organization"},"potentialAction":[{"@type":"SearchAction","target":{"@type":"EntryPoint","urlTemplate":"https:\/\/memurunsesi.net\/?s={search_term_string}"},"query-input":{"@type":"PropertyValueSpecification","valueRequired":true,"valueName":"search_term_string"}}],"inLanguage":"tr"},{"@type":"Organization","@id":"https:\/\/memurunsesi.net\/#organization","name":"Memurun Sesi","url":"https:\/\/memurunsesi.net\/","logo":{"@type":"ImageObject","inLanguage":"tr","@id":"https:\/\/memurunsesi.net\/#\/schema\/logo\/image\/","url":"https:\/\/memurunsesi.net\/wp-content\/uploads\/2025\/11\/cropped-MEMURUN-SESI.png","contentUrl":"https:\/\/memurunsesi.net\/wp-content\/uploads\/2025\/11\/cropped-MEMURUN-SESI.png","width":238,"height":57,"caption":"Memurun Sesi"},"image":{"@id":"https:\/\/memurunsesi.net\/#\/schema\/logo\/image\/"},"sameAs":["https:\/\/www.facebook.com\/unipersen\/?locale=tr_TR","https:\/\/x.com\/unipersen"]},{"@type":"Person","@id":"https:\/\/memurunsesi.net\/#\/schema\/person\/f21c2d73b89f6ee1d80b0a1803e38587","name":"Memurun Sesi Haber Merkezi","image":{"@type":"ImageObject","inLanguage":"tr","@id":"https:\/\/secure.gravatar.com\/avatar\/6cf0505f452ee753f485014986fab09a434671d2b919ee76fc541025c5876a70?s=96&d=mm&r=g","url":"https:\/\/secure.gravatar.com\/avatar\/6cf0505f452ee753f485014986fab09a434671d2b919ee76fc541025c5876a70?s=96&d=mm&r=g","contentUrl":"https:\/\/secure.gravatar.com\/avatar\/6cf0505f452ee753f485014986fab09a434671d2b919ee76fc541025c5876a70?s=96&d=mm&r=g","caption":"Memurun Sesi Haber Merkezi"},"sameAs":["https:\/\/memurunsesi.net"],"url":"https:\/\/memurunsesi.net\/index.php\/author\/uniper\/"}]}},"_links":{"self":[{"href":"https:\/\/memurunsesi.net\/index.php\/wp-json\/wp\/v2\/posts\/9348","targetHints":{"allow":["GET"]}}],"collection":[{"href":"https:\/\/memurunsesi.net\/index.php\/wp-json\/wp\/v2\/posts"}],"about":[{"href":"https:\/\/memurunsesi.net\/index.php\/wp-json\/wp\/v2\/types\/post"}],"author":[{"embeddable":true,"href":"https:\/\/memurunsesi.net\/index.php\/wp-json\/wp\/v2\/users\/1"}],"replies":[{"embeddable":true,"href":"https:\/\/memurunsesi.net\/index.php\/wp-json\/wp\/v2\/comments?post=9348"}],"version-history":[{"count":1,"href":"https:\/\/memurunsesi.net\/index.php\/wp-json\/wp\/v2\/posts\/9348\/revisions"}],"predecessor-version":[{"id":9350,"href":"https:\/\/memurunsesi.net\/index.php\/wp-json\/wp\/v2\/posts\/9348\/revisions\/9350"}],"wp:featuredmedia":[{"embeddable":true,"href":"https:\/\/memurunsesi.net\/index.php\/wp-json\/wp\/v2\/media\/9349"}],"wp:attachment":[{"href":"https:\/\/memurunsesi.net\/index.php\/wp-json\/wp\/v2\/media?parent=9348"}],"wp:term":[{"taxonomy":"category","embeddable":true,"href":"https:\/\/memurunsesi.net\/index.php\/wp-json\/wp\/v2\/categories?post=9348"},{"taxonomy":"post_tag","embeddable":true,"href":"https:\/\/memurunsesi.net\/index.php\/wp-json\/wp\/v2\/tags?post=9348"}],"curies":[{"name":"wp","href":"https:\/\/api.w.org\/{rel}","templated":true}]}}