{"id":9602,"date":"2025-07-24T10:16:02","date_gmt":"2025-07-24T07:16:02","guid":{"rendered":"https:\/\/memurunsesi.net\/?p=9602"},"modified":"2025-07-24T10:16:02","modified_gmt":"2025-07-24T07:16:02","slug":"turkiyenin-yerli-ve-milli-otomobili-t10f-tbmmde-sergilendi","status":"publish","type":"post","link":"https:\/\/memurunsesi.net\/index.php\/2025\/07\/24\/turkiyenin-yerli-ve-milli-otomobili-t10f-tbmmde-sergilendi\/","title":{"rendered":"T\u00fcrkiye&#8217;nin yerli ve milli otomobili T10F TBMM&#8217;de sergilendi"},"content":{"rendered":"<p>  &#8211; Bursa milletvekilleri, sedan modeline hayran kald\u0131   <\/p>\n<p>  Togg T10F, \u00f6zellikle fastback sedan tasar\u0131m\u0131, geli\u015fmi\u015f teknolojik altyap\u0131s\u0131 ve \u00e7evreci elektrikli motor se\u00e7enekleriyle dikkat \u00e7ekti. TBMM kamp\u00fcs\u00fcnde milletvekilleri genel kurul \u00e7al\u0131\u015fmalar\u0131n\u0131n ard\u0131ndan Togg&#8217;un yeni modeli T F10&#8217;nu yak\u0131ndan inceleme ve test s\u00fcr\u00fc\u015fleriyle deneme f\u0131rsat\u0131 buldu.<br \/>\n  AK Parti Bursa Milletvekilleri Refik \u00d6zen ve Ahmet K\u0131l\u0131\u00e7 da deneme f\u0131rsat\u0131yla, \u00f6zelliklerine hayran kald\u0131. TBMM kamp\u00fcs\u00fc i\u00e7erisindeki alanda yeni model arac\u0131 tecr\u00fcbe eden \u00d6zen, &#8220;D\u0131\u015f ve i\u00e7 tasar\u0131m g\u00f6r\u00fcnt\u00fcs\u00fc \u00e7ok g\u00fczel. K\u0131sa s\u00fcrede h\u0131zlanarak ivme kazanmas\u0131 da g\u00f6zlerden ka\u00e7m\u0131yor. Yol tutu\u015fu da ger\u00e7ekten \u00e7ok ba\u015far\u0131l\u0131. \u00dclkemize hay\u0131rl\u0131 olsun. \u00c7al\u0131\u015farak \u00fcreterek \u00fclkemizi her alanda en y\u00fckse\u011fe \u00e7\u0131karmak i\u00e7in gayret edece\u011fiz&#8221; dedi. <\/p>\n<p>24.07.2025                                 <\/p>\n","protected":false},"excerpt":{"rendered":"<p>&#8211; Bursa milletvekilleri, sedan modeline hayran kald\u0131 Togg T10F, \u00f6zellikle fastback sedan tasar\u0131m\u0131, geli\u015fmi\u015f teknolojik altyap\u0131s\u0131 ve \u00e7evreci elektrikli motor se\u00e7enekleriyle dikkat \u00e7ekti. TBMM kamp\u00fcs\u00fcnde milletvekilleri genel kurul \u00e7al\u0131\u015fmalar\u0131n\u0131n ard\u0131ndan Togg&#8217;un yeni modeli T F10&#8217;nu yak\u0131ndan inceleme ve test s\u00fcr\u00fc\u015fleriyle deneme f\u0131rsat\u0131 buldu. AK Parti Bursa Milletvekilleri Refik \u00d6zen ve Ahmet K\u0131l\u0131\u00e7 da deneme f\u0131rsat\u0131yla, [&hellip;]<\/p>\n","protected":false},"author":1,"featured_media":9603,"comment_status":"open","ping_status":"open","sticky":false,"template":"","format":"standard","meta":{"footnotes":""},"categories":[1],"tags":[],"class_list":["post-9602","post","type-post","status-publish","format-standard","has-post-thumbnail","hentry","category-genel"],"yoast_head":"<!-- This site is optimized with the Yoast SEO plugin v27.4 - https:\/\/yoast.com\/product\/yoast-seo-wordpress\/ -->\n<title>T\u00fcrkiye&#039;nin yerli ve milli otomobili T10F TBMM&#039;de sergilendi - Memurun Sesi<\/title>\n<meta name=\"robots\" content=\"index, follow, max-snippet:-1, max-image-preview:large, max-video-preview:-1\" \/>\n<link rel=\"canonical\" href=\"https:\/\/memurunsesi.net\/index.php\/2025\/07\/24\/turkiyenin-yerli-ve-milli-otomobili-t10f-tbmmde-sergilendi\/\" \/>\n<meta property=\"og:locale\" content=\"tr_TR\" \/>\n<meta property=\"og:type\" content=\"article\" \/>\n<meta property=\"og:title\" content=\"T\u00fcrkiye&#039;nin yerli ve milli otomobili T10F TBMM&#039;de sergilendi - Memurun Sesi\" \/>\n<meta property=\"og:description\" content=\"&#8211; Bursa milletvekilleri, sedan modeline hayran kald\u0131 Togg T10F, \u00f6zellikle fastback sedan tasar\u0131m\u0131, geli\u015fmi\u015f teknolojik altyap\u0131s\u0131 ve \u00e7evreci elektrikli motor se\u00e7enekleriyle dikkat \u00e7ekti. TBMM kamp\u00fcs\u00fcnde milletvekilleri genel kurul \u00e7al\u0131\u015fmalar\u0131n\u0131n ard\u0131ndan Togg&#8217;un yeni modeli T F10&#8217;nu yak\u0131ndan inceleme ve test s\u00fcr\u00fc\u015fleriyle deneme f\u0131rsat\u0131 buldu. AK Parti Bursa Milletvekilleri Refik \u00d6zen ve Ahmet K\u0131l\u0131\u00e7 da deneme f\u0131rsat\u0131yla, [&hellip;]\" \/>\n<meta property=\"og:url\" content=\"https:\/\/memurunsesi.net\/index.php\/2025\/07\/24\/turkiyenin-yerli-ve-milli-otomobili-t10f-tbmmde-sergilendi\/\" \/>\n<meta property=\"og:site_name\" content=\"Memurun Sesi\" \/>\n<meta property=\"article:publisher\" content=\"https:\/\/www.facebook.com\/unipersen\/?locale=tr_TR\" \/>\n<meta property=\"article:published_time\" content=\"2025-07-24T07:16:02+00:00\" \/>\n<meta property=\"og:image\" content=\"https:\/\/memurunsesi.net\/wp-content\/uploads\/2025\/07\/AW503295_01.jpg\" \/>\n\t<meta property=\"og:image:width\" content=\"1536\" \/>\n\t<meta property=\"og:image:height\" content=\"2048\" \/>\n\t<meta property=\"og:image:type\" content=\"image\/jpeg\" \/>\n<meta name=\"author\" content=\"Memurun Sesi Haber Merkezi\" \/>\n<meta name=\"twitter:card\" content=\"summary_large_image\" \/>\n<meta name=\"twitter:creator\" content=\"@unipersen\" \/>\n<meta name=\"twitter:site\" content=\"@unipersen\" \/>\n<meta name=\"twitter:label1\" content=\"Yazan:\" \/>\n\t<meta name=\"twitter:data1\" content=\"Memurun Sesi Haber Merkezi\" \/>\n\t<meta name=\"twitter:label2\" content=\"Tahmini okuma s\u00fcresi\" \/>\n\t<meta name=\"twitter:data2\" content=\"1 dakika\" \/>\n<script type=\"application\/ld+json\" class=\"yoast-schema-graph\">{\"@context\":\"https:\\\/\\\/schema.org\",\"@graph\":[{\"@type\":\"Article\",\"@id\":\"https:\\\/\\\/memurunsesi.net\\\/index.php\\\/2025\\\/07\\\/24\\\/turkiyenin-yerli-ve-milli-otomobili-t10f-tbmmde-sergilendi\\\/#article\",\"isPartOf\":{\"@id\":\"https:\\\/\\\/memurunsesi.net\\\/index.php\\\/2025\\\/07\\\/24\\\/turkiyenin-yerli-ve-milli-otomobili-t10f-tbmmde-sergilendi\\\/\"},\"author\":{\"name\":\"Memurun Sesi Haber Merkezi\",\"@id\":\"https:\\\/\\\/memurunsesi.net\\\/#\\\/schema\\\/person\\\/f21c2d73b89f6ee1d80b0a1803e38587\"},\"headline\":\"T\u00fcrkiye&#8217;nin yerli ve milli otomobili T10F TBMM&#8217;de sergilendi\",\"datePublished\":\"2025-07-24T07:16:02+00:00\",\"mainEntityOfPage\":{\"@id\":\"https:\\\/\\\/memurunsesi.net\\\/index.php\\\/2025\\\/07\\\/24\\\/turkiyenin-yerli-ve-milli-otomobili-t10f-tbmmde-sergilendi\\\/\"},\"wordCount\":160,\"commentCount\":0,\"publisher\":{\"@id\":\"https:\\\/\\\/memurunsesi.net\\\/#organization\"},\"image\":{\"@id\":\"https:\\\/\\\/memurunsesi.net\\\/index.php\\\/2025\\\/07\\\/24\\\/turkiyenin-yerli-ve-milli-otomobili-t10f-tbmmde-sergilendi\\\/#primaryimage\"},\"thumbnailUrl\":\"https:\\\/\\\/memurunsesi.net\\\/wp-content\\\/uploads\\\/2025\\\/07\\\/AW503295_01.jpg\",\"inLanguage\":\"tr\",\"potentialAction\":[{\"@type\":\"CommentAction\",\"name\":\"Comment\",\"target\":[\"https:\\\/\\\/memurunsesi.net\\\/index.php\\\/2025\\\/07\\\/24\\\/turkiyenin-yerli-ve-milli-otomobili-t10f-tbmmde-sergilendi\\\/#respond\"]}]},{\"@type\":\"WebPage\",\"@id\":\"https:\\\/\\\/memurunsesi.net\\\/index.php\\\/2025\\\/07\\\/24\\\/turkiyenin-yerli-ve-milli-otomobili-t10f-tbmmde-sergilendi\\\/\",\"url\":\"https:\\\/\\\/memurunsesi.net\\\/index.php\\\/2025\\\/07\\\/24\\\/turkiyenin-yerli-ve-milli-otomobili-t10f-tbmmde-sergilendi\\\/\",\"name\":\"T\u00fcrkiye'nin yerli ve milli otomobili T10F TBMM'de sergilendi - Memurun Sesi\",\"isPartOf\":{\"@id\":\"https:\\\/\\\/memurunsesi.net\\\/#website\"},\"primaryImageOfPage\":{\"@id\":\"https:\\\/\\\/memurunsesi.net\\\/index.php\\\/2025\\\/07\\\/24\\\/turkiyenin-yerli-ve-milli-otomobili-t10f-tbmmde-sergilendi\\\/#primaryimage\"},\"image\":{\"@id\":\"https:\\\/\\\/memurunsesi.net\\\/index.php\\\/2025\\\/07\\\/24\\\/turkiyenin-yerli-ve-milli-otomobili-t10f-tbmmde-sergilendi\\\/#primaryimage\"},\"thumbnailUrl\":\"https:\\\/\\\/memurunsesi.net\\\/wp-content\\\/uploads\\\/2025\\\/07\\\/AW503295_01.jpg\",\"datePublished\":\"2025-07-24T07:16:02+00:00\",\"breadcrumb\":{\"@id\":\"https:\\\/\\\/memurunsesi.net\\\/index.php\\\/2025\\\/07\\\/24\\\/turkiyenin-yerli-ve-milli-otomobili-t10f-tbmmde-sergilendi\\\/#breadcrumb\"},\"inLanguage\":\"tr\",\"potentialAction\":[{\"@type\":\"ReadAction\",\"target\":[\"https:\\\/\\\/memurunsesi.net\\\/index.php\\\/2025\\\/07\\\/24\\\/turkiyenin-yerli-ve-milli-otomobili-t10f-tbmmde-sergilendi\\\/\"]}]},{\"@type\":\"ImageObject\",\"inLanguage\":\"tr\",\"@id\":\"https:\\\/\\\/memurunsesi.net\\\/index.php\\\/2025\\\/07\\\/24\\\/turkiyenin-yerli-ve-milli-otomobili-t10f-tbmmde-sergilendi\\\/#primaryimage\",\"url\":\"https:\\\/\\\/memurunsesi.net\\\/wp-content\\\/uploads\\\/2025\\\/07\\\/AW503295_01.jpg\",\"contentUrl\":\"https:\\\/\\\/memurunsesi.net\\\/wp-content\\\/uploads\\\/2025\\\/07\\\/AW503295_01.jpg\",\"width\":1536,\"height\":2048,\"caption\":\"TOGG T10F, \u00d6ZELL\u0130KLE FASTBACK SEDAN TASARIMI, GEL\u0130\u015eM\u0130\u015e TEKNOLOJ\u0130K ALTYAPISI VE \u00c7EVREC\u0130 ELEKTR\u0130KL\u0130 MOTOR SE\u00c7ENEKLER\u0130YLE D\u0130KKAT \u00c7EKT\u0130. TBMM KAMP\u00dcS\u00dcNDE M\u0130LLETVEK\u0130LLER\u0130 GENEL KURUL \u00c7ALI\u015eMALARININ ARDINDAN TOGG'UN YEN\u0130 MODEL\u0130 T F10'NU YAKIN DAN \u0130NCELEME VE TEST S\u00dcR\u00dc\u015eLER\u0130YLE DENEME FIRSATI BULDU. (\u0130HA\\\/BURSA-\u0130HA) Togg T10F, \u00f6zellikle fastback sedan tasar\u0131m\u0131, geli\u015fmi\u015f teknolojik altyap\u0131s\u0131 ve \u00e7evreci elektrikli motor se\u00e7enekleriyle dikkat \u00e7ekti. TBMM kamp\u00fcs\u00fcnde milletvekilleri genel kurul \u00e7al\u0131\u015fmalar\u0131n\u0131n ard\u0131ndan Togg'un yeni modeli T F10'nu yak\u0131ndan inceleme ve test s\u00fcr\u00fc\u015fleriyle deneme f\u0131rsat\u0131 buldu.\"},{\"@type\":\"BreadcrumbList\",\"@id\":\"https:\\\/\\\/memurunsesi.net\\\/index.php\\\/2025\\\/07\\\/24\\\/turkiyenin-yerli-ve-milli-otomobili-t10f-tbmmde-sergilendi\\\/#breadcrumb\",\"itemListElement\":[{\"@type\":\"ListItem\",\"position\":1,\"name\":\"Anasayfa\",\"item\":\"https:\\\/\\\/memurunsesi.net\\\/\"},{\"@type\":\"ListItem\",\"position\":2,\"name\":\"T\u00fcrkiye&#8217;nin yerli ve milli otomobili T10F TBMM&#8217;de sergilendi\"}]},{\"@type\":\"WebSite\",\"@id\":\"https:\\\/\\\/memurunsesi.net\\\/#website\",\"url\":\"https:\\\/\\\/memurunsesi.net\\\/\",\"name\":\"Memurun Sesi\",\"description\":\"G\u00fcncel ve Do\u011fru Haber\",\"publisher\":{\"@id\":\"https:\\\/\\\/memurunsesi.net\\\/#organization\"},\"potentialAction\":[{\"@type\":\"SearchAction\",\"target\":{\"@type\":\"EntryPoint\",\"urlTemplate\":\"https:\\\/\\\/memurunsesi.net\\\/?s={search_term_string}\"},\"query-input\":{\"@type\":\"PropertyValueSpecification\",\"valueRequired\":true,\"valueName\":\"search_term_string\"}}],\"inLanguage\":\"tr\"},{\"@type\":\"Organization\",\"@id\":\"https:\\\/\\\/memurunsesi.net\\\/#organization\",\"name\":\"Memurun Sesi\",\"url\":\"https:\\\/\\\/memurunsesi.net\\\/\",\"logo\":{\"@type\":\"ImageObject\",\"inLanguage\":\"tr\",\"@id\":\"https:\\\/\\\/memurunsesi.net\\\/#\\\/schema\\\/logo\\\/image\\\/\",\"url\":\"https:\\\/\\\/memurunsesi.net\\\/wp-content\\\/uploads\\\/2025\\\/11\\\/cropped-MEMURUN-SESI.png\",\"contentUrl\":\"https:\\\/\\\/memurunsesi.net\\\/wp-content\\\/uploads\\\/2025\\\/11\\\/cropped-MEMURUN-SESI.png\",\"width\":238,\"height\":57,\"caption\":\"Memurun Sesi\"},\"image\":{\"@id\":\"https:\\\/\\\/memurunsesi.net\\\/#\\\/schema\\\/logo\\\/image\\\/\"},\"sameAs\":[\"https:\\\/\\\/www.facebook.com\\\/unipersen\\\/?locale=tr_TR\",\"https:\\\/\\\/x.com\\\/unipersen\"]},{\"@type\":\"Person\",\"@id\":\"https:\\\/\\\/memurunsesi.net\\\/#\\\/schema\\\/person\\\/f21c2d73b89f6ee1d80b0a1803e38587\",\"name\":\"Memurun Sesi Haber Merkezi\",\"image\":{\"@type\":\"ImageObject\",\"inLanguage\":\"tr\",\"@id\":\"https:\\\/\\\/secure.gravatar.com\\\/avatar\\\/6cf0505f452ee753f485014986fab09a434671d2b919ee76fc541025c5876a70?s=96&d=mm&r=g\",\"url\":\"https:\\\/\\\/secure.gravatar.com\\\/avatar\\\/6cf0505f452ee753f485014986fab09a434671d2b919ee76fc541025c5876a70?s=96&d=mm&r=g\",\"contentUrl\":\"https:\\\/\\\/secure.gravatar.com\\\/avatar\\\/6cf0505f452ee753f485014986fab09a434671d2b919ee76fc541025c5876a70?s=96&d=mm&r=g\",\"caption\":\"Memurun Sesi Haber Merkezi\"},\"sameAs\":[\"https:\\\/\\\/memurunsesi.net\"],\"url\":\"https:\\\/\\\/memurunsesi.net\\\/index.php\\\/author\\\/uniper\\\/\"}]}<\/script>\n<!-- \/ Yoast SEO plugin. -->","yoast_head_json":{"title":"T\u00fcrkiye'nin yerli ve milli otomobili T10F TBMM'de sergilendi - Memurun Sesi","robots":{"index":"index","follow":"follow","max-snippet":"max-snippet:-1","max-image-preview":"max-image-preview:large","max-video-preview":"max-video-preview:-1"},"canonical":"https:\/\/memurunsesi.net\/index.php\/2025\/07\/24\/turkiyenin-yerli-ve-milli-otomobili-t10f-tbmmde-sergilendi\/","og_locale":"tr_TR","og_type":"article","og_title":"T\u00fcrkiye'nin yerli ve milli otomobili T10F TBMM'de sergilendi - Memurun Sesi","og_description":"&#8211; Bursa milletvekilleri, sedan modeline hayran kald\u0131 Togg T10F, \u00f6zellikle fastback sedan tasar\u0131m\u0131, geli\u015fmi\u015f teknolojik altyap\u0131s\u0131 ve \u00e7evreci elektrikli motor se\u00e7enekleriyle dikkat \u00e7ekti. TBMM kamp\u00fcs\u00fcnde milletvekilleri genel kurul \u00e7al\u0131\u015fmalar\u0131n\u0131n ard\u0131ndan Togg&#8217;un yeni modeli T F10&#8217;nu yak\u0131ndan inceleme ve test s\u00fcr\u00fc\u015fleriyle deneme f\u0131rsat\u0131 buldu. AK Parti Bursa Milletvekilleri Refik \u00d6zen ve Ahmet K\u0131l\u0131\u00e7 da deneme f\u0131rsat\u0131yla, [&hellip;]","og_url":"https:\/\/memurunsesi.net\/index.php\/2025\/07\/24\/turkiyenin-yerli-ve-milli-otomobili-t10f-tbmmde-sergilendi\/","og_site_name":"Memurun Sesi","article_publisher":"https:\/\/www.facebook.com\/unipersen\/?locale=tr_TR","article_published_time":"2025-07-24T07:16:02+00:00","og_image":[{"width":1536,"height":2048,"url":"https:\/\/memurunsesi.net\/wp-content\/uploads\/2025\/07\/AW503295_01.jpg","type":"image\/jpeg"}],"author":"Memurun Sesi Haber Merkezi","twitter_card":"summary_large_image","twitter_creator":"@unipersen","twitter_site":"@unipersen","twitter_misc":{"Yazan:":"Memurun Sesi Haber Merkezi","Tahmini okuma s\u00fcresi":"1 dakika"},"schema":{"@context":"https:\/\/schema.org","@graph":[{"@type":"Article","@id":"https:\/\/memurunsesi.net\/index.php\/2025\/07\/24\/turkiyenin-yerli-ve-milli-otomobili-t10f-tbmmde-sergilendi\/#article","isPartOf":{"@id":"https:\/\/memurunsesi.net\/index.php\/2025\/07\/24\/turkiyenin-yerli-ve-milli-otomobili-t10f-tbmmde-sergilendi\/"},"author":{"name":"Memurun Sesi Haber Merkezi","@id":"https:\/\/memurunsesi.net\/#\/schema\/person\/f21c2d73b89f6ee1d80b0a1803e38587"},"headline":"T\u00fcrkiye&#8217;nin yerli ve milli otomobili T10F TBMM&#8217;de sergilendi","datePublished":"2025-07-24T07:16:02+00:00","mainEntityOfPage":{"@id":"https:\/\/memurunsesi.net\/index.php\/2025\/07\/24\/turkiyenin-yerli-ve-milli-otomobili-t10f-tbmmde-sergilendi\/"},"wordCount":160,"commentCount":0,"publisher":{"@id":"https:\/\/memurunsesi.net\/#organization"},"image":{"@id":"https:\/\/memurunsesi.net\/index.php\/2025\/07\/24\/turkiyenin-yerli-ve-milli-otomobili-t10f-tbmmde-sergilendi\/#primaryimage"},"thumbnailUrl":"https:\/\/memurunsesi.net\/wp-content\/uploads\/2025\/07\/AW503295_01.jpg","inLanguage":"tr","potentialAction":[{"@type":"CommentAction","name":"Comment","target":["https:\/\/memurunsesi.net\/index.php\/2025\/07\/24\/turkiyenin-yerli-ve-milli-otomobili-t10f-tbmmde-sergilendi\/#respond"]}]},{"@type":"WebPage","@id":"https:\/\/memurunsesi.net\/index.php\/2025\/07\/24\/turkiyenin-yerli-ve-milli-otomobili-t10f-tbmmde-sergilendi\/","url":"https:\/\/memurunsesi.net\/index.php\/2025\/07\/24\/turkiyenin-yerli-ve-milli-otomobili-t10f-tbmmde-sergilendi\/","name":"T\u00fcrkiye'nin yerli ve milli otomobili T10F TBMM'de sergilendi - Memurun Sesi","isPartOf":{"@id":"https:\/\/memurunsesi.net\/#website"},"primaryImageOfPage":{"@id":"https:\/\/memurunsesi.net\/index.php\/2025\/07\/24\/turkiyenin-yerli-ve-milli-otomobili-t10f-tbmmde-sergilendi\/#primaryimage"},"image":{"@id":"https:\/\/memurunsesi.net\/index.php\/2025\/07\/24\/turkiyenin-yerli-ve-milli-otomobili-t10f-tbmmde-sergilendi\/#primaryimage"},"thumbnailUrl":"https:\/\/memurunsesi.net\/wp-content\/uploads\/2025\/07\/AW503295_01.jpg","datePublished":"2025-07-24T07:16:02+00:00","breadcrumb":{"@id":"https:\/\/memurunsesi.net\/index.php\/2025\/07\/24\/turkiyenin-yerli-ve-milli-otomobili-t10f-tbmmde-sergilendi\/#breadcrumb"},"inLanguage":"tr","potentialAction":[{"@type":"ReadAction","target":["https:\/\/memurunsesi.net\/index.php\/2025\/07\/24\/turkiyenin-yerli-ve-milli-otomobili-t10f-tbmmde-sergilendi\/"]}]},{"@type":"ImageObject","inLanguage":"tr","@id":"https:\/\/memurunsesi.net\/index.php\/2025\/07\/24\/turkiyenin-yerli-ve-milli-otomobili-t10f-tbmmde-sergilendi\/#primaryimage","url":"https:\/\/memurunsesi.net\/wp-content\/uploads\/2025\/07\/AW503295_01.jpg","contentUrl":"https:\/\/memurunsesi.net\/wp-content\/uploads\/2025\/07\/AW503295_01.jpg","width":1536,"height":2048,"caption":"TOGG T10F, \u00d6ZELL\u0130KLE FASTBACK SEDAN TASARIMI, GEL\u0130\u015eM\u0130\u015e TEKNOLOJ\u0130K ALTYAPISI VE \u00c7EVREC\u0130 ELEKTR\u0130KL\u0130 MOTOR SE\u00c7ENEKLER\u0130YLE D\u0130KKAT \u00c7EKT\u0130. TBMM KAMP\u00dcS\u00dcNDE M\u0130LLETVEK\u0130LLER\u0130 GENEL KURUL \u00c7ALI\u015eMALARININ ARDINDAN TOGG'UN YEN\u0130 MODEL\u0130 T F10'NU YAKIN DAN \u0130NCELEME VE TEST S\u00dcR\u00dc\u015eLER\u0130YLE DENEME FIRSATI BULDU. (\u0130HA\/BURSA-\u0130HA) Togg T10F, \u00f6zellikle fastback sedan tasar\u0131m\u0131, geli\u015fmi\u015f teknolojik altyap\u0131s\u0131 ve \u00e7evreci elektrikli motor se\u00e7enekleriyle dikkat \u00e7ekti. TBMM kamp\u00fcs\u00fcnde milletvekilleri genel kurul \u00e7al\u0131\u015fmalar\u0131n\u0131n ard\u0131ndan Togg'un yeni modeli T F10'nu yak\u0131ndan inceleme ve test s\u00fcr\u00fc\u015fleriyle deneme f\u0131rsat\u0131 buldu."},{"@type":"BreadcrumbList","@id":"https:\/\/memurunsesi.net\/index.php\/2025\/07\/24\/turkiyenin-yerli-ve-milli-otomobili-t10f-tbmmde-sergilendi\/#breadcrumb","itemListElement":[{"@type":"ListItem","position":1,"name":"Anasayfa","item":"https:\/\/memurunsesi.net\/"},{"@type":"ListItem","position":2,"name":"T\u00fcrkiye&#8217;nin yerli ve milli otomobili T10F TBMM&#8217;de sergilendi"}]},{"@type":"WebSite","@id":"https:\/\/memurunsesi.net\/#website","url":"https:\/\/memurunsesi.net\/","name":"Memurun Sesi","description":"G\u00fcncel ve Do\u011fru Haber","publisher":{"@id":"https:\/\/memurunsesi.net\/#organization"},"potentialAction":[{"@type":"SearchAction","target":{"@type":"EntryPoint","urlTemplate":"https:\/\/memurunsesi.net\/?s={search_term_string}"},"query-input":{"@type":"PropertyValueSpecification","valueRequired":true,"valueName":"search_term_string"}}],"inLanguage":"tr"},{"@type":"Organization","@id":"https:\/\/memurunsesi.net\/#organization","name":"Memurun Sesi","url":"https:\/\/memurunsesi.net\/","logo":{"@type":"ImageObject","inLanguage":"tr","@id":"https:\/\/memurunsesi.net\/#\/schema\/logo\/image\/","url":"https:\/\/memurunsesi.net\/wp-content\/uploads\/2025\/11\/cropped-MEMURUN-SESI.png","contentUrl":"https:\/\/memurunsesi.net\/wp-content\/uploads\/2025\/11\/cropped-MEMURUN-SESI.png","width":238,"height":57,"caption":"Memurun Sesi"},"image":{"@id":"https:\/\/memurunsesi.net\/#\/schema\/logo\/image\/"},"sameAs":["https:\/\/www.facebook.com\/unipersen\/?locale=tr_TR","https:\/\/x.com\/unipersen"]},{"@type":"Person","@id":"https:\/\/memurunsesi.net\/#\/schema\/person\/f21c2d73b89f6ee1d80b0a1803e38587","name":"Memurun Sesi Haber Merkezi","image":{"@type":"ImageObject","inLanguage":"tr","@id":"https:\/\/secure.gravatar.com\/avatar\/6cf0505f452ee753f485014986fab09a434671d2b919ee76fc541025c5876a70?s=96&d=mm&r=g","url":"https:\/\/secure.gravatar.com\/avatar\/6cf0505f452ee753f485014986fab09a434671d2b919ee76fc541025c5876a70?s=96&d=mm&r=g","contentUrl":"https:\/\/secure.gravatar.com\/avatar\/6cf0505f452ee753f485014986fab09a434671d2b919ee76fc541025c5876a70?s=96&d=mm&r=g","caption":"Memurun Sesi Haber Merkezi"},"sameAs":["https:\/\/memurunsesi.net"],"url":"https:\/\/memurunsesi.net\/index.php\/author\/uniper\/"}]}},"_links":{"self":[{"href":"https:\/\/memurunsesi.net\/index.php\/wp-json\/wp\/v2\/posts\/9602","targetHints":{"allow":["GET"]}}],"collection":[{"href":"https:\/\/memurunsesi.net\/index.php\/wp-json\/wp\/v2\/posts"}],"about":[{"href":"https:\/\/memurunsesi.net\/index.php\/wp-json\/wp\/v2\/types\/post"}],"author":[{"embeddable":true,"href":"https:\/\/memurunsesi.net\/index.php\/wp-json\/wp\/v2\/users\/1"}],"replies":[{"embeddable":true,"href":"https:\/\/memurunsesi.net\/index.php\/wp-json\/wp\/v2\/comments?post=9602"}],"version-history":[{"count":1,"href":"https:\/\/memurunsesi.net\/index.php\/wp-json\/wp\/v2\/posts\/9602\/revisions"}],"predecessor-version":[{"id":9604,"href":"https:\/\/memurunsesi.net\/index.php\/wp-json\/wp\/v2\/posts\/9602\/revisions\/9604"}],"wp:featuredmedia":[{"embeddable":true,"href":"https:\/\/memurunsesi.net\/index.php\/wp-json\/wp\/v2\/media\/9603"}],"wp:attachment":[{"href":"https:\/\/memurunsesi.net\/index.php\/wp-json\/wp\/v2\/media?parent=9602"}],"wp:term":[{"taxonomy":"category","embeddable":true,"href":"https:\/\/memurunsesi.net\/index.php\/wp-json\/wp\/v2\/categories?post=9602"},{"taxonomy":"post_tag","embeddable":true,"href":"https:\/\/memurunsesi.net\/index.php\/wp-json\/wp\/v2\/tags?post=9602"}],"curies":[{"name":"wp","href":"https:\/\/api.w.org\/{rel}","templated":true}]}}