{"id":9621,"date":"2025-07-25T14:23:40","date_gmt":"2025-07-25T11:23:40","guid":{"rendered":"https:\/\/memurunsesi.net\/?p=9621"},"modified":"2025-07-25T14:23:40","modified_gmt":"2025-07-25T11:23:40","slug":"eskisehirdeki-yanginda-sehit-olan-enes-sariyildizin-babasi-oglumun-hayati-yarim-kaldi-kiz-arkadasiyla-evlenmeyi-dusunuyordu","status":"publish","type":"post","link":"https:\/\/memurunsesi.net\/index.php\/2025\/07\/25\/eskisehirdeki-yanginda-sehit-olan-enes-sariyildizin-babasi-oglumun-hayati-yarim-kaldi-kiz-arkadasiyla-evlenmeyi-dusunuyordu\/","title":{"rendered":"Eski\u015fehir&#8217;deki yang\u0131nda \u015fehit olan Enes Sar\u0131y\u0131ld\u0131z&#8217;\u0131n babas\u0131: &#8220;O\u011flumun hayat\u0131 yar\u0131m kald\u0131, k\u0131z arkada\u015f\u0131yla evlenmeyi d\u00fc\u015f\u00fcn\u00fcyordu&#8221;"},"content":{"rendered":"<p>   Eski\u015fehir&#8217;deki orman yang\u0131n\u0131nda \u015fehit olan Arama Kurtarma Derne\u011fi (AKUT) g\u00f6n\u00fcll\u00fcs\u00fc Tekin Enes Sar\u0131y\u0131ld\u0131z&#8217;\u0131n babas\u0131 Tekin Sar\u0131y\u0131ld\u0131z, &#8220;O\u011flumun hayat\u0131 yar\u0131m kald\u0131, k\u0131z arkada\u015f\u0131yla evlenmeyi d\u00fc\u015f\u00fcn\u00fcyordu. Her \u015feyi yar\u0131m kald\u0131&#8221; dedi.<br \/>\n  Eski\u015fehir&#8217;in Seyitgazi il\u00e7esinde meydana gelen orman yang\u0131n\u0131na m\u00fcdahale etti\u011fi s\u0131rada \u015fehit olan 24 ya\u015f\u0131ndaki Tekin Enes Sar\u0131y\u0131ld\u0131z&#8217;\u0131n Ankara Ke\u00e7i\u00f6ren&#8217;deki babaevi T\u00fcrk bayraklar\u0131yla donat\u0131ld\u0131. Taziyeleri kabul eden ac\u0131l\u0131 baba Tekin Sar\u0131y\u0131ld\u0131z, o\u011fluyla gurur duydu\u011funu s\u00f6yledi. Evlad\u0131n\u0131n canl\u0131lara \u00e7ok de\u011fer verdi\u011fini s\u00f6yleyen baba Sar\u0131y\u0131ld\u0131z, &#8220;\u00c7ok zor bir olay ama birazc\u0131k gururu var, yoksa dayanamazd\u0131k. O\u011flumun \u015fehit ve kahraman olmas\u0131n\u0131n gururunu ya\u015f\u0131yorum. \u00d6r\u00fcmce\u011fe dahi k\u0131yamazd\u0131. Eliyle al\u0131r d\u0131\u015far\u0131ya atard\u0131. Canl\u0131lara \u00e7ok b\u00fcy\u00fck bir sayg\u0131s\u0131 vard\u0131. Annesi b\u00f6yle g\u00f6revlere gitmesini istemezdi. O da annesine, \u2018Sen hi\u00e7 o hayvanlar\u0131n \u00e7\u0131\u011fl\u0131klar\u0131n\u0131 duydun mu?&#8217; diye cevap verirdi. Canl\u0131 dostu biriydi. Can kurtarmak i\u00e7in can\u0131n\u0131 verdi. 18 ya\u015f\u0131ndan beri g\u00f6revlere gidiyordu. Orada da \u00e7ok sevilmi\u015fti. E\u011fitmenli\u011fe kadar y\u00fckselmi\u015fti. Biz al\u0131\u015fk\u0131nd\u0131k bu haline. Depremlerde, sellerde, arama kurtarma faaliyetlerinde s\u00fcrekli g\u00f6rev al\u0131rd\u0131. Annesi son gitti\u011finde bir \u015feyler hissetmi\u015fti ve gitmemesini istemi\u015fti. Giderken karde\u015flerini uyarm\u0131\u015f, \u2018Annemi ve babam\u0131 \u00fczmeyin&#8217; diye&#8221; dedi.  <\/p>\n<p>  &#8220;Hi\u00e7bir zaman parayla ilgili bir hayali olmad\u0131&#8221;<br \/>\n  O\u011flunun paraya hi\u00e7bir zaman de\u011fer vermedi\u011fini dile getiren Sar\u0131y\u0131ld\u0131z, &#8220;En son telefonda g\u00f6r\u00fc\u015fm\u00fc\u015ft\u00fck. &#8216;Paraya ihtiyac\u0131n var m\u0131?&#8217; diye sormu\u015ftum. Gerek olmad\u0131\u011f\u0131n\u0131 s\u00f6yledi ama az da olsa bir miktar g\u00f6ndermi\u015ftim. En son g\u00f6reve gitti\u011finde g\u00f6rm\u00fc\u015ft\u00fcm. Do\u011fay\u0131 \u00e7ok severdi. Hi\u00e7bir zaman parayla ilgili bir hayali olmad\u0131. Hep do\u011fayla birlikte olmak isterdi. Her \u015feyi yar\u0131m kald\u0131. Tek ders s\u0131nav\u0131 vard\u0131, eyl\u00fclde mezun olacakt\u0131. Ehliyetini yeni alm\u0131\u015ft\u0131, tam araba kullanacakt\u0131, o da yar\u0131m kald\u0131. K\u0131z arkada\u015f\u0131yla evlenmeyi d\u00fc\u015f\u00fcn\u00fcyordu. O\u011flumun hayat\u0131 yar\u0131m kald\u0131. Sevgilisiyle ciddi d\u00fc\u015f\u00fcnceleri vard\u0131. \u0130\u015fe ba\u015flamadan evlenmeyi d\u00fc\u015f\u00fcnm\u00fcyordu. K\u0131z arkada\u015f\u0131yla ayn\u0131 \u00fcniversitedeydi, birlikte AKUT g\u00f6n\u00fcll\u00fcs\u00fc olarak \u00e7al\u0131\u015f\u0131yorlard\u0131&#8221; diye konu\u015ftu. <\/p>\n<p>  &#8220;O kadar \u00e7ok seviliyormu\u015f ki sonradan \u00f6\u011frendim&#8221;<br \/>\n  O\u011flunun \u00e7evresi taraf\u0131ndan de\u011fer g\u00f6rd\u00fc\u011f\u00fcn\u00fc ifade eden baba Sar\u0131y\u0131ld\u0131z, &#8220;O\u011flum ve g\u00f6rev arkada\u015flar\u0131 \u00e7ok \u00f6zel \u00e7ocuklar. Hi\u00e7bir menfaat beklemeden herkesin yard\u0131m\u0131na ko\u015fard\u0131. O kadar \u00e7ok seviliyormu\u015f ki sonradan \u00f6\u011frendim. \u00d6\u011fretmenleri d\u00fcn cenaze t\u00f6reninde Enes&#8217;in \u00e7ok \u00f6zel bir \u00e7ocuk oldu\u011funu s\u00f6yledi. Hepsi \u00e7ok de\u011ferli insanlard\u0131&#8221; dedi. <\/p>\n<p>25.07.2025                               <\/p>\n","protected":false},"excerpt":{"rendered":"<p>Eski\u015fehir&#8217;deki orman yang\u0131n\u0131nda \u015fehit olan Arama Kurtarma Derne\u011fi (AKUT) g\u00f6n\u00fcll\u00fcs\u00fc Tekin Enes Sar\u0131y\u0131ld\u0131z&#8217;\u0131n babas\u0131 Tekin Sar\u0131y\u0131ld\u0131z, &#8220;O\u011flumun hayat\u0131 yar\u0131m kald\u0131, k\u0131z arkada\u015f\u0131yla evlenmeyi d\u00fc\u015f\u00fcn\u00fcyordu. Her \u015feyi yar\u0131m kald\u0131&#8221; dedi. Eski\u015fehir&#8217;in Seyitgazi il\u00e7esinde meydana gelen orman yang\u0131n\u0131na m\u00fcdahale etti\u011fi s\u0131rada \u015fehit olan 24 ya\u015f\u0131ndaki Tekin Enes Sar\u0131y\u0131ld\u0131z&#8217;\u0131n Ankara Ke\u00e7i\u00f6ren&#8217;deki babaevi T\u00fcrk bayraklar\u0131yla donat\u0131ld\u0131. Taziyeleri kabul eden [&hellip;]<\/p>\n","protected":false},"author":1,"featured_media":9622,"comment_status":"open","ping_status":"open","sticky":false,"template":"","format":"standard","meta":{"footnotes":""},"categories":[1],"tags":[],"class_list":["post-9621","post","type-post","status-publish","format-standard","has-post-thumbnail","hentry","category-genel"],"yoast_head":"<!-- This site is optimized with the Yoast SEO plugin v27.4 - https:\/\/yoast.com\/product\/yoast-seo-wordpress\/ -->\n<title>Eski\u015fehir&#039;deki yang\u0131nda \u015fehit olan Enes Sar\u0131y\u0131ld\u0131z&#039;\u0131n babas\u0131: &quot;O\u011flumun hayat\u0131 yar\u0131m kald\u0131, k\u0131z arkada\u015f\u0131yla evlenmeyi d\u00fc\u015f\u00fcn\u00fcyordu&quot; - Memurun Sesi<\/title>\n<meta name=\"robots\" content=\"index, follow, max-snippet:-1, max-image-preview:large, max-video-preview:-1\" \/>\n<link rel=\"canonical\" href=\"https:\/\/memurunsesi.net\/index.php\/2025\/07\/25\/eskisehirdeki-yanginda-sehit-olan-enes-sariyildizin-babasi-oglumun-hayati-yarim-kaldi-kiz-arkadasiyla-evlenmeyi-dusunuyordu\/\" \/>\n<meta property=\"og:locale\" content=\"tr_TR\" \/>\n<meta property=\"og:type\" content=\"article\" \/>\n<meta property=\"og:title\" content=\"Eski\u015fehir&#039;deki yang\u0131nda \u015fehit olan Enes Sar\u0131y\u0131ld\u0131z&#039;\u0131n babas\u0131: &quot;O\u011flumun hayat\u0131 yar\u0131m kald\u0131, k\u0131z arkada\u015f\u0131yla evlenmeyi d\u00fc\u015f\u00fcn\u00fcyordu&quot; - Memurun Sesi\" \/>\n<meta property=\"og:description\" content=\"Eski\u015fehir&#8217;deki orman yang\u0131n\u0131nda \u015fehit olan Arama Kurtarma Derne\u011fi (AKUT) g\u00f6n\u00fcll\u00fcs\u00fc Tekin Enes Sar\u0131y\u0131ld\u0131z&#8217;\u0131n babas\u0131 Tekin Sar\u0131y\u0131ld\u0131z, &#8220;O\u011flumun hayat\u0131 yar\u0131m kald\u0131, k\u0131z arkada\u015f\u0131yla evlenmeyi d\u00fc\u015f\u00fcn\u00fcyordu. Her \u015feyi yar\u0131m kald\u0131&#8221; dedi. Eski\u015fehir&#8217;in Seyitgazi il\u00e7esinde meydana gelen orman yang\u0131n\u0131na m\u00fcdahale etti\u011fi s\u0131rada \u015fehit olan 24 ya\u015f\u0131ndaki Tekin Enes Sar\u0131y\u0131ld\u0131z&#8217;\u0131n Ankara Ke\u00e7i\u00f6ren&#8217;deki babaevi T\u00fcrk bayraklar\u0131yla donat\u0131ld\u0131. Taziyeleri kabul eden [&hellip;]\" \/>\n<meta property=\"og:url\" content=\"https:\/\/memurunsesi.net\/index.php\/2025\/07\/25\/eskisehirdeki-yanginda-sehit-olan-enes-sariyildizin-babasi-oglumun-hayati-yarim-kaldi-kiz-arkadasiyla-evlenmeyi-dusunuyordu\/\" \/>\n<meta property=\"og:site_name\" content=\"Memurun Sesi\" \/>\n<meta property=\"article:publisher\" content=\"https:\/\/www.facebook.com\/unipersen\/?locale=tr_TR\" \/>\n<meta property=\"article:published_time\" content=\"2025-07-25T11:23:40+00:00\" \/>\n<meta property=\"og:image\" content=\"https:\/\/memurunsesi.net\/wp-content\/uploads\/2025\/07\/AW504259_01.jpg\" \/>\n\t<meta property=\"og:image:width\" content=\"1600\" \/>\n\t<meta property=\"og:image:height\" content=\"1204\" \/>\n\t<meta property=\"og:image:type\" content=\"image\/jpeg\" \/>\n<meta name=\"author\" content=\"Memurun Sesi Haber Merkezi\" \/>\n<meta name=\"twitter:card\" content=\"summary_large_image\" \/>\n<meta name=\"twitter:creator\" content=\"@unipersen\" \/>\n<meta name=\"twitter:site\" content=\"@unipersen\" \/>\n<meta name=\"twitter:label1\" content=\"Yazan:\" \/>\n\t<meta name=\"twitter:data1\" content=\"Memurun Sesi Haber Merkezi\" \/>\n\t<meta name=\"twitter:label2\" content=\"Tahmini okuma s\u00fcresi\" \/>\n\t<meta name=\"twitter:data2\" content=\"1 dakika\" \/>\n<script type=\"application\/ld+json\" class=\"yoast-schema-graph\">{\"@context\":\"https:\\\/\\\/schema.org\",\"@graph\":[{\"@type\":\"Article\",\"@id\":\"https:\\\/\\\/memurunsesi.net\\\/index.php\\\/2025\\\/07\\\/25\\\/eskisehirdeki-yanginda-sehit-olan-enes-sariyildizin-babasi-oglumun-hayati-yarim-kaldi-kiz-arkadasiyla-evlenmeyi-dusunuyordu\\\/#article\",\"isPartOf\":{\"@id\":\"https:\\\/\\\/memurunsesi.net\\\/index.php\\\/2025\\\/07\\\/25\\\/eskisehirdeki-yanginda-sehit-olan-enes-sariyildizin-babasi-oglumun-hayati-yarim-kaldi-kiz-arkadasiyla-evlenmeyi-dusunuyordu\\\/\"},\"author\":{\"name\":\"Memurun Sesi Haber Merkezi\",\"@id\":\"https:\\\/\\\/memurunsesi.net\\\/#\\\/schema\\\/person\\\/f21c2d73b89f6ee1d80b0a1803e38587\"},\"headline\":\"Eski\u015fehir&#8217;deki yang\u0131nda \u015fehit olan Enes Sar\u0131y\u0131ld\u0131z&#8217;\u0131n babas\u0131: &#8220;O\u011flumun hayat\u0131 yar\u0131m kald\u0131, k\u0131z arkada\u015f\u0131yla evlenmeyi d\u00fc\u015f\u00fcn\u00fcyordu&#8221;\",\"datePublished\":\"2025-07-25T11:23:40+00:00\",\"mainEntityOfPage\":{\"@id\":\"https:\\\/\\\/memurunsesi.net\\\/index.php\\\/2025\\\/07\\\/25\\\/eskisehirdeki-yanginda-sehit-olan-enes-sariyildizin-babasi-oglumun-hayati-yarim-kaldi-kiz-arkadasiyla-evlenmeyi-dusunuyordu\\\/\"},\"wordCount\":517,\"commentCount\":0,\"publisher\":{\"@id\":\"https:\\\/\\\/memurunsesi.net\\\/#organization\"},\"image\":{\"@id\":\"https:\\\/\\\/memurunsesi.net\\\/index.php\\\/2025\\\/07\\\/25\\\/eskisehirdeki-yanginda-sehit-olan-enes-sariyildizin-babasi-oglumun-hayati-yarim-kaldi-kiz-arkadasiyla-evlenmeyi-dusunuyordu\\\/#primaryimage\"},\"thumbnailUrl\":\"https:\\\/\\\/memurunsesi.net\\\/wp-content\\\/uploads\\\/2025\\\/07\\\/AW504259_01.jpg\",\"inLanguage\":\"tr\",\"potentialAction\":[{\"@type\":\"CommentAction\",\"name\":\"Comment\",\"target\":[\"https:\\\/\\\/memurunsesi.net\\\/index.php\\\/2025\\\/07\\\/25\\\/eskisehirdeki-yanginda-sehit-olan-enes-sariyildizin-babasi-oglumun-hayati-yarim-kaldi-kiz-arkadasiyla-evlenmeyi-dusunuyordu\\\/#respond\"]}]},{\"@type\":\"WebPage\",\"@id\":\"https:\\\/\\\/memurunsesi.net\\\/index.php\\\/2025\\\/07\\\/25\\\/eskisehirdeki-yanginda-sehit-olan-enes-sariyildizin-babasi-oglumun-hayati-yarim-kaldi-kiz-arkadasiyla-evlenmeyi-dusunuyordu\\\/\",\"url\":\"https:\\\/\\\/memurunsesi.net\\\/index.php\\\/2025\\\/07\\\/25\\\/eskisehirdeki-yanginda-sehit-olan-enes-sariyildizin-babasi-oglumun-hayati-yarim-kaldi-kiz-arkadasiyla-evlenmeyi-dusunuyordu\\\/\",\"name\":\"Eski\u015fehir'deki yang\u0131nda \u015fehit olan Enes Sar\u0131y\u0131ld\u0131z'\u0131n babas\u0131: \\\"O\u011flumun hayat\u0131 yar\u0131m kald\u0131, k\u0131z arkada\u015f\u0131yla evlenmeyi d\u00fc\u015f\u00fcn\u00fcyordu\\\" - Memurun Sesi\",\"isPartOf\":{\"@id\":\"https:\\\/\\\/memurunsesi.net\\\/#website\"},\"primaryImageOfPage\":{\"@id\":\"https:\\\/\\\/memurunsesi.net\\\/index.php\\\/2025\\\/07\\\/25\\\/eskisehirdeki-yanginda-sehit-olan-enes-sariyildizin-babasi-oglumun-hayati-yarim-kaldi-kiz-arkadasiyla-evlenmeyi-dusunuyordu\\\/#primaryimage\"},\"image\":{\"@id\":\"https:\\\/\\\/memurunsesi.net\\\/index.php\\\/2025\\\/07\\\/25\\\/eskisehirdeki-yanginda-sehit-olan-enes-sariyildizin-babasi-oglumun-hayati-yarim-kaldi-kiz-arkadasiyla-evlenmeyi-dusunuyordu\\\/#primaryimage\"},\"thumbnailUrl\":\"https:\\\/\\\/memurunsesi.net\\\/wp-content\\\/uploads\\\/2025\\\/07\\\/AW504259_01.jpg\",\"datePublished\":\"2025-07-25T11:23:40+00:00\",\"breadcrumb\":{\"@id\":\"https:\\\/\\\/memurunsesi.net\\\/index.php\\\/2025\\\/07\\\/25\\\/eskisehirdeki-yanginda-sehit-olan-enes-sariyildizin-babasi-oglumun-hayati-yarim-kaldi-kiz-arkadasiyla-evlenmeyi-dusunuyordu\\\/#breadcrumb\"},\"inLanguage\":\"tr\",\"potentialAction\":[{\"@type\":\"ReadAction\",\"target\":[\"https:\\\/\\\/memurunsesi.net\\\/index.php\\\/2025\\\/07\\\/25\\\/eskisehirdeki-yanginda-sehit-olan-enes-sariyildizin-babasi-oglumun-hayati-yarim-kaldi-kiz-arkadasiyla-evlenmeyi-dusunuyordu\\\/\"]}]},{\"@type\":\"ImageObject\",\"inLanguage\":\"tr\",\"@id\":\"https:\\\/\\\/memurunsesi.net\\\/index.php\\\/2025\\\/07\\\/25\\\/eskisehirdeki-yanginda-sehit-olan-enes-sariyildizin-babasi-oglumun-hayati-yarim-kaldi-kiz-arkadasiyla-evlenmeyi-dusunuyordu\\\/#primaryimage\",\"url\":\"https:\\\/\\\/memurunsesi.net\\\/wp-content\\\/uploads\\\/2025\\\/07\\\/AW504259_01.jpg\",\"contentUrl\":\"https:\\\/\\\/memurunsesi.net\\\/wp-content\\\/uploads\\\/2025\\\/07\\\/AW504259_01.jpg\",\"width\":1600,\"height\":1204,\"caption\":\"ESK\u0130\u015eEH\u0130R'DEK\u0130 ORMAN YANGININDA \u015eEH\u0130T OLAN ARAMA KURTARMA DERNE\u011e\u0130 (AKUT) G\u00d6N\u00dcLL\u00dcS\u00dc TEK\u0130N ENES SARIYILDIZ'IN BABASI TEK\u0130N SARIYILDIZ: \\\"O\u011eLUMUN HAYATI YARIM KALDI, KIZ ARKADA\u015eIYLA EVLENMEY\u0130 D\u00dc\u015e\u00dcN\u00dcYORDU. HER \u015eEY\u0130 YARIM KALDI\\\" DED\u0130. (\u0130HA\\\/ANKARA-\u0130HA) Eski\u015fehir'deki orman yang\u0131n\u0131nda \u015fehit olan Arama Kurtarma Derne\u011fi (AKUT) g\u00f6n\u00fcll\u00fcs\u00fc Tekin Enes Sar\u0131y\u0131ld\u0131z'\u0131n babas\u0131 Tekin Sar\u0131y\u0131ld\u0131z, \\\"O\u011flumun hayat\u0131 yar\u0131m kald\u0131, k\u0131z arkada\u015f\u0131yla evlenmeyi d\u00fc\u015f\u00fcn\u00fcyordu. Her \u015feyi yar\u0131m kald\u0131\\\" dedi.\"},{\"@type\":\"BreadcrumbList\",\"@id\":\"https:\\\/\\\/memurunsesi.net\\\/index.php\\\/2025\\\/07\\\/25\\\/eskisehirdeki-yanginda-sehit-olan-enes-sariyildizin-babasi-oglumun-hayati-yarim-kaldi-kiz-arkadasiyla-evlenmeyi-dusunuyordu\\\/#breadcrumb\",\"itemListElement\":[{\"@type\":\"ListItem\",\"position\":1,\"name\":\"Anasayfa\",\"item\":\"https:\\\/\\\/memurunsesi.net\\\/\"},{\"@type\":\"ListItem\",\"position\":2,\"name\":\"Eski\u015fehir&#8217;deki yang\u0131nda \u015fehit olan Enes Sar\u0131y\u0131ld\u0131z&#8217;\u0131n babas\u0131: &#8220;O\u011flumun hayat\u0131 yar\u0131m kald\u0131, k\u0131z arkada\u015f\u0131yla evlenmeyi d\u00fc\u015f\u00fcn\u00fcyordu&#8221;\"}]},{\"@type\":\"WebSite\",\"@id\":\"https:\\\/\\\/memurunsesi.net\\\/#website\",\"url\":\"https:\\\/\\\/memurunsesi.net\\\/\",\"name\":\"Memurun Sesi\",\"description\":\"G\u00fcncel ve Do\u011fru Haber\",\"publisher\":{\"@id\":\"https:\\\/\\\/memurunsesi.net\\\/#organization\"},\"potentialAction\":[{\"@type\":\"SearchAction\",\"target\":{\"@type\":\"EntryPoint\",\"urlTemplate\":\"https:\\\/\\\/memurunsesi.net\\\/?s={search_term_string}\"},\"query-input\":{\"@type\":\"PropertyValueSpecification\",\"valueRequired\":true,\"valueName\":\"search_term_string\"}}],\"inLanguage\":\"tr\"},{\"@type\":\"Organization\",\"@id\":\"https:\\\/\\\/memurunsesi.net\\\/#organization\",\"name\":\"Memurun Sesi\",\"url\":\"https:\\\/\\\/memurunsesi.net\\\/\",\"logo\":{\"@type\":\"ImageObject\",\"inLanguage\":\"tr\",\"@id\":\"https:\\\/\\\/memurunsesi.net\\\/#\\\/schema\\\/logo\\\/image\\\/\",\"url\":\"https:\\\/\\\/memurunsesi.net\\\/wp-content\\\/uploads\\\/2025\\\/11\\\/cropped-MEMURUN-SESI.png\",\"contentUrl\":\"https:\\\/\\\/memurunsesi.net\\\/wp-content\\\/uploads\\\/2025\\\/11\\\/cropped-MEMURUN-SESI.png\",\"width\":238,\"height\":57,\"caption\":\"Memurun Sesi\"},\"image\":{\"@id\":\"https:\\\/\\\/memurunsesi.net\\\/#\\\/schema\\\/logo\\\/image\\\/\"},\"sameAs\":[\"https:\\\/\\\/www.facebook.com\\\/unipersen\\\/?locale=tr_TR\",\"https:\\\/\\\/x.com\\\/unipersen\"]},{\"@type\":\"Person\",\"@id\":\"https:\\\/\\\/memurunsesi.net\\\/#\\\/schema\\\/person\\\/f21c2d73b89f6ee1d80b0a1803e38587\",\"name\":\"Memurun Sesi Haber Merkezi\",\"image\":{\"@type\":\"ImageObject\",\"inLanguage\":\"tr\",\"@id\":\"https:\\\/\\\/secure.gravatar.com\\\/avatar\\\/6cf0505f452ee753f485014986fab09a434671d2b919ee76fc541025c5876a70?s=96&d=mm&r=g\",\"url\":\"https:\\\/\\\/secure.gravatar.com\\\/avatar\\\/6cf0505f452ee753f485014986fab09a434671d2b919ee76fc541025c5876a70?s=96&d=mm&r=g\",\"contentUrl\":\"https:\\\/\\\/secure.gravatar.com\\\/avatar\\\/6cf0505f452ee753f485014986fab09a434671d2b919ee76fc541025c5876a70?s=96&d=mm&r=g\",\"caption\":\"Memurun Sesi Haber Merkezi\"},\"sameAs\":[\"https:\\\/\\\/memurunsesi.net\"],\"url\":\"https:\\\/\\\/memurunsesi.net\\\/index.php\\\/author\\\/uniper\\\/\"}]}<\/script>\n<!-- \/ Yoast SEO plugin. -->","yoast_head_json":{"title":"Eski\u015fehir'deki yang\u0131nda \u015fehit olan Enes Sar\u0131y\u0131ld\u0131z'\u0131n babas\u0131: \"O\u011flumun hayat\u0131 yar\u0131m kald\u0131, k\u0131z arkada\u015f\u0131yla evlenmeyi d\u00fc\u015f\u00fcn\u00fcyordu\" - Memurun Sesi","robots":{"index":"index","follow":"follow","max-snippet":"max-snippet:-1","max-image-preview":"max-image-preview:large","max-video-preview":"max-video-preview:-1"},"canonical":"https:\/\/memurunsesi.net\/index.php\/2025\/07\/25\/eskisehirdeki-yanginda-sehit-olan-enes-sariyildizin-babasi-oglumun-hayati-yarim-kaldi-kiz-arkadasiyla-evlenmeyi-dusunuyordu\/","og_locale":"tr_TR","og_type":"article","og_title":"Eski\u015fehir'deki yang\u0131nda \u015fehit olan Enes Sar\u0131y\u0131ld\u0131z'\u0131n babas\u0131: \"O\u011flumun hayat\u0131 yar\u0131m kald\u0131, k\u0131z arkada\u015f\u0131yla evlenmeyi d\u00fc\u015f\u00fcn\u00fcyordu\" - Memurun Sesi","og_description":"Eski\u015fehir&#8217;deki orman yang\u0131n\u0131nda \u015fehit olan Arama Kurtarma Derne\u011fi (AKUT) g\u00f6n\u00fcll\u00fcs\u00fc Tekin Enes Sar\u0131y\u0131ld\u0131z&#8217;\u0131n babas\u0131 Tekin Sar\u0131y\u0131ld\u0131z, &#8220;O\u011flumun hayat\u0131 yar\u0131m kald\u0131, k\u0131z arkada\u015f\u0131yla evlenmeyi d\u00fc\u015f\u00fcn\u00fcyordu. Her \u015feyi yar\u0131m kald\u0131&#8221; dedi. Eski\u015fehir&#8217;in Seyitgazi il\u00e7esinde meydana gelen orman yang\u0131n\u0131na m\u00fcdahale etti\u011fi s\u0131rada \u015fehit olan 24 ya\u015f\u0131ndaki Tekin Enes Sar\u0131y\u0131ld\u0131z&#8217;\u0131n Ankara Ke\u00e7i\u00f6ren&#8217;deki babaevi T\u00fcrk bayraklar\u0131yla donat\u0131ld\u0131. Taziyeleri kabul eden [&hellip;]","og_url":"https:\/\/memurunsesi.net\/index.php\/2025\/07\/25\/eskisehirdeki-yanginda-sehit-olan-enes-sariyildizin-babasi-oglumun-hayati-yarim-kaldi-kiz-arkadasiyla-evlenmeyi-dusunuyordu\/","og_site_name":"Memurun Sesi","article_publisher":"https:\/\/www.facebook.com\/unipersen\/?locale=tr_TR","article_published_time":"2025-07-25T11:23:40+00:00","og_image":[{"width":1600,"height":1204,"url":"https:\/\/memurunsesi.net\/wp-content\/uploads\/2025\/07\/AW504259_01.jpg","type":"image\/jpeg"}],"author":"Memurun Sesi Haber Merkezi","twitter_card":"summary_large_image","twitter_creator":"@unipersen","twitter_site":"@unipersen","twitter_misc":{"Yazan:":"Memurun Sesi Haber Merkezi","Tahmini okuma s\u00fcresi":"1 dakika"},"schema":{"@context":"https:\/\/schema.org","@graph":[{"@type":"Article","@id":"https:\/\/memurunsesi.net\/index.php\/2025\/07\/25\/eskisehirdeki-yanginda-sehit-olan-enes-sariyildizin-babasi-oglumun-hayati-yarim-kaldi-kiz-arkadasiyla-evlenmeyi-dusunuyordu\/#article","isPartOf":{"@id":"https:\/\/memurunsesi.net\/index.php\/2025\/07\/25\/eskisehirdeki-yanginda-sehit-olan-enes-sariyildizin-babasi-oglumun-hayati-yarim-kaldi-kiz-arkadasiyla-evlenmeyi-dusunuyordu\/"},"author":{"name":"Memurun Sesi Haber Merkezi","@id":"https:\/\/memurunsesi.net\/#\/schema\/person\/f21c2d73b89f6ee1d80b0a1803e38587"},"headline":"Eski\u015fehir&#8217;deki yang\u0131nda \u015fehit olan Enes Sar\u0131y\u0131ld\u0131z&#8217;\u0131n babas\u0131: &#8220;O\u011flumun hayat\u0131 yar\u0131m kald\u0131, k\u0131z arkada\u015f\u0131yla evlenmeyi d\u00fc\u015f\u00fcn\u00fcyordu&#8221;","datePublished":"2025-07-25T11:23:40+00:00","mainEntityOfPage":{"@id":"https:\/\/memurunsesi.net\/index.php\/2025\/07\/25\/eskisehirdeki-yanginda-sehit-olan-enes-sariyildizin-babasi-oglumun-hayati-yarim-kaldi-kiz-arkadasiyla-evlenmeyi-dusunuyordu\/"},"wordCount":517,"commentCount":0,"publisher":{"@id":"https:\/\/memurunsesi.net\/#organization"},"image":{"@id":"https:\/\/memurunsesi.net\/index.php\/2025\/07\/25\/eskisehirdeki-yanginda-sehit-olan-enes-sariyildizin-babasi-oglumun-hayati-yarim-kaldi-kiz-arkadasiyla-evlenmeyi-dusunuyordu\/#primaryimage"},"thumbnailUrl":"https:\/\/memurunsesi.net\/wp-content\/uploads\/2025\/07\/AW504259_01.jpg","inLanguage":"tr","potentialAction":[{"@type":"CommentAction","name":"Comment","target":["https:\/\/memurunsesi.net\/index.php\/2025\/07\/25\/eskisehirdeki-yanginda-sehit-olan-enes-sariyildizin-babasi-oglumun-hayati-yarim-kaldi-kiz-arkadasiyla-evlenmeyi-dusunuyordu\/#respond"]}]},{"@type":"WebPage","@id":"https:\/\/memurunsesi.net\/index.php\/2025\/07\/25\/eskisehirdeki-yanginda-sehit-olan-enes-sariyildizin-babasi-oglumun-hayati-yarim-kaldi-kiz-arkadasiyla-evlenmeyi-dusunuyordu\/","url":"https:\/\/memurunsesi.net\/index.php\/2025\/07\/25\/eskisehirdeki-yanginda-sehit-olan-enes-sariyildizin-babasi-oglumun-hayati-yarim-kaldi-kiz-arkadasiyla-evlenmeyi-dusunuyordu\/","name":"Eski\u015fehir'deki yang\u0131nda \u015fehit olan Enes Sar\u0131y\u0131ld\u0131z'\u0131n babas\u0131: \"O\u011flumun hayat\u0131 yar\u0131m kald\u0131, k\u0131z arkada\u015f\u0131yla evlenmeyi d\u00fc\u015f\u00fcn\u00fcyordu\" - Memurun Sesi","isPartOf":{"@id":"https:\/\/memurunsesi.net\/#website"},"primaryImageOfPage":{"@id":"https:\/\/memurunsesi.net\/index.php\/2025\/07\/25\/eskisehirdeki-yanginda-sehit-olan-enes-sariyildizin-babasi-oglumun-hayati-yarim-kaldi-kiz-arkadasiyla-evlenmeyi-dusunuyordu\/#primaryimage"},"image":{"@id":"https:\/\/memurunsesi.net\/index.php\/2025\/07\/25\/eskisehirdeki-yanginda-sehit-olan-enes-sariyildizin-babasi-oglumun-hayati-yarim-kaldi-kiz-arkadasiyla-evlenmeyi-dusunuyordu\/#primaryimage"},"thumbnailUrl":"https:\/\/memurunsesi.net\/wp-content\/uploads\/2025\/07\/AW504259_01.jpg","datePublished":"2025-07-25T11:23:40+00:00","breadcrumb":{"@id":"https:\/\/memurunsesi.net\/index.php\/2025\/07\/25\/eskisehirdeki-yanginda-sehit-olan-enes-sariyildizin-babasi-oglumun-hayati-yarim-kaldi-kiz-arkadasiyla-evlenmeyi-dusunuyordu\/#breadcrumb"},"inLanguage":"tr","potentialAction":[{"@type":"ReadAction","target":["https:\/\/memurunsesi.net\/index.php\/2025\/07\/25\/eskisehirdeki-yanginda-sehit-olan-enes-sariyildizin-babasi-oglumun-hayati-yarim-kaldi-kiz-arkadasiyla-evlenmeyi-dusunuyordu\/"]}]},{"@type":"ImageObject","inLanguage":"tr","@id":"https:\/\/memurunsesi.net\/index.php\/2025\/07\/25\/eskisehirdeki-yanginda-sehit-olan-enes-sariyildizin-babasi-oglumun-hayati-yarim-kaldi-kiz-arkadasiyla-evlenmeyi-dusunuyordu\/#primaryimage","url":"https:\/\/memurunsesi.net\/wp-content\/uploads\/2025\/07\/AW504259_01.jpg","contentUrl":"https:\/\/memurunsesi.net\/wp-content\/uploads\/2025\/07\/AW504259_01.jpg","width":1600,"height":1204,"caption":"ESK\u0130\u015eEH\u0130R'DEK\u0130 ORMAN YANGININDA \u015eEH\u0130T OLAN ARAMA KURTARMA DERNE\u011e\u0130 (AKUT) G\u00d6N\u00dcLL\u00dcS\u00dc TEK\u0130N ENES SARIYILDIZ'IN BABASI TEK\u0130N SARIYILDIZ: \"O\u011eLUMUN HAYATI YARIM KALDI, KIZ ARKADA\u015eIYLA EVLENMEY\u0130 D\u00dc\u015e\u00dcN\u00dcYORDU. HER \u015eEY\u0130 YARIM KALDI\" DED\u0130. (\u0130HA\/ANKARA-\u0130HA) Eski\u015fehir'deki orman yang\u0131n\u0131nda \u015fehit olan Arama Kurtarma Derne\u011fi (AKUT) g\u00f6n\u00fcll\u00fcs\u00fc Tekin Enes Sar\u0131y\u0131ld\u0131z'\u0131n babas\u0131 Tekin Sar\u0131y\u0131ld\u0131z, \"O\u011flumun hayat\u0131 yar\u0131m kald\u0131, k\u0131z arkada\u015f\u0131yla evlenmeyi d\u00fc\u015f\u00fcn\u00fcyordu. Her \u015feyi yar\u0131m kald\u0131\" dedi."},{"@type":"BreadcrumbList","@id":"https:\/\/memurunsesi.net\/index.php\/2025\/07\/25\/eskisehirdeki-yanginda-sehit-olan-enes-sariyildizin-babasi-oglumun-hayati-yarim-kaldi-kiz-arkadasiyla-evlenmeyi-dusunuyordu\/#breadcrumb","itemListElement":[{"@type":"ListItem","position":1,"name":"Anasayfa","item":"https:\/\/memurunsesi.net\/"},{"@type":"ListItem","position":2,"name":"Eski\u015fehir&#8217;deki yang\u0131nda \u015fehit olan Enes Sar\u0131y\u0131ld\u0131z&#8217;\u0131n babas\u0131: &#8220;O\u011flumun hayat\u0131 yar\u0131m kald\u0131, k\u0131z arkada\u015f\u0131yla evlenmeyi d\u00fc\u015f\u00fcn\u00fcyordu&#8221;"}]},{"@type":"WebSite","@id":"https:\/\/memurunsesi.net\/#website","url":"https:\/\/memurunsesi.net\/","name":"Memurun Sesi","description":"G\u00fcncel ve Do\u011fru Haber","publisher":{"@id":"https:\/\/memurunsesi.net\/#organization"},"potentialAction":[{"@type":"SearchAction","target":{"@type":"EntryPoint","urlTemplate":"https:\/\/memurunsesi.net\/?s={search_term_string}"},"query-input":{"@type":"PropertyValueSpecification","valueRequired":true,"valueName":"search_term_string"}}],"inLanguage":"tr"},{"@type":"Organization","@id":"https:\/\/memurunsesi.net\/#organization","name":"Memurun Sesi","url":"https:\/\/memurunsesi.net\/","logo":{"@type":"ImageObject","inLanguage":"tr","@id":"https:\/\/memurunsesi.net\/#\/schema\/logo\/image\/","url":"https:\/\/memurunsesi.net\/wp-content\/uploads\/2025\/11\/cropped-MEMURUN-SESI.png","contentUrl":"https:\/\/memurunsesi.net\/wp-content\/uploads\/2025\/11\/cropped-MEMURUN-SESI.png","width":238,"height":57,"caption":"Memurun Sesi"},"image":{"@id":"https:\/\/memurunsesi.net\/#\/schema\/logo\/image\/"},"sameAs":["https:\/\/www.facebook.com\/unipersen\/?locale=tr_TR","https:\/\/x.com\/unipersen"]},{"@type":"Person","@id":"https:\/\/memurunsesi.net\/#\/schema\/person\/f21c2d73b89f6ee1d80b0a1803e38587","name":"Memurun Sesi Haber Merkezi","image":{"@type":"ImageObject","inLanguage":"tr","@id":"https:\/\/secure.gravatar.com\/avatar\/6cf0505f452ee753f485014986fab09a434671d2b919ee76fc541025c5876a70?s=96&d=mm&r=g","url":"https:\/\/secure.gravatar.com\/avatar\/6cf0505f452ee753f485014986fab09a434671d2b919ee76fc541025c5876a70?s=96&d=mm&r=g","contentUrl":"https:\/\/secure.gravatar.com\/avatar\/6cf0505f452ee753f485014986fab09a434671d2b919ee76fc541025c5876a70?s=96&d=mm&r=g","caption":"Memurun Sesi Haber Merkezi"},"sameAs":["https:\/\/memurunsesi.net"],"url":"https:\/\/memurunsesi.net\/index.php\/author\/uniper\/"}]}},"_links":{"self":[{"href":"https:\/\/memurunsesi.net\/index.php\/wp-json\/wp\/v2\/posts\/9621","targetHints":{"allow":["GET"]}}],"collection":[{"href":"https:\/\/memurunsesi.net\/index.php\/wp-json\/wp\/v2\/posts"}],"about":[{"href":"https:\/\/memurunsesi.net\/index.php\/wp-json\/wp\/v2\/types\/post"}],"author":[{"embeddable":true,"href":"https:\/\/memurunsesi.net\/index.php\/wp-json\/wp\/v2\/users\/1"}],"replies":[{"embeddable":true,"href":"https:\/\/memurunsesi.net\/index.php\/wp-json\/wp\/v2\/comments?post=9621"}],"version-history":[{"count":1,"href":"https:\/\/memurunsesi.net\/index.php\/wp-json\/wp\/v2\/posts\/9621\/revisions"}],"predecessor-version":[{"id":9623,"href":"https:\/\/memurunsesi.net\/index.php\/wp-json\/wp\/v2\/posts\/9621\/revisions\/9623"}],"wp:featuredmedia":[{"embeddable":true,"href":"https:\/\/memurunsesi.net\/index.php\/wp-json\/wp\/v2\/media\/9622"}],"wp:attachment":[{"href":"https:\/\/memurunsesi.net\/index.php\/wp-json\/wp\/v2\/media?parent=9621"}],"wp:term":[{"taxonomy":"category","embeddable":true,"href":"https:\/\/memurunsesi.net\/index.php\/wp-json\/wp\/v2\/categories?post=9621"},{"taxonomy":"post_tag","embeddable":true,"href":"https:\/\/memurunsesi.net\/index.php\/wp-json\/wp\/v2\/tags?post=9621"}],"curies":[{"name":"wp","href":"https:\/\/api.w.org\/{rel}","templated":true}]}}