{"id":9624,"date":"2025-07-25T14:25:03","date_gmt":"2025-07-25T11:25:03","guid":{"rendered":"https:\/\/memurunsesi.net\/?p=9624"},"modified":"2025-07-25T14:25:03","modified_gmt":"2025-07-25T11:25:03","slug":"izmirde-darp-edilen-seyyar-satici-zabitalardan-sikayetci-oldu","status":"publish","type":"post","link":"https:\/\/memurunsesi.net\/index.php\/2025\/07\/25\/izmirde-darp-edilen-seyyar-satici-zabitalardan-sikayetci-oldu\/","title":{"rendered":"\u0130zmir&#8217;de darp edilen seyyar sat\u0131c\u0131, zab\u0131talardan \u015fikayet\u00e7i oldu"},"content":{"rendered":"<p>   \u0130zmir&#8217;in Konak il\u00e7esinde darp edilen seyyar sat\u0131c\u0131 Serdar Koy\u011fun, B\u00fcy\u00fck\u015fehir Belediyesi zab\u0131ta ekiplerinden \u015fikayet\u00e7i oldu. Dava i\u00e7in \u00f6deyece\u011fi vekalet paras\u0131n\u0131n bile olmad\u0131\u011f\u0131n\u0131 s\u00f6yleyen Serdar Koy\u011fun, &#8220;Elimde, \u00fc\u00e7 g\u00fcnl\u00fck bozulmaya y\u00fcz tutmu\u015f domatesler kald\u0131. E\u011fer satabilirsem, kazand\u0131\u011f\u0131m parayla dava i\u00e7in gerekli olan bin 400 noter vekalet \u00fccretini \u00f6deyece\u011fim&#8221; dedi.<br \/>\n  Konak&#8217;a ba\u011fl\u0131 G\u00fczelyal\u0131 semtinde ge\u00e7ti\u011fimiz sal\u0131 g\u00fcn\u00fc B\u00fcy\u00fck\u015fehir Belediyesi zab\u0131ta ekipleri ile seyyar sat\u0131c\u0131 Serdar Koy\u011fun aras\u0131nda arbede ya\u015fand\u0131. Ekipler seyyar sat\u0131\u015f yapt\u0131\u011f\u0131 gerek\u00e7esiyle Koy\u011fun&#8217;un arac\u0131na el koymak istedi. Duruma tepki g\u00f6steren Koy\u011fun ile ekipler aras\u0131nda tart\u0131\u015fma \u00e7\u0131kt\u0131. K\u0131sa s\u00fcrede b\u00fcy\u00fcyen tart\u0131\u015fma, fiziki m\u00fcdahaleye d\u00f6n\u00fc\u015ft\u00fc. Zab\u0131ta g\u00f6revlileri Serdar Koy\u011fun&#8217;u yere yat\u0131rarak darp etti. \u00c7evredeki vatanda\u015flar zab\u0131ta ekiplerinin orant\u0131s\u0131z g\u00fc\u00e7 kullanmas\u0131 \u00fczerine duruma tepki g\u00f6sterdi. Baz\u0131 vatanda\u015flar zab\u0131talar\u0131n elinden esnaf\u0131 almaya \u00e7al\u0131\u015f\u0131rken, baz\u0131lar\u0131 ise ya\u015fananlar\u0131 kay\u0131t alt\u0131na ald\u0131. G\u00f6r\u00fcnt\u00fclerde, \u00e7ok say\u0131da zab\u0131ta g\u00f6revlisinin Koy\u011fun&#8217;un \u00fczerine \u00e7ulland\u0131\u011f\u0131, bir zab\u0131tan\u0131n seyyar sat\u0131c\u0131ya defalarca yumruk att\u0131\u011f\u0131 ve di\u011ferlerinin de yere yat\u0131rarak darbetti\u011fi anlar yer ald\u0131. G\u00f6r\u00fcnt\u00fclerde ayr\u0131ca, seyyar sat\u0131c\u0131 Koy\u011fun&#8217;u d\u00f6ven zab\u0131talardan birinin yak\u0131n mesafeden g\u00f6z\u00fcne biber gaz\u0131 s\u0131kt\u0131\u011f\u0131, arbedeyi ay\u0131rmak isteyen bir kad\u0131n\u0131n y\u00fcz\u00fcne darbe ald\u0131\u011f\u0131 ve olay yerinde fenala\u015ft\u0131\u011f\u0131 da g\u00f6r\u00fcld\u00fc. Ya\u015fananlar\u0131n ard\u0131ndan Serdar Koy\u011fun ile araya giren iki kad\u0131n, zab\u0131ta ekiplerinden \u015fikayet\u00e7i oldu.  <\/p>\n<p>  &#8220;Kulland\u0131klar\u0131 g\u00fc\u00e7 orant\u0131s\u0131zd\u0131&#8221;<br \/>\n Olay g\u00fcn\u00fcn\u00fc anlatan Serdar Koy\u011fun, &#8220;\u0130zmir B\u00fcy\u00fck\u015fehir Belediyesi zab\u0131tas\u0131 geldi. Yerde mal\u0131m vard\u0131, bir k\u0131sm\u0131 da arabamdayd\u0131. Zab\u0131taya, yerdeki mal\u0131m\u0131 almamalar\u0131n\u0131 s\u00f6yledim. &#8220;Bir ay \u00f6nce \u00e7ocu\u011fum oldu&#8221; dedim. &#8220;Allah raz\u0131 olsun&#8221; demelerini beklerken, biri bana &#8220;Bana ne senin \u00e7ocu\u011fundan&#8221; dedi. Bu s\u00f6z kar\u015f\u0131s\u0131nda, &#8220;Nas\u0131l konu\u015fuyorsun sen?&#8221; dedim. Ard\u0131ndan bana k\u00fcf\u00fcr etti. Ben de sinirlendim, ancak hi\u00e7bir \u015fey yapmadan tokat yedim. Tokad\u0131 yedikten sonra 10 ki\u015fi birden \u00fczerime sald\u0131rd\u0131. Tek ba\u015f\u0131mayd\u0131m, zaten her \u015fey g\u00f6r\u00fcnt\u00fclerde kay\u0131tl\u0131. O s\u0131rada orada bulunan iki ablam da olaylara \u015fahit oldu. Biri ast\u0131m hastas\u0131yd\u0131 ve biber gaz\u0131ndan etkilendi\u011fi i\u00e7in hastaneye kald\u0131r\u0131ld\u0131. Dokuz y\u0131ld\u0131r ast\u0131m hastas\u0131 olan ablamdan h\u00e2l\u00e2 haber alam\u0131yorum. Herkesin g\u00f6z\u00fc \u00f6n\u00fcnde ya\u015fand\u0131 bu olay. O iki ablam \u015fikayet\u00e7i oldu, ayn\u0131 zamanda tan\u0131kl\u0131k da yapt\u0131lar. Ben sadece ekme\u011fimin pe\u015findeyim. Zab\u0131ta g\u00f6revini yapmak istiyor olabilir ama kulland\u0131klar\u0131 g\u00fc\u00e7 orant\u0131s\u0131zd\u0131. O anlar\u0131 tekrar hat\u0131rlamak istemiyorum. 6-7 dakika boyunca yerde s\u00fcr\u00fcklendim, tekmelendim, yumrukland\u0131m. \u0130nsan d\u00fc\u015f\u00fcnmeden edemiyor: Sonras\u0131 ne olacakt\u0131? Beni \u00f6ld\u00fcrecekler miydi? Belki de \u00f6ld\u00fcreceklerdi&#8221; ifadelerini kulland\u0131. <\/p>\n<p>  &#8220;\u015eu an cebimde be\u015f kuru\u015f bile yok&#8221;<br \/>\n   Belediye taraf\u0131ndan el konulan mallar\u0131n\u0131 almak i\u00e7in B\u00fcy\u00fck\u015fehir Belediyesi Zab\u0131ta Dairesi Ba\u015fkanl\u0131\u011f\u0131&#8217;na gitti\u011fini belirten Koy\u011fun s\u00f6zlerini \u015fu \u015fekilde noktalad\u0131:<br \/>\n  &#8220;Amirleriyle g\u00f6r\u00fc\u015fmek istedim mallar\u0131m\u0131 alabilmek i\u00e7in ama vermediler. Elimde, \u00fc\u00e7 g\u00fcnl\u00fck bozulmaya y\u00fcz tutmu\u015f domatesler kald\u0131. \u0130\u00e7lerinden sa\u011flam olanlar\u0131 ay\u0131klay\u0131p Cuma namaz\u0131 \u00e7\u0131k\u0131\u015f\u0131nda satmay\u0131 planl\u0131yorum. E\u011fer satabilirsem, kazand\u0131\u011f\u0131m parayla dava i\u00e7in gerekli olan bin 400 TL noter vekalet \u00fccretini \u00f6deyece\u011fim. \u015eu an cebimde be\u015f kuru\u015f bile yok. Ayr\u0131ca bana yard\u0131m eden o iki ablam\u0131n sa\u011fl\u0131\u011f\u0131 i\u00e7in \u00fcz\u00fcl\u00fcyorum. Onlara ula\u015fam\u0131yorum, karakoldan da bilgi vermiyorlar. O iki ki\u015fi benim can\u0131m ci\u011ferim. Herkes tan\u0131r beni G\u00fczelyal\u0131&#8217;da. Esnaf\u0131m, seyyar sat\u0131c\u0131y\u0131m, ge\u00e7im derdindeyim. Bir ayl\u0131k k\u0131z\u0131m var. Ajitasyon yapmak istemiyorum ama ya\u015fad\u0131klar\u0131m \u00e7ok a\u011f\u0131r.&#8221; <\/p>\n<p>  A\u00e7\u0131\u011fa al\u0131nd\u0131lar<br \/>\n  \u0130zmir B\u00fcy\u00fck\u015fehir Belediyesi&#8217;nce yap\u0131lan a\u00e7\u0131klamada, olaya kar\u0131\u015fan zab\u0131ta personelinin g\u00f6rev s\u0131n\u0131rlar\u0131n\u0131 a\u015ft\u0131\u011f\u0131 tespit edilerek haklar\u0131nda idari soru\u015fturma ba\u015flat\u0131ld\u0131\u011f\u0131 ve a\u00e7\u0131\u011fa al\u0131nd\u0131klar\u0131 bildirildi. A\u00e7\u0131klamada, \u015fu ifadelere yer verildi:<br \/>\n  &#8220;Belediyemizin zab\u0131ta personelinin Konak il\u00e7esi s\u0131n\u0131rlar\u0131nda, b\u00f6lgedeki seyyar sat\u0131c\u0131l\u0131k faaliyetlerine y\u00f6nelik uygulamalar\u0131 s\u0131ras\u0131nda kar\u015f\u0131la\u015ft\u0131klar\u0131 mukavemet neticesinde ortaya \u00e7\u0131kan olumsuz g\u00f6r\u00fcnt\u00fclerden b\u00fcy\u00fck \u00fcz\u00fcnt\u00fc duymaktay\u0131z. Zab\u0131ta personelimizin yasal g\u00f6rev ve yetkileri \u00e7er\u00e7evesinde kamu d\u00fczenini ve \u015fehir esteti\u011fini koruma sorumlulu\u011funu yerine getirirken kendilerini hangi s\u0131n\u0131rlar i\u00e7inde m\u00fcdafaa edecekleri de mevzuat \u00e7er\u00e7evesinde tan\u0131mlanm\u0131\u015ft\u0131r. S\u00f6z konusu olaya ili\u015fkin g\u00f6r\u00fcnt\u00fclerden anla\u015f\u0131lmaktad\u0131r ki personelimiz, taraf\u0131m\u0131zca tasvip edilmeyen ve kurumumuzun etik anlay\u0131\u015f\u0131yla uyu\u015fmayacak bir \u015fekilde g\u00f6rev s\u0131n\u0131rlar\u0131n\u0131 a\u015fan fiziksel m\u00fcdahalede bulunmu\u015ftur. Bu do\u011frultuda derhal idari soru\u015fturma ba\u015flat\u0131lm\u0131\u015f ve olayla ili\u015fkili zab\u0131ta memurlar\u0131m\u0131z a\u00e7\u0131\u011fa al\u0131narak zorunlu izne \u00e7\u0131kart\u0131lm\u0131\u015ft\u0131r. Soru\u015fturman\u0131n tamamlanmas\u0131n\u0131n ard\u0131ndan disiplin s\u00fcre\u00e7leri titizlikle i\u015fletilecektir. \u0130zmir B\u00fcy\u00fck\u015fehir Belediyesi olarak \u00e7al\u0131\u015fanlar\u0131m\u0131z\u0131n g\u00f6revlerini hukuk devleti ilkeleri, insan haklar\u0131na sayg\u0131 ve vatanda\u015f odakl\u0131 hizmet anlay\u0131\u015f\u0131yla y\u00fcr\u00fctmesi temel prensibimizdir.&#8221; <\/p>\n<p>25.07.2025                           <\/p>\n","protected":false},"excerpt":{"rendered":"<p>\u0130zmir&#8217;in Konak il\u00e7esinde darp edilen seyyar sat\u0131c\u0131 Serdar Koy\u011fun, B\u00fcy\u00fck\u015fehir Belediyesi zab\u0131ta ekiplerinden \u015fikayet\u00e7i oldu. Dava i\u00e7in \u00f6deyece\u011fi vekalet paras\u0131n\u0131n bile olmad\u0131\u011f\u0131n\u0131 s\u00f6yleyen Serdar Koy\u011fun, &#8220;Elimde, \u00fc\u00e7 g\u00fcnl\u00fck bozulmaya y\u00fcz tutmu\u015f domatesler kald\u0131. E\u011fer satabilirsem, kazand\u0131\u011f\u0131m parayla dava i\u00e7in gerekli olan bin 400 noter vekalet \u00fccretini \u00f6deyece\u011fim&#8221; dedi. Konak&#8217;a ba\u011fl\u0131 G\u00fczelyal\u0131 semtinde ge\u00e7ti\u011fimiz sal\u0131 g\u00fcn\u00fc [&hellip;]<\/p>\n","protected":false},"author":1,"featured_media":9625,"comment_status":"open","ping_status":"open","sticky":false,"template":"","format":"standard","meta":{"footnotes":""},"categories":[50],"tags":[],"class_list":["post-9624","post","type-post","status-publish","format-standard","has-post-thumbnail","hentry","category-tum-haberler"],"yoast_head":"<!-- This site is optimized with the Yoast SEO plugin v27.4 - https:\/\/yoast.com\/product\/yoast-seo-wordpress\/ -->\n<title>\u0130zmir&#039;de darp edilen seyyar sat\u0131c\u0131, zab\u0131talardan \u015fikayet\u00e7i oldu - Memurun Sesi<\/title>\n<meta name=\"robots\" content=\"index, follow, max-snippet:-1, max-image-preview:large, max-video-preview:-1\" \/>\n<link rel=\"canonical\" href=\"https:\/\/memurunsesi.net\/index.php\/2025\/07\/25\/izmirde-darp-edilen-seyyar-satici-zabitalardan-sikayetci-oldu\/\" \/>\n<meta property=\"og:locale\" content=\"tr_TR\" \/>\n<meta property=\"og:type\" content=\"article\" \/>\n<meta property=\"og:title\" content=\"\u0130zmir&#039;de darp edilen seyyar sat\u0131c\u0131, zab\u0131talardan \u015fikayet\u00e7i oldu - Memurun Sesi\" \/>\n<meta property=\"og:description\" content=\"\u0130zmir&#8217;in Konak il\u00e7esinde darp edilen seyyar sat\u0131c\u0131 Serdar Koy\u011fun, B\u00fcy\u00fck\u015fehir Belediyesi zab\u0131ta ekiplerinden \u015fikayet\u00e7i oldu. Dava i\u00e7in \u00f6deyece\u011fi vekalet paras\u0131n\u0131n bile olmad\u0131\u011f\u0131n\u0131 s\u00f6yleyen Serdar Koy\u011fun, &#8220;Elimde, \u00fc\u00e7 g\u00fcnl\u00fck bozulmaya y\u00fcz tutmu\u015f domatesler kald\u0131. E\u011fer satabilirsem, kazand\u0131\u011f\u0131m parayla dava i\u00e7in gerekli olan bin 400 noter vekalet \u00fccretini \u00f6deyece\u011fim&#8221; dedi. Konak&#8217;a ba\u011fl\u0131 G\u00fczelyal\u0131 semtinde ge\u00e7ti\u011fimiz sal\u0131 g\u00fcn\u00fc [&hellip;]\" \/>\n<meta property=\"og:url\" content=\"https:\/\/memurunsesi.net\/index.php\/2025\/07\/25\/izmirde-darp-edilen-seyyar-satici-zabitalardan-sikayetci-oldu\/\" \/>\n<meta property=\"og:site_name\" content=\"Memurun Sesi\" \/>\n<meta property=\"article:publisher\" content=\"https:\/\/www.facebook.com\/unipersen\/?locale=tr_TR\" \/>\n<meta property=\"article:published_time\" content=\"2025-07-25T11:25:03+00:00\" \/>\n<meta property=\"og:image\" content=\"https:\/\/memurunsesi.net\/wp-content\/uploads\/2025\/07\/AW504018_01.jpg\" \/>\n\t<meta property=\"og:image:width\" content=\"2400\" \/>\n\t<meta property=\"og:image:height\" content=\"1350\" \/>\n\t<meta property=\"og:image:type\" content=\"image\/jpeg\" \/>\n<meta name=\"author\" content=\"Memurun Sesi Haber Merkezi\" \/>\n<meta name=\"twitter:card\" content=\"summary_large_image\" \/>\n<meta name=\"twitter:creator\" content=\"@unipersen\" \/>\n<meta name=\"twitter:site\" content=\"@unipersen\" \/>\n<meta name=\"twitter:label1\" content=\"Yazan:\" \/>\n\t<meta name=\"twitter:data1\" content=\"Memurun Sesi Haber Merkezi\" \/>\n\t<meta name=\"twitter:label2\" content=\"Tahmini okuma s\u00fcresi\" \/>\n\t<meta name=\"twitter:data2\" content=\"1 dakika\" \/>\n<script type=\"application\/ld+json\" class=\"yoast-schema-graph\">{\"@context\":\"https:\\\/\\\/schema.org\",\"@graph\":[{\"@type\":\"Article\",\"@id\":\"https:\\\/\\\/memurunsesi.net\\\/index.php\\\/2025\\\/07\\\/25\\\/izmirde-darp-edilen-seyyar-satici-zabitalardan-sikayetci-oldu\\\/#article\",\"isPartOf\":{\"@id\":\"https:\\\/\\\/memurunsesi.net\\\/index.php\\\/2025\\\/07\\\/25\\\/izmirde-darp-edilen-seyyar-satici-zabitalardan-sikayetci-oldu\\\/\"},\"author\":{\"name\":\"Memurun Sesi Haber Merkezi\",\"@id\":\"https:\\\/\\\/memurunsesi.net\\\/#\\\/schema\\\/person\\\/f21c2d73b89f6ee1d80b0a1803e38587\"},\"headline\":\"\u0130zmir&#8217;de darp edilen seyyar sat\u0131c\u0131, zab\u0131talardan \u015fikayet\u00e7i oldu\",\"datePublished\":\"2025-07-25T11:25:03+00:00\",\"mainEntityOfPage\":{\"@id\":\"https:\\\/\\\/memurunsesi.net\\\/index.php\\\/2025\\\/07\\\/25\\\/izmirde-darp-edilen-seyyar-satici-zabitalardan-sikayetci-oldu\\\/\"},\"wordCount\":968,\"commentCount\":0,\"publisher\":{\"@id\":\"https:\\\/\\\/memurunsesi.net\\\/#organization\"},\"image\":{\"@id\":\"https:\\\/\\\/memurunsesi.net\\\/index.php\\\/2025\\\/07\\\/25\\\/izmirde-darp-edilen-seyyar-satici-zabitalardan-sikayetci-oldu\\\/#primaryimage\"},\"thumbnailUrl\":\"https:\\\/\\\/memurunsesi.net\\\/wp-content\\\/uploads\\\/2025\\\/07\\\/AW504018_01.jpg\",\"articleSection\":[\"T\u00fcm Haberler\"],\"inLanguage\":\"tr\",\"potentialAction\":[{\"@type\":\"CommentAction\",\"name\":\"Comment\",\"target\":[\"https:\\\/\\\/memurunsesi.net\\\/index.php\\\/2025\\\/07\\\/25\\\/izmirde-darp-edilen-seyyar-satici-zabitalardan-sikayetci-oldu\\\/#respond\"]}]},{\"@type\":\"WebPage\",\"@id\":\"https:\\\/\\\/memurunsesi.net\\\/index.php\\\/2025\\\/07\\\/25\\\/izmirde-darp-edilen-seyyar-satici-zabitalardan-sikayetci-oldu\\\/\",\"url\":\"https:\\\/\\\/memurunsesi.net\\\/index.php\\\/2025\\\/07\\\/25\\\/izmirde-darp-edilen-seyyar-satici-zabitalardan-sikayetci-oldu\\\/\",\"name\":\"\u0130zmir'de darp edilen seyyar sat\u0131c\u0131, zab\u0131talardan \u015fikayet\u00e7i oldu - Memurun Sesi\",\"isPartOf\":{\"@id\":\"https:\\\/\\\/memurunsesi.net\\\/#website\"},\"primaryImageOfPage\":{\"@id\":\"https:\\\/\\\/memurunsesi.net\\\/index.php\\\/2025\\\/07\\\/25\\\/izmirde-darp-edilen-seyyar-satici-zabitalardan-sikayetci-oldu\\\/#primaryimage\"},\"image\":{\"@id\":\"https:\\\/\\\/memurunsesi.net\\\/index.php\\\/2025\\\/07\\\/25\\\/izmirde-darp-edilen-seyyar-satici-zabitalardan-sikayetci-oldu\\\/#primaryimage\"},\"thumbnailUrl\":\"https:\\\/\\\/memurunsesi.net\\\/wp-content\\\/uploads\\\/2025\\\/07\\\/AW504018_01.jpg\",\"datePublished\":\"2025-07-25T11:25:03+00:00\",\"breadcrumb\":{\"@id\":\"https:\\\/\\\/memurunsesi.net\\\/index.php\\\/2025\\\/07\\\/25\\\/izmirde-darp-edilen-seyyar-satici-zabitalardan-sikayetci-oldu\\\/#breadcrumb\"},\"inLanguage\":\"tr\",\"potentialAction\":[{\"@type\":\"ReadAction\",\"target\":[\"https:\\\/\\\/memurunsesi.net\\\/index.php\\\/2025\\\/07\\\/25\\\/izmirde-darp-edilen-seyyar-satici-zabitalardan-sikayetci-oldu\\\/\"]}]},{\"@type\":\"ImageObject\",\"inLanguage\":\"tr\",\"@id\":\"https:\\\/\\\/memurunsesi.net\\\/index.php\\\/2025\\\/07\\\/25\\\/izmirde-darp-edilen-seyyar-satici-zabitalardan-sikayetci-oldu\\\/#primaryimage\",\"url\":\"https:\\\/\\\/memurunsesi.net\\\/wp-content\\\/uploads\\\/2025\\\/07\\\/AW504018_01.jpg\",\"contentUrl\":\"https:\\\/\\\/memurunsesi.net\\\/wp-content\\\/uploads\\\/2025\\\/07\\\/AW504018_01.jpg\",\"width\":2400,\"height\":1350,\"caption\":\"T\u00dc\u0130K, SAMSUN'DA KONUT SATI\u015eLARININ GE\u00c7EN SENEN\u0130N AYNI AYINA G\u00d6RE 2 KATINA \u00c7IKTI\u011eINI A\u00c7IKLADI. BA\u015eKAN MEVL\u00dcT ORAL, EMLAK P\u0130YASASINDA B\u0130R HAREKETL\u0130L\u0130K OLDU\u011eUNU BU HAREKETL\u0130L\u0130\u011e\u0130N DAHA \u00c7OK ESK\u0130 VE 1+1 D\u0130YE TAB\u0130R ED\u0130LEN DA\u0130RELERDE OLDU\u011eUNU \u0130FADE ETT\u0130. AYRICA K\u0130RALIK DA\u0130RELERDE DE KENAR MAHALLELERDEK\u0130 VEYA ESK\u0130 DA\u0130RELER\u0130N REVA\u00c7TA OLDU\u011eUNU D\u0130LE GET\u0130REN ORAL, 5 M\u0130LYON TL'YE MAL ED\u0130LEN 3+1 DA\u0130REN\u0130N ORTALAMA F\u0130YATININ DA 6-6,5 M\u0130LYON TL OLDU\u011eUNDAN PEK REVA\u00c7TA OLMADI\u011eINI \u0130FADE ETT\u0130. (ERD\u0130 DEM\u0130R\\\/SAMSUN-\u0130HA) Samsun Emlak\u00e7\u0131lar Odas\u0131 Ba\u015fkan\u0131 Mevl\u00fct Oral, kentte en \u00e7ok 2-4 milyon TL aras\u0131ndaki dairelerin sat\u0131ld\u0131\u011f\u0131n\u0131, kiral\u0131k konutlarda ise 8-10 bin TL'lik evlerin talep g\u00f6rd\u00fc\u011f\u00fcn\u00fc ancak ortalama bir evin kira bedelinin 20-25 bin TL oldu\u011funu s\u00f6yledi.\"},{\"@type\":\"BreadcrumbList\",\"@id\":\"https:\\\/\\\/memurunsesi.net\\\/index.php\\\/2025\\\/07\\\/25\\\/izmirde-darp-edilen-seyyar-satici-zabitalardan-sikayetci-oldu\\\/#breadcrumb\",\"itemListElement\":[{\"@type\":\"ListItem\",\"position\":1,\"name\":\"Anasayfa\",\"item\":\"https:\\\/\\\/memurunsesi.net\\\/\"},{\"@type\":\"ListItem\",\"position\":2,\"name\":\"\u0130zmir&#8217;de darp edilen seyyar sat\u0131c\u0131, zab\u0131talardan \u015fikayet\u00e7i oldu\"}]},{\"@type\":\"WebSite\",\"@id\":\"https:\\\/\\\/memurunsesi.net\\\/#website\",\"url\":\"https:\\\/\\\/memurunsesi.net\\\/\",\"name\":\"Memurun Sesi\",\"description\":\"G\u00fcncel ve Do\u011fru Haber\",\"publisher\":{\"@id\":\"https:\\\/\\\/memurunsesi.net\\\/#organization\"},\"potentialAction\":[{\"@type\":\"SearchAction\",\"target\":{\"@type\":\"EntryPoint\",\"urlTemplate\":\"https:\\\/\\\/memurunsesi.net\\\/?s={search_term_string}\"},\"query-input\":{\"@type\":\"PropertyValueSpecification\",\"valueRequired\":true,\"valueName\":\"search_term_string\"}}],\"inLanguage\":\"tr\"},{\"@type\":\"Organization\",\"@id\":\"https:\\\/\\\/memurunsesi.net\\\/#organization\",\"name\":\"Memurun Sesi\",\"url\":\"https:\\\/\\\/memurunsesi.net\\\/\",\"logo\":{\"@type\":\"ImageObject\",\"inLanguage\":\"tr\",\"@id\":\"https:\\\/\\\/memurunsesi.net\\\/#\\\/schema\\\/logo\\\/image\\\/\",\"url\":\"https:\\\/\\\/memurunsesi.net\\\/wp-content\\\/uploads\\\/2025\\\/11\\\/cropped-MEMURUN-SESI.png\",\"contentUrl\":\"https:\\\/\\\/memurunsesi.net\\\/wp-content\\\/uploads\\\/2025\\\/11\\\/cropped-MEMURUN-SESI.png\",\"width\":238,\"height\":57,\"caption\":\"Memurun Sesi\"},\"image\":{\"@id\":\"https:\\\/\\\/memurunsesi.net\\\/#\\\/schema\\\/logo\\\/image\\\/\"},\"sameAs\":[\"https:\\\/\\\/www.facebook.com\\\/unipersen\\\/?locale=tr_TR\",\"https:\\\/\\\/x.com\\\/unipersen\"]},{\"@type\":\"Person\",\"@id\":\"https:\\\/\\\/memurunsesi.net\\\/#\\\/schema\\\/person\\\/f21c2d73b89f6ee1d80b0a1803e38587\",\"name\":\"Memurun Sesi Haber Merkezi\",\"image\":{\"@type\":\"ImageObject\",\"inLanguage\":\"tr\",\"@id\":\"https:\\\/\\\/secure.gravatar.com\\\/avatar\\\/6cf0505f452ee753f485014986fab09a434671d2b919ee76fc541025c5876a70?s=96&d=mm&r=g\",\"url\":\"https:\\\/\\\/secure.gravatar.com\\\/avatar\\\/6cf0505f452ee753f485014986fab09a434671d2b919ee76fc541025c5876a70?s=96&d=mm&r=g\",\"contentUrl\":\"https:\\\/\\\/secure.gravatar.com\\\/avatar\\\/6cf0505f452ee753f485014986fab09a434671d2b919ee76fc541025c5876a70?s=96&d=mm&r=g\",\"caption\":\"Memurun Sesi Haber Merkezi\"},\"sameAs\":[\"https:\\\/\\\/memurunsesi.net\"],\"url\":\"https:\\\/\\\/memurunsesi.net\\\/index.php\\\/author\\\/uniper\\\/\"}]}<\/script>\n<!-- \/ Yoast SEO plugin. -->","yoast_head_json":{"title":"\u0130zmir'de darp edilen seyyar sat\u0131c\u0131, zab\u0131talardan \u015fikayet\u00e7i oldu - Memurun Sesi","robots":{"index":"index","follow":"follow","max-snippet":"max-snippet:-1","max-image-preview":"max-image-preview:large","max-video-preview":"max-video-preview:-1"},"canonical":"https:\/\/memurunsesi.net\/index.php\/2025\/07\/25\/izmirde-darp-edilen-seyyar-satici-zabitalardan-sikayetci-oldu\/","og_locale":"tr_TR","og_type":"article","og_title":"\u0130zmir'de darp edilen seyyar sat\u0131c\u0131, zab\u0131talardan \u015fikayet\u00e7i oldu - Memurun Sesi","og_description":"\u0130zmir&#8217;in Konak il\u00e7esinde darp edilen seyyar sat\u0131c\u0131 Serdar Koy\u011fun, B\u00fcy\u00fck\u015fehir Belediyesi zab\u0131ta ekiplerinden \u015fikayet\u00e7i oldu. Dava i\u00e7in \u00f6deyece\u011fi vekalet paras\u0131n\u0131n bile olmad\u0131\u011f\u0131n\u0131 s\u00f6yleyen Serdar Koy\u011fun, &#8220;Elimde, \u00fc\u00e7 g\u00fcnl\u00fck bozulmaya y\u00fcz tutmu\u015f domatesler kald\u0131. E\u011fer satabilirsem, kazand\u0131\u011f\u0131m parayla dava i\u00e7in gerekli olan bin 400 noter vekalet \u00fccretini \u00f6deyece\u011fim&#8221; dedi. Konak&#8217;a ba\u011fl\u0131 G\u00fczelyal\u0131 semtinde ge\u00e7ti\u011fimiz sal\u0131 g\u00fcn\u00fc [&hellip;]","og_url":"https:\/\/memurunsesi.net\/index.php\/2025\/07\/25\/izmirde-darp-edilen-seyyar-satici-zabitalardan-sikayetci-oldu\/","og_site_name":"Memurun Sesi","article_publisher":"https:\/\/www.facebook.com\/unipersen\/?locale=tr_TR","article_published_time":"2025-07-25T11:25:03+00:00","og_image":[{"width":2400,"height":1350,"url":"https:\/\/memurunsesi.net\/wp-content\/uploads\/2025\/07\/AW504018_01.jpg","type":"image\/jpeg"}],"author":"Memurun Sesi Haber Merkezi","twitter_card":"summary_large_image","twitter_creator":"@unipersen","twitter_site":"@unipersen","twitter_misc":{"Yazan:":"Memurun Sesi Haber Merkezi","Tahmini okuma s\u00fcresi":"1 dakika"},"schema":{"@context":"https:\/\/schema.org","@graph":[{"@type":"Article","@id":"https:\/\/memurunsesi.net\/index.php\/2025\/07\/25\/izmirde-darp-edilen-seyyar-satici-zabitalardan-sikayetci-oldu\/#article","isPartOf":{"@id":"https:\/\/memurunsesi.net\/index.php\/2025\/07\/25\/izmirde-darp-edilen-seyyar-satici-zabitalardan-sikayetci-oldu\/"},"author":{"name":"Memurun Sesi Haber Merkezi","@id":"https:\/\/memurunsesi.net\/#\/schema\/person\/f21c2d73b89f6ee1d80b0a1803e38587"},"headline":"\u0130zmir&#8217;de darp edilen seyyar sat\u0131c\u0131, zab\u0131talardan \u015fikayet\u00e7i oldu","datePublished":"2025-07-25T11:25:03+00:00","mainEntityOfPage":{"@id":"https:\/\/memurunsesi.net\/index.php\/2025\/07\/25\/izmirde-darp-edilen-seyyar-satici-zabitalardan-sikayetci-oldu\/"},"wordCount":968,"commentCount":0,"publisher":{"@id":"https:\/\/memurunsesi.net\/#organization"},"image":{"@id":"https:\/\/memurunsesi.net\/index.php\/2025\/07\/25\/izmirde-darp-edilen-seyyar-satici-zabitalardan-sikayetci-oldu\/#primaryimage"},"thumbnailUrl":"https:\/\/memurunsesi.net\/wp-content\/uploads\/2025\/07\/AW504018_01.jpg","articleSection":["T\u00fcm Haberler"],"inLanguage":"tr","potentialAction":[{"@type":"CommentAction","name":"Comment","target":["https:\/\/memurunsesi.net\/index.php\/2025\/07\/25\/izmirde-darp-edilen-seyyar-satici-zabitalardan-sikayetci-oldu\/#respond"]}]},{"@type":"WebPage","@id":"https:\/\/memurunsesi.net\/index.php\/2025\/07\/25\/izmirde-darp-edilen-seyyar-satici-zabitalardan-sikayetci-oldu\/","url":"https:\/\/memurunsesi.net\/index.php\/2025\/07\/25\/izmirde-darp-edilen-seyyar-satici-zabitalardan-sikayetci-oldu\/","name":"\u0130zmir'de darp edilen seyyar sat\u0131c\u0131, zab\u0131talardan \u015fikayet\u00e7i oldu - Memurun Sesi","isPartOf":{"@id":"https:\/\/memurunsesi.net\/#website"},"primaryImageOfPage":{"@id":"https:\/\/memurunsesi.net\/index.php\/2025\/07\/25\/izmirde-darp-edilen-seyyar-satici-zabitalardan-sikayetci-oldu\/#primaryimage"},"image":{"@id":"https:\/\/memurunsesi.net\/index.php\/2025\/07\/25\/izmirde-darp-edilen-seyyar-satici-zabitalardan-sikayetci-oldu\/#primaryimage"},"thumbnailUrl":"https:\/\/memurunsesi.net\/wp-content\/uploads\/2025\/07\/AW504018_01.jpg","datePublished":"2025-07-25T11:25:03+00:00","breadcrumb":{"@id":"https:\/\/memurunsesi.net\/index.php\/2025\/07\/25\/izmirde-darp-edilen-seyyar-satici-zabitalardan-sikayetci-oldu\/#breadcrumb"},"inLanguage":"tr","potentialAction":[{"@type":"ReadAction","target":["https:\/\/memurunsesi.net\/index.php\/2025\/07\/25\/izmirde-darp-edilen-seyyar-satici-zabitalardan-sikayetci-oldu\/"]}]},{"@type":"ImageObject","inLanguage":"tr","@id":"https:\/\/memurunsesi.net\/index.php\/2025\/07\/25\/izmirde-darp-edilen-seyyar-satici-zabitalardan-sikayetci-oldu\/#primaryimage","url":"https:\/\/memurunsesi.net\/wp-content\/uploads\/2025\/07\/AW504018_01.jpg","contentUrl":"https:\/\/memurunsesi.net\/wp-content\/uploads\/2025\/07\/AW504018_01.jpg","width":2400,"height":1350,"caption":"T\u00dc\u0130K, SAMSUN'DA KONUT SATI\u015eLARININ GE\u00c7EN SENEN\u0130N AYNI AYINA G\u00d6RE 2 KATINA \u00c7IKTI\u011eINI A\u00c7IKLADI. BA\u015eKAN MEVL\u00dcT ORAL, EMLAK P\u0130YASASINDA B\u0130R HAREKETL\u0130L\u0130K OLDU\u011eUNU BU HAREKETL\u0130L\u0130\u011e\u0130N DAHA \u00c7OK ESK\u0130 VE 1+1 D\u0130YE TAB\u0130R ED\u0130LEN DA\u0130RELERDE OLDU\u011eUNU \u0130FADE ETT\u0130. AYRICA K\u0130RALIK DA\u0130RELERDE DE KENAR MAHALLELERDEK\u0130 VEYA ESK\u0130 DA\u0130RELER\u0130N REVA\u00c7TA OLDU\u011eUNU D\u0130LE GET\u0130REN ORAL, 5 M\u0130LYON TL'YE MAL ED\u0130LEN 3+1 DA\u0130REN\u0130N ORTALAMA F\u0130YATININ DA 6-6,5 M\u0130LYON TL OLDU\u011eUNDAN PEK REVA\u00c7TA OLMADI\u011eINI \u0130FADE ETT\u0130. (ERD\u0130 DEM\u0130R\/SAMSUN-\u0130HA) Samsun Emlak\u00e7\u0131lar Odas\u0131 Ba\u015fkan\u0131 Mevl\u00fct Oral, kentte en \u00e7ok 2-4 milyon TL aras\u0131ndaki dairelerin sat\u0131ld\u0131\u011f\u0131n\u0131, kiral\u0131k konutlarda ise 8-10 bin TL'lik evlerin talep g\u00f6rd\u00fc\u011f\u00fcn\u00fc ancak ortalama bir evin kira bedelinin 20-25 bin TL oldu\u011funu s\u00f6yledi."},{"@type":"BreadcrumbList","@id":"https:\/\/memurunsesi.net\/index.php\/2025\/07\/25\/izmirde-darp-edilen-seyyar-satici-zabitalardan-sikayetci-oldu\/#breadcrumb","itemListElement":[{"@type":"ListItem","position":1,"name":"Anasayfa","item":"https:\/\/memurunsesi.net\/"},{"@type":"ListItem","position":2,"name":"\u0130zmir&#8217;de darp edilen seyyar sat\u0131c\u0131, zab\u0131talardan \u015fikayet\u00e7i oldu"}]},{"@type":"WebSite","@id":"https:\/\/memurunsesi.net\/#website","url":"https:\/\/memurunsesi.net\/","name":"Memurun Sesi","description":"G\u00fcncel ve Do\u011fru Haber","publisher":{"@id":"https:\/\/memurunsesi.net\/#organization"},"potentialAction":[{"@type":"SearchAction","target":{"@type":"EntryPoint","urlTemplate":"https:\/\/memurunsesi.net\/?s={search_term_string}"},"query-input":{"@type":"PropertyValueSpecification","valueRequired":true,"valueName":"search_term_string"}}],"inLanguage":"tr"},{"@type":"Organization","@id":"https:\/\/memurunsesi.net\/#organization","name":"Memurun Sesi","url":"https:\/\/memurunsesi.net\/","logo":{"@type":"ImageObject","inLanguage":"tr","@id":"https:\/\/memurunsesi.net\/#\/schema\/logo\/image\/","url":"https:\/\/memurunsesi.net\/wp-content\/uploads\/2025\/11\/cropped-MEMURUN-SESI.png","contentUrl":"https:\/\/memurunsesi.net\/wp-content\/uploads\/2025\/11\/cropped-MEMURUN-SESI.png","width":238,"height":57,"caption":"Memurun Sesi"},"image":{"@id":"https:\/\/memurunsesi.net\/#\/schema\/logo\/image\/"},"sameAs":["https:\/\/www.facebook.com\/unipersen\/?locale=tr_TR","https:\/\/x.com\/unipersen"]},{"@type":"Person","@id":"https:\/\/memurunsesi.net\/#\/schema\/person\/f21c2d73b89f6ee1d80b0a1803e38587","name":"Memurun Sesi Haber Merkezi","image":{"@type":"ImageObject","inLanguage":"tr","@id":"https:\/\/secure.gravatar.com\/avatar\/6cf0505f452ee753f485014986fab09a434671d2b919ee76fc541025c5876a70?s=96&d=mm&r=g","url":"https:\/\/secure.gravatar.com\/avatar\/6cf0505f452ee753f485014986fab09a434671d2b919ee76fc541025c5876a70?s=96&d=mm&r=g","contentUrl":"https:\/\/secure.gravatar.com\/avatar\/6cf0505f452ee753f485014986fab09a434671d2b919ee76fc541025c5876a70?s=96&d=mm&r=g","caption":"Memurun Sesi Haber Merkezi"},"sameAs":["https:\/\/memurunsesi.net"],"url":"https:\/\/memurunsesi.net\/index.php\/author\/uniper\/"}]}},"_links":{"self":[{"href":"https:\/\/memurunsesi.net\/index.php\/wp-json\/wp\/v2\/posts\/9624","targetHints":{"allow":["GET"]}}],"collection":[{"href":"https:\/\/memurunsesi.net\/index.php\/wp-json\/wp\/v2\/posts"}],"about":[{"href":"https:\/\/memurunsesi.net\/index.php\/wp-json\/wp\/v2\/types\/post"}],"author":[{"embeddable":true,"href":"https:\/\/memurunsesi.net\/index.php\/wp-json\/wp\/v2\/users\/1"}],"replies":[{"embeddable":true,"href":"https:\/\/memurunsesi.net\/index.php\/wp-json\/wp\/v2\/comments?post=9624"}],"version-history":[{"count":1,"href":"https:\/\/memurunsesi.net\/index.php\/wp-json\/wp\/v2\/posts\/9624\/revisions"}],"predecessor-version":[{"id":9626,"href":"https:\/\/memurunsesi.net\/index.php\/wp-json\/wp\/v2\/posts\/9624\/revisions\/9626"}],"wp:featuredmedia":[{"embeddable":true,"href":"https:\/\/memurunsesi.net\/index.php\/wp-json\/wp\/v2\/media\/9625"}],"wp:attachment":[{"href":"https:\/\/memurunsesi.net\/index.php\/wp-json\/wp\/v2\/media?parent=9624"}],"wp:term":[{"taxonomy":"category","embeddable":true,"href":"https:\/\/memurunsesi.net\/index.php\/wp-json\/wp\/v2\/categories?post=9624"},{"taxonomy":"post_tag","embeddable":true,"href":"https:\/\/memurunsesi.net\/index.php\/wp-json\/wp\/v2\/tags?post=9624"}],"curies":[{"name":"wp","href":"https:\/\/api.w.org\/{rel}","templated":true}]}}