{"id":9633,"date":"2025-07-26T07:59:20","date_gmt":"2025-07-26T04:59:20","guid":{"rendered":"https:\/\/memurunsesi.net\/?p=9633"},"modified":"2025-07-26T07:59:20","modified_gmt":"2025-07-26T04:59:20","slug":"mersinde-otobus-tira-carpti-9-yarali","status":"publish","type":"post","link":"https:\/\/memurunsesi.net\/index.php\/2025\/07\/26\/mersinde-otobus-tira-carpti-9-yarali\/","title":{"rendered":"Mersin&#8217;de otob\u00fcs t\u0131ra \u00e7arpt\u0131:  9 yaral\u0131"},"content":{"rendered":"<p>   Mersin&#8217;de otoyolda otob\u00fcs ile t\u0131r\u0131n \u00e7arp\u0131\u015fmas\u0131 sonucu meydana gelen kazada 9 ki\u015fi yaraland\u0131.<br \/>\nKaza, Tarsus il\u00e7esi s\u0131n\u0131rlar\u0131nda otoyolda damlama mevkiinde meydana geldi. Al\u0131nan bilgiye g\u00f6re,  Orhan Tan\u0131\u015f idaresindeki 07 AC 002 plakal\u0131 Star Batman firmas\u0131na ait otob\u00fcs, 31 ALL 471  plakal\u0131 b\u00fcz boru y\u00fckl\u00fc t\u0131ra arkadan \u00e7arpt\u0131. Otob\u00fcs  hasar al\u0131rken, t\u0131r devrildi. Kazada ilk bilgilere g\u00f6re 9 ki\u015fi yaraland\u0131. Kazay\u0131 g\u00f6renlerin haber vermesi \u00fczerine b\u00f6lgeye sa\u011fl\u0131k ve jandarma ekipleri sevk edildi. Yaral\u0131lar ambulanslara hastanelere sevk edildi.<br \/>\n  Mu\u011fla Marmaris&#8217;ten hareket eden otob\u00fcs\u00fcn Batman&#8217;a giderken kazan\u0131n meydana geldi\u011fi 32&#8217;si yolcu, 4&#8217;\u00fc ise personel olmak \u00fczere ara\u00e7ta toplam 36 ki\u015finin bulundu\u011fu \u00f6\u011frenildi.<br \/>\n  Kaza ile ilgili soru\u015fturma s\u00fcr\u00fcyor. <\/p>\n<p>26.07.2025                                <\/p>\n","protected":false},"excerpt":{"rendered":"<p>Mersin&#8217;de otoyolda otob\u00fcs ile t\u0131r\u0131n \u00e7arp\u0131\u015fmas\u0131 sonucu meydana gelen kazada 9 ki\u015fi yaraland\u0131. Kaza, Tarsus il\u00e7esi s\u0131n\u0131rlar\u0131nda otoyolda damlama mevkiinde meydana geldi. Al\u0131nan bilgiye g\u00f6re, Orhan Tan\u0131\u015f idaresindeki 07 AC 002 plakal\u0131 Star Batman firmas\u0131na ait otob\u00fcs, 31 ALL 471 plakal\u0131 b\u00fcz boru y\u00fckl\u00fc t\u0131ra arkadan \u00e7arpt\u0131. Otob\u00fcs hasar al\u0131rken, t\u0131r devrildi. Kazada ilk bilgilere [&hellip;]<\/p>\n","protected":false},"author":1,"featured_media":9634,"comment_status":"open","ping_status":"open","sticky":false,"template":"","format":"standard","meta":{"footnotes":""},"categories":[1],"tags":[],"class_list":["post-9633","post","type-post","status-publish","format-standard","has-post-thumbnail","hentry","category-genel"],"yoast_head":"<!-- This site is optimized with the Yoast SEO plugin v27.4 - https:\/\/yoast.com\/product\/yoast-seo-wordpress\/ -->\n<title>Mersin&#039;de otob\u00fcs t\u0131ra \u00e7arpt\u0131: 9 yaral\u0131 - Memurun Sesi<\/title>\n<meta name=\"robots\" content=\"index, follow, max-snippet:-1, max-image-preview:large, max-video-preview:-1\" \/>\n<link rel=\"canonical\" href=\"https:\/\/memurunsesi.net\/index.php\/2025\/07\/26\/mersinde-otobus-tira-carpti-9-yarali\/\" \/>\n<meta property=\"og:locale\" content=\"tr_TR\" \/>\n<meta property=\"og:type\" content=\"article\" \/>\n<meta property=\"og:title\" content=\"Mersin&#039;de otob\u00fcs t\u0131ra \u00e7arpt\u0131: 9 yaral\u0131 - Memurun Sesi\" \/>\n<meta property=\"og:description\" content=\"Mersin&#8217;de otoyolda otob\u00fcs ile t\u0131r\u0131n \u00e7arp\u0131\u015fmas\u0131 sonucu meydana gelen kazada 9 ki\u015fi yaraland\u0131. Kaza, Tarsus il\u00e7esi s\u0131n\u0131rlar\u0131nda otoyolda damlama mevkiinde meydana geldi. Al\u0131nan bilgiye g\u00f6re, Orhan Tan\u0131\u015f idaresindeki 07 AC 002 plakal\u0131 Star Batman firmas\u0131na ait otob\u00fcs, 31 ALL 471 plakal\u0131 b\u00fcz boru y\u00fckl\u00fc t\u0131ra arkadan \u00e7arpt\u0131. Otob\u00fcs hasar al\u0131rken, t\u0131r devrildi. Kazada ilk bilgilere [&hellip;]\" \/>\n<meta property=\"og:url\" content=\"https:\/\/memurunsesi.net\/index.php\/2025\/07\/26\/mersinde-otobus-tira-carpti-9-yarali\/\" \/>\n<meta property=\"og:site_name\" content=\"Memurun Sesi\" \/>\n<meta property=\"article:publisher\" content=\"https:\/\/www.facebook.com\/unipersen\/?locale=tr_TR\" \/>\n<meta property=\"article:published_time\" content=\"2025-07-26T04:59:20+00:00\" \/>\n<meta property=\"og:image\" content=\"https:\/\/memurunsesi.net\/wp-content\/uploads\/2025\/07\/AW504637_01-scaled.jpg\" \/>\n\t<meta property=\"og:image:width\" content=\"2560\" \/>\n\t<meta property=\"og:image:height\" content=\"1850\" \/>\n\t<meta property=\"og:image:type\" content=\"image\/jpeg\" \/>\n<meta name=\"author\" content=\"Memurun Sesi Haber Merkezi\" \/>\n<meta name=\"twitter:card\" content=\"summary_large_image\" \/>\n<meta name=\"twitter:creator\" content=\"@unipersen\" \/>\n<meta name=\"twitter:site\" content=\"@unipersen\" \/>\n<meta name=\"twitter:label1\" content=\"Yazan:\" \/>\n\t<meta name=\"twitter:data1\" content=\"Memurun Sesi Haber Merkezi\" \/>\n\t<meta name=\"twitter:label2\" content=\"Tahmini okuma s\u00fcresi\" \/>\n\t<meta name=\"twitter:data2\" content=\"1 dakika\" \/>\n<script type=\"application\/ld+json\" class=\"yoast-schema-graph\">{\"@context\":\"https:\\\/\\\/schema.org\",\"@graph\":[{\"@type\":\"Article\",\"@id\":\"https:\\\/\\\/memurunsesi.net\\\/index.php\\\/2025\\\/07\\\/26\\\/mersinde-otobus-tira-carpti-9-yarali\\\/#article\",\"isPartOf\":{\"@id\":\"https:\\\/\\\/memurunsesi.net\\\/index.php\\\/2025\\\/07\\\/26\\\/mersinde-otobus-tira-carpti-9-yarali\\\/\"},\"author\":{\"name\":\"Memurun Sesi Haber Merkezi\",\"@id\":\"https:\\\/\\\/memurunsesi.net\\\/#\\\/schema\\\/person\\\/f21c2d73b89f6ee1d80b0a1803e38587\"},\"headline\":\"Mersin&#8217;de otob\u00fcs t\u0131ra \u00e7arpt\u0131: 9 yaral\u0131\",\"datePublished\":\"2025-07-26T04:59:20+00:00\",\"mainEntityOfPage\":{\"@id\":\"https:\\\/\\\/memurunsesi.net\\\/index.php\\\/2025\\\/07\\\/26\\\/mersinde-otobus-tira-carpti-9-yarali\\\/\"},\"wordCount\":144,\"commentCount\":0,\"publisher\":{\"@id\":\"https:\\\/\\\/memurunsesi.net\\\/#organization\"},\"image\":{\"@id\":\"https:\\\/\\\/memurunsesi.net\\\/index.php\\\/2025\\\/07\\\/26\\\/mersinde-otobus-tira-carpti-9-yarali\\\/#primaryimage\"},\"thumbnailUrl\":\"https:\\\/\\\/memurunsesi.net\\\/wp-content\\\/uploads\\\/2025\\\/07\\\/AW504637_01-scaled.jpg\",\"inLanguage\":\"tr\",\"potentialAction\":[{\"@type\":\"CommentAction\",\"name\":\"Comment\",\"target\":[\"https:\\\/\\\/memurunsesi.net\\\/index.php\\\/2025\\\/07\\\/26\\\/mersinde-otobus-tira-carpti-9-yarali\\\/#respond\"]}]},{\"@type\":\"WebPage\",\"@id\":\"https:\\\/\\\/memurunsesi.net\\\/index.php\\\/2025\\\/07\\\/26\\\/mersinde-otobus-tira-carpti-9-yarali\\\/\",\"url\":\"https:\\\/\\\/memurunsesi.net\\\/index.php\\\/2025\\\/07\\\/26\\\/mersinde-otobus-tira-carpti-9-yarali\\\/\",\"name\":\"Mersin'de otob\u00fcs t\u0131ra \u00e7arpt\u0131: 9 yaral\u0131 - Memurun Sesi\",\"isPartOf\":{\"@id\":\"https:\\\/\\\/memurunsesi.net\\\/#website\"},\"primaryImageOfPage\":{\"@id\":\"https:\\\/\\\/memurunsesi.net\\\/index.php\\\/2025\\\/07\\\/26\\\/mersinde-otobus-tira-carpti-9-yarali\\\/#primaryimage\"},\"image\":{\"@id\":\"https:\\\/\\\/memurunsesi.net\\\/index.php\\\/2025\\\/07\\\/26\\\/mersinde-otobus-tira-carpti-9-yarali\\\/#primaryimage\"},\"thumbnailUrl\":\"https:\\\/\\\/memurunsesi.net\\\/wp-content\\\/uploads\\\/2025\\\/07\\\/AW504637_01-scaled.jpg\",\"datePublished\":\"2025-07-26T04:59:20+00:00\",\"breadcrumb\":{\"@id\":\"https:\\\/\\\/memurunsesi.net\\\/index.php\\\/2025\\\/07\\\/26\\\/mersinde-otobus-tira-carpti-9-yarali\\\/#breadcrumb\"},\"inLanguage\":\"tr\",\"potentialAction\":[{\"@type\":\"ReadAction\",\"target\":[\"https:\\\/\\\/memurunsesi.net\\\/index.php\\\/2025\\\/07\\\/26\\\/mersinde-otobus-tira-carpti-9-yarali\\\/\"]}]},{\"@type\":\"ImageObject\",\"inLanguage\":\"tr\",\"@id\":\"https:\\\/\\\/memurunsesi.net\\\/index.php\\\/2025\\\/07\\\/26\\\/mersinde-otobus-tira-carpti-9-yarali\\\/#primaryimage\",\"url\":\"https:\\\/\\\/memurunsesi.net\\\/wp-content\\\/uploads\\\/2025\\\/07\\\/AW504637_01-scaled.jpg\",\"contentUrl\":\"https:\\\/\\\/memurunsesi.net\\\/wp-content\\\/uploads\\\/2025\\\/07\\\/AW504637_01-scaled.jpg\",\"width\":2560,\"height\":1850,\"caption\":\"MERS\u0130N'DE OTOYOLDA OTOB\u00dcS \u0130LE TIRIN \u00c7ARPI\u015eMASI SONUCU MEYDANA GELEN KAZADA 9 K\u0130\u015e\u0130 YARALANDI. (ERSOY YAL\u00c7IN\\\/MERS\u0130N-\u0130HA) Mersin'de otoyolda otob\u00fcs ile t\u0131r\u0131n \u00e7arp\u0131\u015fmas\u0131 sonucu meydana gelen kazada 9 ki\u015fi yaraland\u0131.\"},{\"@type\":\"BreadcrumbList\",\"@id\":\"https:\\\/\\\/memurunsesi.net\\\/index.php\\\/2025\\\/07\\\/26\\\/mersinde-otobus-tira-carpti-9-yarali\\\/#breadcrumb\",\"itemListElement\":[{\"@type\":\"ListItem\",\"position\":1,\"name\":\"Anasayfa\",\"item\":\"https:\\\/\\\/memurunsesi.net\\\/\"},{\"@type\":\"ListItem\",\"position\":2,\"name\":\"Mersin&#8217;de otob\u00fcs t\u0131ra \u00e7arpt\u0131: 9 yaral\u0131\"}]},{\"@type\":\"WebSite\",\"@id\":\"https:\\\/\\\/memurunsesi.net\\\/#website\",\"url\":\"https:\\\/\\\/memurunsesi.net\\\/\",\"name\":\"Memurun Sesi\",\"description\":\"G\u00fcncel ve Do\u011fru Haber\",\"publisher\":{\"@id\":\"https:\\\/\\\/memurunsesi.net\\\/#organization\"},\"potentialAction\":[{\"@type\":\"SearchAction\",\"target\":{\"@type\":\"EntryPoint\",\"urlTemplate\":\"https:\\\/\\\/memurunsesi.net\\\/?s={search_term_string}\"},\"query-input\":{\"@type\":\"PropertyValueSpecification\",\"valueRequired\":true,\"valueName\":\"search_term_string\"}}],\"inLanguage\":\"tr\"},{\"@type\":\"Organization\",\"@id\":\"https:\\\/\\\/memurunsesi.net\\\/#organization\",\"name\":\"Memurun Sesi\",\"url\":\"https:\\\/\\\/memurunsesi.net\\\/\",\"logo\":{\"@type\":\"ImageObject\",\"inLanguage\":\"tr\",\"@id\":\"https:\\\/\\\/memurunsesi.net\\\/#\\\/schema\\\/logo\\\/image\\\/\",\"url\":\"https:\\\/\\\/memurunsesi.net\\\/wp-content\\\/uploads\\\/2025\\\/11\\\/cropped-MEMURUN-SESI.png\",\"contentUrl\":\"https:\\\/\\\/memurunsesi.net\\\/wp-content\\\/uploads\\\/2025\\\/11\\\/cropped-MEMURUN-SESI.png\",\"width\":238,\"height\":57,\"caption\":\"Memurun Sesi\"},\"image\":{\"@id\":\"https:\\\/\\\/memurunsesi.net\\\/#\\\/schema\\\/logo\\\/image\\\/\"},\"sameAs\":[\"https:\\\/\\\/www.facebook.com\\\/unipersen\\\/?locale=tr_TR\",\"https:\\\/\\\/x.com\\\/unipersen\"]},{\"@type\":\"Person\",\"@id\":\"https:\\\/\\\/memurunsesi.net\\\/#\\\/schema\\\/person\\\/f21c2d73b89f6ee1d80b0a1803e38587\",\"name\":\"Memurun Sesi Haber Merkezi\",\"image\":{\"@type\":\"ImageObject\",\"inLanguage\":\"tr\",\"@id\":\"https:\\\/\\\/secure.gravatar.com\\\/avatar\\\/6cf0505f452ee753f485014986fab09a434671d2b919ee76fc541025c5876a70?s=96&d=mm&r=g\",\"url\":\"https:\\\/\\\/secure.gravatar.com\\\/avatar\\\/6cf0505f452ee753f485014986fab09a434671d2b919ee76fc541025c5876a70?s=96&d=mm&r=g\",\"contentUrl\":\"https:\\\/\\\/secure.gravatar.com\\\/avatar\\\/6cf0505f452ee753f485014986fab09a434671d2b919ee76fc541025c5876a70?s=96&d=mm&r=g\",\"caption\":\"Memurun Sesi Haber Merkezi\"},\"sameAs\":[\"https:\\\/\\\/memurunsesi.net\"],\"url\":\"https:\\\/\\\/memurunsesi.net\\\/index.php\\\/author\\\/uniper\\\/\"}]}<\/script>\n<!-- \/ Yoast SEO plugin. -->","yoast_head_json":{"title":"Mersin'de otob\u00fcs t\u0131ra \u00e7arpt\u0131: 9 yaral\u0131 - Memurun Sesi","robots":{"index":"index","follow":"follow","max-snippet":"max-snippet:-1","max-image-preview":"max-image-preview:large","max-video-preview":"max-video-preview:-1"},"canonical":"https:\/\/memurunsesi.net\/index.php\/2025\/07\/26\/mersinde-otobus-tira-carpti-9-yarali\/","og_locale":"tr_TR","og_type":"article","og_title":"Mersin'de otob\u00fcs t\u0131ra \u00e7arpt\u0131: 9 yaral\u0131 - Memurun Sesi","og_description":"Mersin&#8217;de otoyolda otob\u00fcs ile t\u0131r\u0131n \u00e7arp\u0131\u015fmas\u0131 sonucu meydana gelen kazada 9 ki\u015fi yaraland\u0131. Kaza, Tarsus il\u00e7esi s\u0131n\u0131rlar\u0131nda otoyolda damlama mevkiinde meydana geldi. Al\u0131nan bilgiye g\u00f6re, Orhan Tan\u0131\u015f idaresindeki 07 AC 002 plakal\u0131 Star Batman firmas\u0131na ait otob\u00fcs, 31 ALL 471 plakal\u0131 b\u00fcz boru y\u00fckl\u00fc t\u0131ra arkadan \u00e7arpt\u0131. Otob\u00fcs hasar al\u0131rken, t\u0131r devrildi. Kazada ilk bilgilere [&hellip;]","og_url":"https:\/\/memurunsesi.net\/index.php\/2025\/07\/26\/mersinde-otobus-tira-carpti-9-yarali\/","og_site_name":"Memurun Sesi","article_publisher":"https:\/\/www.facebook.com\/unipersen\/?locale=tr_TR","article_published_time":"2025-07-26T04:59:20+00:00","og_image":[{"width":2560,"height":1850,"url":"https:\/\/memurunsesi.net\/wp-content\/uploads\/2025\/07\/AW504637_01-scaled.jpg","type":"image\/jpeg"}],"author":"Memurun Sesi Haber Merkezi","twitter_card":"summary_large_image","twitter_creator":"@unipersen","twitter_site":"@unipersen","twitter_misc":{"Yazan:":"Memurun Sesi Haber Merkezi","Tahmini okuma s\u00fcresi":"1 dakika"},"schema":{"@context":"https:\/\/schema.org","@graph":[{"@type":"Article","@id":"https:\/\/memurunsesi.net\/index.php\/2025\/07\/26\/mersinde-otobus-tira-carpti-9-yarali\/#article","isPartOf":{"@id":"https:\/\/memurunsesi.net\/index.php\/2025\/07\/26\/mersinde-otobus-tira-carpti-9-yarali\/"},"author":{"name":"Memurun Sesi Haber Merkezi","@id":"https:\/\/memurunsesi.net\/#\/schema\/person\/f21c2d73b89f6ee1d80b0a1803e38587"},"headline":"Mersin&#8217;de otob\u00fcs t\u0131ra \u00e7arpt\u0131: 9 yaral\u0131","datePublished":"2025-07-26T04:59:20+00:00","mainEntityOfPage":{"@id":"https:\/\/memurunsesi.net\/index.php\/2025\/07\/26\/mersinde-otobus-tira-carpti-9-yarali\/"},"wordCount":144,"commentCount":0,"publisher":{"@id":"https:\/\/memurunsesi.net\/#organization"},"image":{"@id":"https:\/\/memurunsesi.net\/index.php\/2025\/07\/26\/mersinde-otobus-tira-carpti-9-yarali\/#primaryimage"},"thumbnailUrl":"https:\/\/memurunsesi.net\/wp-content\/uploads\/2025\/07\/AW504637_01-scaled.jpg","inLanguage":"tr","potentialAction":[{"@type":"CommentAction","name":"Comment","target":["https:\/\/memurunsesi.net\/index.php\/2025\/07\/26\/mersinde-otobus-tira-carpti-9-yarali\/#respond"]}]},{"@type":"WebPage","@id":"https:\/\/memurunsesi.net\/index.php\/2025\/07\/26\/mersinde-otobus-tira-carpti-9-yarali\/","url":"https:\/\/memurunsesi.net\/index.php\/2025\/07\/26\/mersinde-otobus-tira-carpti-9-yarali\/","name":"Mersin'de otob\u00fcs t\u0131ra \u00e7arpt\u0131: 9 yaral\u0131 - Memurun Sesi","isPartOf":{"@id":"https:\/\/memurunsesi.net\/#website"},"primaryImageOfPage":{"@id":"https:\/\/memurunsesi.net\/index.php\/2025\/07\/26\/mersinde-otobus-tira-carpti-9-yarali\/#primaryimage"},"image":{"@id":"https:\/\/memurunsesi.net\/index.php\/2025\/07\/26\/mersinde-otobus-tira-carpti-9-yarali\/#primaryimage"},"thumbnailUrl":"https:\/\/memurunsesi.net\/wp-content\/uploads\/2025\/07\/AW504637_01-scaled.jpg","datePublished":"2025-07-26T04:59:20+00:00","breadcrumb":{"@id":"https:\/\/memurunsesi.net\/index.php\/2025\/07\/26\/mersinde-otobus-tira-carpti-9-yarali\/#breadcrumb"},"inLanguage":"tr","potentialAction":[{"@type":"ReadAction","target":["https:\/\/memurunsesi.net\/index.php\/2025\/07\/26\/mersinde-otobus-tira-carpti-9-yarali\/"]}]},{"@type":"ImageObject","inLanguage":"tr","@id":"https:\/\/memurunsesi.net\/index.php\/2025\/07\/26\/mersinde-otobus-tira-carpti-9-yarali\/#primaryimage","url":"https:\/\/memurunsesi.net\/wp-content\/uploads\/2025\/07\/AW504637_01-scaled.jpg","contentUrl":"https:\/\/memurunsesi.net\/wp-content\/uploads\/2025\/07\/AW504637_01-scaled.jpg","width":2560,"height":1850,"caption":"MERS\u0130N'DE OTOYOLDA OTOB\u00dcS \u0130LE TIRIN \u00c7ARPI\u015eMASI SONUCU MEYDANA GELEN KAZADA 9 K\u0130\u015e\u0130 YARALANDI. (ERSOY YAL\u00c7IN\/MERS\u0130N-\u0130HA) Mersin'de otoyolda otob\u00fcs ile t\u0131r\u0131n \u00e7arp\u0131\u015fmas\u0131 sonucu meydana gelen kazada 9 ki\u015fi yaraland\u0131."},{"@type":"BreadcrumbList","@id":"https:\/\/memurunsesi.net\/index.php\/2025\/07\/26\/mersinde-otobus-tira-carpti-9-yarali\/#breadcrumb","itemListElement":[{"@type":"ListItem","position":1,"name":"Anasayfa","item":"https:\/\/memurunsesi.net\/"},{"@type":"ListItem","position":2,"name":"Mersin&#8217;de otob\u00fcs t\u0131ra \u00e7arpt\u0131: 9 yaral\u0131"}]},{"@type":"WebSite","@id":"https:\/\/memurunsesi.net\/#website","url":"https:\/\/memurunsesi.net\/","name":"Memurun Sesi","description":"G\u00fcncel ve Do\u011fru Haber","publisher":{"@id":"https:\/\/memurunsesi.net\/#organization"},"potentialAction":[{"@type":"SearchAction","target":{"@type":"EntryPoint","urlTemplate":"https:\/\/memurunsesi.net\/?s={search_term_string}"},"query-input":{"@type":"PropertyValueSpecification","valueRequired":true,"valueName":"search_term_string"}}],"inLanguage":"tr"},{"@type":"Organization","@id":"https:\/\/memurunsesi.net\/#organization","name":"Memurun Sesi","url":"https:\/\/memurunsesi.net\/","logo":{"@type":"ImageObject","inLanguage":"tr","@id":"https:\/\/memurunsesi.net\/#\/schema\/logo\/image\/","url":"https:\/\/memurunsesi.net\/wp-content\/uploads\/2025\/11\/cropped-MEMURUN-SESI.png","contentUrl":"https:\/\/memurunsesi.net\/wp-content\/uploads\/2025\/11\/cropped-MEMURUN-SESI.png","width":238,"height":57,"caption":"Memurun Sesi"},"image":{"@id":"https:\/\/memurunsesi.net\/#\/schema\/logo\/image\/"},"sameAs":["https:\/\/www.facebook.com\/unipersen\/?locale=tr_TR","https:\/\/x.com\/unipersen"]},{"@type":"Person","@id":"https:\/\/memurunsesi.net\/#\/schema\/person\/f21c2d73b89f6ee1d80b0a1803e38587","name":"Memurun Sesi Haber Merkezi","image":{"@type":"ImageObject","inLanguage":"tr","@id":"https:\/\/secure.gravatar.com\/avatar\/6cf0505f452ee753f485014986fab09a434671d2b919ee76fc541025c5876a70?s=96&d=mm&r=g","url":"https:\/\/secure.gravatar.com\/avatar\/6cf0505f452ee753f485014986fab09a434671d2b919ee76fc541025c5876a70?s=96&d=mm&r=g","contentUrl":"https:\/\/secure.gravatar.com\/avatar\/6cf0505f452ee753f485014986fab09a434671d2b919ee76fc541025c5876a70?s=96&d=mm&r=g","caption":"Memurun Sesi Haber Merkezi"},"sameAs":["https:\/\/memurunsesi.net"],"url":"https:\/\/memurunsesi.net\/index.php\/author\/uniper\/"}]}},"_links":{"self":[{"href":"https:\/\/memurunsesi.net\/index.php\/wp-json\/wp\/v2\/posts\/9633","targetHints":{"allow":["GET"]}}],"collection":[{"href":"https:\/\/memurunsesi.net\/index.php\/wp-json\/wp\/v2\/posts"}],"about":[{"href":"https:\/\/memurunsesi.net\/index.php\/wp-json\/wp\/v2\/types\/post"}],"author":[{"embeddable":true,"href":"https:\/\/memurunsesi.net\/index.php\/wp-json\/wp\/v2\/users\/1"}],"replies":[{"embeddable":true,"href":"https:\/\/memurunsesi.net\/index.php\/wp-json\/wp\/v2\/comments?post=9633"}],"version-history":[{"count":1,"href":"https:\/\/memurunsesi.net\/index.php\/wp-json\/wp\/v2\/posts\/9633\/revisions"}],"predecessor-version":[{"id":9635,"href":"https:\/\/memurunsesi.net\/index.php\/wp-json\/wp\/v2\/posts\/9633\/revisions\/9635"}],"wp:featuredmedia":[{"embeddable":true,"href":"https:\/\/memurunsesi.net\/index.php\/wp-json\/wp\/v2\/media\/9634"}],"wp:attachment":[{"href":"https:\/\/memurunsesi.net\/index.php\/wp-json\/wp\/v2\/media?parent=9633"}],"wp:term":[{"taxonomy":"category","embeddable":true,"href":"https:\/\/memurunsesi.net\/index.php\/wp-json\/wp\/v2\/categories?post=9633"},{"taxonomy":"post_tag","embeddable":true,"href":"https:\/\/memurunsesi.net\/index.php\/wp-json\/wp\/v2\/tags?post=9633"}],"curies":[{"name":"wp","href":"https:\/\/api.w.org\/{rel}","templated":true}]}}