{"id":9636,"date":"2025-07-26T08:00:50","date_gmt":"2025-07-26T05:00:50","guid":{"rendered":"https:\/\/memurunsesi.net\/?p=9636"},"modified":"2025-07-26T08:00:50","modified_gmt":"2025-07-26T05:00:50","slug":"mersinde-orman-yangini","status":"publish","type":"post","link":"https:\/\/memurunsesi.net\/index.php\/2025\/07\/26\/mersinde-orman-yangini\/","title":{"rendered":"Mersin&#8217;de orman yang\u0131n\u0131"},"content":{"rendered":"<p>   Mersin&#8217;in Silifke il\u00e7esi s\u0131n\u0131rlar\u0131nda sabaha kar\u015f\u0131 orman yang\u0131n\u0131 \u00e7\u0131kt\u0131.<br \/>\nAl\u0131nan bilgiye g\u00f6re, il\u00e7eye ba\u011fl\u0131 Bah\u00e7ederesi Mahallesi s\u0131n\u0131rlar\u0131nda yer alan ormanl\u0131k alanda sabaha kar\u015f\u0131 yang\u0131n \u00e7\u0131kt\u0131. Alevleri g\u00f6renler durumu 112 Acil Komuta Merkezi&#8217;ne bildirdi. Merkez, b\u00f6lgeye Silifke Orman \u0130\u015fletme M\u00fcd\u00fcrl\u00fc\u011f\u00fc&#8217;ne ba\u011fl\u0131 ekipleri sevk etti. Araz\u00f6z ve orman i\u015f\u00e7ilerinden olu\u015fan ekiplerin b\u00f6lgeye ula\u015ft\u0131\u011f\u0131 ve m\u00fcdahaleye ba\u015flad\u0131\u011f\u0131 bildirildi.<br \/>\n  R\u00fczgar\u0131n etkisi ile Ta\u015fucu Mahallesi&#8217;ne kadar dumanlar\u0131n kaplad\u0131\u011f\u0131 yang\u0131na havadan da desteklerin y\u00f6nlendirildi\u011fi belirtildi. <\/p>\n<p>26.07.2025                               <\/p>\n","protected":false},"excerpt":{"rendered":"<p>Mersin&#8217;in Silifke il\u00e7esi s\u0131n\u0131rlar\u0131nda sabaha kar\u015f\u0131 orman yang\u0131n\u0131 \u00e7\u0131kt\u0131. Al\u0131nan bilgiye g\u00f6re, il\u00e7eye ba\u011fl\u0131 Bah\u00e7ederesi Mahallesi s\u0131n\u0131rlar\u0131nda yer alan ormanl\u0131k alanda sabaha kar\u015f\u0131 yang\u0131n \u00e7\u0131kt\u0131. Alevleri g\u00f6renler durumu 112 Acil Komuta Merkezi&#8217;ne bildirdi. Merkez, b\u00f6lgeye Silifke Orman \u0130\u015fletme M\u00fcd\u00fcrl\u00fc\u011f\u00fc&#8217;ne ba\u011fl\u0131 ekipleri sevk etti. Araz\u00f6z ve orman i\u015f\u00e7ilerinden olu\u015fan ekiplerin b\u00f6lgeye ula\u015ft\u0131\u011f\u0131 ve m\u00fcdahaleye ba\u015flad\u0131\u011f\u0131 bildirildi. [&hellip;]<\/p>\n","protected":false},"author":1,"featured_media":9637,"comment_status":"open","ping_status":"open","sticky":false,"template":"","format":"standard","meta":{"footnotes":""},"categories":[45],"tags":[],"class_list":["post-9636","post","type-post","status-publish","format-standard","has-post-thumbnail","hentry","category-gundem"],"yoast_head":"<!-- This site is optimized with the Yoast SEO plugin v27.4 - https:\/\/yoast.com\/product\/yoast-seo-wordpress\/ -->\n<title>Mersin&#039;de orman yang\u0131n\u0131 - Memurun Sesi<\/title>\n<meta name=\"robots\" content=\"index, follow, max-snippet:-1, max-image-preview:large, max-video-preview:-1\" \/>\n<link rel=\"canonical\" href=\"https:\/\/memurunsesi.net\/index.php\/2025\/07\/26\/mersinde-orman-yangini\/\" \/>\n<meta property=\"og:locale\" content=\"tr_TR\" \/>\n<meta property=\"og:type\" content=\"article\" \/>\n<meta property=\"og:title\" content=\"Mersin&#039;de orman yang\u0131n\u0131 - Memurun Sesi\" \/>\n<meta property=\"og:description\" content=\"Mersin&#8217;in Silifke il\u00e7esi s\u0131n\u0131rlar\u0131nda sabaha kar\u015f\u0131 orman yang\u0131n\u0131 \u00e7\u0131kt\u0131. Al\u0131nan bilgiye g\u00f6re, il\u00e7eye ba\u011fl\u0131 Bah\u00e7ederesi Mahallesi s\u0131n\u0131rlar\u0131nda yer alan ormanl\u0131k alanda sabaha kar\u015f\u0131 yang\u0131n \u00e7\u0131kt\u0131. Alevleri g\u00f6renler durumu 112 Acil Komuta Merkezi&#8217;ne bildirdi. Merkez, b\u00f6lgeye Silifke Orman \u0130\u015fletme M\u00fcd\u00fcrl\u00fc\u011f\u00fc&#8217;ne ba\u011fl\u0131 ekipleri sevk etti. Araz\u00f6z ve orman i\u015f\u00e7ilerinden olu\u015fan ekiplerin b\u00f6lgeye ula\u015ft\u0131\u011f\u0131 ve m\u00fcdahaleye ba\u015flad\u0131\u011f\u0131 bildirildi. [&hellip;]\" \/>\n<meta property=\"og:url\" content=\"https:\/\/memurunsesi.net\/index.php\/2025\/07\/26\/mersinde-orman-yangini\/\" \/>\n<meta property=\"og:site_name\" content=\"Memurun Sesi\" \/>\n<meta property=\"article:publisher\" content=\"https:\/\/www.facebook.com\/unipersen\/?locale=tr_TR\" \/>\n<meta property=\"article:published_time\" content=\"2025-07-26T05:00:50+00:00\" \/>\n<meta property=\"og:image\" content=\"https:\/\/memurunsesi.net\/wp-content\/uploads\/2025\/07\/AW504636_01.jpg\" \/>\n\t<meta property=\"og:image:width\" content=\"1187\" \/>\n\t<meta property=\"og:image:height\" content=\"618\" \/>\n\t<meta property=\"og:image:type\" content=\"image\/jpeg\" \/>\n<meta name=\"author\" content=\"Memurun Sesi Haber Merkezi\" \/>\n<meta name=\"twitter:card\" content=\"summary_large_image\" \/>\n<meta name=\"twitter:creator\" content=\"@unipersen\" \/>\n<meta name=\"twitter:site\" content=\"@unipersen\" \/>\n<meta name=\"twitter:label1\" content=\"Yazan:\" \/>\n\t<meta name=\"twitter:data1\" content=\"Memurun Sesi Haber Merkezi\" \/>\n\t<meta name=\"twitter:label2\" content=\"Tahmini okuma s\u00fcresi\" \/>\n\t<meta name=\"twitter:data2\" content=\"1 dakika\" \/>\n<script type=\"application\/ld+json\" class=\"yoast-schema-graph\">{\"@context\":\"https:\\\/\\\/schema.org\",\"@graph\":[{\"@type\":\"Article\",\"@id\":\"https:\\\/\\\/memurunsesi.net\\\/index.php\\\/2025\\\/07\\\/26\\\/mersinde-orman-yangini\\\/#article\",\"isPartOf\":{\"@id\":\"https:\\\/\\\/memurunsesi.net\\\/index.php\\\/2025\\\/07\\\/26\\\/mersinde-orman-yangini\\\/\"},\"author\":{\"name\":\"Memurun Sesi Haber Merkezi\",\"@id\":\"https:\\\/\\\/memurunsesi.net\\\/#\\\/schema\\\/person\\\/f21c2d73b89f6ee1d80b0a1803e38587\"},\"headline\":\"Mersin&#8217;de orman yang\u0131n\u0131\",\"datePublished\":\"2025-07-26T05:00:50+00:00\",\"mainEntityOfPage\":{\"@id\":\"https:\\\/\\\/memurunsesi.net\\\/index.php\\\/2025\\\/07\\\/26\\\/mersinde-orman-yangini\\\/\"},\"wordCount\":111,\"commentCount\":0,\"publisher\":{\"@id\":\"https:\\\/\\\/memurunsesi.net\\\/#organization\"},\"image\":{\"@id\":\"https:\\\/\\\/memurunsesi.net\\\/index.php\\\/2025\\\/07\\\/26\\\/mersinde-orman-yangini\\\/#primaryimage\"},\"thumbnailUrl\":\"https:\\\/\\\/memurunsesi.net\\\/wp-content\\\/uploads\\\/2025\\\/07\\\/AW504636_01.jpg\",\"articleSection\":[\"G\u00fcndem\"],\"inLanguage\":\"tr\",\"potentialAction\":[{\"@type\":\"CommentAction\",\"name\":\"Comment\",\"target\":[\"https:\\\/\\\/memurunsesi.net\\\/index.php\\\/2025\\\/07\\\/26\\\/mersinde-orman-yangini\\\/#respond\"]}]},{\"@type\":\"WebPage\",\"@id\":\"https:\\\/\\\/memurunsesi.net\\\/index.php\\\/2025\\\/07\\\/26\\\/mersinde-orman-yangini\\\/\",\"url\":\"https:\\\/\\\/memurunsesi.net\\\/index.php\\\/2025\\\/07\\\/26\\\/mersinde-orman-yangini\\\/\",\"name\":\"Mersin'de orman yang\u0131n\u0131 - Memurun Sesi\",\"isPartOf\":{\"@id\":\"https:\\\/\\\/memurunsesi.net\\\/#website\"},\"primaryImageOfPage\":{\"@id\":\"https:\\\/\\\/memurunsesi.net\\\/index.php\\\/2025\\\/07\\\/26\\\/mersinde-orman-yangini\\\/#primaryimage\"},\"image\":{\"@id\":\"https:\\\/\\\/memurunsesi.net\\\/index.php\\\/2025\\\/07\\\/26\\\/mersinde-orman-yangini\\\/#primaryimage\"},\"thumbnailUrl\":\"https:\\\/\\\/memurunsesi.net\\\/wp-content\\\/uploads\\\/2025\\\/07\\\/AW504636_01.jpg\",\"datePublished\":\"2025-07-26T05:00:50+00:00\",\"breadcrumb\":{\"@id\":\"https:\\\/\\\/memurunsesi.net\\\/index.php\\\/2025\\\/07\\\/26\\\/mersinde-orman-yangini\\\/#breadcrumb\"},\"inLanguage\":\"tr\",\"potentialAction\":[{\"@type\":\"ReadAction\",\"target\":[\"https:\\\/\\\/memurunsesi.net\\\/index.php\\\/2025\\\/07\\\/26\\\/mersinde-orman-yangini\\\/\"]}]},{\"@type\":\"ImageObject\",\"inLanguage\":\"tr\",\"@id\":\"https:\\\/\\\/memurunsesi.net\\\/index.php\\\/2025\\\/07\\\/26\\\/mersinde-orman-yangini\\\/#primaryimage\",\"url\":\"https:\\\/\\\/memurunsesi.net\\\/wp-content\\\/uploads\\\/2025\\\/07\\\/AW504636_01.jpg\",\"contentUrl\":\"https:\\\/\\\/memurunsesi.net\\\/wp-content\\\/uploads\\\/2025\\\/07\\\/AW504636_01.jpg\",\"width\":1187,\"height\":618,\"caption\":\"MERS\u0130N'\u0130N S\u0130L\u0130FKE \u0130L\u00c7ES\u0130 SINIRLARINDA SABAH KAR\u015eI ORMAN YANGINI \u00c7IKTI, KARADAN EK\u0130PLER\u0130N M\u00dcDAHALEYE BA\u015eLADI\u011eI B\u0130LD\u0130R\u0130LD\u0130. (MURAT \u015eENG\u0130\\\/MERS\u0130N-\u0130HA) Mersin'in Silifke il\u00e7esi s\u0131n\u0131rlar\u0131nda sabaha kar\u015f\u0131 orman yang\u0131n\u0131 \u00e7\u0131kt\u0131.\"},{\"@type\":\"BreadcrumbList\",\"@id\":\"https:\\\/\\\/memurunsesi.net\\\/index.php\\\/2025\\\/07\\\/26\\\/mersinde-orman-yangini\\\/#breadcrumb\",\"itemListElement\":[{\"@type\":\"ListItem\",\"position\":1,\"name\":\"Anasayfa\",\"item\":\"https:\\\/\\\/memurunsesi.net\\\/\"},{\"@type\":\"ListItem\",\"position\":2,\"name\":\"Mersin&#8217;de orman yang\u0131n\u0131\"}]},{\"@type\":\"WebSite\",\"@id\":\"https:\\\/\\\/memurunsesi.net\\\/#website\",\"url\":\"https:\\\/\\\/memurunsesi.net\\\/\",\"name\":\"Memurun Sesi\",\"description\":\"G\u00fcncel ve Do\u011fru Haber\",\"publisher\":{\"@id\":\"https:\\\/\\\/memurunsesi.net\\\/#organization\"},\"potentialAction\":[{\"@type\":\"SearchAction\",\"target\":{\"@type\":\"EntryPoint\",\"urlTemplate\":\"https:\\\/\\\/memurunsesi.net\\\/?s={search_term_string}\"},\"query-input\":{\"@type\":\"PropertyValueSpecification\",\"valueRequired\":true,\"valueName\":\"search_term_string\"}}],\"inLanguage\":\"tr\"},{\"@type\":\"Organization\",\"@id\":\"https:\\\/\\\/memurunsesi.net\\\/#organization\",\"name\":\"Memurun Sesi\",\"url\":\"https:\\\/\\\/memurunsesi.net\\\/\",\"logo\":{\"@type\":\"ImageObject\",\"inLanguage\":\"tr\",\"@id\":\"https:\\\/\\\/memurunsesi.net\\\/#\\\/schema\\\/logo\\\/image\\\/\",\"url\":\"https:\\\/\\\/memurunsesi.net\\\/wp-content\\\/uploads\\\/2025\\\/11\\\/cropped-MEMURUN-SESI.png\",\"contentUrl\":\"https:\\\/\\\/memurunsesi.net\\\/wp-content\\\/uploads\\\/2025\\\/11\\\/cropped-MEMURUN-SESI.png\",\"width\":238,\"height\":57,\"caption\":\"Memurun Sesi\"},\"image\":{\"@id\":\"https:\\\/\\\/memurunsesi.net\\\/#\\\/schema\\\/logo\\\/image\\\/\"},\"sameAs\":[\"https:\\\/\\\/www.facebook.com\\\/unipersen\\\/?locale=tr_TR\",\"https:\\\/\\\/x.com\\\/unipersen\"]},{\"@type\":\"Person\",\"@id\":\"https:\\\/\\\/memurunsesi.net\\\/#\\\/schema\\\/person\\\/f21c2d73b89f6ee1d80b0a1803e38587\",\"name\":\"Memurun Sesi Haber Merkezi\",\"image\":{\"@type\":\"ImageObject\",\"inLanguage\":\"tr\",\"@id\":\"https:\\\/\\\/secure.gravatar.com\\\/avatar\\\/6cf0505f452ee753f485014986fab09a434671d2b919ee76fc541025c5876a70?s=96&d=mm&r=g\",\"url\":\"https:\\\/\\\/secure.gravatar.com\\\/avatar\\\/6cf0505f452ee753f485014986fab09a434671d2b919ee76fc541025c5876a70?s=96&d=mm&r=g\",\"contentUrl\":\"https:\\\/\\\/secure.gravatar.com\\\/avatar\\\/6cf0505f452ee753f485014986fab09a434671d2b919ee76fc541025c5876a70?s=96&d=mm&r=g\",\"caption\":\"Memurun Sesi Haber Merkezi\"},\"sameAs\":[\"https:\\\/\\\/memurunsesi.net\"],\"url\":\"https:\\\/\\\/memurunsesi.net\\\/index.php\\\/author\\\/uniper\\\/\"}]}<\/script>\n<!-- \/ Yoast SEO plugin. -->","yoast_head_json":{"title":"Mersin'de orman yang\u0131n\u0131 - Memurun Sesi","robots":{"index":"index","follow":"follow","max-snippet":"max-snippet:-1","max-image-preview":"max-image-preview:large","max-video-preview":"max-video-preview:-1"},"canonical":"https:\/\/memurunsesi.net\/index.php\/2025\/07\/26\/mersinde-orman-yangini\/","og_locale":"tr_TR","og_type":"article","og_title":"Mersin'de orman yang\u0131n\u0131 - Memurun Sesi","og_description":"Mersin&#8217;in Silifke il\u00e7esi s\u0131n\u0131rlar\u0131nda sabaha kar\u015f\u0131 orman yang\u0131n\u0131 \u00e7\u0131kt\u0131. Al\u0131nan bilgiye g\u00f6re, il\u00e7eye ba\u011fl\u0131 Bah\u00e7ederesi Mahallesi s\u0131n\u0131rlar\u0131nda yer alan ormanl\u0131k alanda sabaha kar\u015f\u0131 yang\u0131n \u00e7\u0131kt\u0131. Alevleri g\u00f6renler durumu 112 Acil Komuta Merkezi&#8217;ne bildirdi. Merkez, b\u00f6lgeye Silifke Orman \u0130\u015fletme M\u00fcd\u00fcrl\u00fc\u011f\u00fc&#8217;ne ba\u011fl\u0131 ekipleri sevk etti. Araz\u00f6z ve orman i\u015f\u00e7ilerinden olu\u015fan ekiplerin b\u00f6lgeye ula\u015ft\u0131\u011f\u0131 ve m\u00fcdahaleye ba\u015flad\u0131\u011f\u0131 bildirildi. [&hellip;]","og_url":"https:\/\/memurunsesi.net\/index.php\/2025\/07\/26\/mersinde-orman-yangini\/","og_site_name":"Memurun Sesi","article_publisher":"https:\/\/www.facebook.com\/unipersen\/?locale=tr_TR","article_published_time":"2025-07-26T05:00:50+00:00","og_image":[{"width":1187,"height":618,"url":"https:\/\/memurunsesi.net\/wp-content\/uploads\/2025\/07\/AW504636_01.jpg","type":"image\/jpeg"}],"author":"Memurun Sesi Haber Merkezi","twitter_card":"summary_large_image","twitter_creator":"@unipersen","twitter_site":"@unipersen","twitter_misc":{"Yazan:":"Memurun Sesi Haber Merkezi","Tahmini okuma s\u00fcresi":"1 dakika"},"schema":{"@context":"https:\/\/schema.org","@graph":[{"@type":"Article","@id":"https:\/\/memurunsesi.net\/index.php\/2025\/07\/26\/mersinde-orman-yangini\/#article","isPartOf":{"@id":"https:\/\/memurunsesi.net\/index.php\/2025\/07\/26\/mersinde-orman-yangini\/"},"author":{"name":"Memurun Sesi Haber Merkezi","@id":"https:\/\/memurunsesi.net\/#\/schema\/person\/f21c2d73b89f6ee1d80b0a1803e38587"},"headline":"Mersin&#8217;de orman yang\u0131n\u0131","datePublished":"2025-07-26T05:00:50+00:00","mainEntityOfPage":{"@id":"https:\/\/memurunsesi.net\/index.php\/2025\/07\/26\/mersinde-orman-yangini\/"},"wordCount":111,"commentCount":0,"publisher":{"@id":"https:\/\/memurunsesi.net\/#organization"},"image":{"@id":"https:\/\/memurunsesi.net\/index.php\/2025\/07\/26\/mersinde-orman-yangini\/#primaryimage"},"thumbnailUrl":"https:\/\/memurunsesi.net\/wp-content\/uploads\/2025\/07\/AW504636_01.jpg","articleSection":["G\u00fcndem"],"inLanguage":"tr","potentialAction":[{"@type":"CommentAction","name":"Comment","target":["https:\/\/memurunsesi.net\/index.php\/2025\/07\/26\/mersinde-orman-yangini\/#respond"]}]},{"@type":"WebPage","@id":"https:\/\/memurunsesi.net\/index.php\/2025\/07\/26\/mersinde-orman-yangini\/","url":"https:\/\/memurunsesi.net\/index.php\/2025\/07\/26\/mersinde-orman-yangini\/","name":"Mersin'de orman yang\u0131n\u0131 - Memurun Sesi","isPartOf":{"@id":"https:\/\/memurunsesi.net\/#website"},"primaryImageOfPage":{"@id":"https:\/\/memurunsesi.net\/index.php\/2025\/07\/26\/mersinde-orman-yangini\/#primaryimage"},"image":{"@id":"https:\/\/memurunsesi.net\/index.php\/2025\/07\/26\/mersinde-orman-yangini\/#primaryimage"},"thumbnailUrl":"https:\/\/memurunsesi.net\/wp-content\/uploads\/2025\/07\/AW504636_01.jpg","datePublished":"2025-07-26T05:00:50+00:00","breadcrumb":{"@id":"https:\/\/memurunsesi.net\/index.php\/2025\/07\/26\/mersinde-orman-yangini\/#breadcrumb"},"inLanguage":"tr","potentialAction":[{"@type":"ReadAction","target":["https:\/\/memurunsesi.net\/index.php\/2025\/07\/26\/mersinde-orman-yangini\/"]}]},{"@type":"ImageObject","inLanguage":"tr","@id":"https:\/\/memurunsesi.net\/index.php\/2025\/07\/26\/mersinde-orman-yangini\/#primaryimage","url":"https:\/\/memurunsesi.net\/wp-content\/uploads\/2025\/07\/AW504636_01.jpg","contentUrl":"https:\/\/memurunsesi.net\/wp-content\/uploads\/2025\/07\/AW504636_01.jpg","width":1187,"height":618,"caption":"MERS\u0130N'\u0130N S\u0130L\u0130FKE \u0130L\u00c7ES\u0130 SINIRLARINDA SABAH KAR\u015eI ORMAN YANGINI \u00c7IKTI, KARADAN EK\u0130PLER\u0130N M\u00dcDAHALEYE BA\u015eLADI\u011eI B\u0130LD\u0130R\u0130LD\u0130. (MURAT \u015eENG\u0130\/MERS\u0130N-\u0130HA) Mersin'in Silifke il\u00e7esi s\u0131n\u0131rlar\u0131nda sabaha kar\u015f\u0131 orman yang\u0131n\u0131 \u00e7\u0131kt\u0131."},{"@type":"BreadcrumbList","@id":"https:\/\/memurunsesi.net\/index.php\/2025\/07\/26\/mersinde-orman-yangini\/#breadcrumb","itemListElement":[{"@type":"ListItem","position":1,"name":"Anasayfa","item":"https:\/\/memurunsesi.net\/"},{"@type":"ListItem","position":2,"name":"Mersin&#8217;de orman yang\u0131n\u0131"}]},{"@type":"WebSite","@id":"https:\/\/memurunsesi.net\/#website","url":"https:\/\/memurunsesi.net\/","name":"Memurun Sesi","description":"G\u00fcncel ve Do\u011fru Haber","publisher":{"@id":"https:\/\/memurunsesi.net\/#organization"},"potentialAction":[{"@type":"SearchAction","target":{"@type":"EntryPoint","urlTemplate":"https:\/\/memurunsesi.net\/?s={search_term_string}"},"query-input":{"@type":"PropertyValueSpecification","valueRequired":true,"valueName":"search_term_string"}}],"inLanguage":"tr"},{"@type":"Organization","@id":"https:\/\/memurunsesi.net\/#organization","name":"Memurun Sesi","url":"https:\/\/memurunsesi.net\/","logo":{"@type":"ImageObject","inLanguage":"tr","@id":"https:\/\/memurunsesi.net\/#\/schema\/logo\/image\/","url":"https:\/\/memurunsesi.net\/wp-content\/uploads\/2025\/11\/cropped-MEMURUN-SESI.png","contentUrl":"https:\/\/memurunsesi.net\/wp-content\/uploads\/2025\/11\/cropped-MEMURUN-SESI.png","width":238,"height":57,"caption":"Memurun Sesi"},"image":{"@id":"https:\/\/memurunsesi.net\/#\/schema\/logo\/image\/"},"sameAs":["https:\/\/www.facebook.com\/unipersen\/?locale=tr_TR","https:\/\/x.com\/unipersen"]},{"@type":"Person","@id":"https:\/\/memurunsesi.net\/#\/schema\/person\/f21c2d73b89f6ee1d80b0a1803e38587","name":"Memurun Sesi Haber Merkezi","image":{"@type":"ImageObject","inLanguage":"tr","@id":"https:\/\/secure.gravatar.com\/avatar\/6cf0505f452ee753f485014986fab09a434671d2b919ee76fc541025c5876a70?s=96&d=mm&r=g","url":"https:\/\/secure.gravatar.com\/avatar\/6cf0505f452ee753f485014986fab09a434671d2b919ee76fc541025c5876a70?s=96&d=mm&r=g","contentUrl":"https:\/\/secure.gravatar.com\/avatar\/6cf0505f452ee753f485014986fab09a434671d2b919ee76fc541025c5876a70?s=96&d=mm&r=g","caption":"Memurun Sesi Haber Merkezi"},"sameAs":["https:\/\/memurunsesi.net"],"url":"https:\/\/memurunsesi.net\/index.php\/author\/uniper\/"}]}},"_links":{"self":[{"href":"https:\/\/memurunsesi.net\/index.php\/wp-json\/wp\/v2\/posts\/9636","targetHints":{"allow":["GET"]}}],"collection":[{"href":"https:\/\/memurunsesi.net\/index.php\/wp-json\/wp\/v2\/posts"}],"about":[{"href":"https:\/\/memurunsesi.net\/index.php\/wp-json\/wp\/v2\/types\/post"}],"author":[{"embeddable":true,"href":"https:\/\/memurunsesi.net\/index.php\/wp-json\/wp\/v2\/users\/1"}],"replies":[{"embeddable":true,"href":"https:\/\/memurunsesi.net\/index.php\/wp-json\/wp\/v2\/comments?post=9636"}],"version-history":[{"count":1,"href":"https:\/\/memurunsesi.net\/index.php\/wp-json\/wp\/v2\/posts\/9636\/revisions"}],"predecessor-version":[{"id":9638,"href":"https:\/\/memurunsesi.net\/index.php\/wp-json\/wp\/v2\/posts\/9636\/revisions\/9638"}],"wp:featuredmedia":[{"embeddable":true,"href":"https:\/\/memurunsesi.net\/index.php\/wp-json\/wp\/v2\/media\/9637"}],"wp:attachment":[{"href":"https:\/\/memurunsesi.net\/index.php\/wp-json\/wp\/v2\/media?parent=9636"}],"wp:term":[{"taxonomy":"category","embeddable":true,"href":"https:\/\/memurunsesi.net\/index.php\/wp-json\/wp\/v2\/categories?post=9636"},{"taxonomy":"post_tag","embeddable":true,"href":"https:\/\/memurunsesi.net\/index.php\/wp-json\/wp\/v2\/tags?post=9636"}],"curies":[{"name":"wp","href":"https:\/\/api.w.org\/{rel}","templated":true}]}}