{"id":9639,"date":"2025-07-26T08:01:59","date_gmt":"2025-07-26T05:01:59","guid":{"rendered":"https:\/\/memurunsesi.net\/?p=9639"},"modified":"2025-07-26T08:01:59","modified_gmt":"2025-07-26T05:01:59","slug":"karsta-selin-gelis-ani-kamerada","status":"publish","type":"post","link":"https:\/\/memurunsesi.net\/index.php\/2025\/07\/26\/karsta-selin-gelis-ani-kamerada\/","title":{"rendered":"Kars&#8217;ta selin geli\u015f an\u0131 kamerada"},"content":{"rendered":"<p>  Kars&#8217;\u0131 \u00f6nceki g\u00fcn vuran \u015fiddetli ya\u011f\u0131\u015flar, k\u0131sa s\u00fcrede sele neden oldu. Selin en \u015fiddetli anlar\u0131 bir vatanda\u015f\u0131n cep telefonu kameras\u0131na yans\u0131d\u0131.<br \/>\n  Kars\u2019\u0131n Ka\u011f\u0131zman il\u00e7esinde etkili olan ve 8 k\u00f6y\u00fcn zarar g\u00f6rd\u00fc\u011f\u00fc sa\u011fanak ya\u011f\u0131\u015f, g\u00fcnl\u00fck ya\u015fam\u0131 fel\u00e7 etti. Selin en etkili oldu\u011fu b\u00f6lgelerden birisi olan Ka\u011f\u0131zman Dut k\u00f6y\u00fcnde \u00e7ekilen g\u00f6r\u00fcnt\u00fcler, selin \u015fiddetini g\u00f6zler \u00f6n\u00fcne serdi. G\u00f6r\u00fcnt\u00fclerde, bir anda gelen sel sular\u0131n\u0131n ta\u015fk\u0131n koruma duvar\u0131na \u00e7arpmas\u0131, direkleri y\u0131kmas\u0131, k\u00f6yl\u00fclere ait malzemeleri s\u00fcr\u00fckleyip g\u00f6t\u00fcrmesi vatanda\u015flar\u0131n panik halinde konu\u015fmalar\u0131 yer al\u0131yor. <\/p>\n<p>  Selden 8 k\u00f6y zarar g\u00f6rd\u00fc<br \/>\n  \u00d6te yandan Ka\u011f\u0131zman\u2019da \u00f6nceki g\u00fcn ak\u015fam saatlerinde etkili olan sa\u011fanak ya\u011fmurun ard\u0131ndan gelen selden 8 k\u00f6y etkilendi. Dut, Duranlar, Ke\u015fik\u0131ran, Ya\u011fl\u0131ca, Kuryayla ve G\u00fcnendi k\u00f6ylerinde bir\u00e7ok ev, tar\u0131m arazileri ve ah\u0131rlarda zarar meydana geldi. K\u00f6ylerde hasar tespit \u00e7al\u0131\u015fmalar\u0131 ba\u015flat\u0131l\u0131rken, b\u00f6lge de UMKE, Karayollar\u0131 ve \u00d6zel \u0130dare ekipleri temizlik \u00e7al\u0131\u015fmalar\u0131 y\u00fcr\u00fct\u00fcyor. <\/p>\n<p>26.07.2025                              <\/p>\n","protected":false},"excerpt":{"rendered":"<p>Kars&#8217;\u0131 \u00f6nceki g\u00fcn vuran \u015fiddetli ya\u011f\u0131\u015flar, k\u0131sa s\u00fcrede sele neden oldu. Selin en \u015fiddetli anlar\u0131 bir vatanda\u015f\u0131n cep telefonu kameras\u0131na yans\u0131d\u0131. Kars\u2019\u0131n Ka\u011f\u0131zman il\u00e7esinde etkili olan ve 8 k\u00f6y\u00fcn zarar g\u00f6rd\u00fc\u011f\u00fc sa\u011fanak ya\u011f\u0131\u015f, g\u00fcnl\u00fck ya\u015fam\u0131 fel\u00e7 etti. Selin en etkili oldu\u011fu b\u00f6lgelerden birisi olan Ka\u011f\u0131zman Dut k\u00f6y\u00fcnde \u00e7ekilen g\u00f6r\u00fcnt\u00fcler, selin \u015fiddetini g\u00f6zler \u00f6n\u00fcne serdi. G\u00f6r\u00fcnt\u00fclerde, [&hellip;]<\/p>\n","protected":false},"author":1,"featured_media":9640,"comment_status":"open","ping_status":"open","sticky":false,"template":"","format":"standard","meta":{"footnotes":""},"categories":[50],"tags":[],"class_list":["post-9639","post","type-post","status-publish","format-standard","has-post-thumbnail","hentry","category-tum-haberler"],"yoast_head":"<!-- This site is optimized with the Yoast SEO plugin v27.4 - https:\/\/yoast.com\/product\/yoast-seo-wordpress\/ -->\n<title>Kars&#039;ta selin geli\u015f an\u0131 kamerada - Memurun Sesi<\/title>\n<meta name=\"robots\" content=\"index, follow, max-snippet:-1, max-image-preview:large, max-video-preview:-1\" \/>\n<link rel=\"canonical\" href=\"https:\/\/memurunsesi.net\/index.php\/2025\/07\/26\/karsta-selin-gelis-ani-kamerada\/\" \/>\n<meta property=\"og:locale\" content=\"tr_TR\" \/>\n<meta property=\"og:type\" content=\"article\" \/>\n<meta property=\"og:title\" content=\"Kars&#039;ta selin geli\u015f an\u0131 kamerada - Memurun Sesi\" \/>\n<meta property=\"og:description\" content=\"Kars&#8217;\u0131 \u00f6nceki g\u00fcn vuran \u015fiddetli ya\u011f\u0131\u015flar, k\u0131sa s\u00fcrede sele neden oldu. Selin en \u015fiddetli anlar\u0131 bir vatanda\u015f\u0131n cep telefonu kameras\u0131na yans\u0131d\u0131. Kars\u2019\u0131n Ka\u011f\u0131zman il\u00e7esinde etkili olan ve 8 k\u00f6y\u00fcn zarar g\u00f6rd\u00fc\u011f\u00fc sa\u011fanak ya\u011f\u0131\u015f, g\u00fcnl\u00fck ya\u015fam\u0131 fel\u00e7 etti. Selin en etkili oldu\u011fu b\u00f6lgelerden birisi olan Ka\u011f\u0131zman Dut k\u00f6y\u00fcnde \u00e7ekilen g\u00f6r\u00fcnt\u00fcler, selin \u015fiddetini g\u00f6zler \u00f6n\u00fcne serdi. G\u00f6r\u00fcnt\u00fclerde, [&hellip;]\" \/>\n<meta property=\"og:url\" content=\"https:\/\/memurunsesi.net\/index.php\/2025\/07\/26\/karsta-selin-gelis-ani-kamerada\/\" \/>\n<meta property=\"og:site_name\" content=\"Memurun Sesi\" \/>\n<meta property=\"article:publisher\" content=\"https:\/\/www.facebook.com\/unipersen\/?locale=tr_TR\" \/>\n<meta property=\"article:published_time\" content=\"2025-07-26T05:01:59+00:00\" \/>\n<meta property=\"og:image\" content=\"https:\/\/memurunsesi.net\/wp-content\/uploads\/2025\/07\/AW504635_01.jpg\" \/>\n\t<meta property=\"og:image:width\" content=\"1339\" \/>\n\t<meta property=\"og:image:height\" content=\"735\" \/>\n\t<meta property=\"og:image:type\" content=\"image\/jpeg\" \/>\n<meta name=\"author\" content=\"Memurun Sesi Haber Merkezi\" \/>\n<meta name=\"twitter:card\" content=\"summary_large_image\" \/>\n<meta name=\"twitter:creator\" content=\"@unipersen\" \/>\n<meta name=\"twitter:site\" content=\"@unipersen\" \/>\n<meta name=\"twitter:label1\" content=\"Yazan:\" \/>\n\t<meta name=\"twitter:data1\" content=\"Memurun Sesi Haber Merkezi\" \/>\n\t<meta name=\"twitter:label2\" content=\"Tahmini okuma s\u00fcresi\" \/>\n\t<meta name=\"twitter:data2\" content=\"1 dakika\" \/>\n<script type=\"application\/ld+json\" class=\"yoast-schema-graph\">{\"@context\":\"https:\\\/\\\/schema.org\",\"@graph\":[{\"@type\":\"Article\",\"@id\":\"https:\\\/\\\/memurunsesi.net\\\/index.php\\\/2025\\\/07\\\/26\\\/karsta-selin-gelis-ani-kamerada\\\/#article\",\"isPartOf\":{\"@id\":\"https:\\\/\\\/memurunsesi.net\\\/index.php\\\/2025\\\/07\\\/26\\\/karsta-selin-gelis-ani-kamerada\\\/\"},\"author\":{\"name\":\"Memurun Sesi Haber Merkezi\",\"@id\":\"https:\\\/\\\/memurunsesi.net\\\/#\\\/schema\\\/person\\\/f21c2d73b89f6ee1d80b0a1803e38587\"},\"headline\":\"Kars&#8217;ta selin geli\u015f an\u0131 kamerada\",\"datePublished\":\"2025-07-26T05:01:59+00:00\",\"mainEntityOfPage\":{\"@id\":\"https:\\\/\\\/memurunsesi.net\\\/index.php\\\/2025\\\/07\\\/26\\\/karsta-selin-gelis-ani-kamerada\\\/\"},\"wordCount\":210,\"commentCount\":0,\"publisher\":{\"@id\":\"https:\\\/\\\/memurunsesi.net\\\/#organization\"},\"image\":{\"@id\":\"https:\\\/\\\/memurunsesi.net\\\/index.php\\\/2025\\\/07\\\/26\\\/karsta-selin-gelis-ani-kamerada\\\/#primaryimage\"},\"thumbnailUrl\":\"https:\\\/\\\/memurunsesi.net\\\/wp-content\\\/uploads\\\/2025\\\/07\\\/AW504635_01.jpg\",\"articleSection\":[\"T\u00fcm Haberler\"],\"inLanguage\":\"tr\",\"potentialAction\":[{\"@type\":\"CommentAction\",\"name\":\"Comment\",\"target\":[\"https:\\\/\\\/memurunsesi.net\\\/index.php\\\/2025\\\/07\\\/26\\\/karsta-selin-gelis-ani-kamerada\\\/#respond\"]}]},{\"@type\":\"WebPage\",\"@id\":\"https:\\\/\\\/memurunsesi.net\\\/index.php\\\/2025\\\/07\\\/26\\\/karsta-selin-gelis-ani-kamerada\\\/\",\"url\":\"https:\\\/\\\/memurunsesi.net\\\/index.php\\\/2025\\\/07\\\/26\\\/karsta-selin-gelis-ani-kamerada\\\/\",\"name\":\"Kars'ta selin geli\u015f an\u0131 kamerada - Memurun Sesi\",\"isPartOf\":{\"@id\":\"https:\\\/\\\/memurunsesi.net\\\/#website\"},\"primaryImageOfPage\":{\"@id\":\"https:\\\/\\\/memurunsesi.net\\\/index.php\\\/2025\\\/07\\\/26\\\/karsta-selin-gelis-ani-kamerada\\\/#primaryimage\"},\"image\":{\"@id\":\"https:\\\/\\\/memurunsesi.net\\\/index.php\\\/2025\\\/07\\\/26\\\/karsta-selin-gelis-ani-kamerada\\\/#primaryimage\"},\"thumbnailUrl\":\"https:\\\/\\\/memurunsesi.net\\\/wp-content\\\/uploads\\\/2025\\\/07\\\/AW504635_01.jpg\",\"datePublished\":\"2025-07-26T05:01:59+00:00\",\"breadcrumb\":{\"@id\":\"https:\\\/\\\/memurunsesi.net\\\/index.php\\\/2025\\\/07\\\/26\\\/karsta-selin-gelis-ani-kamerada\\\/#breadcrumb\"},\"inLanguage\":\"tr\",\"potentialAction\":[{\"@type\":\"ReadAction\",\"target\":[\"https:\\\/\\\/memurunsesi.net\\\/index.php\\\/2025\\\/07\\\/26\\\/karsta-selin-gelis-ani-kamerada\\\/\"]}]},{\"@type\":\"ImageObject\",\"inLanguage\":\"tr\",\"@id\":\"https:\\\/\\\/memurunsesi.net\\\/index.php\\\/2025\\\/07\\\/26\\\/karsta-selin-gelis-ani-kamerada\\\/#primaryimage\",\"url\":\"https:\\\/\\\/memurunsesi.net\\\/wp-content\\\/uploads\\\/2025\\\/07\\\/AW504635_01.jpg\",\"contentUrl\":\"https:\\\/\\\/memurunsesi.net\\\/wp-content\\\/uploads\\\/2025\\\/07\\\/AW504635_01.jpg\",\"width\":1339,\"height\":735,\"caption\":\"KARS'TA SEL FELAKET\u0130 KAMERADA: O ANLAR SAN\u0130YE SAN\u0130YE KAYDED\u0130LD\u0130(KARS-\u0130HA) (SERKAN \u00c7A\u011eLAR\\\/KARS-\u0130HA) Kars'\u0131 \u00f6nceki g\u00fcn vuran \u015fiddetli ya\u011f\u0131\u015flar, k\u0131sa s\u00fcrede sele neden oldu. Selin en \u015fiddetli anlar\u0131 bir vatanda\u015f\u0131n cep telefonu kameras\u0131na yans\u0131d\u0131.\"},{\"@type\":\"BreadcrumbList\",\"@id\":\"https:\\\/\\\/memurunsesi.net\\\/index.php\\\/2025\\\/07\\\/26\\\/karsta-selin-gelis-ani-kamerada\\\/#breadcrumb\",\"itemListElement\":[{\"@type\":\"ListItem\",\"position\":1,\"name\":\"Anasayfa\",\"item\":\"https:\\\/\\\/memurunsesi.net\\\/\"},{\"@type\":\"ListItem\",\"position\":2,\"name\":\"Kars&#8217;ta selin geli\u015f an\u0131 kamerada\"}]},{\"@type\":\"WebSite\",\"@id\":\"https:\\\/\\\/memurunsesi.net\\\/#website\",\"url\":\"https:\\\/\\\/memurunsesi.net\\\/\",\"name\":\"Memurun Sesi\",\"description\":\"G\u00fcncel ve Do\u011fru Haber\",\"publisher\":{\"@id\":\"https:\\\/\\\/memurunsesi.net\\\/#organization\"},\"potentialAction\":[{\"@type\":\"SearchAction\",\"target\":{\"@type\":\"EntryPoint\",\"urlTemplate\":\"https:\\\/\\\/memurunsesi.net\\\/?s={search_term_string}\"},\"query-input\":{\"@type\":\"PropertyValueSpecification\",\"valueRequired\":true,\"valueName\":\"search_term_string\"}}],\"inLanguage\":\"tr\"},{\"@type\":\"Organization\",\"@id\":\"https:\\\/\\\/memurunsesi.net\\\/#organization\",\"name\":\"Memurun Sesi\",\"url\":\"https:\\\/\\\/memurunsesi.net\\\/\",\"logo\":{\"@type\":\"ImageObject\",\"inLanguage\":\"tr\",\"@id\":\"https:\\\/\\\/memurunsesi.net\\\/#\\\/schema\\\/logo\\\/image\\\/\",\"url\":\"https:\\\/\\\/memurunsesi.net\\\/wp-content\\\/uploads\\\/2025\\\/11\\\/cropped-MEMURUN-SESI.png\",\"contentUrl\":\"https:\\\/\\\/memurunsesi.net\\\/wp-content\\\/uploads\\\/2025\\\/11\\\/cropped-MEMURUN-SESI.png\",\"width\":238,\"height\":57,\"caption\":\"Memurun Sesi\"},\"image\":{\"@id\":\"https:\\\/\\\/memurunsesi.net\\\/#\\\/schema\\\/logo\\\/image\\\/\"},\"sameAs\":[\"https:\\\/\\\/www.facebook.com\\\/unipersen\\\/?locale=tr_TR\",\"https:\\\/\\\/x.com\\\/unipersen\"]},{\"@type\":\"Person\",\"@id\":\"https:\\\/\\\/memurunsesi.net\\\/#\\\/schema\\\/person\\\/f21c2d73b89f6ee1d80b0a1803e38587\",\"name\":\"Memurun Sesi Haber Merkezi\",\"image\":{\"@type\":\"ImageObject\",\"inLanguage\":\"tr\",\"@id\":\"https:\\\/\\\/secure.gravatar.com\\\/avatar\\\/6cf0505f452ee753f485014986fab09a434671d2b919ee76fc541025c5876a70?s=96&d=mm&r=g\",\"url\":\"https:\\\/\\\/secure.gravatar.com\\\/avatar\\\/6cf0505f452ee753f485014986fab09a434671d2b919ee76fc541025c5876a70?s=96&d=mm&r=g\",\"contentUrl\":\"https:\\\/\\\/secure.gravatar.com\\\/avatar\\\/6cf0505f452ee753f485014986fab09a434671d2b919ee76fc541025c5876a70?s=96&d=mm&r=g\",\"caption\":\"Memurun Sesi Haber Merkezi\"},\"sameAs\":[\"https:\\\/\\\/memurunsesi.net\"],\"url\":\"https:\\\/\\\/memurunsesi.net\\\/index.php\\\/author\\\/uniper\\\/\"}]}<\/script>\n<!-- \/ Yoast SEO plugin. -->","yoast_head_json":{"title":"Kars'ta selin geli\u015f an\u0131 kamerada - Memurun Sesi","robots":{"index":"index","follow":"follow","max-snippet":"max-snippet:-1","max-image-preview":"max-image-preview:large","max-video-preview":"max-video-preview:-1"},"canonical":"https:\/\/memurunsesi.net\/index.php\/2025\/07\/26\/karsta-selin-gelis-ani-kamerada\/","og_locale":"tr_TR","og_type":"article","og_title":"Kars'ta selin geli\u015f an\u0131 kamerada - Memurun Sesi","og_description":"Kars&#8217;\u0131 \u00f6nceki g\u00fcn vuran \u015fiddetli ya\u011f\u0131\u015flar, k\u0131sa s\u00fcrede sele neden oldu. Selin en \u015fiddetli anlar\u0131 bir vatanda\u015f\u0131n cep telefonu kameras\u0131na yans\u0131d\u0131. Kars\u2019\u0131n Ka\u011f\u0131zman il\u00e7esinde etkili olan ve 8 k\u00f6y\u00fcn zarar g\u00f6rd\u00fc\u011f\u00fc sa\u011fanak ya\u011f\u0131\u015f, g\u00fcnl\u00fck ya\u015fam\u0131 fel\u00e7 etti. Selin en etkili oldu\u011fu b\u00f6lgelerden birisi olan Ka\u011f\u0131zman Dut k\u00f6y\u00fcnde \u00e7ekilen g\u00f6r\u00fcnt\u00fcler, selin \u015fiddetini g\u00f6zler \u00f6n\u00fcne serdi. G\u00f6r\u00fcnt\u00fclerde, [&hellip;]","og_url":"https:\/\/memurunsesi.net\/index.php\/2025\/07\/26\/karsta-selin-gelis-ani-kamerada\/","og_site_name":"Memurun Sesi","article_publisher":"https:\/\/www.facebook.com\/unipersen\/?locale=tr_TR","article_published_time":"2025-07-26T05:01:59+00:00","og_image":[{"width":1339,"height":735,"url":"https:\/\/memurunsesi.net\/wp-content\/uploads\/2025\/07\/AW504635_01.jpg","type":"image\/jpeg"}],"author":"Memurun Sesi Haber Merkezi","twitter_card":"summary_large_image","twitter_creator":"@unipersen","twitter_site":"@unipersen","twitter_misc":{"Yazan:":"Memurun Sesi Haber Merkezi","Tahmini okuma s\u00fcresi":"1 dakika"},"schema":{"@context":"https:\/\/schema.org","@graph":[{"@type":"Article","@id":"https:\/\/memurunsesi.net\/index.php\/2025\/07\/26\/karsta-selin-gelis-ani-kamerada\/#article","isPartOf":{"@id":"https:\/\/memurunsesi.net\/index.php\/2025\/07\/26\/karsta-selin-gelis-ani-kamerada\/"},"author":{"name":"Memurun Sesi Haber Merkezi","@id":"https:\/\/memurunsesi.net\/#\/schema\/person\/f21c2d73b89f6ee1d80b0a1803e38587"},"headline":"Kars&#8217;ta selin geli\u015f an\u0131 kamerada","datePublished":"2025-07-26T05:01:59+00:00","mainEntityOfPage":{"@id":"https:\/\/memurunsesi.net\/index.php\/2025\/07\/26\/karsta-selin-gelis-ani-kamerada\/"},"wordCount":210,"commentCount":0,"publisher":{"@id":"https:\/\/memurunsesi.net\/#organization"},"image":{"@id":"https:\/\/memurunsesi.net\/index.php\/2025\/07\/26\/karsta-selin-gelis-ani-kamerada\/#primaryimage"},"thumbnailUrl":"https:\/\/memurunsesi.net\/wp-content\/uploads\/2025\/07\/AW504635_01.jpg","articleSection":["T\u00fcm Haberler"],"inLanguage":"tr","potentialAction":[{"@type":"CommentAction","name":"Comment","target":["https:\/\/memurunsesi.net\/index.php\/2025\/07\/26\/karsta-selin-gelis-ani-kamerada\/#respond"]}]},{"@type":"WebPage","@id":"https:\/\/memurunsesi.net\/index.php\/2025\/07\/26\/karsta-selin-gelis-ani-kamerada\/","url":"https:\/\/memurunsesi.net\/index.php\/2025\/07\/26\/karsta-selin-gelis-ani-kamerada\/","name":"Kars'ta selin geli\u015f an\u0131 kamerada - Memurun Sesi","isPartOf":{"@id":"https:\/\/memurunsesi.net\/#website"},"primaryImageOfPage":{"@id":"https:\/\/memurunsesi.net\/index.php\/2025\/07\/26\/karsta-selin-gelis-ani-kamerada\/#primaryimage"},"image":{"@id":"https:\/\/memurunsesi.net\/index.php\/2025\/07\/26\/karsta-selin-gelis-ani-kamerada\/#primaryimage"},"thumbnailUrl":"https:\/\/memurunsesi.net\/wp-content\/uploads\/2025\/07\/AW504635_01.jpg","datePublished":"2025-07-26T05:01:59+00:00","breadcrumb":{"@id":"https:\/\/memurunsesi.net\/index.php\/2025\/07\/26\/karsta-selin-gelis-ani-kamerada\/#breadcrumb"},"inLanguage":"tr","potentialAction":[{"@type":"ReadAction","target":["https:\/\/memurunsesi.net\/index.php\/2025\/07\/26\/karsta-selin-gelis-ani-kamerada\/"]}]},{"@type":"ImageObject","inLanguage":"tr","@id":"https:\/\/memurunsesi.net\/index.php\/2025\/07\/26\/karsta-selin-gelis-ani-kamerada\/#primaryimage","url":"https:\/\/memurunsesi.net\/wp-content\/uploads\/2025\/07\/AW504635_01.jpg","contentUrl":"https:\/\/memurunsesi.net\/wp-content\/uploads\/2025\/07\/AW504635_01.jpg","width":1339,"height":735,"caption":"KARS'TA SEL FELAKET\u0130 KAMERADA: O ANLAR SAN\u0130YE SAN\u0130YE KAYDED\u0130LD\u0130(KARS-\u0130HA) (SERKAN \u00c7A\u011eLAR\/KARS-\u0130HA) Kars'\u0131 \u00f6nceki g\u00fcn vuran \u015fiddetli ya\u011f\u0131\u015flar, k\u0131sa s\u00fcrede sele neden oldu. Selin en \u015fiddetli anlar\u0131 bir vatanda\u015f\u0131n cep telefonu kameras\u0131na yans\u0131d\u0131."},{"@type":"BreadcrumbList","@id":"https:\/\/memurunsesi.net\/index.php\/2025\/07\/26\/karsta-selin-gelis-ani-kamerada\/#breadcrumb","itemListElement":[{"@type":"ListItem","position":1,"name":"Anasayfa","item":"https:\/\/memurunsesi.net\/"},{"@type":"ListItem","position":2,"name":"Kars&#8217;ta selin geli\u015f an\u0131 kamerada"}]},{"@type":"WebSite","@id":"https:\/\/memurunsesi.net\/#website","url":"https:\/\/memurunsesi.net\/","name":"Memurun Sesi","description":"G\u00fcncel ve Do\u011fru Haber","publisher":{"@id":"https:\/\/memurunsesi.net\/#organization"},"potentialAction":[{"@type":"SearchAction","target":{"@type":"EntryPoint","urlTemplate":"https:\/\/memurunsesi.net\/?s={search_term_string}"},"query-input":{"@type":"PropertyValueSpecification","valueRequired":true,"valueName":"search_term_string"}}],"inLanguage":"tr"},{"@type":"Organization","@id":"https:\/\/memurunsesi.net\/#organization","name":"Memurun Sesi","url":"https:\/\/memurunsesi.net\/","logo":{"@type":"ImageObject","inLanguage":"tr","@id":"https:\/\/memurunsesi.net\/#\/schema\/logo\/image\/","url":"https:\/\/memurunsesi.net\/wp-content\/uploads\/2025\/11\/cropped-MEMURUN-SESI.png","contentUrl":"https:\/\/memurunsesi.net\/wp-content\/uploads\/2025\/11\/cropped-MEMURUN-SESI.png","width":238,"height":57,"caption":"Memurun Sesi"},"image":{"@id":"https:\/\/memurunsesi.net\/#\/schema\/logo\/image\/"},"sameAs":["https:\/\/www.facebook.com\/unipersen\/?locale=tr_TR","https:\/\/x.com\/unipersen"]},{"@type":"Person","@id":"https:\/\/memurunsesi.net\/#\/schema\/person\/f21c2d73b89f6ee1d80b0a1803e38587","name":"Memurun Sesi Haber Merkezi","image":{"@type":"ImageObject","inLanguage":"tr","@id":"https:\/\/secure.gravatar.com\/avatar\/6cf0505f452ee753f485014986fab09a434671d2b919ee76fc541025c5876a70?s=96&d=mm&r=g","url":"https:\/\/secure.gravatar.com\/avatar\/6cf0505f452ee753f485014986fab09a434671d2b919ee76fc541025c5876a70?s=96&d=mm&r=g","contentUrl":"https:\/\/secure.gravatar.com\/avatar\/6cf0505f452ee753f485014986fab09a434671d2b919ee76fc541025c5876a70?s=96&d=mm&r=g","caption":"Memurun Sesi Haber Merkezi"},"sameAs":["https:\/\/memurunsesi.net"],"url":"https:\/\/memurunsesi.net\/index.php\/author\/uniper\/"}]}},"_links":{"self":[{"href":"https:\/\/memurunsesi.net\/index.php\/wp-json\/wp\/v2\/posts\/9639","targetHints":{"allow":["GET"]}}],"collection":[{"href":"https:\/\/memurunsesi.net\/index.php\/wp-json\/wp\/v2\/posts"}],"about":[{"href":"https:\/\/memurunsesi.net\/index.php\/wp-json\/wp\/v2\/types\/post"}],"author":[{"embeddable":true,"href":"https:\/\/memurunsesi.net\/index.php\/wp-json\/wp\/v2\/users\/1"}],"replies":[{"embeddable":true,"href":"https:\/\/memurunsesi.net\/index.php\/wp-json\/wp\/v2\/comments?post=9639"}],"version-history":[{"count":1,"href":"https:\/\/memurunsesi.net\/index.php\/wp-json\/wp\/v2\/posts\/9639\/revisions"}],"predecessor-version":[{"id":9641,"href":"https:\/\/memurunsesi.net\/index.php\/wp-json\/wp\/v2\/posts\/9639\/revisions\/9641"}],"wp:featuredmedia":[{"embeddable":true,"href":"https:\/\/memurunsesi.net\/index.php\/wp-json\/wp\/v2\/media\/9640"}],"wp:attachment":[{"href":"https:\/\/memurunsesi.net\/index.php\/wp-json\/wp\/v2\/media?parent=9639"}],"wp:term":[{"taxonomy":"category","embeddable":true,"href":"https:\/\/memurunsesi.net\/index.php\/wp-json\/wp\/v2\/categories?post=9639"},{"taxonomy":"post_tag","embeddable":true,"href":"https:\/\/memurunsesi.net\/index.php\/wp-json\/wp\/v2\/tags?post=9639"}],"curies":[{"name":"wp","href":"https:\/\/api.w.org\/{rel}","templated":true}]}}