{"id":9642,"date":"2025-07-26T08:03:03","date_gmt":"2025-07-26T05:03:03","guid":{"rendered":"https:\/\/memurunsesi.net\/?p=9642"},"modified":"2025-07-26T08:03:03","modified_gmt":"2025-07-26T05:03:03","slug":"alanyada-orman-yangininda-3-hektarlik-alan-zarar-gordu","status":"publish","type":"post","link":"https:\/\/memurunsesi.net\/index.php\/2025\/07\/26\/alanyada-orman-yangininda-3-hektarlik-alan-zarar-gordu\/","title":{"rendered":"Alanya&#8217;da orman yang\u0131n\u0131nda 3 hektarl\u0131k alan zarar g\u00f6rd\u00fc"},"content":{"rendered":"<p>  &#8211; Vatanda\u015flar\u0131n deste\u011fi ile yang\u0131n b\u00fcy\u00fcmeden kontrol alt\u0131na al\u0131nd\u0131 <\/p>\n<p>   Antalya&#8217;n\u0131n Alanya il\u00e7esinde gece saatlerinde \u00e7\u0131kan orman yang\u0131n\u0131nda yakla\u015f\u0131k 3 hektarl\u0131k alan zarar g\u00f6rd\u00fc.<br \/>\nYang\u0131n, gece saat 23.00 s\u0131ralar\u0131nda Alanya&#8217;n\u0131n Okurcalar Mahallesi Karaburun mevki ormanl\u0131k alanda meydana geldi. Yang\u0131n\u0131n fark edilmesi \u00fczerine b\u00f6lgeye Alanya Orman \u0130\u015fletme M\u00fcd\u00fcrl\u00fc\u011f\u00fc&#8217;ne ba\u011fl\u0131 7 araz\u00f6z, Antalya B\u00fcy\u00fck\u015fehir Belediyesi Alanya \u0130tfaiye ekiplerine ait 5 itfaiye arac\u0131, Alanya Belediyesi&#8217;ne ait 3 su tankeri, 4 kep\u00e7e ile Jandarma Asayi\u015f Timi&#8217;nden 6 ekip sevk edildi. Ekiplerin h\u0131zl\u0131 m\u00fcdahalesine \u00e7evredeki vatanda\u015flar da destek verdi. Yo\u011fun \u00e7aba sonucu yang\u0131n k\u0131sa s\u00fcrede b\u00fcy\u00fcmeden kontrol alt\u0131na al\u0131nd\u0131. Ormanl\u0131k alanda \u00e7\u0131kan yang\u0131nda yakla\u015f\u0131k 3 hektarl\u0131k alan zarar g\u00f6rd\u00fc.<br \/>\n  Yang\u0131n ihbar\u0131n\u0131 ald\u0131ktan sonra olay yerine giden ve ormanl\u0131k alanda s\u00f6nd\u00fcrme \u00e7al\u0131\u015fmalar\u0131na kat\u0131lan Okurcalar Mahallesi Muhtar\u0131 Hakan Akman  &#8220;B\u00f6lgemizde saat 23.00 civar\u0131 yang\u0131n ihbar\u0131 ald\u0131k. \u015euanda yang\u0131n\u0131 kontrol alt\u0131na ald\u0131k. Vatanda\u015flar\u0131m\u0131z\u0131n deste\u011fi ile yang\u0131n\u0131 \u015fuanda kontrol alt\u0131na ald\u0131k. \u015eu anda so\u011futma \u00e7al\u0131\u015fmalar\u0131 devam ediyor&#8221; dedi. <\/p>\n<p>26.07.2025                                  <\/p>\n","protected":false},"excerpt":{"rendered":"<p>&#8211; Vatanda\u015flar\u0131n deste\u011fi ile yang\u0131n b\u00fcy\u00fcmeden kontrol alt\u0131na al\u0131nd\u0131 Antalya&#8217;n\u0131n Alanya il\u00e7esinde gece saatlerinde \u00e7\u0131kan orman yang\u0131n\u0131nda yakla\u015f\u0131k 3 hektarl\u0131k alan zarar g\u00f6rd\u00fc. Yang\u0131n, gece saat 23.00 s\u0131ralar\u0131nda Alanya&#8217;n\u0131n Okurcalar Mahallesi Karaburun mevki ormanl\u0131k alanda meydana geldi. Yang\u0131n\u0131n fark edilmesi \u00fczerine b\u00f6lgeye Alanya Orman \u0130\u015fletme M\u00fcd\u00fcrl\u00fc\u011f\u00fc&#8217;ne ba\u011fl\u0131 7 araz\u00f6z, Antalya B\u00fcy\u00fck\u015fehir Belediyesi Alanya \u0130tfaiye ekiplerine [&hellip;]<\/p>\n","protected":false},"author":1,"featured_media":9643,"comment_status":"open","ping_status":"open","sticky":false,"template":"","format":"standard","meta":{"footnotes":""},"categories":[1],"tags":[],"class_list":["post-9642","post","type-post","status-publish","format-standard","has-post-thumbnail","hentry","category-genel"],"yoast_head":"<!-- This site is optimized with the Yoast SEO plugin v27.4 - https:\/\/yoast.com\/product\/yoast-seo-wordpress\/ -->\n<title>Alanya&#039;da orman yang\u0131n\u0131nda 3 hektarl\u0131k alan zarar g\u00f6rd\u00fc - Memurun Sesi<\/title>\n<meta name=\"robots\" content=\"index, follow, max-snippet:-1, max-image-preview:large, max-video-preview:-1\" \/>\n<link rel=\"canonical\" href=\"https:\/\/memurunsesi.net\/index.php\/2025\/07\/26\/alanyada-orman-yangininda-3-hektarlik-alan-zarar-gordu\/\" \/>\n<meta property=\"og:locale\" content=\"tr_TR\" \/>\n<meta property=\"og:type\" content=\"article\" \/>\n<meta property=\"og:title\" content=\"Alanya&#039;da orman yang\u0131n\u0131nda 3 hektarl\u0131k alan zarar g\u00f6rd\u00fc - Memurun Sesi\" \/>\n<meta property=\"og:description\" content=\"&#8211; Vatanda\u015flar\u0131n deste\u011fi ile yang\u0131n b\u00fcy\u00fcmeden kontrol alt\u0131na al\u0131nd\u0131 Antalya&#8217;n\u0131n Alanya il\u00e7esinde gece saatlerinde \u00e7\u0131kan orman yang\u0131n\u0131nda yakla\u015f\u0131k 3 hektarl\u0131k alan zarar g\u00f6rd\u00fc. Yang\u0131n, gece saat 23.00 s\u0131ralar\u0131nda Alanya&#8217;n\u0131n Okurcalar Mahallesi Karaburun mevki ormanl\u0131k alanda meydana geldi. Yang\u0131n\u0131n fark edilmesi \u00fczerine b\u00f6lgeye Alanya Orman \u0130\u015fletme M\u00fcd\u00fcrl\u00fc\u011f\u00fc&#8217;ne ba\u011fl\u0131 7 araz\u00f6z, Antalya B\u00fcy\u00fck\u015fehir Belediyesi Alanya \u0130tfaiye ekiplerine [&hellip;]\" \/>\n<meta property=\"og:url\" content=\"https:\/\/memurunsesi.net\/index.php\/2025\/07\/26\/alanyada-orman-yangininda-3-hektarlik-alan-zarar-gordu\/\" \/>\n<meta property=\"og:site_name\" content=\"Memurun Sesi\" \/>\n<meta property=\"article:publisher\" content=\"https:\/\/www.facebook.com\/unipersen\/?locale=tr_TR\" \/>\n<meta property=\"article:published_time\" content=\"2025-07-26T05:03:03+00:00\" \/>\n<meta property=\"og:image\" content=\"https:\/\/memurunsesi.net\/wp-content\/uploads\/2025\/07\/AW504634_01.jpg\" \/>\n\t<meta property=\"og:image:width\" content=\"1600\" \/>\n\t<meta property=\"og:image:height\" content=\"900\" \/>\n\t<meta property=\"og:image:type\" content=\"image\/jpeg\" \/>\n<meta name=\"author\" content=\"Memurun Sesi Haber Merkezi\" \/>\n<meta name=\"twitter:card\" content=\"summary_large_image\" \/>\n<meta name=\"twitter:creator\" content=\"@unipersen\" \/>\n<meta name=\"twitter:site\" content=\"@unipersen\" \/>\n<meta name=\"twitter:label1\" content=\"Yazan:\" \/>\n\t<meta name=\"twitter:data1\" content=\"Memurun Sesi Haber Merkezi\" \/>\n\t<meta name=\"twitter:label2\" content=\"Tahmini okuma s\u00fcresi\" \/>\n\t<meta name=\"twitter:data2\" content=\"1 dakika\" \/>\n<script type=\"application\/ld+json\" class=\"yoast-schema-graph\">{\"@context\":\"https:\\\/\\\/schema.org\",\"@graph\":[{\"@type\":\"Article\",\"@id\":\"https:\\\/\\\/memurunsesi.net\\\/index.php\\\/2025\\\/07\\\/26\\\/alanyada-orman-yangininda-3-hektarlik-alan-zarar-gordu\\\/#article\",\"isPartOf\":{\"@id\":\"https:\\\/\\\/memurunsesi.net\\\/index.php\\\/2025\\\/07\\\/26\\\/alanyada-orman-yangininda-3-hektarlik-alan-zarar-gordu\\\/\"},\"author\":{\"name\":\"Memurun Sesi Haber Merkezi\",\"@id\":\"https:\\\/\\\/memurunsesi.net\\\/#\\\/schema\\\/person\\\/f21c2d73b89f6ee1d80b0a1803e38587\"},\"headline\":\"Alanya&#8217;da orman yang\u0131n\u0131nda 3 hektarl\u0131k alan zarar g\u00f6rd\u00fc\",\"datePublished\":\"2025-07-26T05:03:03+00:00\",\"mainEntityOfPage\":{\"@id\":\"https:\\\/\\\/memurunsesi.net\\\/index.php\\\/2025\\\/07\\\/26\\\/alanyada-orman-yangininda-3-hektarlik-alan-zarar-gordu\\\/\"},\"wordCount\":228,\"commentCount\":0,\"publisher\":{\"@id\":\"https:\\\/\\\/memurunsesi.net\\\/#organization\"},\"image\":{\"@id\":\"https:\\\/\\\/memurunsesi.net\\\/index.php\\\/2025\\\/07\\\/26\\\/alanyada-orman-yangininda-3-hektarlik-alan-zarar-gordu\\\/#primaryimage\"},\"thumbnailUrl\":\"https:\\\/\\\/memurunsesi.net\\\/wp-content\\\/uploads\\\/2025\\\/07\\\/AW504634_01.jpg\",\"inLanguage\":\"tr\",\"potentialAction\":[{\"@type\":\"CommentAction\",\"name\":\"Comment\",\"target\":[\"https:\\\/\\\/memurunsesi.net\\\/index.php\\\/2025\\\/07\\\/26\\\/alanyada-orman-yangininda-3-hektarlik-alan-zarar-gordu\\\/#respond\"]}]},{\"@type\":\"WebPage\",\"@id\":\"https:\\\/\\\/memurunsesi.net\\\/index.php\\\/2025\\\/07\\\/26\\\/alanyada-orman-yangininda-3-hektarlik-alan-zarar-gordu\\\/\",\"url\":\"https:\\\/\\\/memurunsesi.net\\\/index.php\\\/2025\\\/07\\\/26\\\/alanyada-orman-yangininda-3-hektarlik-alan-zarar-gordu\\\/\",\"name\":\"Alanya'da orman yang\u0131n\u0131nda 3 hektarl\u0131k alan zarar g\u00f6rd\u00fc - Memurun Sesi\",\"isPartOf\":{\"@id\":\"https:\\\/\\\/memurunsesi.net\\\/#website\"},\"primaryImageOfPage\":{\"@id\":\"https:\\\/\\\/memurunsesi.net\\\/index.php\\\/2025\\\/07\\\/26\\\/alanyada-orman-yangininda-3-hektarlik-alan-zarar-gordu\\\/#primaryimage\"},\"image\":{\"@id\":\"https:\\\/\\\/memurunsesi.net\\\/index.php\\\/2025\\\/07\\\/26\\\/alanyada-orman-yangininda-3-hektarlik-alan-zarar-gordu\\\/#primaryimage\"},\"thumbnailUrl\":\"https:\\\/\\\/memurunsesi.net\\\/wp-content\\\/uploads\\\/2025\\\/07\\\/AW504634_01.jpg\",\"datePublished\":\"2025-07-26T05:03:03+00:00\",\"breadcrumb\":{\"@id\":\"https:\\\/\\\/memurunsesi.net\\\/index.php\\\/2025\\\/07\\\/26\\\/alanyada-orman-yangininda-3-hektarlik-alan-zarar-gordu\\\/#breadcrumb\"},\"inLanguage\":\"tr\",\"potentialAction\":[{\"@type\":\"ReadAction\",\"target\":[\"https:\\\/\\\/memurunsesi.net\\\/index.php\\\/2025\\\/07\\\/26\\\/alanyada-orman-yangininda-3-hektarlik-alan-zarar-gordu\\\/\"]}]},{\"@type\":\"ImageObject\",\"inLanguage\":\"tr\",\"@id\":\"https:\\\/\\\/memurunsesi.net\\\/index.php\\\/2025\\\/07\\\/26\\\/alanyada-orman-yangininda-3-hektarlik-alan-zarar-gordu\\\/#primaryimage\",\"url\":\"https:\\\/\\\/memurunsesi.net\\\/wp-content\\\/uploads\\\/2025\\\/07\\\/AW504634_01.jpg\",\"contentUrl\":\"https:\\\/\\\/memurunsesi.net\\\/wp-content\\\/uploads\\\/2025\\\/07\\\/AW504634_01.jpg\",\"width\":1600,\"height\":900,\"caption\":\"ANTALYA'NIN ALANYA \u0130L\u00c7ES\u0130 OKURCALAR MAHALLES\u0130 KARABURUN MEVK\u0130\u0130NDE GECE SAATLER\u0130NDE ORMAN YANGINI MEYDANA GELD\u0130. \u0130LK BEL\u0130RLEMELERE G\u00d6RE Y\u00dcKSEK GER\u0130L\u0130M HATTINDAN \u00c7IKTI\u011eI DE\u011eERLEND\u0130R\u0130LEN YANGINDA YAKLA\u015eIK 3 HEKTARLIK ALAN ZARAR G\u00d6RD\u00dc. (RECEP KARCI\\\/ANTALYA-\u0130HA) Antalya'n\u0131n Alanya il\u00e7esinde gece saatlerinde \u00e7\u0131kan orman yang\u0131n\u0131nda yakla\u015f\u0131k 3 hektarl\u0131k alan zarar g\u00f6rd\u00fc.\"},{\"@type\":\"BreadcrumbList\",\"@id\":\"https:\\\/\\\/memurunsesi.net\\\/index.php\\\/2025\\\/07\\\/26\\\/alanyada-orman-yangininda-3-hektarlik-alan-zarar-gordu\\\/#breadcrumb\",\"itemListElement\":[{\"@type\":\"ListItem\",\"position\":1,\"name\":\"Anasayfa\",\"item\":\"https:\\\/\\\/memurunsesi.net\\\/\"},{\"@type\":\"ListItem\",\"position\":2,\"name\":\"Alanya&#8217;da orman yang\u0131n\u0131nda 3 hektarl\u0131k alan zarar g\u00f6rd\u00fc\"}]},{\"@type\":\"WebSite\",\"@id\":\"https:\\\/\\\/memurunsesi.net\\\/#website\",\"url\":\"https:\\\/\\\/memurunsesi.net\\\/\",\"name\":\"Memurun Sesi\",\"description\":\"G\u00fcncel ve Do\u011fru Haber\",\"publisher\":{\"@id\":\"https:\\\/\\\/memurunsesi.net\\\/#organization\"},\"potentialAction\":[{\"@type\":\"SearchAction\",\"target\":{\"@type\":\"EntryPoint\",\"urlTemplate\":\"https:\\\/\\\/memurunsesi.net\\\/?s={search_term_string}\"},\"query-input\":{\"@type\":\"PropertyValueSpecification\",\"valueRequired\":true,\"valueName\":\"search_term_string\"}}],\"inLanguage\":\"tr\"},{\"@type\":\"Organization\",\"@id\":\"https:\\\/\\\/memurunsesi.net\\\/#organization\",\"name\":\"Memurun Sesi\",\"url\":\"https:\\\/\\\/memurunsesi.net\\\/\",\"logo\":{\"@type\":\"ImageObject\",\"inLanguage\":\"tr\",\"@id\":\"https:\\\/\\\/memurunsesi.net\\\/#\\\/schema\\\/logo\\\/image\\\/\",\"url\":\"https:\\\/\\\/memurunsesi.net\\\/wp-content\\\/uploads\\\/2025\\\/11\\\/cropped-MEMURUN-SESI.png\",\"contentUrl\":\"https:\\\/\\\/memurunsesi.net\\\/wp-content\\\/uploads\\\/2025\\\/11\\\/cropped-MEMURUN-SESI.png\",\"width\":238,\"height\":57,\"caption\":\"Memurun Sesi\"},\"image\":{\"@id\":\"https:\\\/\\\/memurunsesi.net\\\/#\\\/schema\\\/logo\\\/image\\\/\"},\"sameAs\":[\"https:\\\/\\\/www.facebook.com\\\/unipersen\\\/?locale=tr_TR\",\"https:\\\/\\\/x.com\\\/unipersen\"]},{\"@type\":\"Person\",\"@id\":\"https:\\\/\\\/memurunsesi.net\\\/#\\\/schema\\\/person\\\/f21c2d73b89f6ee1d80b0a1803e38587\",\"name\":\"Memurun Sesi Haber Merkezi\",\"image\":{\"@type\":\"ImageObject\",\"inLanguage\":\"tr\",\"@id\":\"https:\\\/\\\/secure.gravatar.com\\\/avatar\\\/6cf0505f452ee753f485014986fab09a434671d2b919ee76fc541025c5876a70?s=96&d=mm&r=g\",\"url\":\"https:\\\/\\\/secure.gravatar.com\\\/avatar\\\/6cf0505f452ee753f485014986fab09a434671d2b919ee76fc541025c5876a70?s=96&d=mm&r=g\",\"contentUrl\":\"https:\\\/\\\/secure.gravatar.com\\\/avatar\\\/6cf0505f452ee753f485014986fab09a434671d2b919ee76fc541025c5876a70?s=96&d=mm&r=g\",\"caption\":\"Memurun Sesi Haber Merkezi\"},\"sameAs\":[\"https:\\\/\\\/memurunsesi.net\"],\"url\":\"https:\\\/\\\/memurunsesi.net\\\/index.php\\\/author\\\/uniper\\\/\"}]}<\/script>\n<!-- \/ Yoast SEO plugin. -->","yoast_head_json":{"title":"Alanya'da orman yang\u0131n\u0131nda 3 hektarl\u0131k alan zarar g\u00f6rd\u00fc - Memurun Sesi","robots":{"index":"index","follow":"follow","max-snippet":"max-snippet:-1","max-image-preview":"max-image-preview:large","max-video-preview":"max-video-preview:-1"},"canonical":"https:\/\/memurunsesi.net\/index.php\/2025\/07\/26\/alanyada-orman-yangininda-3-hektarlik-alan-zarar-gordu\/","og_locale":"tr_TR","og_type":"article","og_title":"Alanya'da orman yang\u0131n\u0131nda 3 hektarl\u0131k alan zarar g\u00f6rd\u00fc - Memurun Sesi","og_description":"&#8211; Vatanda\u015flar\u0131n deste\u011fi ile yang\u0131n b\u00fcy\u00fcmeden kontrol alt\u0131na al\u0131nd\u0131 Antalya&#8217;n\u0131n Alanya il\u00e7esinde gece saatlerinde \u00e7\u0131kan orman yang\u0131n\u0131nda yakla\u015f\u0131k 3 hektarl\u0131k alan zarar g\u00f6rd\u00fc. Yang\u0131n, gece saat 23.00 s\u0131ralar\u0131nda Alanya&#8217;n\u0131n Okurcalar Mahallesi Karaburun mevki ormanl\u0131k alanda meydana geldi. Yang\u0131n\u0131n fark edilmesi \u00fczerine b\u00f6lgeye Alanya Orman \u0130\u015fletme M\u00fcd\u00fcrl\u00fc\u011f\u00fc&#8217;ne ba\u011fl\u0131 7 araz\u00f6z, Antalya B\u00fcy\u00fck\u015fehir Belediyesi Alanya \u0130tfaiye ekiplerine [&hellip;]","og_url":"https:\/\/memurunsesi.net\/index.php\/2025\/07\/26\/alanyada-orman-yangininda-3-hektarlik-alan-zarar-gordu\/","og_site_name":"Memurun Sesi","article_publisher":"https:\/\/www.facebook.com\/unipersen\/?locale=tr_TR","article_published_time":"2025-07-26T05:03:03+00:00","og_image":[{"width":1600,"height":900,"url":"https:\/\/memurunsesi.net\/wp-content\/uploads\/2025\/07\/AW504634_01.jpg","type":"image\/jpeg"}],"author":"Memurun Sesi Haber Merkezi","twitter_card":"summary_large_image","twitter_creator":"@unipersen","twitter_site":"@unipersen","twitter_misc":{"Yazan:":"Memurun Sesi Haber Merkezi","Tahmini okuma s\u00fcresi":"1 dakika"},"schema":{"@context":"https:\/\/schema.org","@graph":[{"@type":"Article","@id":"https:\/\/memurunsesi.net\/index.php\/2025\/07\/26\/alanyada-orman-yangininda-3-hektarlik-alan-zarar-gordu\/#article","isPartOf":{"@id":"https:\/\/memurunsesi.net\/index.php\/2025\/07\/26\/alanyada-orman-yangininda-3-hektarlik-alan-zarar-gordu\/"},"author":{"name":"Memurun Sesi Haber Merkezi","@id":"https:\/\/memurunsesi.net\/#\/schema\/person\/f21c2d73b89f6ee1d80b0a1803e38587"},"headline":"Alanya&#8217;da orman yang\u0131n\u0131nda 3 hektarl\u0131k alan zarar g\u00f6rd\u00fc","datePublished":"2025-07-26T05:03:03+00:00","mainEntityOfPage":{"@id":"https:\/\/memurunsesi.net\/index.php\/2025\/07\/26\/alanyada-orman-yangininda-3-hektarlik-alan-zarar-gordu\/"},"wordCount":228,"commentCount":0,"publisher":{"@id":"https:\/\/memurunsesi.net\/#organization"},"image":{"@id":"https:\/\/memurunsesi.net\/index.php\/2025\/07\/26\/alanyada-orman-yangininda-3-hektarlik-alan-zarar-gordu\/#primaryimage"},"thumbnailUrl":"https:\/\/memurunsesi.net\/wp-content\/uploads\/2025\/07\/AW504634_01.jpg","inLanguage":"tr","potentialAction":[{"@type":"CommentAction","name":"Comment","target":["https:\/\/memurunsesi.net\/index.php\/2025\/07\/26\/alanyada-orman-yangininda-3-hektarlik-alan-zarar-gordu\/#respond"]}]},{"@type":"WebPage","@id":"https:\/\/memurunsesi.net\/index.php\/2025\/07\/26\/alanyada-orman-yangininda-3-hektarlik-alan-zarar-gordu\/","url":"https:\/\/memurunsesi.net\/index.php\/2025\/07\/26\/alanyada-orman-yangininda-3-hektarlik-alan-zarar-gordu\/","name":"Alanya'da orman yang\u0131n\u0131nda 3 hektarl\u0131k alan zarar g\u00f6rd\u00fc - Memurun Sesi","isPartOf":{"@id":"https:\/\/memurunsesi.net\/#website"},"primaryImageOfPage":{"@id":"https:\/\/memurunsesi.net\/index.php\/2025\/07\/26\/alanyada-orman-yangininda-3-hektarlik-alan-zarar-gordu\/#primaryimage"},"image":{"@id":"https:\/\/memurunsesi.net\/index.php\/2025\/07\/26\/alanyada-orman-yangininda-3-hektarlik-alan-zarar-gordu\/#primaryimage"},"thumbnailUrl":"https:\/\/memurunsesi.net\/wp-content\/uploads\/2025\/07\/AW504634_01.jpg","datePublished":"2025-07-26T05:03:03+00:00","breadcrumb":{"@id":"https:\/\/memurunsesi.net\/index.php\/2025\/07\/26\/alanyada-orman-yangininda-3-hektarlik-alan-zarar-gordu\/#breadcrumb"},"inLanguage":"tr","potentialAction":[{"@type":"ReadAction","target":["https:\/\/memurunsesi.net\/index.php\/2025\/07\/26\/alanyada-orman-yangininda-3-hektarlik-alan-zarar-gordu\/"]}]},{"@type":"ImageObject","inLanguage":"tr","@id":"https:\/\/memurunsesi.net\/index.php\/2025\/07\/26\/alanyada-orman-yangininda-3-hektarlik-alan-zarar-gordu\/#primaryimage","url":"https:\/\/memurunsesi.net\/wp-content\/uploads\/2025\/07\/AW504634_01.jpg","contentUrl":"https:\/\/memurunsesi.net\/wp-content\/uploads\/2025\/07\/AW504634_01.jpg","width":1600,"height":900,"caption":"ANTALYA'NIN ALANYA \u0130L\u00c7ES\u0130 OKURCALAR MAHALLES\u0130 KARABURUN MEVK\u0130\u0130NDE GECE SAATLER\u0130NDE ORMAN YANGINI MEYDANA GELD\u0130. \u0130LK BEL\u0130RLEMELERE G\u00d6RE Y\u00dcKSEK GER\u0130L\u0130M HATTINDAN \u00c7IKTI\u011eI DE\u011eERLEND\u0130R\u0130LEN YANGINDA YAKLA\u015eIK 3 HEKTARLIK ALAN ZARAR G\u00d6RD\u00dc. (RECEP KARCI\/ANTALYA-\u0130HA) Antalya'n\u0131n Alanya il\u00e7esinde gece saatlerinde \u00e7\u0131kan orman yang\u0131n\u0131nda yakla\u015f\u0131k 3 hektarl\u0131k alan zarar g\u00f6rd\u00fc."},{"@type":"BreadcrumbList","@id":"https:\/\/memurunsesi.net\/index.php\/2025\/07\/26\/alanyada-orman-yangininda-3-hektarlik-alan-zarar-gordu\/#breadcrumb","itemListElement":[{"@type":"ListItem","position":1,"name":"Anasayfa","item":"https:\/\/memurunsesi.net\/"},{"@type":"ListItem","position":2,"name":"Alanya&#8217;da orman yang\u0131n\u0131nda 3 hektarl\u0131k alan zarar g\u00f6rd\u00fc"}]},{"@type":"WebSite","@id":"https:\/\/memurunsesi.net\/#website","url":"https:\/\/memurunsesi.net\/","name":"Memurun Sesi","description":"G\u00fcncel ve Do\u011fru Haber","publisher":{"@id":"https:\/\/memurunsesi.net\/#organization"},"potentialAction":[{"@type":"SearchAction","target":{"@type":"EntryPoint","urlTemplate":"https:\/\/memurunsesi.net\/?s={search_term_string}"},"query-input":{"@type":"PropertyValueSpecification","valueRequired":true,"valueName":"search_term_string"}}],"inLanguage":"tr"},{"@type":"Organization","@id":"https:\/\/memurunsesi.net\/#organization","name":"Memurun Sesi","url":"https:\/\/memurunsesi.net\/","logo":{"@type":"ImageObject","inLanguage":"tr","@id":"https:\/\/memurunsesi.net\/#\/schema\/logo\/image\/","url":"https:\/\/memurunsesi.net\/wp-content\/uploads\/2025\/11\/cropped-MEMURUN-SESI.png","contentUrl":"https:\/\/memurunsesi.net\/wp-content\/uploads\/2025\/11\/cropped-MEMURUN-SESI.png","width":238,"height":57,"caption":"Memurun Sesi"},"image":{"@id":"https:\/\/memurunsesi.net\/#\/schema\/logo\/image\/"},"sameAs":["https:\/\/www.facebook.com\/unipersen\/?locale=tr_TR","https:\/\/x.com\/unipersen"]},{"@type":"Person","@id":"https:\/\/memurunsesi.net\/#\/schema\/person\/f21c2d73b89f6ee1d80b0a1803e38587","name":"Memurun Sesi Haber Merkezi","image":{"@type":"ImageObject","inLanguage":"tr","@id":"https:\/\/secure.gravatar.com\/avatar\/6cf0505f452ee753f485014986fab09a434671d2b919ee76fc541025c5876a70?s=96&d=mm&r=g","url":"https:\/\/secure.gravatar.com\/avatar\/6cf0505f452ee753f485014986fab09a434671d2b919ee76fc541025c5876a70?s=96&d=mm&r=g","contentUrl":"https:\/\/secure.gravatar.com\/avatar\/6cf0505f452ee753f485014986fab09a434671d2b919ee76fc541025c5876a70?s=96&d=mm&r=g","caption":"Memurun Sesi Haber Merkezi"},"sameAs":["https:\/\/memurunsesi.net"],"url":"https:\/\/memurunsesi.net\/index.php\/author\/uniper\/"}]}},"_links":{"self":[{"href":"https:\/\/memurunsesi.net\/index.php\/wp-json\/wp\/v2\/posts\/9642","targetHints":{"allow":["GET"]}}],"collection":[{"href":"https:\/\/memurunsesi.net\/index.php\/wp-json\/wp\/v2\/posts"}],"about":[{"href":"https:\/\/memurunsesi.net\/index.php\/wp-json\/wp\/v2\/types\/post"}],"author":[{"embeddable":true,"href":"https:\/\/memurunsesi.net\/index.php\/wp-json\/wp\/v2\/users\/1"}],"replies":[{"embeddable":true,"href":"https:\/\/memurunsesi.net\/index.php\/wp-json\/wp\/v2\/comments?post=9642"}],"version-history":[{"count":1,"href":"https:\/\/memurunsesi.net\/index.php\/wp-json\/wp\/v2\/posts\/9642\/revisions"}],"predecessor-version":[{"id":9644,"href":"https:\/\/memurunsesi.net\/index.php\/wp-json\/wp\/v2\/posts\/9642\/revisions\/9644"}],"wp:featuredmedia":[{"embeddable":true,"href":"https:\/\/memurunsesi.net\/index.php\/wp-json\/wp\/v2\/media\/9643"}],"wp:attachment":[{"href":"https:\/\/memurunsesi.net\/index.php\/wp-json\/wp\/v2\/media?parent=9642"}],"wp:term":[{"taxonomy":"category","embeddable":true,"href":"https:\/\/memurunsesi.net\/index.php\/wp-json\/wp\/v2\/categories?post=9642"},{"taxonomy":"post_tag","embeddable":true,"href":"https:\/\/memurunsesi.net\/index.php\/wp-json\/wp\/v2\/tags?post=9642"}],"curies":[{"name":"wp","href":"https:\/\/api.w.org\/{rel}","templated":true}]}}