{"id":9645,"date":"2025-07-26T08:04:31","date_gmt":"2025-07-26T05:04:31","guid":{"rendered":"https:\/\/memurunsesi.net\/?p=9645"},"modified":"2025-07-26T08:04:31","modified_gmt":"2025-07-26T05:04:31","slug":"polisten-kacan-ehliyetsiz-alkollu-surucunun-yakinlari-gazetecilere-saldirdi","status":"publish","type":"post","link":"https:\/\/memurunsesi.net\/index.php\/2025\/07\/26\/polisten-kacan-ehliyetsiz-alkollu-surucunun-yakinlari-gazetecilere-saldirdi\/","title":{"rendered":"Polisten ka\u00e7an ehliyetsiz alkoll\u00fc s\u00fcr\u00fcc\u00fcn\u00fcn yak\u0131nlar\u0131 gazetecilere sald\u0131rd\u0131"},"content":{"rendered":"<p>   Konya&#8217;da polis ekiplerinin dur ihtar\u0131na uymayarak polisten ka\u00e7an ehliyetsiz alkoll\u00fc s\u00fcr\u00fcc\u00fcn\u00fcn yak\u0131nlar\u0131 \u00e7ekim yapan gazetecilere sald\u0131rd\u0131.<br \/>\n  Olay, gece saatlerinde merkez Sel\u00e7uklu il\u00e7esi Selahaddin Eyyubi Caddesi Kahramanlar Caddesi \u00fczerine meydana geldi. Edinilen bilgiye g\u00f6re, 2 kere alkoll\u00fc ara\u00e7 kullanmaktan ehliyetine el konulan S.T. (23), 42 AOG 201 plakal\u0131 otomobili ile cadde \u00fczerine seyir halindeyken trafik ekiplerin dur ihtar\u0131na uymayarak ka\u00e7maya ba\u015flad\u0131. K\u0131sa s\u00fcren kovalamacan\u0131n ard\u0131ndan otomobil durdurularak s\u00fcr\u00fcc\u00fc S.T. ve ara\u00e7ta bulunan s\u00fcr\u00fcc\u00fcn\u00fcn yak\u0131n\u0131 olan 2 kad\u0131n otomobilden indirildi. \u015eah\u0131slar\u0131n trafik ekiplerine mukavemet g\u00f6stermesinin ard\u0131ndan adrese \u00e7ok say\u0131da polis ekibi sevk edildi. Ekipler taraf\u0131ndan s\u00fcr\u00fcc\u00fc S.T. kelep\u00e7e tak\u0131larak g\u00f6zalt\u0131na al\u0131nmaya \u00e7al\u0131\u015f\u0131l\u0131rken, s\u00fcr\u00fcc\u00fcn\u00fcn yak\u0131n\u0131 olan kad\u0131nlar olay\u0131 g\u00f6r\u00fcnt\u00fcleyen gazetecilere sald\u0131rd\u0131. Kad\u0131nlar, gazetecilerin \u00e7ekim yapt\u0131\u011f\u0131 telefona vurarak kendilerini g\u00f6r\u00fcnt\u00fcleyen gazetecilerin g\u00f6r\u00fcnt\u00fcs\u00fcn\u00fc \u00e7ekti ve \u015fikayet edeceklerini belirtti. Alkolmetreye \u00fcflemeyi ret eden S.T., yak\u0131nlar\u0131n\u0131n uzun s\u00fcren ikna \u00e7abas\u0131n\u0131n ard\u0131ndan alkolmetreye \u00fcflerken, 0.87 promil alkoll\u00fc oldu\u011fu tespit edildi. S\u00fcr\u00fcc\u00fc ve yak\u0131nlar\u0131 polis ekipleri taraf\u0131ndan ifadeleri al\u0131nmak \u00fczere polis merkezine g\u00f6t\u00fcr\u00fcld\u00fc. Polise mukavemet g\u00f6steren 2 kad\u0131n ifadesinin ard\u0131ndan serbest b\u0131rak\u0131l\u0131rken, s\u00fcr\u00fcc\u00fc S.T.\u2018bin emniyetteki i\u015flemlerinin ard\u0131ndan adliyeye sevk edilece\u011fi \u00f6\u011frenildi.<br \/>\n  Cadde \u00fczerinde ya\u015fanan olay \u00e7evrede bulunan vatanda\u015flar\u0131n da tepkisine sebep oldu. Vatanda\u015flar \u015fah\u0131slar\u0131n polislere zorluk \u00e7\u0131kard\u0131klar\u0131n\u0131 ifade etti. <\/p>\n<p>26.07.2025                                <\/p>\n","protected":false},"excerpt":{"rendered":"<p>Konya&#8217;da polis ekiplerinin dur ihtar\u0131na uymayarak polisten ka\u00e7an ehliyetsiz alkoll\u00fc s\u00fcr\u00fcc\u00fcn\u00fcn yak\u0131nlar\u0131 \u00e7ekim yapan gazetecilere sald\u0131rd\u0131. Olay, gece saatlerinde merkez Sel\u00e7uklu il\u00e7esi Selahaddin Eyyubi Caddesi Kahramanlar Caddesi \u00fczerine meydana geldi. Edinilen bilgiye g\u00f6re, 2 kere alkoll\u00fc ara\u00e7 kullanmaktan ehliyetine el konulan S.T. (23), 42 AOG 201 plakal\u0131 otomobili ile cadde \u00fczerine seyir halindeyken trafik ekiplerin [&hellip;]<\/p>\n","protected":false},"author":1,"featured_media":9646,"comment_status":"open","ping_status":"open","sticky":false,"template":"","format":"standard","meta":{"footnotes":""},"categories":[1],"tags":[],"class_list":["post-9645","post","type-post","status-publish","format-standard","has-post-thumbnail","hentry","category-genel"],"yoast_head":"<!-- This site is optimized with the Yoast SEO plugin v27.4 - https:\/\/yoast.com\/product\/yoast-seo-wordpress\/ -->\n<title>Polisten ka\u00e7an ehliyetsiz alkoll\u00fc s\u00fcr\u00fcc\u00fcn\u00fcn yak\u0131nlar\u0131 gazetecilere sald\u0131rd\u0131 - Memurun Sesi<\/title>\n<meta name=\"robots\" content=\"index, follow, max-snippet:-1, max-image-preview:large, max-video-preview:-1\" \/>\n<link rel=\"canonical\" href=\"https:\/\/memurunsesi.net\/index.php\/2025\/07\/26\/polisten-kacan-ehliyetsiz-alkollu-surucunun-yakinlari-gazetecilere-saldirdi\/\" \/>\n<meta property=\"og:locale\" content=\"tr_TR\" \/>\n<meta property=\"og:type\" content=\"article\" \/>\n<meta property=\"og:title\" content=\"Polisten ka\u00e7an ehliyetsiz alkoll\u00fc s\u00fcr\u00fcc\u00fcn\u00fcn yak\u0131nlar\u0131 gazetecilere sald\u0131rd\u0131 - Memurun Sesi\" \/>\n<meta property=\"og:description\" content=\"Konya&#8217;da polis ekiplerinin dur ihtar\u0131na uymayarak polisten ka\u00e7an ehliyetsiz alkoll\u00fc s\u00fcr\u00fcc\u00fcn\u00fcn yak\u0131nlar\u0131 \u00e7ekim yapan gazetecilere sald\u0131rd\u0131. Olay, gece saatlerinde merkez Sel\u00e7uklu il\u00e7esi Selahaddin Eyyubi Caddesi Kahramanlar Caddesi \u00fczerine meydana geldi. Edinilen bilgiye g\u00f6re, 2 kere alkoll\u00fc ara\u00e7 kullanmaktan ehliyetine el konulan S.T. (23), 42 AOG 201 plakal\u0131 otomobili ile cadde \u00fczerine seyir halindeyken trafik ekiplerin [&hellip;]\" \/>\n<meta property=\"og:url\" content=\"https:\/\/memurunsesi.net\/index.php\/2025\/07\/26\/polisten-kacan-ehliyetsiz-alkollu-surucunun-yakinlari-gazetecilere-saldirdi\/\" \/>\n<meta property=\"og:site_name\" content=\"Memurun Sesi\" \/>\n<meta property=\"article:publisher\" content=\"https:\/\/www.facebook.com\/unipersen\/?locale=tr_TR\" \/>\n<meta property=\"article:published_time\" content=\"2025-07-26T05:04:31+00:00\" \/>\n<meta property=\"og:image\" content=\"https:\/\/memurunsesi.net\/wp-content\/uploads\/2025\/07\/AW504633_01.jpg\" \/>\n\t<meta property=\"og:image:width\" content=\"644\" \/>\n\t<meta property=\"og:image:height\" content=\"383\" \/>\n\t<meta property=\"og:image:type\" content=\"image\/jpeg\" \/>\n<meta name=\"author\" content=\"Memurun Sesi Haber Merkezi\" \/>\n<meta name=\"twitter:card\" content=\"summary_large_image\" \/>\n<meta name=\"twitter:creator\" content=\"@unipersen\" \/>\n<meta name=\"twitter:site\" content=\"@unipersen\" \/>\n<meta name=\"twitter:label1\" content=\"Yazan:\" \/>\n\t<meta name=\"twitter:data1\" content=\"Memurun Sesi Haber Merkezi\" \/>\n\t<meta name=\"twitter:label2\" content=\"Tahmini okuma s\u00fcresi\" \/>\n\t<meta name=\"twitter:data2\" content=\"1 dakika\" \/>\n<script type=\"application\/ld+json\" class=\"yoast-schema-graph\">{\"@context\":\"https:\\\/\\\/schema.org\",\"@graph\":[{\"@type\":\"Article\",\"@id\":\"https:\\\/\\\/memurunsesi.net\\\/index.php\\\/2025\\\/07\\\/26\\\/polisten-kacan-ehliyetsiz-alkollu-surucunun-yakinlari-gazetecilere-saldirdi\\\/#article\",\"isPartOf\":{\"@id\":\"https:\\\/\\\/memurunsesi.net\\\/index.php\\\/2025\\\/07\\\/26\\\/polisten-kacan-ehliyetsiz-alkollu-surucunun-yakinlari-gazetecilere-saldirdi\\\/\"},\"author\":{\"name\":\"Memurun Sesi Haber Merkezi\",\"@id\":\"https:\\\/\\\/memurunsesi.net\\\/#\\\/schema\\\/person\\\/f21c2d73b89f6ee1d80b0a1803e38587\"},\"headline\":\"Polisten ka\u00e7an ehliyetsiz alkoll\u00fc s\u00fcr\u00fcc\u00fcn\u00fcn yak\u0131nlar\u0131 gazetecilere sald\u0131rd\u0131\",\"datePublished\":\"2025-07-26T05:04:31+00:00\",\"mainEntityOfPage\":{\"@id\":\"https:\\\/\\\/memurunsesi.net\\\/index.php\\\/2025\\\/07\\\/26\\\/polisten-kacan-ehliyetsiz-alkollu-surucunun-yakinlari-gazetecilere-saldirdi\\\/\"},\"wordCount\":300,\"commentCount\":0,\"publisher\":{\"@id\":\"https:\\\/\\\/memurunsesi.net\\\/#organization\"},\"image\":{\"@id\":\"https:\\\/\\\/memurunsesi.net\\\/index.php\\\/2025\\\/07\\\/26\\\/polisten-kacan-ehliyetsiz-alkollu-surucunun-yakinlari-gazetecilere-saldirdi\\\/#primaryimage\"},\"thumbnailUrl\":\"https:\\\/\\\/memurunsesi.net\\\/wp-content\\\/uploads\\\/2025\\\/07\\\/AW504633_01.jpg\",\"inLanguage\":\"tr\",\"potentialAction\":[{\"@type\":\"CommentAction\",\"name\":\"Comment\",\"target\":[\"https:\\\/\\\/memurunsesi.net\\\/index.php\\\/2025\\\/07\\\/26\\\/polisten-kacan-ehliyetsiz-alkollu-surucunun-yakinlari-gazetecilere-saldirdi\\\/#respond\"]}]},{\"@type\":\"WebPage\",\"@id\":\"https:\\\/\\\/memurunsesi.net\\\/index.php\\\/2025\\\/07\\\/26\\\/polisten-kacan-ehliyetsiz-alkollu-surucunun-yakinlari-gazetecilere-saldirdi\\\/\",\"url\":\"https:\\\/\\\/memurunsesi.net\\\/index.php\\\/2025\\\/07\\\/26\\\/polisten-kacan-ehliyetsiz-alkollu-surucunun-yakinlari-gazetecilere-saldirdi\\\/\",\"name\":\"Polisten ka\u00e7an ehliyetsiz alkoll\u00fc s\u00fcr\u00fcc\u00fcn\u00fcn yak\u0131nlar\u0131 gazetecilere sald\u0131rd\u0131 - Memurun Sesi\",\"isPartOf\":{\"@id\":\"https:\\\/\\\/memurunsesi.net\\\/#website\"},\"primaryImageOfPage\":{\"@id\":\"https:\\\/\\\/memurunsesi.net\\\/index.php\\\/2025\\\/07\\\/26\\\/polisten-kacan-ehliyetsiz-alkollu-surucunun-yakinlari-gazetecilere-saldirdi\\\/#primaryimage\"},\"image\":{\"@id\":\"https:\\\/\\\/memurunsesi.net\\\/index.php\\\/2025\\\/07\\\/26\\\/polisten-kacan-ehliyetsiz-alkollu-surucunun-yakinlari-gazetecilere-saldirdi\\\/#primaryimage\"},\"thumbnailUrl\":\"https:\\\/\\\/memurunsesi.net\\\/wp-content\\\/uploads\\\/2025\\\/07\\\/AW504633_01.jpg\",\"datePublished\":\"2025-07-26T05:04:31+00:00\",\"breadcrumb\":{\"@id\":\"https:\\\/\\\/memurunsesi.net\\\/index.php\\\/2025\\\/07\\\/26\\\/polisten-kacan-ehliyetsiz-alkollu-surucunun-yakinlari-gazetecilere-saldirdi\\\/#breadcrumb\"},\"inLanguage\":\"tr\",\"potentialAction\":[{\"@type\":\"ReadAction\",\"target\":[\"https:\\\/\\\/memurunsesi.net\\\/index.php\\\/2025\\\/07\\\/26\\\/polisten-kacan-ehliyetsiz-alkollu-surucunun-yakinlari-gazetecilere-saldirdi\\\/\"]}]},{\"@type\":\"ImageObject\",\"inLanguage\":\"tr\",\"@id\":\"https:\\\/\\\/memurunsesi.net\\\/index.php\\\/2025\\\/07\\\/26\\\/polisten-kacan-ehliyetsiz-alkollu-surucunun-yakinlari-gazetecilere-saldirdi\\\/#primaryimage\",\"url\":\"https:\\\/\\\/memurunsesi.net\\\/wp-content\\\/uploads\\\/2025\\\/07\\\/AW504633_01.jpg\",\"contentUrl\":\"https:\\\/\\\/memurunsesi.net\\\/wp-content\\\/uploads\\\/2025\\\/07\\\/AW504633_01.jpg\",\"width\":644,\"height\":383,\"caption\":\"KONYA'DA POL\u0130S EK\u0130PLER\u0130N\u0130N DUR \u0130HTARINA UYMAYARAK POL\u0130STEN KA\u00c7AN ALKOLL\u00dc S\u00dcR\u00dcC\u00dcN\u00dcN YAKINLARI \u00c7EK\u0130M YAPAN GAZETEC\u0130LERE SALDIRDI. (ARDA AKIN AKKOCA\\\/KONYA-\u0130HA) Konya'da polis ekiplerinin dur ihtar\u0131na uymayarak polisten ka\u00e7an ehliyetsiz alkoll\u00fc s\u00fcr\u00fcc\u00fcn\u00fcn yak\u0131nlar\u0131 \u00e7ekim yapan gazetecilere sald\u0131rd\u0131.\"},{\"@type\":\"BreadcrumbList\",\"@id\":\"https:\\\/\\\/memurunsesi.net\\\/index.php\\\/2025\\\/07\\\/26\\\/polisten-kacan-ehliyetsiz-alkollu-surucunun-yakinlari-gazetecilere-saldirdi\\\/#breadcrumb\",\"itemListElement\":[{\"@type\":\"ListItem\",\"position\":1,\"name\":\"Anasayfa\",\"item\":\"https:\\\/\\\/memurunsesi.net\\\/\"},{\"@type\":\"ListItem\",\"position\":2,\"name\":\"Polisten ka\u00e7an ehliyetsiz alkoll\u00fc s\u00fcr\u00fcc\u00fcn\u00fcn yak\u0131nlar\u0131 gazetecilere sald\u0131rd\u0131\"}]},{\"@type\":\"WebSite\",\"@id\":\"https:\\\/\\\/memurunsesi.net\\\/#website\",\"url\":\"https:\\\/\\\/memurunsesi.net\\\/\",\"name\":\"Memurun Sesi\",\"description\":\"G\u00fcncel ve Do\u011fru Haber\",\"publisher\":{\"@id\":\"https:\\\/\\\/memurunsesi.net\\\/#organization\"},\"potentialAction\":[{\"@type\":\"SearchAction\",\"target\":{\"@type\":\"EntryPoint\",\"urlTemplate\":\"https:\\\/\\\/memurunsesi.net\\\/?s={search_term_string}\"},\"query-input\":{\"@type\":\"PropertyValueSpecification\",\"valueRequired\":true,\"valueName\":\"search_term_string\"}}],\"inLanguage\":\"tr\"},{\"@type\":\"Organization\",\"@id\":\"https:\\\/\\\/memurunsesi.net\\\/#organization\",\"name\":\"Memurun Sesi\",\"url\":\"https:\\\/\\\/memurunsesi.net\\\/\",\"logo\":{\"@type\":\"ImageObject\",\"inLanguage\":\"tr\",\"@id\":\"https:\\\/\\\/memurunsesi.net\\\/#\\\/schema\\\/logo\\\/image\\\/\",\"url\":\"https:\\\/\\\/memurunsesi.net\\\/wp-content\\\/uploads\\\/2025\\\/11\\\/cropped-MEMURUN-SESI.png\",\"contentUrl\":\"https:\\\/\\\/memurunsesi.net\\\/wp-content\\\/uploads\\\/2025\\\/11\\\/cropped-MEMURUN-SESI.png\",\"width\":238,\"height\":57,\"caption\":\"Memurun Sesi\"},\"image\":{\"@id\":\"https:\\\/\\\/memurunsesi.net\\\/#\\\/schema\\\/logo\\\/image\\\/\"},\"sameAs\":[\"https:\\\/\\\/www.facebook.com\\\/unipersen\\\/?locale=tr_TR\",\"https:\\\/\\\/x.com\\\/unipersen\"]},{\"@type\":\"Person\",\"@id\":\"https:\\\/\\\/memurunsesi.net\\\/#\\\/schema\\\/person\\\/f21c2d73b89f6ee1d80b0a1803e38587\",\"name\":\"Memurun Sesi Haber Merkezi\",\"image\":{\"@type\":\"ImageObject\",\"inLanguage\":\"tr\",\"@id\":\"https:\\\/\\\/secure.gravatar.com\\\/avatar\\\/6cf0505f452ee753f485014986fab09a434671d2b919ee76fc541025c5876a70?s=96&d=mm&r=g\",\"url\":\"https:\\\/\\\/secure.gravatar.com\\\/avatar\\\/6cf0505f452ee753f485014986fab09a434671d2b919ee76fc541025c5876a70?s=96&d=mm&r=g\",\"contentUrl\":\"https:\\\/\\\/secure.gravatar.com\\\/avatar\\\/6cf0505f452ee753f485014986fab09a434671d2b919ee76fc541025c5876a70?s=96&d=mm&r=g\",\"caption\":\"Memurun Sesi Haber Merkezi\"},\"sameAs\":[\"https:\\\/\\\/memurunsesi.net\"],\"url\":\"https:\\\/\\\/memurunsesi.net\\\/index.php\\\/author\\\/uniper\\\/\"}]}<\/script>\n<!-- \/ Yoast SEO plugin. -->","yoast_head_json":{"title":"Polisten ka\u00e7an ehliyetsiz alkoll\u00fc s\u00fcr\u00fcc\u00fcn\u00fcn yak\u0131nlar\u0131 gazetecilere sald\u0131rd\u0131 - Memurun Sesi","robots":{"index":"index","follow":"follow","max-snippet":"max-snippet:-1","max-image-preview":"max-image-preview:large","max-video-preview":"max-video-preview:-1"},"canonical":"https:\/\/memurunsesi.net\/index.php\/2025\/07\/26\/polisten-kacan-ehliyetsiz-alkollu-surucunun-yakinlari-gazetecilere-saldirdi\/","og_locale":"tr_TR","og_type":"article","og_title":"Polisten ka\u00e7an ehliyetsiz alkoll\u00fc s\u00fcr\u00fcc\u00fcn\u00fcn yak\u0131nlar\u0131 gazetecilere sald\u0131rd\u0131 - Memurun Sesi","og_description":"Konya&#8217;da polis ekiplerinin dur ihtar\u0131na uymayarak polisten ka\u00e7an ehliyetsiz alkoll\u00fc s\u00fcr\u00fcc\u00fcn\u00fcn yak\u0131nlar\u0131 \u00e7ekim yapan gazetecilere sald\u0131rd\u0131. Olay, gece saatlerinde merkez Sel\u00e7uklu il\u00e7esi Selahaddin Eyyubi Caddesi Kahramanlar Caddesi \u00fczerine meydana geldi. Edinilen bilgiye g\u00f6re, 2 kere alkoll\u00fc ara\u00e7 kullanmaktan ehliyetine el konulan S.T. (23), 42 AOG 201 plakal\u0131 otomobili ile cadde \u00fczerine seyir halindeyken trafik ekiplerin [&hellip;]","og_url":"https:\/\/memurunsesi.net\/index.php\/2025\/07\/26\/polisten-kacan-ehliyetsiz-alkollu-surucunun-yakinlari-gazetecilere-saldirdi\/","og_site_name":"Memurun Sesi","article_publisher":"https:\/\/www.facebook.com\/unipersen\/?locale=tr_TR","article_published_time":"2025-07-26T05:04:31+00:00","og_image":[{"width":644,"height":383,"url":"https:\/\/memurunsesi.net\/wp-content\/uploads\/2025\/07\/AW504633_01.jpg","type":"image\/jpeg"}],"author":"Memurun Sesi Haber Merkezi","twitter_card":"summary_large_image","twitter_creator":"@unipersen","twitter_site":"@unipersen","twitter_misc":{"Yazan:":"Memurun Sesi Haber Merkezi","Tahmini okuma s\u00fcresi":"1 dakika"},"schema":{"@context":"https:\/\/schema.org","@graph":[{"@type":"Article","@id":"https:\/\/memurunsesi.net\/index.php\/2025\/07\/26\/polisten-kacan-ehliyetsiz-alkollu-surucunun-yakinlari-gazetecilere-saldirdi\/#article","isPartOf":{"@id":"https:\/\/memurunsesi.net\/index.php\/2025\/07\/26\/polisten-kacan-ehliyetsiz-alkollu-surucunun-yakinlari-gazetecilere-saldirdi\/"},"author":{"name":"Memurun Sesi Haber Merkezi","@id":"https:\/\/memurunsesi.net\/#\/schema\/person\/f21c2d73b89f6ee1d80b0a1803e38587"},"headline":"Polisten ka\u00e7an ehliyetsiz alkoll\u00fc s\u00fcr\u00fcc\u00fcn\u00fcn yak\u0131nlar\u0131 gazetecilere sald\u0131rd\u0131","datePublished":"2025-07-26T05:04:31+00:00","mainEntityOfPage":{"@id":"https:\/\/memurunsesi.net\/index.php\/2025\/07\/26\/polisten-kacan-ehliyetsiz-alkollu-surucunun-yakinlari-gazetecilere-saldirdi\/"},"wordCount":300,"commentCount":0,"publisher":{"@id":"https:\/\/memurunsesi.net\/#organization"},"image":{"@id":"https:\/\/memurunsesi.net\/index.php\/2025\/07\/26\/polisten-kacan-ehliyetsiz-alkollu-surucunun-yakinlari-gazetecilere-saldirdi\/#primaryimage"},"thumbnailUrl":"https:\/\/memurunsesi.net\/wp-content\/uploads\/2025\/07\/AW504633_01.jpg","inLanguage":"tr","potentialAction":[{"@type":"CommentAction","name":"Comment","target":["https:\/\/memurunsesi.net\/index.php\/2025\/07\/26\/polisten-kacan-ehliyetsiz-alkollu-surucunun-yakinlari-gazetecilere-saldirdi\/#respond"]}]},{"@type":"WebPage","@id":"https:\/\/memurunsesi.net\/index.php\/2025\/07\/26\/polisten-kacan-ehliyetsiz-alkollu-surucunun-yakinlari-gazetecilere-saldirdi\/","url":"https:\/\/memurunsesi.net\/index.php\/2025\/07\/26\/polisten-kacan-ehliyetsiz-alkollu-surucunun-yakinlari-gazetecilere-saldirdi\/","name":"Polisten ka\u00e7an ehliyetsiz alkoll\u00fc s\u00fcr\u00fcc\u00fcn\u00fcn yak\u0131nlar\u0131 gazetecilere sald\u0131rd\u0131 - Memurun Sesi","isPartOf":{"@id":"https:\/\/memurunsesi.net\/#website"},"primaryImageOfPage":{"@id":"https:\/\/memurunsesi.net\/index.php\/2025\/07\/26\/polisten-kacan-ehliyetsiz-alkollu-surucunun-yakinlari-gazetecilere-saldirdi\/#primaryimage"},"image":{"@id":"https:\/\/memurunsesi.net\/index.php\/2025\/07\/26\/polisten-kacan-ehliyetsiz-alkollu-surucunun-yakinlari-gazetecilere-saldirdi\/#primaryimage"},"thumbnailUrl":"https:\/\/memurunsesi.net\/wp-content\/uploads\/2025\/07\/AW504633_01.jpg","datePublished":"2025-07-26T05:04:31+00:00","breadcrumb":{"@id":"https:\/\/memurunsesi.net\/index.php\/2025\/07\/26\/polisten-kacan-ehliyetsiz-alkollu-surucunun-yakinlari-gazetecilere-saldirdi\/#breadcrumb"},"inLanguage":"tr","potentialAction":[{"@type":"ReadAction","target":["https:\/\/memurunsesi.net\/index.php\/2025\/07\/26\/polisten-kacan-ehliyetsiz-alkollu-surucunun-yakinlari-gazetecilere-saldirdi\/"]}]},{"@type":"ImageObject","inLanguage":"tr","@id":"https:\/\/memurunsesi.net\/index.php\/2025\/07\/26\/polisten-kacan-ehliyetsiz-alkollu-surucunun-yakinlari-gazetecilere-saldirdi\/#primaryimage","url":"https:\/\/memurunsesi.net\/wp-content\/uploads\/2025\/07\/AW504633_01.jpg","contentUrl":"https:\/\/memurunsesi.net\/wp-content\/uploads\/2025\/07\/AW504633_01.jpg","width":644,"height":383,"caption":"KONYA'DA POL\u0130S EK\u0130PLER\u0130N\u0130N DUR \u0130HTARINA UYMAYARAK POL\u0130STEN KA\u00c7AN ALKOLL\u00dc S\u00dcR\u00dcC\u00dcN\u00dcN YAKINLARI \u00c7EK\u0130M YAPAN GAZETEC\u0130LERE SALDIRDI. (ARDA AKIN AKKOCA\/KONYA-\u0130HA) Konya'da polis ekiplerinin dur ihtar\u0131na uymayarak polisten ka\u00e7an ehliyetsiz alkoll\u00fc s\u00fcr\u00fcc\u00fcn\u00fcn yak\u0131nlar\u0131 \u00e7ekim yapan gazetecilere sald\u0131rd\u0131."},{"@type":"BreadcrumbList","@id":"https:\/\/memurunsesi.net\/index.php\/2025\/07\/26\/polisten-kacan-ehliyetsiz-alkollu-surucunun-yakinlari-gazetecilere-saldirdi\/#breadcrumb","itemListElement":[{"@type":"ListItem","position":1,"name":"Anasayfa","item":"https:\/\/memurunsesi.net\/"},{"@type":"ListItem","position":2,"name":"Polisten ka\u00e7an ehliyetsiz alkoll\u00fc s\u00fcr\u00fcc\u00fcn\u00fcn yak\u0131nlar\u0131 gazetecilere sald\u0131rd\u0131"}]},{"@type":"WebSite","@id":"https:\/\/memurunsesi.net\/#website","url":"https:\/\/memurunsesi.net\/","name":"Memurun Sesi","description":"G\u00fcncel ve Do\u011fru Haber","publisher":{"@id":"https:\/\/memurunsesi.net\/#organization"},"potentialAction":[{"@type":"SearchAction","target":{"@type":"EntryPoint","urlTemplate":"https:\/\/memurunsesi.net\/?s={search_term_string}"},"query-input":{"@type":"PropertyValueSpecification","valueRequired":true,"valueName":"search_term_string"}}],"inLanguage":"tr"},{"@type":"Organization","@id":"https:\/\/memurunsesi.net\/#organization","name":"Memurun Sesi","url":"https:\/\/memurunsesi.net\/","logo":{"@type":"ImageObject","inLanguage":"tr","@id":"https:\/\/memurunsesi.net\/#\/schema\/logo\/image\/","url":"https:\/\/memurunsesi.net\/wp-content\/uploads\/2025\/11\/cropped-MEMURUN-SESI.png","contentUrl":"https:\/\/memurunsesi.net\/wp-content\/uploads\/2025\/11\/cropped-MEMURUN-SESI.png","width":238,"height":57,"caption":"Memurun Sesi"},"image":{"@id":"https:\/\/memurunsesi.net\/#\/schema\/logo\/image\/"},"sameAs":["https:\/\/www.facebook.com\/unipersen\/?locale=tr_TR","https:\/\/x.com\/unipersen"]},{"@type":"Person","@id":"https:\/\/memurunsesi.net\/#\/schema\/person\/f21c2d73b89f6ee1d80b0a1803e38587","name":"Memurun Sesi Haber Merkezi","image":{"@type":"ImageObject","inLanguage":"tr","@id":"https:\/\/secure.gravatar.com\/avatar\/6cf0505f452ee753f485014986fab09a434671d2b919ee76fc541025c5876a70?s=96&d=mm&r=g","url":"https:\/\/secure.gravatar.com\/avatar\/6cf0505f452ee753f485014986fab09a434671d2b919ee76fc541025c5876a70?s=96&d=mm&r=g","contentUrl":"https:\/\/secure.gravatar.com\/avatar\/6cf0505f452ee753f485014986fab09a434671d2b919ee76fc541025c5876a70?s=96&d=mm&r=g","caption":"Memurun Sesi Haber Merkezi"},"sameAs":["https:\/\/memurunsesi.net"],"url":"https:\/\/memurunsesi.net\/index.php\/author\/uniper\/"}]}},"_links":{"self":[{"href":"https:\/\/memurunsesi.net\/index.php\/wp-json\/wp\/v2\/posts\/9645","targetHints":{"allow":["GET"]}}],"collection":[{"href":"https:\/\/memurunsesi.net\/index.php\/wp-json\/wp\/v2\/posts"}],"about":[{"href":"https:\/\/memurunsesi.net\/index.php\/wp-json\/wp\/v2\/types\/post"}],"author":[{"embeddable":true,"href":"https:\/\/memurunsesi.net\/index.php\/wp-json\/wp\/v2\/users\/1"}],"replies":[{"embeddable":true,"href":"https:\/\/memurunsesi.net\/index.php\/wp-json\/wp\/v2\/comments?post=9645"}],"version-history":[{"count":1,"href":"https:\/\/memurunsesi.net\/index.php\/wp-json\/wp\/v2\/posts\/9645\/revisions"}],"predecessor-version":[{"id":9647,"href":"https:\/\/memurunsesi.net\/index.php\/wp-json\/wp\/v2\/posts\/9645\/revisions\/9647"}],"wp:featuredmedia":[{"embeddable":true,"href":"https:\/\/memurunsesi.net\/index.php\/wp-json\/wp\/v2\/media\/9646"}],"wp:attachment":[{"href":"https:\/\/memurunsesi.net\/index.php\/wp-json\/wp\/v2\/media?parent=9645"}],"wp:term":[{"taxonomy":"category","embeddable":true,"href":"https:\/\/memurunsesi.net\/index.php\/wp-json\/wp\/v2\/categories?post=9645"},{"taxonomy":"post_tag","embeddable":true,"href":"https:\/\/memurunsesi.net\/index.php\/wp-json\/wp\/v2\/tags?post=9645"}],"curies":[{"name":"wp","href":"https:\/\/api.w.org\/{rel}","templated":true}]}}