{"id":9648,"date":"2025-07-26T08:05:51","date_gmt":"2025-07-26T05:05:51","guid":{"rendered":"https:\/\/memurunsesi.net\/?p=9648"},"modified":"2025-07-26T08:05:51","modified_gmt":"2025-07-26T05:05:51","slug":"kusadasinda-alkollu-surucunun-carptigi-yaya-hayatini-kaybetti-feci-kaza-kamerada","status":"publish","type":"post","link":"https:\/\/memurunsesi.net\/index.php\/2025\/07\/26\/kusadasinda-alkollu-surucunun-carptigi-yaya-hayatini-kaybetti-feci-kaza-kamerada\/","title":{"rendered":"Ku\u015fadas\u0131\u2019nda alkoll\u00fc s\u00fcr\u00fcc\u00fcn\u00fcn \u00e7arpt\u0131\u011f\u0131 yaya hayat\u0131n\u0131 kaybetti&#8230; Feci kaza kamerada"},"content":{"rendered":"<p>  Ku\u015fadas\u0131\u2019nda gece saatlerinde meydana gelen feci kazada, 2.39 promil alkoll\u00fc oldu\u011fu tespit edilen s\u00fcr\u00fcc\u00fc, yolun kar\u015f\u0131s\u0131na ge\u00e7meye \u00e7al\u0131\u015fan bir yayaya \u00e7arpt\u0131. \u00c7arpman\u0131n etkisiyle savrulan yaya olay yerinde hayat\u0131n\u0131 kaybetti. Kaza an\u0131 g\u00fcvenlik kameralar\u0131na da yans\u0131d\u0131.<br \/>\n  Edinilen bilgilere g\u00f6re; 31 ya\u015f\u0131ndaki E. C. \u00c7. y\u00f6netimindeki 09 APS 009 plakal\u0131 ara\u00e7, Toprak Kav\u015fa\u011f\u0131 istikametinden S\u00fcleyman Demirel Bulvar\u0131\u2019n\u0131 takip ederek S\u00fcmerbank Kav\u015fa\u011f\u0131 y\u00f6n\u00fcne do\u011fru seyir halindeydi. \u00dc\u00e7 \u015feritli yolun sol \u015feridinde ilerleyen s\u00fcr\u00fcc\u00fc, Cirito\u011flu Sitesi y\u00f6n\u00fcne do\u011fru yolun kar\u015f\u0131s\u0131na ge\u00e7meye \u00e7al\u0131\u015fan Birol G\u00f6rg\u00fc\u2019ye \u00e7arpt\u0131. Birol G\u00f6rg\u00fc\u2019n\u00fcn o esnada cep telefonuyla konu\u015ftu\u011fu ve ref\u00fcje yak\u0131n noktadan ge\u00e7meye \u00e7al\u0131\u015ft\u0131\u011f\u0131, arac\u0131n ise y\u00fcksek h\u0131zla seyretti\u011fi belirtildi. G\u00fcvenlik kameras\u0131 g\u00f6r\u00fcnt\u00fclerinde, yayan\u0131n kontrols\u00fcz \u015fekilde yola \u00e7\u0131kt\u0131\u011f\u0131, ancak s\u00fcr\u00fcc\u00fcn\u00fcn yava\u015flamaya y\u00f6nelik herhangi bir manevra yapmad\u0131\u011f\u0131 g\u00f6r\u00fcl\u00fcyor.<br \/>\n  \u00c7arpma sonucu metrelerce savrulan Birol G\u00f6rg\u00fc olay yerinde hayat\u0131n\u0131 kaybetti. S\u00fcr\u00fcc\u00fc E. C. \u00c7. yap\u0131lan alkol testinde 2.39 promil alkoll\u00fc oldu\u011fu belirlendi.<br \/>\n  Kazayla ilgili soru\u015fturma ba\u015flat\u0131l\u0131rken, alkoll\u00fc s\u00fcr\u00fcc\u00fc g\u00f6zalt\u0131na al\u0131nd\u0131. <\/p>\n<p>26.07.2025                              <\/p>\n","protected":false},"excerpt":{"rendered":"<p>Ku\u015fadas\u0131\u2019nda gece saatlerinde meydana gelen feci kazada, 2.39 promil alkoll\u00fc oldu\u011fu tespit edilen s\u00fcr\u00fcc\u00fc, yolun kar\u015f\u0131s\u0131na ge\u00e7meye \u00e7al\u0131\u015fan bir yayaya \u00e7arpt\u0131. \u00c7arpman\u0131n etkisiyle savrulan yaya olay yerinde hayat\u0131n\u0131 kaybetti. Kaza an\u0131 g\u00fcvenlik kameralar\u0131na da yans\u0131d\u0131. Edinilen bilgilere g\u00f6re; 31 ya\u015f\u0131ndaki E. C. \u00c7. y\u00f6netimindeki 09 APS 009 plakal\u0131 ara\u00e7, Toprak Kav\u015fa\u011f\u0131 istikametinden S\u00fcleyman Demirel Bulvar\u0131\u2019n\u0131 [&hellip;]<\/p>\n","protected":false},"author":1,"featured_media":9649,"comment_status":"open","ping_status":"open","sticky":false,"template":"","format":"standard","meta":{"footnotes":""},"categories":[1],"tags":[],"class_list":["post-9648","post","type-post","status-publish","format-standard","has-post-thumbnail","hentry","category-genel"],"yoast_head":"<!-- This site is optimized with the Yoast SEO plugin v27.4 - https:\/\/yoast.com\/product\/yoast-seo-wordpress\/ -->\n<title>Ku\u015fadas\u0131\u2019nda alkoll\u00fc s\u00fcr\u00fcc\u00fcn\u00fcn \u00e7arpt\u0131\u011f\u0131 yaya hayat\u0131n\u0131 kaybetti... Feci kaza kamerada - Memurun Sesi<\/title>\n<meta name=\"robots\" content=\"index, follow, max-snippet:-1, max-image-preview:large, max-video-preview:-1\" \/>\n<link rel=\"canonical\" href=\"https:\/\/memurunsesi.net\/index.php\/2025\/07\/26\/kusadasinda-alkollu-surucunun-carptigi-yaya-hayatini-kaybetti-feci-kaza-kamerada\/\" \/>\n<meta property=\"og:locale\" content=\"tr_TR\" \/>\n<meta property=\"og:type\" content=\"article\" \/>\n<meta property=\"og:title\" content=\"Ku\u015fadas\u0131\u2019nda alkoll\u00fc s\u00fcr\u00fcc\u00fcn\u00fcn \u00e7arpt\u0131\u011f\u0131 yaya hayat\u0131n\u0131 kaybetti... Feci kaza kamerada - Memurun Sesi\" \/>\n<meta property=\"og:description\" content=\"Ku\u015fadas\u0131\u2019nda gece saatlerinde meydana gelen feci kazada, 2.39 promil alkoll\u00fc oldu\u011fu tespit edilen s\u00fcr\u00fcc\u00fc, yolun kar\u015f\u0131s\u0131na ge\u00e7meye \u00e7al\u0131\u015fan bir yayaya \u00e7arpt\u0131. \u00c7arpman\u0131n etkisiyle savrulan yaya olay yerinde hayat\u0131n\u0131 kaybetti. Kaza an\u0131 g\u00fcvenlik kameralar\u0131na da yans\u0131d\u0131. Edinilen bilgilere g\u00f6re; 31 ya\u015f\u0131ndaki E. C. \u00c7. y\u00f6netimindeki 09 APS 009 plakal\u0131 ara\u00e7, Toprak Kav\u015fa\u011f\u0131 istikametinden S\u00fcleyman Demirel Bulvar\u0131\u2019n\u0131 [&hellip;]\" \/>\n<meta property=\"og:url\" content=\"https:\/\/memurunsesi.net\/index.php\/2025\/07\/26\/kusadasinda-alkollu-surucunun-carptigi-yaya-hayatini-kaybetti-feci-kaza-kamerada\/\" \/>\n<meta property=\"og:site_name\" content=\"Memurun Sesi\" \/>\n<meta property=\"article:publisher\" content=\"https:\/\/www.facebook.com\/unipersen\/?locale=tr_TR\" \/>\n<meta property=\"article:published_time\" content=\"2025-07-26T05:05:51+00:00\" \/>\n<meta property=\"og:image\" content=\"https:\/\/memurunsesi.net\/wp-content\/uploads\/2025\/07\/AW504632_01.jpg\" \/>\n\t<meta property=\"og:image:width\" content=\"1320\" \/>\n\t<meta property=\"og:image:height\" content=\"734\" \/>\n\t<meta property=\"og:image:type\" content=\"image\/jpeg\" \/>\n<meta name=\"author\" content=\"Memurun Sesi Haber Merkezi\" \/>\n<meta name=\"twitter:card\" content=\"summary_large_image\" \/>\n<meta name=\"twitter:creator\" content=\"@unipersen\" \/>\n<meta name=\"twitter:site\" content=\"@unipersen\" \/>\n<meta name=\"twitter:label1\" content=\"Yazan:\" \/>\n\t<meta name=\"twitter:data1\" content=\"Memurun Sesi Haber Merkezi\" \/>\n\t<meta name=\"twitter:label2\" content=\"Tahmini okuma s\u00fcresi\" \/>\n\t<meta name=\"twitter:data2\" content=\"1 dakika\" \/>\n<script type=\"application\/ld+json\" class=\"yoast-schema-graph\">{\"@context\":\"https:\\\/\\\/schema.org\",\"@graph\":[{\"@type\":\"Article\",\"@id\":\"https:\\\/\\\/memurunsesi.net\\\/index.php\\\/2025\\\/07\\\/26\\\/kusadasinda-alkollu-surucunun-carptigi-yaya-hayatini-kaybetti-feci-kaza-kamerada\\\/#article\",\"isPartOf\":{\"@id\":\"https:\\\/\\\/memurunsesi.net\\\/index.php\\\/2025\\\/07\\\/26\\\/kusadasinda-alkollu-surucunun-carptigi-yaya-hayatini-kaybetti-feci-kaza-kamerada\\\/\"},\"author\":{\"name\":\"Memurun Sesi Haber Merkezi\",\"@id\":\"https:\\\/\\\/memurunsesi.net\\\/#\\\/schema\\\/person\\\/f21c2d73b89f6ee1d80b0a1803e38587\"},\"headline\":\"Ku\u015fadas\u0131\u2019nda alkoll\u00fc s\u00fcr\u00fcc\u00fcn\u00fcn \u00e7arpt\u0131\u011f\u0131 yaya hayat\u0131n\u0131 kaybetti&#8230; Feci kaza kamerada\",\"datePublished\":\"2025-07-26T05:05:51+00:00\",\"mainEntityOfPage\":{\"@id\":\"https:\\\/\\\/memurunsesi.net\\\/index.php\\\/2025\\\/07\\\/26\\\/kusadasinda-alkollu-surucunun-carptigi-yaya-hayatini-kaybetti-feci-kaza-kamerada\\\/\"},\"wordCount\":236,\"commentCount\":0,\"publisher\":{\"@id\":\"https:\\\/\\\/memurunsesi.net\\\/#organization\"},\"image\":{\"@id\":\"https:\\\/\\\/memurunsesi.net\\\/index.php\\\/2025\\\/07\\\/26\\\/kusadasinda-alkollu-surucunun-carptigi-yaya-hayatini-kaybetti-feci-kaza-kamerada\\\/#primaryimage\"},\"thumbnailUrl\":\"https:\\\/\\\/memurunsesi.net\\\/wp-content\\\/uploads\\\/2025\\\/07\\\/AW504632_01.jpg\",\"inLanguage\":\"tr\",\"potentialAction\":[{\"@type\":\"CommentAction\",\"name\":\"Comment\",\"target\":[\"https:\\\/\\\/memurunsesi.net\\\/index.php\\\/2025\\\/07\\\/26\\\/kusadasinda-alkollu-surucunun-carptigi-yaya-hayatini-kaybetti-feci-kaza-kamerada\\\/#respond\"]}]},{\"@type\":\"WebPage\",\"@id\":\"https:\\\/\\\/memurunsesi.net\\\/index.php\\\/2025\\\/07\\\/26\\\/kusadasinda-alkollu-surucunun-carptigi-yaya-hayatini-kaybetti-feci-kaza-kamerada\\\/\",\"url\":\"https:\\\/\\\/memurunsesi.net\\\/index.php\\\/2025\\\/07\\\/26\\\/kusadasinda-alkollu-surucunun-carptigi-yaya-hayatini-kaybetti-feci-kaza-kamerada\\\/\",\"name\":\"Ku\u015fadas\u0131\u2019nda alkoll\u00fc s\u00fcr\u00fcc\u00fcn\u00fcn \u00e7arpt\u0131\u011f\u0131 yaya hayat\u0131n\u0131 kaybetti... Feci kaza kamerada - Memurun Sesi\",\"isPartOf\":{\"@id\":\"https:\\\/\\\/memurunsesi.net\\\/#website\"},\"primaryImageOfPage\":{\"@id\":\"https:\\\/\\\/memurunsesi.net\\\/index.php\\\/2025\\\/07\\\/26\\\/kusadasinda-alkollu-surucunun-carptigi-yaya-hayatini-kaybetti-feci-kaza-kamerada\\\/#primaryimage\"},\"image\":{\"@id\":\"https:\\\/\\\/memurunsesi.net\\\/index.php\\\/2025\\\/07\\\/26\\\/kusadasinda-alkollu-surucunun-carptigi-yaya-hayatini-kaybetti-feci-kaza-kamerada\\\/#primaryimage\"},\"thumbnailUrl\":\"https:\\\/\\\/memurunsesi.net\\\/wp-content\\\/uploads\\\/2025\\\/07\\\/AW504632_01.jpg\",\"datePublished\":\"2025-07-26T05:05:51+00:00\",\"breadcrumb\":{\"@id\":\"https:\\\/\\\/memurunsesi.net\\\/index.php\\\/2025\\\/07\\\/26\\\/kusadasinda-alkollu-surucunun-carptigi-yaya-hayatini-kaybetti-feci-kaza-kamerada\\\/#breadcrumb\"},\"inLanguage\":\"tr\",\"potentialAction\":[{\"@type\":\"ReadAction\",\"target\":[\"https:\\\/\\\/memurunsesi.net\\\/index.php\\\/2025\\\/07\\\/26\\\/kusadasinda-alkollu-surucunun-carptigi-yaya-hayatini-kaybetti-feci-kaza-kamerada\\\/\"]}]},{\"@type\":\"ImageObject\",\"inLanguage\":\"tr\",\"@id\":\"https:\\\/\\\/memurunsesi.net\\\/index.php\\\/2025\\\/07\\\/26\\\/kusadasinda-alkollu-surucunun-carptigi-yaya-hayatini-kaybetti-feci-kaza-kamerada\\\/#primaryimage\",\"url\":\"https:\\\/\\\/memurunsesi.net\\\/wp-content\\\/uploads\\\/2025\\\/07\\\/AW504632_01.jpg\",\"contentUrl\":\"https:\\\/\\\/memurunsesi.net\\\/wp-content\\\/uploads\\\/2025\\\/07\\\/AW504632_01.jpg\",\"width\":1320,\"height\":734,\"caption\":\"KU\u015eADASI'NDA ALKOLL\u00dc S\u00dcR\u00dcC\u00dc DEH\u015eET\u0130: YOLUN KAR\u015eISINA GE\u00c7MEYE \u00c7ALI\u015eAN YAYA HAYATINI KAYBETT\u0130 (EKREM KESER\\\/AYDIN-\u0130HA) Ku\u015fadas\u0131'nda gece saatlerinde meydana gelen feci kazada, 2.39 promil alkoll\u00fc oldu\u011fu tespit edilen s\u00fcr\u00fcc\u00fc, yolun kar\u015f\u0131s\u0131na ge\u00e7meye \u00e7al\u0131\u015fan bir yayaya \u00e7arpt\u0131. \u00c7arpman\u0131n etkisiyle savrulan yaya olay yerinde hayat\u0131n\u0131 kaybetti. Kaza an\u0131 g\u00fcvenlik kameralar\u0131na da yans\u0131d\u0131.\"},{\"@type\":\"BreadcrumbList\",\"@id\":\"https:\\\/\\\/memurunsesi.net\\\/index.php\\\/2025\\\/07\\\/26\\\/kusadasinda-alkollu-surucunun-carptigi-yaya-hayatini-kaybetti-feci-kaza-kamerada\\\/#breadcrumb\",\"itemListElement\":[{\"@type\":\"ListItem\",\"position\":1,\"name\":\"Anasayfa\",\"item\":\"https:\\\/\\\/memurunsesi.net\\\/\"},{\"@type\":\"ListItem\",\"position\":2,\"name\":\"Ku\u015fadas\u0131\u2019nda alkoll\u00fc s\u00fcr\u00fcc\u00fcn\u00fcn \u00e7arpt\u0131\u011f\u0131 yaya hayat\u0131n\u0131 kaybetti&#8230; Feci kaza kamerada\"}]},{\"@type\":\"WebSite\",\"@id\":\"https:\\\/\\\/memurunsesi.net\\\/#website\",\"url\":\"https:\\\/\\\/memurunsesi.net\\\/\",\"name\":\"Memurun Sesi\",\"description\":\"G\u00fcncel ve Do\u011fru Haber\",\"publisher\":{\"@id\":\"https:\\\/\\\/memurunsesi.net\\\/#organization\"},\"potentialAction\":[{\"@type\":\"SearchAction\",\"target\":{\"@type\":\"EntryPoint\",\"urlTemplate\":\"https:\\\/\\\/memurunsesi.net\\\/?s={search_term_string}\"},\"query-input\":{\"@type\":\"PropertyValueSpecification\",\"valueRequired\":true,\"valueName\":\"search_term_string\"}}],\"inLanguage\":\"tr\"},{\"@type\":\"Organization\",\"@id\":\"https:\\\/\\\/memurunsesi.net\\\/#organization\",\"name\":\"Memurun Sesi\",\"url\":\"https:\\\/\\\/memurunsesi.net\\\/\",\"logo\":{\"@type\":\"ImageObject\",\"inLanguage\":\"tr\",\"@id\":\"https:\\\/\\\/memurunsesi.net\\\/#\\\/schema\\\/logo\\\/image\\\/\",\"url\":\"https:\\\/\\\/memurunsesi.net\\\/wp-content\\\/uploads\\\/2025\\\/11\\\/cropped-MEMURUN-SESI.png\",\"contentUrl\":\"https:\\\/\\\/memurunsesi.net\\\/wp-content\\\/uploads\\\/2025\\\/11\\\/cropped-MEMURUN-SESI.png\",\"width\":238,\"height\":57,\"caption\":\"Memurun Sesi\"},\"image\":{\"@id\":\"https:\\\/\\\/memurunsesi.net\\\/#\\\/schema\\\/logo\\\/image\\\/\"},\"sameAs\":[\"https:\\\/\\\/www.facebook.com\\\/unipersen\\\/?locale=tr_TR\",\"https:\\\/\\\/x.com\\\/unipersen\"]},{\"@type\":\"Person\",\"@id\":\"https:\\\/\\\/memurunsesi.net\\\/#\\\/schema\\\/person\\\/f21c2d73b89f6ee1d80b0a1803e38587\",\"name\":\"Memurun Sesi Haber Merkezi\",\"image\":{\"@type\":\"ImageObject\",\"inLanguage\":\"tr\",\"@id\":\"https:\\\/\\\/secure.gravatar.com\\\/avatar\\\/6cf0505f452ee753f485014986fab09a434671d2b919ee76fc541025c5876a70?s=96&d=mm&r=g\",\"url\":\"https:\\\/\\\/secure.gravatar.com\\\/avatar\\\/6cf0505f452ee753f485014986fab09a434671d2b919ee76fc541025c5876a70?s=96&d=mm&r=g\",\"contentUrl\":\"https:\\\/\\\/secure.gravatar.com\\\/avatar\\\/6cf0505f452ee753f485014986fab09a434671d2b919ee76fc541025c5876a70?s=96&d=mm&r=g\",\"caption\":\"Memurun Sesi Haber Merkezi\"},\"sameAs\":[\"https:\\\/\\\/memurunsesi.net\"],\"url\":\"https:\\\/\\\/memurunsesi.net\\\/index.php\\\/author\\\/uniper\\\/\"}]}<\/script>\n<!-- \/ Yoast SEO plugin. -->","yoast_head_json":{"title":"Ku\u015fadas\u0131\u2019nda alkoll\u00fc s\u00fcr\u00fcc\u00fcn\u00fcn \u00e7arpt\u0131\u011f\u0131 yaya hayat\u0131n\u0131 kaybetti... Feci kaza kamerada - Memurun Sesi","robots":{"index":"index","follow":"follow","max-snippet":"max-snippet:-1","max-image-preview":"max-image-preview:large","max-video-preview":"max-video-preview:-1"},"canonical":"https:\/\/memurunsesi.net\/index.php\/2025\/07\/26\/kusadasinda-alkollu-surucunun-carptigi-yaya-hayatini-kaybetti-feci-kaza-kamerada\/","og_locale":"tr_TR","og_type":"article","og_title":"Ku\u015fadas\u0131\u2019nda alkoll\u00fc s\u00fcr\u00fcc\u00fcn\u00fcn \u00e7arpt\u0131\u011f\u0131 yaya hayat\u0131n\u0131 kaybetti... Feci kaza kamerada - Memurun Sesi","og_description":"Ku\u015fadas\u0131\u2019nda gece saatlerinde meydana gelen feci kazada, 2.39 promil alkoll\u00fc oldu\u011fu tespit edilen s\u00fcr\u00fcc\u00fc, yolun kar\u015f\u0131s\u0131na ge\u00e7meye \u00e7al\u0131\u015fan bir yayaya \u00e7arpt\u0131. \u00c7arpman\u0131n etkisiyle savrulan yaya olay yerinde hayat\u0131n\u0131 kaybetti. Kaza an\u0131 g\u00fcvenlik kameralar\u0131na da yans\u0131d\u0131. Edinilen bilgilere g\u00f6re; 31 ya\u015f\u0131ndaki E. C. \u00c7. y\u00f6netimindeki 09 APS 009 plakal\u0131 ara\u00e7, Toprak Kav\u015fa\u011f\u0131 istikametinden S\u00fcleyman Demirel Bulvar\u0131\u2019n\u0131 [&hellip;]","og_url":"https:\/\/memurunsesi.net\/index.php\/2025\/07\/26\/kusadasinda-alkollu-surucunun-carptigi-yaya-hayatini-kaybetti-feci-kaza-kamerada\/","og_site_name":"Memurun Sesi","article_publisher":"https:\/\/www.facebook.com\/unipersen\/?locale=tr_TR","article_published_time":"2025-07-26T05:05:51+00:00","og_image":[{"width":1320,"height":734,"url":"https:\/\/memurunsesi.net\/wp-content\/uploads\/2025\/07\/AW504632_01.jpg","type":"image\/jpeg"}],"author":"Memurun Sesi Haber Merkezi","twitter_card":"summary_large_image","twitter_creator":"@unipersen","twitter_site":"@unipersen","twitter_misc":{"Yazan:":"Memurun Sesi Haber Merkezi","Tahmini okuma s\u00fcresi":"1 dakika"},"schema":{"@context":"https:\/\/schema.org","@graph":[{"@type":"Article","@id":"https:\/\/memurunsesi.net\/index.php\/2025\/07\/26\/kusadasinda-alkollu-surucunun-carptigi-yaya-hayatini-kaybetti-feci-kaza-kamerada\/#article","isPartOf":{"@id":"https:\/\/memurunsesi.net\/index.php\/2025\/07\/26\/kusadasinda-alkollu-surucunun-carptigi-yaya-hayatini-kaybetti-feci-kaza-kamerada\/"},"author":{"name":"Memurun Sesi Haber Merkezi","@id":"https:\/\/memurunsesi.net\/#\/schema\/person\/f21c2d73b89f6ee1d80b0a1803e38587"},"headline":"Ku\u015fadas\u0131\u2019nda alkoll\u00fc s\u00fcr\u00fcc\u00fcn\u00fcn \u00e7arpt\u0131\u011f\u0131 yaya hayat\u0131n\u0131 kaybetti&#8230; Feci kaza kamerada","datePublished":"2025-07-26T05:05:51+00:00","mainEntityOfPage":{"@id":"https:\/\/memurunsesi.net\/index.php\/2025\/07\/26\/kusadasinda-alkollu-surucunun-carptigi-yaya-hayatini-kaybetti-feci-kaza-kamerada\/"},"wordCount":236,"commentCount":0,"publisher":{"@id":"https:\/\/memurunsesi.net\/#organization"},"image":{"@id":"https:\/\/memurunsesi.net\/index.php\/2025\/07\/26\/kusadasinda-alkollu-surucunun-carptigi-yaya-hayatini-kaybetti-feci-kaza-kamerada\/#primaryimage"},"thumbnailUrl":"https:\/\/memurunsesi.net\/wp-content\/uploads\/2025\/07\/AW504632_01.jpg","inLanguage":"tr","potentialAction":[{"@type":"CommentAction","name":"Comment","target":["https:\/\/memurunsesi.net\/index.php\/2025\/07\/26\/kusadasinda-alkollu-surucunun-carptigi-yaya-hayatini-kaybetti-feci-kaza-kamerada\/#respond"]}]},{"@type":"WebPage","@id":"https:\/\/memurunsesi.net\/index.php\/2025\/07\/26\/kusadasinda-alkollu-surucunun-carptigi-yaya-hayatini-kaybetti-feci-kaza-kamerada\/","url":"https:\/\/memurunsesi.net\/index.php\/2025\/07\/26\/kusadasinda-alkollu-surucunun-carptigi-yaya-hayatini-kaybetti-feci-kaza-kamerada\/","name":"Ku\u015fadas\u0131\u2019nda alkoll\u00fc s\u00fcr\u00fcc\u00fcn\u00fcn \u00e7arpt\u0131\u011f\u0131 yaya hayat\u0131n\u0131 kaybetti... Feci kaza kamerada - Memurun Sesi","isPartOf":{"@id":"https:\/\/memurunsesi.net\/#website"},"primaryImageOfPage":{"@id":"https:\/\/memurunsesi.net\/index.php\/2025\/07\/26\/kusadasinda-alkollu-surucunun-carptigi-yaya-hayatini-kaybetti-feci-kaza-kamerada\/#primaryimage"},"image":{"@id":"https:\/\/memurunsesi.net\/index.php\/2025\/07\/26\/kusadasinda-alkollu-surucunun-carptigi-yaya-hayatini-kaybetti-feci-kaza-kamerada\/#primaryimage"},"thumbnailUrl":"https:\/\/memurunsesi.net\/wp-content\/uploads\/2025\/07\/AW504632_01.jpg","datePublished":"2025-07-26T05:05:51+00:00","breadcrumb":{"@id":"https:\/\/memurunsesi.net\/index.php\/2025\/07\/26\/kusadasinda-alkollu-surucunun-carptigi-yaya-hayatini-kaybetti-feci-kaza-kamerada\/#breadcrumb"},"inLanguage":"tr","potentialAction":[{"@type":"ReadAction","target":["https:\/\/memurunsesi.net\/index.php\/2025\/07\/26\/kusadasinda-alkollu-surucunun-carptigi-yaya-hayatini-kaybetti-feci-kaza-kamerada\/"]}]},{"@type":"ImageObject","inLanguage":"tr","@id":"https:\/\/memurunsesi.net\/index.php\/2025\/07\/26\/kusadasinda-alkollu-surucunun-carptigi-yaya-hayatini-kaybetti-feci-kaza-kamerada\/#primaryimage","url":"https:\/\/memurunsesi.net\/wp-content\/uploads\/2025\/07\/AW504632_01.jpg","contentUrl":"https:\/\/memurunsesi.net\/wp-content\/uploads\/2025\/07\/AW504632_01.jpg","width":1320,"height":734,"caption":"KU\u015eADASI'NDA ALKOLL\u00dc S\u00dcR\u00dcC\u00dc DEH\u015eET\u0130: YOLUN KAR\u015eISINA GE\u00c7MEYE \u00c7ALI\u015eAN YAYA HAYATINI KAYBETT\u0130 (EKREM KESER\/AYDIN-\u0130HA) Ku\u015fadas\u0131'nda gece saatlerinde meydana gelen feci kazada, 2.39 promil alkoll\u00fc oldu\u011fu tespit edilen s\u00fcr\u00fcc\u00fc, yolun kar\u015f\u0131s\u0131na ge\u00e7meye \u00e7al\u0131\u015fan bir yayaya \u00e7arpt\u0131. \u00c7arpman\u0131n etkisiyle savrulan yaya olay yerinde hayat\u0131n\u0131 kaybetti. Kaza an\u0131 g\u00fcvenlik kameralar\u0131na da yans\u0131d\u0131."},{"@type":"BreadcrumbList","@id":"https:\/\/memurunsesi.net\/index.php\/2025\/07\/26\/kusadasinda-alkollu-surucunun-carptigi-yaya-hayatini-kaybetti-feci-kaza-kamerada\/#breadcrumb","itemListElement":[{"@type":"ListItem","position":1,"name":"Anasayfa","item":"https:\/\/memurunsesi.net\/"},{"@type":"ListItem","position":2,"name":"Ku\u015fadas\u0131\u2019nda alkoll\u00fc s\u00fcr\u00fcc\u00fcn\u00fcn \u00e7arpt\u0131\u011f\u0131 yaya hayat\u0131n\u0131 kaybetti&#8230; Feci kaza kamerada"}]},{"@type":"WebSite","@id":"https:\/\/memurunsesi.net\/#website","url":"https:\/\/memurunsesi.net\/","name":"Memurun Sesi","description":"G\u00fcncel ve Do\u011fru Haber","publisher":{"@id":"https:\/\/memurunsesi.net\/#organization"},"potentialAction":[{"@type":"SearchAction","target":{"@type":"EntryPoint","urlTemplate":"https:\/\/memurunsesi.net\/?s={search_term_string}"},"query-input":{"@type":"PropertyValueSpecification","valueRequired":true,"valueName":"search_term_string"}}],"inLanguage":"tr"},{"@type":"Organization","@id":"https:\/\/memurunsesi.net\/#organization","name":"Memurun Sesi","url":"https:\/\/memurunsesi.net\/","logo":{"@type":"ImageObject","inLanguage":"tr","@id":"https:\/\/memurunsesi.net\/#\/schema\/logo\/image\/","url":"https:\/\/memurunsesi.net\/wp-content\/uploads\/2025\/11\/cropped-MEMURUN-SESI.png","contentUrl":"https:\/\/memurunsesi.net\/wp-content\/uploads\/2025\/11\/cropped-MEMURUN-SESI.png","width":238,"height":57,"caption":"Memurun Sesi"},"image":{"@id":"https:\/\/memurunsesi.net\/#\/schema\/logo\/image\/"},"sameAs":["https:\/\/www.facebook.com\/unipersen\/?locale=tr_TR","https:\/\/x.com\/unipersen"]},{"@type":"Person","@id":"https:\/\/memurunsesi.net\/#\/schema\/person\/f21c2d73b89f6ee1d80b0a1803e38587","name":"Memurun Sesi Haber Merkezi","image":{"@type":"ImageObject","inLanguage":"tr","@id":"https:\/\/secure.gravatar.com\/avatar\/6cf0505f452ee753f485014986fab09a434671d2b919ee76fc541025c5876a70?s=96&d=mm&r=g","url":"https:\/\/secure.gravatar.com\/avatar\/6cf0505f452ee753f485014986fab09a434671d2b919ee76fc541025c5876a70?s=96&d=mm&r=g","contentUrl":"https:\/\/secure.gravatar.com\/avatar\/6cf0505f452ee753f485014986fab09a434671d2b919ee76fc541025c5876a70?s=96&d=mm&r=g","caption":"Memurun Sesi Haber Merkezi"},"sameAs":["https:\/\/memurunsesi.net"],"url":"https:\/\/memurunsesi.net\/index.php\/author\/uniper\/"}]}},"_links":{"self":[{"href":"https:\/\/memurunsesi.net\/index.php\/wp-json\/wp\/v2\/posts\/9648","targetHints":{"allow":["GET"]}}],"collection":[{"href":"https:\/\/memurunsesi.net\/index.php\/wp-json\/wp\/v2\/posts"}],"about":[{"href":"https:\/\/memurunsesi.net\/index.php\/wp-json\/wp\/v2\/types\/post"}],"author":[{"embeddable":true,"href":"https:\/\/memurunsesi.net\/index.php\/wp-json\/wp\/v2\/users\/1"}],"replies":[{"embeddable":true,"href":"https:\/\/memurunsesi.net\/index.php\/wp-json\/wp\/v2\/comments?post=9648"}],"version-history":[{"count":1,"href":"https:\/\/memurunsesi.net\/index.php\/wp-json\/wp\/v2\/posts\/9648\/revisions"}],"predecessor-version":[{"id":9650,"href":"https:\/\/memurunsesi.net\/index.php\/wp-json\/wp\/v2\/posts\/9648\/revisions\/9650"}],"wp:featuredmedia":[{"embeddable":true,"href":"https:\/\/memurunsesi.net\/index.php\/wp-json\/wp\/v2\/media\/9649"}],"wp:attachment":[{"href":"https:\/\/memurunsesi.net\/index.php\/wp-json\/wp\/v2\/media?parent=9648"}],"wp:term":[{"taxonomy":"category","embeddable":true,"href":"https:\/\/memurunsesi.net\/index.php\/wp-json\/wp\/v2\/categories?post=9648"},{"taxonomy":"post_tag","embeddable":true,"href":"https:\/\/memurunsesi.net\/index.php\/wp-json\/wp\/v2\/tags?post=9648"}],"curies":[{"name":"wp","href":"https:\/\/api.w.org\/{rel}","templated":true}]}}