{"id":9654,"date":"2025-07-26T08:08:37","date_gmt":"2025-07-26T05:08:37","guid":{"rendered":"https:\/\/memurunsesi.net\/?p=9654"},"modified":"2025-07-26T08:08:37","modified_gmt":"2025-07-26T05:08:37","slug":"adalet-bakani-tunc-26-haziran-26-temmuz-tarihleri-arasinda-cikan-orman-yanginlariyla-ilgili-17-kisi-tutuklu-bulunmaktadir","status":"publish","type":"post","link":"https:\/\/memurunsesi.net\/index.php\/2025\/07\/26\/adalet-bakani-tunc-26-haziran-26-temmuz-tarihleri-arasinda-cikan-orman-yanginlariyla-ilgili-17-kisi-tutuklu-bulunmaktadir\/","title":{"rendered":"Adalet Bakan\u0131 Tun\u00e7: &#8220;26 Haziran-26 Temmuz tarihleri aras\u0131nda \u00e7\u0131kan orman yang\u0131nlar\u0131yla ilgili 17 ki\u015fi tutuklu bulunmaktad\u0131r&#8221;"},"content":{"rendered":"<p>  Adalet Bakan\u0131 Y\u0131lmaz Tun\u00e7, &#8220;26 Haziran-26 Temmuz tarihleri aras\u0131nda \u00e7\u0131kan orman yang\u0131nlar\u0131yla ilgili g\u00f6zalt\u0131na al\u0131nan \u015f\u00fcphelilerden 17&#8217;si tutuklu bulunmaktad\u0131r&#8221; dedi.<br \/>\n  Adalet Bakan\u0131 Y\u0131lmaz Tun\u00e7 Bart\u0131n&#8217;\u0131n Ulus il\u00e7esi Elde\u015f k\u00f6y\u00fcnde orman yang\u0131n\u0131 sonras\u0131nda incelemelerde bulundu. Vatanda\u015flar ile bir araya gelen Bakan Tun\u00e7 yang\u0131ndan etkilenenlere ge\u00e7mi\u015f olsun dileklerinde bulundu. Ziyareti hakk\u0131nda sosyal medya hesab\u0131ndan payla\u015f\u0131m yapan Tun\u00e7, orman yang\u0131nlar\u0131 ile ilgili 17 \u015f\u00fcphelinin tutuklu\u011fu oldu\u011funu belirterek, &#8220;Yang\u0131ndan zarar g\u00f6ren hem\u015fehrilerimizin taleplerini dinledik, ihtiya\u00e7lar\u0131n\u0131n kar\u015f\u0131lanmas\u0131 i\u00e7in gerekli i\u015flemleri ba\u015flatt\u0131k. 26 Haziran-26 Temmuz tarihleri aras\u0131nda \u00e7e\u015fitli illerimizde \u00e7\u0131kan orman yang\u0131nlar\u0131yla ilgili Cumhuriyet Ba\u015fsavc\u0131l\u0131klar\u0131m\u0131zca derhal ba\u015flat\u0131lan adli soru\u015fturmalar kapsam\u0131nda \u015fu ana kadar g\u00f6zalt\u0131na al\u0131nan \u015f\u00fcphelilerden 17&#8217;si tutuklu bulunmaktad\u0131r. Soru\u015fturmalar b\u00fcy\u00fck bir hassasiyet ve titizlikle s\u00fcrd\u00fcr\u00fclmektedir&#8221; ifadelerine yer verdi.<br \/>\n  Ekiplerin \u00e7al\u0131\u015fmalar\u0131nda devam etti\u011fini s\u00f6yleyen Tun\u00e7, &#8220;Ye\u015fil vatan\u0131m\u0131z\u0131 korumak i\u00e7in gece g\u00fcnd\u00fcz demeden \u00e7al\u0131\u015fan t\u00fcm orman kahramanlar\u0131m\u0131za kolayl\u0131klar diliyorum. Rabbim \u00fclkemizi her t\u00fcrl\u00fc afetten muhafaza eylesin&#8221; ifadelerini kulland\u0131. <\/p>\n<p>26.07.2025                                <\/p>\n","protected":false},"excerpt":{"rendered":"<p>Adalet Bakan\u0131 Y\u0131lmaz Tun\u00e7, &#8220;26 Haziran-26 Temmuz tarihleri aras\u0131nda \u00e7\u0131kan orman yang\u0131nlar\u0131yla ilgili g\u00f6zalt\u0131na al\u0131nan \u015f\u00fcphelilerden 17&#8217;si tutuklu bulunmaktad\u0131r&#8221; dedi. Adalet Bakan\u0131 Y\u0131lmaz Tun\u00e7 Bart\u0131n&#8217;\u0131n Ulus il\u00e7esi Elde\u015f k\u00f6y\u00fcnde orman yang\u0131n\u0131 sonras\u0131nda incelemelerde bulundu. Vatanda\u015flar ile bir araya gelen Bakan Tun\u00e7 yang\u0131ndan etkilenenlere ge\u00e7mi\u015f olsun dileklerinde bulundu. Ziyareti hakk\u0131nda sosyal medya hesab\u0131ndan payla\u015f\u0131m yapan Tun\u00e7, [&hellip;]<\/p>\n","protected":false},"author":1,"featured_media":9655,"comment_status":"open","ping_status":"open","sticky":false,"template":"","format":"standard","meta":{"footnotes":""},"categories":[1],"tags":[],"class_list":["post-9654","post","type-post","status-publish","format-standard","has-post-thumbnail","hentry","category-genel"],"yoast_head":"<!-- This site is optimized with the Yoast SEO plugin v27.4 - https:\/\/yoast.com\/product\/yoast-seo-wordpress\/ -->\n<title>Adalet Bakan\u0131 Tun\u00e7: &quot;26 Haziran-26 Temmuz tarihleri aras\u0131nda \u00e7\u0131kan orman yang\u0131nlar\u0131yla ilgili 17 ki\u015fi tutuklu bulunmaktad\u0131r&quot; - Memurun Sesi<\/title>\n<meta name=\"robots\" content=\"index, follow, max-snippet:-1, max-image-preview:large, max-video-preview:-1\" \/>\n<link rel=\"canonical\" href=\"https:\/\/memurunsesi.net\/index.php\/2025\/07\/26\/adalet-bakani-tunc-26-haziran-26-temmuz-tarihleri-arasinda-cikan-orman-yanginlariyla-ilgili-17-kisi-tutuklu-bulunmaktadir\/\" \/>\n<meta property=\"og:locale\" content=\"tr_TR\" \/>\n<meta property=\"og:type\" content=\"article\" \/>\n<meta property=\"og:title\" content=\"Adalet Bakan\u0131 Tun\u00e7: &quot;26 Haziran-26 Temmuz tarihleri aras\u0131nda \u00e7\u0131kan orman yang\u0131nlar\u0131yla ilgili 17 ki\u015fi tutuklu bulunmaktad\u0131r&quot; - Memurun Sesi\" \/>\n<meta property=\"og:description\" content=\"Adalet Bakan\u0131 Y\u0131lmaz Tun\u00e7, &#8220;26 Haziran-26 Temmuz tarihleri aras\u0131nda \u00e7\u0131kan orman yang\u0131nlar\u0131yla ilgili g\u00f6zalt\u0131na al\u0131nan \u015f\u00fcphelilerden 17&#8217;si tutuklu bulunmaktad\u0131r&#8221; dedi. Adalet Bakan\u0131 Y\u0131lmaz Tun\u00e7 Bart\u0131n&#8217;\u0131n Ulus il\u00e7esi Elde\u015f k\u00f6y\u00fcnde orman yang\u0131n\u0131 sonras\u0131nda incelemelerde bulundu. Vatanda\u015flar ile bir araya gelen Bakan Tun\u00e7 yang\u0131ndan etkilenenlere ge\u00e7mi\u015f olsun dileklerinde bulundu. Ziyareti hakk\u0131nda sosyal medya hesab\u0131ndan payla\u015f\u0131m yapan Tun\u00e7, [&hellip;]\" \/>\n<meta property=\"og:url\" content=\"https:\/\/memurunsesi.net\/index.php\/2025\/07\/26\/adalet-bakani-tunc-26-haziran-26-temmuz-tarihleri-arasinda-cikan-orman-yanginlariyla-ilgili-17-kisi-tutuklu-bulunmaktadir\/\" \/>\n<meta property=\"og:site_name\" content=\"Memurun Sesi\" \/>\n<meta property=\"article:publisher\" content=\"https:\/\/www.facebook.com\/unipersen\/?locale=tr_TR\" \/>\n<meta property=\"article:published_time\" content=\"2025-07-26T05:08:37+00:00\" \/>\n<meta property=\"og:image\" content=\"https:\/\/memurunsesi.net\/wp-content\/uploads\/2025\/07\/AW504630_02.jpg\" \/>\n\t<meta property=\"og:image:width\" content=\"1200\" \/>\n\t<meta property=\"og:image:height\" content=\"800\" \/>\n\t<meta property=\"og:image:type\" content=\"image\/jpeg\" \/>\n<meta name=\"author\" content=\"Memurun Sesi Haber Merkezi\" \/>\n<meta name=\"twitter:card\" content=\"summary_large_image\" \/>\n<meta name=\"twitter:creator\" content=\"@unipersen\" \/>\n<meta name=\"twitter:site\" content=\"@unipersen\" \/>\n<meta name=\"twitter:label1\" content=\"Yazan:\" \/>\n\t<meta name=\"twitter:data1\" content=\"Memurun Sesi Haber Merkezi\" \/>\n\t<meta name=\"twitter:label2\" content=\"Tahmini okuma s\u00fcresi\" \/>\n\t<meta name=\"twitter:data2\" content=\"1 dakika\" \/>\n<script type=\"application\/ld+json\" class=\"yoast-schema-graph\">{\"@context\":\"https:\\\/\\\/schema.org\",\"@graph\":[{\"@type\":\"Article\",\"@id\":\"https:\\\/\\\/memurunsesi.net\\\/index.php\\\/2025\\\/07\\\/26\\\/adalet-bakani-tunc-26-haziran-26-temmuz-tarihleri-arasinda-cikan-orman-yanginlariyla-ilgili-17-kisi-tutuklu-bulunmaktadir\\\/#article\",\"isPartOf\":{\"@id\":\"https:\\\/\\\/memurunsesi.net\\\/index.php\\\/2025\\\/07\\\/26\\\/adalet-bakani-tunc-26-haziran-26-temmuz-tarihleri-arasinda-cikan-orman-yanginlariyla-ilgili-17-kisi-tutuklu-bulunmaktadir\\\/\"},\"author\":{\"name\":\"Memurun Sesi Haber Merkezi\",\"@id\":\"https:\\\/\\\/memurunsesi.net\\\/#\\\/schema\\\/person\\\/f21c2d73b89f6ee1d80b0a1803e38587\"},\"headline\":\"Adalet Bakan\u0131 Tun\u00e7: &#8220;26 Haziran-26 Temmuz tarihleri aras\u0131nda \u00e7\u0131kan orman yang\u0131nlar\u0131yla ilgili 17 ki\u015fi tutuklu bulunmaktad\u0131r&#8221;\",\"datePublished\":\"2025-07-26T05:08:37+00:00\",\"mainEntityOfPage\":{\"@id\":\"https:\\\/\\\/memurunsesi.net\\\/index.php\\\/2025\\\/07\\\/26\\\/adalet-bakani-tunc-26-haziran-26-temmuz-tarihleri-arasinda-cikan-orman-yanginlariyla-ilgili-17-kisi-tutuklu-bulunmaktadir\\\/\"},\"wordCount\":232,\"commentCount\":0,\"publisher\":{\"@id\":\"https:\\\/\\\/memurunsesi.net\\\/#organization\"},\"image\":{\"@id\":\"https:\\\/\\\/memurunsesi.net\\\/index.php\\\/2025\\\/07\\\/26\\\/adalet-bakani-tunc-26-haziran-26-temmuz-tarihleri-arasinda-cikan-orman-yanginlariyla-ilgili-17-kisi-tutuklu-bulunmaktadir\\\/#primaryimage\"},\"thumbnailUrl\":\"https:\\\/\\\/memurunsesi.net\\\/wp-content\\\/uploads\\\/2025\\\/07\\\/AW504630_02.jpg\",\"inLanguage\":\"tr\",\"potentialAction\":[{\"@type\":\"CommentAction\",\"name\":\"Comment\",\"target\":[\"https:\\\/\\\/memurunsesi.net\\\/index.php\\\/2025\\\/07\\\/26\\\/adalet-bakani-tunc-26-haziran-26-temmuz-tarihleri-arasinda-cikan-orman-yanginlariyla-ilgili-17-kisi-tutuklu-bulunmaktadir\\\/#respond\"]}]},{\"@type\":\"WebPage\",\"@id\":\"https:\\\/\\\/memurunsesi.net\\\/index.php\\\/2025\\\/07\\\/26\\\/adalet-bakani-tunc-26-haziran-26-temmuz-tarihleri-arasinda-cikan-orman-yanginlariyla-ilgili-17-kisi-tutuklu-bulunmaktadir\\\/\",\"url\":\"https:\\\/\\\/memurunsesi.net\\\/index.php\\\/2025\\\/07\\\/26\\\/adalet-bakani-tunc-26-haziran-26-temmuz-tarihleri-arasinda-cikan-orman-yanginlariyla-ilgili-17-kisi-tutuklu-bulunmaktadir\\\/\",\"name\":\"Adalet Bakan\u0131 Tun\u00e7: \\\"26 Haziran-26 Temmuz tarihleri aras\u0131nda \u00e7\u0131kan orman yang\u0131nlar\u0131yla ilgili 17 ki\u015fi tutuklu bulunmaktad\u0131r\\\" - Memurun Sesi\",\"isPartOf\":{\"@id\":\"https:\\\/\\\/memurunsesi.net\\\/#website\"},\"primaryImageOfPage\":{\"@id\":\"https:\\\/\\\/memurunsesi.net\\\/index.php\\\/2025\\\/07\\\/26\\\/adalet-bakani-tunc-26-haziran-26-temmuz-tarihleri-arasinda-cikan-orman-yanginlariyla-ilgili-17-kisi-tutuklu-bulunmaktadir\\\/#primaryimage\"},\"image\":{\"@id\":\"https:\\\/\\\/memurunsesi.net\\\/index.php\\\/2025\\\/07\\\/26\\\/adalet-bakani-tunc-26-haziran-26-temmuz-tarihleri-arasinda-cikan-orman-yanginlariyla-ilgili-17-kisi-tutuklu-bulunmaktadir\\\/#primaryimage\"},\"thumbnailUrl\":\"https:\\\/\\\/memurunsesi.net\\\/wp-content\\\/uploads\\\/2025\\\/07\\\/AW504630_02.jpg\",\"datePublished\":\"2025-07-26T05:08:37+00:00\",\"breadcrumb\":{\"@id\":\"https:\\\/\\\/memurunsesi.net\\\/index.php\\\/2025\\\/07\\\/26\\\/adalet-bakani-tunc-26-haziran-26-temmuz-tarihleri-arasinda-cikan-orman-yanginlariyla-ilgili-17-kisi-tutuklu-bulunmaktadir\\\/#breadcrumb\"},\"inLanguage\":\"tr\",\"potentialAction\":[{\"@type\":\"ReadAction\",\"target\":[\"https:\\\/\\\/memurunsesi.net\\\/index.php\\\/2025\\\/07\\\/26\\\/adalet-bakani-tunc-26-haziran-26-temmuz-tarihleri-arasinda-cikan-orman-yanginlariyla-ilgili-17-kisi-tutuklu-bulunmaktadir\\\/\"]}]},{\"@type\":\"ImageObject\",\"inLanguage\":\"tr\",\"@id\":\"https:\\\/\\\/memurunsesi.net\\\/index.php\\\/2025\\\/07\\\/26\\\/adalet-bakani-tunc-26-haziran-26-temmuz-tarihleri-arasinda-cikan-orman-yanginlariyla-ilgili-17-kisi-tutuklu-bulunmaktadir\\\/#primaryimage\",\"url\":\"https:\\\/\\\/memurunsesi.net\\\/wp-content\\\/uploads\\\/2025\\\/07\\\/AW504630_02.jpg\",\"contentUrl\":\"https:\\\/\\\/memurunsesi.net\\\/wp-content\\\/uploads\\\/2025\\\/07\\\/AW504630_02.jpg\",\"width\":1200,\"height\":800,\"caption\":\"ADALET BAKANI YILMAZ TUN\u00c7, \\\"26 HAZ\u0130RAN-26 TEMMUZ TAR\u0130HLER\u0130 ARASINDA \u00c7IKAN ORMAN YANGINLARIYLA \u0130LG\u0130L\u0130 G\u00d6ZALTINA ALINAN \u015e\u00dcPHEL\u0130LERDEN 17'S\u0130 TUTUKLU BULUNMAKTADIR\\\" DED\u0130. (\u0130HA\\\/ANKARA-\u0130HA) Adalet Bakan\u0131 Y\u0131lmaz Tun\u00e7, \\\"26 Haziran-26 Temmuz tarihleri aras\u0131nda \u00e7\u0131kan orman yang\u0131nlar\u0131yla ilgili g\u00f6zalt\u0131na al\u0131nan \u015f\u00fcphelilerden 17'si tutuklu bulunmaktad\u0131r\\\" dedi.\"},{\"@type\":\"BreadcrumbList\",\"@id\":\"https:\\\/\\\/memurunsesi.net\\\/index.php\\\/2025\\\/07\\\/26\\\/adalet-bakani-tunc-26-haziran-26-temmuz-tarihleri-arasinda-cikan-orman-yanginlariyla-ilgili-17-kisi-tutuklu-bulunmaktadir\\\/#breadcrumb\",\"itemListElement\":[{\"@type\":\"ListItem\",\"position\":1,\"name\":\"Anasayfa\",\"item\":\"https:\\\/\\\/memurunsesi.net\\\/\"},{\"@type\":\"ListItem\",\"position\":2,\"name\":\"Adalet Bakan\u0131 Tun\u00e7: &#8220;26 Haziran-26 Temmuz tarihleri aras\u0131nda \u00e7\u0131kan orman yang\u0131nlar\u0131yla ilgili 17 ki\u015fi tutuklu bulunmaktad\u0131r&#8221;\"}]},{\"@type\":\"WebSite\",\"@id\":\"https:\\\/\\\/memurunsesi.net\\\/#website\",\"url\":\"https:\\\/\\\/memurunsesi.net\\\/\",\"name\":\"Memurun Sesi\",\"description\":\"G\u00fcncel ve Do\u011fru Haber\",\"publisher\":{\"@id\":\"https:\\\/\\\/memurunsesi.net\\\/#organization\"},\"potentialAction\":[{\"@type\":\"SearchAction\",\"target\":{\"@type\":\"EntryPoint\",\"urlTemplate\":\"https:\\\/\\\/memurunsesi.net\\\/?s={search_term_string}\"},\"query-input\":{\"@type\":\"PropertyValueSpecification\",\"valueRequired\":true,\"valueName\":\"search_term_string\"}}],\"inLanguage\":\"tr\"},{\"@type\":\"Organization\",\"@id\":\"https:\\\/\\\/memurunsesi.net\\\/#organization\",\"name\":\"Memurun Sesi\",\"url\":\"https:\\\/\\\/memurunsesi.net\\\/\",\"logo\":{\"@type\":\"ImageObject\",\"inLanguage\":\"tr\",\"@id\":\"https:\\\/\\\/memurunsesi.net\\\/#\\\/schema\\\/logo\\\/image\\\/\",\"url\":\"https:\\\/\\\/memurunsesi.net\\\/wp-content\\\/uploads\\\/2025\\\/11\\\/cropped-MEMURUN-SESI.png\",\"contentUrl\":\"https:\\\/\\\/memurunsesi.net\\\/wp-content\\\/uploads\\\/2025\\\/11\\\/cropped-MEMURUN-SESI.png\",\"width\":238,\"height\":57,\"caption\":\"Memurun Sesi\"},\"image\":{\"@id\":\"https:\\\/\\\/memurunsesi.net\\\/#\\\/schema\\\/logo\\\/image\\\/\"},\"sameAs\":[\"https:\\\/\\\/www.facebook.com\\\/unipersen\\\/?locale=tr_TR\",\"https:\\\/\\\/x.com\\\/unipersen\"]},{\"@type\":\"Person\",\"@id\":\"https:\\\/\\\/memurunsesi.net\\\/#\\\/schema\\\/person\\\/f21c2d73b89f6ee1d80b0a1803e38587\",\"name\":\"Memurun Sesi Haber Merkezi\",\"image\":{\"@type\":\"ImageObject\",\"inLanguage\":\"tr\",\"@id\":\"https:\\\/\\\/secure.gravatar.com\\\/avatar\\\/6cf0505f452ee753f485014986fab09a434671d2b919ee76fc541025c5876a70?s=96&d=mm&r=g\",\"url\":\"https:\\\/\\\/secure.gravatar.com\\\/avatar\\\/6cf0505f452ee753f485014986fab09a434671d2b919ee76fc541025c5876a70?s=96&d=mm&r=g\",\"contentUrl\":\"https:\\\/\\\/secure.gravatar.com\\\/avatar\\\/6cf0505f452ee753f485014986fab09a434671d2b919ee76fc541025c5876a70?s=96&d=mm&r=g\",\"caption\":\"Memurun Sesi Haber Merkezi\"},\"sameAs\":[\"https:\\\/\\\/memurunsesi.net\"],\"url\":\"https:\\\/\\\/memurunsesi.net\\\/index.php\\\/author\\\/uniper\\\/\"}]}<\/script>\n<!-- \/ Yoast SEO plugin. -->","yoast_head_json":{"title":"Adalet Bakan\u0131 Tun\u00e7: \"26 Haziran-26 Temmuz tarihleri aras\u0131nda \u00e7\u0131kan orman yang\u0131nlar\u0131yla ilgili 17 ki\u015fi tutuklu bulunmaktad\u0131r\" - Memurun Sesi","robots":{"index":"index","follow":"follow","max-snippet":"max-snippet:-1","max-image-preview":"max-image-preview:large","max-video-preview":"max-video-preview:-1"},"canonical":"https:\/\/memurunsesi.net\/index.php\/2025\/07\/26\/adalet-bakani-tunc-26-haziran-26-temmuz-tarihleri-arasinda-cikan-orman-yanginlariyla-ilgili-17-kisi-tutuklu-bulunmaktadir\/","og_locale":"tr_TR","og_type":"article","og_title":"Adalet Bakan\u0131 Tun\u00e7: \"26 Haziran-26 Temmuz tarihleri aras\u0131nda \u00e7\u0131kan orman yang\u0131nlar\u0131yla ilgili 17 ki\u015fi tutuklu bulunmaktad\u0131r\" - Memurun Sesi","og_description":"Adalet Bakan\u0131 Y\u0131lmaz Tun\u00e7, &#8220;26 Haziran-26 Temmuz tarihleri aras\u0131nda \u00e7\u0131kan orman yang\u0131nlar\u0131yla ilgili g\u00f6zalt\u0131na al\u0131nan \u015f\u00fcphelilerden 17&#8217;si tutuklu bulunmaktad\u0131r&#8221; dedi. Adalet Bakan\u0131 Y\u0131lmaz Tun\u00e7 Bart\u0131n&#8217;\u0131n Ulus il\u00e7esi Elde\u015f k\u00f6y\u00fcnde orman yang\u0131n\u0131 sonras\u0131nda incelemelerde bulundu. Vatanda\u015flar ile bir araya gelen Bakan Tun\u00e7 yang\u0131ndan etkilenenlere ge\u00e7mi\u015f olsun dileklerinde bulundu. Ziyareti hakk\u0131nda sosyal medya hesab\u0131ndan payla\u015f\u0131m yapan Tun\u00e7, [&hellip;]","og_url":"https:\/\/memurunsesi.net\/index.php\/2025\/07\/26\/adalet-bakani-tunc-26-haziran-26-temmuz-tarihleri-arasinda-cikan-orman-yanginlariyla-ilgili-17-kisi-tutuklu-bulunmaktadir\/","og_site_name":"Memurun Sesi","article_publisher":"https:\/\/www.facebook.com\/unipersen\/?locale=tr_TR","article_published_time":"2025-07-26T05:08:37+00:00","og_image":[{"width":1200,"height":800,"url":"https:\/\/memurunsesi.net\/wp-content\/uploads\/2025\/07\/AW504630_02.jpg","type":"image\/jpeg"}],"author":"Memurun Sesi Haber Merkezi","twitter_card":"summary_large_image","twitter_creator":"@unipersen","twitter_site":"@unipersen","twitter_misc":{"Yazan:":"Memurun Sesi Haber Merkezi","Tahmini okuma s\u00fcresi":"1 dakika"},"schema":{"@context":"https:\/\/schema.org","@graph":[{"@type":"Article","@id":"https:\/\/memurunsesi.net\/index.php\/2025\/07\/26\/adalet-bakani-tunc-26-haziran-26-temmuz-tarihleri-arasinda-cikan-orman-yanginlariyla-ilgili-17-kisi-tutuklu-bulunmaktadir\/#article","isPartOf":{"@id":"https:\/\/memurunsesi.net\/index.php\/2025\/07\/26\/adalet-bakani-tunc-26-haziran-26-temmuz-tarihleri-arasinda-cikan-orman-yanginlariyla-ilgili-17-kisi-tutuklu-bulunmaktadir\/"},"author":{"name":"Memurun Sesi Haber Merkezi","@id":"https:\/\/memurunsesi.net\/#\/schema\/person\/f21c2d73b89f6ee1d80b0a1803e38587"},"headline":"Adalet Bakan\u0131 Tun\u00e7: &#8220;26 Haziran-26 Temmuz tarihleri aras\u0131nda \u00e7\u0131kan orman yang\u0131nlar\u0131yla ilgili 17 ki\u015fi tutuklu bulunmaktad\u0131r&#8221;","datePublished":"2025-07-26T05:08:37+00:00","mainEntityOfPage":{"@id":"https:\/\/memurunsesi.net\/index.php\/2025\/07\/26\/adalet-bakani-tunc-26-haziran-26-temmuz-tarihleri-arasinda-cikan-orman-yanginlariyla-ilgili-17-kisi-tutuklu-bulunmaktadir\/"},"wordCount":232,"commentCount":0,"publisher":{"@id":"https:\/\/memurunsesi.net\/#organization"},"image":{"@id":"https:\/\/memurunsesi.net\/index.php\/2025\/07\/26\/adalet-bakani-tunc-26-haziran-26-temmuz-tarihleri-arasinda-cikan-orman-yanginlariyla-ilgili-17-kisi-tutuklu-bulunmaktadir\/#primaryimage"},"thumbnailUrl":"https:\/\/memurunsesi.net\/wp-content\/uploads\/2025\/07\/AW504630_02.jpg","inLanguage":"tr","potentialAction":[{"@type":"CommentAction","name":"Comment","target":["https:\/\/memurunsesi.net\/index.php\/2025\/07\/26\/adalet-bakani-tunc-26-haziran-26-temmuz-tarihleri-arasinda-cikan-orman-yanginlariyla-ilgili-17-kisi-tutuklu-bulunmaktadir\/#respond"]}]},{"@type":"WebPage","@id":"https:\/\/memurunsesi.net\/index.php\/2025\/07\/26\/adalet-bakani-tunc-26-haziran-26-temmuz-tarihleri-arasinda-cikan-orman-yanginlariyla-ilgili-17-kisi-tutuklu-bulunmaktadir\/","url":"https:\/\/memurunsesi.net\/index.php\/2025\/07\/26\/adalet-bakani-tunc-26-haziran-26-temmuz-tarihleri-arasinda-cikan-orman-yanginlariyla-ilgili-17-kisi-tutuklu-bulunmaktadir\/","name":"Adalet Bakan\u0131 Tun\u00e7: \"26 Haziran-26 Temmuz tarihleri aras\u0131nda \u00e7\u0131kan orman yang\u0131nlar\u0131yla ilgili 17 ki\u015fi tutuklu bulunmaktad\u0131r\" - Memurun Sesi","isPartOf":{"@id":"https:\/\/memurunsesi.net\/#website"},"primaryImageOfPage":{"@id":"https:\/\/memurunsesi.net\/index.php\/2025\/07\/26\/adalet-bakani-tunc-26-haziran-26-temmuz-tarihleri-arasinda-cikan-orman-yanginlariyla-ilgili-17-kisi-tutuklu-bulunmaktadir\/#primaryimage"},"image":{"@id":"https:\/\/memurunsesi.net\/index.php\/2025\/07\/26\/adalet-bakani-tunc-26-haziran-26-temmuz-tarihleri-arasinda-cikan-orman-yanginlariyla-ilgili-17-kisi-tutuklu-bulunmaktadir\/#primaryimage"},"thumbnailUrl":"https:\/\/memurunsesi.net\/wp-content\/uploads\/2025\/07\/AW504630_02.jpg","datePublished":"2025-07-26T05:08:37+00:00","breadcrumb":{"@id":"https:\/\/memurunsesi.net\/index.php\/2025\/07\/26\/adalet-bakani-tunc-26-haziran-26-temmuz-tarihleri-arasinda-cikan-orman-yanginlariyla-ilgili-17-kisi-tutuklu-bulunmaktadir\/#breadcrumb"},"inLanguage":"tr","potentialAction":[{"@type":"ReadAction","target":["https:\/\/memurunsesi.net\/index.php\/2025\/07\/26\/adalet-bakani-tunc-26-haziran-26-temmuz-tarihleri-arasinda-cikan-orman-yanginlariyla-ilgili-17-kisi-tutuklu-bulunmaktadir\/"]}]},{"@type":"ImageObject","inLanguage":"tr","@id":"https:\/\/memurunsesi.net\/index.php\/2025\/07\/26\/adalet-bakani-tunc-26-haziran-26-temmuz-tarihleri-arasinda-cikan-orman-yanginlariyla-ilgili-17-kisi-tutuklu-bulunmaktadir\/#primaryimage","url":"https:\/\/memurunsesi.net\/wp-content\/uploads\/2025\/07\/AW504630_02.jpg","contentUrl":"https:\/\/memurunsesi.net\/wp-content\/uploads\/2025\/07\/AW504630_02.jpg","width":1200,"height":800,"caption":"ADALET BAKANI YILMAZ TUN\u00c7, \"26 HAZ\u0130RAN-26 TEMMUZ TAR\u0130HLER\u0130 ARASINDA \u00c7IKAN ORMAN YANGINLARIYLA \u0130LG\u0130L\u0130 G\u00d6ZALTINA ALINAN \u015e\u00dcPHEL\u0130LERDEN 17'S\u0130 TUTUKLU BULUNMAKTADIR\" DED\u0130. (\u0130HA\/ANKARA-\u0130HA) Adalet Bakan\u0131 Y\u0131lmaz Tun\u00e7, \"26 Haziran-26 Temmuz tarihleri aras\u0131nda \u00e7\u0131kan orman yang\u0131nlar\u0131yla ilgili g\u00f6zalt\u0131na al\u0131nan \u015f\u00fcphelilerden 17'si tutuklu bulunmaktad\u0131r\" dedi."},{"@type":"BreadcrumbList","@id":"https:\/\/memurunsesi.net\/index.php\/2025\/07\/26\/adalet-bakani-tunc-26-haziran-26-temmuz-tarihleri-arasinda-cikan-orman-yanginlariyla-ilgili-17-kisi-tutuklu-bulunmaktadir\/#breadcrumb","itemListElement":[{"@type":"ListItem","position":1,"name":"Anasayfa","item":"https:\/\/memurunsesi.net\/"},{"@type":"ListItem","position":2,"name":"Adalet Bakan\u0131 Tun\u00e7: &#8220;26 Haziran-26 Temmuz tarihleri aras\u0131nda \u00e7\u0131kan orman yang\u0131nlar\u0131yla ilgili 17 ki\u015fi tutuklu bulunmaktad\u0131r&#8221;"}]},{"@type":"WebSite","@id":"https:\/\/memurunsesi.net\/#website","url":"https:\/\/memurunsesi.net\/","name":"Memurun Sesi","description":"G\u00fcncel ve Do\u011fru Haber","publisher":{"@id":"https:\/\/memurunsesi.net\/#organization"},"potentialAction":[{"@type":"SearchAction","target":{"@type":"EntryPoint","urlTemplate":"https:\/\/memurunsesi.net\/?s={search_term_string}"},"query-input":{"@type":"PropertyValueSpecification","valueRequired":true,"valueName":"search_term_string"}}],"inLanguage":"tr"},{"@type":"Organization","@id":"https:\/\/memurunsesi.net\/#organization","name":"Memurun Sesi","url":"https:\/\/memurunsesi.net\/","logo":{"@type":"ImageObject","inLanguage":"tr","@id":"https:\/\/memurunsesi.net\/#\/schema\/logo\/image\/","url":"https:\/\/memurunsesi.net\/wp-content\/uploads\/2025\/11\/cropped-MEMURUN-SESI.png","contentUrl":"https:\/\/memurunsesi.net\/wp-content\/uploads\/2025\/11\/cropped-MEMURUN-SESI.png","width":238,"height":57,"caption":"Memurun Sesi"},"image":{"@id":"https:\/\/memurunsesi.net\/#\/schema\/logo\/image\/"},"sameAs":["https:\/\/www.facebook.com\/unipersen\/?locale=tr_TR","https:\/\/x.com\/unipersen"]},{"@type":"Person","@id":"https:\/\/memurunsesi.net\/#\/schema\/person\/f21c2d73b89f6ee1d80b0a1803e38587","name":"Memurun Sesi Haber Merkezi","image":{"@type":"ImageObject","inLanguage":"tr","@id":"https:\/\/secure.gravatar.com\/avatar\/6cf0505f452ee753f485014986fab09a434671d2b919ee76fc541025c5876a70?s=96&d=mm&r=g","url":"https:\/\/secure.gravatar.com\/avatar\/6cf0505f452ee753f485014986fab09a434671d2b919ee76fc541025c5876a70?s=96&d=mm&r=g","contentUrl":"https:\/\/secure.gravatar.com\/avatar\/6cf0505f452ee753f485014986fab09a434671d2b919ee76fc541025c5876a70?s=96&d=mm&r=g","caption":"Memurun Sesi Haber Merkezi"},"sameAs":["https:\/\/memurunsesi.net"],"url":"https:\/\/memurunsesi.net\/index.php\/author\/uniper\/"}]}},"_links":{"self":[{"href":"https:\/\/memurunsesi.net\/index.php\/wp-json\/wp\/v2\/posts\/9654","targetHints":{"allow":["GET"]}}],"collection":[{"href":"https:\/\/memurunsesi.net\/index.php\/wp-json\/wp\/v2\/posts"}],"about":[{"href":"https:\/\/memurunsesi.net\/index.php\/wp-json\/wp\/v2\/types\/post"}],"author":[{"embeddable":true,"href":"https:\/\/memurunsesi.net\/index.php\/wp-json\/wp\/v2\/users\/1"}],"replies":[{"embeddable":true,"href":"https:\/\/memurunsesi.net\/index.php\/wp-json\/wp\/v2\/comments?post=9654"}],"version-history":[{"count":1,"href":"https:\/\/memurunsesi.net\/index.php\/wp-json\/wp\/v2\/posts\/9654\/revisions"}],"predecessor-version":[{"id":9656,"href":"https:\/\/memurunsesi.net\/index.php\/wp-json\/wp\/v2\/posts\/9654\/revisions\/9656"}],"wp:featuredmedia":[{"embeddable":true,"href":"https:\/\/memurunsesi.net\/index.php\/wp-json\/wp\/v2\/media\/9655"}],"wp:attachment":[{"href":"https:\/\/memurunsesi.net\/index.php\/wp-json\/wp\/v2\/media?parent=9654"}],"wp:term":[{"taxonomy":"category","embeddable":true,"href":"https:\/\/memurunsesi.net\/index.php\/wp-json\/wp\/v2\/categories?post=9654"},{"taxonomy":"post_tag","embeddable":true,"href":"https:\/\/memurunsesi.net\/index.php\/wp-json\/wp\/v2\/tags?post=9654"}],"curies":[{"name":"wp","href":"https:\/\/api.w.org\/{rel}","templated":true}]}}