{"id":9657,"date":"2025-07-26T08:09:42","date_gmt":"2025-07-26T05:09:42","guid":{"rendered":"https:\/\/memurunsesi.net\/?p=9657"},"modified":"2025-07-26T08:09:42","modified_gmt":"2025-07-26T05:09:42","slug":"basaksehirde-fabrikada-cikan-yangin-buyumeden-sonduruldu","status":"publish","type":"post","link":"https:\/\/memurunsesi.net\/index.php\/2025\/07\/26\/basaksehirde-fabrikada-cikan-yangin-buyumeden-sonduruldu\/","title":{"rendered":"Ba\u015fak\u015fehir&#8217;de fabrikada \u00e7\u0131kan yang\u0131n b\u00fcy\u00fcmeden s\u00f6nd\u00fcr\u00fcld\u00fc"},"content":{"rendered":"<p>   Ba\u015fak\u015fehir&#8217;de madeni e\u015fya fabrikas\u0131nda \u00e7\u0131kan yang\u0131n, itfaiye ekiplerinin m\u00fcdahalesi sonucu biti\u015fi\u011finde bulunan di\u011fer fabrikalara s\u0131\u00e7ramadan s\u00f6nd\u00fcr\u00fcld\u00fc.<br \/>\n  Yang\u0131n, 23.30 s\u0131ralar\u0131nda Ba\u015fak\u015fehir Kayaba\u015f\u0131 Mahallesi Panay\u0131r Sokak&#8217;ta bulunan madeni e\u015fya fabrikas\u0131nda meydana geldi. Edinilen bilgiye g\u00f6re yang\u0131n fabrikan\u0131n 2. kat\u0131nda hen\u00fcz bilinmeyen bir sebeple ba\u015flad\u0131. H\u0131zla b\u00fcy\u00fcyen yang\u0131n fabrikan\u0131n 3. kat\u0131na da s\u0131\u00e7rad\u0131. \u0130hbar \u00fczerine olay yerine \u00e7evre il\u00e7elerden \u00e7ok say\u0131da itfaiye ekibi, polis ve sa\u011fl\u0131k ekipleri de sevk edildi. \u0130tfaiyenin yakla\u015f\u0131k 2 saatlik \u00e7al\u0131\u015fmas\u0131 sonucu yang\u0131n madeni e\u015fya fabrikas\u0131n\u0131n biti\u015fi\u011finde yer alan di\u011fer fabrikalara s\u0131\u00e7ramadan kontrol alt\u0131na al\u0131nd\u0131.<br \/>\n  Yang\u0131nda \u00f6len ya da yaralanan olmazken fabrikan\u0131n 2 ve 3. kat\u0131nda hasar meydana geldi. So\u011futma \u00e7al\u0131\u015fmalar\u0131n\u0131n ard\u0131ndan ekipler yang\u0131n alan\u0131ndan ayr\u0131l\u0131rken yetkililer yang\u0131nla ilgili inceleme ba\u015flatt\u0131. <\/p>\n<p>26.07.2025                                <\/p>\n","protected":false},"excerpt":{"rendered":"<p>Ba\u015fak\u015fehir&#8217;de madeni e\u015fya fabrikas\u0131nda \u00e7\u0131kan yang\u0131n, itfaiye ekiplerinin m\u00fcdahalesi sonucu biti\u015fi\u011finde bulunan di\u011fer fabrikalara s\u0131\u00e7ramadan s\u00f6nd\u00fcr\u00fcld\u00fc. Yang\u0131n, 23.30 s\u0131ralar\u0131nda Ba\u015fak\u015fehir Kayaba\u015f\u0131 Mahallesi Panay\u0131r Sokak&#8217;ta bulunan madeni e\u015fya fabrikas\u0131nda meydana geldi. Edinilen bilgiye g\u00f6re yang\u0131n fabrikan\u0131n 2. kat\u0131nda hen\u00fcz bilinmeyen bir sebeple ba\u015flad\u0131. H\u0131zla b\u00fcy\u00fcyen yang\u0131n fabrikan\u0131n 3. kat\u0131na da s\u0131\u00e7rad\u0131. \u0130hbar \u00fczerine olay yerine \u00e7evre [&hellip;]<\/p>\n","protected":false},"author":1,"featured_media":9658,"comment_status":"open","ping_status":"open","sticky":false,"template":"","format":"standard","meta":{"footnotes":""},"categories":[1],"tags":[],"class_list":["post-9657","post","type-post","status-publish","format-standard","has-post-thumbnail","hentry","category-genel"],"yoast_head":"<!-- This site is optimized with the Yoast SEO plugin v27.4 - https:\/\/yoast.com\/product\/yoast-seo-wordpress\/ -->\n<title>Ba\u015fak\u015fehir&#039;de fabrikada \u00e7\u0131kan yang\u0131n b\u00fcy\u00fcmeden s\u00f6nd\u00fcr\u00fcld\u00fc - Memurun Sesi<\/title>\n<meta name=\"robots\" content=\"index, follow, max-snippet:-1, max-image-preview:large, max-video-preview:-1\" \/>\n<link rel=\"canonical\" href=\"https:\/\/memurunsesi.net\/index.php\/2025\/07\/26\/basaksehirde-fabrikada-cikan-yangin-buyumeden-sonduruldu\/\" \/>\n<meta property=\"og:locale\" content=\"tr_TR\" \/>\n<meta property=\"og:type\" content=\"article\" \/>\n<meta property=\"og:title\" content=\"Ba\u015fak\u015fehir&#039;de fabrikada \u00e7\u0131kan yang\u0131n b\u00fcy\u00fcmeden s\u00f6nd\u00fcr\u00fcld\u00fc - Memurun Sesi\" \/>\n<meta property=\"og:description\" content=\"Ba\u015fak\u015fehir&#8217;de madeni e\u015fya fabrikas\u0131nda \u00e7\u0131kan yang\u0131n, itfaiye ekiplerinin m\u00fcdahalesi sonucu biti\u015fi\u011finde bulunan di\u011fer fabrikalara s\u0131\u00e7ramadan s\u00f6nd\u00fcr\u00fcld\u00fc. Yang\u0131n, 23.30 s\u0131ralar\u0131nda Ba\u015fak\u015fehir Kayaba\u015f\u0131 Mahallesi Panay\u0131r Sokak&#8217;ta bulunan madeni e\u015fya fabrikas\u0131nda meydana geldi. Edinilen bilgiye g\u00f6re yang\u0131n fabrikan\u0131n 2. kat\u0131nda hen\u00fcz bilinmeyen bir sebeple ba\u015flad\u0131. H\u0131zla b\u00fcy\u00fcyen yang\u0131n fabrikan\u0131n 3. kat\u0131na da s\u0131\u00e7rad\u0131. \u0130hbar \u00fczerine olay yerine \u00e7evre [&hellip;]\" \/>\n<meta property=\"og:url\" content=\"https:\/\/memurunsesi.net\/index.php\/2025\/07\/26\/basaksehirde-fabrikada-cikan-yangin-buyumeden-sonduruldu\/\" \/>\n<meta property=\"og:site_name\" content=\"Memurun Sesi\" \/>\n<meta property=\"article:publisher\" content=\"https:\/\/www.facebook.com\/unipersen\/?locale=tr_TR\" \/>\n<meta property=\"article:published_time\" content=\"2025-07-26T05:09:42+00:00\" \/>\n<meta property=\"og:image\" content=\"https:\/\/memurunsesi.net\/wp-content\/uploads\/2025\/07\/AW504629_02.jpg\" \/>\n\t<meta property=\"og:image:width\" content=\"1079\" \/>\n\t<meta property=\"og:image:height\" content=\"962\" \/>\n\t<meta property=\"og:image:type\" content=\"image\/jpeg\" \/>\n<meta name=\"author\" content=\"Memurun Sesi Haber Merkezi\" \/>\n<meta name=\"twitter:card\" content=\"summary_large_image\" \/>\n<meta name=\"twitter:creator\" content=\"@unipersen\" \/>\n<meta name=\"twitter:site\" content=\"@unipersen\" \/>\n<meta name=\"twitter:label1\" content=\"Yazan:\" \/>\n\t<meta name=\"twitter:data1\" content=\"Memurun Sesi Haber Merkezi\" \/>\n\t<meta name=\"twitter:label2\" content=\"Tahmini okuma s\u00fcresi\" \/>\n\t<meta name=\"twitter:data2\" content=\"1 dakika\" \/>\n<script type=\"application\/ld+json\" class=\"yoast-schema-graph\">{\"@context\":\"https:\\\/\\\/schema.org\",\"@graph\":[{\"@type\":\"Article\",\"@id\":\"https:\\\/\\\/memurunsesi.net\\\/index.php\\\/2025\\\/07\\\/26\\\/basaksehirde-fabrikada-cikan-yangin-buyumeden-sonduruldu\\\/#article\",\"isPartOf\":{\"@id\":\"https:\\\/\\\/memurunsesi.net\\\/index.php\\\/2025\\\/07\\\/26\\\/basaksehirde-fabrikada-cikan-yangin-buyumeden-sonduruldu\\\/\"},\"author\":{\"name\":\"Memurun Sesi Haber Merkezi\",\"@id\":\"https:\\\/\\\/memurunsesi.net\\\/#\\\/schema\\\/person\\\/f21c2d73b89f6ee1d80b0a1803e38587\"},\"headline\":\"Ba\u015fak\u015fehir&#8217;de fabrikada \u00e7\u0131kan yang\u0131n b\u00fcy\u00fcmeden s\u00f6nd\u00fcr\u00fcld\u00fc\",\"datePublished\":\"2025-07-26T05:09:42+00:00\",\"mainEntityOfPage\":{\"@id\":\"https:\\\/\\\/memurunsesi.net\\\/index.php\\\/2025\\\/07\\\/26\\\/basaksehirde-fabrikada-cikan-yangin-buyumeden-sonduruldu\\\/\"},\"wordCount\":187,\"commentCount\":0,\"publisher\":{\"@id\":\"https:\\\/\\\/memurunsesi.net\\\/#organization\"},\"image\":{\"@id\":\"https:\\\/\\\/memurunsesi.net\\\/index.php\\\/2025\\\/07\\\/26\\\/basaksehirde-fabrikada-cikan-yangin-buyumeden-sonduruldu\\\/#primaryimage\"},\"thumbnailUrl\":\"https:\\\/\\\/memurunsesi.net\\\/wp-content\\\/uploads\\\/2025\\\/07\\\/AW504629_02.jpg\",\"inLanguage\":\"tr\",\"potentialAction\":[{\"@type\":\"CommentAction\",\"name\":\"Comment\",\"target\":[\"https:\\\/\\\/memurunsesi.net\\\/index.php\\\/2025\\\/07\\\/26\\\/basaksehirde-fabrikada-cikan-yangin-buyumeden-sonduruldu\\\/#respond\"]}]},{\"@type\":\"WebPage\",\"@id\":\"https:\\\/\\\/memurunsesi.net\\\/index.php\\\/2025\\\/07\\\/26\\\/basaksehirde-fabrikada-cikan-yangin-buyumeden-sonduruldu\\\/\",\"url\":\"https:\\\/\\\/memurunsesi.net\\\/index.php\\\/2025\\\/07\\\/26\\\/basaksehirde-fabrikada-cikan-yangin-buyumeden-sonduruldu\\\/\",\"name\":\"Ba\u015fak\u015fehir'de fabrikada \u00e7\u0131kan yang\u0131n b\u00fcy\u00fcmeden s\u00f6nd\u00fcr\u00fcld\u00fc - Memurun Sesi\",\"isPartOf\":{\"@id\":\"https:\\\/\\\/memurunsesi.net\\\/#website\"},\"primaryImageOfPage\":{\"@id\":\"https:\\\/\\\/memurunsesi.net\\\/index.php\\\/2025\\\/07\\\/26\\\/basaksehirde-fabrikada-cikan-yangin-buyumeden-sonduruldu\\\/#primaryimage\"},\"image\":{\"@id\":\"https:\\\/\\\/memurunsesi.net\\\/index.php\\\/2025\\\/07\\\/26\\\/basaksehirde-fabrikada-cikan-yangin-buyumeden-sonduruldu\\\/#primaryimage\"},\"thumbnailUrl\":\"https:\\\/\\\/memurunsesi.net\\\/wp-content\\\/uploads\\\/2025\\\/07\\\/AW504629_02.jpg\",\"datePublished\":\"2025-07-26T05:09:42+00:00\",\"breadcrumb\":{\"@id\":\"https:\\\/\\\/memurunsesi.net\\\/index.php\\\/2025\\\/07\\\/26\\\/basaksehirde-fabrikada-cikan-yangin-buyumeden-sonduruldu\\\/#breadcrumb\"},\"inLanguage\":\"tr\",\"potentialAction\":[{\"@type\":\"ReadAction\",\"target\":[\"https:\\\/\\\/memurunsesi.net\\\/index.php\\\/2025\\\/07\\\/26\\\/basaksehirde-fabrikada-cikan-yangin-buyumeden-sonduruldu\\\/\"]}]},{\"@type\":\"ImageObject\",\"inLanguage\":\"tr\",\"@id\":\"https:\\\/\\\/memurunsesi.net\\\/index.php\\\/2025\\\/07\\\/26\\\/basaksehirde-fabrikada-cikan-yangin-buyumeden-sonduruldu\\\/#primaryimage\",\"url\":\"https:\\\/\\\/memurunsesi.net\\\/wp-content\\\/uploads\\\/2025\\\/07\\\/AW504629_02.jpg\",\"contentUrl\":\"https:\\\/\\\/memurunsesi.net\\\/wp-content\\\/uploads\\\/2025\\\/07\\\/AW504629_02.jpg\",\"width\":1079,\"height\":962,\"caption\":\"BA\u015eAK\u015eEH\u0130R'DE FABR\u0130KADA \u00c7IKAN YANGIN B\u00dcY\u00dcMEDEN S\u00d6ND\u00dcR\u00dcLD\u00dc (EN\u0130S DERD\u0130MENTO\u011eLU\\\/\u0130STANBUL-\u0130HA) Ba\u015fak\u015fehir'de madeni e\u015fya fabrikas\u0131nda \u00e7\u0131kan yang\u0131n, itfaiye ekiplerinin m\u00fcdahalesi sonucu biti\u015fi\u011finde bulunan di\u011fer fabrikalara s\u0131\u00e7ramadan s\u00f6nd\u00fcr\u00fcld\u00fc.\"},{\"@type\":\"BreadcrumbList\",\"@id\":\"https:\\\/\\\/memurunsesi.net\\\/index.php\\\/2025\\\/07\\\/26\\\/basaksehirde-fabrikada-cikan-yangin-buyumeden-sonduruldu\\\/#breadcrumb\",\"itemListElement\":[{\"@type\":\"ListItem\",\"position\":1,\"name\":\"Anasayfa\",\"item\":\"https:\\\/\\\/memurunsesi.net\\\/\"},{\"@type\":\"ListItem\",\"position\":2,\"name\":\"Ba\u015fak\u015fehir&#8217;de fabrikada \u00e7\u0131kan yang\u0131n b\u00fcy\u00fcmeden s\u00f6nd\u00fcr\u00fcld\u00fc\"}]},{\"@type\":\"WebSite\",\"@id\":\"https:\\\/\\\/memurunsesi.net\\\/#website\",\"url\":\"https:\\\/\\\/memurunsesi.net\\\/\",\"name\":\"Memurun Sesi\",\"description\":\"G\u00fcncel ve Do\u011fru Haber\",\"publisher\":{\"@id\":\"https:\\\/\\\/memurunsesi.net\\\/#organization\"},\"potentialAction\":[{\"@type\":\"SearchAction\",\"target\":{\"@type\":\"EntryPoint\",\"urlTemplate\":\"https:\\\/\\\/memurunsesi.net\\\/?s={search_term_string}\"},\"query-input\":{\"@type\":\"PropertyValueSpecification\",\"valueRequired\":true,\"valueName\":\"search_term_string\"}}],\"inLanguage\":\"tr\"},{\"@type\":\"Organization\",\"@id\":\"https:\\\/\\\/memurunsesi.net\\\/#organization\",\"name\":\"Memurun Sesi\",\"url\":\"https:\\\/\\\/memurunsesi.net\\\/\",\"logo\":{\"@type\":\"ImageObject\",\"inLanguage\":\"tr\",\"@id\":\"https:\\\/\\\/memurunsesi.net\\\/#\\\/schema\\\/logo\\\/image\\\/\",\"url\":\"https:\\\/\\\/memurunsesi.net\\\/wp-content\\\/uploads\\\/2025\\\/11\\\/cropped-MEMURUN-SESI.png\",\"contentUrl\":\"https:\\\/\\\/memurunsesi.net\\\/wp-content\\\/uploads\\\/2025\\\/11\\\/cropped-MEMURUN-SESI.png\",\"width\":238,\"height\":57,\"caption\":\"Memurun Sesi\"},\"image\":{\"@id\":\"https:\\\/\\\/memurunsesi.net\\\/#\\\/schema\\\/logo\\\/image\\\/\"},\"sameAs\":[\"https:\\\/\\\/www.facebook.com\\\/unipersen\\\/?locale=tr_TR\",\"https:\\\/\\\/x.com\\\/unipersen\"]},{\"@type\":\"Person\",\"@id\":\"https:\\\/\\\/memurunsesi.net\\\/#\\\/schema\\\/person\\\/f21c2d73b89f6ee1d80b0a1803e38587\",\"name\":\"Memurun Sesi Haber Merkezi\",\"image\":{\"@type\":\"ImageObject\",\"inLanguage\":\"tr\",\"@id\":\"https:\\\/\\\/secure.gravatar.com\\\/avatar\\\/6cf0505f452ee753f485014986fab09a434671d2b919ee76fc541025c5876a70?s=96&d=mm&r=g\",\"url\":\"https:\\\/\\\/secure.gravatar.com\\\/avatar\\\/6cf0505f452ee753f485014986fab09a434671d2b919ee76fc541025c5876a70?s=96&d=mm&r=g\",\"contentUrl\":\"https:\\\/\\\/secure.gravatar.com\\\/avatar\\\/6cf0505f452ee753f485014986fab09a434671d2b919ee76fc541025c5876a70?s=96&d=mm&r=g\",\"caption\":\"Memurun Sesi Haber Merkezi\"},\"sameAs\":[\"https:\\\/\\\/memurunsesi.net\"],\"url\":\"https:\\\/\\\/memurunsesi.net\\\/index.php\\\/author\\\/uniper\\\/\"}]}<\/script>\n<!-- \/ Yoast SEO plugin. -->","yoast_head_json":{"title":"Ba\u015fak\u015fehir'de fabrikada \u00e7\u0131kan yang\u0131n b\u00fcy\u00fcmeden s\u00f6nd\u00fcr\u00fcld\u00fc - Memurun Sesi","robots":{"index":"index","follow":"follow","max-snippet":"max-snippet:-1","max-image-preview":"max-image-preview:large","max-video-preview":"max-video-preview:-1"},"canonical":"https:\/\/memurunsesi.net\/index.php\/2025\/07\/26\/basaksehirde-fabrikada-cikan-yangin-buyumeden-sonduruldu\/","og_locale":"tr_TR","og_type":"article","og_title":"Ba\u015fak\u015fehir'de fabrikada \u00e7\u0131kan yang\u0131n b\u00fcy\u00fcmeden s\u00f6nd\u00fcr\u00fcld\u00fc - Memurun Sesi","og_description":"Ba\u015fak\u015fehir&#8217;de madeni e\u015fya fabrikas\u0131nda \u00e7\u0131kan yang\u0131n, itfaiye ekiplerinin m\u00fcdahalesi sonucu biti\u015fi\u011finde bulunan di\u011fer fabrikalara s\u0131\u00e7ramadan s\u00f6nd\u00fcr\u00fcld\u00fc. Yang\u0131n, 23.30 s\u0131ralar\u0131nda Ba\u015fak\u015fehir Kayaba\u015f\u0131 Mahallesi Panay\u0131r Sokak&#8217;ta bulunan madeni e\u015fya fabrikas\u0131nda meydana geldi. Edinilen bilgiye g\u00f6re yang\u0131n fabrikan\u0131n 2. kat\u0131nda hen\u00fcz bilinmeyen bir sebeple ba\u015flad\u0131. H\u0131zla b\u00fcy\u00fcyen yang\u0131n fabrikan\u0131n 3. kat\u0131na da s\u0131\u00e7rad\u0131. \u0130hbar \u00fczerine olay yerine \u00e7evre [&hellip;]","og_url":"https:\/\/memurunsesi.net\/index.php\/2025\/07\/26\/basaksehirde-fabrikada-cikan-yangin-buyumeden-sonduruldu\/","og_site_name":"Memurun Sesi","article_publisher":"https:\/\/www.facebook.com\/unipersen\/?locale=tr_TR","article_published_time":"2025-07-26T05:09:42+00:00","og_image":[{"width":1079,"height":962,"url":"https:\/\/memurunsesi.net\/wp-content\/uploads\/2025\/07\/AW504629_02.jpg","type":"image\/jpeg"}],"author":"Memurun Sesi Haber Merkezi","twitter_card":"summary_large_image","twitter_creator":"@unipersen","twitter_site":"@unipersen","twitter_misc":{"Yazan:":"Memurun Sesi Haber Merkezi","Tahmini okuma s\u00fcresi":"1 dakika"},"schema":{"@context":"https:\/\/schema.org","@graph":[{"@type":"Article","@id":"https:\/\/memurunsesi.net\/index.php\/2025\/07\/26\/basaksehirde-fabrikada-cikan-yangin-buyumeden-sonduruldu\/#article","isPartOf":{"@id":"https:\/\/memurunsesi.net\/index.php\/2025\/07\/26\/basaksehirde-fabrikada-cikan-yangin-buyumeden-sonduruldu\/"},"author":{"name":"Memurun Sesi Haber Merkezi","@id":"https:\/\/memurunsesi.net\/#\/schema\/person\/f21c2d73b89f6ee1d80b0a1803e38587"},"headline":"Ba\u015fak\u015fehir&#8217;de fabrikada \u00e7\u0131kan yang\u0131n b\u00fcy\u00fcmeden s\u00f6nd\u00fcr\u00fcld\u00fc","datePublished":"2025-07-26T05:09:42+00:00","mainEntityOfPage":{"@id":"https:\/\/memurunsesi.net\/index.php\/2025\/07\/26\/basaksehirde-fabrikada-cikan-yangin-buyumeden-sonduruldu\/"},"wordCount":187,"commentCount":0,"publisher":{"@id":"https:\/\/memurunsesi.net\/#organization"},"image":{"@id":"https:\/\/memurunsesi.net\/index.php\/2025\/07\/26\/basaksehirde-fabrikada-cikan-yangin-buyumeden-sonduruldu\/#primaryimage"},"thumbnailUrl":"https:\/\/memurunsesi.net\/wp-content\/uploads\/2025\/07\/AW504629_02.jpg","inLanguage":"tr","potentialAction":[{"@type":"CommentAction","name":"Comment","target":["https:\/\/memurunsesi.net\/index.php\/2025\/07\/26\/basaksehirde-fabrikada-cikan-yangin-buyumeden-sonduruldu\/#respond"]}]},{"@type":"WebPage","@id":"https:\/\/memurunsesi.net\/index.php\/2025\/07\/26\/basaksehirde-fabrikada-cikan-yangin-buyumeden-sonduruldu\/","url":"https:\/\/memurunsesi.net\/index.php\/2025\/07\/26\/basaksehirde-fabrikada-cikan-yangin-buyumeden-sonduruldu\/","name":"Ba\u015fak\u015fehir'de fabrikada \u00e7\u0131kan yang\u0131n b\u00fcy\u00fcmeden s\u00f6nd\u00fcr\u00fcld\u00fc - Memurun Sesi","isPartOf":{"@id":"https:\/\/memurunsesi.net\/#website"},"primaryImageOfPage":{"@id":"https:\/\/memurunsesi.net\/index.php\/2025\/07\/26\/basaksehirde-fabrikada-cikan-yangin-buyumeden-sonduruldu\/#primaryimage"},"image":{"@id":"https:\/\/memurunsesi.net\/index.php\/2025\/07\/26\/basaksehirde-fabrikada-cikan-yangin-buyumeden-sonduruldu\/#primaryimage"},"thumbnailUrl":"https:\/\/memurunsesi.net\/wp-content\/uploads\/2025\/07\/AW504629_02.jpg","datePublished":"2025-07-26T05:09:42+00:00","breadcrumb":{"@id":"https:\/\/memurunsesi.net\/index.php\/2025\/07\/26\/basaksehirde-fabrikada-cikan-yangin-buyumeden-sonduruldu\/#breadcrumb"},"inLanguage":"tr","potentialAction":[{"@type":"ReadAction","target":["https:\/\/memurunsesi.net\/index.php\/2025\/07\/26\/basaksehirde-fabrikada-cikan-yangin-buyumeden-sonduruldu\/"]}]},{"@type":"ImageObject","inLanguage":"tr","@id":"https:\/\/memurunsesi.net\/index.php\/2025\/07\/26\/basaksehirde-fabrikada-cikan-yangin-buyumeden-sonduruldu\/#primaryimage","url":"https:\/\/memurunsesi.net\/wp-content\/uploads\/2025\/07\/AW504629_02.jpg","contentUrl":"https:\/\/memurunsesi.net\/wp-content\/uploads\/2025\/07\/AW504629_02.jpg","width":1079,"height":962,"caption":"BA\u015eAK\u015eEH\u0130R'DE FABR\u0130KADA \u00c7IKAN YANGIN B\u00dcY\u00dcMEDEN S\u00d6ND\u00dcR\u00dcLD\u00dc (EN\u0130S DERD\u0130MENTO\u011eLU\/\u0130STANBUL-\u0130HA) Ba\u015fak\u015fehir'de madeni e\u015fya fabrikas\u0131nda \u00e7\u0131kan yang\u0131n, itfaiye ekiplerinin m\u00fcdahalesi sonucu biti\u015fi\u011finde bulunan di\u011fer fabrikalara s\u0131\u00e7ramadan s\u00f6nd\u00fcr\u00fcld\u00fc."},{"@type":"BreadcrumbList","@id":"https:\/\/memurunsesi.net\/index.php\/2025\/07\/26\/basaksehirde-fabrikada-cikan-yangin-buyumeden-sonduruldu\/#breadcrumb","itemListElement":[{"@type":"ListItem","position":1,"name":"Anasayfa","item":"https:\/\/memurunsesi.net\/"},{"@type":"ListItem","position":2,"name":"Ba\u015fak\u015fehir&#8217;de fabrikada \u00e7\u0131kan yang\u0131n b\u00fcy\u00fcmeden s\u00f6nd\u00fcr\u00fcld\u00fc"}]},{"@type":"WebSite","@id":"https:\/\/memurunsesi.net\/#website","url":"https:\/\/memurunsesi.net\/","name":"Memurun Sesi","description":"G\u00fcncel ve Do\u011fru Haber","publisher":{"@id":"https:\/\/memurunsesi.net\/#organization"},"potentialAction":[{"@type":"SearchAction","target":{"@type":"EntryPoint","urlTemplate":"https:\/\/memurunsesi.net\/?s={search_term_string}"},"query-input":{"@type":"PropertyValueSpecification","valueRequired":true,"valueName":"search_term_string"}}],"inLanguage":"tr"},{"@type":"Organization","@id":"https:\/\/memurunsesi.net\/#organization","name":"Memurun Sesi","url":"https:\/\/memurunsesi.net\/","logo":{"@type":"ImageObject","inLanguage":"tr","@id":"https:\/\/memurunsesi.net\/#\/schema\/logo\/image\/","url":"https:\/\/memurunsesi.net\/wp-content\/uploads\/2025\/11\/cropped-MEMURUN-SESI.png","contentUrl":"https:\/\/memurunsesi.net\/wp-content\/uploads\/2025\/11\/cropped-MEMURUN-SESI.png","width":238,"height":57,"caption":"Memurun Sesi"},"image":{"@id":"https:\/\/memurunsesi.net\/#\/schema\/logo\/image\/"},"sameAs":["https:\/\/www.facebook.com\/unipersen\/?locale=tr_TR","https:\/\/x.com\/unipersen"]},{"@type":"Person","@id":"https:\/\/memurunsesi.net\/#\/schema\/person\/f21c2d73b89f6ee1d80b0a1803e38587","name":"Memurun Sesi Haber Merkezi","image":{"@type":"ImageObject","inLanguage":"tr","@id":"https:\/\/secure.gravatar.com\/avatar\/6cf0505f452ee753f485014986fab09a434671d2b919ee76fc541025c5876a70?s=96&d=mm&r=g","url":"https:\/\/secure.gravatar.com\/avatar\/6cf0505f452ee753f485014986fab09a434671d2b919ee76fc541025c5876a70?s=96&d=mm&r=g","contentUrl":"https:\/\/secure.gravatar.com\/avatar\/6cf0505f452ee753f485014986fab09a434671d2b919ee76fc541025c5876a70?s=96&d=mm&r=g","caption":"Memurun Sesi Haber Merkezi"},"sameAs":["https:\/\/memurunsesi.net"],"url":"https:\/\/memurunsesi.net\/index.php\/author\/uniper\/"}]}},"_links":{"self":[{"href":"https:\/\/memurunsesi.net\/index.php\/wp-json\/wp\/v2\/posts\/9657","targetHints":{"allow":["GET"]}}],"collection":[{"href":"https:\/\/memurunsesi.net\/index.php\/wp-json\/wp\/v2\/posts"}],"about":[{"href":"https:\/\/memurunsesi.net\/index.php\/wp-json\/wp\/v2\/types\/post"}],"author":[{"embeddable":true,"href":"https:\/\/memurunsesi.net\/index.php\/wp-json\/wp\/v2\/users\/1"}],"replies":[{"embeddable":true,"href":"https:\/\/memurunsesi.net\/index.php\/wp-json\/wp\/v2\/comments?post=9657"}],"version-history":[{"count":1,"href":"https:\/\/memurunsesi.net\/index.php\/wp-json\/wp\/v2\/posts\/9657\/revisions"}],"predecessor-version":[{"id":9659,"href":"https:\/\/memurunsesi.net\/index.php\/wp-json\/wp\/v2\/posts\/9657\/revisions\/9659"}],"wp:featuredmedia":[{"embeddable":true,"href":"https:\/\/memurunsesi.net\/index.php\/wp-json\/wp\/v2\/media\/9658"}],"wp:attachment":[{"href":"https:\/\/memurunsesi.net\/index.php\/wp-json\/wp\/v2\/media?parent=9657"}],"wp:term":[{"taxonomy":"category","embeddable":true,"href":"https:\/\/memurunsesi.net\/index.php\/wp-json\/wp\/v2\/categories?post=9657"},{"taxonomy":"post_tag","embeddable":true,"href":"https:\/\/memurunsesi.net\/index.php\/wp-json\/wp\/v2\/tags?post=9657"}],"curies":[{"name":"wp","href":"https:\/\/api.w.org\/{rel}","templated":true}]}}