{"id":9660,"date":"2025-07-26T08:11:02","date_gmt":"2025-07-26T05:11:02","guid":{"rendered":"https:\/\/memurunsesi.net\/?p=9660"},"modified":"2025-07-26T08:11:02","modified_gmt":"2025-07-26T05:11:02","slug":"karabukteki-orman-yangininda-60-saat-geride-kaldi","status":"publish","type":"post","link":"https:\/\/memurunsesi.net\/index.php\/2025\/07\/26\/karabukteki-orman-yangininda-60-saat-geride-kaldi\/","title":{"rendered":"Karab\u00fck&#8217;teki orman yang\u0131n\u0131nda 60 saat geride kald\u0131"},"content":{"rendered":"<p>  &#8211; Orman yang\u0131n\u0131nda k\u00f6ydeki baz\u0131 evler alevlere teslim oldu   <\/p>\n<p>   Karab\u00fck&#8217;te geni\u015f bir alanda etkili olmaya devam eden orman yang\u0131n\u0131 60 saattir kontrol alt\u0131na al\u0131nmaya \u00e7al\u0131\u015f\u0131l\u0131yor.<br \/>\nKarab\u00fck&#8217;\u00fcn Ovac\u0131k il\u00e7esindeki orman yang\u0131n\u0131nda 60 saat geride kald\u0131. Engebeli ve da\u011fl\u0131k alanda r\u00fczgar\u0131n etkisiyle do\u011fu ve bat\u0131 istikametine yay\u0131lmaya devam eden yang\u0131n\u0131 s\u00f6nd\u00fcrme \u00e7al\u0131\u015fmalar\u0131 havan\u0131n kararmas\u0131yla sadece karadan devam ediyor.<br \/>\n  \u00d6te yandan merkeze ba\u011fl\u0131 Kam\u0131\u015f K\u00f6y\u00fc Yukar\u0131 Akta\u015f Mahallesinde bulunan baz\u0131 evler d\u00fcn gece itibariyle alevlere teslim oldu. Zarar g\u00f6ren evler cep telefonu kameras\u0131yla g\u00f6r\u00fcnt\u00fclendi. <\/p>\n<p>26.07.2025                                 <\/p>\n","protected":false},"excerpt":{"rendered":"<p>&#8211; Orman yang\u0131n\u0131nda k\u00f6ydeki baz\u0131 evler alevlere teslim oldu Karab\u00fck&#8217;te geni\u015f bir alanda etkili olmaya devam eden orman yang\u0131n\u0131 60 saattir kontrol alt\u0131na al\u0131nmaya \u00e7al\u0131\u015f\u0131l\u0131yor. Karab\u00fck&#8217;\u00fcn Ovac\u0131k il\u00e7esindeki orman yang\u0131n\u0131nda 60 saat geride kald\u0131. Engebeli ve da\u011fl\u0131k alanda r\u00fczgar\u0131n etkisiyle do\u011fu ve bat\u0131 istikametine yay\u0131lmaya devam eden yang\u0131n\u0131 s\u00f6nd\u00fcrme \u00e7al\u0131\u015fmalar\u0131 havan\u0131n kararmas\u0131yla sadece karadan devam [&hellip;]<\/p>\n","protected":false},"author":1,"featured_media":9661,"comment_status":"open","ping_status":"open","sticky":false,"template":"","format":"standard","meta":{"footnotes":""},"categories":[1],"tags":[],"class_list":["post-9660","post","type-post","status-publish","format-standard","has-post-thumbnail","hentry","category-genel"],"yoast_head":"<!-- This site is optimized with the Yoast SEO plugin v27.4 - https:\/\/yoast.com\/product\/yoast-seo-wordpress\/ -->\n<title>Karab\u00fck&#039;teki orman yang\u0131n\u0131nda 60 saat geride kald\u0131 - Memurun Sesi<\/title>\n<meta name=\"robots\" content=\"index, follow, max-snippet:-1, max-image-preview:large, max-video-preview:-1\" \/>\n<link rel=\"canonical\" href=\"https:\/\/memurunsesi.net\/index.php\/2025\/07\/26\/karabukteki-orman-yangininda-60-saat-geride-kaldi\/\" \/>\n<meta property=\"og:locale\" content=\"tr_TR\" \/>\n<meta property=\"og:type\" content=\"article\" \/>\n<meta property=\"og:title\" content=\"Karab\u00fck&#039;teki orman yang\u0131n\u0131nda 60 saat geride kald\u0131 - Memurun Sesi\" \/>\n<meta property=\"og:description\" content=\"&#8211; Orman yang\u0131n\u0131nda k\u00f6ydeki baz\u0131 evler alevlere teslim oldu Karab\u00fck&#8217;te geni\u015f bir alanda etkili olmaya devam eden orman yang\u0131n\u0131 60 saattir kontrol alt\u0131na al\u0131nmaya \u00e7al\u0131\u015f\u0131l\u0131yor. Karab\u00fck&#8217;\u00fcn Ovac\u0131k il\u00e7esindeki orman yang\u0131n\u0131nda 60 saat geride kald\u0131. Engebeli ve da\u011fl\u0131k alanda r\u00fczgar\u0131n etkisiyle do\u011fu ve bat\u0131 istikametine yay\u0131lmaya devam eden yang\u0131n\u0131 s\u00f6nd\u00fcrme \u00e7al\u0131\u015fmalar\u0131 havan\u0131n kararmas\u0131yla sadece karadan devam [&hellip;]\" \/>\n<meta property=\"og:url\" content=\"https:\/\/memurunsesi.net\/index.php\/2025\/07\/26\/karabukteki-orman-yangininda-60-saat-geride-kaldi\/\" \/>\n<meta property=\"og:site_name\" content=\"Memurun Sesi\" \/>\n<meta property=\"article:publisher\" content=\"https:\/\/www.facebook.com\/unipersen\/?locale=tr_TR\" \/>\n<meta property=\"article:published_time\" content=\"2025-07-26T05:11:02+00:00\" \/>\n<meta property=\"og:image\" content=\"https:\/\/memurunsesi.net\/wp-content\/uploads\/2025\/07\/AW504628_03.jpg\" \/>\n\t<meta property=\"og:image:width\" content=\"1600\" \/>\n\t<meta property=\"og:image:height\" content=\"900\" \/>\n\t<meta property=\"og:image:type\" content=\"image\/jpeg\" \/>\n<meta name=\"author\" content=\"Memurun Sesi Haber Merkezi\" \/>\n<meta name=\"twitter:card\" content=\"summary_large_image\" \/>\n<meta name=\"twitter:creator\" content=\"@unipersen\" \/>\n<meta name=\"twitter:site\" content=\"@unipersen\" \/>\n<meta name=\"twitter:label1\" content=\"Yazan:\" \/>\n\t<meta name=\"twitter:data1\" content=\"Memurun Sesi Haber Merkezi\" \/>\n\t<meta name=\"twitter:label2\" content=\"Tahmini okuma s\u00fcresi\" \/>\n\t<meta name=\"twitter:data2\" content=\"1 dakika\" \/>\n<script type=\"application\/ld+json\" class=\"yoast-schema-graph\">{\"@context\":\"https:\\\/\\\/schema.org\",\"@graph\":[{\"@type\":\"Article\",\"@id\":\"https:\\\/\\\/memurunsesi.net\\\/index.php\\\/2025\\\/07\\\/26\\\/karabukteki-orman-yangininda-60-saat-geride-kaldi\\\/#article\",\"isPartOf\":{\"@id\":\"https:\\\/\\\/memurunsesi.net\\\/index.php\\\/2025\\\/07\\\/26\\\/karabukteki-orman-yangininda-60-saat-geride-kaldi\\\/\"},\"author\":{\"name\":\"Memurun Sesi Haber Merkezi\",\"@id\":\"https:\\\/\\\/memurunsesi.net\\\/#\\\/schema\\\/person\\\/f21c2d73b89f6ee1d80b0a1803e38587\"},\"headline\":\"Karab\u00fck&#8217;teki orman yang\u0131n\u0131nda 60 saat geride kald\u0131\",\"datePublished\":\"2025-07-26T05:11:02+00:00\",\"mainEntityOfPage\":{\"@id\":\"https:\\\/\\\/memurunsesi.net\\\/index.php\\\/2025\\\/07\\\/26\\\/karabukteki-orman-yangininda-60-saat-geride-kaldi\\\/\"},\"wordCount\":125,\"commentCount\":0,\"publisher\":{\"@id\":\"https:\\\/\\\/memurunsesi.net\\\/#organization\"},\"image\":{\"@id\":\"https:\\\/\\\/memurunsesi.net\\\/index.php\\\/2025\\\/07\\\/26\\\/karabukteki-orman-yangininda-60-saat-geride-kaldi\\\/#primaryimage\"},\"thumbnailUrl\":\"https:\\\/\\\/memurunsesi.net\\\/wp-content\\\/uploads\\\/2025\\\/07\\\/AW504628_03.jpg\",\"inLanguage\":\"tr\",\"potentialAction\":[{\"@type\":\"CommentAction\",\"name\":\"Comment\",\"target\":[\"https:\\\/\\\/memurunsesi.net\\\/index.php\\\/2025\\\/07\\\/26\\\/karabukteki-orman-yangininda-60-saat-geride-kaldi\\\/#respond\"]}]},{\"@type\":\"WebPage\",\"@id\":\"https:\\\/\\\/memurunsesi.net\\\/index.php\\\/2025\\\/07\\\/26\\\/karabukteki-orman-yangininda-60-saat-geride-kaldi\\\/\",\"url\":\"https:\\\/\\\/memurunsesi.net\\\/index.php\\\/2025\\\/07\\\/26\\\/karabukteki-orman-yangininda-60-saat-geride-kaldi\\\/\",\"name\":\"Karab\u00fck'teki orman yang\u0131n\u0131nda 60 saat geride kald\u0131 - Memurun Sesi\",\"isPartOf\":{\"@id\":\"https:\\\/\\\/memurunsesi.net\\\/#website\"},\"primaryImageOfPage\":{\"@id\":\"https:\\\/\\\/memurunsesi.net\\\/index.php\\\/2025\\\/07\\\/26\\\/karabukteki-orman-yangininda-60-saat-geride-kaldi\\\/#primaryimage\"},\"image\":{\"@id\":\"https:\\\/\\\/memurunsesi.net\\\/index.php\\\/2025\\\/07\\\/26\\\/karabukteki-orman-yangininda-60-saat-geride-kaldi\\\/#primaryimage\"},\"thumbnailUrl\":\"https:\\\/\\\/memurunsesi.net\\\/wp-content\\\/uploads\\\/2025\\\/07\\\/AW504628_03.jpg\",\"datePublished\":\"2025-07-26T05:11:02+00:00\",\"breadcrumb\":{\"@id\":\"https:\\\/\\\/memurunsesi.net\\\/index.php\\\/2025\\\/07\\\/26\\\/karabukteki-orman-yangininda-60-saat-geride-kaldi\\\/#breadcrumb\"},\"inLanguage\":\"tr\",\"potentialAction\":[{\"@type\":\"ReadAction\",\"target\":[\"https:\\\/\\\/memurunsesi.net\\\/index.php\\\/2025\\\/07\\\/26\\\/karabukteki-orman-yangininda-60-saat-geride-kaldi\\\/\"]}]},{\"@type\":\"ImageObject\",\"inLanguage\":\"tr\",\"@id\":\"https:\\\/\\\/memurunsesi.net\\\/index.php\\\/2025\\\/07\\\/26\\\/karabukteki-orman-yangininda-60-saat-geride-kaldi\\\/#primaryimage\",\"url\":\"https:\\\/\\\/memurunsesi.net\\\/wp-content\\\/uploads\\\/2025\\\/07\\\/AW504628_03.jpg\",\"contentUrl\":\"https:\\\/\\\/memurunsesi.net\\\/wp-content\\\/uploads\\\/2025\\\/07\\\/AW504628_03.jpg\",\"width\":1600,\"height\":900,\"caption\":\"\u00d6TE YANDAN MERKEZE BA\u011eLI KAMI\u015e K\u00d6Y\u00dc YUKARI AKTA\u015e MAHALLES\u0130NDE BULUNAN BAZI EVLER D\u00dcN GECE \u0130T\u0130BAR\u0130YLE ALEVLERE TESL\u0130M OLDU. ZARAR G\u00d6REN EVLER CEP TELEFONU KAMERASIYLA G\u00d6R\u00dcNT\u00dcLEND\u0130. (FAT\u0130H \u00dcNL\u00dc - TUNAKAN YILDIRIM\\\/KARAB\u00dcK-\u0130HA) Karab\u00fck'te geni\u015f bir alanda etkili olmaya devam eden orman yang\u0131n\u0131 60 saattir kontrol alt\u0131na al\u0131nmaya \u00e7al\u0131\u015f\u0131l\u0131yor.\"},{\"@type\":\"BreadcrumbList\",\"@id\":\"https:\\\/\\\/memurunsesi.net\\\/index.php\\\/2025\\\/07\\\/26\\\/karabukteki-orman-yangininda-60-saat-geride-kaldi\\\/#breadcrumb\",\"itemListElement\":[{\"@type\":\"ListItem\",\"position\":1,\"name\":\"Anasayfa\",\"item\":\"https:\\\/\\\/memurunsesi.net\\\/\"},{\"@type\":\"ListItem\",\"position\":2,\"name\":\"Karab\u00fck&#8217;teki orman yang\u0131n\u0131nda 60 saat geride kald\u0131\"}]},{\"@type\":\"WebSite\",\"@id\":\"https:\\\/\\\/memurunsesi.net\\\/#website\",\"url\":\"https:\\\/\\\/memurunsesi.net\\\/\",\"name\":\"Memurun Sesi\",\"description\":\"G\u00fcncel ve Do\u011fru Haber\",\"publisher\":{\"@id\":\"https:\\\/\\\/memurunsesi.net\\\/#organization\"},\"potentialAction\":[{\"@type\":\"SearchAction\",\"target\":{\"@type\":\"EntryPoint\",\"urlTemplate\":\"https:\\\/\\\/memurunsesi.net\\\/?s={search_term_string}\"},\"query-input\":{\"@type\":\"PropertyValueSpecification\",\"valueRequired\":true,\"valueName\":\"search_term_string\"}}],\"inLanguage\":\"tr\"},{\"@type\":\"Organization\",\"@id\":\"https:\\\/\\\/memurunsesi.net\\\/#organization\",\"name\":\"Memurun Sesi\",\"url\":\"https:\\\/\\\/memurunsesi.net\\\/\",\"logo\":{\"@type\":\"ImageObject\",\"inLanguage\":\"tr\",\"@id\":\"https:\\\/\\\/memurunsesi.net\\\/#\\\/schema\\\/logo\\\/image\\\/\",\"url\":\"https:\\\/\\\/memurunsesi.net\\\/wp-content\\\/uploads\\\/2025\\\/11\\\/cropped-MEMURUN-SESI.png\",\"contentUrl\":\"https:\\\/\\\/memurunsesi.net\\\/wp-content\\\/uploads\\\/2025\\\/11\\\/cropped-MEMURUN-SESI.png\",\"width\":238,\"height\":57,\"caption\":\"Memurun Sesi\"},\"image\":{\"@id\":\"https:\\\/\\\/memurunsesi.net\\\/#\\\/schema\\\/logo\\\/image\\\/\"},\"sameAs\":[\"https:\\\/\\\/www.facebook.com\\\/unipersen\\\/?locale=tr_TR\",\"https:\\\/\\\/x.com\\\/unipersen\"]},{\"@type\":\"Person\",\"@id\":\"https:\\\/\\\/memurunsesi.net\\\/#\\\/schema\\\/person\\\/f21c2d73b89f6ee1d80b0a1803e38587\",\"name\":\"Memurun Sesi Haber Merkezi\",\"image\":{\"@type\":\"ImageObject\",\"inLanguage\":\"tr\",\"@id\":\"https:\\\/\\\/secure.gravatar.com\\\/avatar\\\/6cf0505f452ee753f485014986fab09a434671d2b919ee76fc541025c5876a70?s=96&d=mm&r=g\",\"url\":\"https:\\\/\\\/secure.gravatar.com\\\/avatar\\\/6cf0505f452ee753f485014986fab09a434671d2b919ee76fc541025c5876a70?s=96&d=mm&r=g\",\"contentUrl\":\"https:\\\/\\\/secure.gravatar.com\\\/avatar\\\/6cf0505f452ee753f485014986fab09a434671d2b919ee76fc541025c5876a70?s=96&d=mm&r=g\",\"caption\":\"Memurun Sesi Haber Merkezi\"},\"sameAs\":[\"https:\\\/\\\/memurunsesi.net\"],\"url\":\"https:\\\/\\\/memurunsesi.net\\\/index.php\\\/author\\\/uniper\\\/\"}]}<\/script>\n<!-- \/ Yoast SEO plugin. -->","yoast_head_json":{"title":"Karab\u00fck'teki orman yang\u0131n\u0131nda 60 saat geride kald\u0131 - Memurun Sesi","robots":{"index":"index","follow":"follow","max-snippet":"max-snippet:-1","max-image-preview":"max-image-preview:large","max-video-preview":"max-video-preview:-1"},"canonical":"https:\/\/memurunsesi.net\/index.php\/2025\/07\/26\/karabukteki-orman-yangininda-60-saat-geride-kaldi\/","og_locale":"tr_TR","og_type":"article","og_title":"Karab\u00fck'teki orman yang\u0131n\u0131nda 60 saat geride kald\u0131 - Memurun Sesi","og_description":"&#8211; Orman yang\u0131n\u0131nda k\u00f6ydeki baz\u0131 evler alevlere teslim oldu Karab\u00fck&#8217;te geni\u015f bir alanda etkili olmaya devam eden orman yang\u0131n\u0131 60 saattir kontrol alt\u0131na al\u0131nmaya \u00e7al\u0131\u015f\u0131l\u0131yor. Karab\u00fck&#8217;\u00fcn Ovac\u0131k il\u00e7esindeki orman yang\u0131n\u0131nda 60 saat geride kald\u0131. Engebeli ve da\u011fl\u0131k alanda r\u00fczgar\u0131n etkisiyle do\u011fu ve bat\u0131 istikametine yay\u0131lmaya devam eden yang\u0131n\u0131 s\u00f6nd\u00fcrme \u00e7al\u0131\u015fmalar\u0131 havan\u0131n kararmas\u0131yla sadece karadan devam [&hellip;]","og_url":"https:\/\/memurunsesi.net\/index.php\/2025\/07\/26\/karabukteki-orman-yangininda-60-saat-geride-kaldi\/","og_site_name":"Memurun Sesi","article_publisher":"https:\/\/www.facebook.com\/unipersen\/?locale=tr_TR","article_published_time":"2025-07-26T05:11:02+00:00","og_image":[{"width":1600,"height":900,"url":"https:\/\/memurunsesi.net\/wp-content\/uploads\/2025\/07\/AW504628_03.jpg","type":"image\/jpeg"}],"author":"Memurun Sesi Haber Merkezi","twitter_card":"summary_large_image","twitter_creator":"@unipersen","twitter_site":"@unipersen","twitter_misc":{"Yazan:":"Memurun Sesi Haber Merkezi","Tahmini okuma s\u00fcresi":"1 dakika"},"schema":{"@context":"https:\/\/schema.org","@graph":[{"@type":"Article","@id":"https:\/\/memurunsesi.net\/index.php\/2025\/07\/26\/karabukteki-orman-yangininda-60-saat-geride-kaldi\/#article","isPartOf":{"@id":"https:\/\/memurunsesi.net\/index.php\/2025\/07\/26\/karabukteki-orman-yangininda-60-saat-geride-kaldi\/"},"author":{"name":"Memurun Sesi Haber Merkezi","@id":"https:\/\/memurunsesi.net\/#\/schema\/person\/f21c2d73b89f6ee1d80b0a1803e38587"},"headline":"Karab\u00fck&#8217;teki orman yang\u0131n\u0131nda 60 saat geride kald\u0131","datePublished":"2025-07-26T05:11:02+00:00","mainEntityOfPage":{"@id":"https:\/\/memurunsesi.net\/index.php\/2025\/07\/26\/karabukteki-orman-yangininda-60-saat-geride-kaldi\/"},"wordCount":125,"commentCount":0,"publisher":{"@id":"https:\/\/memurunsesi.net\/#organization"},"image":{"@id":"https:\/\/memurunsesi.net\/index.php\/2025\/07\/26\/karabukteki-orman-yangininda-60-saat-geride-kaldi\/#primaryimage"},"thumbnailUrl":"https:\/\/memurunsesi.net\/wp-content\/uploads\/2025\/07\/AW504628_03.jpg","inLanguage":"tr","potentialAction":[{"@type":"CommentAction","name":"Comment","target":["https:\/\/memurunsesi.net\/index.php\/2025\/07\/26\/karabukteki-orman-yangininda-60-saat-geride-kaldi\/#respond"]}]},{"@type":"WebPage","@id":"https:\/\/memurunsesi.net\/index.php\/2025\/07\/26\/karabukteki-orman-yangininda-60-saat-geride-kaldi\/","url":"https:\/\/memurunsesi.net\/index.php\/2025\/07\/26\/karabukteki-orman-yangininda-60-saat-geride-kaldi\/","name":"Karab\u00fck'teki orman yang\u0131n\u0131nda 60 saat geride kald\u0131 - Memurun Sesi","isPartOf":{"@id":"https:\/\/memurunsesi.net\/#website"},"primaryImageOfPage":{"@id":"https:\/\/memurunsesi.net\/index.php\/2025\/07\/26\/karabukteki-orman-yangininda-60-saat-geride-kaldi\/#primaryimage"},"image":{"@id":"https:\/\/memurunsesi.net\/index.php\/2025\/07\/26\/karabukteki-orman-yangininda-60-saat-geride-kaldi\/#primaryimage"},"thumbnailUrl":"https:\/\/memurunsesi.net\/wp-content\/uploads\/2025\/07\/AW504628_03.jpg","datePublished":"2025-07-26T05:11:02+00:00","breadcrumb":{"@id":"https:\/\/memurunsesi.net\/index.php\/2025\/07\/26\/karabukteki-orman-yangininda-60-saat-geride-kaldi\/#breadcrumb"},"inLanguage":"tr","potentialAction":[{"@type":"ReadAction","target":["https:\/\/memurunsesi.net\/index.php\/2025\/07\/26\/karabukteki-orman-yangininda-60-saat-geride-kaldi\/"]}]},{"@type":"ImageObject","inLanguage":"tr","@id":"https:\/\/memurunsesi.net\/index.php\/2025\/07\/26\/karabukteki-orman-yangininda-60-saat-geride-kaldi\/#primaryimage","url":"https:\/\/memurunsesi.net\/wp-content\/uploads\/2025\/07\/AW504628_03.jpg","contentUrl":"https:\/\/memurunsesi.net\/wp-content\/uploads\/2025\/07\/AW504628_03.jpg","width":1600,"height":900,"caption":"\u00d6TE YANDAN MERKEZE BA\u011eLI KAMI\u015e K\u00d6Y\u00dc YUKARI AKTA\u015e MAHALLES\u0130NDE BULUNAN BAZI EVLER D\u00dcN GECE \u0130T\u0130BAR\u0130YLE ALEVLERE TESL\u0130M OLDU. ZARAR G\u00d6REN EVLER CEP TELEFONU KAMERASIYLA G\u00d6R\u00dcNT\u00dcLEND\u0130. (FAT\u0130H \u00dcNL\u00dc - TUNAKAN YILDIRIM\/KARAB\u00dcK-\u0130HA) Karab\u00fck'te geni\u015f bir alanda etkili olmaya devam eden orman yang\u0131n\u0131 60 saattir kontrol alt\u0131na al\u0131nmaya \u00e7al\u0131\u015f\u0131l\u0131yor."},{"@type":"BreadcrumbList","@id":"https:\/\/memurunsesi.net\/index.php\/2025\/07\/26\/karabukteki-orman-yangininda-60-saat-geride-kaldi\/#breadcrumb","itemListElement":[{"@type":"ListItem","position":1,"name":"Anasayfa","item":"https:\/\/memurunsesi.net\/"},{"@type":"ListItem","position":2,"name":"Karab\u00fck&#8217;teki orman yang\u0131n\u0131nda 60 saat geride kald\u0131"}]},{"@type":"WebSite","@id":"https:\/\/memurunsesi.net\/#website","url":"https:\/\/memurunsesi.net\/","name":"Memurun Sesi","description":"G\u00fcncel ve Do\u011fru Haber","publisher":{"@id":"https:\/\/memurunsesi.net\/#organization"},"potentialAction":[{"@type":"SearchAction","target":{"@type":"EntryPoint","urlTemplate":"https:\/\/memurunsesi.net\/?s={search_term_string}"},"query-input":{"@type":"PropertyValueSpecification","valueRequired":true,"valueName":"search_term_string"}}],"inLanguage":"tr"},{"@type":"Organization","@id":"https:\/\/memurunsesi.net\/#organization","name":"Memurun Sesi","url":"https:\/\/memurunsesi.net\/","logo":{"@type":"ImageObject","inLanguage":"tr","@id":"https:\/\/memurunsesi.net\/#\/schema\/logo\/image\/","url":"https:\/\/memurunsesi.net\/wp-content\/uploads\/2025\/11\/cropped-MEMURUN-SESI.png","contentUrl":"https:\/\/memurunsesi.net\/wp-content\/uploads\/2025\/11\/cropped-MEMURUN-SESI.png","width":238,"height":57,"caption":"Memurun Sesi"},"image":{"@id":"https:\/\/memurunsesi.net\/#\/schema\/logo\/image\/"},"sameAs":["https:\/\/www.facebook.com\/unipersen\/?locale=tr_TR","https:\/\/x.com\/unipersen"]},{"@type":"Person","@id":"https:\/\/memurunsesi.net\/#\/schema\/person\/f21c2d73b89f6ee1d80b0a1803e38587","name":"Memurun Sesi Haber Merkezi","image":{"@type":"ImageObject","inLanguage":"tr","@id":"https:\/\/secure.gravatar.com\/avatar\/6cf0505f452ee753f485014986fab09a434671d2b919ee76fc541025c5876a70?s=96&d=mm&r=g","url":"https:\/\/secure.gravatar.com\/avatar\/6cf0505f452ee753f485014986fab09a434671d2b919ee76fc541025c5876a70?s=96&d=mm&r=g","contentUrl":"https:\/\/secure.gravatar.com\/avatar\/6cf0505f452ee753f485014986fab09a434671d2b919ee76fc541025c5876a70?s=96&d=mm&r=g","caption":"Memurun Sesi Haber Merkezi"},"sameAs":["https:\/\/memurunsesi.net"],"url":"https:\/\/memurunsesi.net\/index.php\/author\/uniper\/"}]}},"_links":{"self":[{"href":"https:\/\/memurunsesi.net\/index.php\/wp-json\/wp\/v2\/posts\/9660","targetHints":{"allow":["GET"]}}],"collection":[{"href":"https:\/\/memurunsesi.net\/index.php\/wp-json\/wp\/v2\/posts"}],"about":[{"href":"https:\/\/memurunsesi.net\/index.php\/wp-json\/wp\/v2\/types\/post"}],"author":[{"embeddable":true,"href":"https:\/\/memurunsesi.net\/index.php\/wp-json\/wp\/v2\/users\/1"}],"replies":[{"embeddable":true,"href":"https:\/\/memurunsesi.net\/index.php\/wp-json\/wp\/v2\/comments?post=9660"}],"version-history":[{"count":1,"href":"https:\/\/memurunsesi.net\/index.php\/wp-json\/wp\/v2\/posts\/9660\/revisions"}],"predecessor-version":[{"id":9662,"href":"https:\/\/memurunsesi.net\/index.php\/wp-json\/wp\/v2\/posts\/9660\/revisions\/9662"}],"wp:featuredmedia":[{"embeddable":true,"href":"https:\/\/memurunsesi.net\/index.php\/wp-json\/wp\/v2\/media\/9661"}],"wp:attachment":[{"href":"https:\/\/memurunsesi.net\/index.php\/wp-json\/wp\/v2\/media?parent=9660"}],"wp:term":[{"taxonomy":"category","embeddable":true,"href":"https:\/\/memurunsesi.net\/index.php\/wp-json\/wp\/v2\/categories?post=9660"},{"taxonomy":"post_tag","embeddable":true,"href":"https:\/\/memurunsesi.net\/index.php\/wp-json\/wp\/v2\/tags?post=9660"}],"curies":[{"name":"wp","href":"https:\/\/api.w.org\/{rel}","templated":true}]}}