{"id":9663,"date":"2025-07-26T08:12:39","date_gmt":"2025-07-26T05:12:39","guid":{"rendered":"https:\/\/memurunsesi.net\/?p=9663"},"modified":"2025-07-26T08:12:39","modified_gmt":"2025-07-26T05:12:39","slug":"izmirde-motosiklet-ile-otomobil-carpisti-1-olu","status":"publish","type":"post","link":"https:\/\/memurunsesi.net\/index.php\/2025\/07\/26\/izmirde-motosiklet-ile-otomobil-carpisti-1-olu\/","title":{"rendered":"\u0130zmir&#8217;de motosiklet ile otomobil \u00e7arp\u0131\u015ft\u0131: 1 \u00f6l\u00fc"},"content":{"rendered":"<p>  \u0130zmir&#8217;in Seferihisar il\u00e7esinde  motosiklet ile otomobilin \u00e7arp\u0131\u015fmas\u0131 sonucunda meydana gelen trafik kazas\u0131nda 1 ki\u015fi hayat\u0131n\u0131 kaybetti .<br \/>\nKaza gece saatlerinde Kusadas\u0131 Caddesi&#8217;nde meydana geldi. Edinilen bilgilere g\u00f6re Hasan Karazeybek&#8217;in (43) idaresindeki  motosiklet, P.D. y\u00f6netimindeki 17 FR 405 plakal\u0131 otomobile arkadan \u00e7arpt\u0131. \u00c7arp\u0131\u015fman\u0131n etkisiyle motosiklet s\u00fcr\u00fcc\u00fcs\u00fc Hasan Karazeybek yola savruldu. \u00c7evredeki vatanda\u015flar\u0131n ihbar\u0131 \u00fczerine 112 Acil Sa\u011fl\u0131k ve polis ekipleri b\u00f6lgeye sevk edildi. Sa\u011fl\u0131k ekiplerinin yapt\u0131\u011f\u0131 incelemede, motosiklet s\u00fcr\u00fcc\u00fcs\u00fcn\u00fcn Hasan Karazeybek&#8217;in olay yerinde hayat\u0131n\u0131 kaybetti\u011fi belirlendi.<br \/>\n  \u0130l\u00e7ede uzun y\u0131llard\u0131r esnafl\u0131k yapt\u0131\u011f\u0131 ve g\u00fcler y\u00fczl\u00fc ki\u015fili\u011fiyle tan\u0131nd\u0131\u011f\u0131 belirtilen Karazeybek&#8217;in ani vefat\u0131 Seferihisar&#8217;da b\u00fcy\u00fck \u00fcz\u00fcnt\u00fcye neden oldu. Kazayla ilgili soru\u015fturma ba\u015flat\u0131ld\u0131. <\/p>\n<p>26.07.2025                                <\/p>\n","protected":false},"excerpt":{"rendered":"<p>\u0130zmir&#8217;in Seferihisar il\u00e7esinde motosiklet ile otomobilin \u00e7arp\u0131\u015fmas\u0131 sonucunda meydana gelen trafik kazas\u0131nda 1 ki\u015fi hayat\u0131n\u0131 kaybetti . Kaza gece saatlerinde Kusadas\u0131 Caddesi&#8217;nde meydana geldi. Edinilen bilgilere g\u00f6re Hasan Karazeybek&#8217;in (43) idaresindeki motosiklet, P.D. y\u00f6netimindeki 17 FR 405 plakal\u0131 otomobile arkadan \u00e7arpt\u0131. \u00c7arp\u0131\u015fman\u0131n etkisiyle motosiklet s\u00fcr\u00fcc\u00fcs\u00fc Hasan Karazeybek yola savruldu. \u00c7evredeki vatanda\u015flar\u0131n ihbar\u0131 \u00fczerine 112 Acil [&hellip;]<\/p>\n","protected":false},"author":1,"featured_media":9664,"comment_status":"open","ping_status":"open","sticky":false,"template":"","format":"standard","meta":{"footnotes":""},"categories":[1],"tags":[],"class_list":["post-9663","post","type-post","status-publish","format-standard","has-post-thumbnail","hentry","category-genel"],"yoast_head":"<!-- This site is optimized with the Yoast SEO plugin v27.4 - https:\/\/yoast.com\/product\/yoast-seo-wordpress\/ -->\n<title>\u0130zmir&#039;de motosiklet ile otomobil \u00e7arp\u0131\u015ft\u0131: 1 \u00f6l\u00fc - Memurun Sesi<\/title>\n<meta name=\"robots\" content=\"index, follow, max-snippet:-1, max-image-preview:large, max-video-preview:-1\" \/>\n<link rel=\"canonical\" href=\"https:\/\/memurunsesi.net\/index.php\/2025\/07\/26\/izmirde-motosiklet-ile-otomobil-carpisti-1-olu\/\" \/>\n<meta property=\"og:locale\" content=\"tr_TR\" \/>\n<meta property=\"og:type\" content=\"article\" \/>\n<meta property=\"og:title\" content=\"\u0130zmir&#039;de motosiklet ile otomobil \u00e7arp\u0131\u015ft\u0131: 1 \u00f6l\u00fc - Memurun Sesi\" \/>\n<meta property=\"og:description\" content=\"\u0130zmir&#8217;in Seferihisar il\u00e7esinde motosiklet ile otomobilin \u00e7arp\u0131\u015fmas\u0131 sonucunda meydana gelen trafik kazas\u0131nda 1 ki\u015fi hayat\u0131n\u0131 kaybetti . Kaza gece saatlerinde Kusadas\u0131 Caddesi&#8217;nde meydana geldi. Edinilen bilgilere g\u00f6re Hasan Karazeybek&#8217;in (43) idaresindeki motosiklet, P.D. y\u00f6netimindeki 17 FR 405 plakal\u0131 otomobile arkadan \u00e7arpt\u0131. \u00c7arp\u0131\u015fman\u0131n etkisiyle motosiklet s\u00fcr\u00fcc\u00fcs\u00fc Hasan Karazeybek yola savruldu. \u00c7evredeki vatanda\u015flar\u0131n ihbar\u0131 \u00fczerine 112 Acil [&hellip;]\" \/>\n<meta property=\"og:url\" content=\"https:\/\/memurunsesi.net\/index.php\/2025\/07\/26\/izmirde-motosiklet-ile-otomobil-carpisti-1-olu\/\" \/>\n<meta property=\"og:site_name\" content=\"Memurun Sesi\" \/>\n<meta property=\"article:publisher\" content=\"https:\/\/www.facebook.com\/unipersen\/?locale=tr_TR\" \/>\n<meta property=\"article:published_time\" content=\"2025-07-26T05:12:39+00:00\" \/>\n<meta property=\"og:image\" content=\"https:\/\/memurunsesi.net\/wp-content\/uploads\/2025\/07\/AW504627_04.jpg\" \/>\n\t<meta property=\"og:image:width\" content=\"1536\" \/>\n\t<meta property=\"og:image:height\" content=\"2048\" \/>\n\t<meta property=\"og:image:type\" content=\"image\/jpeg\" \/>\n<meta name=\"author\" content=\"Memurun Sesi Haber Merkezi\" \/>\n<meta name=\"twitter:card\" content=\"summary_large_image\" \/>\n<meta name=\"twitter:creator\" content=\"@unipersen\" \/>\n<meta name=\"twitter:site\" content=\"@unipersen\" \/>\n<meta name=\"twitter:label1\" content=\"Yazan:\" \/>\n\t<meta name=\"twitter:data1\" content=\"Memurun Sesi Haber Merkezi\" \/>\n\t<meta name=\"twitter:label2\" content=\"Tahmini okuma s\u00fcresi\" \/>\n\t<meta name=\"twitter:data2\" content=\"1 dakika\" \/>\n<script type=\"application\/ld+json\" class=\"yoast-schema-graph\">{\"@context\":\"https:\\\/\\\/schema.org\",\"@graph\":[{\"@type\":\"Article\",\"@id\":\"https:\\\/\\\/memurunsesi.net\\\/index.php\\\/2025\\\/07\\\/26\\\/izmirde-motosiklet-ile-otomobil-carpisti-1-olu\\\/#article\",\"isPartOf\":{\"@id\":\"https:\\\/\\\/memurunsesi.net\\\/index.php\\\/2025\\\/07\\\/26\\\/izmirde-motosiklet-ile-otomobil-carpisti-1-olu\\\/\"},\"author\":{\"name\":\"Memurun Sesi Haber Merkezi\",\"@id\":\"https:\\\/\\\/memurunsesi.net\\\/#\\\/schema\\\/person\\\/f21c2d73b89f6ee1d80b0a1803e38587\"},\"headline\":\"\u0130zmir&#8217;de motosiklet ile otomobil \u00e7arp\u0131\u015ft\u0131: 1 \u00f6l\u00fc\",\"datePublished\":\"2025-07-26T05:12:39+00:00\",\"mainEntityOfPage\":{\"@id\":\"https:\\\/\\\/memurunsesi.net\\\/index.php\\\/2025\\\/07\\\/26\\\/izmirde-motosiklet-ile-otomobil-carpisti-1-olu\\\/\"},\"wordCount\":149,\"commentCount\":0,\"publisher\":{\"@id\":\"https:\\\/\\\/memurunsesi.net\\\/#organization\"},\"image\":{\"@id\":\"https:\\\/\\\/memurunsesi.net\\\/index.php\\\/2025\\\/07\\\/26\\\/izmirde-motosiklet-ile-otomobil-carpisti-1-olu\\\/#primaryimage\"},\"thumbnailUrl\":\"https:\\\/\\\/memurunsesi.net\\\/wp-content\\\/uploads\\\/2025\\\/07\\\/AW504627_04.jpg\",\"inLanguage\":\"tr\",\"potentialAction\":[{\"@type\":\"CommentAction\",\"name\":\"Comment\",\"target\":[\"https:\\\/\\\/memurunsesi.net\\\/index.php\\\/2025\\\/07\\\/26\\\/izmirde-motosiklet-ile-otomobil-carpisti-1-olu\\\/#respond\"]}]},{\"@type\":\"WebPage\",\"@id\":\"https:\\\/\\\/memurunsesi.net\\\/index.php\\\/2025\\\/07\\\/26\\\/izmirde-motosiklet-ile-otomobil-carpisti-1-olu\\\/\",\"url\":\"https:\\\/\\\/memurunsesi.net\\\/index.php\\\/2025\\\/07\\\/26\\\/izmirde-motosiklet-ile-otomobil-carpisti-1-olu\\\/\",\"name\":\"\u0130zmir'de motosiklet ile otomobil \u00e7arp\u0131\u015ft\u0131: 1 \u00f6l\u00fc - Memurun Sesi\",\"isPartOf\":{\"@id\":\"https:\\\/\\\/memurunsesi.net\\\/#website\"},\"primaryImageOfPage\":{\"@id\":\"https:\\\/\\\/memurunsesi.net\\\/index.php\\\/2025\\\/07\\\/26\\\/izmirde-motosiklet-ile-otomobil-carpisti-1-olu\\\/#primaryimage\"},\"image\":{\"@id\":\"https:\\\/\\\/memurunsesi.net\\\/index.php\\\/2025\\\/07\\\/26\\\/izmirde-motosiklet-ile-otomobil-carpisti-1-olu\\\/#primaryimage\"},\"thumbnailUrl\":\"https:\\\/\\\/memurunsesi.net\\\/wp-content\\\/uploads\\\/2025\\\/07\\\/AW504627_04.jpg\",\"datePublished\":\"2025-07-26T05:12:39+00:00\",\"breadcrumb\":{\"@id\":\"https:\\\/\\\/memurunsesi.net\\\/index.php\\\/2025\\\/07\\\/26\\\/izmirde-motosiklet-ile-otomobil-carpisti-1-olu\\\/#breadcrumb\"},\"inLanguage\":\"tr\",\"potentialAction\":[{\"@type\":\"ReadAction\",\"target\":[\"https:\\\/\\\/memurunsesi.net\\\/index.php\\\/2025\\\/07\\\/26\\\/izmirde-motosiklet-ile-otomobil-carpisti-1-olu\\\/\"]}]},{\"@type\":\"ImageObject\",\"inLanguage\":\"tr\",\"@id\":\"https:\\\/\\\/memurunsesi.net\\\/index.php\\\/2025\\\/07\\\/26\\\/izmirde-motosiklet-ile-otomobil-carpisti-1-olu\\\/#primaryimage\",\"url\":\"https:\\\/\\\/memurunsesi.net\\\/wp-content\\\/uploads\\\/2025\\\/07\\\/AW504627_04.jpg\",\"contentUrl\":\"https:\\\/\\\/memurunsesi.net\\\/wp-content\\\/uploads\\\/2025\\\/07\\\/AW504627_04.jpg\",\"width\":1536,\"height\":2048,\"caption\":\"\u0130ZM\u0130R'DE MOTOS\u0130KLET \u0130LE OTOMOB\u0130L \u00c7ARPI\u015eTI: 1 \u00d6L\u00dc (CANER G\u00dcNEY\\\/\u0130ZM\u0130R-\u0130HA) \u0130zmir'in Seferihisar il\u00e7esinde motosiklet ile otomobilin \u00e7arp\u0131\u015fmas\u0131 sonucunda meydana gelen trafik kazas\u0131nda 1 ki\u015fi hayat\u0131n\u0131 kaybetti .\"},{\"@type\":\"BreadcrumbList\",\"@id\":\"https:\\\/\\\/memurunsesi.net\\\/index.php\\\/2025\\\/07\\\/26\\\/izmirde-motosiklet-ile-otomobil-carpisti-1-olu\\\/#breadcrumb\",\"itemListElement\":[{\"@type\":\"ListItem\",\"position\":1,\"name\":\"Anasayfa\",\"item\":\"https:\\\/\\\/memurunsesi.net\\\/\"},{\"@type\":\"ListItem\",\"position\":2,\"name\":\"\u0130zmir&#8217;de motosiklet ile otomobil \u00e7arp\u0131\u015ft\u0131: 1 \u00f6l\u00fc\"}]},{\"@type\":\"WebSite\",\"@id\":\"https:\\\/\\\/memurunsesi.net\\\/#website\",\"url\":\"https:\\\/\\\/memurunsesi.net\\\/\",\"name\":\"Memurun Sesi\",\"description\":\"G\u00fcncel ve Do\u011fru Haber\",\"publisher\":{\"@id\":\"https:\\\/\\\/memurunsesi.net\\\/#organization\"},\"potentialAction\":[{\"@type\":\"SearchAction\",\"target\":{\"@type\":\"EntryPoint\",\"urlTemplate\":\"https:\\\/\\\/memurunsesi.net\\\/?s={search_term_string}\"},\"query-input\":{\"@type\":\"PropertyValueSpecification\",\"valueRequired\":true,\"valueName\":\"search_term_string\"}}],\"inLanguage\":\"tr\"},{\"@type\":\"Organization\",\"@id\":\"https:\\\/\\\/memurunsesi.net\\\/#organization\",\"name\":\"Memurun Sesi\",\"url\":\"https:\\\/\\\/memurunsesi.net\\\/\",\"logo\":{\"@type\":\"ImageObject\",\"inLanguage\":\"tr\",\"@id\":\"https:\\\/\\\/memurunsesi.net\\\/#\\\/schema\\\/logo\\\/image\\\/\",\"url\":\"https:\\\/\\\/memurunsesi.net\\\/wp-content\\\/uploads\\\/2025\\\/11\\\/cropped-MEMURUN-SESI.png\",\"contentUrl\":\"https:\\\/\\\/memurunsesi.net\\\/wp-content\\\/uploads\\\/2025\\\/11\\\/cropped-MEMURUN-SESI.png\",\"width\":238,\"height\":57,\"caption\":\"Memurun Sesi\"},\"image\":{\"@id\":\"https:\\\/\\\/memurunsesi.net\\\/#\\\/schema\\\/logo\\\/image\\\/\"},\"sameAs\":[\"https:\\\/\\\/www.facebook.com\\\/unipersen\\\/?locale=tr_TR\",\"https:\\\/\\\/x.com\\\/unipersen\"]},{\"@type\":\"Person\",\"@id\":\"https:\\\/\\\/memurunsesi.net\\\/#\\\/schema\\\/person\\\/f21c2d73b89f6ee1d80b0a1803e38587\",\"name\":\"Memurun Sesi Haber Merkezi\",\"image\":{\"@type\":\"ImageObject\",\"inLanguage\":\"tr\",\"@id\":\"https:\\\/\\\/secure.gravatar.com\\\/avatar\\\/6cf0505f452ee753f485014986fab09a434671d2b919ee76fc541025c5876a70?s=96&d=mm&r=g\",\"url\":\"https:\\\/\\\/secure.gravatar.com\\\/avatar\\\/6cf0505f452ee753f485014986fab09a434671d2b919ee76fc541025c5876a70?s=96&d=mm&r=g\",\"contentUrl\":\"https:\\\/\\\/secure.gravatar.com\\\/avatar\\\/6cf0505f452ee753f485014986fab09a434671d2b919ee76fc541025c5876a70?s=96&d=mm&r=g\",\"caption\":\"Memurun Sesi Haber Merkezi\"},\"sameAs\":[\"https:\\\/\\\/memurunsesi.net\"],\"url\":\"https:\\\/\\\/memurunsesi.net\\\/index.php\\\/author\\\/uniper\\\/\"}]}<\/script>\n<!-- \/ Yoast SEO plugin. -->","yoast_head_json":{"title":"\u0130zmir'de motosiklet ile otomobil \u00e7arp\u0131\u015ft\u0131: 1 \u00f6l\u00fc - Memurun Sesi","robots":{"index":"index","follow":"follow","max-snippet":"max-snippet:-1","max-image-preview":"max-image-preview:large","max-video-preview":"max-video-preview:-1"},"canonical":"https:\/\/memurunsesi.net\/index.php\/2025\/07\/26\/izmirde-motosiklet-ile-otomobil-carpisti-1-olu\/","og_locale":"tr_TR","og_type":"article","og_title":"\u0130zmir'de motosiklet ile otomobil \u00e7arp\u0131\u015ft\u0131: 1 \u00f6l\u00fc - Memurun Sesi","og_description":"\u0130zmir&#8217;in Seferihisar il\u00e7esinde motosiklet ile otomobilin \u00e7arp\u0131\u015fmas\u0131 sonucunda meydana gelen trafik kazas\u0131nda 1 ki\u015fi hayat\u0131n\u0131 kaybetti . Kaza gece saatlerinde Kusadas\u0131 Caddesi&#8217;nde meydana geldi. Edinilen bilgilere g\u00f6re Hasan Karazeybek&#8217;in (43) idaresindeki motosiklet, P.D. y\u00f6netimindeki 17 FR 405 plakal\u0131 otomobile arkadan \u00e7arpt\u0131. \u00c7arp\u0131\u015fman\u0131n etkisiyle motosiklet s\u00fcr\u00fcc\u00fcs\u00fc Hasan Karazeybek yola savruldu. \u00c7evredeki vatanda\u015flar\u0131n ihbar\u0131 \u00fczerine 112 Acil [&hellip;]","og_url":"https:\/\/memurunsesi.net\/index.php\/2025\/07\/26\/izmirde-motosiklet-ile-otomobil-carpisti-1-olu\/","og_site_name":"Memurun Sesi","article_publisher":"https:\/\/www.facebook.com\/unipersen\/?locale=tr_TR","article_published_time":"2025-07-26T05:12:39+00:00","og_image":[{"width":1536,"height":2048,"url":"https:\/\/memurunsesi.net\/wp-content\/uploads\/2025\/07\/AW504627_04.jpg","type":"image\/jpeg"}],"author":"Memurun Sesi Haber Merkezi","twitter_card":"summary_large_image","twitter_creator":"@unipersen","twitter_site":"@unipersen","twitter_misc":{"Yazan:":"Memurun Sesi Haber Merkezi","Tahmini okuma s\u00fcresi":"1 dakika"},"schema":{"@context":"https:\/\/schema.org","@graph":[{"@type":"Article","@id":"https:\/\/memurunsesi.net\/index.php\/2025\/07\/26\/izmirde-motosiklet-ile-otomobil-carpisti-1-olu\/#article","isPartOf":{"@id":"https:\/\/memurunsesi.net\/index.php\/2025\/07\/26\/izmirde-motosiklet-ile-otomobil-carpisti-1-olu\/"},"author":{"name":"Memurun Sesi Haber Merkezi","@id":"https:\/\/memurunsesi.net\/#\/schema\/person\/f21c2d73b89f6ee1d80b0a1803e38587"},"headline":"\u0130zmir&#8217;de motosiklet ile otomobil \u00e7arp\u0131\u015ft\u0131: 1 \u00f6l\u00fc","datePublished":"2025-07-26T05:12:39+00:00","mainEntityOfPage":{"@id":"https:\/\/memurunsesi.net\/index.php\/2025\/07\/26\/izmirde-motosiklet-ile-otomobil-carpisti-1-olu\/"},"wordCount":149,"commentCount":0,"publisher":{"@id":"https:\/\/memurunsesi.net\/#organization"},"image":{"@id":"https:\/\/memurunsesi.net\/index.php\/2025\/07\/26\/izmirde-motosiklet-ile-otomobil-carpisti-1-olu\/#primaryimage"},"thumbnailUrl":"https:\/\/memurunsesi.net\/wp-content\/uploads\/2025\/07\/AW504627_04.jpg","inLanguage":"tr","potentialAction":[{"@type":"CommentAction","name":"Comment","target":["https:\/\/memurunsesi.net\/index.php\/2025\/07\/26\/izmirde-motosiklet-ile-otomobil-carpisti-1-olu\/#respond"]}]},{"@type":"WebPage","@id":"https:\/\/memurunsesi.net\/index.php\/2025\/07\/26\/izmirde-motosiklet-ile-otomobil-carpisti-1-olu\/","url":"https:\/\/memurunsesi.net\/index.php\/2025\/07\/26\/izmirde-motosiklet-ile-otomobil-carpisti-1-olu\/","name":"\u0130zmir'de motosiklet ile otomobil \u00e7arp\u0131\u015ft\u0131: 1 \u00f6l\u00fc - Memurun Sesi","isPartOf":{"@id":"https:\/\/memurunsesi.net\/#website"},"primaryImageOfPage":{"@id":"https:\/\/memurunsesi.net\/index.php\/2025\/07\/26\/izmirde-motosiklet-ile-otomobil-carpisti-1-olu\/#primaryimage"},"image":{"@id":"https:\/\/memurunsesi.net\/index.php\/2025\/07\/26\/izmirde-motosiklet-ile-otomobil-carpisti-1-olu\/#primaryimage"},"thumbnailUrl":"https:\/\/memurunsesi.net\/wp-content\/uploads\/2025\/07\/AW504627_04.jpg","datePublished":"2025-07-26T05:12:39+00:00","breadcrumb":{"@id":"https:\/\/memurunsesi.net\/index.php\/2025\/07\/26\/izmirde-motosiklet-ile-otomobil-carpisti-1-olu\/#breadcrumb"},"inLanguage":"tr","potentialAction":[{"@type":"ReadAction","target":["https:\/\/memurunsesi.net\/index.php\/2025\/07\/26\/izmirde-motosiklet-ile-otomobil-carpisti-1-olu\/"]}]},{"@type":"ImageObject","inLanguage":"tr","@id":"https:\/\/memurunsesi.net\/index.php\/2025\/07\/26\/izmirde-motosiklet-ile-otomobil-carpisti-1-olu\/#primaryimage","url":"https:\/\/memurunsesi.net\/wp-content\/uploads\/2025\/07\/AW504627_04.jpg","contentUrl":"https:\/\/memurunsesi.net\/wp-content\/uploads\/2025\/07\/AW504627_04.jpg","width":1536,"height":2048,"caption":"\u0130ZM\u0130R'DE MOTOS\u0130KLET \u0130LE OTOMOB\u0130L \u00c7ARPI\u015eTI: 1 \u00d6L\u00dc (CANER G\u00dcNEY\/\u0130ZM\u0130R-\u0130HA) \u0130zmir'in Seferihisar il\u00e7esinde motosiklet ile otomobilin \u00e7arp\u0131\u015fmas\u0131 sonucunda meydana gelen trafik kazas\u0131nda 1 ki\u015fi hayat\u0131n\u0131 kaybetti ."},{"@type":"BreadcrumbList","@id":"https:\/\/memurunsesi.net\/index.php\/2025\/07\/26\/izmirde-motosiklet-ile-otomobil-carpisti-1-olu\/#breadcrumb","itemListElement":[{"@type":"ListItem","position":1,"name":"Anasayfa","item":"https:\/\/memurunsesi.net\/"},{"@type":"ListItem","position":2,"name":"\u0130zmir&#8217;de motosiklet ile otomobil \u00e7arp\u0131\u015ft\u0131: 1 \u00f6l\u00fc"}]},{"@type":"WebSite","@id":"https:\/\/memurunsesi.net\/#website","url":"https:\/\/memurunsesi.net\/","name":"Memurun Sesi","description":"G\u00fcncel ve Do\u011fru Haber","publisher":{"@id":"https:\/\/memurunsesi.net\/#organization"},"potentialAction":[{"@type":"SearchAction","target":{"@type":"EntryPoint","urlTemplate":"https:\/\/memurunsesi.net\/?s={search_term_string}"},"query-input":{"@type":"PropertyValueSpecification","valueRequired":true,"valueName":"search_term_string"}}],"inLanguage":"tr"},{"@type":"Organization","@id":"https:\/\/memurunsesi.net\/#organization","name":"Memurun Sesi","url":"https:\/\/memurunsesi.net\/","logo":{"@type":"ImageObject","inLanguage":"tr","@id":"https:\/\/memurunsesi.net\/#\/schema\/logo\/image\/","url":"https:\/\/memurunsesi.net\/wp-content\/uploads\/2025\/11\/cropped-MEMURUN-SESI.png","contentUrl":"https:\/\/memurunsesi.net\/wp-content\/uploads\/2025\/11\/cropped-MEMURUN-SESI.png","width":238,"height":57,"caption":"Memurun Sesi"},"image":{"@id":"https:\/\/memurunsesi.net\/#\/schema\/logo\/image\/"},"sameAs":["https:\/\/www.facebook.com\/unipersen\/?locale=tr_TR","https:\/\/x.com\/unipersen"]},{"@type":"Person","@id":"https:\/\/memurunsesi.net\/#\/schema\/person\/f21c2d73b89f6ee1d80b0a1803e38587","name":"Memurun Sesi Haber Merkezi","image":{"@type":"ImageObject","inLanguage":"tr","@id":"https:\/\/secure.gravatar.com\/avatar\/6cf0505f452ee753f485014986fab09a434671d2b919ee76fc541025c5876a70?s=96&d=mm&r=g","url":"https:\/\/secure.gravatar.com\/avatar\/6cf0505f452ee753f485014986fab09a434671d2b919ee76fc541025c5876a70?s=96&d=mm&r=g","contentUrl":"https:\/\/secure.gravatar.com\/avatar\/6cf0505f452ee753f485014986fab09a434671d2b919ee76fc541025c5876a70?s=96&d=mm&r=g","caption":"Memurun Sesi Haber Merkezi"},"sameAs":["https:\/\/memurunsesi.net"],"url":"https:\/\/memurunsesi.net\/index.php\/author\/uniper\/"}]}},"_links":{"self":[{"href":"https:\/\/memurunsesi.net\/index.php\/wp-json\/wp\/v2\/posts\/9663","targetHints":{"allow":["GET"]}}],"collection":[{"href":"https:\/\/memurunsesi.net\/index.php\/wp-json\/wp\/v2\/posts"}],"about":[{"href":"https:\/\/memurunsesi.net\/index.php\/wp-json\/wp\/v2\/types\/post"}],"author":[{"embeddable":true,"href":"https:\/\/memurunsesi.net\/index.php\/wp-json\/wp\/v2\/users\/1"}],"replies":[{"embeddable":true,"href":"https:\/\/memurunsesi.net\/index.php\/wp-json\/wp\/v2\/comments?post=9663"}],"version-history":[{"count":1,"href":"https:\/\/memurunsesi.net\/index.php\/wp-json\/wp\/v2\/posts\/9663\/revisions"}],"predecessor-version":[{"id":9665,"href":"https:\/\/memurunsesi.net\/index.php\/wp-json\/wp\/v2\/posts\/9663\/revisions\/9665"}],"wp:featuredmedia":[{"embeddable":true,"href":"https:\/\/memurunsesi.net\/index.php\/wp-json\/wp\/v2\/media\/9664"}],"wp:attachment":[{"href":"https:\/\/memurunsesi.net\/index.php\/wp-json\/wp\/v2\/media?parent=9663"}],"wp:term":[{"taxonomy":"category","embeddable":true,"href":"https:\/\/memurunsesi.net\/index.php\/wp-json\/wp\/v2\/categories?post=9663"},{"taxonomy":"post_tag","embeddable":true,"href":"https:\/\/memurunsesi.net\/index.php\/wp-json\/wp\/v2\/tags?post=9663"}],"curies":[{"name":"wp","href":"https:\/\/api.w.org\/{rel}","templated":true}]}}