{"id":9666,"date":"2025-07-26T08:13:58","date_gmt":"2025-07-26T05:13:58","guid":{"rendered":"https:\/\/memurunsesi.net\/?p=9666"},"modified":"2025-07-26T08:13:58","modified_gmt":"2025-07-26T05:13:58","slug":"kazi-sirasinda-dogal-gaz-borusu-delindi-mahalleyi-gaz-kokusu-sardi","status":"publish","type":"post","link":"https:\/\/memurunsesi.net\/index.php\/2025\/07\/26\/kazi-sirasinda-dogal-gaz-borusu-delindi-mahalleyi-gaz-kokusu-sardi\/","title":{"rendered":"Kaz\u0131 s\u0131ras\u0131nda do\u011fal gaz borusu delindi, mahalleyi gaz kokusu sard\u0131"},"content":{"rendered":"<p>  Kocaeli\u2019nin Gebze il\u00e7esinde y\u00fcr\u00fct\u00fclen kaz\u0131 \u00e7al\u0131\u015fmalar\u0131 s\u0131ras\u0131nda do\u011fal gaz borusu delindi. S\u0131z\u0131nt\u0131 nedeniyle mahalleye yo\u011fun gaz kokusu yay\u0131l\u0131rken, olay yerine gelen ekipler b\u00f6lgede g\u00fcvenlik \u00f6nlemleri ald\u0131.<br \/>\n  Olay, Gebze il\u00e7esi Yeni Ba\u011fdat Caddesi \u00fczerinde meydana geldi. Edinilen bilgiye g\u00f6re, y\u00fcr\u00fct\u00fclen kaz\u0131 \u00e7al\u0131\u015fmalar\u0131 s\u0131ras\u0131nda i\u015f makinesi do\u011fal gaz hatt\u0131na zarar verdi. Borunun delinmesiyle birlikte mahalleye yo\u011fun \u015fekilde do\u011fal gaz kokusu yay\u0131ld\u0131. \u0130hbar \u00fczerine b\u00f6lgeye do\u011fal gaz da\u011f\u0131t\u0131m firmas\u0131 ekipleri, polis ve itfaiye sevk edildi. Gaz ak\u0131\u015f\u0131 kesilirken, olay yerinde g\u00fcvenlik \u00e7emberi olu\u015fturuldu. Vatanda\u015flar k\u0131v\u0131lc\u0131m olu\u015fturabilecek her t\u00fcrl\u00fc faaliyetten uzak durmalar\u0131 konusunda uyar\u0131ld\u0131.<br \/>\n  Olayla ilgili inceleme ba\u015flat\u0131ld\u0131. <\/p>\n<p>26.07.2025                               <\/p>\n","protected":false},"excerpt":{"rendered":"<p>Kocaeli\u2019nin Gebze il\u00e7esinde y\u00fcr\u00fct\u00fclen kaz\u0131 \u00e7al\u0131\u015fmalar\u0131 s\u0131ras\u0131nda do\u011fal gaz borusu delindi. S\u0131z\u0131nt\u0131 nedeniyle mahalleye yo\u011fun gaz kokusu yay\u0131l\u0131rken, olay yerine gelen ekipler b\u00f6lgede g\u00fcvenlik \u00f6nlemleri ald\u0131. Olay, Gebze il\u00e7esi Yeni Ba\u011fdat Caddesi \u00fczerinde meydana geldi. Edinilen bilgiye g\u00f6re, y\u00fcr\u00fct\u00fclen kaz\u0131 \u00e7al\u0131\u015fmalar\u0131 s\u0131ras\u0131nda i\u015f makinesi do\u011fal gaz hatt\u0131na zarar verdi. Borunun delinmesiyle birlikte mahalleye yo\u011fun \u015fekilde [&hellip;]<\/p>\n","protected":false},"author":1,"featured_media":9667,"comment_status":"open","ping_status":"open","sticky":false,"template":"","format":"standard","meta":{"footnotes":""},"categories":[1],"tags":[],"class_list":["post-9666","post","type-post","status-publish","format-standard","has-post-thumbnail","hentry","category-genel"],"yoast_head":"<!-- This site is optimized with the Yoast SEO plugin v27.4 - https:\/\/yoast.com\/product\/yoast-seo-wordpress\/ -->\n<title>Kaz\u0131 s\u0131ras\u0131nda do\u011fal gaz borusu delindi, mahalleyi gaz kokusu sard\u0131 - Memurun Sesi<\/title>\n<meta name=\"robots\" content=\"index, follow, max-snippet:-1, max-image-preview:large, max-video-preview:-1\" \/>\n<link rel=\"canonical\" href=\"https:\/\/memurunsesi.net\/index.php\/2025\/07\/26\/kazi-sirasinda-dogal-gaz-borusu-delindi-mahalleyi-gaz-kokusu-sardi\/\" \/>\n<meta property=\"og:locale\" content=\"tr_TR\" \/>\n<meta property=\"og:type\" content=\"article\" \/>\n<meta property=\"og:title\" content=\"Kaz\u0131 s\u0131ras\u0131nda do\u011fal gaz borusu delindi, mahalleyi gaz kokusu sard\u0131 - Memurun Sesi\" \/>\n<meta property=\"og:description\" content=\"Kocaeli\u2019nin Gebze il\u00e7esinde y\u00fcr\u00fct\u00fclen kaz\u0131 \u00e7al\u0131\u015fmalar\u0131 s\u0131ras\u0131nda do\u011fal gaz borusu delindi. S\u0131z\u0131nt\u0131 nedeniyle mahalleye yo\u011fun gaz kokusu yay\u0131l\u0131rken, olay yerine gelen ekipler b\u00f6lgede g\u00fcvenlik \u00f6nlemleri ald\u0131. Olay, Gebze il\u00e7esi Yeni Ba\u011fdat Caddesi \u00fczerinde meydana geldi. Edinilen bilgiye g\u00f6re, y\u00fcr\u00fct\u00fclen kaz\u0131 \u00e7al\u0131\u015fmalar\u0131 s\u0131ras\u0131nda i\u015f makinesi do\u011fal gaz hatt\u0131na zarar verdi. Borunun delinmesiyle birlikte mahalleye yo\u011fun \u015fekilde [&hellip;]\" \/>\n<meta property=\"og:url\" content=\"https:\/\/memurunsesi.net\/index.php\/2025\/07\/26\/kazi-sirasinda-dogal-gaz-borusu-delindi-mahalleyi-gaz-kokusu-sardi\/\" \/>\n<meta property=\"og:site_name\" content=\"Memurun Sesi\" \/>\n<meta property=\"article:publisher\" content=\"https:\/\/www.facebook.com\/unipersen\/?locale=tr_TR\" \/>\n<meta property=\"article:published_time\" content=\"2025-07-26T05:13:58+00:00\" \/>\n<meta property=\"og:image\" content=\"https:\/\/memurunsesi.net\/wp-content\/uploads\/2025\/07\/AW504625_01-scaled.jpg\" \/>\n\t<meta property=\"og:image:width\" content=\"2560\" \/>\n\t<meta property=\"og:image:height\" content=\"1440\" \/>\n\t<meta property=\"og:image:type\" content=\"image\/jpeg\" \/>\n<meta name=\"author\" content=\"Memurun Sesi Haber Merkezi\" \/>\n<meta name=\"twitter:card\" content=\"summary_large_image\" \/>\n<meta name=\"twitter:creator\" content=\"@unipersen\" \/>\n<meta name=\"twitter:site\" content=\"@unipersen\" \/>\n<meta name=\"twitter:label1\" content=\"Yazan:\" \/>\n\t<meta name=\"twitter:data1\" content=\"Memurun Sesi Haber Merkezi\" \/>\n\t<meta name=\"twitter:label2\" content=\"Tahmini okuma s\u00fcresi\" \/>\n\t<meta name=\"twitter:data2\" content=\"1 dakika\" \/>\n<script type=\"application\/ld+json\" class=\"yoast-schema-graph\">{\"@context\":\"https:\\\/\\\/schema.org\",\"@graph\":[{\"@type\":\"Article\",\"@id\":\"https:\\\/\\\/memurunsesi.net\\\/index.php\\\/2025\\\/07\\\/26\\\/kazi-sirasinda-dogal-gaz-borusu-delindi-mahalleyi-gaz-kokusu-sardi\\\/#article\",\"isPartOf\":{\"@id\":\"https:\\\/\\\/memurunsesi.net\\\/index.php\\\/2025\\\/07\\\/26\\\/kazi-sirasinda-dogal-gaz-borusu-delindi-mahalleyi-gaz-kokusu-sardi\\\/\"},\"author\":{\"name\":\"Memurun Sesi Haber Merkezi\",\"@id\":\"https:\\\/\\\/memurunsesi.net\\\/#\\\/schema\\\/person\\\/f21c2d73b89f6ee1d80b0a1803e38587\"},\"headline\":\"Kaz\u0131 s\u0131ras\u0131nda do\u011fal gaz borusu delindi, mahalleyi gaz kokusu sard\u0131\",\"datePublished\":\"2025-07-26T05:13:58+00:00\",\"mainEntityOfPage\":{\"@id\":\"https:\\\/\\\/memurunsesi.net\\\/index.php\\\/2025\\\/07\\\/26\\\/kazi-sirasinda-dogal-gaz-borusu-delindi-mahalleyi-gaz-kokusu-sardi\\\/\"},\"wordCount\":152,\"commentCount\":0,\"publisher\":{\"@id\":\"https:\\\/\\\/memurunsesi.net\\\/#organization\"},\"image\":{\"@id\":\"https:\\\/\\\/memurunsesi.net\\\/index.php\\\/2025\\\/07\\\/26\\\/kazi-sirasinda-dogal-gaz-borusu-delindi-mahalleyi-gaz-kokusu-sardi\\\/#primaryimage\"},\"thumbnailUrl\":\"https:\\\/\\\/memurunsesi.net\\\/wp-content\\\/uploads\\\/2025\\\/07\\\/AW504625_01-scaled.jpg\",\"inLanguage\":\"tr\",\"potentialAction\":[{\"@type\":\"CommentAction\",\"name\":\"Comment\",\"target\":[\"https:\\\/\\\/memurunsesi.net\\\/index.php\\\/2025\\\/07\\\/26\\\/kazi-sirasinda-dogal-gaz-borusu-delindi-mahalleyi-gaz-kokusu-sardi\\\/#respond\"]}]},{\"@type\":\"WebPage\",\"@id\":\"https:\\\/\\\/memurunsesi.net\\\/index.php\\\/2025\\\/07\\\/26\\\/kazi-sirasinda-dogal-gaz-borusu-delindi-mahalleyi-gaz-kokusu-sardi\\\/\",\"url\":\"https:\\\/\\\/memurunsesi.net\\\/index.php\\\/2025\\\/07\\\/26\\\/kazi-sirasinda-dogal-gaz-borusu-delindi-mahalleyi-gaz-kokusu-sardi\\\/\",\"name\":\"Kaz\u0131 s\u0131ras\u0131nda do\u011fal gaz borusu delindi, mahalleyi gaz kokusu sard\u0131 - Memurun Sesi\",\"isPartOf\":{\"@id\":\"https:\\\/\\\/memurunsesi.net\\\/#website\"},\"primaryImageOfPage\":{\"@id\":\"https:\\\/\\\/memurunsesi.net\\\/index.php\\\/2025\\\/07\\\/26\\\/kazi-sirasinda-dogal-gaz-borusu-delindi-mahalleyi-gaz-kokusu-sardi\\\/#primaryimage\"},\"image\":{\"@id\":\"https:\\\/\\\/memurunsesi.net\\\/index.php\\\/2025\\\/07\\\/26\\\/kazi-sirasinda-dogal-gaz-borusu-delindi-mahalleyi-gaz-kokusu-sardi\\\/#primaryimage\"},\"thumbnailUrl\":\"https:\\\/\\\/memurunsesi.net\\\/wp-content\\\/uploads\\\/2025\\\/07\\\/AW504625_01-scaled.jpg\",\"datePublished\":\"2025-07-26T05:13:58+00:00\",\"breadcrumb\":{\"@id\":\"https:\\\/\\\/memurunsesi.net\\\/index.php\\\/2025\\\/07\\\/26\\\/kazi-sirasinda-dogal-gaz-borusu-delindi-mahalleyi-gaz-kokusu-sardi\\\/#breadcrumb\"},\"inLanguage\":\"tr\",\"potentialAction\":[{\"@type\":\"ReadAction\",\"target\":[\"https:\\\/\\\/memurunsesi.net\\\/index.php\\\/2025\\\/07\\\/26\\\/kazi-sirasinda-dogal-gaz-borusu-delindi-mahalleyi-gaz-kokusu-sardi\\\/\"]}]},{\"@type\":\"ImageObject\",\"inLanguage\":\"tr\",\"@id\":\"https:\\\/\\\/memurunsesi.net\\\/index.php\\\/2025\\\/07\\\/26\\\/kazi-sirasinda-dogal-gaz-borusu-delindi-mahalleyi-gaz-kokusu-sardi\\\/#primaryimage\",\"url\":\"https:\\\/\\\/memurunsesi.net\\\/wp-content\\\/uploads\\\/2025\\\/07\\\/AW504625_01-scaled.jpg\",\"contentUrl\":\"https:\\\/\\\/memurunsesi.net\\\/wp-content\\\/uploads\\\/2025\\\/07\\\/AW504625_01-scaled.jpg\",\"width\":2560,\"height\":1440,\"caption\":\"KOCAEL\u0130'N\u0130N GEBZE \u0130L\u00c7ES\u0130NDE Y\u00dcR\u00dcT\u00dcLEN ALTYAPI KAZISI SIRASINDA DO\u011eALGAZ BORUSU DEL\u0130ND\u0130. SIZINTI NEDEN\u0130YLE MAHALLEYE YO\u011eUN GAZ KOKUSU YAYILIRKEN, OLAY YER\u0130NE GELEN EK\u0130PLER B\u00d6LGEDE G\u00dcVENL\u0130K \u00d6NLEMLER\u0130 ALDI. (\u00c7A\u011eRI G\u00d6KDEM\u0130R - MERT G\u00dcREN\u00c7\\\/KOCAEL\u0130-\u0130HA) Kocaeli'nin Gebze il\u00e7esinde y\u00fcr\u00fct\u00fclen kaz\u0131 \u00e7al\u0131\u015fmalar\u0131 s\u0131ras\u0131nda do\u011fal gaz borusu delindi. S\u0131z\u0131nt\u0131 nedeniyle mahalleye yo\u011fun gaz kokusu yay\u0131l\u0131rken, olay yerine gelen ekipler b\u00f6lgede g\u00fcvenlik \u00f6nlemleri ald\u0131.\"},{\"@type\":\"BreadcrumbList\",\"@id\":\"https:\\\/\\\/memurunsesi.net\\\/index.php\\\/2025\\\/07\\\/26\\\/kazi-sirasinda-dogal-gaz-borusu-delindi-mahalleyi-gaz-kokusu-sardi\\\/#breadcrumb\",\"itemListElement\":[{\"@type\":\"ListItem\",\"position\":1,\"name\":\"Anasayfa\",\"item\":\"https:\\\/\\\/memurunsesi.net\\\/\"},{\"@type\":\"ListItem\",\"position\":2,\"name\":\"Kaz\u0131 s\u0131ras\u0131nda do\u011fal gaz borusu delindi, mahalleyi gaz kokusu sard\u0131\"}]},{\"@type\":\"WebSite\",\"@id\":\"https:\\\/\\\/memurunsesi.net\\\/#website\",\"url\":\"https:\\\/\\\/memurunsesi.net\\\/\",\"name\":\"Memurun Sesi\",\"description\":\"G\u00fcncel ve Do\u011fru Haber\",\"publisher\":{\"@id\":\"https:\\\/\\\/memurunsesi.net\\\/#organization\"},\"potentialAction\":[{\"@type\":\"SearchAction\",\"target\":{\"@type\":\"EntryPoint\",\"urlTemplate\":\"https:\\\/\\\/memurunsesi.net\\\/?s={search_term_string}\"},\"query-input\":{\"@type\":\"PropertyValueSpecification\",\"valueRequired\":true,\"valueName\":\"search_term_string\"}}],\"inLanguage\":\"tr\"},{\"@type\":\"Organization\",\"@id\":\"https:\\\/\\\/memurunsesi.net\\\/#organization\",\"name\":\"Memurun Sesi\",\"url\":\"https:\\\/\\\/memurunsesi.net\\\/\",\"logo\":{\"@type\":\"ImageObject\",\"inLanguage\":\"tr\",\"@id\":\"https:\\\/\\\/memurunsesi.net\\\/#\\\/schema\\\/logo\\\/image\\\/\",\"url\":\"https:\\\/\\\/memurunsesi.net\\\/wp-content\\\/uploads\\\/2025\\\/11\\\/cropped-MEMURUN-SESI.png\",\"contentUrl\":\"https:\\\/\\\/memurunsesi.net\\\/wp-content\\\/uploads\\\/2025\\\/11\\\/cropped-MEMURUN-SESI.png\",\"width\":238,\"height\":57,\"caption\":\"Memurun Sesi\"},\"image\":{\"@id\":\"https:\\\/\\\/memurunsesi.net\\\/#\\\/schema\\\/logo\\\/image\\\/\"},\"sameAs\":[\"https:\\\/\\\/www.facebook.com\\\/unipersen\\\/?locale=tr_TR\",\"https:\\\/\\\/x.com\\\/unipersen\"]},{\"@type\":\"Person\",\"@id\":\"https:\\\/\\\/memurunsesi.net\\\/#\\\/schema\\\/person\\\/f21c2d73b89f6ee1d80b0a1803e38587\",\"name\":\"Memurun Sesi Haber Merkezi\",\"image\":{\"@type\":\"ImageObject\",\"inLanguage\":\"tr\",\"@id\":\"https:\\\/\\\/secure.gravatar.com\\\/avatar\\\/6cf0505f452ee753f485014986fab09a434671d2b919ee76fc541025c5876a70?s=96&d=mm&r=g\",\"url\":\"https:\\\/\\\/secure.gravatar.com\\\/avatar\\\/6cf0505f452ee753f485014986fab09a434671d2b919ee76fc541025c5876a70?s=96&d=mm&r=g\",\"contentUrl\":\"https:\\\/\\\/secure.gravatar.com\\\/avatar\\\/6cf0505f452ee753f485014986fab09a434671d2b919ee76fc541025c5876a70?s=96&d=mm&r=g\",\"caption\":\"Memurun Sesi Haber Merkezi\"},\"sameAs\":[\"https:\\\/\\\/memurunsesi.net\"],\"url\":\"https:\\\/\\\/memurunsesi.net\\\/index.php\\\/author\\\/uniper\\\/\"}]}<\/script>\n<!-- \/ Yoast SEO plugin. -->","yoast_head_json":{"title":"Kaz\u0131 s\u0131ras\u0131nda do\u011fal gaz borusu delindi, mahalleyi gaz kokusu sard\u0131 - Memurun Sesi","robots":{"index":"index","follow":"follow","max-snippet":"max-snippet:-1","max-image-preview":"max-image-preview:large","max-video-preview":"max-video-preview:-1"},"canonical":"https:\/\/memurunsesi.net\/index.php\/2025\/07\/26\/kazi-sirasinda-dogal-gaz-borusu-delindi-mahalleyi-gaz-kokusu-sardi\/","og_locale":"tr_TR","og_type":"article","og_title":"Kaz\u0131 s\u0131ras\u0131nda do\u011fal gaz borusu delindi, mahalleyi gaz kokusu sard\u0131 - Memurun Sesi","og_description":"Kocaeli\u2019nin Gebze il\u00e7esinde y\u00fcr\u00fct\u00fclen kaz\u0131 \u00e7al\u0131\u015fmalar\u0131 s\u0131ras\u0131nda do\u011fal gaz borusu delindi. S\u0131z\u0131nt\u0131 nedeniyle mahalleye yo\u011fun gaz kokusu yay\u0131l\u0131rken, olay yerine gelen ekipler b\u00f6lgede g\u00fcvenlik \u00f6nlemleri ald\u0131. Olay, Gebze il\u00e7esi Yeni Ba\u011fdat Caddesi \u00fczerinde meydana geldi. Edinilen bilgiye g\u00f6re, y\u00fcr\u00fct\u00fclen kaz\u0131 \u00e7al\u0131\u015fmalar\u0131 s\u0131ras\u0131nda i\u015f makinesi do\u011fal gaz hatt\u0131na zarar verdi. Borunun delinmesiyle birlikte mahalleye yo\u011fun \u015fekilde [&hellip;]","og_url":"https:\/\/memurunsesi.net\/index.php\/2025\/07\/26\/kazi-sirasinda-dogal-gaz-borusu-delindi-mahalleyi-gaz-kokusu-sardi\/","og_site_name":"Memurun Sesi","article_publisher":"https:\/\/www.facebook.com\/unipersen\/?locale=tr_TR","article_published_time":"2025-07-26T05:13:58+00:00","og_image":[{"width":2560,"height":1440,"url":"https:\/\/memurunsesi.net\/wp-content\/uploads\/2025\/07\/AW504625_01-scaled.jpg","type":"image\/jpeg"}],"author":"Memurun Sesi Haber Merkezi","twitter_card":"summary_large_image","twitter_creator":"@unipersen","twitter_site":"@unipersen","twitter_misc":{"Yazan:":"Memurun Sesi Haber Merkezi","Tahmini okuma s\u00fcresi":"1 dakika"},"schema":{"@context":"https:\/\/schema.org","@graph":[{"@type":"Article","@id":"https:\/\/memurunsesi.net\/index.php\/2025\/07\/26\/kazi-sirasinda-dogal-gaz-borusu-delindi-mahalleyi-gaz-kokusu-sardi\/#article","isPartOf":{"@id":"https:\/\/memurunsesi.net\/index.php\/2025\/07\/26\/kazi-sirasinda-dogal-gaz-borusu-delindi-mahalleyi-gaz-kokusu-sardi\/"},"author":{"name":"Memurun Sesi Haber Merkezi","@id":"https:\/\/memurunsesi.net\/#\/schema\/person\/f21c2d73b89f6ee1d80b0a1803e38587"},"headline":"Kaz\u0131 s\u0131ras\u0131nda do\u011fal gaz borusu delindi, mahalleyi gaz kokusu sard\u0131","datePublished":"2025-07-26T05:13:58+00:00","mainEntityOfPage":{"@id":"https:\/\/memurunsesi.net\/index.php\/2025\/07\/26\/kazi-sirasinda-dogal-gaz-borusu-delindi-mahalleyi-gaz-kokusu-sardi\/"},"wordCount":152,"commentCount":0,"publisher":{"@id":"https:\/\/memurunsesi.net\/#organization"},"image":{"@id":"https:\/\/memurunsesi.net\/index.php\/2025\/07\/26\/kazi-sirasinda-dogal-gaz-borusu-delindi-mahalleyi-gaz-kokusu-sardi\/#primaryimage"},"thumbnailUrl":"https:\/\/memurunsesi.net\/wp-content\/uploads\/2025\/07\/AW504625_01-scaled.jpg","inLanguage":"tr","potentialAction":[{"@type":"CommentAction","name":"Comment","target":["https:\/\/memurunsesi.net\/index.php\/2025\/07\/26\/kazi-sirasinda-dogal-gaz-borusu-delindi-mahalleyi-gaz-kokusu-sardi\/#respond"]}]},{"@type":"WebPage","@id":"https:\/\/memurunsesi.net\/index.php\/2025\/07\/26\/kazi-sirasinda-dogal-gaz-borusu-delindi-mahalleyi-gaz-kokusu-sardi\/","url":"https:\/\/memurunsesi.net\/index.php\/2025\/07\/26\/kazi-sirasinda-dogal-gaz-borusu-delindi-mahalleyi-gaz-kokusu-sardi\/","name":"Kaz\u0131 s\u0131ras\u0131nda do\u011fal gaz borusu delindi, mahalleyi gaz kokusu sard\u0131 - Memurun Sesi","isPartOf":{"@id":"https:\/\/memurunsesi.net\/#website"},"primaryImageOfPage":{"@id":"https:\/\/memurunsesi.net\/index.php\/2025\/07\/26\/kazi-sirasinda-dogal-gaz-borusu-delindi-mahalleyi-gaz-kokusu-sardi\/#primaryimage"},"image":{"@id":"https:\/\/memurunsesi.net\/index.php\/2025\/07\/26\/kazi-sirasinda-dogal-gaz-borusu-delindi-mahalleyi-gaz-kokusu-sardi\/#primaryimage"},"thumbnailUrl":"https:\/\/memurunsesi.net\/wp-content\/uploads\/2025\/07\/AW504625_01-scaled.jpg","datePublished":"2025-07-26T05:13:58+00:00","breadcrumb":{"@id":"https:\/\/memurunsesi.net\/index.php\/2025\/07\/26\/kazi-sirasinda-dogal-gaz-borusu-delindi-mahalleyi-gaz-kokusu-sardi\/#breadcrumb"},"inLanguage":"tr","potentialAction":[{"@type":"ReadAction","target":["https:\/\/memurunsesi.net\/index.php\/2025\/07\/26\/kazi-sirasinda-dogal-gaz-borusu-delindi-mahalleyi-gaz-kokusu-sardi\/"]}]},{"@type":"ImageObject","inLanguage":"tr","@id":"https:\/\/memurunsesi.net\/index.php\/2025\/07\/26\/kazi-sirasinda-dogal-gaz-borusu-delindi-mahalleyi-gaz-kokusu-sardi\/#primaryimage","url":"https:\/\/memurunsesi.net\/wp-content\/uploads\/2025\/07\/AW504625_01-scaled.jpg","contentUrl":"https:\/\/memurunsesi.net\/wp-content\/uploads\/2025\/07\/AW504625_01-scaled.jpg","width":2560,"height":1440,"caption":"KOCAEL\u0130'N\u0130N GEBZE \u0130L\u00c7ES\u0130NDE Y\u00dcR\u00dcT\u00dcLEN ALTYAPI KAZISI SIRASINDA DO\u011eALGAZ BORUSU DEL\u0130ND\u0130. SIZINTI NEDEN\u0130YLE MAHALLEYE YO\u011eUN GAZ KOKUSU YAYILIRKEN, OLAY YER\u0130NE GELEN EK\u0130PLER B\u00d6LGEDE G\u00dcVENL\u0130K \u00d6NLEMLER\u0130 ALDI. (\u00c7A\u011eRI G\u00d6KDEM\u0130R - MERT G\u00dcREN\u00c7\/KOCAEL\u0130-\u0130HA) Kocaeli'nin Gebze il\u00e7esinde y\u00fcr\u00fct\u00fclen kaz\u0131 \u00e7al\u0131\u015fmalar\u0131 s\u0131ras\u0131nda do\u011fal gaz borusu delindi. S\u0131z\u0131nt\u0131 nedeniyle mahalleye yo\u011fun gaz kokusu yay\u0131l\u0131rken, olay yerine gelen ekipler b\u00f6lgede g\u00fcvenlik \u00f6nlemleri ald\u0131."},{"@type":"BreadcrumbList","@id":"https:\/\/memurunsesi.net\/index.php\/2025\/07\/26\/kazi-sirasinda-dogal-gaz-borusu-delindi-mahalleyi-gaz-kokusu-sardi\/#breadcrumb","itemListElement":[{"@type":"ListItem","position":1,"name":"Anasayfa","item":"https:\/\/memurunsesi.net\/"},{"@type":"ListItem","position":2,"name":"Kaz\u0131 s\u0131ras\u0131nda do\u011fal gaz borusu delindi, mahalleyi gaz kokusu sard\u0131"}]},{"@type":"WebSite","@id":"https:\/\/memurunsesi.net\/#website","url":"https:\/\/memurunsesi.net\/","name":"Memurun Sesi","description":"G\u00fcncel ve Do\u011fru Haber","publisher":{"@id":"https:\/\/memurunsesi.net\/#organization"},"potentialAction":[{"@type":"SearchAction","target":{"@type":"EntryPoint","urlTemplate":"https:\/\/memurunsesi.net\/?s={search_term_string}"},"query-input":{"@type":"PropertyValueSpecification","valueRequired":true,"valueName":"search_term_string"}}],"inLanguage":"tr"},{"@type":"Organization","@id":"https:\/\/memurunsesi.net\/#organization","name":"Memurun Sesi","url":"https:\/\/memurunsesi.net\/","logo":{"@type":"ImageObject","inLanguage":"tr","@id":"https:\/\/memurunsesi.net\/#\/schema\/logo\/image\/","url":"https:\/\/memurunsesi.net\/wp-content\/uploads\/2025\/11\/cropped-MEMURUN-SESI.png","contentUrl":"https:\/\/memurunsesi.net\/wp-content\/uploads\/2025\/11\/cropped-MEMURUN-SESI.png","width":238,"height":57,"caption":"Memurun Sesi"},"image":{"@id":"https:\/\/memurunsesi.net\/#\/schema\/logo\/image\/"},"sameAs":["https:\/\/www.facebook.com\/unipersen\/?locale=tr_TR","https:\/\/x.com\/unipersen"]},{"@type":"Person","@id":"https:\/\/memurunsesi.net\/#\/schema\/person\/f21c2d73b89f6ee1d80b0a1803e38587","name":"Memurun Sesi Haber Merkezi","image":{"@type":"ImageObject","inLanguage":"tr","@id":"https:\/\/secure.gravatar.com\/avatar\/6cf0505f452ee753f485014986fab09a434671d2b919ee76fc541025c5876a70?s=96&d=mm&r=g","url":"https:\/\/secure.gravatar.com\/avatar\/6cf0505f452ee753f485014986fab09a434671d2b919ee76fc541025c5876a70?s=96&d=mm&r=g","contentUrl":"https:\/\/secure.gravatar.com\/avatar\/6cf0505f452ee753f485014986fab09a434671d2b919ee76fc541025c5876a70?s=96&d=mm&r=g","caption":"Memurun Sesi Haber Merkezi"},"sameAs":["https:\/\/memurunsesi.net"],"url":"https:\/\/memurunsesi.net\/index.php\/author\/uniper\/"}]}},"_links":{"self":[{"href":"https:\/\/memurunsesi.net\/index.php\/wp-json\/wp\/v2\/posts\/9666","targetHints":{"allow":["GET"]}}],"collection":[{"href":"https:\/\/memurunsesi.net\/index.php\/wp-json\/wp\/v2\/posts"}],"about":[{"href":"https:\/\/memurunsesi.net\/index.php\/wp-json\/wp\/v2\/types\/post"}],"author":[{"embeddable":true,"href":"https:\/\/memurunsesi.net\/index.php\/wp-json\/wp\/v2\/users\/1"}],"replies":[{"embeddable":true,"href":"https:\/\/memurunsesi.net\/index.php\/wp-json\/wp\/v2\/comments?post=9666"}],"version-history":[{"count":1,"href":"https:\/\/memurunsesi.net\/index.php\/wp-json\/wp\/v2\/posts\/9666\/revisions"}],"predecessor-version":[{"id":9668,"href":"https:\/\/memurunsesi.net\/index.php\/wp-json\/wp\/v2\/posts\/9666\/revisions\/9668"}],"wp:featuredmedia":[{"embeddable":true,"href":"https:\/\/memurunsesi.net\/index.php\/wp-json\/wp\/v2\/media\/9667"}],"wp:attachment":[{"href":"https:\/\/memurunsesi.net\/index.php\/wp-json\/wp\/v2\/media?parent=9666"}],"wp:term":[{"taxonomy":"category","embeddable":true,"href":"https:\/\/memurunsesi.net\/index.php\/wp-json\/wp\/v2\/categories?post=9666"},{"taxonomy":"post_tag","embeddable":true,"href":"https:\/\/memurunsesi.net\/index.php\/wp-json\/wp\/v2\/tags?post=9666"}],"curies":[{"name":"wp","href":"https:\/\/api.w.org\/{rel}","templated":true}]}}