{"id":9721,"date":"2025-07-27T12:57:18","date_gmt":"2025-07-27T09:57:18","guid":{"rendered":"https:\/\/memurunsesi.net\/?p=9721"},"modified":"2025-07-27T12:57:18","modified_gmt":"2025-07-27T09:57:18","slug":"tf-2000-hava-savunma-harbi-muhribi-yerli-ve-milli-ozel-sistemlerle-donatilacak","status":"publish","type":"post","link":"https:\/\/memurunsesi.net\/index.php\/2025\/07\/27\/tf-2000-hava-savunma-harbi-muhribi-yerli-ve-milli-ozel-sistemlerle-donatilacak\/","title":{"rendered":"TF-2000 Hava Savunma Harbi Muhribi yerli ve milli \u00f6zel sistemlerle donat\u0131lacak"},"content":{"rendered":"<p>  &#8211; ASFAT Genel M\u00fcd\u00fcr\u00fc Prof. Dr. Mustafa \u0130lba\u015f:<br \/>\n  &#8211; &#8221; TF-2000&#8217;nin en b\u00fcy\u00fck \u00f6zelli\u011fi Hava Savunma Muhribi olmas\u0131, s\u00fcrprizlerle dolu ve \u00e7ok \u00f6zel sistemler var&#8221;<br \/>\n  &#8211; &#8221; Mavi Vatan TF-2000&#8217;le daha da g\u00fcvende olacak &#8221;<br \/>\n  &#8211; &#8220;TCG AKH\u0130SAR  ve TCG KO\u00c7H\u0130SAR&#8217;\u0131n seyir testleri devam ediyor&#8221;<br \/>\n  &#8211; &#8220;Kara\u00e7i&#8217;de ki ilk gemi 2026&#8217;n\u0131n ba\u015f\u0131nda TARIK dedi\u011fimiz son gemi de yine 2026&#8217;n\u0131n sonuna do\u011fru teslim edilmi\u015f olacak&#8221;   <\/p>\n<p>   Deniz platformlar\u0131, M\u0130LGEM, M\u0130LDEN projesi ve TF-2000 Hava Savunma Harbi Muhribi hakk\u0131nda bilgi veren ASFAT Genel M\u00fcd\u00fcr\u00fc Prof. Dr. Mustafa \u0130lba\u015f, &#8220;Pakistan&#8217;a 4 M\u0130LGEM korveti yap\u0131yoruz. Bunlardan birincisini ge\u00e7en y\u0131l teslim ettik. \u015euan Pakistan da kullan\u0131l\u0131yor. Onun ad\u0131 BAB\u00dcR. HAYBER&#8217;i de bu sene 1, 2 ay i\u00e7erisinde de teslim edece\u011fiz. TCG AKH\u0130SAR  ve TCG KO\u00c7H\u0130SAR&#8217;\u0131n seyir testleri devam ediyor. TF-2000&#8217;nin en b\u00fcy\u00fck \u00f6zelli\u011fi Hava Savunma Muhribi olmas\u0131, onun bar\u0131nd\u0131rd\u0131\u011f\u0131 sistemler s\u00fcrprizlerle dolu ve \u00e7ok \u00f6zel sistemler var. Mavi vatan TF-2000&#8217;le daha da g\u00fcvende olacak&#8221;dedi.<br \/>\n  T\u00fcrk savunma sanayisinin lider oyuncular\u0131ndan birincisi olan Milli Savunma Bakanl\u0131\u011f\u0131 (MSB) ba\u011fl\u0131s\u0131 ASFAT,  yerli ve milli olarak geli\u015ftirdi\u011fi kara, hava ve deniz platformlar\u0131na sahip.  Y\u00fcksek teknolojiye sahip \u00fcr\u00fcnler T\u00fcrkiye&#8217;nin g\u00fcc\u00fcne g\u00fc\u00e7 kat\u0131yor.  ASFAT, kara i\u00e7in Mekanik May\u0131n Temizleme Te\u00e7hizat\u0131, KORBAS-III Balistik Koruyucu Ba\u015fl\u0131k, ARPAN155 Taktik Tekerlekli Araca Monteli Ob\u00fcs, \u00fcretirken, hava sahas\u0131 i\u00e7in ise  hassas g\u00fcd\u00fcm kiti-82 (HGK-82), hassas g\u00fcd\u00fcm kiti-84 (HGK-84), RAHVAN u\u00e7ak \u00e7eker arac\u0131, Seyit Onba\u015f\u0131 bomba y\u00fckleme arac\u0131 \u00fcretimini yap\u0131yor. ASFAT ayn\u0131 zaman da M\u0130LGEM ve M\u0130LDEN projelerinin ana y\u00fcklenicili\u011fini yap\u0131yor. Pakistan PN MILGEM s\u0131n\u0131f\u0131 korvet,  ADKG A\u00e7\u0131k Deniz Karakol gemisi, denizalt\u0131lar i\u00e7in y\u00fczer havuz, Asayi\u015f ve emniyet botu ASBOT&#8217;u yap\u0131yor.  H\u00dcretimin yan\u0131 s\u0131ra bak\u0131m, onar\u0131m, modernizasyon, iyile\u015ftirme ve yenileme i\u015flemini de ger\u00e7ekle\u015ftiriyor.<br \/>\n  Deniz platformlar\u0131 ve M\u0130LGEM, M\u0130LDEN ve TF-2000 Hava Savunma Harbi Muhribi hakk\u0131nda bilgi veren ASFAT Genel M\u00fcd\u00fcr\u00fc Prof. Dr. Mustafa \u0130lba\u015f, TF-2000&#8217;nin s\u00fcrprizlerle dolu \u00f6zel sistemler oldu\u011funu belirtti.<br \/>\n  ASFAT Genel M\u00fcd\u00fcr\u00fc Prof. Dr. Mustafa \u0130lba\u015f, &#8220;ASFAT olarak biz hava platformlar\u0131, kara platformlar\u0131 \u00e7ok say\u0131da faaliyet yap\u0131yoruz. Deniz platformlar\u0131nda da T\u00fcrkiye&#8217;de en b\u00fcy\u00fck projeleri yapan devlet kurulu\u015flar\u0131ndan biriyiz. ASFAT bildi\u011finiz gibi, 27 askeri fabrika ve 10 askeri tersaneyi y\u00f6netime i\u015fletme imkan ve kabiliyetine sahip olan bir devlet \u015firketi savunma \u015firketidir. Pakistan&#8217;a 4 M\u0130LGEM korveti yap\u0131yoruz. Bunlardan birincisini ge\u00e7en y\u0131l teslim ettik. \u015euan Pakistan&#8217;da kullan\u0131l\u0131yor. BAB\u00dcR onun ad\u0131. HAYBER&#8217;i de bu sene 1, 2 ay i\u00e7erisinde de teslim edece\u011fiz. Deniz ve di\u011fer testleri devam ediyor. Ayr\u0131ca BED\u0130R ve TARIK isimlerindeki 2 korvette Kara\u00e7i&#8217;de yine ASFAT taraf\u0131ndan yap\u0131l\u0131yor. Kara\u00e7i&#8217;deki ilk gemi 2026&#8217;n\u0131n ba\u015f\u0131nda TARIK dedi\u011fimiz son gemi de yine 2026&#8217;n\u0131n sonuna do\u011fru teslim edilmi\u015f olacak. Bu 4 korvet birlikte bak\u0131ld\u0131\u011f\u0131nda T\u00fcrkiye&#8217;nin toplamda bir kerede yapt\u0131\u011f\u0131 en b\u00fcy\u00fck savunma ihracat\u0131 olarak da kay\u0131tlarda yerini koruyor&#8221; ifadelerini kulland\u0131. <\/p>\n<p>  &#8220;TCG AKH\u0130SAR  ve TCG KO\u00c7H\u0130SAR&#8217;\u0131n seyir testleri devam ediyor&#8221;<br \/>\n  A\u00e7\u0131k deniz gemilerinden birinci ve ikincisi olan TCG AKH\u0130SAR  ve TCG KO\u00c7H\u0130SAR&#8217;I in\u015fa ettiklerini anlatan \u0130lba\u015f, &#8220;\u015eimdi onlar\u0131n da yine seyir testleri devam ediyor. Onlar\u0131 da Deniz Kuvvetleri&#8217;mize teslim ediyoruz. Onun d\u0131\u015f\u0131nda IDEF&#8217;te Savunma Sanayi Ba\u015fkanl\u0131\u011f\u0131 ile imza t\u00f6renimiz vard\u0131. Bunlar\u0131n 7, 8, 9, 10. 4 tanesini daha yine biz ASFAT olarak ana y\u00fcklenicisi olduk. Yeni versiyonuyla yepyeni donan\u0131mlar\u0131yla 4 a\u00e7\u0131k deniz gemisinde ba\u015far\u0131yla yaparak T\u00fcrk Silahl\u0131 Kuvvetleri&#8217;mize, Deniz Kuvvetleri&#8217;mize teslim etmeyi planl\u0131yoruz&#8221; dedi.  <\/p>\n<p>  &#8220;TF-2000&#8217;nin en b\u00fcy\u00fck \u00f6zelli\u011fi Hava Savunma Muhribi olmas\u0131 bar\u0131nd\u0131rd\u0131\u011f\u0131 sistemler s\u00fcrprizlerle dolu&#8221;<br \/>\n  TF-2000 Hava Savunma Muhribi&#8217;nin s\u00fcrprizlerle dolu oldu\u011funu vurgulayan \u0130lba\u015f, &#8220;Bir de TF-2000 projesi var. O da en g\u00fczel proje. Amiral gemisi diyebilece\u011fimiz d\u00fcnyan\u0131n da heyecanla bakt\u0131\u011f\u0131 bir proje. Bizim de heyecanla bakt\u0131\u011f\u0131m\u0131z bu proje. Yine 2 g\u00fcn \u00f6nce IDEF&#8217;te TF-2000&#8217;nin s\u00f6zle\u015fmesini imzalad\u0131k. O projede de biz \u015fimdi faz 2&#8217;yi  imzalad\u0131k. Faz biri zaten y\u00fcr\u00fctm\u00fc\u015ft\u00fck. \u015eimdi de faz 2&#8217;nin s\u00f6zle\u015fmesini yapt\u0131k. Tabi TF-2000&#8217;de fazlardan olu\u015fuyor. 2&#8217;inci faz 1&#8217;inci faza g\u00f6re daha b\u00fcy\u00fck kapasitede. 3, 4 kat daha \u00f6nemli i\u015f paketlerinden olu\u015fuyor. Onu da ba\u015far\u0131yla y\u00fcr\u00fct\u00fcyoruz. TF- 2000  biliyorsunuz \u00e7ok \u00f6zel bir hava savunma muhribi. Dolay\u0131s\u0131yla \u00fczerindeki silah sistemleri, radar sistemleri \u00e7ok \u00f6zel. Bir de \u00e7ok b\u00fcy\u00fck bir gemi. 150 metrelik bir gemiden bahsediyoruz. \u0130n\u015fallah denizler etraf\u0131m\u0131zdaki Mavi Vatan daha da g\u00fcvende olacak bu TF-2000&#8217;le ve di\u011fer gemilerin Deniz  Kuvvetleri&#8217;mize teslim edilmesiyle beraber b\u00f6ylesine \u00f6nemli bir projenin i\u00e7erisinde yer ald\u0131\u011f\u0131m\u0131z i\u00e7in de Milli Savunma Bakanl\u0131\u011f\u0131 ASFAT olarak bizde \u00e7ok gururluyuz. TF-2000&#8217;nin en b\u00fcy\u00fck \u00f6zelli\u011fi Hava Savunma Muhribi olmas\u0131 y\u00fczden onun bar\u0131nd\u0131rd\u0131\u011f\u0131 sistemler s\u00fcrprizlerle dolu ve \u00e7ok \u00f6zel sistemler var. M\u0130LDEN projesinde de  ana y\u00fcklenici olarak  g\u00f6rev yap\u0131yoruz. O da yine \u00fclkemiz i\u00e7in kritik denizalt\u0131 projesidir. O proje i\u00e7erisinde yer al\u0131yoruz&#8221; ifadelerini kulland\u0131. <\/p>\n<p>  &#8220;Yerlilik oranlar\u0131 \u00e7ok y\u00fcksek&#8221;<br \/>\n  Gemilerin bak\u0131m ve onar\u0131m\u0131n\u0131 da yapt\u0131klar\u0131n\u0131 belirten \u0130lba\u015f, &#8220;Havuz projelerimiz var. Denizalt\u0131 havuzu, a\u00e7\u0131k havuz olmak \u00fczere gemilerin bak\u0131mlar\u0131n yap\u0131ld\u0131, havuzlar\u0131 da biz asl\u0131nda in\u015fa ediyoruz. Yani gemiyi \u00fcretmekle kalm\u0131yoruz.  Biz gemilerin bak\u0131m onar\u0131mlar\u0131nda iyile\u015ftirmelerinde yapan bir kurulu\u015fuz. ASBOT&#8217;u dedi\u011fimiz bizim me\u015fhur 12 metre botlar\u0131m\u0131z var.  \u00c7ok kullan\u0131\u015fl\u0131. Sahil G\u00fcvenlikten, jandarmaya, emniyetten \u00e7evreye b\u00fct\u00fcn kurulu\u015flara bu botlardan yap\u0131yoruz ve bu botlar\u0131 \u00e7ok k\u0131sa s\u00fcrede 1, 2  ay gibi k\u0131sa s\u00fcre i\u00e7erisinde hemen \u00fcretip teslim edebiliyoruz . BOTA\u015e&#8217;la da bir ba\u015fka gemi yapt\u0131k, petrol, ya\u011f at\u0131klar\u0131n\u0131 denizleri kirletmi\u015f olan bu at\u0131klar\u0131n temizlenmesi i\u015fini yapan temizleme teknesini de yapt\u0131k. Yani bir taraftan y\u00fczey temizleme ya da deniz temizleme tekneleri yap\u0131yoruz. BOTA\u015e&#8217;la birlikte geli\u015ftirdi\u011fimiz gemi kullan\u0131mda. Bir de y\u00fczey temizleme teknesi \u00c7evre Bakanl\u0131\u011f\u0131 i\u00e7in yapt\u0131k. Yerlilik oranlar\u0131 \u00e7ok y\u00fcksek&#8221; dedi. <\/p>\n<p>27.07.2025                                  <\/p>\n","protected":false},"excerpt":{"rendered":"<p>&#8211; ASFAT Genel M\u00fcd\u00fcr\u00fc Prof. Dr. Mustafa \u0130lba\u015f: &#8211; &#8221; TF-2000&#8217;nin en b\u00fcy\u00fck \u00f6zelli\u011fi Hava Savunma Muhribi olmas\u0131, s\u00fcrprizlerle dolu ve \u00e7ok \u00f6zel sistemler var&#8221; &#8211; &#8221; Mavi Vatan TF-2000&#8217;le daha da g\u00fcvende olacak &#8221; &#8211; &#8220;TCG AKH\u0130SAR ve TCG KO\u00c7H\u0130SAR&#8217;\u0131n seyir testleri devam ediyor&#8221; &#8211; &#8220;Kara\u00e7i&#8217;de ki ilk gemi 2026&#8217;n\u0131n ba\u015f\u0131nda TARIK dedi\u011fimiz son [&hellip;]<\/p>\n","protected":false},"author":1,"featured_media":9722,"comment_status":"open","ping_status":"open","sticky":false,"template":"","format":"standard","meta":{"footnotes":""},"categories":[51],"tags":[],"class_list":["post-9721","post","type-post","status-publish","format-standard","has-post-thumbnail","hentry","category-teknoloji"],"yoast_head":"<!-- This site is optimized with the Yoast SEO plugin v27.4 - https:\/\/yoast.com\/product\/yoast-seo-wordpress\/ -->\n<title>TF-2000 Hava Savunma Harbi Muhribi yerli ve milli \u00f6zel sistemlerle donat\u0131lacak - Memurun Sesi<\/title>\n<meta name=\"robots\" content=\"index, follow, max-snippet:-1, max-image-preview:large, max-video-preview:-1\" \/>\n<link rel=\"canonical\" href=\"https:\/\/memurunsesi.net\/index.php\/2025\/07\/27\/tf-2000-hava-savunma-harbi-muhribi-yerli-ve-milli-ozel-sistemlerle-donatilacak\/\" \/>\n<meta property=\"og:locale\" content=\"tr_TR\" \/>\n<meta property=\"og:type\" content=\"article\" \/>\n<meta property=\"og:title\" content=\"TF-2000 Hava Savunma Harbi Muhribi yerli ve milli \u00f6zel sistemlerle donat\u0131lacak - Memurun Sesi\" \/>\n<meta property=\"og:description\" content=\"&#8211; ASFAT Genel M\u00fcd\u00fcr\u00fc Prof. Dr. Mustafa \u0130lba\u015f: &#8211; &#8221; TF-2000&#8217;nin en b\u00fcy\u00fck \u00f6zelli\u011fi Hava Savunma Muhribi olmas\u0131, s\u00fcrprizlerle dolu ve \u00e7ok \u00f6zel sistemler var&#8221; &#8211; &#8221; Mavi Vatan TF-2000&#8217;le daha da g\u00fcvende olacak &#8221; &#8211; &#8220;TCG AKH\u0130SAR ve TCG KO\u00c7H\u0130SAR&#8217;\u0131n seyir testleri devam ediyor&#8221; &#8211; &#8220;Kara\u00e7i&#8217;de ki ilk gemi 2026&#8217;n\u0131n ba\u015f\u0131nda TARIK dedi\u011fimiz son [&hellip;]\" \/>\n<meta property=\"og:url\" content=\"https:\/\/memurunsesi.net\/index.php\/2025\/07\/27\/tf-2000-hava-savunma-harbi-muhribi-yerli-ve-milli-ozel-sistemlerle-donatilacak\/\" \/>\n<meta property=\"og:site_name\" content=\"Memurun Sesi\" \/>\n<meta property=\"article:publisher\" content=\"https:\/\/www.facebook.com\/unipersen\/?locale=tr_TR\" \/>\n<meta property=\"article:published_time\" content=\"2025-07-27T09:57:18+00:00\" \/>\n<meta property=\"og:image\" content=\"https:\/\/memurunsesi.net\/wp-content\/uploads\/2025\/07\/AW505387_01.jpg\" \/>\n\t<meta property=\"og:image:width\" content=\"800\" \/>\n\t<meta property=\"og:image:height\" content=\"337\" \/>\n\t<meta property=\"og:image:type\" content=\"image\/jpeg\" \/>\n<meta name=\"author\" content=\"Memurun Sesi Haber Merkezi\" \/>\n<meta name=\"twitter:card\" content=\"summary_large_image\" \/>\n<meta name=\"twitter:creator\" content=\"@unipersen\" \/>\n<meta name=\"twitter:site\" content=\"@unipersen\" \/>\n<meta name=\"twitter:label1\" content=\"Yazan:\" \/>\n\t<meta name=\"twitter:data1\" content=\"Memurun Sesi Haber Merkezi\" \/>\n\t<meta name=\"twitter:label2\" content=\"Tahmini okuma s\u00fcresi\" \/>\n\t<meta name=\"twitter:data2\" content=\"1 dakika\" \/>\n<script type=\"application\/ld+json\" class=\"yoast-schema-graph\">{\"@context\":\"https:\\\/\\\/schema.org\",\"@graph\":[{\"@type\":\"Article\",\"@id\":\"https:\\\/\\\/memurunsesi.net\\\/index.php\\\/2025\\\/07\\\/27\\\/tf-2000-hava-savunma-harbi-muhribi-yerli-ve-milli-ozel-sistemlerle-donatilacak\\\/#article\",\"isPartOf\":{\"@id\":\"https:\\\/\\\/memurunsesi.net\\\/index.php\\\/2025\\\/07\\\/27\\\/tf-2000-hava-savunma-harbi-muhribi-yerli-ve-milli-ozel-sistemlerle-donatilacak\\\/\"},\"author\":{\"name\":\"Memurun Sesi Haber Merkezi\",\"@id\":\"https:\\\/\\\/memurunsesi.net\\\/#\\\/schema\\\/person\\\/f21c2d73b89f6ee1d80b0a1803e38587\"},\"headline\":\"TF-2000 Hava Savunma Harbi Muhribi yerli ve milli \u00f6zel sistemlerle donat\u0131lacak\",\"datePublished\":\"2025-07-27T09:57:18+00:00\",\"mainEntityOfPage\":{\"@id\":\"https:\\\/\\\/memurunsesi.net\\\/index.php\\\/2025\\\/07\\\/27\\\/tf-2000-hava-savunma-harbi-muhribi-yerli-ve-milli-ozel-sistemlerle-donatilacak\\\/\"},\"wordCount\":1134,\"commentCount\":0,\"publisher\":{\"@id\":\"https:\\\/\\\/memurunsesi.net\\\/#organization\"},\"image\":{\"@id\":\"https:\\\/\\\/memurunsesi.net\\\/index.php\\\/2025\\\/07\\\/27\\\/tf-2000-hava-savunma-harbi-muhribi-yerli-ve-milli-ozel-sistemlerle-donatilacak\\\/#primaryimage\"},\"thumbnailUrl\":\"https:\\\/\\\/memurunsesi.net\\\/wp-content\\\/uploads\\\/2025\\\/07\\\/AW505387_01.jpg\",\"articleSection\":[\"Teknoloji\"],\"inLanguage\":\"tr\",\"potentialAction\":[{\"@type\":\"CommentAction\",\"name\":\"Comment\",\"target\":[\"https:\\\/\\\/memurunsesi.net\\\/index.php\\\/2025\\\/07\\\/27\\\/tf-2000-hava-savunma-harbi-muhribi-yerli-ve-milli-ozel-sistemlerle-donatilacak\\\/#respond\"]}]},{\"@type\":\"WebPage\",\"@id\":\"https:\\\/\\\/memurunsesi.net\\\/index.php\\\/2025\\\/07\\\/27\\\/tf-2000-hava-savunma-harbi-muhribi-yerli-ve-milli-ozel-sistemlerle-donatilacak\\\/\",\"url\":\"https:\\\/\\\/memurunsesi.net\\\/index.php\\\/2025\\\/07\\\/27\\\/tf-2000-hava-savunma-harbi-muhribi-yerli-ve-milli-ozel-sistemlerle-donatilacak\\\/\",\"name\":\"TF-2000 Hava Savunma Harbi Muhribi yerli ve milli \u00f6zel sistemlerle donat\u0131lacak - Memurun Sesi\",\"isPartOf\":{\"@id\":\"https:\\\/\\\/memurunsesi.net\\\/#website\"},\"primaryImageOfPage\":{\"@id\":\"https:\\\/\\\/memurunsesi.net\\\/index.php\\\/2025\\\/07\\\/27\\\/tf-2000-hava-savunma-harbi-muhribi-yerli-ve-milli-ozel-sistemlerle-donatilacak\\\/#primaryimage\"},\"image\":{\"@id\":\"https:\\\/\\\/memurunsesi.net\\\/index.php\\\/2025\\\/07\\\/27\\\/tf-2000-hava-savunma-harbi-muhribi-yerli-ve-milli-ozel-sistemlerle-donatilacak\\\/#primaryimage\"},\"thumbnailUrl\":\"https:\\\/\\\/memurunsesi.net\\\/wp-content\\\/uploads\\\/2025\\\/07\\\/AW505387_01.jpg\",\"datePublished\":\"2025-07-27T09:57:18+00:00\",\"breadcrumb\":{\"@id\":\"https:\\\/\\\/memurunsesi.net\\\/index.php\\\/2025\\\/07\\\/27\\\/tf-2000-hava-savunma-harbi-muhribi-yerli-ve-milli-ozel-sistemlerle-donatilacak\\\/#breadcrumb\"},\"inLanguage\":\"tr\",\"potentialAction\":[{\"@type\":\"ReadAction\",\"target\":[\"https:\\\/\\\/memurunsesi.net\\\/index.php\\\/2025\\\/07\\\/27\\\/tf-2000-hava-savunma-harbi-muhribi-yerli-ve-milli-ozel-sistemlerle-donatilacak\\\/\"]}]},{\"@type\":\"ImageObject\",\"inLanguage\":\"tr\",\"@id\":\"https:\\\/\\\/memurunsesi.net\\\/index.php\\\/2025\\\/07\\\/27\\\/tf-2000-hava-savunma-harbi-muhribi-yerli-ve-milli-ozel-sistemlerle-donatilacak\\\/#primaryimage\",\"url\":\"https:\\\/\\\/memurunsesi.net\\\/wp-content\\\/uploads\\\/2025\\\/07\\\/AW505387_01.jpg\",\"contentUrl\":\"https:\\\/\\\/memurunsesi.net\\\/wp-content\\\/uploads\\\/2025\\\/07\\\/AW505387_01.jpg\",\"width\":800,\"height\":337,\"caption\":\"TF-2000 HAVA SAVUNMA HARB\u0130 MUHR\u0130B\u0130 YERL\u0130 VE M\u0130LL\u0130 \u00d6ZEL S\u0130STEMLERLE DONATILACAK (\\\/\u0130STANBUL-\u0130HA) Deniz platformlar\u0131, M\u0130LGEM, M\u0130LDEN projesi ve TF-2000 Hava Savunma Harbi Muhribi hakk\u0131nda bilgi veren ASFAT Genel M\u00fcd\u00fcr\u00fc Prof. Dr. Mustafa \u0130lba\u015f, \\\"Pakistan'a 4 M\u0130LGEM korveti yap\u0131yoruz. Bunlardan birincisini ge\u00e7en y\u0131l teslim ettik. \u015euan Pakistan da kullan\u0131l\u0131yor. Onun ad\u0131 BAB\u00dcR. HAYBER'i de bu sene 1, 2 ay i\u00e7erisinde de teslim edece\u011fiz. TCG AKH\u0130SAR ve TCG KO\u00c7H\u0130SAR'\u0131n seyir testleri devam ediyor. TF-2000'nin en b\u00fcy\u00fck \u00f6zelli\u011fi Hava Savunma Muhribi olmas\u0131, onun bar\u0131nd\u0131rd\u0131\u011f\u0131 sistemler s\u00fcrprizlerle dolu ve \u00e7ok \u00f6zel sistemler var. Mavi vatan TF-2000'le daha da g\u00fcvende olacak\\\"dedi.\"},{\"@type\":\"BreadcrumbList\",\"@id\":\"https:\\\/\\\/memurunsesi.net\\\/index.php\\\/2025\\\/07\\\/27\\\/tf-2000-hava-savunma-harbi-muhribi-yerli-ve-milli-ozel-sistemlerle-donatilacak\\\/#breadcrumb\",\"itemListElement\":[{\"@type\":\"ListItem\",\"position\":1,\"name\":\"Anasayfa\",\"item\":\"https:\\\/\\\/memurunsesi.net\\\/\"},{\"@type\":\"ListItem\",\"position\":2,\"name\":\"TF-2000 Hava Savunma Harbi Muhribi yerli ve milli \u00f6zel sistemlerle donat\u0131lacak\"}]},{\"@type\":\"WebSite\",\"@id\":\"https:\\\/\\\/memurunsesi.net\\\/#website\",\"url\":\"https:\\\/\\\/memurunsesi.net\\\/\",\"name\":\"Memurun Sesi\",\"description\":\"G\u00fcncel ve Do\u011fru Haber\",\"publisher\":{\"@id\":\"https:\\\/\\\/memurunsesi.net\\\/#organization\"},\"potentialAction\":[{\"@type\":\"SearchAction\",\"target\":{\"@type\":\"EntryPoint\",\"urlTemplate\":\"https:\\\/\\\/memurunsesi.net\\\/?s={search_term_string}\"},\"query-input\":{\"@type\":\"PropertyValueSpecification\",\"valueRequired\":true,\"valueName\":\"search_term_string\"}}],\"inLanguage\":\"tr\"},{\"@type\":\"Organization\",\"@id\":\"https:\\\/\\\/memurunsesi.net\\\/#organization\",\"name\":\"Memurun Sesi\",\"url\":\"https:\\\/\\\/memurunsesi.net\\\/\",\"logo\":{\"@type\":\"ImageObject\",\"inLanguage\":\"tr\",\"@id\":\"https:\\\/\\\/memurunsesi.net\\\/#\\\/schema\\\/logo\\\/image\\\/\",\"url\":\"https:\\\/\\\/memurunsesi.net\\\/wp-content\\\/uploads\\\/2025\\\/11\\\/cropped-MEMURUN-SESI.png\",\"contentUrl\":\"https:\\\/\\\/memurunsesi.net\\\/wp-content\\\/uploads\\\/2025\\\/11\\\/cropped-MEMURUN-SESI.png\",\"width\":238,\"height\":57,\"caption\":\"Memurun Sesi\"},\"image\":{\"@id\":\"https:\\\/\\\/memurunsesi.net\\\/#\\\/schema\\\/logo\\\/image\\\/\"},\"sameAs\":[\"https:\\\/\\\/www.facebook.com\\\/unipersen\\\/?locale=tr_TR\",\"https:\\\/\\\/x.com\\\/unipersen\"]},{\"@type\":\"Person\",\"@id\":\"https:\\\/\\\/memurunsesi.net\\\/#\\\/schema\\\/person\\\/f21c2d73b89f6ee1d80b0a1803e38587\",\"name\":\"Memurun Sesi Haber Merkezi\",\"image\":{\"@type\":\"ImageObject\",\"inLanguage\":\"tr\",\"@id\":\"https:\\\/\\\/secure.gravatar.com\\\/avatar\\\/6cf0505f452ee753f485014986fab09a434671d2b919ee76fc541025c5876a70?s=96&d=mm&r=g\",\"url\":\"https:\\\/\\\/secure.gravatar.com\\\/avatar\\\/6cf0505f452ee753f485014986fab09a434671d2b919ee76fc541025c5876a70?s=96&d=mm&r=g\",\"contentUrl\":\"https:\\\/\\\/secure.gravatar.com\\\/avatar\\\/6cf0505f452ee753f485014986fab09a434671d2b919ee76fc541025c5876a70?s=96&d=mm&r=g\",\"caption\":\"Memurun Sesi Haber Merkezi\"},\"sameAs\":[\"https:\\\/\\\/memurunsesi.net\"],\"url\":\"https:\\\/\\\/memurunsesi.net\\\/index.php\\\/author\\\/uniper\\\/\"}]}<\/script>\n<!-- \/ Yoast SEO plugin. -->","yoast_head_json":{"title":"TF-2000 Hava Savunma Harbi Muhribi yerli ve milli \u00f6zel sistemlerle donat\u0131lacak - Memurun Sesi","robots":{"index":"index","follow":"follow","max-snippet":"max-snippet:-1","max-image-preview":"max-image-preview:large","max-video-preview":"max-video-preview:-1"},"canonical":"https:\/\/memurunsesi.net\/index.php\/2025\/07\/27\/tf-2000-hava-savunma-harbi-muhribi-yerli-ve-milli-ozel-sistemlerle-donatilacak\/","og_locale":"tr_TR","og_type":"article","og_title":"TF-2000 Hava Savunma Harbi Muhribi yerli ve milli \u00f6zel sistemlerle donat\u0131lacak - Memurun Sesi","og_description":"&#8211; ASFAT Genel M\u00fcd\u00fcr\u00fc Prof. Dr. Mustafa \u0130lba\u015f: &#8211; &#8221; TF-2000&#8217;nin en b\u00fcy\u00fck \u00f6zelli\u011fi Hava Savunma Muhribi olmas\u0131, s\u00fcrprizlerle dolu ve \u00e7ok \u00f6zel sistemler var&#8221; &#8211; &#8221; Mavi Vatan TF-2000&#8217;le daha da g\u00fcvende olacak &#8221; &#8211; &#8220;TCG AKH\u0130SAR ve TCG KO\u00c7H\u0130SAR&#8217;\u0131n seyir testleri devam ediyor&#8221; &#8211; &#8220;Kara\u00e7i&#8217;de ki ilk gemi 2026&#8217;n\u0131n ba\u015f\u0131nda TARIK dedi\u011fimiz son [&hellip;]","og_url":"https:\/\/memurunsesi.net\/index.php\/2025\/07\/27\/tf-2000-hava-savunma-harbi-muhribi-yerli-ve-milli-ozel-sistemlerle-donatilacak\/","og_site_name":"Memurun Sesi","article_publisher":"https:\/\/www.facebook.com\/unipersen\/?locale=tr_TR","article_published_time":"2025-07-27T09:57:18+00:00","og_image":[{"width":800,"height":337,"url":"https:\/\/memurunsesi.net\/wp-content\/uploads\/2025\/07\/AW505387_01.jpg","type":"image\/jpeg"}],"author":"Memurun Sesi Haber Merkezi","twitter_card":"summary_large_image","twitter_creator":"@unipersen","twitter_site":"@unipersen","twitter_misc":{"Yazan:":"Memurun Sesi Haber Merkezi","Tahmini okuma s\u00fcresi":"1 dakika"},"schema":{"@context":"https:\/\/schema.org","@graph":[{"@type":"Article","@id":"https:\/\/memurunsesi.net\/index.php\/2025\/07\/27\/tf-2000-hava-savunma-harbi-muhribi-yerli-ve-milli-ozel-sistemlerle-donatilacak\/#article","isPartOf":{"@id":"https:\/\/memurunsesi.net\/index.php\/2025\/07\/27\/tf-2000-hava-savunma-harbi-muhribi-yerli-ve-milli-ozel-sistemlerle-donatilacak\/"},"author":{"name":"Memurun Sesi Haber Merkezi","@id":"https:\/\/memurunsesi.net\/#\/schema\/person\/f21c2d73b89f6ee1d80b0a1803e38587"},"headline":"TF-2000 Hava Savunma Harbi Muhribi yerli ve milli \u00f6zel sistemlerle donat\u0131lacak","datePublished":"2025-07-27T09:57:18+00:00","mainEntityOfPage":{"@id":"https:\/\/memurunsesi.net\/index.php\/2025\/07\/27\/tf-2000-hava-savunma-harbi-muhribi-yerli-ve-milli-ozel-sistemlerle-donatilacak\/"},"wordCount":1134,"commentCount":0,"publisher":{"@id":"https:\/\/memurunsesi.net\/#organization"},"image":{"@id":"https:\/\/memurunsesi.net\/index.php\/2025\/07\/27\/tf-2000-hava-savunma-harbi-muhribi-yerli-ve-milli-ozel-sistemlerle-donatilacak\/#primaryimage"},"thumbnailUrl":"https:\/\/memurunsesi.net\/wp-content\/uploads\/2025\/07\/AW505387_01.jpg","articleSection":["Teknoloji"],"inLanguage":"tr","potentialAction":[{"@type":"CommentAction","name":"Comment","target":["https:\/\/memurunsesi.net\/index.php\/2025\/07\/27\/tf-2000-hava-savunma-harbi-muhribi-yerli-ve-milli-ozel-sistemlerle-donatilacak\/#respond"]}]},{"@type":"WebPage","@id":"https:\/\/memurunsesi.net\/index.php\/2025\/07\/27\/tf-2000-hava-savunma-harbi-muhribi-yerli-ve-milli-ozel-sistemlerle-donatilacak\/","url":"https:\/\/memurunsesi.net\/index.php\/2025\/07\/27\/tf-2000-hava-savunma-harbi-muhribi-yerli-ve-milli-ozel-sistemlerle-donatilacak\/","name":"TF-2000 Hava Savunma Harbi Muhribi yerli ve milli \u00f6zel sistemlerle donat\u0131lacak - Memurun Sesi","isPartOf":{"@id":"https:\/\/memurunsesi.net\/#website"},"primaryImageOfPage":{"@id":"https:\/\/memurunsesi.net\/index.php\/2025\/07\/27\/tf-2000-hava-savunma-harbi-muhribi-yerli-ve-milli-ozel-sistemlerle-donatilacak\/#primaryimage"},"image":{"@id":"https:\/\/memurunsesi.net\/index.php\/2025\/07\/27\/tf-2000-hava-savunma-harbi-muhribi-yerli-ve-milli-ozel-sistemlerle-donatilacak\/#primaryimage"},"thumbnailUrl":"https:\/\/memurunsesi.net\/wp-content\/uploads\/2025\/07\/AW505387_01.jpg","datePublished":"2025-07-27T09:57:18+00:00","breadcrumb":{"@id":"https:\/\/memurunsesi.net\/index.php\/2025\/07\/27\/tf-2000-hava-savunma-harbi-muhribi-yerli-ve-milli-ozel-sistemlerle-donatilacak\/#breadcrumb"},"inLanguage":"tr","potentialAction":[{"@type":"ReadAction","target":["https:\/\/memurunsesi.net\/index.php\/2025\/07\/27\/tf-2000-hava-savunma-harbi-muhribi-yerli-ve-milli-ozel-sistemlerle-donatilacak\/"]}]},{"@type":"ImageObject","inLanguage":"tr","@id":"https:\/\/memurunsesi.net\/index.php\/2025\/07\/27\/tf-2000-hava-savunma-harbi-muhribi-yerli-ve-milli-ozel-sistemlerle-donatilacak\/#primaryimage","url":"https:\/\/memurunsesi.net\/wp-content\/uploads\/2025\/07\/AW505387_01.jpg","contentUrl":"https:\/\/memurunsesi.net\/wp-content\/uploads\/2025\/07\/AW505387_01.jpg","width":800,"height":337,"caption":"TF-2000 HAVA SAVUNMA HARB\u0130 MUHR\u0130B\u0130 YERL\u0130 VE M\u0130LL\u0130 \u00d6ZEL S\u0130STEMLERLE DONATILACAK (\/\u0130STANBUL-\u0130HA) Deniz platformlar\u0131, M\u0130LGEM, M\u0130LDEN projesi ve TF-2000 Hava Savunma Harbi Muhribi hakk\u0131nda bilgi veren ASFAT Genel M\u00fcd\u00fcr\u00fc Prof. Dr. Mustafa \u0130lba\u015f, \"Pakistan'a 4 M\u0130LGEM korveti yap\u0131yoruz. Bunlardan birincisini ge\u00e7en y\u0131l teslim ettik. \u015euan Pakistan da kullan\u0131l\u0131yor. Onun ad\u0131 BAB\u00dcR. HAYBER'i de bu sene 1, 2 ay i\u00e7erisinde de teslim edece\u011fiz. TCG AKH\u0130SAR ve TCG KO\u00c7H\u0130SAR'\u0131n seyir testleri devam ediyor. TF-2000'nin en b\u00fcy\u00fck \u00f6zelli\u011fi Hava Savunma Muhribi olmas\u0131, onun bar\u0131nd\u0131rd\u0131\u011f\u0131 sistemler s\u00fcrprizlerle dolu ve \u00e7ok \u00f6zel sistemler var. Mavi vatan TF-2000'le daha da g\u00fcvende olacak\"dedi."},{"@type":"BreadcrumbList","@id":"https:\/\/memurunsesi.net\/index.php\/2025\/07\/27\/tf-2000-hava-savunma-harbi-muhribi-yerli-ve-milli-ozel-sistemlerle-donatilacak\/#breadcrumb","itemListElement":[{"@type":"ListItem","position":1,"name":"Anasayfa","item":"https:\/\/memurunsesi.net\/"},{"@type":"ListItem","position":2,"name":"TF-2000 Hava Savunma Harbi Muhribi yerli ve milli \u00f6zel sistemlerle donat\u0131lacak"}]},{"@type":"WebSite","@id":"https:\/\/memurunsesi.net\/#website","url":"https:\/\/memurunsesi.net\/","name":"Memurun Sesi","description":"G\u00fcncel ve Do\u011fru Haber","publisher":{"@id":"https:\/\/memurunsesi.net\/#organization"},"potentialAction":[{"@type":"SearchAction","target":{"@type":"EntryPoint","urlTemplate":"https:\/\/memurunsesi.net\/?s={search_term_string}"},"query-input":{"@type":"PropertyValueSpecification","valueRequired":true,"valueName":"search_term_string"}}],"inLanguage":"tr"},{"@type":"Organization","@id":"https:\/\/memurunsesi.net\/#organization","name":"Memurun Sesi","url":"https:\/\/memurunsesi.net\/","logo":{"@type":"ImageObject","inLanguage":"tr","@id":"https:\/\/memurunsesi.net\/#\/schema\/logo\/image\/","url":"https:\/\/memurunsesi.net\/wp-content\/uploads\/2025\/11\/cropped-MEMURUN-SESI.png","contentUrl":"https:\/\/memurunsesi.net\/wp-content\/uploads\/2025\/11\/cropped-MEMURUN-SESI.png","width":238,"height":57,"caption":"Memurun Sesi"},"image":{"@id":"https:\/\/memurunsesi.net\/#\/schema\/logo\/image\/"},"sameAs":["https:\/\/www.facebook.com\/unipersen\/?locale=tr_TR","https:\/\/x.com\/unipersen"]},{"@type":"Person","@id":"https:\/\/memurunsesi.net\/#\/schema\/person\/f21c2d73b89f6ee1d80b0a1803e38587","name":"Memurun Sesi Haber Merkezi","image":{"@type":"ImageObject","inLanguage":"tr","@id":"https:\/\/secure.gravatar.com\/avatar\/6cf0505f452ee753f485014986fab09a434671d2b919ee76fc541025c5876a70?s=96&d=mm&r=g","url":"https:\/\/secure.gravatar.com\/avatar\/6cf0505f452ee753f485014986fab09a434671d2b919ee76fc541025c5876a70?s=96&d=mm&r=g","contentUrl":"https:\/\/secure.gravatar.com\/avatar\/6cf0505f452ee753f485014986fab09a434671d2b919ee76fc541025c5876a70?s=96&d=mm&r=g","caption":"Memurun Sesi Haber Merkezi"},"sameAs":["https:\/\/memurunsesi.net"],"url":"https:\/\/memurunsesi.net\/index.php\/author\/uniper\/"}]}},"_links":{"self":[{"href":"https:\/\/memurunsesi.net\/index.php\/wp-json\/wp\/v2\/posts\/9721","targetHints":{"allow":["GET"]}}],"collection":[{"href":"https:\/\/memurunsesi.net\/index.php\/wp-json\/wp\/v2\/posts"}],"about":[{"href":"https:\/\/memurunsesi.net\/index.php\/wp-json\/wp\/v2\/types\/post"}],"author":[{"embeddable":true,"href":"https:\/\/memurunsesi.net\/index.php\/wp-json\/wp\/v2\/users\/1"}],"replies":[{"embeddable":true,"href":"https:\/\/memurunsesi.net\/index.php\/wp-json\/wp\/v2\/comments?post=9721"}],"version-history":[{"count":1,"href":"https:\/\/memurunsesi.net\/index.php\/wp-json\/wp\/v2\/posts\/9721\/revisions"}],"predecessor-version":[{"id":9723,"href":"https:\/\/memurunsesi.net\/index.php\/wp-json\/wp\/v2\/posts\/9721\/revisions\/9723"}],"wp:featuredmedia":[{"embeddable":true,"href":"https:\/\/memurunsesi.net\/index.php\/wp-json\/wp\/v2\/media\/9722"}],"wp:attachment":[{"href":"https:\/\/memurunsesi.net\/index.php\/wp-json\/wp\/v2\/media?parent=9721"}],"wp:term":[{"taxonomy":"category","embeddable":true,"href":"https:\/\/memurunsesi.net\/index.php\/wp-json\/wp\/v2\/categories?post=9721"},{"taxonomy":"post_tag","embeddable":true,"href":"https:\/\/memurunsesi.net\/index.php\/wp-json\/wp\/v2\/tags?post=9721"}],"curies":[{"name":"wp","href":"https:\/\/api.w.org\/{rel}","templated":true}]}}