{"id":9727,"date":"2025-07-27T12:59:52","date_gmt":"2025-07-27T09:59:52","guid":{"rendered":"https:\/\/memurunsesi.net\/?p=9727"},"modified":"2025-07-27T12:59:52","modified_gmt":"2025-07-27T09:59:52","slug":"komsusunun-odunlugunun-yanisini-goren-yasli-kadin-panikleyip-bayginlik-gecirdi","status":"publish","type":"post","link":"https:\/\/memurunsesi.net\/index.php\/2025\/07\/27\/komsusunun-odunlugunun-yanisini-goren-yasli-kadin-panikleyip-bayginlik-gecirdi\/","title":{"rendered":"Kom\u015fusunun odunlu\u011funun yan\u0131\u015f\u0131n\u0131 g\u00f6ren ya\u015fl\u0131 kad\u0131n panikleyip bayg\u0131nl\u0131k ge\u00e7irdi"},"content":{"rendered":"<p> &#8211; Isparta\u2019da ah\u015fap odunlukta \u00e7\u0131kan yang\u0131nda 1 ki\u015fi yaraland\u0131   <\/p>\n<p>  Isparta\u2019n\u0131n Yalva\u00e7 il\u00e7esinde bir evin odunlu\u011funda \u00e7\u0131kan yang\u0131n korku dolu anlara neden oldu. Kom\u015fusunun odunlu\u011funun yand\u0131\u011f\u0131n\u0131 g\u00f6ren ya\u015fl\u0131 kad\u0131n panikleyip g\u00f6zya\u015flar\u0131na bo\u011fularak bayg\u0131nl\u0131k ge\u00e7irirken, yang\u0131na m\u00fcdahale eden kep\u00e7e operat\u00f6r\u00fc hafif \u015fekilde yaraland\u0131.<br \/>\n  Yang\u0131n, Yalva\u00e7 il\u00e7esine ba\u011fl\u0131 \u00d6zbayat k\u00f6y\u00fc Kuzyaka mevkiinde meydana geldi. Edinilen bilgiye g\u00f6re, H\u00fcdaverdi K.\u2019ya ait 2 katl\u0131 ah\u015fap odunluk ve depoda hen\u00fcz bilinmeyen bir nedenle yang\u0131n \u00e7\u0131kt\u0131. Dumanlar\u0131 fark eden vatanda\u015flar\u0131n ihbar\u0131 \u00fczerine b\u00f6lgeye itfaiye, sa\u011fl\u0131k, jandarma ekipleri ile \u00e7evre k\u00f6ylerden su tankerleri sevk edildi. Olay yerine gelen itfaiye ekiplerinin m\u00fcdahalesiyle yang\u0131n k\u0131sa s\u00fcrede kontrol alt\u0131na al\u0131nd\u0131. Yang\u0131na kep\u00e7eyle m\u00fcdahale eden operat\u00f6r Enes G. hafif \u015fekilde yaralan\u0131rken, olay yerindeki sa\u011fl\u0131k ekipleri taraf\u0131ndan ayakta tedavi edildi. <\/p>\n<p>  Kom\u015fusunun odunlu\u011funun yan\u0131\u015f\u0131n\u0131 g\u00f6ren ya\u015fl\u0131 kad\u0131n panikleyip bayg\u0131nl\u0131k ge\u00e7irdi<br \/>\n  \u00d6te yandan, odunlu\u011fun tamamen yanarak k\u00fcle d\u00f6nd\u00fc\u011f\u00fcn\u00fc g\u00f6ren ya\u015fl\u0131 kom\u015fu panikleyip g\u00f6zya\u015flar\u0131na bo\u011fularak olay yerinde bayg\u0131nl\u0131k ge\u00e7irdi. Sa\u011fl\u0131k ekiplerinin m\u00fcdahale etti\u011fi kad\u0131n, uzun s\u00fcre sakinle\u015ftirilmeye \u00e7al\u0131\u015f\u0131ld\u0131. Yang\u0131n\u0131n \u00e7\u0131k\u0131\u015f nedenine ili\u015fkin jandarma ve itfaiye ekipleri taraf\u0131ndan inceleme ba\u015flat\u0131ld\u0131. <\/p>\n<p>27.07.2025                                 <\/p>\n","protected":false},"excerpt":{"rendered":"<p>&#8211; Isparta\u2019da ah\u015fap odunlukta \u00e7\u0131kan yang\u0131nda 1 ki\u015fi yaraland\u0131 Isparta\u2019n\u0131n Yalva\u00e7 il\u00e7esinde bir evin odunlu\u011funda \u00e7\u0131kan yang\u0131n korku dolu anlara neden oldu. Kom\u015fusunun odunlu\u011funun yand\u0131\u011f\u0131n\u0131 g\u00f6ren ya\u015fl\u0131 kad\u0131n panikleyip g\u00f6zya\u015flar\u0131na bo\u011fularak bayg\u0131nl\u0131k ge\u00e7irirken, yang\u0131na m\u00fcdahale eden kep\u00e7e operat\u00f6r\u00fc hafif \u015fekilde yaraland\u0131. Yang\u0131n, Yalva\u00e7 il\u00e7esine ba\u011fl\u0131 \u00d6zbayat k\u00f6y\u00fc Kuzyaka mevkiinde meydana geldi. Edinilen bilgiye g\u00f6re, H\u00fcdaverdi [&hellip;]<\/p>\n","protected":false},"author":1,"featured_media":9728,"comment_status":"open","ping_status":"open","sticky":false,"template":"","format":"standard","meta":{"footnotes":""},"categories":[1],"tags":[],"class_list":["post-9727","post","type-post","status-publish","format-standard","has-post-thumbnail","hentry","category-genel"],"yoast_head":"<!-- This site is optimized with the Yoast SEO plugin v27.4 - https:\/\/yoast.com\/product\/yoast-seo-wordpress\/ -->\n<title>Kom\u015fusunun odunlu\u011funun yan\u0131\u015f\u0131n\u0131 g\u00f6ren ya\u015fl\u0131 kad\u0131n panikleyip bayg\u0131nl\u0131k ge\u00e7irdi - Memurun Sesi<\/title>\n<meta name=\"robots\" content=\"index, follow, max-snippet:-1, max-image-preview:large, max-video-preview:-1\" \/>\n<link rel=\"canonical\" href=\"https:\/\/memurunsesi.net\/index.php\/2025\/07\/27\/komsusunun-odunlugunun-yanisini-goren-yasli-kadin-panikleyip-bayginlik-gecirdi\/\" \/>\n<meta property=\"og:locale\" content=\"tr_TR\" \/>\n<meta property=\"og:type\" content=\"article\" \/>\n<meta property=\"og:title\" content=\"Kom\u015fusunun odunlu\u011funun yan\u0131\u015f\u0131n\u0131 g\u00f6ren ya\u015fl\u0131 kad\u0131n panikleyip bayg\u0131nl\u0131k ge\u00e7irdi - Memurun Sesi\" \/>\n<meta property=\"og:description\" content=\"&#8211; Isparta\u2019da ah\u015fap odunlukta \u00e7\u0131kan yang\u0131nda 1 ki\u015fi yaraland\u0131 Isparta\u2019n\u0131n Yalva\u00e7 il\u00e7esinde bir evin odunlu\u011funda \u00e7\u0131kan yang\u0131n korku dolu anlara neden oldu. Kom\u015fusunun odunlu\u011funun yand\u0131\u011f\u0131n\u0131 g\u00f6ren ya\u015fl\u0131 kad\u0131n panikleyip g\u00f6zya\u015flar\u0131na bo\u011fularak bayg\u0131nl\u0131k ge\u00e7irirken, yang\u0131na m\u00fcdahale eden kep\u00e7e operat\u00f6r\u00fc hafif \u015fekilde yaraland\u0131. Yang\u0131n, Yalva\u00e7 il\u00e7esine ba\u011fl\u0131 \u00d6zbayat k\u00f6y\u00fc Kuzyaka mevkiinde meydana geldi. Edinilen bilgiye g\u00f6re, H\u00fcdaverdi [&hellip;]\" \/>\n<meta property=\"og:url\" content=\"https:\/\/memurunsesi.net\/index.php\/2025\/07\/27\/komsusunun-odunlugunun-yanisini-goren-yasli-kadin-panikleyip-bayginlik-gecirdi\/\" \/>\n<meta property=\"og:site_name\" content=\"Memurun Sesi\" \/>\n<meta property=\"article:publisher\" content=\"https:\/\/www.facebook.com\/unipersen\/?locale=tr_TR\" \/>\n<meta property=\"article:published_time\" content=\"2025-07-27T09:59:52+00:00\" \/>\n<meta property=\"og:image\" content=\"https:\/\/memurunsesi.net\/wp-content\/uploads\/2025\/07\/AW505380_01-5.jpg\" \/>\n\t<meta property=\"og:image:width\" content=\"1280\" \/>\n\t<meta property=\"og:image:height\" content=\"720\" \/>\n\t<meta property=\"og:image:type\" content=\"image\/jpeg\" \/>\n<meta name=\"author\" content=\"Memurun Sesi Haber Merkezi\" \/>\n<meta name=\"twitter:card\" content=\"summary_large_image\" \/>\n<meta name=\"twitter:creator\" content=\"@unipersen\" \/>\n<meta name=\"twitter:site\" content=\"@unipersen\" \/>\n<meta name=\"twitter:label1\" content=\"Yazan:\" \/>\n\t<meta name=\"twitter:data1\" content=\"Memurun Sesi Haber Merkezi\" \/>\n\t<meta name=\"twitter:label2\" content=\"Tahmini okuma s\u00fcresi\" \/>\n\t<meta name=\"twitter:data2\" content=\"1 dakika\" \/>\n<script type=\"application\/ld+json\" class=\"yoast-schema-graph\">{\"@context\":\"https:\\\/\\\/schema.org\",\"@graph\":[{\"@type\":\"Article\",\"@id\":\"https:\\\/\\\/memurunsesi.net\\\/index.php\\\/2025\\\/07\\\/27\\\/komsusunun-odunlugunun-yanisini-goren-yasli-kadin-panikleyip-bayginlik-gecirdi\\\/#article\",\"isPartOf\":{\"@id\":\"https:\\\/\\\/memurunsesi.net\\\/index.php\\\/2025\\\/07\\\/27\\\/komsusunun-odunlugunun-yanisini-goren-yasli-kadin-panikleyip-bayginlik-gecirdi\\\/\"},\"author\":{\"name\":\"Memurun Sesi Haber Merkezi\",\"@id\":\"https:\\\/\\\/memurunsesi.net\\\/#\\\/schema\\\/person\\\/f21c2d73b89f6ee1d80b0a1803e38587\"},\"headline\":\"Kom\u015fusunun odunlu\u011funun yan\u0131\u015f\u0131n\u0131 g\u00f6ren ya\u015fl\u0131 kad\u0131n panikleyip bayg\u0131nl\u0131k ge\u00e7irdi\",\"datePublished\":\"2025-07-27T09:59:52+00:00\",\"mainEntityOfPage\":{\"@id\":\"https:\\\/\\\/memurunsesi.net\\\/index.php\\\/2025\\\/07\\\/27\\\/komsusunun-odunlugunun-yanisini-goren-yasli-kadin-panikleyip-bayginlik-gecirdi\\\/\"},\"wordCount\":272,\"commentCount\":0,\"publisher\":{\"@id\":\"https:\\\/\\\/memurunsesi.net\\\/#organization\"},\"image\":{\"@id\":\"https:\\\/\\\/memurunsesi.net\\\/index.php\\\/2025\\\/07\\\/27\\\/komsusunun-odunlugunun-yanisini-goren-yasli-kadin-panikleyip-bayginlik-gecirdi\\\/#primaryimage\"},\"thumbnailUrl\":\"https:\\\/\\\/memurunsesi.net\\\/wp-content\\\/uploads\\\/2025\\\/07\\\/AW505380_01-5.jpg\",\"inLanguage\":\"tr\",\"potentialAction\":[{\"@type\":\"CommentAction\",\"name\":\"Comment\",\"target\":[\"https:\\\/\\\/memurunsesi.net\\\/index.php\\\/2025\\\/07\\\/27\\\/komsusunun-odunlugunun-yanisini-goren-yasli-kadin-panikleyip-bayginlik-gecirdi\\\/#respond\"]}]},{\"@type\":\"WebPage\",\"@id\":\"https:\\\/\\\/memurunsesi.net\\\/index.php\\\/2025\\\/07\\\/27\\\/komsusunun-odunlugunun-yanisini-goren-yasli-kadin-panikleyip-bayginlik-gecirdi\\\/\",\"url\":\"https:\\\/\\\/memurunsesi.net\\\/index.php\\\/2025\\\/07\\\/27\\\/komsusunun-odunlugunun-yanisini-goren-yasli-kadin-panikleyip-bayginlik-gecirdi\\\/\",\"name\":\"Kom\u015fusunun odunlu\u011funun yan\u0131\u015f\u0131n\u0131 g\u00f6ren ya\u015fl\u0131 kad\u0131n panikleyip bayg\u0131nl\u0131k ge\u00e7irdi - Memurun Sesi\",\"isPartOf\":{\"@id\":\"https:\\\/\\\/memurunsesi.net\\\/#website\"},\"primaryImageOfPage\":{\"@id\":\"https:\\\/\\\/memurunsesi.net\\\/index.php\\\/2025\\\/07\\\/27\\\/komsusunun-odunlugunun-yanisini-goren-yasli-kadin-panikleyip-bayginlik-gecirdi\\\/#primaryimage\"},\"image\":{\"@id\":\"https:\\\/\\\/memurunsesi.net\\\/index.php\\\/2025\\\/07\\\/27\\\/komsusunun-odunlugunun-yanisini-goren-yasli-kadin-panikleyip-bayginlik-gecirdi\\\/#primaryimage\"},\"thumbnailUrl\":\"https:\\\/\\\/memurunsesi.net\\\/wp-content\\\/uploads\\\/2025\\\/07\\\/AW505380_01-5.jpg\",\"datePublished\":\"2025-07-27T09:59:52+00:00\",\"breadcrumb\":{\"@id\":\"https:\\\/\\\/memurunsesi.net\\\/index.php\\\/2025\\\/07\\\/27\\\/komsusunun-odunlugunun-yanisini-goren-yasli-kadin-panikleyip-bayginlik-gecirdi\\\/#breadcrumb\"},\"inLanguage\":\"tr\",\"potentialAction\":[{\"@type\":\"ReadAction\",\"target\":[\"https:\\\/\\\/memurunsesi.net\\\/index.php\\\/2025\\\/07\\\/27\\\/komsusunun-odunlugunun-yanisini-goren-yasli-kadin-panikleyip-bayginlik-gecirdi\\\/\"]}]},{\"@type\":\"ImageObject\",\"inLanguage\":\"tr\",\"@id\":\"https:\\\/\\\/memurunsesi.net\\\/index.php\\\/2025\\\/07\\\/27\\\/komsusunun-odunlugunun-yanisini-goren-yasli-kadin-panikleyip-bayginlik-gecirdi\\\/#primaryimage\",\"url\":\"https:\\\/\\\/memurunsesi.net\\\/wp-content\\\/uploads\\\/2025\\\/07\\\/AW505380_01-5.jpg\",\"contentUrl\":\"https:\\\/\\\/memurunsesi.net\\\/wp-content\\\/uploads\\\/2025\\\/07\\\/AW505380_01-5.jpg\",\"width\":1280,\"height\":720,\"caption\":\"KOM\u015eUSUNUN ODUNLU\u011eUNUN YANDI\u011eINI G\u00d6REN YA\u015eLI KADIN BAYGINLIK GE\u00c7\u0130RD\u0130 (RAMAZAN SARIPINAR\\\/ISPARTA-\u0130HA) Isparta'n\u0131n Yalva\u00e7 il\u00e7esinde bir evin odunlu\u011funda \u00e7\u0131kan yang\u0131n korku dolu anlara neden oldu. Kom\u015fusunun odunlu\u011funun yand\u0131\u011f\u0131n\u0131 g\u00f6ren ya\u015fl\u0131 kad\u0131n panikleyip g\u00f6zya\u015flar\u0131na bo\u011fularak bayg\u0131nl\u0131k ge\u00e7irirken, yang\u0131na m\u00fcdahale eden kep\u00e7e operat\u00f6r\u00fc hafif \u015fekilde yaraland\u0131.\"},{\"@type\":\"BreadcrumbList\",\"@id\":\"https:\\\/\\\/memurunsesi.net\\\/index.php\\\/2025\\\/07\\\/27\\\/komsusunun-odunlugunun-yanisini-goren-yasli-kadin-panikleyip-bayginlik-gecirdi\\\/#breadcrumb\",\"itemListElement\":[{\"@type\":\"ListItem\",\"position\":1,\"name\":\"Anasayfa\",\"item\":\"https:\\\/\\\/memurunsesi.net\\\/\"},{\"@type\":\"ListItem\",\"position\":2,\"name\":\"Kom\u015fusunun odunlu\u011funun yan\u0131\u015f\u0131n\u0131 g\u00f6ren ya\u015fl\u0131 kad\u0131n panikleyip bayg\u0131nl\u0131k ge\u00e7irdi\"}]},{\"@type\":\"WebSite\",\"@id\":\"https:\\\/\\\/memurunsesi.net\\\/#website\",\"url\":\"https:\\\/\\\/memurunsesi.net\\\/\",\"name\":\"Memurun Sesi\",\"description\":\"G\u00fcncel ve Do\u011fru Haber\",\"publisher\":{\"@id\":\"https:\\\/\\\/memurunsesi.net\\\/#organization\"},\"potentialAction\":[{\"@type\":\"SearchAction\",\"target\":{\"@type\":\"EntryPoint\",\"urlTemplate\":\"https:\\\/\\\/memurunsesi.net\\\/?s={search_term_string}\"},\"query-input\":{\"@type\":\"PropertyValueSpecification\",\"valueRequired\":true,\"valueName\":\"search_term_string\"}}],\"inLanguage\":\"tr\"},{\"@type\":\"Organization\",\"@id\":\"https:\\\/\\\/memurunsesi.net\\\/#organization\",\"name\":\"Memurun Sesi\",\"url\":\"https:\\\/\\\/memurunsesi.net\\\/\",\"logo\":{\"@type\":\"ImageObject\",\"inLanguage\":\"tr\",\"@id\":\"https:\\\/\\\/memurunsesi.net\\\/#\\\/schema\\\/logo\\\/image\\\/\",\"url\":\"https:\\\/\\\/memurunsesi.net\\\/wp-content\\\/uploads\\\/2025\\\/11\\\/cropped-MEMURUN-SESI.png\",\"contentUrl\":\"https:\\\/\\\/memurunsesi.net\\\/wp-content\\\/uploads\\\/2025\\\/11\\\/cropped-MEMURUN-SESI.png\",\"width\":238,\"height\":57,\"caption\":\"Memurun Sesi\"},\"image\":{\"@id\":\"https:\\\/\\\/memurunsesi.net\\\/#\\\/schema\\\/logo\\\/image\\\/\"},\"sameAs\":[\"https:\\\/\\\/www.facebook.com\\\/unipersen\\\/?locale=tr_TR\",\"https:\\\/\\\/x.com\\\/unipersen\"]},{\"@type\":\"Person\",\"@id\":\"https:\\\/\\\/memurunsesi.net\\\/#\\\/schema\\\/person\\\/f21c2d73b89f6ee1d80b0a1803e38587\",\"name\":\"Memurun Sesi Haber Merkezi\",\"image\":{\"@type\":\"ImageObject\",\"inLanguage\":\"tr\",\"@id\":\"https:\\\/\\\/secure.gravatar.com\\\/avatar\\\/6cf0505f452ee753f485014986fab09a434671d2b919ee76fc541025c5876a70?s=96&d=mm&r=g\",\"url\":\"https:\\\/\\\/secure.gravatar.com\\\/avatar\\\/6cf0505f452ee753f485014986fab09a434671d2b919ee76fc541025c5876a70?s=96&d=mm&r=g\",\"contentUrl\":\"https:\\\/\\\/secure.gravatar.com\\\/avatar\\\/6cf0505f452ee753f485014986fab09a434671d2b919ee76fc541025c5876a70?s=96&d=mm&r=g\",\"caption\":\"Memurun Sesi Haber Merkezi\"},\"sameAs\":[\"https:\\\/\\\/memurunsesi.net\"],\"url\":\"https:\\\/\\\/memurunsesi.net\\\/index.php\\\/author\\\/uniper\\\/\"}]}<\/script>\n<!-- \/ Yoast SEO plugin. -->","yoast_head_json":{"title":"Kom\u015fusunun odunlu\u011funun yan\u0131\u015f\u0131n\u0131 g\u00f6ren ya\u015fl\u0131 kad\u0131n panikleyip bayg\u0131nl\u0131k ge\u00e7irdi - Memurun Sesi","robots":{"index":"index","follow":"follow","max-snippet":"max-snippet:-1","max-image-preview":"max-image-preview:large","max-video-preview":"max-video-preview:-1"},"canonical":"https:\/\/memurunsesi.net\/index.php\/2025\/07\/27\/komsusunun-odunlugunun-yanisini-goren-yasli-kadin-panikleyip-bayginlik-gecirdi\/","og_locale":"tr_TR","og_type":"article","og_title":"Kom\u015fusunun odunlu\u011funun yan\u0131\u015f\u0131n\u0131 g\u00f6ren ya\u015fl\u0131 kad\u0131n panikleyip bayg\u0131nl\u0131k ge\u00e7irdi - Memurun Sesi","og_description":"&#8211; Isparta\u2019da ah\u015fap odunlukta \u00e7\u0131kan yang\u0131nda 1 ki\u015fi yaraland\u0131 Isparta\u2019n\u0131n Yalva\u00e7 il\u00e7esinde bir evin odunlu\u011funda \u00e7\u0131kan yang\u0131n korku dolu anlara neden oldu. Kom\u015fusunun odunlu\u011funun yand\u0131\u011f\u0131n\u0131 g\u00f6ren ya\u015fl\u0131 kad\u0131n panikleyip g\u00f6zya\u015flar\u0131na bo\u011fularak bayg\u0131nl\u0131k ge\u00e7irirken, yang\u0131na m\u00fcdahale eden kep\u00e7e operat\u00f6r\u00fc hafif \u015fekilde yaraland\u0131. Yang\u0131n, Yalva\u00e7 il\u00e7esine ba\u011fl\u0131 \u00d6zbayat k\u00f6y\u00fc Kuzyaka mevkiinde meydana geldi. Edinilen bilgiye g\u00f6re, H\u00fcdaverdi [&hellip;]","og_url":"https:\/\/memurunsesi.net\/index.php\/2025\/07\/27\/komsusunun-odunlugunun-yanisini-goren-yasli-kadin-panikleyip-bayginlik-gecirdi\/","og_site_name":"Memurun Sesi","article_publisher":"https:\/\/www.facebook.com\/unipersen\/?locale=tr_TR","article_published_time":"2025-07-27T09:59:52+00:00","og_image":[{"width":1280,"height":720,"url":"https:\/\/memurunsesi.net\/wp-content\/uploads\/2025\/07\/AW505380_01-5.jpg","type":"image\/jpeg"}],"author":"Memurun Sesi Haber Merkezi","twitter_card":"summary_large_image","twitter_creator":"@unipersen","twitter_site":"@unipersen","twitter_misc":{"Yazan:":"Memurun Sesi Haber Merkezi","Tahmini okuma s\u00fcresi":"1 dakika"},"schema":{"@context":"https:\/\/schema.org","@graph":[{"@type":"Article","@id":"https:\/\/memurunsesi.net\/index.php\/2025\/07\/27\/komsusunun-odunlugunun-yanisini-goren-yasli-kadin-panikleyip-bayginlik-gecirdi\/#article","isPartOf":{"@id":"https:\/\/memurunsesi.net\/index.php\/2025\/07\/27\/komsusunun-odunlugunun-yanisini-goren-yasli-kadin-panikleyip-bayginlik-gecirdi\/"},"author":{"name":"Memurun Sesi Haber Merkezi","@id":"https:\/\/memurunsesi.net\/#\/schema\/person\/f21c2d73b89f6ee1d80b0a1803e38587"},"headline":"Kom\u015fusunun odunlu\u011funun yan\u0131\u015f\u0131n\u0131 g\u00f6ren ya\u015fl\u0131 kad\u0131n panikleyip bayg\u0131nl\u0131k ge\u00e7irdi","datePublished":"2025-07-27T09:59:52+00:00","mainEntityOfPage":{"@id":"https:\/\/memurunsesi.net\/index.php\/2025\/07\/27\/komsusunun-odunlugunun-yanisini-goren-yasli-kadin-panikleyip-bayginlik-gecirdi\/"},"wordCount":272,"commentCount":0,"publisher":{"@id":"https:\/\/memurunsesi.net\/#organization"},"image":{"@id":"https:\/\/memurunsesi.net\/index.php\/2025\/07\/27\/komsusunun-odunlugunun-yanisini-goren-yasli-kadin-panikleyip-bayginlik-gecirdi\/#primaryimage"},"thumbnailUrl":"https:\/\/memurunsesi.net\/wp-content\/uploads\/2025\/07\/AW505380_01-5.jpg","inLanguage":"tr","potentialAction":[{"@type":"CommentAction","name":"Comment","target":["https:\/\/memurunsesi.net\/index.php\/2025\/07\/27\/komsusunun-odunlugunun-yanisini-goren-yasli-kadin-panikleyip-bayginlik-gecirdi\/#respond"]}]},{"@type":"WebPage","@id":"https:\/\/memurunsesi.net\/index.php\/2025\/07\/27\/komsusunun-odunlugunun-yanisini-goren-yasli-kadin-panikleyip-bayginlik-gecirdi\/","url":"https:\/\/memurunsesi.net\/index.php\/2025\/07\/27\/komsusunun-odunlugunun-yanisini-goren-yasli-kadin-panikleyip-bayginlik-gecirdi\/","name":"Kom\u015fusunun odunlu\u011funun yan\u0131\u015f\u0131n\u0131 g\u00f6ren ya\u015fl\u0131 kad\u0131n panikleyip bayg\u0131nl\u0131k ge\u00e7irdi - Memurun Sesi","isPartOf":{"@id":"https:\/\/memurunsesi.net\/#website"},"primaryImageOfPage":{"@id":"https:\/\/memurunsesi.net\/index.php\/2025\/07\/27\/komsusunun-odunlugunun-yanisini-goren-yasli-kadin-panikleyip-bayginlik-gecirdi\/#primaryimage"},"image":{"@id":"https:\/\/memurunsesi.net\/index.php\/2025\/07\/27\/komsusunun-odunlugunun-yanisini-goren-yasli-kadin-panikleyip-bayginlik-gecirdi\/#primaryimage"},"thumbnailUrl":"https:\/\/memurunsesi.net\/wp-content\/uploads\/2025\/07\/AW505380_01-5.jpg","datePublished":"2025-07-27T09:59:52+00:00","breadcrumb":{"@id":"https:\/\/memurunsesi.net\/index.php\/2025\/07\/27\/komsusunun-odunlugunun-yanisini-goren-yasli-kadin-panikleyip-bayginlik-gecirdi\/#breadcrumb"},"inLanguage":"tr","potentialAction":[{"@type":"ReadAction","target":["https:\/\/memurunsesi.net\/index.php\/2025\/07\/27\/komsusunun-odunlugunun-yanisini-goren-yasli-kadin-panikleyip-bayginlik-gecirdi\/"]}]},{"@type":"ImageObject","inLanguage":"tr","@id":"https:\/\/memurunsesi.net\/index.php\/2025\/07\/27\/komsusunun-odunlugunun-yanisini-goren-yasli-kadin-panikleyip-bayginlik-gecirdi\/#primaryimage","url":"https:\/\/memurunsesi.net\/wp-content\/uploads\/2025\/07\/AW505380_01-5.jpg","contentUrl":"https:\/\/memurunsesi.net\/wp-content\/uploads\/2025\/07\/AW505380_01-5.jpg","width":1280,"height":720,"caption":"KOM\u015eUSUNUN ODUNLU\u011eUNUN YANDI\u011eINI G\u00d6REN YA\u015eLI KADIN BAYGINLIK GE\u00c7\u0130RD\u0130 (RAMAZAN SARIPINAR\/ISPARTA-\u0130HA) Isparta'n\u0131n Yalva\u00e7 il\u00e7esinde bir evin odunlu\u011funda \u00e7\u0131kan yang\u0131n korku dolu anlara neden oldu. Kom\u015fusunun odunlu\u011funun yand\u0131\u011f\u0131n\u0131 g\u00f6ren ya\u015fl\u0131 kad\u0131n panikleyip g\u00f6zya\u015flar\u0131na bo\u011fularak bayg\u0131nl\u0131k ge\u00e7irirken, yang\u0131na m\u00fcdahale eden kep\u00e7e operat\u00f6r\u00fc hafif \u015fekilde yaraland\u0131."},{"@type":"BreadcrumbList","@id":"https:\/\/memurunsesi.net\/index.php\/2025\/07\/27\/komsusunun-odunlugunun-yanisini-goren-yasli-kadin-panikleyip-bayginlik-gecirdi\/#breadcrumb","itemListElement":[{"@type":"ListItem","position":1,"name":"Anasayfa","item":"https:\/\/memurunsesi.net\/"},{"@type":"ListItem","position":2,"name":"Kom\u015fusunun odunlu\u011funun yan\u0131\u015f\u0131n\u0131 g\u00f6ren ya\u015fl\u0131 kad\u0131n panikleyip bayg\u0131nl\u0131k ge\u00e7irdi"}]},{"@type":"WebSite","@id":"https:\/\/memurunsesi.net\/#website","url":"https:\/\/memurunsesi.net\/","name":"Memurun Sesi","description":"G\u00fcncel ve Do\u011fru Haber","publisher":{"@id":"https:\/\/memurunsesi.net\/#organization"},"potentialAction":[{"@type":"SearchAction","target":{"@type":"EntryPoint","urlTemplate":"https:\/\/memurunsesi.net\/?s={search_term_string}"},"query-input":{"@type":"PropertyValueSpecification","valueRequired":true,"valueName":"search_term_string"}}],"inLanguage":"tr"},{"@type":"Organization","@id":"https:\/\/memurunsesi.net\/#organization","name":"Memurun Sesi","url":"https:\/\/memurunsesi.net\/","logo":{"@type":"ImageObject","inLanguage":"tr","@id":"https:\/\/memurunsesi.net\/#\/schema\/logo\/image\/","url":"https:\/\/memurunsesi.net\/wp-content\/uploads\/2025\/11\/cropped-MEMURUN-SESI.png","contentUrl":"https:\/\/memurunsesi.net\/wp-content\/uploads\/2025\/11\/cropped-MEMURUN-SESI.png","width":238,"height":57,"caption":"Memurun Sesi"},"image":{"@id":"https:\/\/memurunsesi.net\/#\/schema\/logo\/image\/"},"sameAs":["https:\/\/www.facebook.com\/unipersen\/?locale=tr_TR","https:\/\/x.com\/unipersen"]},{"@type":"Person","@id":"https:\/\/memurunsesi.net\/#\/schema\/person\/f21c2d73b89f6ee1d80b0a1803e38587","name":"Memurun Sesi Haber Merkezi","image":{"@type":"ImageObject","inLanguage":"tr","@id":"https:\/\/secure.gravatar.com\/avatar\/6cf0505f452ee753f485014986fab09a434671d2b919ee76fc541025c5876a70?s=96&d=mm&r=g","url":"https:\/\/secure.gravatar.com\/avatar\/6cf0505f452ee753f485014986fab09a434671d2b919ee76fc541025c5876a70?s=96&d=mm&r=g","contentUrl":"https:\/\/secure.gravatar.com\/avatar\/6cf0505f452ee753f485014986fab09a434671d2b919ee76fc541025c5876a70?s=96&d=mm&r=g","caption":"Memurun Sesi Haber Merkezi"},"sameAs":["https:\/\/memurunsesi.net"],"url":"https:\/\/memurunsesi.net\/index.php\/author\/uniper\/"}]}},"_links":{"self":[{"href":"https:\/\/memurunsesi.net\/index.php\/wp-json\/wp\/v2\/posts\/9727","targetHints":{"allow":["GET"]}}],"collection":[{"href":"https:\/\/memurunsesi.net\/index.php\/wp-json\/wp\/v2\/posts"}],"about":[{"href":"https:\/\/memurunsesi.net\/index.php\/wp-json\/wp\/v2\/types\/post"}],"author":[{"embeddable":true,"href":"https:\/\/memurunsesi.net\/index.php\/wp-json\/wp\/v2\/users\/1"}],"replies":[{"embeddable":true,"href":"https:\/\/memurunsesi.net\/index.php\/wp-json\/wp\/v2\/comments?post=9727"}],"version-history":[{"count":1,"href":"https:\/\/memurunsesi.net\/index.php\/wp-json\/wp\/v2\/posts\/9727\/revisions"}],"predecessor-version":[{"id":9729,"href":"https:\/\/memurunsesi.net\/index.php\/wp-json\/wp\/v2\/posts\/9727\/revisions\/9729"}],"wp:featuredmedia":[{"embeddable":true,"href":"https:\/\/memurunsesi.net\/index.php\/wp-json\/wp\/v2\/media\/9728"}],"wp:attachment":[{"href":"https:\/\/memurunsesi.net\/index.php\/wp-json\/wp\/v2\/media?parent=9727"}],"wp:term":[{"taxonomy":"category","embeddable":true,"href":"https:\/\/memurunsesi.net\/index.php\/wp-json\/wp\/v2\/categories?post=9727"},{"taxonomy":"post_tag","embeddable":true,"href":"https:\/\/memurunsesi.net\/index.php\/wp-json\/wp\/v2\/tags?post=9727"}],"curies":[{"name":"wp","href":"https:\/\/api.w.org\/{rel}","templated":true}]}}